{"id":412,"date":"2022-03-04T17:26:06","date_gmt":"2022-03-04T20:26:06","guid":{"rendered":"https:\/\/redenoticiaz.com.br\/barretos-regiao\/?p=412"},"modified":"2022-03-04T17:26:06","modified_gmt":"2022-03-04T20:26:06","slug":"nova-estacao-de-tratamento-de-esgoto-em-bebedouro","status":"publish","type":"post","link":"https:\/\/redenoticiaz.com.br\/ribeiraopreto-regiao\/sp\/2022\/03\/04\/nova-estacao-de-tratamento-de-esgoto-em-bebedouro","title":{"rendered":"Nova Esta\u00e7\u00e3o de Tratamento de Esgoto em Bebedouro"},"content":{"rendered":"<p>A Prefeitura e o<a href=\"https:\/\/saaebambiental.com.br\/\"> <strong>Saaeb Ambiental<\/strong><\/a> est\u00e3o construindo uma N<strong>ova Esta\u00e7\u00e3o de Tratamento de Esgoto (ETE)<\/strong>. Autoridades acompanharam a \u00faltima etapa da obra na segunda-feira (21). O saneamento b\u00e1sico segue como uma prioridade em Bebedouro.<\/p>\n<p>Al\u00e9m da constru\u00e7\u00e3o do po\u00e7o em Bebedouro, a inaugura\u00e7\u00e3o deve acontecer em maio.<em> \u201cJ\u00e1 conclu\u00edmos cerca de 95% da obra civil e 25% da montagem interna dos decantadores. A atual ETE trata 33% do nosso esgoto e, com a nova unidade, vamos atingir 100%. Tamb\u00e9m j\u00e1 a planejamos para o crescimento da cidade e teremos capacidade para um n\u00famero maior de habitantes<\/em>\u201d, explica Gilmar Feltrin, presidente do Saaeb.<\/p>\n<figure id=\"attachment_414\" aria-describedby=\"caption-attachment-414\" style=\"width: 359px\" class=\"wp-caption alignleft\"><img loading=\"lazy\" decoding=\"async\" class=\" wp-image-414\" src=\"https:\/\/redenoticiaz.com.br\/barretos-regiao\/wp-content\/uploads\/sites\/4\/2022\/03\/a612baf4d1a9553b76900dad44a3acb1_xl-300x167.jpg\" alt=\"Tratamento de esgoto em Bebedouro\" width=\"359\" height=\"200\" srcset=\"https:\/\/redenoticiaz.com.br\/ribeiraopreto-regiao\/wp-content\/uploads\/sites\/4\/2022\/03\/a612baf4d1a9553b76900dad44a3acb1_xl-300x167.jpg 300w, https:\/\/redenoticiaz.com.br\/ribeiraopreto-regiao\/wp-content\/uploads\/sites\/4\/2022\/03\/a612baf4d1a9553b76900dad44a3acb1_xl-768x427.jpg 768w, https:\/\/redenoticiaz.com.br\/ribeiraopreto-regiao\/wp-content\/uploads\/sites\/4\/2022\/03\/a612baf4d1a9553b76900dad44a3acb1_xl.jpg 900w\" sizes=\"auto, (max-width: 359px) 100vw, 359px\" \/><figcaption id=\"caption-attachment-414\" class=\"wp-caption-text\">Investimento ultrapassa R$ 21 milh\u00f5es<\/figcaption><\/figure>\n<p>Nesse sentido, Bebedouro entrar\u00e1 para um seleto grupo de munic\u00edpios que oferece saneamento b\u00e1sico.<em> \u201cSer\u00e1 um divisor de \u00e1guas. Teremos 100% de esgoto tratado e a cidade 100% abastecida com \u00e1gua pot\u00e1vel. As grandes empresas valorizam quem oferece qualidade de vida aos seus funcion\u00e1rios. Al\u00e9m disso, n\u00e3o ser\u00e1 necess\u00e1rio construir um po\u00e7o particular, diminuindo os custos de instala\u00e7\u00e3o. Investimos R$ 21 milh\u00f5es para atrair novas empresas e cuidar melhor do meio ambiente e da sa\u00fade da popula\u00e7\u00e3o\u201d<\/em>, explica o diretor de gabinete, Rog\u00e9rio Valverde.<\/p>\n<h5>\u00c1gua para todos, grandes problemas exigem grandes projetos.<\/h5>\n<p>A prefeitura e o Saeeb realizaram o desassoreamento do Lago Artificial. Como resultado, acontece a limpeza do ac\u00famulo de lixo, areia, entulho e outros detritos. Portanto, transformaram em um reservat\u00f3rio para ser usado em emerg\u00eancias. Foram desassoreados quase 111 mil metros quadrados. Durante a limpeza foram encontradas oito nascentes.<\/p>\n<p>Ent\u00e3o, em uma nova etapa, foram perfurados 11 po\u00e7os artesianos em pontos estrat\u00e9gicos da cidade. Os bairros com problema de falta de \u00e1gua, tamb\u00e9m ganharam reservat\u00f3rios met\u00e1licos, bem como no Jardim Tropical e no Distrito II, com 1 mil m3 cada.<\/p>\n<p>J\u00e1, nesta terceira etapa, est\u00e1 sendo constru\u00eddo um po\u00e7o com mais de 1 mil metros de profundidade no Residencial Pedro Paschoal.<\/p>\n<p>Vereadores, funcion\u00e1rios do Saaeb e a vice-prefeita Sebastiana Tavares tamb\u00e9m participaram da visita t\u00e9cnica na tarde desta segunda-feira (21).<\/p>\n<p>LEIA TAMB\u00c9M:\u00a0<a href=\"https:\/\/redenoticiaz.com.br\/barretos-regiao\/sp\/2022\/03\/04\/bebedouro-hemocentro-realiza-coleta-noturna\">Bebedouro: Hemocentro realiza coleta noturna<\/a><\/p>\n","protected":false},"excerpt":{"rendered":"<p>A Prefeitura e o Saaeb Ambiental est\u00e3o construindo uma Nova Esta\u00e7\u00e3o de Tratamento de Esgoto (ETE). Autoridades acompanharam a \u00faltima etapa da obra na segunda-feira (21). O saneamento b\u00e1sico segue como uma prioridade em Bebedouro. Al\u00e9m da constru\u00e7\u00e3o do po\u00e7o em Bebedouro, a inaugura\u00e7\u00e3o deve acontecer em maio. \u201cJ\u00e1 conclu\u00edmos cerca de 95% da obra &hellip;<\/p>\n","protected":false},"author":15,"featured_media":413,"comment_status":"open","ping_status":"closed","sticky":false,"template":"","format":"standard","meta":{"footnotes":""},"categories":[1],"tags":[545,1743,1741,1742],"class_list":["post-412","post","type-post","status-publish","format-standard","has-post-thumbnail","hentry","category-cidades","tag-bebedouro","tag-construcao-do-poco","tag-saaeb","tag-tratamento-de-esgoto"],"yoast_head":"<!-- This site is optimized with the Yoast SEO plugin v27.4 - https:\/\/yoast.com\/product\/yoast-seo-wordpress\/ -->\n<title>Nova Esta\u00e7\u00e3o de Tratamento de Esgoto em Bebedouro - Ribeir\u00e3o Preto e Regi\u00e3o<\/title>\n<meta name=\"description\" content=\"Autoridades acompanharam a \u00faltima etapa da obra na segunda-feira (21). O saneamento b\u00e1sico segue como uma prioridade em Bebedouro.\" \/>\n<meta name=\"robots\" content=\"index, follow, max-snippet:-1, max-image-preview:large, max-video-preview:-1\" \/>\n<link rel=\"canonical\" href=\"https:\/\/redenoticiaz.com.br\/ribeiraopreto-regiao\/sp\/2022\/03\/04\/nova-estacao-de-tratamento-de-esgoto-em-bebedouro\" \/>\n<meta property=\"og:locale\" content=\"pt_BR\" \/>\n<meta property=\"og:type\" content=\"article\" \/>\n<meta property=\"og:title\" content=\"Nova Esta\u00e7\u00e3o de Tratamento de Esgoto em Bebedouro - Ribeir\u00e3o Preto e Regi\u00e3o\" \/>\n<meta property=\"og:description\" content=\"Autoridades acompanharam a \u00faltima etapa da obra na segunda-feira (21). O saneamento b\u00e1sico segue como uma prioridade em Bebedouro.\" \/>\n<meta property=\"og:url\" content=\"https:\/\/redenoticiaz.com.br\/ribeiraopreto-regiao\/sp\/2022\/03\/04\/nova-estacao-de-tratamento-de-esgoto-em-bebedouro\" \/>\n<meta property=\"og:site_name\" content=\"Ribeir\u00e3o Preto e Regi\u00e3o\" \/>\n<meta property=\"article:publisher\" content=\"https:\/\/m.facebook.com\/redenoticiaz.barretos\" \/>\n<meta property=\"article:published_time\" content=\"2022-03-04T20:26:06+00:00\" \/>\n<meta property=\"og:image\" content=\"https:\/\/redenoticiaz.com.br\/ribeiraopreto-regiao\/wp-content\/uploads\/sites\/4\/2022\/03\/c03032022_-_bebedouro_ter_100_de_esgoto_at_maio-foto03.jpg\" \/>\n\t<meta property=\"og:image:width\" content=\"800\" \/>\n\t<meta property=\"og:image:height\" content=\"400\" \/>\n\t<meta property=\"og:image:type\" content=\"image\/jpeg\" \/>\n<meta name=\"twitter:card\" content=\"summary_large_image\" \/>\n<meta name=\"twitter:creator\" content=\"@RN_barretos\" \/>\n<meta name=\"twitter:site\" content=\"@RN_barretos\" \/>\n<meta name=\"twitter:label1\" content=\"Escrito por\" \/>\n\t<meta name=\"twitter:data1\" content=\"\" \/>\n\t<meta name=\"twitter:label2\" content=\"Est. tempo de leitura\" \/>\n\t<meta name=\"twitter:data2\" content=\"2 minutos\" \/>\n<script type=\"application\/ld+json\" class=\"yoast-schema-graph\">{\"@context\":\"https:\\\/\\\/schema.org\",\"@graph\":[{\"@type\":\"Article\",\"@id\":\"https:\\\/\\\/redenoticiaz.com.br\\\/ribeiraopreto-regiao\\\/sp\\\/2022\\\/03\\\/04\\\/nova-estacao-de-tratamento-de-esgoto-em-bebedouro#article\",\"isPartOf\":{\"@id\":\"https:\\\/\\\/redenoticiaz.com.br\\\/ribeiraopreto-regiao\\\/sp\\\/2022\\\/03\\\/04\\\/nova-estacao-de-tratamento-de-esgoto-em-bebedouro\"},\"author\":{\"name\":\"\",\"@id\":\"\"},\"headline\":\"Nova Esta\u00e7\u00e3o de Tratamento de Esgoto em Bebedouro\",\"datePublished\":\"2022-03-04T20:26:06+00:00\",\"mainEntityOfPage\":{\"@id\":\"https:\\\/\\\/redenoticiaz.com.br\\\/ribeiraopreto-regiao\\\/sp\\\/2022\\\/03\\\/04\\\/nova-estacao-de-tratamento-de-esgoto-em-bebedouro\"},\"wordCount\":378,\"commentCount\":0,\"publisher\":{\"@id\":\"https:\\\/\\\/redenoticiaz.com.br\\\/ribeiraopreto-regiao\\\/#organization\"},\"image\":{\"@id\":\"https:\\\/\\\/redenoticiaz.com.br\\\/ribeiraopreto-regiao\\\/sp\\\/2022\\\/03\\\/04\\\/nova-estacao-de-tratamento-de-esgoto-em-bebedouro#primaryimage\"},\"thumbnailUrl\":\"https:\\\/\\\/redenoticiaz.com.br\\\/ribeiraopreto-regiao\\\/wp-content\\\/uploads\\\/sites\\\/4\\\/2022\\\/03\\\/c03032022_-_bebedouro_ter_100_de_esgoto_at_maio-foto03.jpg\",\"keywords\":[\"BEBEDOURO\",\"CONSTRU\u00c7\u00c3O DO PO\u00c7O\",\"SAAEB\",\"TRATAMENTO DE ESGOTO\"],\"articleSection\":[\"Cidades\"],\"inLanguage\":\"pt-BR\",\"potentialAction\":[{\"@type\":\"CommentAction\",\"name\":\"Comment\",\"target\":[\"https:\\\/\\\/redenoticiaz.com.br\\\/ribeiraopreto-regiao\\\/sp\\\/2022\\\/03\\\/04\\\/nova-estacao-de-tratamento-de-esgoto-em-bebedouro#respond\"]}]},{\"@type\":\"WebPage\",\"@id\":\"https:\\\/\\\/redenoticiaz.com.br\\\/ribeiraopreto-regiao\\\/sp\\\/2022\\\/03\\\/04\\\/nova-estacao-de-tratamento-de-esgoto-em-bebedouro\",\"url\":\"https:\\\/\\\/redenoticiaz.com.br\\\/ribeiraopreto-regiao\\\/sp\\\/2022\\\/03\\\/04\\\/nova-estacao-de-tratamento-de-esgoto-em-bebedouro\",\"name\":\"Nova Esta\u00e7\u00e3o de Tratamento de Esgoto em Bebedouro - Ribeir\u00e3o Preto e Regi\u00e3o\",\"isPartOf\":{\"@id\":\"https:\\\/\\\/redenoticiaz.com.br\\\/ribeiraopreto-regiao\\\/#website\"},\"primaryImageOfPage\":{\"@id\":\"https:\\\/\\\/redenoticiaz.com.br\\\/ribeiraopreto-regiao\\\/sp\\\/2022\\\/03\\\/04\\\/nova-estacao-de-tratamento-de-esgoto-em-bebedouro#primaryimage\"},\"image\":{\"@id\":\"https:\\\/\\\/redenoticiaz.com.br\\\/ribeiraopreto-regiao\\\/sp\\\/2022\\\/03\\\/04\\\/nova-estacao-de-tratamento-de-esgoto-em-bebedouro#primaryimage\"},\"thumbnailUrl\":\"https:\\\/\\\/redenoticiaz.com.br\\\/ribeiraopreto-regiao\\\/wp-content\\\/uploads\\\/sites\\\/4\\\/2022\\\/03\\\/c03032022_-_bebedouro_ter_100_de_esgoto_at_maio-foto03.jpg\",\"datePublished\":\"2022-03-04T20:26:06+00:00\",\"description\":\"Autoridades acompanharam a \u00faltima etapa da obra na segunda-feira (21). O saneamento b\u00e1sico segue como uma prioridade em Bebedouro.\",\"inLanguage\":\"pt-BR\",\"potentialAction\":[{\"@type\":\"ReadAction\",\"target\":[\"https:\\\/\\\/redenoticiaz.com.br\\\/ribeiraopreto-regiao\\\/sp\\\/2022\\\/03\\\/04\\\/nova-estacao-de-tratamento-de-esgoto-em-bebedouro\"]}]},{\"@type\":\"ImageObject\",\"inLanguage\":\"pt-BR\",\"@id\":\"https:\\\/\\\/redenoticiaz.com.br\\\/ribeiraopreto-regiao\\\/sp\\\/2022\\\/03\\\/04\\\/nova-estacao-de-tratamento-de-esgoto-em-bebedouro#primaryimage\",\"url\":\"https:\\\/\\\/redenoticiaz.com.br\\\/ribeiraopreto-regiao\\\/wp-content\\\/uploads\\\/sites\\\/4\\\/2022\\\/03\\\/c03032022_-_bebedouro_ter_100_de_esgoto_at_maio-foto03.jpg\",\"contentUrl\":\"https:\\\/\\\/redenoticiaz.com.br\\\/ribeiraopreto-regiao\\\/wp-content\\\/uploads\\\/sites\\\/4\\\/2022\\\/03\\\/c03032022_-_bebedouro_ter_100_de_esgoto_at_maio-foto03.jpg\",\"width\":800,\"height\":400,\"caption\":\"Investimento ultrapassa R$ 21 milh\u00f5es.\"},{\"@type\":\"WebSite\",\"@id\":\"https:\\\/\\\/redenoticiaz.com.br\\\/ribeiraopreto-regiao\\\/#website\",\"url\":\"https:\\\/\\\/redenoticiaz.com.br\\\/ribeiraopreto-regiao\\\/\",\"name\":\"Ribeir\u00e3o Preto e Regi\u00e3o\",\"description\":\"Rede NoticiaZ - Ribeir\u00e3o Preto e regi\u00e3o\",\"publisher\":{\"@id\":\"https:\\\/\\\/redenoticiaz.com.br\\\/ribeiraopreto-regiao\\\/#organization\"},\"potentialAction\":[{\"@type\":\"SearchAction\",\"target\":{\"@type\":\"EntryPoint\",\"urlTemplate\":\"https:\\\/\\\/redenoticiaz.com.br\\\/ribeiraopreto-regiao\\\/?s={search_term_string}\"},\"query-input\":{\"@type\":\"PropertyValueSpecification\",\"valueRequired\":true,\"valueName\":\"search_term_string\"}}],\"inLanguage\":\"pt-BR\"},{\"@type\":\"Organization\",\"@id\":\"https:\\\/\\\/redenoticiaz.com.br\\\/ribeiraopreto-regiao\\\/#organization\",\"name\":\"Ribeir\u00e3o Preto e Regi\u00e3o\",\"url\":\"https:\\\/\\\/redenoticiaz.com.br\\\/ribeiraopreto-regiao\\\/\",\"logo\":{\"@type\":\"ImageObject\",\"inLanguage\":\"pt-BR\",\"@id\":\"https:\\\/\\\/redenoticiaz.com.br\\\/ribeiraopreto-regiao\\\/#\\\/schema\\\/logo\\\/image\\\/\",\"url\":\"https:\\\/\\\/redenoticiaz.com.br\\\/barretos-regiao\\\/wp-content\\\/uploads\\\/sites\\\/4\\\/2022\\\/02\\\/logo.jpg\",\"contentUrl\":\"https:\\\/\\\/redenoticiaz.com.br\\\/barretos-regiao\\\/wp-content\\\/uploads\\\/sites\\\/4\\\/2022\\\/02\\\/logo.jpg\",\"width\":400,\"height\":250,\"caption\":\"Ribeir\u00e3o Preto e Regi\u00e3o\"},\"image\":{\"@id\":\"https:\\\/\\\/redenoticiaz.com.br\\\/ribeiraopreto-regiao\\\/#\\\/schema\\\/logo\\\/image\\\/\"},\"sameAs\":[\"https:\\\/\\\/m.facebook.com\\\/redenoticiaz.barretos\",\"https:\\\/\\\/x.com\\\/RN_barretos\",\"https:\\\/\\\/www.instagram.com\\\/redenoticiaz.barretos\\\/?igshid=YmMyMTA2M2Y\",\"https:\\\/\\\/www.linkedin.com\\\/company\\\/rede-noticiaz-barretos-e-regio\\\/\"]},{\"@type\":\"Person\",\"@id\":\"\",\"url\":\"https:\\\/\\\/redenoticiaz.com.br\\\/ribeiraopreto-regiao\\\/sp\\\/author\"}]}<\/script>\n<!-- \/ Yoast SEO plugin. -->","yoast_head_json":{"title":"Nova Esta\u00e7\u00e3o de Tratamento de Esgoto em Bebedouro - Ribeir\u00e3o Preto e Regi\u00e3o","description":"Autoridades acompanharam a \u00faltima etapa da obra na segunda-feira (21). O saneamento b\u00e1sico segue como uma prioridade em Bebedouro.","robots":{"index":"index","follow":"follow","max-snippet":"max-snippet:-1","max-image-preview":"max-image-preview:large","max-video-preview":"max-video-preview:-1"},"canonical":"https:\/\/redenoticiaz.com.br\/ribeiraopreto-regiao\/sp\/2022\/03\/04\/nova-estacao-de-tratamento-de-esgoto-em-bebedouro","og_locale":"pt_BR","og_type":"article","og_title":"Nova Esta\u00e7\u00e3o de Tratamento de Esgoto em Bebedouro - Ribeir\u00e3o Preto e Regi\u00e3o","og_description":"Autoridades acompanharam a \u00faltima etapa da obra na segunda-feira (21). O saneamento b\u00e1sico segue como uma prioridade em Bebedouro.","og_url":"https:\/\/redenoticiaz.com.br\/ribeiraopreto-regiao\/sp\/2022\/03\/04\/nova-estacao-de-tratamento-de-esgoto-em-bebedouro","og_site_name":"Ribeir\u00e3o Preto e Regi\u00e3o","article_publisher":"https:\/\/m.facebook.com\/redenoticiaz.barretos","article_published_time":"2022-03-04T20:26:06+00:00","og_image":[{"width":800,"height":400,"url":"https:\/\/redenoticiaz.com.br\/ribeiraopreto-regiao\/wp-content\/uploads\/sites\/4\/2022\/03\/c03032022_-_bebedouro_ter_100_de_esgoto_at_maio-foto03.jpg","type":"image\/jpeg"}],"twitter_card":"summary_large_image","twitter_creator":"@RN_barretos","twitter_site":"@RN_barretos","twitter_misc":{"Escrito por":"","Est. tempo de leitura":"2 minutos"},"schema":{"@context":"https:\/\/schema.org","@graph":[{"@type":"Article","@id":"https:\/\/redenoticiaz.com.br\/ribeiraopreto-regiao\/sp\/2022\/03\/04\/nova-estacao-de-tratamento-de-esgoto-em-bebedouro#article","isPartOf":{"@id":"https:\/\/redenoticiaz.com.br\/ribeiraopreto-regiao\/sp\/2022\/03\/04\/nova-estacao-de-tratamento-de-esgoto-em-bebedouro"},"author":{"name":"","@id":""},"headline":"Nova Esta\u00e7\u00e3o de Tratamento de Esgoto em Bebedouro","datePublished":"2022-03-04T20:26:06+00:00","mainEntityOfPage":{"@id":"https:\/\/redenoticiaz.com.br\/ribeiraopreto-regiao\/sp\/2022\/03\/04\/nova-estacao-de-tratamento-de-esgoto-em-bebedouro"},"wordCount":378,"commentCount":0,"publisher":{"@id":"https:\/\/redenoticiaz.com.br\/ribeiraopreto-regiao\/#organization"},"image":{"@id":"https:\/\/redenoticiaz.com.br\/ribeiraopreto-regiao\/sp\/2022\/03\/04\/nova-estacao-de-tratamento-de-esgoto-em-bebedouro#primaryimage"},"thumbnailUrl":"https:\/\/redenoticiaz.com.br\/ribeiraopreto-regiao\/wp-content\/uploads\/sites\/4\/2022\/03\/c03032022_-_bebedouro_ter_100_de_esgoto_at_maio-foto03.jpg","keywords":["BEBEDOURO","CONSTRU\u00c7\u00c3O DO PO\u00c7O","SAAEB","TRATAMENTO DE ESGOTO"],"articleSection":["Cidades"],"inLanguage":"pt-BR","potentialAction":[{"@type":"CommentAction","name":"Comment","target":["https:\/\/redenoticiaz.com.br\/ribeiraopreto-regiao\/sp\/2022\/03\/04\/nova-estacao-de-tratamento-de-esgoto-em-bebedouro#respond"]}]},{"@type":"WebPage","@id":"https:\/\/redenoticiaz.com.br\/ribeiraopreto-regiao\/sp\/2022\/03\/04\/nova-estacao-de-tratamento-de-esgoto-em-bebedouro","url":"https:\/\/redenoticiaz.com.br\/ribeiraopreto-regiao\/sp\/2022\/03\/04\/nova-estacao-de-tratamento-de-esgoto-em-bebedouro","name":"Nova Esta\u00e7\u00e3o de Tratamento de Esgoto em Bebedouro - Ribeir\u00e3o Preto e Regi\u00e3o","isPartOf":{"@id":"https:\/\/redenoticiaz.com.br\/ribeiraopreto-regiao\/#website"},"primaryImageOfPage":{"@id":"https:\/\/redenoticiaz.com.br\/ribeiraopreto-regiao\/sp\/2022\/03\/04\/nova-estacao-de-tratamento-de-esgoto-em-bebedouro#primaryimage"},"image":{"@id":"https:\/\/redenoticiaz.com.br\/ribeiraopreto-regiao\/sp\/2022\/03\/04\/nova-estacao-de-tratamento-de-esgoto-em-bebedouro#primaryimage"},"thumbnailUrl":"https:\/\/redenoticiaz.com.br\/ribeiraopreto-regiao\/wp-content\/uploads\/sites\/4\/2022\/03\/c03032022_-_bebedouro_ter_100_de_esgoto_at_maio-foto03.jpg","datePublished":"2022-03-04T20:26:06+00:00","description":"Autoridades acompanharam a \u00faltima etapa da obra na segunda-feira (21). O saneamento b\u00e1sico segue como uma prioridade em Bebedouro.","inLanguage":"pt-BR","potentialAction":[{"@type":"ReadAction","target":["https:\/\/redenoticiaz.com.br\/ribeiraopreto-regiao\/sp\/2022\/03\/04\/nova-estacao-de-tratamento-de-esgoto-em-bebedouro"]}]},{"@type":"ImageObject","inLanguage":"pt-BR","@id":"https:\/\/redenoticiaz.com.br\/ribeiraopreto-regiao\/sp\/2022\/03\/04\/nova-estacao-de-tratamento-de-esgoto-em-bebedouro#primaryimage","url":"https:\/\/redenoticiaz.com.br\/ribeiraopreto-regiao\/wp-content\/uploads\/sites\/4\/2022\/03\/c03032022_-_bebedouro_ter_100_de_esgoto_at_maio-foto03.jpg","contentUrl":"https:\/\/redenoticiaz.com.br\/ribeiraopreto-regiao\/wp-content\/uploads\/sites\/4\/2022\/03\/c03032022_-_bebedouro_ter_100_de_esgoto_at_maio-foto03.jpg","width":800,"height":400,"caption":"Investimento ultrapassa R$ 21 milh\u00f5es."},{"@type":"WebSite","@id":"https:\/\/redenoticiaz.com.br\/ribeiraopreto-regiao\/#website","url":"https:\/\/redenoticiaz.com.br\/ribeiraopreto-regiao\/","name":"Ribeir\u00e3o Preto e Regi\u00e3o","description":"Rede NoticiaZ - Ribeir\u00e3o Preto e regi\u00e3o","publisher":{"@id":"https:\/\/redenoticiaz.com.br\/ribeiraopreto-regiao\/#organization"},"potentialAction":[{"@type":"SearchAction","target":{"@type":"EntryPoint","urlTemplate":"https:\/\/redenoticiaz.com.br\/ribeiraopreto-regiao\/?s={search_term_string}"},"query-input":{"@type":"PropertyValueSpecification","valueRequired":true,"valueName":"search_term_string"}}],"inLanguage":"pt-BR"},{"@type":"Organization","@id":"https:\/\/redenoticiaz.com.br\/ribeiraopreto-regiao\/#organization","name":"Ribeir\u00e3o Preto e Regi\u00e3o","url":"https:\/\/redenoticiaz.com.br\/ribeiraopreto-regiao\/","logo":{"@type":"ImageObject","inLanguage":"pt-BR","@id":"https:\/\/redenoticiaz.com.br\/ribeiraopreto-regiao\/#\/schema\/logo\/image\/","url":"https:\/\/redenoticiaz.com.br\/barretos-regiao\/wp-content\/uploads\/sites\/4\/2022\/02\/logo.jpg","contentUrl":"https:\/\/redenoticiaz.com.br\/barretos-regiao\/wp-content\/uploads\/sites\/4\/2022\/02\/logo.jpg","width":400,"height":250,"caption":"Ribeir\u00e3o Preto e Regi\u00e3o"},"image":{"@id":"https:\/\/redenoticiaz.com.br\/ribeiraopreto-regiao\/#\/schema\/logo\/image\/"},"sameAs":["https:\/\/m.facebook.com\/redenoticiaz.barretos","https:\/\/x.com\/RN_barretos","https:\/\/www.instagram.com\/redenoticiaz.barretos\/?igshid=YmMyMTA2M2Y","https:\/\/www.linkedin.com\/company\/rede-noticiaz-barretos-e-regio\/"]},{"@type":"Person","@id":"","url":"https:\/\/redenoticiaz.com.br\/ribeiraopreto-regiao\/sp\/author"}]}},"_links":{"self":[{"href":"https:\/\/redenoticiaz.com.br\/ribeiraopreto-regiao\/wp-json\/wp\/v2\/posts\/412","targetHints":{"allow":["GET"]}}],"collection":[{"href":"https:\/\/redenoticiaz.com.br\/ribeiraopreto-regiao\/wp-json\/wp\/v2\/posts"}],"about":[{"href":"https:\/\/redenoticiaz.com.br\/ribeiraopreto-regiao\/wp-json\/wp\/v2\/types\/post"}],"author":[{"embeddable":true,"href":"https:\/\/redenoticiaz.com.br\/ribeiraopreto-regiao\/wp-json\/wp\/v2\/users\/15"}],"replies":[{"embeddable":true,"href":"https:\/\/redenoticiaz.com.br\/ribeiraopreto-regiao\/wp-json\/wp\/v2\/comments?post=412"}],"version-history":[{"count":1,"href":"https:\/\/redenoticiaz.com.br\/ribeiraopreto-regiao\/wp-json\/wp\/v2\/posts\/412\/revisions"}],"predecessor-version":[{"id":415,"href":"https:\/\/redenoticiaz.com.br\/ribeiraopreto-regiao\/wp-json\/wp\/v2\/posts\/412\/revisions\/415"}],"wp:featuredmedia":[{"embeddable":true,"href":"https:\/\/redenoticiaz.com.br\/ribeiraopreto-regiao\/wp-json\/wp\/v2\/media\/413"}],"wp:attachment":[{"href":"https:\/\/redenoticiaz.com.br\/ribeiraopreto-regiao\/wp-json\/wp\/v2\/media?parent=412"}],"wp:term":[{"taxonomy":"category","embeddable":true,"href":"https:\/\/redenoticiaz.com.br\/ribeiraopreto-regiao\/wp-json\/wp\/v2\/categories?post=412"},{"taxonomy":"post_tag","embeddable":true,"href":"https:\/\/redenoticiaz.com.br\/ribeiraopreto-regiao\/wp-json\/wp\/v2\/tags?post=412"}],"curies":[{"name":"wp","href":"https:\/\/api.w.org\/{rel}","templated":true}]}}