{"id":4152,"date":"2022-05-17T13:54:28","date_gmt":"2022-05-17T16:54:28","guid":{"rendered":"https:\/\/redenoticiaz.com.br\/barretos-regiao\/sp\/2022\/05\/17\/tres-toneladas-de-drogas-sao-incineradas-pela-policia-em-santos"},"modified":"2022-05-17T14:02:14","modified_gmt":"2022-05-17T17:02:14","slug":"tres-toneladas-de-drogas-sao-incineradas-pela-policia-em-santos","status":"publish","type":"post","link":"https:\/\/redenoticiaz.com.br\/ribeiraopreto-regiao\/sp\/2022\/05\/17\/tres-toneladas-de-drogas-sao-incineradas-pela-policia-em-santos","title":{"rendered":"Tr\u00eas toneladas de drogas s\u00e3o incineradas pela Pol\u00edcia em Santos"},"content":{"rendered":"<p>Tr\u00eas toneladas de drogas foram incineradas pela Pol\u00edcia Federal nesta ter\u00e7a-feira(17) na cidade de Santos. As drogas foram apreendidas durante opera\u00e7\u00f5es no Porto de Santos, localizado no litoral de S\u00e3o Paulo.<\/p>\n<p>De acordo com a Pol\u00edcia, foram destinadas v\u00e1rias equipes para preservar e escoltar toda a droga que seria destru\u00edda. A incinera\u00e7\u00e3o segue como base a Lei Antit\u00f3xicos (Lei n. 11.343\/2006). A a\u00e7\u00e3o \u00e9 realizada periodicamente pelos poderes.<\/p>\n<p>Ainda de acordo com a Pol\u00edcia, a incinera\u00e7\u00e3o \u00e9 feita em um forno industrial de alta temperatura para que seja consumida pelas chamas e calor. O processo preserva o meio ambiente.<\/p>\n<p>Sendo assim, a PF empregou forte aparato policial para a seguran\u00e7a da opera\u00e7\u00e3o, v\u00e1rias equipes foram mobilizadas para preservar e escoltar todo material a ser destru\u00eddo at\u00e9 o local da incinera\u00e7\u00e3o.<\/p>\n<p><strong>Apreens\u00e3o de drogas<\/strong><\/p>\n<p>De acordo com informa\u00e7\u00f5es divulgadas esta semana, somente nos 5 primeiros meses de 2022 foram apreendidas cerca de 5,6 toneladas de coca\u00edna no Porto de Santos, um dos maiores do Brasil.<\/p>\n<p><strong>Leia mais<\/strong><\/p>\n<p><a href=\"https:\/\/redenoticiaz.com.br\/litoralsp\/2022\/04\/25\/terminais-de-graneis-do-porto-de-santos-sao-fiscalizados-em-operacao-conjunta\">Terminais de gran\u00e9is do Porto de Santos s\u00e3o fiscalizados em opera\u00e7\u00e3o conjunta<\/a><\/p>\n","protected":false},"excerpt":{"rendered":"<p>Tr\u00eas toneladas de drogas foram incineradas pela Pol\u00edcia Federal nesta ter\u00e7a-feira(17) na cidade de Santos. As drogas foram apreendidas durante opera\u00e7\u00f5es no Porto de Santos, localizado no litoral de S\u00e3o Paulo. De acordo com a Pol\u00edcia, foram destinadas v\u00e1rias equipes para preservar e escoltar toda a droga que seria destru\u00edda. A incinera\u00e7\u00e3o segue como base &hellip;<\/p>\n","protected":false},"author":12,"featured_media":4153,"comment_status":"open","ping_status":"closed","sticky":false,"template":"","format":"standard","meta":{"footnotes":""},"categories":[1],"tags":[16727,16728,16729],"class_list":["post-4152","post","type-post","status-publish","format-standard","has-post-thumbnail","hentry","category-cidades","tag-drogas-porto-de-santos","tag-incineracao-de-cocaina","tag-incineracao-de-drogas"],"yoast_head":"<!-- This site is optimized with the Yoast SEO plugin v27.4 - https:\/\/yoast.com\/product\/yoast-seo-wordpress\/ -->\n<title>Tr\u00eas toneladas de drogas s\u00e3o incineradas pela Pol\u00edcia em Santos -<\/title>\n<meta name=\"description\" content=\"Tr\u00eas toneladas de drogas foram incineradas pela Pol\u00edcia nesta ter\u00e7a(17) na cidade de Santos. Drogas foram apreendidas durante opera\u00e7\u00e3o no Porto de Santos\" \/>\n<meta name=\"robots\" content=\"index, follow, max-snippet:-1, max-image-preview:large, max-video-preview:-1\" \/>\n<link rel=\"canonical\" href=\"https:\/\/redenoticiaz.com.br\/ribeiraopreto-regiao\/sp\/2022\/05\/17\/tres-toneladas-de-drogas-sao-incineradas-pela-policia-em-santos\" \/>\n<meta property=\"og:locale\" content=\"pt_BR\" \/>\n<meta property=\"og:type\" content=\"article\" \/>\n<meta property=\"og:title\" content=\"Tr\u00eas toneladas de drogas s\u00e3o incineradas pela Pol\u00edcia em Santos -\" \/>\n<meta property=\"og:description\" content=\"Tr\u00eas toneladas de drogas foram incineradas pela Pol\u00edcia nesta ter\u00e7a(17) na cidade de Santos. Drogas foram apreendidas durante opera\u00e7\u00e3o no Porto de Santos\" \/>\n<meta property=\"og:url\" content=\"https:\/\/redenoticiaz.com.br\/ribeiraopreto-regiao\/sp\/2022\/05\/17\/tres-toneladas-de-drogas-sao-incineradas-pela-policia-em-santos\" \/>\n<meta property=\"og:site_name\" content=\"Ribeir\u00e3o Preto e Regi\u00e3o\" \/>\n<meta property=\"article:publisher\" content=\"https:\/\/m.facebook.com\/redenoticiaz.barretos\" \/>\n<meta property=\"article:published_time\" content=\"2022-05-17T16:54:28+00:00\" \/>\n<meta property=\"article:modified_time\" content=\"2022-05-17T17:02:14+00:00\" \/>\n<meta property=\"og:image\" content=\"https:\/\/redenoticiaz.com.br\/ribeiraopreto-regiao\/wp-content\/uploads\/sites\/4\/2022\/05\/93e64ab9-5401-441f-a490-cf58f15b82f2.jpg\" \/>\n\t<meta property=\"og:image:width\" content=\"768\" \/>\n\t<meta property=\"og:image:height\" content=\"1024\" \/>\n\t<meta property=\"og:image:type\" content=\"image\/jpeg\" \/>\n<meta name=\"author\" content=\"Gustavo Silva\" \/>\n<meta name=\"twitter:card\" content=\"summary_large_image\" \/>\n<meta name=\"twitter:creator\" content=\"@RN_barretos\" \/>\n<meta name=\"twitter:site\" content=\"@RN_barretos\" \/>\n<meta name=\"twitter:label1\" content=\"Escrito por\" \/>\n\t<meta name=\"twitter:data1\" content=\"Gustavo Silva\" \/>\n\t<meta name=\"twitter:label2\" content=\"Est. tempo de leitura\" \/>\n\t<meta name=\"twitter:data2\" content=\"1 minuto\" \/>\n<script type=\"application\/ld+json\" class=\"yoast-schema-graph\">{\"@context\":\"https:\\\/\\\/schema.org\",\"@graph\":[{\"@type\":\"Article\",\"@id\":\"https:\\\/\\\/redenoticiaz.com.br\\\/ribeiraopreto-regiao\\\/sp\\\/2022\\\/05\\\/17\\\/tres-toneladas-de-drogas-sao-incineradas-pela-policia-em-santos#article\",\"isPartOf\":{\"@id\":\"https:\\\/\\\/redenoticiaz.com.br\\\/ribeiraopreto-regiao\\\/sp\\\/2022\\\/05\\\/17\\\/tres-toneladas-de-drogas-sao-incineradas-pela-policia-em-santos\"},\"author\":{\"name\":\"Gustavo Silva\",\"@id\":\"https:\\\/\\\/redenoticiaz.com.br\\\/ribeiraopreto-regiao\\\/#\\\/schema\\\/person\\\/16057b37a3c0ee6b096d7f887c566e2e\"},\"headline\":\"Tr\u00eas toneladas de drogas s\u00e3o incineradas pela Pol\u00edcia em Santos\",\"datePublished\":\"2022-05-17T16:54:28+00:00\",\"dateModified\":\"2022-05-17T17:02:14+00:00\",\"mainEntityOfPage\":{\"@id\":\"https:\\\/\\\/redenoticiaz.com.br\\\/ribeiraopreto-regiao\\\/sp\\\/2022\\\/05\\\/17\\\/tres-toneladas-de-drogas-sao-incineradas-pela-policia-em-santos\"},\"wordCount\":209,\"commentCount\":0,\"publisher\":{\"@id\":\"https:\\\/\\\/redenoticiaz.com.br\\\/ribeiraopreto-regiao\\\/#organization\"},\"image\":{\"@id\":\"https:\\\/\\\/redenoticiaz.com.br\\\/ribeiraopreto-regiao\\\/sp\\\/2022\\\/05\\\/17\\\/tres-toneladas-de-drogas-sao-incineradas-pela-policia-em-santos#primaryimage\"},\"thumbnailUrl\":\"https:\\\/\\\/redenoticiaz.com.br\\\/ribeiraopreto-regiao\\\/wp-content\\\/uploads\\\/sites\\\/4\\\/2022\\\/05\\\/93e64ab9-5401-441f-a490-cf58f15b82f2.jpg\",\"keywords\":[\"drogas porto de santos\",\"incinera\u00e7\u00e3o de coca\u00edna\",\"incinera\u00e7\u00e3o de drogas\"],\"articleSection\":[\"Cidades\"],\"inLanguage\":\"pt-BR\",\"potentialAction\":[{\"@type\":\"CommentAction\",\"name\":\"Comment\",\"target\":[\"https:\\\/\\\/redenoticiaz.com.br\\\/ribeiraopreto-regiao\\\/sp\\\/2022\\\/05\\\/17\\\/tres-toneladas-de-drogas-sao-incineradas-pela-policia-em-santos#respond\"]}]},{\"@type\":\"WebPage\",\"@id\":\"https:\\\/\\\/redenoticiaz.com.br\\\/ribeiraopreto-regiao\\\/sp\\\/2022\\\/05\\\/17\\\/tres-toneladas-de-drogas-sao-incineradas-pela-policia-em-santos\",\"url\":\"https:\\\/\\\/redenoticiaz.com.br\\\/ribeiraopreto-regiao\\\/sp\\\/2022\\\/05\\\/17\\\/tres-toneladas-de-drogas-sao-incineradas-pela-policia-em-santos\",\"name\":\"Tr\u00eas toneladas de drogas s\u00e3o incineradas pela Pol\u00edcia em Santos -\",\"isPartOf\":{\"@id\":\"https:\\\/\\\/redenoticiaz.com.br\\\/ribeiraopreto-regiao\\\/#website\"},\"primaryImageOfPage\":{\"@id\":\"https:\\\/\\\/redenoticiaz.com.br\\\/ribeiraopreto-regiao\\\/sp\\\/2022\\\/05\\\/17\\\/tres-toneladas-de-drogas-sao-incineradas-pela-policia-em-santos#primaryimage\"},\"image\":{\"@id\":\"https:\\\/\\\/redenoticiaz.com.br\\\/ribeiraopreto-regiao\\\/sp\\\/2022\\\/05\\\/17\\\/tres-toneladas-de-drogas-sao-incineradas-pela-policia-em-santos#primaryimage\"},\"thumbnailUrl\":\"https:\\\/\\\/redenoticiaz.com.br\\\/ribeiraopreto-regiao\\\/wp-content\\\/uploads\\\/sites\\\/4\\\/2022\\\/05\\\/93e64ab9-5401-441f-a490-cf58f15b82f2.jpg\",\"datePublished\":\"2022-05-17T16:54:28+00:00\",\"dateModified\":\"2022-05-17T17:02:14+00:00\",\"description\":\"Tr\u00eas toneladas de drogas foram incineradas pela Pol\u00edcia nesta ter\u00e7a(17) na cidade de Santos. Drogas foram apreendidas durante opera\u00e7\u00e3o no Porto de Santos\",\"inLanguage\":\"pt-BR\",\"potentialAction\":[{\"@type\":\"ReadAction\",\"target\":[\"https:\\\/\\\/redenoticiaz.com.br\\\/ribeiraopreto-regiao\\\/sp\\\/2022\\\/05\\\/17\\\/tres-toneladas-de-drogas-sao-incineradas-pela-policia-em-santos\"]}]},{\"@type\":\"ImageObject\",\"inLanguage\":\"pt-BR\",\"@id\":\"https:\\\/\\\/redenoticiaz.com.br\\\/ribeiraopreto-regiao\\\/sp\\\/2022\\\/05\\\/17\\\/tres-toneladas-de-drogas-sao-incineradas-pela-policia-em-santos#primaryimage\",\"url\":\"https:\\\/\\\/redenoticiaz.com.br\\\/ribeiraopreto-regiao\\\/wp-content\\\/uploads\\\/sites\\\/4\\\/2022\\\/05\\\/93e64ab9-5401-441f-a490-cf58f15b82f2.jpg\",\"contentUrl\":\"https:\\\/\\\/redenoticiaz.com.br\\\/ribeiraopreto-regiao\\\/wp-content\\\/uploads\\\/sites\\\/4\\\/2022\\\/05\\\/93e64ab9-5401-441f-a490-cf58f15b82f2.jpg\",\"width\":768,\"height\":1024,\"caption\":\"Tr\u00eas toneladas de drogas s\u00e3o incineradas pela Pol\u00edcia em Santos\"},{\"@type\":\"WebSite\",\"@id\":\"https:\\\/\\\/redenoticiaz.com.br\\\/ribeiraopreto-regiao\\\/#website\",\"url\":\"https:\\\/\\\/redenoticiaz.com.br\\\/ribeiraopreto-regiao\\\/\",\"name\":\"Ribeir\u00e3o Preto e Regi\u00e3o\",\"description\":\"Rede NoticiaZ - Ribeir\u00e3o Preto e regi\u00e3o\",\"publisher\":{\"@id\":\"https:\\\/\\\/redenoticiaz.com.br\\\/ribeiraopreto-regiao\\\/#organization\"},\"potentialAction\":[{\"@type\":\"SearchAction\",\"target\":{\"@type\":\"EntryPoint\",\"urlTemplate\":\"https:\\\/\\\/redenoticiaz.com.br\\\/ribeiraopreto-regiao\\\/?s={search_term_string}\"},\"query-input\":{\"@type\":\"PropertyValueSpecification\",\"valueRequired\":true,\"valueName\":\"search_term_string\"}}],\"inLanguage\":\"pt-BR\"},{\"@type\":\"Organization\",\"@id\":\"https:\\\/\\\/redenoticiaz.com.br\\\/ribeiraopreto-regiao\\\/#organization\",\"name\":\"Ribeir\u00e3o Preto e Regi\u00e3o\",\"url\":\"https:\\\/\\\/redenoticiaz.com.br\\\/ribeiraopreto-regiao\\\/\",\"logo\":{\"@type\":\"ImageObject\",\"inLanguage\":\"pt-BR\",\"@id\":\"https:\\\/\\\/redenoticiaz.com.br\\\/ribeiraopreto-regiao\\\/#\\\/schema\\\/logo\\\/image\\\/\",\"url\":\"https:\\\/\\\/redenoticiaz.com.br\\\/barretos-regiao\\\/wp-content\\\/uploads\\\/sites\\\/4\\\/2022\\\/02\\\/logo.jpg\",\"contentUrl\":\"https:\\\/\\\/redenoticiaz.com.br\\\/barretos-regiao\\\/wp-content\\\/uploads\\\/sites\\\/4\\\/2022\\\/02\\\/logo.jpg\",\"width\":400,\"height\":250,\"caption\":\"Ribeir\u00e3o Preto e Regi\u00e3o\"},\"image\":{\"@id\":\"https:\\\/\\\/redenoticiaz.com.br\\\/ribeiraopreto-regiao\\\/#\\\/schema\\\/logo\\\/image\\\/\"},\"sameAs\":[\"https:\\\/\\\/m.facebook.com\\\/redenoticiaz.barretos\",\"https:\\\/\\\/x.com\\\/RN_barretos\",\"https:\\\/\\\/www.instagram.com\\\/redenoticiaz.barretos\\\/?igshid=YmMyMTA2M2Y\",\"https:\\\/\\\/www.linkedin.com\\\/company\\\/rede-noticiaz-barretos-e-regio\\\/\"]},{\"@type\":\"Person\",\"@id\":\"https:\\\/\\\/redenoticiaz.com.br\\\/ribeiraopreto-regiao\\\/#\\\/schema\\\/person\\\/16057b37a3c0ee6b096d7f887c566e2e\",\"name\":\"Gustavo Silva\",\"image\":{\"@type\":\"ImageObject\",\"inLanguage\":\"pt-BR\",\"@id\":\"https:\\\/\\\/secure.gravatar.com\\\/avatar\\\/3ee4e82f93b26de0a7cf4ea5eb7893da637ed6bb0c9170c58065944c56e28a33?s=96&d=mm&r=g\",\"url\":\"https:\\\/\\\/secure.gravatar.com\\\/avatar\\\/3ee4e82f93b26de0a7cf4ea5eb7893da637ed6bb0c9170c58065944c56e28a33?s=96&d=mm&r=g\",\"contentUrl\":\"https:\\\/\\\/secure.gravatar.com\\\/avatar\\\/3ee4e82f93b26de0a7cf4ea5eb7893da637ed6bb0c9170c58065944c56e28a33?s=96&d=mm&r=g\",\"caption\":\"Gustavo Silva\"},\"url\":\"https:\\\/\\\/redenoticiaz.com.br\\\/ribeiraopreto-regiao\\\/sp\\\/author\\\/gustavosilva\"}]}<\/script>\n<!-- \/ Yoast SEO plugin. -->","yoast_head_json":{"title":"Tr\u00eas toneladas de drogas s\u00e3o incineradas pela Pol\u00edcia em Santos -","description":"Tr\u00eas toneladas de drogas foram incineradas pela Pol\u00edcia nesta ter\u00e7a(17) na cidade de Santos. Drogas foram apreendidas durante opera\u00e7\u00e3o no Porto de Santos","robots":{"index":"index","follow":"follow","max-snippet":"max-snippet:-1","max-image-preview":"max-image-preview:large","max-video-preview":"max-video-preview:-1"},"canonical":"https:\/\/redenoticiaz.com.br\/ribeiraopreto-regiao\/sp\/2022\/05\/17\/tres-toneladas-de-drogas-sao-incineradas-pela-policia-em-santos","og_locale":"pt_BR","og_type":"article","og_title":"Tr\u00eas toneladas de drogas s\u00e3o incineradas pela Pol\u00edcia em Santos -","og_description":"Tr\u00eas toneladas de drogas foram incineradas pela Pol\u00edcia nesta ter\u00e7a(17) na cidade de Santos. Drogas foram apreendidas durante opera\u00e7\u00e3o no Porto de Santos","og_url":"https:\/\/redenoticiaz.com.br\/ribeiraopreto-regiao\/sp\/2022\/05\/17\/tres-toneladas-de-drogas-sao-incineradas-pela-policia-em-santos","og_site_name":"Ribeir\u00e3o Preto e Regi\u00e3o","article_publisher":"https:\/\/m.facebook.com\/redenoticiaz.barretos","article_published_time":"2022-05-17T16:54:28+00:00","article_modified_time":"2022-05-17T17:02:14+00:00","og_image":[{"width":768,"height":1024,"url":"https:\/\/redenoticiaz.com.br\/ribeiraopreto-regiao\/wp-content\/uploads\/sites\/4\/2022\/05\/93e64ab9-5401-441f-a490-cf58f15b82f2.jpg","type":"image\/jpeg"}],"author":"Gustavo Silva","twitter_card":"summary_large_image","twitter_creator":"@RN_barretos","twitter_site":"@RN_barretos","twitter_misc":{"Escrito por":"Gustavo Silva","Est. tempo de leitura":"1 minuto"},"schema":{"@context":"https:\/\/schema.org","@graph":[{"@type":"Article","@id":"https:\/\/redenoticiaz.com.br\/ribeiraopreto-regiao\/sp\/2022\/05\/17\/tres-toneladas-de-drogas-sao-incineradas-pela-policia-em-santos#article","isPartOf":{"@id":"https:\/\/redenoticiaz.com.br\/ribeiraopreto-regiao\/sp\/2022\/05\/17\/tres-toneladas-de-drogas-sao-incineradas-pela-policia-em-santos"},"author":{"name":"Gustavo Silva","@id":"https:\/\/redenoticiaz.com.br\/ribeiraopreto-regiao\/#\/schema\/person\/16057b37a3c0ee6b096d7f887c566e2e"},"headline":"Tr\u00eas toneladas de drogas s\u00e3o incineradas pela Pol\u00edcia em Santos","datePublished":"2022-05-17T16:54:28+00:00","dateModified":"2022-05-17T17:02:14+00:00","mainEntityOfPage":{"@id":"https:\/\/redenoticiaz.com.br\/ribeiraopreto-regiao\/sp\/2022\/05\/17\/tres-toneladas-de-drogas-sao-incineradas-pela-policia-em-santos"},"wordCount":209,"commentCount":0,"publisher":{"@id":"https:\/\/redenoticiaz.com.br\/ribeiraopreto-regiao\/#organization"},"image":{"@id":"https:\/\/redenoticiaz.com.br\/ribeiraopreto-regiao\/sp\/2022\/05\/17\/tres-toneladas-de-drogas-sao-incineradas-pela-policia-em-santos#primaryimage"},"thumbnailUrl":"https:\/\/redenoticiaz.com.br\/ribeiraopreto-regiao\/wp-content\/uploads\/sites\/4\/2022\/05\/93e64ab9-5401-441f-a490-cf58f15b82f2.jpg","keywords":["drogas porto de santos","incinera\u00e7\u00e3o de coca\u00edna","incinera\u00e7\u00e3o de drogas"],"articleSection":["Cidades"],"inLanguage":"pt-BR","potentialAction":[{"@type":"CommentAction","name":"Comment","target":["https:\/\/redenoticiaz.com.br\/ribeiraopreto-regiao\/sp\/2022\/05\/17\/tres-toneladas-de-drogas-sao-incineradas-pela-policia-em-santos#respond"]}]},{"@type":"WebPage","@id":"https:\/\/redenoticiaz.com.br\/ribeiraopreto-regiao\/sp\/2022\/05\/17\/tres-toneladas-de-drogas-sao-incineradas-pela-policia-em-santos","url":"https:\/\/redenoticiaz.com.br\/ribeiraopreto-regiao\/sp\/2022\/05\/17\/tres-toneladas-de-drogas-sao-incineradas-pela-policia-em-santos","name":"Tr\u00eas toneladas de drogas s\u00e3o incineradas pela Pol\u00edcia em Santos -","isPartOf":{"@id":"https:\/\/redenoticiaz.com.br\/ribeiraopreto-regiao\/#website"},"primaryImageOfPage":{"@id":"https:\/\/redenoticiaz.com.br\/ribeiraopreto-regiao\/sp\/2022\/05\/17\/tres-toneladas-de-drogas-sao-incineradas-pela-policia-em-santos#primaryimage"},"image":{"@id":"https:\/\/redenoticiaz.com.br\/ribeiraopreto-regiao\/sp\/2022\/05\/17\/tres-toneladas-de-drogas-sao-incineradas-pela-policia-em-santos#primaryimage"},"thumbnailUrl":"https:\/\/redenoticiaz.com.br\/ribeiraopreto-regiao\/wp-content\/uploads\/sites\/4\/2022\/05\/93e64ab9-5401-441f-a490-cf58f15b82f2.jpg","datePublished":"2022-05-17T16:54:28+00:00","dateModified":"2022-05-17T17:02:14+00:00","description":"Tr\u00eas toneladas de drogas foram incineradas pela Pol\u00edcia nesta ter\u00e7a(17) na cidade de Santos. Drogas foram apreendidas durante opera\u00e7\u00e3o no Porto de Santos","inLanguage":"pt-BR","potentialAction":[{"@type":"ReadAction","target":["https:\/\/redenoticiaz.com.br\/ribeiraopreto-regiao\/sp\/2022\/05\/17\/tres-toneladas-de-drogas-sao-incineradas-pela-policia-em-santos"]}]},{"@type":"ImageObject","inLanguage":"pt-BR","@id":"https:\/\/redenoticiaz.com.br\/ribeiraopreto-regiao\/sp\/2022\/05\/17\/tres-toneladas-de-drogas-sao-incineradas-pela-policia-em-santos#primaryimage","url":"https:\/\/redenoticiaz.com.br\/ribeiraopreto-regiao\/wp-content\/uploads\/sites\/4\/2022\/05\/93e64ab9-5401-441f-a490-cf58f15b82f2.jpg","contentUrl":"https:\/\/redenoticiaz.com.br\/ribeiraopreto-regiao\/wp-content\/uploads\/sites\/4\/2022\/05\/93e64ab9-5401-441f-a490-cf58f15b82f2.jpg","width":768,"height":1024,"caption":"Tr\u00eas toneladas de drogas s\u00e3o incineradas pela Pol\u00edcia em Santos"},{"@type":"WebSite","@id":"https:\/\/redenoticiaz.com.br\/ribeiraopreto-regiao\/#website","url":"https:\/\/redenoticiaz.com.br\/ribeiraopreto-regiao\/","name":"Ribeir\u00e3o Preto e Regi\u00e3o","description":"Rede NoticiaZ - Ribeir\u00e3o Preto e regi\u00e3o","publisher":{"@id":"https:\/\/redenoticiaz.com.br\/ribeiraopreto-regiao\/#organization"},"potentialAction":[{"@type":"SearchAction","target":{"@type":"EntryPoint","urlTemplate":"https:\/\/redenoticiaz.com.br\/ribeiraopreto-regiao\/?s={search_term_string}"},"query-input":{"@type":"PropertyValueSpecification","valueRequired":true,"valueName":"search_term_string"}}],"inLanguage":"pt-BR"},{"@type":"Organization","@id":"https:\/\/redenoticiaz.com.br\/ribeiraopreto-regiao\/#organization","name":"Ribeir\u00e3o Preto e Regi\u00e3o","url":"https:\/\/redenoticiaz.com.br\/ribeiraopreto-regiao\/","logo":{"@type":"ImageObject","inLanguage":"pt-BR","@id":"https:\/\/redenoticiaz.com.br\/ribeiraopreto-regiao\/#\/schema\/logo\/image\/","url":"https:\/\/redenoticiaz.com.br\/barretos-regiao\/wp-content\/uploads\/sites\/4\/2022\/02\/logo.jpg","contentUrl":"https:\/\/redenoticiaz.com.br\/barretos-regiao\/wp-content\/uploads\/sites\/4\/2022\/02\/logo.jpg","width":400,"height":250,"caption":"Ribeir\u00e3o Preto e Regi\u00e3o"},"image":{"@id":"https:\/\/redenoticiaz.com.br\/ribeiraopreto-regiao\/#\/schema\/logo\/image\/"},"sameAs":["https:\/\/m.facebook.com\/redenoticiaz.barretos","https:\/\/x.com\/RN_barretos","https:\/\/www.instagram.com\/redenoticiaz.barretos\/?igshid=YmMyMTA2M2Y","https:\/\/www.linkedin.com\/company\/rede-noticiaz-barretos-e-regio\/"]},{"@type":"Person","@id":"https:\/\/redenoticiaz.com.br\/ribeiraopreto-regiao\/#\/schema\/person\/16057b37a3c0ee6b096d7f887c566e2e","name":"Gustavo Silva","image":{"@type":"ImageObject","inLanguage":"pt-BR","@id":"https:\/\/secure.gravatar.com\/avatar\/3ee4e82f93b26de0a7cf4ea5eb7893da637ed6bb0c9170c58065944c56e28a33?s=96&d=mm&r=g","url":"https:\/\/secure.gravatar.com\/avatar\/3ee4e82f93b26de0a7cf4ea5eb7893da637ed6bb0c9170c58065944c56e28a33?s=96&d=mm&r=g","contentUrl":"https:\/\/secure.gravatar.com\/avatar\/3ee4e82f93b26de0a7cf4ea5eb7893da637ed6bb0c9170c58065944c56e28a33?s=96&d=mm&r=g","caption":"Gustavo Silva"},"url":"https:\/\/redenoticiaz.com.br\/ribeiraopreto-regiao\/sp\/author\/gustavosilva"}]}},"_links":{"self":[{"href":"https:\/\/redenoticiaz.com.br\/ribeiraopreto-regiao\/wp-json\/wp\/v2\/posts\/4152","targetHints":{"allow":["GET"]}}],"collection":[{"href":"https:\/\/redenoticiaz.com.br\/ribeiraopreto-regiao\/wp-json\/wp\/v2\/posts"}],"about":[{"href":"https:\/\/redenoticiaz.com.br\/ribeiraopreto-regiao\/wp-json\/wp\/v2\/types\/post"}],"author":[{"embeddable":true,"href":"https:\/\/redenoticiaz.com.br\/ribeiraopreto-regiao\/wp-json\/wp\/v2\/users\/12"}],"replies":[{"embeddable":true,"href":"https:\/\/redenoticiaz.com.br\/ribeiraopreto-regiao\/wp-json\/wp\/v2\/comments?post=4152"}],"version-history":[{"count":0,"href":"https:\/\/redenoticiaz.com.br\/ribeiraopreto-regiao\/wp-json\/wp\/v2\/posts\/4152\/revisions"}],"wp:featuredmedia":[{"embeddable":true,"href":"https:\/\/redenoticiaz.com.br\/ribeiraopreto-regiao\/wp-json\/wp\/v2\/media\/4153"}],"wp:attachment":[{"href":"https:\/\/redenoticiaz.com.br\/ribeiraopreto-regiao\/wp-json\/wp\/v2\/media?parent=4152"}],"wp:term":[{"taxonomy":"category","embeddable":true,"href":"https:\/\/redenoticiaz.com.br\/ribeiraopreto-regiao\/wp-json\/wp\/v2\/categories?post=4152"},{"taxonomy":"post_tag","embeddable":true,"href":"https:\/\/redenoticiaz.com.br\/ribeiraopreto-regiao\/wp-json\/wp\/v2\/tags?post=4152"}],"curies":[{"name":"wp","href":"https:\/\/api.w.org\/{rel}","templated":true}]}}