{"id":4208,"date":"2022-05-18T09:51:21","date_gmt":"2022-05-18T12:51:21","guid":{"rendered":"https:\/\/redenoticiaz.com.br\/barretos-regiao\/sp\/2022\/05\/18\/bragantino-perde-em-casa-para-o-estudiantes-e-fica-ameacado-na-libertadores"},"modified":"2022-05-18T09:51:21","modified_gmt":"2022-05-18T12:51:21","slug":"bragantino-perde-em-casa-para-o-estudiantes-e-fica-ameacado-na-libertadores","status":"publish","type":"post","link":"https:\/\/redenoticiaz.com.br\/ribeiraopreto-regiao\/sp\/2022\/05\/18\/bragantino-perde-em-casa-para-o-estudiantes-e-fica-ameacado-na-libertadores","title":{"rendered":"Bragantino perde em casa para o Estudiantes e fica amea\u00e7ado na Libertadores"},"content":{"rendered":"<p>A vida do <strong>Red Bull Bragantino<\/strong> na <a href=\"https:\/\/www.conmebol.com\/pt-br\/\">Libertadores da Am\u00e9rica<\/a> \u00e9 delicada. Contra o <strong>Estudiantes-ARG<\/strong>, mesmo jogando no Nabi Abi Chedid nessa ter\u00e7a-feira (17), a equipe foi mal, perdeu o jogo e v\u00ea a segunda coloca\u00e7\u00e3o do Grupo C bastante amea\u00e7ada para ser perdida por Nacional-URU ou Velez Sarsfield, que se enfrentam nesta quarta (18).<\/p>\n<p>Precisando vencer, o Bragantino chegou a tomar a iniciativa no primeiro tempo, mas sofreu para superar o forte sistema defensivo dos argentinos. Mas as chances de gol vieram do Estudiantes. Os donos da casa at\u00e9 apresentaram uma melhora, mas sem incomodar o goleiro And\u00fajar.<\/p>\n<p>J\u00e1 no segundo tempo, o t\u00e9cnico Maur\u00edcio Barbieri colocou Soriso no lugar de Jadsom e apresentou melhora. Com mais movimenta\u00e7\u00e3o, chances de gol foram criadas. O Estudiantes, por outro lado, ficou mais concentrado na defesa, \u00e0 espera de contra-ataques.<\/p>\n<p>E mesmo sem chegar muito ao ataque, os argentinos encontraram as redes aos 31. Manuel Castro chutou cruzado na \u00e1rea, a bola bateu em L\u00e9o Realpe e subiu. Del Prete aproveitou essa subida para virar quase uma bicicleta e mandou para as redes. O Massa Bruta foi para o tudo ou nada, mas n\u00e3o conseguiu igualar o marcador.<\/p>\n<h3>Como fica?<\/h3>\n<p>O Estudiantes, que j\u00e1 entrou em campo classificado, garante a primeira coloca\u00e7\u00e3o do Grupo C, agora com 13 pontos. O Bragantino continua em segundo, com cinco. Por\u00e9m, Nacional e V\u00e9lez, terceiro e quarto colocados, respectivamente, enfrentam-se nesta quarta-feira, 18.<\/p>\n<p>Se o Nacional vencer, assume a segunda coloca\u00e7\u00e3o. Um empate entre as equipes mant\u00e9m o Massa Bruta em segundo e na zona de classifica\u00e7\u00e3o. O V\u00e9lez tem que vencer por tr\u00eas gols de diferen\u00e7a ou mais para assumir a segunda posi\u00e7\u00e3o.<\/p>\n<p>Na sexta e \u00faltima rodada da fase de grupos, o Bragantino visita o Nacional-URU na pr\u00f3xima ter\u00e7a-feira, 24, \u00e0s 19h15, no est\u00e1dio Parque Central, no Uruguai. No mesmo dia e hor\u00e1rio, o Estudiantes encara o V\u00e9lez no est\u00e1dio Jos\u00e9 Amalfitani.<\/p>\n<p><strong>LEIA TAMB\u00c9M<\/strong><\/p>\n<p><a href=\"https:\/\/redenoticiaz.com.br\/blog\/2022\/05\/18\/paco-de-jundiai-sera-palco-do-dia-do-desafio\">Pa\u00e7o de Jundia\u00ed ser\u00e1 palco do Dia do Desafio<\/a><\/p>\n","protected":false},"excerpt":{"rendered":"<p>A vida do Red Bull Bragantino na Libertadores da Am\u00e9rica \u00e9 delicada. Contra o Estudiantes-ARG, mesmo jogando no Nabi Abi Chedid nessa ter\u00e7a-feira (17), a equipe foi mal, perdeu o jogo e v\u00ea a segunda coloca\u00e7\u00e3o do Grupo C bastante amea\u00e7ada para ser perdida por Nacional-URU ou Velez Sarsfield, que se enfrentam nesta quarta (18). &hellip;<\/p>\n","protected":false},"author":6,"featured_media":4209,"comment_status":"open","ping_status":"closed","sticky":false,"template":"","format":"standard","meta":{"footnotes":""},"categories":[87],"tags":[16878,6206,12927,5482,382],"class_list":["post-4208","post","type-post","status-publish","format-standard","has-post-thumbnail","hentry","category-esporte","tag-estudiantes","tag-fase-de-grupos","tag-libertadores-da-america","tag-nabi-abi-chedid","tag-red-bull-bragantino"],"yoast_head":"<!-- This site is optimized with the Yoast SEO plugin v27.4 - https:\/\/yoast.com\/product\/yoast-seo-wordpress\/ -->\n<title>Bragantino perde em casa para o Estudiantes e fica amea\u00e7ado na Libertadores - Ribeir\u00e3o Preto e Regi\u00e3o<\/title>\n<meta name=\"description\" content=\"A vida do Red Bull Bragantino na Libertadores da Am\u00e9rica \u00e9 delicada. Contra o Estudiantes-ARG, mesmo jogando no Nabi Abi Chedid\" \/>\n<meta name=\"robots\" content=\"index, follow, max-snippet:-1, max-image-preview:large, max-video-preview:-1\" \/>\n<link rel=\"canonical\" href=\"https:\/\/redenoticiaz.com.br\/ribeiraopreto-regiao\/sp\/2022\/05\/18\/bragantino-perde-em-casa-para-o-estudiantes-e-fica-ameacado-na-libertadores\" \/>\n<meta property=\"og:locale\" content=\"pt_BR\" \/>\n<meta property=\"og:type\" content=\"article\" \/>\n<meta property=\"og:title\" content=\"Bragantino perde em casa para o Estudiantes e fica amea\u00e7ado na Libertadores - Ribeir\u00e3o Preto e Regi\u00e3o\" \/>\n<meta property=\"og:description\" content=\"A vida do Red Bull Bragantino na Libertadores da Am\u00e9rica \u00e9 delicada. Contra o Estudiantes-ARG, mesmo jogando no Nabi Abi Chedid\" \/>\n<meta property=\"og:url\" content=\"https:\/\/redenoticiaz.com.br\/ribeiraopreto-regiao\/sp\/2022\/05\/18\/bragantino-perde-em-casa-para-o-estudiantes-e-fica-ameacado-na-libertadores\" \/>\n<meta property=\"og:site_name\" content=\"Ribeir\u00e3o Preto e Regi\u00e3o\" \/>\n<meta property=\"article:publisher\" content=\"https:\/\/m.facebook.com\/redenoticiaz.barretos\" \/>\n<meta property=\"article:published_time\" content=\"2022-05-18T12:51:21+00:00\" \/>\n<meta property=\"og:image\" content=\"https:\/\/redenoticiaz.com.br\/ribeiraopreto-regiao\/wp-content\/uploads\/sites\/4\/2022\/02\/logo.jpg\" \/>\n\t<meta property=\"og:image:width\" content=\"400\" \/>\n\t<meta property=\"og:image:height\" content=\"250\" \/>\n\t<meta property=\"og:image:type\" content=\"image\/jpeg\" \/>\n<meta name=\"author\" content=\"Leonardo Francisco\" \/>\n<meta name=\"twitter:card\" content=\"summary_large_image\" \/>\n<meta name=\"twitter:creator\" content=\"@RN_barretos\" \/>\n<meta name=\"twitter:site\" content=\"@RN_barretos\" \/>\n<meta name=\"twitter:label1\" content=\"Escrito por\" \/>\n\t<meta name=\"twitter:data1\" content=\"Leonardo Francisco\" \/>\n\t<meta name=\"twitter:label2\" content=\"Est. tempo de leitura\" \/>\n\t<meta name=\"twitter:data2\" content=\"2 minutos\" \/>\n<script type=\"application\/ld+json\" class=\"yoast-schema-graph\">{\"@context\":\"https:\\\/\\\/schema.org\",\"@graph\":[{\"@type\":\"Article\",\"@id\":\"https:\\\/\\\/redenoticiaz.com.br\\\/ribeiraopreto-regiao\\\/sp\\\/2022\\\/05\\\/18\\\/bragantino-perde-em-casa-para-o-estudiantes-e-fica-ameacado-na-libertadores#article\",\"isPartOf\":{\"@id\":\"https:\\\/\\\/redenoticiaz.com.br\\\/ribeiraopreto-regiao\\\/sp\\\/2022\\\/05\\\/18\\\/bragantino-perde-em-casa-para-o-estudiantes-e-fica-ameacado-na-libertadores\"},\"author\":{\"name\":\"Leonardo Francisco\",\"@id\":\"https:\\\/\\\/redenoticiaz.com.br\\\/ribeiraopreto-regiao\\\/#\\\/schema\\\/person\\\/0f0b8a5bdafefe82841e07ae8d81ecb3\"},\"headline\":\"Bragantino perde em casa para o Estudiantes e fica amea\u00e7ado na Libertadores\",\"datePublished\":\"2022-05-18T12:51:21+00:00\",\"mainEntityOfPage\":{\"@id\":\"https:\\\/\\\/redenoticiaz.com.br\\\/ribeiraopreto-regiao\\\/sp\\\/2022\\\/05\\\/18\\\/bragantino-perde-em-casa-para-o-estudiantes-e-fica-ameacado-na-libertadores\"},\"wordCount\":362,\"commentCount\":0,\"publisher\":{\"@id\":\"https:\\\/\\\/redenoticiaz.com.br\\\/ribeiraopreto-regiao\\\/#organization\"},\"image\":{\"@id\":\"https:\\\/\\\/redenoticiaz.com.br\\\/ribeiraopreto-regiao\\\/sp\\\/2022\\\/05\\\/18\\\/bragantino-perde-em-casa-para-o-estudiantes-e-fica-ameacado-na-libertadores#primaryimage\"},\"thumbnailUrl\":\"https:\\\/\\\/redenoticiaz.com.br\\\/ribeiraopreto-regiao\\\/wp-content\\\/uploads\\\/sites\\\/4\\\/2022\\\/05\\\/000_32AC3X8.jpg?v=1652878155\",\"keywords\":[\"ESTUDIANTES\",\"FASE DE GRUPOS\",\"Libertadores da Am\u00e9rica\",\"NABI ABI CHEDID\",\"RED BULL BRAGANTINO\"],\"articleSection\":[\"Esporte\"],\"inLanguage\":\"pt-BR\",\"potentialAction\":[{\"@type\":\"CommentAction\",\"name\":\"Comment\",\"target\":[\"https:\\\/\\\/redenoticiaz.com.br\\\/ribeiraopreto-regiao\\\/sp\\\/2022\\\/05\\\/18\\\/bragantino-perde-em-casa-para-o-estudiantes-e-fica-ameacado-na-libertadores#respond\"]}]},{\"@type\":\"WebPage\",\"@id\":\"https:\\\/\\\/redenoticiaz.com.br\\\/ribeiraopreto-regiao\\\/sp\\\/2022\\\/05\\\/18\\\/bragantino-perde-em-casa-para-o-estudiantes-e-fica-ameacado-na-libertadores\",\"url\":\"https:\\\/\\\/redenoticiaz.com.br\\\/ribeiraopreto-regiao\\\/sp\\\/2022\\\/05\\\/18\\\/bragantino-perde-em-casa-para-o-estudiantes-e-fica-ameacado-na-libertadores\",\"name\":\"Bragantino perde em casa para o Estudiantes e fica amea\u00e7ado na Libertadores - Ribeir\u00e3o Preto e Regi\u00e3o\",\"isPartOf\":{\"@id\":\"https:\\\/\\\/redenoticiaz.com.br\\\/ribeiraopreto-regiao\\\/#website\"},\"primaryImageOfPage\":{\"@id\":\"https:\\\/\\\/redenoticiaz.com.br\\\/ribeiraopreto-regiao\\\/sp\\\/2022\\\/05\\\/18\\\/bragantino-perde-em-casa-para-o-estudiantes-e-fica-ameacado-na-libertadores#primaryimage\"},\"image\":{\"@id\":\"https:\\\/\\\/redenoticiaz.com.br\\\/ribeiraopreto-regiao\\\/sp\\\/2022\\\/05\\\/18\\\/bragantino-perde-em-casa-para-o-estudiantes-e-fica-ameacado-na-libertadores#primaryimage\"},\"thumbnailUrl\":\"https:\\\/\\\/redenoticiaz.com.br\\\/ribeiraopreto-regiao\\\/wp-content\\\/uploads\\\/sites\\\/4\\\/2022\\\/05\\\/000_32AC3X8.jpg?v=1652878155\",\"datePublished\":\"2022-05-18T12:51:21+00:00\",\"description\":\"A vida do Red Bull Bragantino na Libertadores da Am\u00e9rica \u00e9 delicada. Contra o Estudiantes-ARG, mesmo jogando no Nabi Abi Chedid\",\"inLanguage\":\"pt-BR\",\"potentialAction\":[{\"@type\":\"ReadAction\",\"target\":[\"https:\\\/\\\/redenoticiaz.com.br\\\/ribeiraopreto-regiao\\\/sp\\\/2022\\\/05\\\/18\\\/bragantino-perde-em-casa-para-o-estudiantes-e-fica-ameacado-na-libertadores\"]}]},{\"@type\":\"ImageObject\",\"inLanguage\":\"pt-BR\",\"@id\":\"https:\\\/\\\/redenoticiaz.com.br\\\/ribeiraopreto-regiao\\\/sp\\\/2022\\\/05\\\/18\\\/bragantino-perde-em-casa-para-o-estudiantes-e-fica-ameacado-na-libertadores#primaryimage\",\"url\":\"https:\\\/\\\/redenoticiaz.com.br\\\/ribeiraopreto-regiao\\\/wp-content\\\/uploads\\\/sites\\\/4\\\/2022\\\/05\\\/000_32AC3X8.jpg?v=1652878155\",\"contentUrl\":\"https:\\\/\\\/redenoticiaz.com.br\\\/ribeiraopreto-regiao\\\/wp-content\\\/uploads\\\/sites\\\/4\\\/2022\\\/05\\\/000_32AC3X8.jpg?v=1652878155\",\"width\":512,\"height\":329,\"caption\":\"Foto: Nelson Almeida\\\/ AFP\"},{\"@type\":\"WebSite\",\"@id\":\"https:\\\/\\\/redenoticiaz.com.br\\\/ribeiraopreto-regiao\\\/#website\",\"url\":\"https:\\\/\\\/redenoticiaz.com.br\\\/ribeiraopreto-regiao\\\/\",\"name\":\"Ribeir\u00e3o Preto e Regi\u00e3o\",\"description\":\"Rede NoticiaZ - Ribeir\u00e3o Preto e regi\u00e3o\",\"publisher\":{\"@id\":\"https:\\\/\\\/redenoticiaz.com.br\\\/ribeiraopreto-regiao\\\/#organization\"},\"potentialAction\":[{\"@type\":\"SearchAction\",\"target\":{\"@type\":\"EntryPoint\",\"urlTemplate\":\"https:\\\/\\\/redenoticiaz.com.br\\\/ribeiraopreto-regiao\\\/?s={search_term_string}\"},\"query-input\":{\"@type\":\"PropertyValueSpecification\",\"valueRequired\":true,\"valueName\":\"search_term_string\"}}],\"inLanguage\":\"pt-BR\"},{\"@type\":\"Organization\",\"@id\":\"https:\\\/\\\/redenoticiaz.com.br\\\/ribeiraopreto-regiao\\\/#organization\",\"name\":\"Ribeir\u00e3o Preto e Regi\u00e3o\",\"url\":\"https:\\\/\\\/redenoticiaz.com.br\\\/ribeiraopreto-regiao\\\/\",\"logo\":{\"@type\":\"ImageObject\",\"inLanguage\":\"pt-BR\",\"@id\":\"https:\\\/\\\/redenoticiaz.com.br\\\/ribeiraopreto-regiao\\\/#\\\/schema\\\/logo\\\/image\\\/\",\"url\":\"https:\\\/\\\/redenoticiaz.com.br\\\/barretos-regiao\\\/wp-content\\\/uploads\\\/sites\\\/4\\\/2022\\\/02\\\/logo.jpg\",\"contentUrl\":\"https:\\\/\\\/redenoticiaz.com.br\\\/barretos-regiao\\\/wp-content\\\/uploads\\\/sites\\\/4\\\/2022\\\/02\\\/logo.jpg\",\"width\":400,\"height\":250,\"caption\":\"Ribeir\u00e3o Preto e Regi\u00e3o\"},\"image\":{\"@id\":\"https:\\\/\\\/redenoticiaz.com.br\\\/ribeiraopreto-regiao\\\/#\\\/schema\\\/logo\\\/image\\\/\"},\"sameAs\":[\"https:\\\/\\\/m.facebook.com\\\/redenoticiaz.barretos\",\"https:\\\/\\\/x.com\\\/RN_barretos\",\"https:\\\/\\\/www.instagram.com\\\/redenoticiaz.barretos\\\/?igshid=YmMyMTA2M2Y\",\"https:\\\/\\\/www.linkedin.com\\\/company\\\/rede-noticiaz-barretos-e-regio\\\/\"]},{\"@type\":\"Person\",\"@id\":\"https:\\\/\\\/redenoticiaz.com.br\\\/ribeiraopreto-regiao\\\/#\\\/schema\\\/person\\\/0f0b8a5bdafefe82841e07ae8d81ecb3\",\"name\":\"Leonardo Francisco\",\"image\":{\"@type\":\"ImageObject\",\"inLanguage\":\"pt-BR\",\"@id\":\"https:\\\/\\\/secure.gravatar.com\\\/avatar\\\/a7358cb406a99b682ec6df1e77e31ae82e63601f6784e8a3df411d72b37864da?s=96&d=mm&r=g\",\"url\":\"https:\\\/\\\/secure.gravatar.com\\\/avatar\\\/a7358cb406a99b682ec6df1e77e31ae82e63601f6784e8a3df411d72b37864da?s=96&d=mm&r=g\",\"contentUrl\":\"https:\\\/\\\/secure.gravatar.com\\\/avatar\\\/a7358cb406a99b682ec6df1e77e31ae82e63601f6784e8a3df411d72b37864da?s=96&d=mm&r=g\",\"caption\":\"Leonardo Francisco\"},\"url\":\"https:\\\/\\\/redenoticiaz.com.br\\\/ribeiraopreto-regiao\\\/sp\\\/author\\\/leonardo-francisco\"}]}<\/script>\n<!-- \/ Yoast SEO plugin. -->","yoast_head_json":{"title":"Bragantino perde em casa para o Estudiantes e fica amea\u00e7ado na Libertadores - Ribeir\u00e3o Preto e Regi\u00e3o","description":"A vida do Red Bull Bragantino na Libertadores da Am\u00e9rica \u00e9 delicada. Contra o Estudiantes-ARG, mesmo jogando no Nabi Abi Chedid","robots":{"index":"index","follow":"follow","max-snippet":"max-snippet:-1","max-image-preview":"max-image-preview:large","max-video-preview":"max-video-preview:-1"},"canonical":"https:\/\/redenoticiaz.com.br\/ribeiraopreto-regiao\/sp\/2022\/05\/18\/bragantino-perde-em-casa-para-o-estudiantes-e-fica-ameacado-na-libertadores","og_locale":"pt_BR","og_type":"article","og_title":"Bragantino perde em casa para o Estudiantes e fica amea\u00e7ado na Libertadores - Ribeir\u00e3o Preto e Regi\u00e3o","og_description":"A vida do Red Bull Bragantino na Libertadores da Am\u00e9rica \u00e9 delicada. Contra o Estudiantes-ARG, mesmo jogando no Nabi Abi Chedid","og_url":"https:\/\/redenoticiaz.com.br\/ribeiraopreto-regiao\/sp\/2022\/05\/18\/bragantino-perde-em-casa-para-o-estudiantes-e-fica-ameacado-na-libertadores","og_site_name":"Ribeir\u00e3o Preto e Regi\u00e3o","article_publisher":"https:\/\/m.facebook.com\/redenoticiaz.barretos","article_published_time":"2022-05-18T12:51:21+00:00","og_image":[{"width":400,"height":250,"url":"https:\/\/redenoticiaz.com.br\/ribeiraopreto-regiao\/wp-content\/uploads\/sites\/4\/2022\/02\/logo.jpg","type":"image\/jpeg"}],"author":"Leonardo Francisco","twitter_card":"summary_large_image","twitter_creator":"@RN_barretos","twitter_site":"@RN_barretos","twitter_misc":{"Escrito por":"Leonardo Francisco","Est. tempo de leitura":"2 minutos"},"schema":{"@context":"https:\/\/schema.org","@graph":[{"@type":"Article","@id":"https:\/\/redenoticiaz.com.br\/ribeiraopreto-regiao\/sp\/2022\/05\/18\/bragantino-perde-em-casa-para-o-estudiantes-e-fica-ameacado-na-libertadores#article","isPartOf":{"@id":"https:\/\/redenoticiaz.com.br\/ribeiraopreto-regiao\/sp\/2022\/05\/18\/bragantino-perde-em-casa-para-o-estudiantes-e-fica-ameacado-na-libertadores"},"author":{"name":"Leonardo Francisco","@id":"https:\/\/redenoticiaz.com.br\/ribeiraopreto-regiao\/#\/schema\/person\/0f0b8a5bdafefe82841e07ae8d81ecb3"},"headline":"Bragantino perde em casa para o Estudiantes e fica amea\u00e7ado na Libertadores","datePublished":"2022-05-18T12:51:21+00:00","mainEntityOfPage":{"@id":"https:\/\/redenoticiaz.com.br\/ribeiraopreto-regiao\/sp\/2022\/05\/18\/bragantino-perde-em-casa-para-o-estudiantes-e-fica-ameacado-na-libertadores"},"wordCount":362,"commentCount":0,"publisher":{"@id":"https:\/\/redenoticiaz.com.br\/ribeiraopreto-regiao\/#organization"},"image":{"@id":"https:\/\/redenoticiaz.com.br\/ribeiraopreto-regiao\/sp\/2022\/05\/18\/bragantino-perde-em-casa-para-o-estudiantes-e-fica-ameacado-na-libertadores#primaryimage"},"thumbnailUrl":"https:\/\/redenoticiaz.com.br\/ribeiraopreto-regiao\/wp-content\/uploads\/sites\/4\/2022\/05\/000_32AC3X8.jpg?v=1652878155","keywords":["ESTUDIANTES","FASE DE GRUPOS","Libertadores da Am\u00e9rica","NABI ABI CHEDID","RED BULL BRAGANTINO"],"articleSection":["Esporte"],"inLanguage":"pt-BR","potentialAction":[{"@type":"CommentAction","name":"Comment","target":["https:\/\/redenoticiaz.com.br\/ribeiraopreto-regiao\/sp\/2022\/05\/18\/bragantino-perde-em-casa-para-o-estudiantes-e-fica-ameacado-na-libertadores#respond"]}]},{"@type":"WebPage","@id":"https:\/\/redenoticiaz.com.br\/ribeiraopreto-regiao\/sp\/2022\/05\/18\/bragantino-perde-em-casa-para-o-estudiantes-e-fica-ameacado-na-libertadores","url":"https:\/\/redenoticiaz.com.br\/ribeiraopreto-regiao\/sp\/2022\/05\/18\/bragantino-perde-em-casa-para-o-estudiantes-e-fica-ameacado-na-libertadores","name":"Bragantino perde em casa para o Estudiantes e fica amea\u00e7ado na Libertadores - Ribeir\u00e3o Preto e Regi\u00e3o","isPartOf":{"@id":"https:\/\/redenoticiaz.com.br\/ribeiraopreto-regiao\/#website"},"primaryImageOfPage":{"@id":"https:\/\/redenoticiaz.com.br\/ribeiraopreto-regiao\/sp\/2022\/05\/18\/bragantino-perde-em-casa-para-o-estudiantes-e-fica-ameacado-na-libertadores#primaryimage"},"image":{"@id":"https:\/\/redenoticiaz.com.br\/ribeiraopreto-regiao\/sp\/2022\/05\/18\/bragantino-perde-em-casa-para-o-estudiantes-e-fica-ameacado-na-libertadores#primaryimage"},"thumbnailUrl":"https:\/\/redenoticiaz.com.br\/ribeiraopreto-regiao\/wp-content\/uploads\/sites\/4\/2022\/05\/000_32AC3X8.jpg?v=1652878155","datePublished":"2022-05-18T12:51:21+00:00","description":"A vida do Red Bull Bragantino na Libertadores da Am\u00e9rica \u00e9 delicada. Contra o Estudiantes-ARG, mesmo jogando no Nabi Abi Chedid","inLanguage":"pt-BR","potentialAction":[{"@type":"ReadAction","target":["https:\/\/redenoticiaz.com.br\/ribeiraopreto-regiao\/sp\/2022\/05\/18\/bragantino-perde-em-casa-para-o-estudiantes-e-fica-ameacado-na-libertadores"]}]},{"@type":"ImageObject","inLanguage":"pt-BR","@id":"https:\/\/redenoticiaz.com.br\/ribeiraopreto-regiao\/sp\/2022\/05\/18\/bragantino-perde-em-casa-para-o-estudiantes-e-fica-ameacado-na-libertadores#primaryimage","url":"https:\/\/redenoticiaz.com.br\/ribeiraopreto-regiao\/wp-content\/uploads\/sites\/4\/2022\/05\/000_32AC3X8.jpg?v=1652878155","contentUrl":"https:\/\/redenoticiaz.com.br\/ribeiraopreto-regiao\/wp-content\/uploads\/sites\/4\/2022\/05\/000_32AC3X8.jpg?v=1652878155","width":512,"height":329,"caption":"Foto: Nelson Almeida\/ AFP"},{"@type":"WebSite","@id":"https:\/\/redenoticiaz.com.br\/ribeiraopreto-regiao\/#website","url":"https:\/\/redenoticiaz.com.br\/ribeiraopreto-regiao\/","name":"Ribeir\u00e3o Preto e Regi\u00e3o","description":"Rede NoticiaZ - Ribeir\u00e3o Preto e regi\u00e3o","publisher":{"@id":"https:\/\/redenoticiaz.com.br\/ribeiraopreto-regiao\/#organization"},"potentialAction":[{"@type":"SearchAction","target":{"@type":"EntryPoint","urlTemplate":"https:\/\/redenoticiaz.com.br\/ribeiraopreto-regiao\/?s={search_term_string}"},"query-input":{"@type":"PropertyValueSpecification","valueRequired":true,"valueName":"search_term_string"}}],"inLanguage":"pt-BR"},{"@type":"Organization","@id":"https:\/\/redenoticiaz.com.br\/ribeiraopreto-regiao\/#organization","name":"Ribeir\u00e3o Preto e Regi\u00e3o","url":"https:\/\/redenoticiaz.com.br\/ribeiraopreto-regiao\/","logo":{"@type":"ImageObject","inLanguage":"pt-BR","@id":"https:\/\/redenoticiaz.com.br\/ribeiraopreto-regiao\/#\/schema\/logo\/image\/","url":"https:\/\/redenoticiaz.com.br\/barretos-regiao\/wp-content\/uploads\/sites\/4\/2022\/02\/logo.jpg","contentUrl":"https:\/\/redenoticiaz.com.br\/barretos-regiao\/wp-content\/uploads\/sites\/4\/2022\/02\/logo.jpg","width":400,"height":250,"caption":"Ribeir\u00e3o Preto e Regi\u00e3o"},"image":{"@id":"https:\/\/redenoticiaz.com.br\/ribeiraopreto-regiao\/#\/schema\/logo\/image\/"},"sameAs":["https:\/\/m.facebook.com\/redenoticiaz.barretos","https:\/\/x.com\/RN_barretos","https:\/\/www.instagram.com\/redenoticiaz.barretos\/?igshid=YmMyMTA2M2Y","https:\/\/www.linkedin.com\/company\/rede-noticiaz-barretos-e-regio\/"]},{"@type":"Person","@id":"https:\/\/redenoticiaz.com.br\/ribeiraopreto-regiao\/#\/schema\/person\/0f0b8a5bdafefe82841e07ae8d81ecb3","name":"Leonardo Francisco","image":{"@type":"ImageObject","inLanguage":"pt-BR","@id":"https:\/\/secure.gravatar.com\/avatar\/a7358cb406a99b682ec6df1e77e31ae82e63601f6784e8a3df411d72b37864da?s=96&d=mm&r=g","url":"https:\/\/secure.gravatar.com\/avatar\/a7358cb406a99b682ec6df1e77e31ae82e63601f6784e8a3df411d72b37864da?s=96&d=mm&r=g","contentUrl":"https:\/\/secure.gravatar.com\/avatar\/a7358cb406a99b682ec6df1e77e31ae82e63601f6784e8a3df411d72b37864da?s=96&d=mm&r=g","caption":"Leonardo Francisco"},"url":"https:\/\/redenoticiaz.com.br\/ribeiraopreto-regiao\/sp\/author\/leonardo-francisco"}]}},"_links":{"self":[{"href":"https:\/\/redenoticiaz.com.br\/ribeiraopreto-regiao\/wp-json\/wp\/v2\/posts\/4208","targetHints":{"allow":["GET"]}}],"collection":[{"href":"https:\/\/redenoticiaz.com.br\/ribeiraopreto-regiao\/wp-json\/wp\/v2\/posts"}],"about":[{"href":"https:\/\/redenoticiaz.com.br\/ribeiraopreto-regiao\/wp-json\/wp\/v2\/types\/post"}],"author":[{"embeddable":true,"href":"https:\/\/redenoticiaz.com.br\/ribeiraopreto-regiao\/wp-json\/wp\/v2\/users\/6"}],"replies":[{"embeddable":true,"href":"https:\/\/redenoticiaz.com.br\/ribeiraopreto-regiao\/wp-json\/wp\/v2\/comments?post=4208"}],"version-history":[{"count":0,"href":"https:\/\/redenoticiaz.com.br\/ribeiraopreto-regiao\/wp-json\/wp\/v2\/posts\/4208\/revisions"}],"wp:featuredmedia":[{"embeddable":true,"href":"https:\/\/redenoticiaz.com.br\/ribeiraopreto-regiao\/wp-json\/wp\/v2\/media\/4209"}],"wp:attachment":[{"href":"https:\/\/redenoticiaz.com.br\/ribeiraopreto-regiao\/wp-json\/wp\/v2\/media?parent=4208"}],"wp:term":[{"taxonomy":"category","embeddable":true,"href":"https:\/\/redenoticiaz.com.br\/ribeiraopreto-regiao\/wp-json\/wp\/v2\/categories?post=4208"},{"taxonomy":"post_tag","embeddable":true,"href":"https:\/\/redenoticiaz.com.br\/ribeiraopreto-regiao\/wp-json\/wp\/v2\/tags?post=4208"}],"curies":[{"name":"wp","href":"https:\/\/api.w.org\/{rel}","templated":true}]}}