{"id":4272,"date":"2022-05-19T08:49:49","date_gmt":"2022-05-19T11:49:49","guid":{"rendered":"https:\/\/redenoticiaz.com.br\/barretos-regiao\/sp\/2022\/05\/19\/santos-bate-o-la-calera-nos-acrescimos-e-vira-lider-na-sul-americana"},"modified":"2022-05-19T08:49:49","modified_gmt":"2022-05-19T11:49:49","slug":"santos-bate-o-la-calera-nos-acrescimos-e-vira-lider-na-sul-americana","status":"publish","type":"post","link":"https:\/\/redenoticiaz.com.br\/ribeiraopreto-regiao\/sp\/2022\/05\/19\/santos-bate-o-la-calera-nos-acrescimos-e-vira-lider-na-sul-americana","title":{"rendered":"Santos bate o La Calera nos acr\u00e9scimos e vira l\u00edder na Sul-Americana"},"content":{"rendered":"<p>Foi duro, com emo\u00e7\u00e3o, drama e apreens\u00e3o, mas no fim o torcedor do <strong>Santos<\/strong> p\u00f4de festejar uma imp\u00f3rtante vit\u00f3ria da equipe nessa quarta-feira (18) pela <a href=\"https:\/\/www.conmebol.com\/pt-br\/\">Copa Sul-Americana<\/a>. Contra o <strong>Uni\u00f3n La Calera (CHI)<\/strong>, na Vila Belmiro, o Peixe veio para cima, pressionou, colocou quatro bolas na trave e ainda sofreu momentos de confus\u00e3o. At\u00e9 os 56 minutos do segundo tempo, quando o t\u00e3o aguardado gol enfim aconteceu.<\/p>\n<p>Pensando no Campeonato Brasileiro e tamb\u00e9m na busca de dar entrosamento ao elenco, o t\u00e9cnico F\u00e1bian Bustos optou por escalar equipe mista, apesar da necessidade de vencer para seguir vivo na Sul-Americana. O primeiro tempo foi do Santos tomar iniciativa, mas sem aquela organiza\u00e7\u00e3o ideal do ataque a primeira chance veio com Ricardo Goulart, que perdeu o gol.<\/p>\n<p>Os chilenos, por sua vez, tentavam aproveitar as falhas na troca de passe dos santistas, mas tamb\u00e9m pecava na constru\u00e7\u00e3o das jogadas. Bem verdade que o La Calera chegou a balan\u00e7ar as redes com S\u00e1ez, s\u00f3 que o impedimento foi mal marcado. Como n\u00e3o h\u00e1 \u00e1rbitro de v\u00eddeo na fase de grupos, n\u00e3o houve revis\u00e3o. O Santos buscou reagir com Ricardo Goulart, mas ele errou novamente.<\/p>\n<h3>Guerra e al\u00edvio<\/h3>\n<p>Veio o segundo tempo e o Santos metralhou o La Calera em chances de gol. Somente em quatro minutos foram duas bolas na trave. Primeiro com Pedro Henrique contra o pr\u00f3prio gol, depois numa outra jogada a\u00e9rea em que Ricardo Goulart tamb\u00e9m ficou no quase.\u00a0 L\u00e9o Baptist\u00e3o, Rodrigo Fern\u00e1ndez, Lucas Barbosa, Angulo e Lucas Pires entraram para dar mais volume de jogo para os santistas.<\/p>\n<p>Mas apesar de posse de bola, o ritmo do Santos foi diminuindo aos poucos, e o La Calera aproveitou para parar mais o jogo e tentar segurar a bola no campo de ataque, claramente satisfeito com o 0 a 0. O \u00e1rbitro deu inicialmente cinco minutos de acr\u00e9scimo, mas, sem jogo e com confus\u00f5es, que renderam as expuls\u00f5es de Sim\u00f3n Ram\u00edrez par ao Uni\u00f3n LA Calera e tamb\u00e9m de L\u00e9o Baptist\u00e3o para o Santos.<\/p>\n<p>O Peixe teve uma \u00faltima chance em lan\u00e7amento de Sandry, que Lucas Barbosa finalizou e fez explodir a Vila Belmiro. Ap\u00f3s o gol, mais confus\u00e3o, agora por reclama\u00e7\u00e3o dos chilenos devido ao gol anotado.<\/p>\n<p>Com a vit\u00f3ria o Santos vira l\u00edder do Grupo C da Copa Sul-Americana, j\u00e1 que soma 10 pontos, contra oito, justamente do Uni\u00f3n La Calera. Na \u00faltima rodada, os chilenos pegam o Universidad de Quito, enquanto o Peixe recebe o j\u00e1 eliminado Banfield \u2013 uma vit\u00f3ria simples garante a classifica\u00e7\u00e3o \u00e0s oitavas.<\/p>\n<p>Antes disso, o Santos volta a campo no s\u00e1bado (21), pelo Campeonato Brasileiro. \u00c0s 18h30, na Arena Barueri, o Peixe enfrenta o Cear\u00e1.<\/p>\n<p><strong>LEIA TAMB\u00c9M<\/strong><\/p>\n<p><a href=\"https:\/\/redenoticiaz.com.br\/blog\/2022\/05\/18\/bragantino-perde-em-casa-para-o-estudiantes-e-fica-ameacado-na-libertadores\">Bragantino perde em casa para o Estudiantes e fica amea\u00e7ado na Libertadores<\/a><\/p>\n","protected":false},"excerpt":{"rendered":"<p>Foi duro, com emo\u00e7\u00e3o, drama e apreens\u00e3o, mas no fim o torcedor do Santos p\u00f4de festejar uma imp\u00f3rtante vit\u00f3ria da equipe nessa quarta-feira (18) pela Copa Sul-Americana. Contra o Uni\u00f3n La Calera (CHI), na Vila Belmiro, o Peixe veio para cima, pressionou, colocou quatro bolas na trave e ainda sofreu momentos de confus\u00e3o. At\u00e9 os &hellip;<\/p>\n","protected":false},"author":6,"featured_media":4273,"comment_status":"open","ping_status":"closed","sticky":false,"template":"","format":"standard","meta":{"footnotes":""},"categories":[87],"tags":[6205,6206,16904,107,13514,10204],"class_list":["post-4272","post","type-post","status-publish","format-standard","has-post-thumbnail","hentry","category-esporte","tag-copa-sul-americana","tag-fase-de-grupos","tag-lucas-barbosa","tag-santos-fc","tag-union-la-calera","tag-vila-belmiro"],"yoast_head":"<!-- This site is optimized with the Yoast SEO plugin v27.4 - https:\/\/yoast.com\/product\/yoast-seo-wordpress\/ -->\n<title>Santos bate o La Calera nos acr\u00e9scimos e vira l\u00edder na Sul-Americana - Ribeir\u00e3o Preto e Regi\u00e3o<\/title>\n<meta name=\"description\" content=\"do Santos p\u00f4de festejar uma imp\u00f3rtante vit\u00f3ria da equipe nessa quarta-feira (18) pela Copa Sul-Americana. Contra o Uni\u00f3n La Calera (CHI), na\" \/>\n<meta name=\"robots\" content=\"index, follow, max-snippet:-1, max-image-preview:large, max-video-preview:-1\" \/>\n<link rel=\"canonical\" href=\"https:\/\/redenoticiaz.com.br\/ribeiraopreto-regiao\/sp\/2022\/05\/19\/santos-bate-o-la-calera-nos-acrescimos-e-vira-lider-na-sul-americana\" \/>\n<meta property=\"og:locale\" content=\"pt_BR\" \/>\n<meta property=\"og:type\" content=\"article\" \/>\n<meta property=\"og:title\" content=\"Santos bate o La Calera nos acr\u00e9scimos e vira l\u00edder na Sul-Americana - Ribeir\u00e3o Preto e Regi\u00e3o\" \/>\n<meta property=\"og:description\" content=\"do Santos p\u00f4de festejar uma imp\u00f3rtante vit\u00f3ria da equipe nessa quarta-feira (18) pela Copa Sul-Americana. Contra o Uni\u00f3n La Calera (CHI), na\" \/>\n<meta property=\"og:url\" content=\"https:\/\/redenoticiaz.com.br\/ribeiraopreto-regiao\/sp\/2022\/05\/19\/santos-bate-o-la-calera-nos-acrescimos-e-vira-lider-na-sul-americana\" \/>\n<meta property=\"og:site_name\" content=\"Ribeir\u00e3o Preto e Regi\u00e3o\" \/>\n<meta property=\"article:publisher\" content=\"https:\/\/m.facebook.com\/redenoticiaz.barretos\" \/>\n<meta property=\"article:published_time\" content=\"2022-05-19T11:49:49+00:00\" \/>\n<meta property=\"og:image\" content=\"https:\/\/redenoticiaz.com.br\/ribeiraopreto-regiao\/wp-content\/uploads\/sites\/4\/2022\/02\/logo.jpg\" \/>\n\t<meta property=\"og:image:width\" content=\"400\" \/>\n\t<meta property=\"og:image:height\" content=\"250\" \/>\n\t<meta property=\"og:image:type\" content=\"image\/jpeg\" \/>\n<meta name=\"author\" content=\"Leonardo Francisco\" \/>\n<meta name=\"twitter:card\" content=\"summary_large_image\" \/>\n<meta name=\"twitter:creator\" content=\"@RN_barretos\" \/>\n<meta name=\"twitter:site\" content=\"@RN_barretos\" \/>\n<meta name=\"twitter:label1\" content=\"Escrito por\" \/>\n\t<meta name=\"twitter:data1\" content=\"Leonardo Francisco\" \/>\n\t<meta name=\"twitter:label2\" content=\"Est. tempo de leitura\" \/>\n\t<meta name=\"twitter:data2\" content=\"2 minutos\" \/>\n<script type=\"application\/ld+json\" class=\"yoast-schema-graph\">{\"@context\":\"https:\\\/\\\/schema.org\",\"@graph\":[{\"@type\":\"Article\",\"@id\":\"https:\\\/\\\/redenoticiaz.com.br\\\/ribeiraopreto-regiao\\\/sp\\\/2022\\\/05\\\/19\\\/santos-bate-o-la-calera-nos-acrescimos-e-vira-lider-na-sul-americana#article\",\"isPartOf\":{\"@id\":\"https:\\\/\\\/redenoticiaz.com.br\\\/ribeiraopreto-regiao\\\/sp\\\/2022\\\/05\\\/19\\\/santos-bate-o-la-calera-nos-acrescimos-e-vira-lider-na-sul-americana\"},\"author\":{\"name\":\"Leonardo Francisco\",\"@id\":\"https:\\\/\\\/redenoticiaz.com.br\\\/ribeiraopreto-regiao\\\/#\\\/schema\\\/person\\\/0f0b8a5bdafefe82841e07ae8d81ecb3\"},\"headline\":\"Santos bate o La Calera nos acr\u00e9scimos e vira l\u00edder na Sul-Americana\",\"datePublished\":\"2022-05-19T11:49:49+00:00\",\"mainEntityOfPage\":{\"@id\":\"https:\\\/\\\/redenoticiaz.com.br\\\/ribeiraopreto-regiao\\\/sp\\\/2022\\\/05\\\/19\\\/santos-bate-o-la-calera-nos-acrescimos-e-vira-lider-na-sul-americana\"},\"wordCount\":511,\"commentCount\":0,\"publisher\":{\"@id\":\"https:\\\/\\\/redenoticiaz.com.br\\\/ribeiraopreto-regiao\\\/#organization\"},\"image\":{\"@id\":\"https:\\\/\\\/redenoticiaz.com.br\\\/ribeiraopreto-regiao\\\/sp\\\/2022\\\/05\\\/19\\\/santos-bate-o-la-calera-nos-acrescimos-e-vira-lider-na-sul-americana#primaryimage\"},\"thumbnailUrl\":\"https:\\\/\\\/redenoticiaz.com.br\\\/ribeiraopreto-regiao\\\/wp-content\\\/uploads\\\/sites\\\/4\\\/2022\\\/05\\\/peixe-1.jpg?v=1652960942\",\"keywords\":[\"COPA SUL-AMERICANA\",\"FASE DE GRUPOS\",\"LUCAS BARBOSA\",\"Santos FC\",\"UNI\u00d3N LA CALERA\",\"Vila Belmiro\"],\"articleSection\":[\"Esporte\"],\"inLanguage\":\"pt-BR\",\"potentialAction\":[{\"@type\":\"CommentAction\",\"name\":\"Comment\",\"target\":[\"https:\\\/\\\/redenoticiaz.com.br\\\/ribeiraopreto-regiao\\\/sp\\\/2022\\\/05\\\/19\\\/santos-bate-o-la-calera-nos-acrescimos-e-vira-lider-na-sul-americana#respond\"]}]},{\"@type\":\"WebPage\",\"@id\":\"https:\\\/\\\/redenoticiaz.com.br\\\/ribeiraopreto-regiao\\\/sp\\\/2022\\\/05\\\/19\\\/santos-bate-o-la-calera-nos-acrescimos-e-vira-lider-na-sul-americana\",\"url\":\"https:\\\/\\\/redenoticiaz.com.br\\\/ribeiraopreto-regiao\\\/sp\\\/2022\\\/05\\\/19\\\/santos-bate-o-la-calera-nos-acrescimos-e-vira-lider-na-sul-americana\",\"name\":\"Santos bate o La Calera nos acr\u00e9scimos e vira l\u00edder na Sul-Americana - Ribeir\u00e3o Preto e Regi\u00e3o\",\"isPartOf\":{\"@id\":\"https:\\\/\\\/redenoticiaz.com.br\\\/ribeiraopreto-regiao\\\/#website\"},\"primaryImageOfPage\":{\"@id\":\"https:\\\/\\\/redenoticiaz.com.br\\\/ribeiraopreto-regiao\\\/sp\\\/2022\\\/05\\\/19\\\/santos-bate-o-la-calera-nos-acrescimos-e-vira-lider-na-sul-americana#primaryimage\"},\"image\":{\"@id\":\"https:\\\/\\\/redenoticiaz.com.br\\\/ribeiraopreto-regiao\\\/sp\\\/2022\\\/05\\\/19\\\/santos-bate-o-la-calera-nos-acrescimos-e-vira-lider-na-sul-americana#primaryimage\"},\"thumbnailUrl\":\"https:\\\/\\\/redenoticiaz.com.br\\\/ribeiraopreto-regiao\\\/wp-content\\\/uploads\\\/sites\\\/4\\\/2022\\\/05\\\/peixe-1.jpg?v=1652960942\",\"datePublished\":\"2022-05-19T11:49:49+00:00\",\"description\":\"do Santos p\u00f4de festejar uma imp\u00f3rtante vit\u00f3ria da equipe nessa quarta-feira (18) pela Copa Sul-Americana. Contra o Uni\u00f3n La Calera (CHI), na\",\"inLanguage\":\"pt-BR\",\"potentialAction\":[{\"@type\":\"ReadAction\",\"target\":[\"https:\\\/\\\/redenoticiaz.com.br\\\/ribeiraopreto-regiao\\\/sp\\\/2022\\\/05\\\/19\\\/santos-bate-o-la-calera-nos-acrescimos-e-vira-lider-na-sul-americana\"]}]},{\"@type\":\"ImageObject\",\"inLanguage\":\"pt-BR\",\"@id\":\"https:\\\/\\\/redenoticiaz.com.br\\\/ribeiraopreto-regiao\\\/sp\\\/2022\\\/05\\\/19\\\/santos-bate-o-la-calera-nos-acrescimos-e-vira-lider-na-sul-americana#primaryimage\",\"url\":\"https:\\\/\\\/redenoticiaz.com.br\\\/ribeiraopreto-regiao\\\/wp-content\\\/uploads\\\/sites\\\/4\\\/2022\\\/05\\\/peixe-1.jpg?v=1652960942\",\"contentUrl\":\"https:\\\/\\\/redenoticiaz.com.br\\\/ribeiraopreto-regiao\\\/wp-content\\\/uploads\\\/sites\\\/4\\\/2022\\\/05\\\/peixe-1.jpg?v=1652960942\",\"width\":806,\"height\":443,\"caption\":\"Cr\u00e9ditos: Reprodu\u00e7\u00e3o\\\/Conmebol\"},{\"@type\":\"WebSite\",\"@id\":\"https:\\\/\\\/redenoticiaz.com.br\\\/ribeiraopreto-regiao\\\/#website\",\"url\":\"https:\\\/\\\/redenoticiaz.com.br\\\/ribeiraopreto-regiao\\\/\",\"name\":\"Ribeir\u00e3o Preto e Regi\u00e3o\",\"description\":\"Rede NoticiaZ - Ribeir\u00e3o Preto e regi\u00e3o\",\"publisher\":{\"@id\":\"https:\\\/\\\/redenoticiaz.com.br\\\/ribeiraopreto-regiao\\\/#organization\"},\"potentialAction\":[{\"@type\":\"SearchAction\",\"target\":{\"@type\":\"EntryPoint\",\"urlTemplate\":\"https:\\\/\\\/redenoticiaz.com.br\\\/ribeiraopreto-regiao\\\/?s={search_term_string}\"},\"query-input\":{\"@type\":\"PropertyValueSpecification\",\"valueRequired\":true,\"valueName\":\"search_term_string\"}}],\"inLanguage\":\"pt-BR\"},{\"@type\":\"Organization\",\"@id\":\"https:\\\/\\\/redenoticiaz.com.br\\\/ribeiraopreto-regiao\\\/#organization\",\"name\":\"Ribeir\u00e3o Preto e Regi\u00e3o\",\"url\":\"https:\\\/\\\/redenoticiaz.com.br\\\/ribeiraopreto-regiao\\\/\",\"logo\":{\"@type\":\"ImageObject\",\"inLanguage\":\"pt-BR\",\"@id\":\"https:\\\/\\\/redenoticiaz.com.br\\\/ribeiraopreto-regiao\\\/#\\\/schema\\\/logo\\\/image\\\/\",\"url\":\"https:\\\/\\\/redenoticiaz.com.br\\\/barretos-regiao\\\/wp-content\\\/uploads\\\/sites\\\/4\\\/2022\\\/02\\\/logo.jpg\",\"contentUrl\":\"https:\\\/\\\/redenoticiaz.com.br\\\/barretos-regiao\\\/wp-content\\\/uploads\\\/sites\\\/4\\\/2022\\\/02\\\/logo.jpg\",\"width\":400,\"height\":250,\"caption\":\"Ribeir\u00e3o Preto e Regi\u00e3o\"},\"image\":{\"@id\":\"https:\\\/\\\/redenoticiaz.com.br\\\/ribeiraopreto-regiao\\\/#\\\/schema\\\/logo\\\/image\\\/\"},\"sameAs\":[\"https:\\\/\\\/m.facebook.com\\\/redenoticiaz.barretos\",\"https:\\\/\\\/x.com\\\/RN_barretos\",\"https:\\\/\\\/www.instagram.com\\\/redenoticiaz.barretos\\\/?igshid=YmMyMTA2M2Y\",\"https:\\\/\\\/www.linkedin.com\\\/company\\\/rede-noticiaz-barretos-e-regio\\\/\"]},{\"@type\":\"Person\",\"@id\":\"https:\\\/\\\/redenoticiaz.com.br\\\/ribeiraopreto-regiao\\\/#\\\/schema\\\/person\\\/0f0b8a5bdafefe82841e07ae8d81ecb3\",\"name\":\"Leonardo Francisco\",\"image\":{\"@type\":\"ImageObject\",\"inLanguage\":\"pt-BR\",\"@id\":\"https:\\\/\\\/secure.gravatar.com\\\/avatar\\\/a7358cb406a99b682ec6df1e77e31ae82e63601f6784e8a3df411d72b37864da?s=96&d=mm&r=g\",\"url\":\"https:\\\/\\\/secure.gravatar.com\\\/avatar\\\/a7358cb406a99b682ec6df1e77e31ae82e63601f6784e8a3df411d72b37864da?s=96&d=mm&r=g\",\"contentUrl\":\"https:\\\/\\\/secure.gravatar.com\\\/avatar\\\/a7358cb406a99b682ec6df1e77e31ae82e63601f6784e8a3df411d72b37864da?s=96&d=mm&r=g\",\"caption\":\"Leonardo Francisco\"},\"url\":\"https:\\\/\\\/redenoticiaz.com.br\\\/ribeiraopreto-regiao\\\/sp\\\/author\\\/leonardo-francisco\"}]}<\/script>\n<!-- \/ Yoast SEO plugin. -->","yoast_head_json":{"title":"Santos bate o La Calera nos acr\u00e9scimos e vira l\u00edder na Sul-Americana - Ribeir\u00e3o Preto e Regi\u00e3o","description":"do Santos p\u00f4de festejar uma imp\u00f3rtante vit\u00f3ria da equipe nessa quarta-feira (18) pela Copa Sul-Americana. Contra o Uni\u00f3n La Calera (CHI), na","robots":{"index":"index","follow":"follow","max-snippet":"max-snippet:-1","max-image-preview":"max-image-preview:large","max-video-preview":"max-video-preview:-1"},"canonical":"https:\/\/redenoticiaz.com.br\/ribeiraopreto-regiao\/sp\/2022\/05\/19\/santos-bate-o-la-calera-nos-acrescimos-e-vira-lider-na-sul-americana","og_locale":"pt_BR","og_type":"article","og_title":"Santos bate o La Calera nos acr\u00e9scimos e vira l\u00edder na Sul-Americana - Ribeir\u00e3o Preto e Regi\u00e3o","og_description":"do Santos p\u00f4de festejar uma imp\u00f3rtante vit\u00f3ria da equipe nessa quarta-feira (18) pela Copa Sul-Americana. Contra o Uni\u00f3n La Calera (CHI), na","og_url":"https:\/\/redenoticiaz.com.br\/ribeiraopreto-regiao\/sp\/2022\/05\/19\/santos-bate-o-la-calera-nos-acrescimos-e-vira-lider-na-sul-americana","og_site_name":"Ribeir\u00e3o Preto e Regi\u00e3o","article_publisher":"https:\/\/m.facebook.com\/redenoticiaz.barretos","article_published_time":"2022-05-19T11:49:49+00:00","og_image":[{"width":400,"height":250,"url":"https:\/\/redenoticiaz.com.br\/ribeiraopreto-regiao\/wp-content\/uploads\/sites\/4\/2022\/02\/logo.jpg","type":"image\/jpeg"}],"author":"Leonardo Francisco","twitter_card":"summary_large_image","twitter_creator":"@RN_barretos","twitter_site":"@RN_barretos","twitter_misc":{"Escrito por":"Leonardo Francisco","Est. tempo de leitura":"2 minutos"},"schema":{"@context":"https:\/\/schema.org","@graph":[{"@type":"Article","@id":"https:\/\/redenoticiaz.com.br\/ribeiraopreto-regiao\/sp\/2022\/05\/19\/santos-bate-o-la-calera-nos-acrescimos-e-vira-lider-na-sul-americana#article","isPartOf":{"@id":"https:\/\/redenoticiaz.com.br\/ribeiraopreto-regiao\/sp\/2022\/05\/19\/santos-bate-o-la-calera-nos-acrescimos-e-vira-lider-na-sul-americana"},"author":{"name":"Leonardo Francisco","@id":"https:\/\/redenoticiaz.com.br\/ribeiraopreto-regiao\/#\/schema\/person\/0f0b8a5bdafefe82841e07ae8d81ecb3"},"headline":"Santos bate o La Calera nos acr\u00e9scimos e vira l\u00edder na Sul-Americana","datePublished":"2022-05-19T11:49:49+00:00","mainEntityOfPage":{"@id":"https:\/\/redenoticiaz.com.br\/ribeiraopreto-regiao\/sp\/2022\/05\/19\/santos-bate-o-la-calera-nos-acrescimos-e-vira-lider-na-sul-americana"},"wordCount":511,"commentCount":0,"publisher":{"@id":"https:\/\/redenoticiaz.com.br\/ribeiraopreto-regiao\/#organization"},"image":{"@id":"https:\/\/redenoticiaz.com.br\/ribeiraopreto-regiao\/sp\/2022\/05\/19\/santos-bate-o-la-calera-nos-acrescimos-e-vira-lider-na-sul-americana#primaryimage"},"thumbnailUrl":"https:\/\/redenoticiaz.com.br\/ribeiraopreto-regiao\/wp-content\/uploads\/sites\/4\/2022\/05\/peixe-1.jpg?v=1652960942","keywords":["COPA SUL-AMERICANA","FASE DE GRUPOS","LUCAS BARBOSA","Santos FC","UNI\u00d3N LA CALERA","Vila Belmiro"],"articleSection":["Esporte"],"inLanguage":"pt-BR","potentialAction":[{"@type":"CommentAction","name":"Comment","target":["https:\/\/redenoticiaz.com.br\/ribeiraopreto-regiao\/sp\/2022\/05\/19\/santos-bate-o-la-calera-nos-acrescimos-e-vira-lider-na-sul-americana#respond"]}]},{"@type":"WebPage","@id":"https:\/\/redenoticiaz.com.br\/ribeiraopreto-regiao\/sp\/2022\/05\/19\/santos-bate-o-la-calera-nos-acrescimos-e-vira-lider-na-sul-americana","url":"https:\/\/redenoticiaz.com.br\/ribeiraopreto-regiao\/sp\/2022\/05\/19\/santos-bate-o-la-calera-nos-acrescimos-e-vira-lider-na-sul-americana","name":"Santos bate o La Calera nos acr\u00e9scimos e vira l\u00edder na Sul-Americana - Ribeir\u00e3o Preto e Regi\u00e3o","isPartOf":{"@id":"https:\/\/redenoticiaz.com.br\/ribeiraopreto-regiao\/#website"},"primaryImageOfPage":{"@id":"https:\/\/redenoticiaz.com.br\/ribeiraopreto-regiao\/sp\/2022\/05\/19\/santos-bate-o-la-calera-nos-acrescimos-e-vira-lider-na-sul-americana#primaryimage"},"image":{"@id":"https:\/\/redenoticiaz.com.br\/ribeiraopreto-regiao\/sp\/2022\/05\/19\/santos-bate-o-la-calera-nos-acrescimos-e-vira-lider-na-sul-americana#primaryimage"},"thumbnailUrl":"https:\/\/redenoticiaz.com.br\/ribeiraopreto-regiao\/wp-content\/uploads\/sites\/4\/2022\/05\/peixe-1.jpg?v=1652960942","datePublished":"2022-05-19T11:49:49+00:00","description":"do Santos p\u00f4de festejar uma imp\u00f3rtante vit\u00f3ria da equipe nessa quarta-feira (18) pela Copa Sul-Americana. Contra o Uni\u00f3n La Calera (CHI), na","inLanguage":"pt-BR","potentialAction":[{"@type":"ReadAction","target":["https:\/\/redenoticiaz.com.br\/ribeiraopreto-regiao\/sp\/2022\/05\/19\/santos-bate-o-la-calera-nos-acrescimos-e-vira-lider-na-sul-americana"]}]},{"@type":"ImageObject","inLanguage":"pt-BR","@id":"https:\/\/redenoticiaz.com.br\/ribeiraopreto-regiao\/sp\/2022\/05\/19\/santos-bate-o-la-calera-nos-acrescimos-e-vira-lider-na-sul-americana#primaryimage","url":"https:\/\/redenoticiaz.com.br\/ribeiraopreto-regiao\/wp-content\/uploads\/sites\/4\/2022\/05\/peixe-1.jpg?v=1652960942","contentUrl":"https:\/\/redenoticiaz.com.br\/ribeiraopreto-regiao\/wp-content\/uploads\/sites\/4\/2022\/05\/peixe-1.jpg?v=1652960942","width":806,"height":443,"caption":"Cr\u00e9ditos: Reprodu\u00e7\u00e3o\/Conmebol"},{"@type":"WebSite","@id":"https:\/\/redenoticiaz.com.br\/ribeiraopreto-regiao\/#website","url":"https:\/\/redenoticiaz.com.br\/ribeiraopreto-regiao\/","name":"Ribeir\u00e3o Preto e Regi\u00e3o","description":"Rede NoticiaZ - Ribeir\u00e3o Preto e regi\u00e3o","publisher":{"@id":"https:\/\/redenoticiaz.com.br\/ribeiraopreto-regiao\/#organization"},"potentialAction":[{"@type":"SearchAction","target":{"@type":"EntryPoint","urlTemplate":"https:\/\/redenoticiaz.com.br\/ribeiraopreto-regiao\/?s={search_term_string}"},"query-input":{"@type":"PropertyValueSpecification","valueRequired":true,"valueName":"search_term_string"}}],"inLanguage":"pt-BR"},{"@type":"Organization","@id":"https:\/\/redenoticiaz.com.br\/ribeiraopreto-regiao\/#organization","name":"Ribeir\u00e3o Preto e Regi\u00e3o","url":"https:\/\/redenoticiaz.com.br\/ribeiraopreto-regiao\/","logo":{"@type":"ImageObject","inLanguage":"pt-BR","@id":"https:\/\/redenoticiaz.com.br\/ribeiraopreto-regiao\/#\/schema\/logo\/image\/","url":"https:\/\/redenoticiaz.com.br\/barretos-regiao\/wp-content\/uploads\/sites\/4\/2022\/02\/logo.jpg","contentUrl":"https:\/\/redenoticiaz.com.br\/barretos-regiao\/wp-content\/uploads\/sites\/4\/2022\/02\/logo.jpg","width":400,"height":250,"caption":"Ribeir\u00e3o Preto e Regi\u00e3o"},"image":{"@id":"https:\/\/redenoticiaz.com.br\/ribeiraopreto-regiao\/#\/schema\/logo\/image\/"},"sameAs":["https:\/\/m.facebook.com\/redenoticiaz.barretos","https:\/\/x.com\/RN_barretos","https:\/\/www.instagram.com\/redenoticiaz.barretos\/?igshid=YmMyMTA2M2Y","https:\/\/www.linkedin.com\/company\/rede-noticiaz-barretos-e-regio\/"]},{"@type":"Person","@id":"https:\/\/redenoticiaz.com.br\/ribeiraopreto-regiao\/#\/schema\/person\/0f0b8a5bdafefe82841e07ae8d81ecb3","name":"Leonardo Francisco","image":{"@type":"ImageObject","inLanguage":"pt-BR","@id":"https:\/\/secure.gravatar.com\/avatar\/a7358cb406a99b682ec6df1e77e31ae82e63601f6784e8a3df411d72b37864da?s=96&d=mm&r=g","url":"https:\/\/secure.gravatar.com\/avatar\/a7358cb406a99b682ec6df1e77e31ae82e63601f6784e8a3df411d72b37864da?s=96&d=mm&r=g","contentUrl":"https:\/\/secure.gravatar.com\/avatar\/a7358cb406a99b682ec6df1e77e31ae82e63601f6784e8a3df411d72b37864da?s=96&d=mm&r=g","caption":"Leonardo Francisco"},"url":"https:\/\/redenoticiaz.com.br\/ribeiraopreto-regiao\/sp\/author\/leonardo-francisco"}]}},"_links":{"self":[{"href":"https:\/\/redenoticiaz.com.br\/ribeiraopreto-regiao\/wp-json\/wp\/v2\/posts\/4272","targetHints":{"allow":["GET"]}}],"collection":[{"href":"https:\/\/redenoticiaz.com.br\/ribeiraopreto-regiao\/wp-json\/wp\/v2\/posts"}],"about":[{"href":"https:\/\/redenoticiaz.com.br\/ribeiraopreto-regiao\/wp-json\/wp\/v2\/types\/post"}],"author":[{"embeddable":true,"href":"https:\/\/redenoticiaz.com.br\/ribeiraopreto-regiao\/wp-json\/wp\/v2\/users\/6"}],"replies":[{"embeddable":true,"href":"https:\/\/redenoticiaz.com.br\/ribeiraopreto-regiao\/wp-json\/wp\/v2\/comments?post=4272"}],"version-history":[{"count":0,"href":"https:\/\/redenoticiaz.com.br\/ribeiraopreto-regiao\/wp-json\/wp\/v2\/posts\/4272\/revisions"}],"wp:featuredmedia":[{"embeddable":true,"href":"https:\/\/redenoticiaz.com.br\/ribeiraopreto-regiao\/wp-json\/wp\/v2\/media\/4273"}],"wp:attachment":[{"href":"https:\/\/redenoticiaz.com.br\/ribeiraopreto-regiao\/wp-json\/wp\/v2\/media?parent=4272"}],"wp:term":[{"taxonomy":"category","embeddable":true,"href":"https:\/\/redenoticiaz.com.br\/ribeiraopreto-regiao\/wp-json\/wp\/v2\/categories?post=4272"},{"taxonomy":"post_tag","embeddable":true,"href":"https:\/\/redenoticiaz.com.br\/ribeiraopreto-regiao\/wp-json\/wp\/v2\/tags?post=4272"}],"curies":[{"name":"wp","href":"https:\/\/api.w.org\/{rel}","templated":true}]}}