{"id":4280,"date":"2022-05-19T14:52:21","date_gmt":"2022-05-19T17:52:21","guid":{"rendered":"https:\/\/redenoticiaz.com.br\/barretos-regiao\/?p=4280"},"modified":"2022-05-19T14:52:21","modified_gmt":"2022-05-19T17:52:21","slug":"operacao-huracan-fiscaliza-aceiros-em-canaviais-no-entorno-de-barretos","status":"publish","type":"post","link":"https:\/\/redenoticiaz.com.br\/ribeiraopreto-regiao\/sp\/2022\/05\/19\/operacao-huracan-fiscaliza-aceiros-em-canaviais-no-entorno-de-barretos","title":{"rendered":"Opera\u00e7\u00e3o Hurac\u00e1n fiscaliza aceiros em canaviais no entorno de Barretos"},"content":{"rendered":"<p>Opera\u00e7\u00e3o Hurac\u00e1n por meio da Pol\u00edcia Ambiental,\u00a0Minist\u00e9rio P\u00fablico de S\u00e3o Paulo, junto com do Grupo de Atua\u00e7\u00e3o Especializada em Meio Ambiente (Gaema). Bem como, a participa\u00e7\u00e3o da Defesa Civil de Barretos, atrav\u00e9s dos Bombeiros Municipais, visa prevenir inc\u00eandio nas matas.<\/p>\n<p>Segundo o Bombeiro Municipal, Ricardo Maia, as equipes participaram de vistorias juntamente com a Pol\u00edcia Ambiental na Zona Rural ao redor da cidade. Entre as regi\u00f5es dos bairros Mais Parque, Vida Nova e Aeroporto, para verificar a exist\u00eancia de aceiros.<\/p>\n<p>A opera\u00e7\u00e3o em Barretos, foi realizada pelo sargento La\u00e9rcio, cabo D`Angelo, juntamente com os bombeiros municipais Raul e Shiba. Nesse sentido, percorreram 51 km na \u00e1rea em torno dos canaviais. A opera\u00e7\u00e3o prossegue hoje.<\/p>\n<p>VEJA TAMB\u00c9M:\u00a0<a href=\"https:\/\/redenoticiaz.com.br\/barretos-regiao\/sp\/2022\/05\/02\/acidente-com-onibus-mata-sete-pessoas-e-deixa-outras-13-feridas-no-parana\">Acidente com \u00f4nibus mata sete pessoas e deixa outras 13 feridas no Paran\u00e1<\/a><\/p>\n","protected":false},"excerpt":{"rendered":"<p>Opera\u00e7\u00e3o Hurac\u00e1n por meio da Pol\u00edcia Ambiental,\u00a0Minist\u00e9rio P\u00fablico de S\u00e3o Paulo, junto com do Grupo de Atua\u00e7\u00e3o Especializada em Meio Ambiente (Gaema). Bem como, a participa\u00e7\u00e3o da Defesa Civil de Barretos, atrav\u00e9s dos Bombeiros Municipais, visa prevenir inc\u00eandio nas matas. Segundo o Bombeiro Municipal, Ricardo Maia, as equipes participaram de vistorias juntamente com a Pol\u00edcia &hellip;<\/p>\n","protected":false},"author":15,"featured_media":4281,"comment_status":"open","ping_status":"closed","sticky":false,"template":"","format":"standard","meta":{"footnotes":""},"categories":[88],"tags":[64,831,16911,59,16912],"class_list":["post-4280","post","type-post","status-publish","format-standard","has-post-thumbnail","hentry","category-policia","tag-barretos","tag-corpo-de-bombeiros","tag-operacao-huracan","tag-policia-ambiental","tag-queimadas"],"yoast_head":"<!-- This site is optimized with the Yoast SEO plugin v27.4 - https:\/\/yoast.com\/product\/yoast-seo-wordpress\/ -->\n<title>Opera\u00e7\u00e3o Hurac\u00e1n fiscaliza aceiros em canaviais no entorno de Barretos - Ribeir\u00e3o Preto e Regi\u00e3o<\/title>\n<meta name=\"description\" content=\"Opera\u00e7\u00e3o Hurac\u00e1n por meio da Pol\u00edcia Ambiental,\u00a0Minist\u00e9rio P\u00fablico de S\u00e3o Paulo, junto com do Grupo de Atua\u00e7\u00e3o Especializada em Meio Ambiente (Gaema).\" \/>\n<meta name=\"robots\" content=\"index, follow, max-snippet:-1, max-image-preview:large, max-video-preview:-1\" \/>\n<link rel=\"canonical\" href=\"https:\/\/redenoticiaz.com.br\/ribeiraopreto-regiao\/sp\/2022\/05\/19\/operacao-huracan-fiscaliza-aceiros-em-canaviais-no-entorno-de-barretos\" \/>\n<meta property=\"og:locale\" content=\"pt_BR\" \/>\n<meta property=\"og:type\" content=\"article\" \/>\n<meta property=\"og:title\" content=\"Opera\u00e7\u00e3o Hurac\u00e1n fiscaliza aceiros em canaviais no entorno de Barretos - Ribeir\u00e3o Preto e Regi\u00e3o\" \/>\n<meta property=\"og:description\" content=\"Opera\u00e7\u00e3o Hurac\u00e1n por meio da Pol\u00edcia Ambiental,\u00a0Minist\u00e9rio P\u00fablico de S\u00e3o Paulo, junto com do Grupo de Atua\u00e7\u00e3o Especializada em Meio Ambiente (Gaema).\" \/>\n<meta property=\"og:url\" content=\"https:\/\/redenoticiaz.com.br\/ribeiraopreto-regiao\/sp\/2022\/05\/19\/operacao-huracan-fiscaliza-aceiros-em-canaviais-no-entorno-de-barretos\" \/>\n<meta property=\"og:site_name\" content=\"Ribeir\u00e3o Preto e Regi\u00e3o\" \/>\n<meta property=\"article:publisher\" content=\"https:\/\/m.facebook.com\/redenoticiaz.barretos\" \/>\n<meta property=\"article:published_time\" content=\"2022-05-19T17:52:21+00:00\" \/>\n<meta property=\"og:image\" content=\"https:\/\/redenoticiaz.com.br\/ribeiraopreto-regiao\/wp-content\/uploads\/sites\/4\/2022\/05\/Captura-de-Tela-133.png\" \/>\n\t<meta property=\"og:image:width\" content=\"447\" \/>\n\t<meta property=\"og:image:height\" content=\"275\" \/>\n\t<meta property=\"og:image:type\" content=\"image\/png\" \/>\n<meta name=\"twitter:card\" content=\"summary_large_image\" \/>\n<meta name=\"twitter:creator\" content=\"@RN_barretos\" \/>\n<meta name=\"twitter:site\" content=\"@RN_barretos\" \/>\n<meta name=\"twitter:label1\" content=\"Escrito por\" \/>\n\t<meta name=\"twitter:data1\" content=\"\" \/>\n\t<meta name=\"twitter:label2\" content=\"Est. tempo de leitura\" \/>\n\t<meta name=\"twitter:data2\" content=\"1 minuto\" \/>\n<script type=\"application\/ld+json\" class=\"yoast-schema-graph\">{\"@context\":\"https:\\\/\\\/schema.org\",\"@graph\":[{\"@type\":\"Article\",\"@id\":\"https:\\\/\\\/redenoticiaz.com.br\\\/ribeiraopreto-regiao\\\/sp\\\/2022\\\/05\\\/19\\\/operacao-huracan-fiscaliza-aceiros-em-canaviais-no-entorno-de-barretos#article\",\"isPartOf\":{\"@id\":\"https:\\\/\\\/redenoticiaz.com.br\\\/ribeiraopreto-regiao\\\/sp\\\/2022\\\/05\\\/19\\\/operacao-huracan-fiscaliza-aceiros-em-canaviais-no-entorno-de-barretos\"},\"author\":{\"name\":\"\",\"@id\":\"\"},\"headline\":\"Opera\u00e7\u00e3o Hurac\u00e1n fiscaliza aceiros em canaviais no entorno de Barretos\",\"datePublished\":\"2022-05-19T17:52:21+00:00\",\"mainEntityOfPage\":{\"@id\":\"https:\\\/\\\/redenoticiaz.com.br\\\/ribeiraopreto-regiao\\\/sp\\\/2022\\\/05\\\/19\\\/operacao-huracan-fiscaliza-aceiros-em-canaviais-no-entorno-de-barretos\"},\"wordCount\":158,\"commentCount\":0,\"publisher\":{\"@id\":\"https:\\\/\\\/redenoticiaz.com.br\\\/ribeiraopreto-regiao\\\/#organization\"},\"image\":{\"@id\":\"https:\\\/\\\/redenoticiaz.com.br\\\/ribeiraopreto-regiao\\\/sp\\\/2022\\\/05\\\/19\\\/operacao-huracan-fiscaliza-aceiros-em-canaviais-no-entorno-de-barretos#primaryimage\"},\"thumbnailUrl\":\"https:\\\/\\\/redenoticiaz.com.br\\\/ribeiraopreto-regiao\\\/wp-content\\\/uploads\\\/sites\\\/4\\\/2022\\\/05\\\/Captura-de-Tela-133.png\",\"keywords\":[\"BARRETOS\",\"CORPO DE BOMBEIROS\",\"OPERA\u00c7\u00c3O HURAC\u00c1N\",\"POL\u00cdCIA AMBIENTAL\",\"queimadas\"],\"articleSection\":[\"Pol\u00edcia\"],\"inLanguage\":\"pt-BR\",\"potentialAction\":[{\"@type\":\"CommentAction\",\"name\":\"Comment\",\"target\":[\"https:\\\/\\\/redenoticiaz.com.br\\\/ribeiraopreto-regiao\\\/sp\\\/2022\\\/05\\\/19\\\/operacao-huracan-fiscaliza-aceiros-em-canaviais-no-entorno-de-barretos#respond\"]}]},{\"@type\":\"WebPage\",\"@id\":\"https:\\\/\\\/redenoticiaz.com.br\\\/ribeiraopreto-regiao\\\/sp\\\/2022\\\/05\\\/19\\\/operacao-huracan-fiscaliza-aceiros-em-canaviais-no-entorno-de-barretos\",\"url\":\"https:\\\/\\\/redenoticiaz.com.br\\\/ribeiraopreto-regiao\\\/sp\\\/2022\\\/05\\\/19\\\/operacao-huracan-fiscaliza-aceiros-em-canaviais-no-entorno-de-barretos\",\"name\":\"Opera\u00e7\u00e3o Hurac\u00e1n fiscaliza aceiros em canaviais no entorno de Barretos - Ribeir\u00e3o Preto e Regi\u00e3o\",\"isPartOf\":{\"@id\":\"https:\\\/\\\/redenoticiaz.com.br\\\/ribeiraopreto-regiao\\\/#website\"},\"primaryImageOfPage\":{\"@id\":\"https:\\\/\\\/redenoticiaz.com.br\\\/ribeiraopreto-regiao\\\/sp\\\/2022\\\/05\\\/19\\\/operacao-huracan-fiscaliza-aceiros-em-canaviais-no-entorno-de-barretos#primaryimage\"},\"image\":{\"@id\":\"https:\\\/\\\/redenoticiaz.com.br\\\/ribeiraopreto-regiao\\\/sp\\\/2022\\\/05\\\/19\\\/operacao-huracan-fiscaliza-aceiros-em-canaviais-no-entorno-de-barretos#primaryimage\"},\"thumbnailUrl\":\"https:\\\/\\\/redenoticiaz.com.br\\\/ribeiraopreto-regiao\\\/wp-content\\\/uploads\\\/sites\\\/4\\\/2022\\\/05\\\/Captura-de-Tela-133.png\",\"datePublished\":\"2022-05-19T17:52:21+00:00\",\"description\":\"Opera\u00e7\u00e3o Hurac\u00e1n por meio da Pol\u00edcia Ambiental,\u00a0Minist\u00e9rio P\u00fablico de S\u00e3o Paulo, junto com do Grupo de Atua\u00e7\u00e3o Especializada em Meio Ambiente (Gaema).\",\"inLanguage\":\"pt-BR\",\"potentialAction\":[{\"@type\":\"ReadAction\",\"target\":[\"https:\\\/\\\/redenoticiaz.com.br\\\/ribeiraopreto-regiao\\\/sp\\\/2022\\\/05\\\/19\\\/operacao-huracan-fiscaliza-aceiros-em-canaviais-no-entorno-de-barretos\"]}]},{\"@type\":\"ImageObject\",\"inLanguage\":\"pt-BR\",\"@id\":\"https:\\\/\\\/redenoticiaz.com.br\\\/ribeiraopreto-regiao\\\/sp\\\/2022\\\/05\\\/19\\\/operacao-huracan-fiscaliza-aceiros-em-canaviais-no-entorno-de-barretos#primaryimage\",\"url\":\"https:\\\/\\\/redenoticiaz.com.br\\\/ribeiraopreto-regiao\\\/wp-content\\\/uploads\\\/sites\\\/4\\\/2022\\\/05\\\/Captura-de-Tela-133.png\",\"contentUrl\":\"https:\\\/\\\/redenoticiaz.com.br\\\/ribeiraopreto-regiao\\\/wp-content\\\/uploads\\\/sites\\\/4\\\/2022\\\/05\\\/Captura-de-Tela-133.png\",\"width\":447,\"height\":275,\"caption\":\"Fiscaliza\u00e7\u00e3o: Cr\u00e9dito: Reprodu\u00e7\u00e3o\"},{\"@type\":\"WebSite\",\"@id\":\"https:\\\/\\\/redenoticiaz.com.br\\\/ribeiraopreto-regiao\\\/#website\",\"url\":\"https:\\\/\\\/redenoticiaz.com.br\\\/ribeiraopreto-regiao\\\/\",\"name\":\"Ribeir\u00e3o Preto e Regi\u00e3o\",\"description\":\"Rede NoticiaZ - Ribeir\u00e3o Preto e regi\u00e3o\",\"publisher\":{\"@id\":\"https:\\\/\\\/redenoticiaz.com.br\\\/ribeiraopreto-regiao\\\/#organization\"},\"potentialAction\":[{\"@type\":\"SearchAction\",\"target\":{\"@type\":\"EntryPoint\",\"urlTemplate\":\"https:\\\/\\\/redenoticiaz.com.br\\\/ribeiraopreto-regiao\\\/?s={search_term_string}\"},\"query-input\":{\"@type\":\"PropertyValueSpecification\",\"valueRequired\":true,\"valueName\":\"search_term_string\"}}],\"inLanguage\":\"pt-BR\"},{\"@type\":\"Organization\",\"@id\":\"https:\\\/\\\/redenoticiaz.com.br\\\/ribeiraopreto-regiao\\\/#organization\",\"name\":\"Ribeir\u00e3o Preto e Regi\u00e3o\",\"url\":\"https:\\\/\\\/redenoticiaz.com.br\\\/ribeiraopreto-regiao\\\/\",\"logo\":{\"@type\":\"ImageObject\",\"inLanguage\":\"pt-BR\",\"@id\":\"https:\\\/\\\/redenoticiaz.com.br\\\/ribeiraopreto-regiao\\\/#\\\/schema\\\/logo\\\/image\\\/\",\"url\":\"https:\\\/\\\/redenoticiaz.com.br\\\/barretos-regiao\\\/wp-content\\\/uploads\\\/sites\\\/4\\\/2022\\\/02\\\/logo.jpg\",\"contentUrl\":\"https:\\\/\\\/redenoticiaz.com.br\\\/barretos-regiao\\\/wp-content\\\/uploads\\\/sites\\\/4\\\/2022\\\/02\\\/logo.jpg\",\"width\":400,\"height\":250,\"caption\":\"Ribeir\u00e3o Preto e Regi\u00e3o\"},\"image\":{\"@id\":\"https:\\\/\\\/redenoticiaz.com.br\\\/ribeiraopreto-regiao\\\/#\\\/schema\\\/logo\\\/image\\\/\"},\"sameAs\":[\"https:\\\/\\\/m.facebook.com\\\/redenoticiaz.barretos\",\"https:\\\/\\\/x.com\\\/RN_barretos\",\"https:\\\/\\\/www.instagram.com\\\/redenoticiaz.barretos\\\/?igshid=YmMyMTA2M2Y\",\"https:\\\/\\\/www.linkedin.com\\\/company\\\/rede-noticiaz-barretos-e-regio\\\/\"]},{\"@type\":\"Person\",\"@id\":\"\",\"url\":\"https:\\\/\\\/redenoticiaz.com.br\\\/ribeiraopreto-regiao\\\/sp\\\/author\"}]}<\/script>\n<!-- \/ Yoast SEO plugin. -->","yoast_head_json":{"title":"Opera\u00e7\u00e3o Hurac\u00e1n fiscaliza aceiros em canaviais no entorno de Barretos - Ribeir\u00e3o Preto e Regi\u00e3o","description":"Opera\u00e7\u00e3o Hurac\u00e1n por meio da Pol\u00edcia Ambiental,\u00a0Minist\u00e9rio P\u00fablico de S\u00e3o Paulo, junto com do Grupo de Atua\u00e7\u00e3o Especializada em Meio Ambiente (Gaema).","robots":{"index":"index","follow":"follow","max-snippet":"max-snippet:-1","max-image-preview":"max-image-preview:large","max-video-preview":"max-video-preview:-1"},"canonical":"https:\/\/redenoticiaz.com.br\/ribeiraopreto-regiao\/sp\/2022\/05\/19\/operacao-huracan-fiscaliza-aceiros-em-canaviais-no-entorno-de-barretos","og_locale":"pt_BR","og_type":"article","og_title":"Opera\u00e7\u00e3o Hurac\u00e1n fiscaliza aceiros em canaviais no entorno de Barretos - Ribeir\u00e3o Preto e Regi\u00e3o","og_description":"Opera\u00e7\u00e3o Hurac\u00e1n por meio da Pol\u00edcia Ambiental,\u00a0Minist\u00e9rio P\u00fablico de S\u00e3o Paulo, junto com do Grupo de Atua\u00e7\u00e3o Especializada em Meio Ambiente (Gaema).","og_url":"https:\/\/redenoticiaz.com.br\/ribeiraopreto-regiao\/sp\/2022\/05\/19\/operacao-huracan-fiscaliza-aceiros-em-canaviais-no-entorno-de-barretos","og_site_name":"Ribeir\u00e3o Preto e Regi\u00e3o","article_publisher":"https:\/\/m.facebook.com\/redenoticiaz.barretos","article_published_time":"2022-05-19T17:52:21+00:00","og_image":[{"width":447,"height":275,"url":"https:\/\/redenoticiaz.com.br\/ribeiraopreto-regiao\/wp-content\/uploads\/sites\/4\/2022\/05\/Captura-de-Tela-133.png","type":"image\/png"}],"twitter_card":"summary_large_image","twitter_creator":"@RN_barretos","twitter_site":"@RN_barretos","twitter_misc":{"Escrito por":"","Est. tempo de leitura":"1 minuto"},"schema":{"@context":"https:\/\/schema.org","@graph":[{"@type":"Article","@id":"https:\/\/redenoticiaz.com.br\/ribeiraopreto-regiao\/sp\/2022\/05\/19\/operacao-huracan-fiscaliza-aceiros-em-canaviais-no-entorno-de-barretos#article","isPartOf":{"@id":"https:\/\/redenoticiaz.com.br\/ribeiraopreto-regiao\/sp\/2022\/05\/19\/operacao-huracan-fiscaliza-aceiros-em-canaviais-no-entorno-de-barretos"},"author":{"name":"","@id":""},"headline":"Opera\u00e7\u00e3o Hurac\u00e1n fiscaliza aceiros em canaviais no entorno de Barretos","datePublished":"2022-05-19T17:52:21+00:00","mainEntityOfPage":{"@id":"https:\/\/redenoticiaz.com.br\/ribeiraopreto-regiao\/sp\/2022\/05\/19\/operacao-huracan-fiscaliza-aceiros-em-canaviais-no-entorno-de-barretos"},"wordCount":158,"commentCount":0,"publisher":{"@id":"https:\/\/redenoticiaz.com.br\/ribeiraopreto-regiao\/#organization"},"image":{"@id":"https:\/\/redenoticiaz.com.br\/ribeiraopreto-regiao\/sp\/2022\/05\/19\/operacao-huracan-fiscaliza-aceiros-em-canaviais-no-entorno-de-barretos#primaryimage"},"thumbnailUrl":"https:\/\/redenoticiaz.com.br\/ribeiraopreto-regiao\/wp-content\/uploads\/sites\/4\/2022\/05\/Captura-de-Tela-133.png","keywords":["BARRETOS","CORPO DE BOMBEIROS","OPERA\u00c7\u00c3O HURAC\u00c1N","POL\u00cdCIA AMBIENTAL","queimadas"],"articleSection":["Pol\u00edcia"],"inLanguage":"pt-BR","potentialAction":[{"@type":"CommentAction","name":"Comment","target":["https:\/\/redenoticiaz.com.br\/ribeiraopreto-regiao\/sp\/2022\/05\/19\/operacao-huracan-fiscaliza-aceiros-em-canaviais-no-entorno-de-barretos#respond"]}]},{"@type":"WebPage","@id":"https:\/\/redenoticiaz.com.br\/ribeiraopreto-regiao\/sp\/2022\/05\/19\/operacao-huracan-fiscaliza-aceiros-em-canaviais-no-entorno-de-barretos","url":"https:\/\/redenoticiaz.com.br\/ribeiraopreto-regiao\/sp\/2022\/05\/19\/operacao-huracan-fiscaliza-aceiros-em-canaviais-no-entorno-de-barretos","name":"Opera\u00e7\u00e3o Hurac\u00e1n fiscaliza aceiros em canaviais no entorno de Barretos - Ribeir\u00e3o Preto e Regi\u00e3o","isPartOf":{"@id":"https:\/\/redenoticiaz.com.br\/ribeiraopreto-regiao\/#website"},"primaryImageOfPage":{"@id":"https:\/\/redenoticiaz.com.br\/ribeiraopreto-regiao\/sp\/2022\/05\/19\/operacao-huracan-fiscaliza-aceiros-em-canaviais-no-entorno-de-barretos#primaryimage"},"image":{"@id":"https:\/\/redenoticiaz.com.br\/ribeiraopreto-regiao\/sp\/2022\/05\/19\/operacao-huracan-fiscaliza-aceiros-em-canaviais-no-entorno-de-barretos#primaryimage"},"thumbnailUrl":"https:\/\/redenoticiaz.com.br\/ribeiraopreto-regiao\/wp-content\/uploads\/sites\/4\/2022\/05\/Captura-de-Tela-133.png","datePublished":"2022-05-19T17:52:21+00:00","description":"Opera\u00e7\u00e3o Hurac\u00e1n por meio da Pol\u00edcia Ambiental,\u00a0Minist\u00e9rio P\u00fablico de S\u00e3o Paulo, junto com do Grupo de Atua\u00e7\u00e3o Especializada em Meio Ambiente (Gaema).","inLanguage":"pt-BR","potentialAction":[{"@type":"ReadAction","target":["https:\/\/redenoticiaz.com.br\/ribeiraopreto-regiao\/sp\/2022\/05\/19\/operacao-huracan-fiscaliza-aceiros-em-canaviais-no-entorno-de-barretos"]}]},{"@type":"ImageObject","inLanguage":"pt-BR","@id":"https:\/\/redenoticiaz.com.br\/ribeiraopreto-regiao\/sp\/2022\/05\/19\/operacao-huracan-fiscaliza-aceiros-em-canaviais-no-entorno-de-barretos#primaryimage","url":"https:\/\/redenoticiaz.com.br\/ribeiraopreto-regiao\/wp-content\/uploads\/sites\/4\/2022\/05\/Captura-de-Tela-133.png","contentUrl":"https:\/\/redenoticiaz.com.br\/ribeiraopreto-regiao\/wp-content\/uploads\/sites\/4\/2022\/05\/Captura-de-Tela-133.png","width":447,"height":275,"caption":"Fiscaliza\u00e7\u00e3o: Cr\u00e9dito: Reprodu\u00e7\u00e3o"},{"@type":"WebSite","@id":"https:\/\/redenoticiaz.com.br\/ribeiraopreto-regiao\/#website","url":"https:\/\/redenoticiaz.com.br\/ribeiraopreto-regiao\/","name":"Ribeir\u00e3o Preto e Regi\u00e3o","description":"Rede NoticiaZ - Ribeir\u00e3o Preto e regi\u00e3o","publisher":{"@id":"https:\/\/redenoticiaz.com.br\/ribeiraopreto-regiao\/#organization"},"potentialAction":[{"@type":"SearchAction","target":{"@type":"EntryPoint","urlTemplate":"https:\/\/redenoticiaz.com.br\/ribeiraopreto-regiao\/?s={search_term_string}"},"query-input":{"@type":"PropertyValueSpecification","valueRequired":true,"valueName":"search_term_string"}}],"inLanguage":"pt-BR"},{"@type":"Organization","@id":"https:\/\/redenoticiaz.com.br\/ribeiraopreto-regiao\/#organization","name":"Ribeir\u00e3o Preto e Regi\u00e3o","url":"https:\/\/redenoticiaz.com.br\/ribeiraopreto-regiao\/","logo":{"@type":"ImageObject","inLanguage":"pt-BR","@id":"https:\/\/redenoticiaz.com.br\/ribeiraopreto-regiao\/#\/schema\/logo\/image\/","url":"https:\/\/redenoticiaz.com.br\/barretos-regiao\/wp-content\/uploads\/sites\/4\/2022\/02\/logo.jpg","contentUrl":"https:\/\/redenoticiaz.com.br\/barretos-regiao\/wp-content\/uploads\/sites\/4\/2022\/02\/logo.jpg","width":400,"height":250,"caption":"Ribeir\u00e3o Preto e Regi\u00e3o"},"image":{"@id":"https:\/\/redenoticiaz.com.br\/ribeiraopreto-regiao\/#\/schema\/logo\/image\/"},"sameAs":["https:\/\/m.facebook.com\/redenoticiaz.barretos","https:\/\/x.com\/RN_barretos","https:\/\/www.instagram.com\/redenoticiaz.barretos\/?igshid=YmMyMTA2M2Y","https:\/\/www.linkedin.com\/company\/rede-noticiaz-barretos-e-regio\/"]},{"@type":"Person","@id":"","url":"https:\/\/redenoticiaz.com.br\/ribeiraopreto-regiao\/sp\/author"}]}},"_links":{"self":[{"href":"https:\/\/redenoticiaz.com.br\/ribeiraopreto-regiao\/wp-json\/wp\/v2\/posts\/4280","targetHints":{"allow":["GET"]}}],"collection":[{"href":"https:\/\/redenoticiaz.com.br\/ribeiraopreto-regiao\/wp-json\/wp\/v2\/posts"}],"about":[{"href":"https:\/\/redenoticiaz.com.br\/ribeiraopreto-regiao\/wp-json\/wp\/v2\/types\/post"}],"author":[{"embeddable":true,"href":"https:\/\/redenoticiaz.com.br\/ribeiraopreto-regiao\/wp-json\/wp\/v2\/users\/15"}],"replies":[{"embeddable":true,"href":"https:\/\/redenoticiaz.com.br\/ribeiraopreto-regiao\/wp-json\/wp\/v2\/comments?post=4280"}],"version-history":[{"count":1,"href":"https:\/\/redenoticiaz.com.br\/ribeiraopreto-regiao\/wp-json\/wp\/v2\/posts\/4280\/revisions"}],"predecessor-version":[{"id":4282,"href":"https:\/\/redenoticiaz.com.br\/ribeiraopreto-regiao\/wp-json\/wp\/v2\/posts\/4280\/revisions\/4282"}],"wp:featuredmedia":[{"embeddable":true,"href":"https:\/\/redenoticiaz.com.br\/ribeiraopreto-regiao\/wp-json\/wp\/v2\/media\/4281"}],"wp:attachment":[{"href":"https:\/\/redenoticiaz.com.br\/ribeiraopreto-regiao\/wp-json\/wp\/v2\/media?parent=4280"}],"wp:term":[{"taxonomy":"category","embeddable":true,"href":"https:\/\/redenoticiaz.com.br\/ribeiraopreto-regiao\/wp-json\/wp\/v2\/categories?post=4280"},{"taxonomy":"post_tag","embeddable":true,"href":"https:\/\/redenoticiaz.com.br\/ribeiraopreto-regiao\/wp-json\/wp\/v2\/tags?post=4280"}],"curies":[{"name":"wp","href":"https:\/\/api.w.org\/{rel}","templated":true}]}}