{"id":4323,"date":"2022-05-22T12:00:43","date_gmt":"2022-05-22T15:00:43","guid":{"rendered":"https:\/\/redenoticiaz.com.br\/barretos-regiao\/?p=4323"},"modified":"2022-05-20T11:20:31","modified_gmt":"2022-05-20T14:20:31","slug":"avanco-de-casos-de-gripe-e-da-pneumonia-geram-alerta-neste-outono","status":"publish","type":"post","link":"https:\/\/redenoticiaz.com.br\/ribeiraopreto-regiao\/sp\/2022\/05\/22\/avanco-de-casos-de-gripe-e-da-pneumonia-geram-alerta-neste-outono","title":{"rendered":"Avan\u00e7o de casos de gripe e da pneumonia geram alerta neste outono"},"content":{"rendered":"<p>O outono brasileiro teve a semana mais gelada do ano e em algumas cidades, o frio bateu recordes que n\u00e3o eram presenciados h\u00e1 d\u00e9cadas. E o perigo envolve a <strong>gripe<\/strong>. De acordo com com o <a href=\"https:\/\/www.sabin.com.br\/\">Grupo Sabin<\/a>, entre os meses de janeiro a mar\u00e7o deste ano, mais de 5 mil casos de gripe foram confirmados por exames laboratoriais.<\/p>\n<p>Em tr\u00eas meses passa da metade de todos os registros do ano passado. O avan\u00e7o da doen\u00e7a preocupa autoridades de sa\u00fade e provoca o alerta dos especialistas para a combina\u00e7\u00e3o entre a baixa ades\u00e3o \u00e0 campanha nacional de vacina\u00e7\u00e3o e as oscila\u00e7\u00f5es clim\u00e1ticas previstas para os pr\u00f3ximos meses.<\/p>\n<p>&#8220;Pouco mais de 30% dos idosos foram imunizadas at\u00e9 o momento. Apesar da campanha estender-se at\u00e9 22 de julho na rede p\u00fablica, o momento mais oportuno para imunizar-se contra a gripe \u00e9 antes da chegada do clima mais ameno. Dessa forma, favorece a circula\u00e7\u00e3o dos v\u00edrus respirat\u00f3rios, entre eles a gripe&#8221;, observa a m\u00e9dica infectologista, Luciana Campos.<\/p>\n<h3>Inverno ser\u00e1 pior<\/h3>\n<p>A especialista alerta ainda que no pr\u00f3ximo m\u00eas, quando come\u00e7a o inverno no Brasil, os casos de gripe crescem por causa da maior circula\u00e7\u00e3o dos v\u00edrus. Por isso, hpa o fato das pessoas buscarem ambientes mais fechados, o que facilita a transmiss\u00e3o.<\/p>\n<p>&#8220;Precisamos que a popula\u00e7\u00e3o esteja alerta e busque prote\u00e7\u00e3o. Em junho, teremos dias de baixas temperaturas em v\u00e1rias cidades brasileiras, que seguem at\u00e9 setembro. Isto pode ser agravante para n\u00e3o vacinados e\/ou com pr\u00e9-disposi\u00e7\u00e3o \u00e0s doen\u00e7as oportunistas, t\u00edpicas deste per\u00edodo&#8221;, informa a infectologista. Al\u00e9m disso, ela ressalta tamb\u00e9m que a vacina demora cerca de 14 dias para conferir imunidade.<\/p>\n<p>Ainda de acordo com a m\u00e9dica, muitos casos de gripe podem evoluir e agravar quadros cl\u00ednicos, especialmente em pessoas com hist\u00f3rico de outras doen\u00e7as. Entre as complica\u00e7\u00f5es mais recorrentes est\u00e3o o agravamento doen\u00e7as cr\u00f4nicas, sinusite, desidrata\u00e7\u00e3o, otite e a pneumonia (tanto a bacteriana quanto a causada por outros v\u00edrus).\u00a0&#8220;As pneumonias e gripes t\u00eam alguns sintomas parecidos, mas caracter\u00edsticas distintas como febre mais alta e tosse n\u00e3o seca quando falamos de pneumonia&#8221;, observa.<\/p>\n<p>A preocupa\u00e7\u00e3o da m\u00e9dica com a pneumonia encontra motiva\u00e7\u00e3o nos indicadores\u00a0do Sistema de Informa\u00e7\u00f5es Hospitalares do SUS (SIH\/SUS), do Minist\u00e9rio da Sa\u00fade, que revelam\u00a0mais de 25 mil interna\u00e7\u00f5es e\u00a0mais de 3 mil \u00f3bitos\u00a0no Brasil, ocorridos de janeiro a agosto de 2021.<\/p>\n<h3>O perigo da pneumonia<\/h3>\n<p>Doen\u00e7a s\u00e9ria e grave, a pneumonia \u00e9 uma infec\u00e7\u00e3o de vias a\u00e9reas inferiores, principalmente pulm\u00f5es. Podendo ser causada pela bact\u00e9ria\u00a0<i>Streptococcus pneumoniae<\/i>, conhecida como pneumococo, a pneumonia \u00e9 apontada como uma das\u00a0principais\u00a0respons\u00e1veis por grande parte das interna\u00e7\u00f5es hospitalares no pa\u00eds, especialmente de pessoas com mais de 50 anos.<\/p>\n<p>Al\u00e9m disso, de acordo com os indicadores da Organiza\u00e7\u00e3o Mundial da Sa\u00fade, as\u00a0doen\u00e7as pneumoc\u00f3cicas s\u00e3o respons\u00e1veis por mais de 1,6 milh\u00e3o todos os anos no mundo. A boa not\u00edcia \u00e9 que ela\u00a0pode ser prevenida com imunizantes dispon\u00edveis nas redes de sa\u00fade p\u00fablica e particular.<\/p>\n<h3>Vacina \u00e9 essencial<\/h3>\n<p>A m\u00e9dica explica ainda que as vacinas s\u00e3o fabricadas conforme par\u00e2metros internacionais de seguran\u00e7a,\u00a0conhe\u00e7am\u00a0os\u00a0benef\u00edcios da imuniza\u00e7\u00e3o e procurem os postos p\u00fablicos de imuniza\u00e7\u00e3o ou unidades de vacina\u00e7\u00e3o nas redes privadas,\u00a0de acordo com o\u00a0o recomendado para cada idade ou situa\u00e7\u00e3o.<\/p>\n<p>&#8220;Primeiro \u00e9 preciso entender que todas as vacinas passam por um processo minucioso de prepara\u00e7\u00e3o at\u00e9 aprova\u00e7\u00e3o, antes de serem utilizadas. Elas s\u00e3o desenvolvidas seguindo as recomenda\u00e7\u00f5es da Organiza\u00e7\u00e3o Mundial da Sa\u00fade (OMS) e da Ag\u00eancia Nacional de Vigil\u00e2ncia Sanit\u00e1ria (Anvisa), para garantirem seguran\u00e7a e efic\u00e1cia. O segundo passo \u00e9 estar com o\u00a0cart\u00e3o de vacinas\u00a0atualizado. E, claro,\u00a0estar\u00a0atento \u00e0s necessidades individuais de prote\u00e7\u00e3o&#8221;, detalha.<\/p>\n<p>Indicada para adultos, adolescentes, idosos e crian\u00e7as a partir dos seis meses de idade, a vacina quadrivalente contra a gripe previne infec\u00e7\u00f5es por quatro tipos de v\u00edrus influenza: H1N1, H3N2, Influenza B (Victoria) e Influenza B (Yamagata).<\/p>\n<p>&#8220;A vacina da gripe \u00e9 atualizada todos os anos, baseada na vigil\u00e2ncia dos v\u00edrus circulantes do ano anterior, tanto no hemisf\u00e9rio norte como sul. Nesta vers\u00e3o de 2022, foi introduzida a nova cepa do subtipo A da Influenza, a H3N2 (Darwin), descoberta na Austr\u00e1lia e apontada como respons\u00e1vel por surtos registrados este ano no Brasil&#8221;.<\/p>\n<h3>Como a pneumonia age?<\/h3>\n<p>Diferentemente da gripe, que \u00e9 causada por um v\u00edrus, a pneumonia pneumoc\u00f3cica tem a bact\u00e9ria pneumococo como principal agente causador de pneumonias\u00a0e tamb\u00e9m de\u00a0meningites e\u00a0outras\u00a0doen\u00e7as.<\/p>\n<p>&#8220;Atualmente, h\u00e1 mais de 90 sorotipos de pneumococos, e temos dois tipos de prote\u00e7\u00e3o: a vacina pneumoc\u00f3cica 23, que protege das doen\u00e7as causadas por 23 sorotipos de pneumococo e pode ser administrada em pessoas maiores de 60 anos, portadores de doen\u00e7as cr\u00f4nicas e imunocomprometidos\u00a0com mais\u00a0de 2 anos de vida; e a vacina\u00a0pneumoc\u00f3cica 13, que \u00e9 recomendada para crian\u00e7as a partir de 2 meses, adolescentes e adultos de todas as idades,\u00a0assegurando preven\u00e7\u00e3o\u00a0contra cerca de 90% das doen\u00e7as graves (pneumonia, meningite, otite) causadas pelos 13 sorotipos de pneumococos&#8221;, finaliza.<\/p>\n<p><strong>LEIA TAMB\u00c9M<\/strong><\/p>\n<p><a href=\"https:\/\/redenoticiaz.com.br\/blog\/2022\/05\/12\/brasil-tera-semana-de-frio-extremo-e-muita-chuva\">Brasil ter\u00e1 semana de frio extremo e muita chuva<\/a><\/p>\n","protected":false},"excerpt":{"rendered":"<p>O outono brasileiro teve a semana mais gelada do ano e em algumas cidades, o frio bateu recordes que n\u00e3o eram presenciados h\u00e1 d\u00e9cadas. E o perigo envolve a gripe. De acordo com com o Grupo Sabin, entre os meses de janeiro a mar\u00e7o deste ano, mais de 5 mil casos de gripe foram confirmados &hellip;<\/p>\n","protected":false},"author":6,"featured_media":4324,"comment_status":"open","ping_status":"closed","sticky":false,"template":"","format":"standard","meta":{"footnotes":""},"categories":[129],"tags":[16942,70,14208,16943,16944],"class_list":["post-4323","post","type-post","status-publish","format-standard","has-post-thumbnail","hentry","category-saude","tag-avanco-de-casos","tag-brasil","tag-gripe","tag-pneumonia","tag-vacina-contra-a-gripe"],"yoast_head":"<!-- This site is optimized with the Yoast SEO plugin v27.4 - https:\/\/yoast.com\/product\/yoast-seo-wordpress\/ -->\n<title>Avan\u00e7o de casos de gripe e da pneumonia geram alerta neste outono - Ribeir\u00e3o Preto e Regi\u00e3o<\/title>\n<meta name=\"description\" content=\"semana mais gelada do ano e em algumas cidades, o frio bateu recordes que n\u00e3o eram presenciados h\u00e1 d\u00e9cadas. E o perigo envolve a gripe. De\" \/>\n<meta name=\"robots\" content=\"index, follow, max-snippet:-1, max-image-preview:large, max-video-preview:-1\" \/>\n<link rel=\"canonical\" href=\"https:\/\/redenoticiaz.com.br\/ribeiraopreto-regiao\/sp\/2022\/05\/22\/avanco-de-casos-de-gripe-e-da-pneumonia-geram-alerta-neste-outono\" \/>\n<meta property=\"og:locale\" content=\"pt_BR\" \/>\n<meta property=\"og:type\" content=\"article\" \/>\n<meta property=\"og:title\" content=\"Avan\u00e7o de casos de gripe e da pneumonia geram alerta neste outono - Ribeir\u00e3o Preto e Regi\u00e3o\" \/>\n<meta property=\"og:description\" content=\"semana mais gelada do ano e em algumas cidades, o frio bateu recordes que n\u00e3o eram presenciados h\u00e1 d\u00e9cadas. E o perigo envolve a gripe. De\" \/>\n<meta property=\"og:url\" content=\"https:\/\/redenoticiaz.com.br\/ribeiraopreto-regiao\/sp\/2022\/05\/22\/avanco-de-casos-de-gripe-e-da-pneumonia-geram-alerta-neste-outono\" \/>\n<meta property=\"og:site_name\" content=\"Ribeir\u00e3o Preto e Regi\u00e3o\" \/>\n<meta property=\"article:publisher\" content=\"https:\/\/m.facebook.com\/redenoticiaz.barretos\" \/>\n<meta property=\"article:published_time\" content=\"2022-05-22T15:00:43+00:00\" \/>\n<meta property=\"og:image\" content=\"https:\/\/redenoticiaz.com.br\/ribeiraopreto-regiao\/wp-content\/uploads\/sites\/4\/2022\/02\/logo.jpg\" \/>\n\t<meta property=\"og:image:width\" content=\"400\" \/>\n\t<meta property=\"og:image:height\" content=\"250\" \/>\n\t<meta property=\"og:image:type\" content=\"image\/jpeg\" \/>\n<meta name=\"author\" content=\"Leonardo Francisco\" \/>\n<meta name=\"twitter:card\" content=\"summary_large_image\" \/>\n<meta name=\"twitter:creator\" content=\"@RN_barretos\" \/>\n<meta name=\"twitter:site\" content=\"@RN_barretos\" \/>\n<meta name=\"twitter:label1\" content=\"Escrito por\" \/>\n\t<meta name=\"twitter:data1\" content=\"Leonardo Francisco\" \/>\n\t<meta name=\"twitter:label2\" content=\"Est. tempo de leitura\" \/>\n\t<meta name=\"twitter:data2\" content=\"5 minutos\" \/>\n<script type=\"application\/ld+json\" class=\"yoast-schema-graph\">{\"@context\":\"https:\\\/\\\/schema.org\",\"@graph\":[{\"@type\":\"Article\",\"@id\":\"https:\\\/\\\/redenoticiaz.com.br\\\/ribeiraopreto-regiao\\\/sp\\\/2022\\\/05\\\/22\\\/avanco-de-casos-de-gripe-e-da-pneumonia-geram-alerta-neste-outono#article\",\"isPartOf\":{\"@id\":\"https:\\\/\\\/redenoticiaz.com.br\\\/ribeiraopreto-regiao\\\/sp\\\/2022\\\/05\\\/22\\\/avanco-de-casos-de-gripe-e-da-pneumonia-geram-alerta-neste-outono\"},\"author\":{\"name\":\"Leonardo Francisco\",\"@id\":\"https:\\\/\\\/redenoticiaz.com.br\\\/ribeiraopreto-regiao\\\/#\\\/schema\\\/person\\\/0f0b8a5bdafefe82841e07ae8d81ecb3\"},\"headline\":\"Avan\u00e7o de casos de gripe e da pneumonia geram alerta neste outono\",\"datePublished\":\"2022-05-22T15:00:43+00:00\",\"mainEntityOfPage\":{\"@id\":\"https:\\\/\\\/redenoticiaz.com.br\\\/ribeiraopreto-regiao\\\/sp\\\/2022\\\/05\\\/22\\\/avanco-de-casos-de-gripe-e-da-pneumonia-geram-alerta-neste-outono\"},\"wordCount\":939,\"commentCount\":0,\"publisher\":{\"@id\":\"https:\\\/\\\/redenoticiaz.com.br\\\/ribeiraopreto-regiao\\\/#organization\"},\"image\":{\"@id\":\"https:\\\/\\\/redenoticiaz.com.br\\\/ribeiraopreto-regiao\\\/sp\\\/2022\\\/05\\\/22\\\/avanco-de-casos-de-gripe-e-da-pneumonia-geram-alerta-neste-outono#primaryimage\"},\"thumbnailUrl\":\"https:\\\/\\\/redenoticiaz.com.br\\\/ribeiraopreto-regiao\\\/wp-content\\\/uploads\\\/sites\\\/4\\\/2022\\\/05\\\/gripe.jpg?v=1653056290\",\"keywords\":[\"AVAN\u00c7O DE CASOS\",\"Brasil\",\"GRIPE\",\"PNEUMONIA\",\"VACINA CONTRA A GRIPE\"],\"articleSection\":[\"Sa\u00fade\"],\"inLanguage\":\"pt-BR\",\"potentialAction\":[{\"@type\":\"CommentAction\",\"name\":\"Comment\",\"target\":[\"https:\\\/\\\/redenoticiaz.com.br\\\/ribeiraopreto-regiao\\\/sp\\\/2022\\\/05\\\/22\\\/avanco-de-casos-de-gripe-e-da-pneumonia-geram-alerta-neste-outono#respond\"]}]},{\"@type\":\"WebPage\",\"@id\":\"https:\\\/\\\/redenoticiaz.com.br\\\/ribeiraopreto-regiao\\\/sp\\\/2022\\\/05\\\/22\\\/avanco-de-casos-de-gripe-e-da-pneumonia-geram-alerta-neste-outono\",\"url\":\"https:\\\/\\\/redenoticiaz.com.br\\\/ribeiraopreto-regiao\\\/sp\\\/2022\\\/05\\\/22\\\/avanco-de-casos-de-gripe-e-da-pneumonia-geram-alerta-neste-outono\",\"name\":\"Avan\u00e7o de casos de gripe e da pneumonia geram alerta neste outono - Ribeir\u00e3o Preto e Regi\u00e3o\",\"isPartOf\":{\"@id\":\"https:\\\/\\\/redenoticiaz.com.br\\\/ribeiraopreto-regiao\\\/#website\"},\"primaryImageOfPage\":{\"@id\":\"https:\\\/\\\/redenoticiaz.com.br\\\/ribeiraopreto-regiao\\\/sp\\\/2022\\\/05\\\/22\\\/avanco-de-casos-de-gripe-e-da-pneumonia-geram-alerta-neste-outono#primaryimage\"},\"image\":{\"@id\":\"https:\\\/\\\/redenoticiaz.com.br\\\/ribeiraopreto-regiao\\\/sp\\\/2022\\\/05\\\/22\\\/avanco-de-casos-de-gripe-e-da-pneumonia-geram-alerta-neste-outono#primaryimage\"},\"thumbnailUrl\":\"https:\\\/\\\/redenoticiaz.com.br\\\/ribeiraopreto-regiao\\\/wp-content\\\/uploads\\\/sites\\\/4\\\/2022\\\/05\\\/gripe.jpg?v=1653056290\",\"datePublished\":\"2022-05-22T15:00:43+00:00\",\"description\":\"semana mais gelada do ano e em algumas cidades, o frio bateu recordes que n\u00e3o eram presenciados h\u00e1 d\u00e9cadas. E o perigo envolve a gripe. De\",\"inLanguage\":\"pt-BR\",\"potentialAction\":[{\"@type\":\"ReadAction\",\"target\":[\"https:\\\/\\\/redenoticiaz.com.br\\\/ribeiraopreto-regiao\\\/sp\\\/2022\\\/05\\\/22\\\/avanco-de-casos-de-gripe-e-da-pneumonia-geram-alerta-neste-outono\"]}]},{\"@type\":\"ImageObject\",\"inLanguage\":\"pt-BR\",\"@id\":\"https:\\\/\\\/redenoticiaz.com.br\\\/ribeiraopreto-regiao\\\/sp\\\/2022\\\/05\\\/22\\\/avanco-de-casos-de-gripe-e-da-pneumonia-geram-alerta-neste-outono#primaryimage\",\"url\":\"https:\\\/\\\/redenoticiaz.com.br\\\/ribeiraopreto-regiao\\\/wp-content\\\/uploads\\\/sites\\\/4\\\/2022\\\/05\\\/gripe.jpg?v=1653056290\",\"contentUrl\":\"https:\\\/\\\/redenoticiaz.com.br\\\/ribeiraopreto-regiao\\\/wp-content\\\/uploads\\\/sites\\\/4\\\/2022\\\/05\\\/gripe.jpg?v=1653056290\",\"width\":640,\"height\":427,\"caption\":\"Cr\u00e9ditos: Divulga\u00e7\u00e3o\\\/Grupo Sabin\"},{\"@type\":\"WebSite\",\"@id\":\"https:\\\/\\\/redenoticiaz.com.br\\\/ribeiraopreto-regiao\\\/#website\",\"url\":\"https:\\\/\\\/redenoticiaz.com.br\\\/ribeiraopreto-regiao\\\/\",\"name\":\"Ribeir\u00e3o Preto e Regi\u00e3o\",\"description\":\"Rede NoticiaZ - Ribeir\u00e3o Preto e regi\u00e3o\",\"publisher\":{\"@id\":\"https:\\\/\\\/redenoticiaz.com.br\\\/ribeiraopreto-regiao\\\/#organization\"},\"potentialAction\":[{\"@type\":\"SearchAction\",\"target\":{\"@type\":\"EntryPoint\",\"urlTemplate\":\"https:\\\/\\\/redenoticiaz.com.br\\\/ribeiraopreto-regiao\\\/?s={search_term_string}\"},\"query-input\":{\"@type\":\"PropertyValueSpecification\",\"valueRequired\":true,\"valueName\":\"search_term_string\"}}],\"inLanguage\":\"pt-BR\"},{\"@type\":\"Organization\",\"@id\":\"https:\\\/\\\/redenoticiaz.com.br\\\/ribeiraopreto-regiao\\\/#organization\",\"name\":\"Ribeir\u00e3o Preto e Regi\u00e3o\",\"url\":\"https:\\\/\\\/redenoticiaz.com.br\\\/ribeiraopreto-regiao\\\/\",\"logo\":{\"@type\":\"ImageObject\",\"inLanguage\":\"pt-BR\",\"@id\":\"https:\\\/\\\/redenoticiaz.com.br\\\/ribeiraopreto-regiao\\\/#\\\/schema\\\/logo\\\/image\\\/\",\"url\":\"https:\\\/\\\/redenoticiaz.com.br\\\/barretos-regiao\\\/wp-content\\\/uploads\\\/sites\\\/4\\\/2022\\\/02\\\/logo.jpg\",\"contentUrl\":\"https:\\\/\\\/redenoticiaz.com.br\\\/barretos-regiao\\\/wp-content\\\/uploads\\\/sites\\\/4\\\/2022\\\/02\\\/logo.jpg\",\"width\":400,\"height\":250,\"caption\":\"Ribeir\u00e3o Preto e Regi\u00e3o\"},\"image\":{\"@id\":\"https:\\\/\\\/redenoticiaz.com.br\\\/ribeiraopreto-regiao\\\/#\\\/schema\\\/logo\\\/image\\\/\"},\"sameAs\":[\"https:\\\/\\\/m.facebook.com\\\/redenoticiaz.barretos\",\"https:\\\/\\\/x.com\\\/RN_barretos\",\"https:\\\/\\\/www.instagram.com\\\/redenoticiaz.barretos\\\/?igshid=YmMyMTA2M2Y\",\"https:\\\/\\\/www.linkedin.com\\\/company\\\/rede-noticiaz-barretos-e-regio\\\/\"]},{\"@type\":\"Person\",\"@id\":\"https:\\\/\\\/redenoticiaz.com.br\\\/ribeiraopreto-regiao\\\/#\\\/schema\\\/person\\\/0f0b8a5bdafefe82841e07ae8d81ecb3\",\"name\":\"Leonardo Francisco\",\"image\":{\"@type\":\"ImageObject\",\"inLanguage\":\"pt-BR\",\"@id\":\"https:\\\/\\\/secure.gravatar.com\\\/avatar\\\/a7358cb406a99b682ec6df1e77e31ae82e63601f6784e8a3df411d72b37864da?s=96&d=mm&r=g\",\"url\":\"https:\\\/\\\/secure.gravatar.com\\\/avatar\\\/a7358cb406a99b682ec6df1e77e31ae82e63601f6784e8a3df411d72b37864da?s=96&d=mm&r=g\",\"contentUrl\":\"https:\\\/\\\/secure.gravatar.com\\\/avatar\\\/a7358cb406a99b682ec6df1e77e31ae82e63601f6784e8a3df411d72b37864da?s=96&d=mm&r=g\",\"caption\":\"Leonardo Francisco\"},\"url\":\"https:\\\/\\\/redenoticiaz.com.br\\\/ribeiraopreto-regiao\\\/sp\\\/author\\\/leonardo-francisco\"}]}<\/script>\n<!-- \/ Yoast SEO plugin. -->","yoast_head_json":{"title":"Avan\u00e7o de casos de gripe e da pneumonia geram alerta neste outono - Ribeir\u00e3o Preto e Regi\u00e3o","description":"semana mais gelada do ano e em algumas cidades, o frio bateu recordes que n\u00e3o eram presenciados h\u00e1 d\u00e9cadas. E o perigo envolve a gripe. De","robots":{"index":"index","follow":"follow","max-snippet":"max-snippet:-1","max-image-preview":"max-image-preview:large","max-video-preview":"max-video-preview:-1"},"canonical":"https:\/\/redenoticiaz.com.br\/ribeiraopreto-regiao\/sp\/2022\/05\/22\/avanco-de-casos-de-gripe-e-da-pneumonia-geram-alerta-neste-outono","og_locale":"pt_BR","og_type":"article","og_title":"Avan\u00e7o de casos de gripe e da pneumonia geram alerta neste outono - Ribeir\u00e3o Preto e Regi\u00e3o","og_description":"semana mais gelada do ano e em algumas cidades, o frio bateu recordes que n\u00e3o eram presenciados h\u00e1 d\u00e9cadas. E o perigo envolve a gripe. De","og_url":"https:\/\/redenoticiaz.com.br\/ribeiraopreto-regiao\/sp\/2022\/05\/22\/avanco-de-casos-de-gripe-e-da-pneumonia-geram-alerta-neste-outono","og_site_name":"Ribeir\u00e3o Preto e Regi\u00e3o","article_publisher":"https:\/\/m.facebook.com\/redenoticiaz.barretos","article_published_time":"2022-05-22T15:00:43+00:00","og_image":[{"width":400,"height":250,"url":"https:\/\/redenoticiaz.com.br\/ribeiraopreto-regiao\/wp-content\/uploads\/sites\/4\/2022\/02\/logo.jpg","type":"image\/jpeg"}],"author":"Leonardo Francisco","twitter_card":"summary_large_image","twitter_creator":"@RN_barretos","twitter_site":"@RN_barretos","twitter_misc":{"Escrito por":"Leonardo Francisco","Est. tempo de leitura":"5 minutos"},"schema":{"@context":"https:\/\/schema.org","@graph":[{"@type":"Article","@id":"https:\/\/redenoticiaz.com.br\/ribeiraopreto-regiao\/sp\/2022\/05\/22\/avanco-de-casos-de-gripe-e-da-pneumonia-geram-alerta-neste-outono#article","isPartOf":{"@id":"https:\/\/redenoticiaz.com.br\/ribeiraopreto-regiao\/sp\/2022\/05\/22\/avanco-de-casos-de-gripe-e-da-pneumonia-geram-alerta-neste-outono"},"author":{"name":"Leonardo Francisco","@id":"https:\/\/redenoticiaz.com.br\/ribeiraopreto-regiao\/#\/schema\/person\/0f0b8a5bdafefe82841e07ae8d81ecb3"},"headline":"Avan\u00e7o de casos de gripe e da pneumonia geram alerta neste outono","datePublished":"2022-05-22T15:00:43+00:00","mainEntityOfPage":{"@id":"https:\/\/redenoticiaz.com.br\/ribeiraopreto-regiao\/sp\/2022\/05\/22\/avanco-de-casos-de-gripe-e-da-pneumonia-geram-alerta-neste-outono"},"wordCount":939,"commentCount":0,"publisher":{"@id":"https:\/\/redenoticiaz.com.br\/ribeiraopreto-regiao\/#organization"},"image":{"@id":"https:\/\/redenoticiaz.com.br\/ribeiraopreto-regiao\/sp\/2022\/05\/22\/avanco-de-casos-de-gripe-e-da-pneumonia-geram-alerta-neste-outono#primaryimage"},"thumbnailUrl":"https:\/\/redenoticiaz.com.br\/ribeiraopreto-regiao\/wp-content\/uploads\/sites\/4\/2022\/05\/gripe.jpg?v=1653056290","keywords":["AVAN\u00c7O DE CASOS","Brasil","GRIPE","PNEUMONIA","VACINA CONTRA A GRIPE"],"articleSection":["Sa\u00fade"],"inLanguage":"pt-BR","potentialAction":[{"@type":"CommentAction","name":"Comment","target":["https:\/\/redenoticiaz.com.br\/ribeiraopreto-regiao\/sp\/2022\/05\/22\/avanco-de-casos-de-gripe-e-da-pneumonia-geram-alerta-neste-outono#respond"]}]},{"@type":"WebPage","@id":"https:\/\/redenoticiaz.com.br\/ribeiraopreto-regiao\/sp\/2022\/05\/22\/avanco-de-casos-de-gripe-e-da-pneumonia-geram-alerta-neste-outono","url":"https:\/\/redenoticiaz.com.br\/ribeiraopreto-regiao\/sp\/2022\/05\/22\/avanco-de-casos-de-gripe-e-da-pneumonia-geram-alerta-neste-outono","name":"Avan\u00e7o de casos de gripe e da pneumonia geram alerta neste outono - Ribeir\u00e3o Preto e Regi\u00e3o","isPartOf":{"@id":"https:\/\/redenoticiaz.com.br\/ribeiraopreto-regiao\/#website"},"primaryImageOfPage":{"@id":"https:\/\/redenoticiaz.com.br\/ribeiraopreto-regiao\/sp\/2022\/05\/22\/avanco-de-casos-de-gripe-e-da-pneumonia-geram-alerta-neste-outono#primaryimage"},"image":{"@id":"https:\/\/redenoticiaz.com.br\/ribeiraopreto-regiao\/sp\/2022\/05\/22\/avanco-de-casos-de-gripe-e-da-pneumonia-geram-alerta-neste-outono#primaryimage"},"thumbnailUrl":"https:\/\/redenoticiaz.com.br\/ribeiraopreto-regiao\/wp-content\/uploads\/sites\/4\/2022\/05\/gripe.jpg?v=1653056290","datePublished":"2022-05-22T15:00:43+00:00","description":"semana mais gelada do ano e em algumas cidades, o frio bateu recordes que n\u00e3o eram presenciados h\u00e1 d\u00e9cadas. E o perigo envolve a gripe. De","inLanguage":"pt-BR","potentialAction":[{"@type":"ReadAction","target":["https:\/\/redenoticiaz.com.br\/ribeiraopreto-regiao\/sp\/2022\/05\/22\/avanco-de-casos-de-gripe-e-da-pneumonia-geram-alerta-neste-outono"]}]},{"@type":"ImageObject","inLanguage":"pt-BR","@id":"https:\/\/redenoticiaz.com.br\/ribeiraopreto-regiao\/sp\/2022\/05\/22\/avanco-de-casos-de-gripe-e-da-pneumonia-geram-alerta-neste-outono#primaryimage","url":"https:\/\/redenoticiaz.com.br\/ribeiraopreto-regiao\/wp-content\/uploads\/sites\/4\/2022\/05\/gripe.jpg?v=1653056290","contentUrl":"https:\/\/redenoticiaz.com.br\/ribeiraopreto-regiao\/wp-content\/uploads\/sites\/4\/2022\/05\/gripe.jpg?v=1653056290","width":640,"height":427,"caption":"Cr\u00e9ditos: Divulga\u00e7\u00e3o\/Grupo Sabin"},{"@type":"WebSite","@id":"https:\/\/redenoticiaz.com.br\/ribeiraopreto-regiao\/#website","url":"https:\/\/redenoticiaz.com.br\/ribeiraopreto-regiao\/","name":"Ribeir\u00e3o Preto e Regi\u00e3o","description":"Rede NoticiaZ - Ribeir\u00e3o Preto e regi\u00e3o","publisher":{"@id":"https:\/\/redenoticiaz.com.br\/ribeiraopreto-regiao\/#organization"},"potentialAction":[{"@type":"SearchAction","target":{"@type":"EntryPoint","urlTemplate":"https:\/\/redenoticiaz.com.br\/ribeiraopreto-regiao\/?s={search_term_string}"},"query-input":{"@type":"PropertyValueSpecification","valueRequired":true,"valueName":"search_term_string"}}],"inLanguage":"pt-BR"},{"@type":"Organization","@id":"https:\/\/redenoticiaz.com.br\/ribeiraopreto-regiao\/#organization","name":"Ribeir\u00e3o Preto e Regi\u00e3o","url":"https:\/\/redenoticiaz.com.br\/ribeiraopreto-regiao\/","logo":{"@type":"ImageObject","inLanguage":"pt-BR","@id":"https:\/\/redenoticiaz.com.br\/ribeiraopreto-regiao\/#\/schema\/logo\/image\/","url":"https:\/\/redenoticiaz.com.br\/barretos-regiao\/wp-content\/uploads\/sites\/4\/2022\/02\/logo.jpg","contentUrl":"https:\/\/redenoticiaz.com.br\/barretos-regiao\/wp-content\/uploads\/sites\/4\/2022\/02\/logo.jpg","width":400,"height":250,"caption":"Ribeir\u00e3o Preto e Regi\u00e3o"},"image":{"@id":"https:\/\/redenoticiaz.com.br\/ribeiraopreto-regiao\/#\/schema\/logo\/image\/"},"sameAs":["https:\/\/m.facebook.com\/redenoticiaz.barretos","https:\/\/x.com\/RN_barretos","https:\/\/www.instagram.com\/redenoticiaz.barretos\/?igshid=YmMyMTA2M2Y","https:\/\/www.linkedin.com\/company\/rede-noticiaz-barretos-e-regio\/"]},{"@type":"Person","@id":"https:\/\/redenoticiaz.com.br\/ribeiraopreto-regiao\/#\/schema\/person\/0f0b8a5bdafefe82841e07ae8d81ecb3","name":"Leonardo Francisco","image":{"@type":"ImageObject","inLanguage":"pt-BR","@id":"https:\/\/secure.gravatar.com\/avatar\/a7358cb406a99b682ec6df1e77e31ae82e63601f6784e8a3df411d72b37864da?s=96&d=mm&r=g","url":"https:\/\/secure.gravatar.com\/avatar\/a7358cb406a99b682ec6df1e77e31ae82e63601f6784e8a3df411d72b37864da?s=96&d=mm&r=g","contentUrl":"https:\/\/secure.gravatar.com\/avatar\/a7358cb406a99b682ec6df1e77e31ae82e63601f6784e8a3df411d72b37864da?s=96&d=mm&r=g","caption":"Leonardo Francisco"},"url":"https:\/\/redenoticiaz.com.br\/ribeiraopreto-regiao\/sp\/author\/leonardo-francisco"}]}},"_links":{"self":[{"href":"https:\/\/redenoticiaz.com.br\/ribeiraopreto-regiao\/wp-json\/wp\/v2\/posts\/4323","targetHints":{"allow":["GET"]}}],"collection":[{"href":"https:\/\/redenoticiaz.com.br\/ribeiraopreto-regiao\/wp-json\/wp\/v2\/posts"}],"about":[{"href":"https:\/\/redenoticiaz.com.br\/ribeiraopreto-regiao\/wp-json\/wp\/v2\/types\/post"}],"author":[{"embeddable":true,"href":"https:\/\/redenoticiaz.com.br\/ribeiraopreto-regiao\/wp-json\/wp\/v2\/users\/6"}],"replies":[{"embeddable":true,"href":"https:\/\/redenoticiaz.com.br\/ribeiraopreto-regiao\/wp-json\/wp\/v2\/comments?post=4323"}],"version-history":[{"count":0,"href":"https:\/\/redenoticiaz.com.br\/ribeiraopreto-regiao\/wp-json\/wp\/v2\/posts\/4323\/revisions"}],"wp:featuredmedia":[{"embeddable":true,"href":"https:\/\/redenoticiaz.com.br\/ribeiraopreto-regiao\/wp-json\/wp\/v2\/media\/4324"}],"wp:attachment":[{"href":"https:\/\/redenoticiaz.com.br\/ribeiraopreto-regiao\/wp-json\/wp\/v2\/media?parent=4323"}],"wp:term":[{"taxonomy":"category","embeddable":true,"href":"https:\/\/redenoticiaz.com.br\/ribeiraopreto-regiao\/wp-json\/wp\/v2\/categories?post=4323"},{"taxonomy":"post_tag","embeddable":true,"href":"https:\/\/redenoticiaz.com.br\/ribeiraopreto-regiao\/wp-json\/wp\/v2\/tags?post=4323"}],"curies":[{"name":"wp","href":"https:\/\/api.w.org\/{rel}","templated":true}]}}