{"id":4387,"date":"2022-05-22T11:29:38","date_gmt":"2022-05-22T14:29:38","guid":{"rendered":"https:\/\/redenoticiaz.com.br\/barretos-regiao\/sp\/2022\/05\/22\/palmeiras-vence-o-juventude-no-sul-e-se-aproxima-da-lideranca-do-brasileirao"},"modified":"2022-05-22T11:29:38","modified_gmt":"2022-05-22T14:29:38","slug":"palmeiras-vence-o-juventude-no-sul-e-se-aproxima-da-lideranca-do-brasileirao","status":"publish","type":"post","link":"https:\/\/redenoticiaz.com.br\/ribeiraopreto-regiao\/sp\/2022\/05\/22\/palmeiras-vence-o-juventude-no-sul-e-se-aproxima-da-lideranca-do-brasileirao","title":{"rendered":"Palmeiras vence o Juventude no Sul e se aproxima da lideran\u00e7a do Brasileir\u00e3o"},"content":{"rendered":"<p>O <strong>Palmeiras<\/strong> embalou de vez no <a href=\"https:\/\/www.cbf.com.br\/\">Campeonato Brasileiro<\/a> e j\u00e1 come\u00e7a a ter a ambi\u00e7\u00e3o do t\u00edtulo da competi\u00e7\u00e3o. No s\u00e1bado (21), o Verd\u00e3o foi at\u00e9 Caxias do Sul, encarar o <strong>Juventude<\/strong> no Alfredo Jaconi e venceu sem dificuldades, chegando a estar a um ponto do l\u00edder Corinthians.<\/p>\n<p>O t\u00e9cnico Abel Ferreira n\u00e3o p\u00f4de contar com o meia atacante Raphael Veiga, que foi diagnosticado com virose. Mas o jogador n\u00e3o fez falta, j\u00e1 que os palmeirenses foram melhores no primeiro tempo. Bem verdade que o Juventude come\u00e7ou pressionando com \u00d3scar Ruiz de cabe\u00e7a. A partir da\u00ed s\u00f3 deu Verd\u00e3o e com gol. Aos 8 minutos, Dudu dem bom cruzamento para Z\u00e9 Rafael pegar de primeira e balan\u00e7ar as redes.<\/p>\n<p>Com Scarpa participando muito bem do jogo, o time de Abel Ferreira controlou as a\u00e7\u00f5es do jogo. Do outro lado, os donos da casa arriscaram esporadicamente e sem perigo. Aos 30, o Palmeiras ampliou. Rony, oportunista, se aproveitou de bate-rebate ap\u00f3s escanteio e fez o segundo.<\/p>\n<p>Na reta final do primeiro tempo, o Juventude teve oportunidade de diminuir em chute de \u00d3scar Ruiz, mas Marcos Rocha salvou em cima da linha. E depois em cabe\u00e7ada de Vitor Mendes, por cima do gol defendido por Weverton.<\/p>\n<h3>Segundo tempo<\/h3>\n<p>O Juventude foi para a cima do Palmeiras e \u00d3scar Ruiz tentou, mas parou em boa defesa de Weverton. A\u00ed o Palmeiras se segurou e encontrou boa oportunidade em cobran\u00e7a de falta de Gustavo Scarpa, bem defendida por C\u00e9sar. Na sequ\u00eancia, Pitta, outra vez de fora da \u00e1rea, foi quem tentou pelos donos da casa. Weverton de novo defendeu.<\/p>\n<p>Com o Juventude sem conseguir criar, o Verd\u00e3o deu trabalho para o goleiro C\u00e9sar em chutes de Scarpa e Breno Lopes. Na reta final do jogo, Danilo acertou belo arremate de fora da \u00e1rea e, mais uma vez, o goleiro do Juventude defendeu. Mas ele n\u00e3o conseguiu, aos 46, evitar o gol de Gabriel Menino, de fora da \u00e1rea. Encoberto e com desvio de Forster, C\u00e9sar viu a bola balan\u00e7ar a rede pela terceira vez.<\/p>\n<p>Mas nem tudo s\u00e3o flores para o Palmeiras. Tudo porque na pr\u00f3xima rodada o Verd\u00e3o ter\u00e1 o cl\u00e1ssico contra o Santos na Vila Belmiro, no pr\u00f3ximo domingo (29) e n\u00e3o vai poder contar com o t\u00e9cnico Abel Ferreira, suspenso pelo terceiro carr\u00e3o amarelo.<\/p>\n<p>Agora com 12 pontos em sete jogos, o Palmeiras salta para a briga pelas primeiras coloca\u00e7\u00f5es e, com a rodada ainda incompleta, aparece no G-4. E o Juventude, com apenas seis, segue na zona de rebaixamento.<\/p>\n<p><strong>LEIA TAMB\u00c9M<\/strong><\/p>\n<p><a href=\"https:\/\/redenoticiaz.com.br\/blog\/2022\/05\/21\/santos-tropeca-e-fica-no-empate-sem-gols-com-o-ceara-pelo-brasileirao\">Santos trope\u00e7a e fica no empate sem gols com o Cear\u00e1 pelo Brasileir\u00e3o<\/a><\/p>\n","protected":false},"excerpt":{"rendered":"<p>O Palmeiras embalou de vez no Campeonato Brasileiro e j\u00e1 come\u00e7a a ter a ambi\u00e7\u00e3o do t\u00edtulo da competi\u00e7\u00e3o. No s\u00e1bado (21), o Verd\u00e3o foi at\u00e9 Caxias do Sul, encarar o Juventude no Alfredo Jaconi e venceu sem dificuldades, chegando a estar a um ponto do l\u00edder Corinthians. O t\u00e9cnico Abel Ferreira n\u00e3o p\u00f4de contar &hellip;<\/p>\n","protected":false},"author":6,"featured_media":4388,"comment_status":"open","ping_status":"closed","sticky":false,"template":"","format":"standard","meta":{"footnotes":""},"categories":[87],"tags":[11613,9428,3655,9733,161],"class_list":["post-4387","post","type-post","status-publish","format-standard","has-post-thumbnail","hentry","category-esporte","tag-alfredo-jaconi","tag-brasileirao-2022","tag-campeonato-brasileiro","tag-juventude","tag-palmeiras"],"yoast_head":"<!-- This site is optimized with the Yoast SEO plugin v27.4 - https:\/\/yoast.com\/product\/yoast-seo-wordpress\/ -->\n<title>Palmeiras vence o Juventude no Sul e se aproxima da lideran\u00e7a do Brasileir\u00e3o - Ribeir\u00e3o Preto e Regi\u00e3o<\/title>\n<meta name=\"description\" content=\"O Palmeiras embalou de vez no Campeonato Brasileiro e j\u00e1 come\u00e7a a ter a ambi\u00e7\u00e3o do t\u00edtulo da competi\u00e7\u00e3o. No s\u00e1bado (21), o Verd\u00e3o\" \/>\n<meta name=\"robots\" content=\"index, follow, max-snippet:-1, max-image-preview:large, max-video-preview:-1\" \/>\n<link rel=\"canonical\" href=\"https:\/\/redenoticiaz.com.br\/ribeiraopreto-regiao\/sp\/2022\/05\/22\/palmeiras-vence-o-juventude-no-sul-e-se-aproxima-da-lideranca-do-brasileirao\" \/>\n<meta property=\"og:locale\" content=\"pt_BR\" \/>\n<meta property=\"og:type\" content=\"article\" \/>\n<meta property=\"og:title\" content=\"Palmeiras vence o Juventude no Sul e se aproxima da lideran\u00e7a do Brasileir\u00e3o - Ribeir\u00e3o Preto e Regi\u00e3o\" \/>\n<meta property=\"og:description\" content=\"O Palmeiras embalou de vez no Campeonato Brasileiro e j\u00e1 come\u00e7a a ter a ambi\u00e7\u00e3o do t\u00edtulo da competi\u00e7\u00e3o. No s\u00e1bado (21), o Verd\u00e3o\" \/>\n<meta property=\"og:url\" content=\"https:\/\/redenoticiaz.com.br\/ribeiraopreto-regiao\/sp\/2022\/05\/22\/palmeiras-vence-o-juventude-no-sul-e-se-aproxima-da-lideranca-do-brasileirao\" \/>\n<meta property=\"og:site_name\" content=\"Ribeir\u00e3o Preto e Regi\u00e3o\" \/>\n<meta property=\"article:publisher\" content=\"https:\/\/m.facebook.com\/redenoticiaz.barretos\" \/>\n<meta property=\"article:published_time\" content=\"2022-05-22T14:29:38+00:00\" \/>\n<meta property=\"og:image\" content=\"https:\/\/redenoticiaz.com.br\/ribeiraopreto-regiao\/wp-content\/uploads\/sites\/4\/2022\/02\/logo.jpg\" \/>\n\t<meta property=\"og:image:width\" content=\"400\" \/>\n\t<meta property=\"og:image:height\" content=\"250\" \/>\n\t<meta property=\"og:image:type\" content=\"image\/jpeg\" \/>\n<meta name=\"author\" content=\"Leonardo Francisco\" \/>\n<meta name=\"twitter:card\" content=\"summary_large_image\" \/>\n<meta name=\"twitter:creator\" content=\"@RN_barretos\" \/>\n<meta name=\"twitter:site\" content=\"@RN_barretos\" \/>\n<meta name=\"twitter:label1\" content=\"Escrito por\" \/>\n\t<meta name=\"twitter:data1\" content=\"Leonardo Francisco\" \/>\n\t<meta name=\"twitter:label2\" content=\"Est. tempo de leitura\" \/>\n\t<meta name=\"twitter:data2\" content=\"2 minutos\" \/>\n<script type=\"application\/ld+json\" class=\"yoast-schema-graph\">{\"@context\":\"https:\\\/\\\/schema.org\",\"@graph\":[{\"@type\":\"Article\",\"@id\":\"https:\\\/\\\/redenoticiaz.com.br\\\/ribeiraopreto-regiao\\\/sp\\\/2022\\\/05\\\/22\\\/palmeiras-vence-o-juventude-no-sul-e-se-aproxima-da-lideranca-do-brasileirao#article\",\"isPartOf\":{\"@id\":\"https:\\\/\\\/redenoticiaz.com.br\\\/ribeiraopreto-regiao\\\/sp\\\/2022\\\/05\\\/22\\\/palmeiras-vence-o-juventude-no-sul-e-se-aproxima-da-lideranca-do-brasileirao\"},\"author\":{\"name\":\"Leonardo Francisco\",\"@id\":\"https:\\\/\\\/redenoticiaz.com.br\\\/ribeiraopreto-regiao\\\/#\\\/schema\\\/person\\\/0f0b8a5bdafefe82841e07ae8d81ecb3\"},\"headline\":\"Palmeiras vence o Juventude no Sul e se aproxima da lideran\u00e7a do Brasileir\u00e3o\",\"datePublished\":\"2022-05-22T14:29:38+00:00\",\"mainEntityOfPage\":{\"@id\":\"https:\\\/\\\/redenoticiaz.com.br\\\/ribeiraopreto-regiao\\\/sp\\\/2022\\\/05\\\/22\\\/palmeiras-vence-o-juventude-no-sul-e-se-aproxima-da-lideranca-do-brasileirao\"},\"wordCount\":481,\"commentCount\":0,\"publisher\":{\"@id\":\"https:\\\/\\\/redenoticiaz.com.br\\\/ribeiraopreto-regiao\\\/#organization\"},\"image\":{\"@id\":\"https:\\\/\\\/redenoticiaz.com.br\\\/ribeiraopreto-regiao\\\/sp\\\/2022\\\/05\\\/22\\\/palmeiras-vence-o-juventude-no-sul-e-se-aproxima-da-lideranca-do-brasileirao#primaryimage\"},\"thumbnailUrl\":\"https:\\\/\\\/redenoticiaz.com.br\\\/ribeiraopreto-regiao\\\/wp-content\\\/uploads\\\/sites\\\/4\\\/2022\\\/05\\\/palestra-1.jpeg?v=1653229705\",\"keywords\":[\"ALFREDO JACONI\",\"BRASILEIR\u00c3O 2022\",\"CAMPEONATO BRASILEIRO\",\"JUVENTUDE\",\"Palmeiras\"],\"articleSection\":[\"Esporte\"],\"inLanguage\":\"pt-BR\",\"potentialAction\":[{\"@type\":\"CommentAction\",\"name\":\"Comment\",\"target\":[\"https:\\\/\\\/redenoticiaz.com.br\\\/ribeiraopreto-regiao\\\/sp\\\/2022\\\/05\\\/22\\\/palmeiras-vence-o-juventude-no-sul-e-se-aproxima-da-lideranca-do-brasileirao#respond\"]}]},{\"@type\":\"WebPage\",\"@id\":\"https:\\\/\\\/redenoticiaz.com.br\\\/ribeiraopreto-regiao\\\/sp\\\/2022\\\/05\\\/22\\\/palmeiras-vence-o-juventude-no-sul-e-se-aproxima-da-lideranca-do-brasileirao\",\"url\":\"https:\\\/\\\/redenoticiaz.com.br\\\/ribeiraopreto-regiao\\\/sp\\\/2022\\\/05\\\/22\\\/palmeiras-vence-o-juventude-no-sul-e-se-aproxima-da-lideranca-do-brasileirao\",\"name\":\"Palmeiras vence o Juventude no Sul e se aproxima da lideran\u00e7a do Brasileir\u00e3o - Ribeir\u00e3o Preto e Regi\u00e3o\",\"isPartOf\":{\"@id\":\"https:\\\/\\\/redenoticiaz.com.br\\\/ribeiraopreto-regiao\\\/#website\"},\"primaryImageOfPage\":{\"@id\":\"https:\\\/\\\/redenoticiaz.com.br\\\/ribeiraopreto-regiao\\\/sp\\\/2022\\\/05\\\/22\\\/palmeiras-vence-o-juventude-no-sul-e-se-aproxima-da-lideranca-do-brasileirao#primaryimage\"},\"image\":{\"@id\":\"https:\\\/\\\/redenoticiaz.com.br\\\/ribeiraopreto-regiao\\\/sp\\\/2022\\\/05\\\/22\\\/palmeiras-vence-o-juventude-no-sul-e-se-aproxima-da-lideranca-do-brasileirao#primaryimage\"},\"thumbnailUrl\":\"https:\\\/\\\/redenoticiaz.com.br\\\/ribeiraopreto-regiao\\\/wp-content\\\/uploads\\\/sites\\\/4\\\/2022\\\/05\\\/palestra-1.jpeg?v=1653229705\",\"datePublished\":\"2022-05-22T14:29:38+00:00\",\"description\":\"O Palmeiras embalou de vez no Campeonato Brasileiro e j\u00e1 come\u00e7a a ter a ambi\u00e7\u00e3o do t\u00edtulo da competi\u00e7\u00e3o. No s\u00e1bado (21), o Verd\u00e3o\",\"inLanguage\":\"pt-BR\",\"potentialAction\":[{\"@type\":\"ReadAction\",\"target\":[\"https:\\\/\\\/redenoticiaz.com.br\\\/ribeiraopreto-regiao\\\/sp\\\/2022\\\/05\\\/22\\\/palmeiras-vence-o-juventude-no-sul-e-se-aproxima-da-lideranca-do-brasileirao\"]}]},{\"@type\":\"ImageObject\",\"inLanguage\":\"pt-BR\",\"@id\":\"https:\\\/\\\/redenoticiaz.com.br\\\/ribeiraopreto-regiao\\\/sp\\\/2022\\\/05\\\/22\\\/palmeiras-vence-o-juventude-no-sul-e-se-aproxima-da-lideranca-do-brasileirao#primaryimage\",\"url\":\"https:\\\/\\\/redenoticiaz.com.br\\\/ribeiraopreto-regiao\\\/wp-content\\\/uploads\\\/sites\\\/4\\\/2022\\\/05\\\/palestra-1.jpeg?v=1653229705\",\"contentUrl\":\"https:\\\/\\\/redenoticiaz.com.br\\\/ribeiraopreto-regiao\\\/wp-content\\\/uploads\\\/sites\\\/4\\\/2022\\\/05\\\/palestra-1.jpeg?v=1653229705\",\"width\":910,\"height\":606,\"caption\":\"Cr\u00e9ditos: Divulga\u00e7\u00e3o\\\/AGIF\"},{\"@type\":\"WebSite\",\"@id\":\"https:\\\/\\\/redenoticiaz.com.br\\\/ribeiraopreto-regiao\\\/#website\",\"url\":\"https:\\\/\\\/redenoticiaz.com.br\\\/ribeiraopreto-regiao\\\/\",\"name\":\"Ribeir\u00e3o Preto e Regi\u00e3o\",\"description\":\"Rede NoticiaZ - Ribeir\u00e3o Preto e regi\u00e3o\",\"publisher\":{\"@id\":\"https:\\\/\\\/redenoticiaz.com.br\\\/ribeiraopreto-regiao\\\/#organization\"},\"potentialAction\":[{\"@type\":\"SearchAction\",\"target\":{\"@type\":\"EntryPoint\",\"urlTemplate\":\"https:\\\/\\\/redenoticiaz.com.br\\\/ribeiraopreto-regiao\\\/?s={search_term_string}\"},\"query-input\":{\"@type\":\"PropertyValueSpecification\",\"valueRequired\":true,\"valueName\":\"search_term_string\"}}],\"inLanguage\":\"pt-BR\"},{\"@type\":\"Organization\",\"@id\":\"https:\\\/\\\/redenoticiaz.com.br\\\/ribeiraopreto-regiao\\\/#organization\",\"name\":\"Ribeir\u00e3o Preto e Regi\u00e3o\",\"url\":\"https:\\\/\\\/redenoticiaz.com.br\\\/ribeiraopreto-regiao\\\/\",\"logo\":{\"@type\":\"ImageObject\",\"inLanguage\":\"pt-BR\",\"@id\":\"https:\\\/\\\/redenoticiaz.com.br\\\/ribeiraopreto-regiao\\\/#\\\/schema\\\/logo\\\/image\\\/\",\"url\":\"https:\\\/\\\/redenoticiaz.com.br\\\/barretos-regiao\\\/wp-content\\\/uploads\\\/sites\\\/4\\\/2022\\\/02\\\/logo.jpg\",\"contentUrl\":\"https:\\\/\\\/redenoticiaz.com.br\\\/barretos-regiao\\\/wp-content\\\/uploads\\\/sites\\\/4\\\/2022\\\/02\\\/logo.jpg\",\"width\":400,\"height\":250,\"caption\":\"Ribeir\u00e3o Preto e Regi\u00e3o\"},\"image\":{\"@id\":\"https:\\\/\\\/redenoticiaz.com.br\\\/ribeiraopreto-regiao\\\/#\\\/schema\\\/logo\\\/image\\\/\"},\"sameAs\":[\"https:\\\/\\\/m.facebook.com\\\/redenoticiaz.barretos\",\"https:\\\/\\\/x.com\\\/RN_barretos\",\"https:\\\/\\\/www.instagram.com\\\/redenoticiaz.barretos\\\/?igshid=YmMyMTA2M2Y\",\"https:\\\/\\\/www.linkedin.com\\\/company\\\/rede-noticiaz-barretos-e-regio\\\/\"]},{\"@type\":\"Person\",\"@id\":\"https:\\\/\\\/redenoticiaz.com.br\\\/ribeiraopreto-regiao\\\/#\\\/schema\\\/person\\\/0f0b8a5bdafefe82841e07ae8d81ecb3\",\"name\":\"Leonardo Francisco\",\"image\":{\"@type\":\"ImageObject\",\"inLanguage\":\"pt-BR\",\"@id\":\"https:\\\/\\\/secure.gravatar.com\\\/avatar\\\/a7358cb406a99b682ec6df1e77e31ae82e63601f6784e8a3df411d72b37864da?s=96&d=mm&r=g\",\"url\":\"https:\\\/\\\/secure.gravatar.com\\\/avatar\\\/a7358cb406a99b682ec6df1e77e31ae82e63601f6784e8a3df411d72b37864da?s=96&d=mm&r=g\",\"contentUrl\":\"https:\\\/\\\/secure.gravatar.com\\\/avatar\\\/a7358cb406a99b682ec6df1e77e31ae82e63601f6784e8a3df411d72b37864da?s=96&d=mm&r=g\",\"caption\":\"Leonardo Francisco\"},\"url\":\"https:\\\/\\\/redenoticiaz.com.br\\\/ribeiraopreto-regiao\\\/sp\\\/author\\\/leonardo-francisco\"}]}<\/script>\n<!-- \/ Yoast SEO plugin. -->","yoast_head_json":{"title":"Palmeiras vence o Juventude no Sul e se aproxima da lideran\u00e7a do Brasileir\u00e3o - Ribeir\u00e3o Preto e Regi\u00e3o","description":"O Palmeiras embalou de vez no Campeonato Brasileiro e j\u00e1 come\u00e7a a ter a ambi\u00e7\u00e3o do t\u00edtulo da competi\u00e7\u00e3o. No s\u00e1bado (21), o Verd\u00e3o","robots":{"index":"index","follow":"follow","max-snippet":"max-snippet:-1","max-image-preview":"max-image-preview:large","max-video-preview":"max-video-preview:-1"},"canonical":"https:\/\/redenoticiaz.com.br\/ribeiraopreto-regiao\/sp\/2022\/05\/22\/palmeiras-vence-o-juventude-no-sul-e-se-aproxima-da-lideranca-do-brasileirao","og_locale":"pt_BR","og_type":"article","og_title":"Palmeiras vence o Juventude no Sul e se aproxima da lideran\u00e7a do Brasileir\u00e3o - Ribeir\u00e3o Preto e Regi\u00e3o","og_description":"O Palmeiras embalou de vez no Campeonato Brasileiro e j\u00e1 come\u00e7a a ter a ambi\u00e7\u00e3o do t\u00edtulo da competi\u00e7\u00e3o. No s\u00e1bado (21), o Verd\u00e3o","og_url":"https:\/\/redenoticiaz.com.br\/ribeiraopreto-regiao\/sp\/2022\/05\/22\/palmeiras-vence-o-juventude-no-sul-e-se-aproxima-da-lideranca-do-brasileirao","og_site_name":"Ribeir\u00e3o Preto e Regi\u00e3o","article_publisher":"https:\/\/m.facebook.com\/redenoticiaz.barretos","article_published_time":"2022-05-22T14:29:38+00:00","og_image":[{"width":400,"height":250,"url":"https:\/\/redenoticiaz.com.br\/ribeiraopreto-regiao\/wp-content\/uploads\/sites\/4\/2022\/02\/logo.jpg","type":"image\/jpeg"}],"author":"Leonardo Francisco","twitter_card":"summary_large_image","twitter_creator":"@RN_barretos","twitter_site":"@RN_barretos","twitter_misc":{"Escrito por":"Leonardo Francisco","Est. tempo de leitura":"2 minutos"},"schema":{"@context":"https:\/\/schema.org","@graph":[{"@type":"Article","@id":"https:\/\/redenoticiaz.com.br\/ribeiraopreto-regiao\/sp\/2022\/05\/22\/palmeiras-vence-o-juventude-no-sul-e-se-aproxima-da-lideranca-do-brasileirao#article","isPartOf":{"@id":"https:\/\/redenoticiaz.com.br\/ribeiraopreto-regiao\/sp\/2022\/05\/22\/palmeiras-vence-o-juventude-no-sul-e-se-aproxima-da-lideranca-do-brasileirao"},"author":{"name":"Leonardo Francisco","@id":"https:\/\/redenoticiaz.com.br\/ribeiraopreto-regiao\/#\/schema\/person\/0f0b8a5bdafefe82841e07ae8d81ecb3"},"headline":"Palmeiras vence o Juventude no Sul e se aproxima da lideran\u00e7a do Brasileir\u00e3o","datePublished":"2022-05-22T14:29:38+00:00","mainEntityOfPage":{"@id":"https:\/\/redenoticiaz.com.br\/ribeiraopreto-regiao\/sp\/2022\/05\/22\/palmeiras-vence-o-juventude-no-sul-e-se-aproxima-da-lideranca-do-brasileirao"},"wordCount":481,"commentCount":0,"publisher":{"@id":"https:\/\/redenoticiaz.com.br\/ribeiraopreto-regiao\/#organization"},"image":{"@id":"https:\/\/redenoticiaz.com.br\/ribeiraopreto-regiao\/sp\/2022\/05\/22\/palmeiras-vence-o-juventude-no-sul-e-se-aproxima-da-lideranca-do-brasileirao#primaryimage"},"thumbnailUrl":"https:\/\/redenoticiaz.com.br\/ribeiraopreto-regiao\/wp-content\/uploads\/sites\/4\/2022\/05\/palestra-1.jpeg?v=1653229705","keywords":["ALFREDO JACONI","BRASILEIR\u00c3O 2022","CAMPEONATO BRASILEIRO","JUVENTUDE","Palmeiras"],"articleSection":["Esporte"],"inLanguage":"pt-BR","potentialAction":[{"@type":"CommentAction","name":"Comment","target":["https:\/\/redenoticiaz.com.br\/ribeiraopreto-regiao\/sp\/2022\/05\/22\/palmeiras-vence-o-juventude-no-sul-e-se-aproxima-da-lideranca-do-brasileirao#respond"]}]},{"@type":"WebPage","@id":"https:\/\/redenoticiaz.com.br\/ribeiraopreto-regiao\/sp\/2022\/05\/22\/palmeiras-vence-o-juventude-no-sul-e-se-aproxima-da-lideranca-do-brasileirao","url":"https:\/\/redenoticiaz.com.br\/ribeiraopreto-regiao\/sp\/2022\/05\/22\/palmeiras-vence-o-juventude-no-sul-e-se-aproxima-da-lideranca-do-brasileirao","name":"Palmeiras vence o Juventude no Sul e se aproxima da lideran\u00e7a do Brasileir\u00e3o - Ribeir\u00e3o Preto e Regi\u00e3o","isPartOf":{"@id":"https:\/\/redenoticiaz.com.br\/ribeiraopreto-regiao\/#website"},"primaryImageOfPage":{"@id":"https:\/\/redenoticiaz.com.br\/ribeiraopreto-regiao\/sp\/2022\/05\/22\/palmeiras-vence-o-juventude-no-sul-e-se-aproxima-da-lideranca-do-brasileirao#primaryimage"},"image":{"@id":"https:\/\/redenoticiaz.com.br\/ribeiraopreto-regiao\/sp\/2022\/05\/22\/palmeiras-vence-o-juventude-no-sul-e-se-aproxima-da-lideranca-do-brasileirao#primaryimage"},"thumbnailUrl":"https:\/\/redenoticiaz.com.br\/ribeiraopreto-regiao\/wp-content\/uploads\/sites\/4\/2022\/05\/palestra-1.jpeg?v=1653229705","datePublished":"2022-05-22T14:29:38+00:00","description":"O Palmeiras embalou de vez no Campeonato Brasileiro e j\u00e1 come\u00e7a a ter a ambi\u00e7\u00e3o do t\u00edtulo da competi\u00e7\u00e3o. No s\u00e1bado (21), o Verd\u00e3o","inLanguage":"pt-BR","potentialAction":[{"@type":"ReadAction","target":["https:\/\/redenoticiaz.com.br\/ribeiraopreto-regiao\/sp\/2022\/05\/22\/palmeiras-vence-o-juventude-no-sul-e-se-aproxima-da-lideranca-do-brasileirao"]}]},{"@type":"ImageObject","inLanguage":"pt-BR","@id":"https:\/\/redenoticiaz.com.br\/ribeiraopreto-regiao\/sp\/2022\/05\/22\/palmeiras-vence-o-juventude-no-sul-e-se-aproxima-da-lideranca-do-brasileirao#primaryimage","url":"https:\/\/redenoticiaz.com.br\/ribeiraopreto-regiao\/wp-content\/uploads\/sites\/4\/2022\/05\/palestra-1.jpeg?v=1653229705","contentUrl":"https:\/\/redenoticiaz.com.br\/ribeiraopreto-regiao\/wp-content\/uploads\/sites\/4\/2022\/05\/palestra-1.jpeg?v=1653229705","width":910,"height":606,"caption":"Cr\u00e9ditos: Divulga\u00e7\u00e3o\/AGIF"},{"@type":"WebSite","@id":"https:\/\/redenoticiaz.com.br\/ribeiraopreto-regiao\/#website","url":"https:\/\/redenoticiaz.com.br\/ribeiraopreto-regiao\/","name":"Ribeir\u00e3o Preto e Regi\u00e3o","description":"Rede NoticiaZ - Ribeir\u00e3o Preto e regi\u00e3o","publisher":{"@id":"https:\/\/redenoticiaz.com.br\/ribeiraopreto-regiao\/#organization"},"potentialAction":[{"@type":"SearchAction","target":{"@type":"EntryPoint","urlTemplate":"https:\/\/redenoticiaz.com.br\/ribeiraopreto-regiao\/?s={search_term_string}"},"query-input":{"@type":"PropertyValueSpecification","valueRequired":true,"valueName":"search_term_string"}}],"inLanguage":"pt-BR"},{"@type":"Organization","@id":"https:\/\/redenoticiaz.com.br\/ribeiraopreto-regiao\/#organization","name":"Ribeir\u00e3o Preto e Regi\u00e3o","url":"https:\/\/redenoticiaz.com.br\/ribeiraopreto-regiao\/","logo":{"@type":"ImageObject","inLanguage":"pt-BR","@id":"https:\/\/redenoticiaz.com.br\/ribeiraopreto-regiao\/#\/schema\/logo\/image\/","url":"https:\/\/redenoticiaz.com.br\/barretos-regiao\/wp-content\/uploads\/sites\/4\/2022\/02\/logo.jpg","contentUrl":"https:\/\/redenoticiaz.com.br\/barretos-regiao\/wp-content\/uploads\/sites\/4\/2022\/02\/logo.jpg","width":400,"height":250,"caption":"Ribeir\u00e3o Preto e Regi\u00e3o"},"image":{"@id":"https:\/\/redenoticiaz.com.br\/ribeiraopreto-regiao\/#\/schema\/logo\/image\/"},"sameAs":["https:\/\/m.facebook.com\/redenoticiaz.barretos","https:\/\/x.com\/RN_barretos","https:\/\/www.instagram.com\/redenoticiaz.barretos\/?igshid=YmMyMTA2M2Y","https:\/\/www.linkedin.com\/company\/rede-noticiaz-barretos-e-regio\/"]},{"@type":"Person","@id":"https:\/\/redenoticiaz.com.br\/ribeiraopreto-regiao\/#\/schema\/person\/0f0b8a5bdafefe82841e07ae8d81ecb3","name":"Leonardo Francisco","image":{"@type":"ImageObject","inLanguage":"pt-BR","@id":"https:\/\/secure.gravatar.com\/avatar\/a7358cb406a99b682ec6df1e77e31ae82e63601f6784e8a3df411d72b37864da?s=96&d=mm&r=g","url":"https:\/\/secure.gravatar.com\/avatar\/a7358cb406a99b682ec6df1e77e31ae82e63601f6784e8a3df411d72b37864da?s=96&d=mm&r=g","contentUrl":"https:\/\/secure.gravatar.com\/avatar\/a7358cb406a99b682ec6df1e77e31ae82e63601f6784e8a3df411d72b37864da?s=96&d=mm&r=g","caption":"Leonardo Francisco"},"url":"https:\/\/redenoticiaz.com.br\/ribeiraopreto-regiao\/sp\/author\/leonardo-francisco"}]}},"_links":{"self":[{"href":"https:\/\/redenoticiaz.com.br\/ribeiraopreto-regiao\/wp-json\/wp\/v2\/posts\/4387","targetHints":{"allow":["GET"]}}],"collection":[{"href":"https:\/\/redenoticiaz.com.br\/ribeiraopreto-regiao\/wp-json\/wp\/v2\/posts"}],"about":[{"href":"https:\/\/redenoticiaz.com.br\/ribeiraopreto-regiao\/wp-json\/wp\/v2\/types\/post"}],"author":[{"embeddable":true,"href":"https:\/\/redenoticiaz.com.br\/ribeiraopreto-regiao\/wp-json\/wp\/v2\/users\/6"}],"replies":[{"embeddable":true,"href":"https:\/\/redenoticiaz.com.br\/ribeiraopreto-regiao\/wp-json\/wp\/v2\/comments?post=4387"}],"version-history":[{"count":0,"href":"https:\/\/redenoticiaz.com.br\/ribeiraopreto-regiao\/wp-json\/wp\/v2\/posts\/4387\/revisions"}],"wp:featuredmedia":[{"embeddable":true,"href":"https:\/\/redenoticiaz.com.br\/ribeiraopreto-regiao\/wp-json\/wp\/v2\/media\/4388"}],"wp:attachment":[{"href":"https:\/\/redenoticiaz.com.br\/ribeiraopreto-regiao\/wp-json\/wp\/v2\/media?parent=4387"}],"wp:term":[{"taxonomy":"category","embeddable":true,"href":"https:\/\/redenoticiaz.com.br\/ribeiraopreto-regiao\/wp-json\/wp\/v2\/categories?post=4387"},{"taxonomy":"post_tag","embeddable":true,"href":"https:\/\/redenoticiaz.com.br\/ribeiraopreto-regiao\/wp-json\/wp\/v2\/tags?post=4387"}],"curies":[{"name":"wp","href":"https:\/\/api.w.org\/{rel}","templated":true}]}}