{"id":4607,"date":"2022-05-26T16:21:30","date_gmt":"2022-05-26T19:21:30","guid":{"rendered":"https:\/\/redenoticiaz.com.br\/barretos-regiao\/?p=4607"},"modified":"2022-05-26T16:21:30","modified_gmt":"2022-05-26T19:21:30","slug":"tem-arte-o-evento-retorna-com-atividades-culturais-e-recreativas","status":"publish","type":"post","link":"https:\/\/redenoticiaz.com.br\/ribeiraopreto-regiao\/sp\/2022\/05\/26\/tem-arte-o-evento-retorna-com-atividades-culturais-e-recreativas","title":{"rendered":"Tem Arte: O evento retorna com atividades culturais e recreativas"},"content":{"rendered":"<p>O\u00a0evento, voltado \u00e0s\u00a0fam\u00edlias\u00a0e, principalmente, \u00e0s\u00a0crian\u00e7as, contar\u00e1 com\u00a0diversas atividades gratuitas,\u00a0como o\u00a0cantinho do desenho e da leitura, a oficina de brinquedos, brincadeiras folcl\u00f3ricas, brinquedos infantis e infl\u00e1veis, pintura facial, escultura de bal\u00f5es e outras atividades.<\/p>\n<p>Al\u00e9m disso, os Resorts e parques da cidade tamb\u00e9m participar\u00e3o com recrea\u00e7\u00e3o e seus mascotes interagindo com o p\u00fablico, assim como o \u201cSummer\u201d, da Prefeitura.<\/p>\n<p>Haver\u00e1 ainda\u00a0atra\u00e7\u00f5es culturais e de entretenimento, entre elas\u00a0apresenta\u00e7\u00f5es da rede municipal de Educa\u00e7\u00e3o. Complementando a\u00a0a\u00e7\u00e3o, o\u00a0Tem Arte\u00a0ter\u00e1 tamb\u00e9m\u00a0distribui\u00e7\u00e3o gratuita de pipoca, algod\u00e3o-doce e outras guloseimas\u00a0e ainda\u00a0um espa\u00e7o dedicado a importantes servi\u00e7os de sa\u00fade e meio ambiente, como tenda de\u00a0vacina\u00e7\u00e3o infantil contra a Covid, Sarampo e Gripe, orienta\u00e7\u00f5es sobre a dengue a escorpi\u00e3o, feirinha de ado\u00e7\u00e3o respons\u00e1vel de animais e doa\u00e7\u00e3o de mudas e sementes.<\/p>\n<p>A\u00a0promo\u00e7\u00e3o do projeto, que foi um sucesso em\u00a02019\u00a0em\u00a0Ol\u00edmpia, \u00e9 um pedido do prefeito\u00a0Fernando Cunha\u00a0com o intuito de oferecer\u00a0lazer, cultura, entretenimento e servi\u00e7os de utilidade p\u00fablica para as fam\u00edlias olimpienses.<\/p>\n<h4>Tem Arte Inclusivo<\/h4>\n<p>Um grande diferencial da edi\u00e7\u00e3o em\u00a0Ol\u00edmpia\u00a0ser\u00e1 a\u00a0aten\u00e7\u00e3o \u00e0s crian\u00e7as com defici\u00eancia. Para isso, a\u00a0equipe especializada da Educa\u00e7\u00e3o\u00a0ir\u00e1 contar com um\u00a0Ponto de Apoio, a fim de oferecer\u00a0suporte aos participantes, garantindo, assim, o\u00a0direito ao lazer e \u00e0 cultura para todas as crian\u00e7as.<\/p>\n<p>A\u00a0crian\u00e7a deficiente\u00a0poder\u00e1 participar de atividades dispon\u00edveis no\u00a0evento, com o\u00a0aux\u00edlio\u00a0que\u00a0precisar e, caso seja necess\u00e1rio, ter\u00e1 um\u00a0espa\u00e7o especial para descanso e apoio. Al\u00e9m disso, tamb\u00e9m ser\u00e1 providenciada a\u00a0identifica\u00e7\u00e3o dessas crian\u00e7as para que haja prioridade no atendimento nos brinquedos, conforme prev\u00ea as legisla\u00e7\u00f5es espec\u00edficas, tanto municipal como federal.<\/p>\n<p>O evento acontece na\u00a0 Avenida dos Olimpienses, ao lado da UPA, ser\u00e1 palco de uma programa\u00e7\u00e3o cultural e de lazer especial, neste domingo, dia 29 de maio das\u00a09h \u00e0s 12h.<\/p>\n<p>VEJA TAMB\u00c9M:\u00a0<a href=\"https:\/\/redenoticiaz.com.br\/barretos-regiao\/sp\/2022\/05\/08\/disney-anuncia-grande-evento-da-pixar-no-brasil\">Disney anuncia grande evento da Pixar no Brasil<\/a><\/p>\n","protected":false},"excerpt":{"rendered":"<p>O\u00a0evento, voltado \u00e0s\u00a0fam\u00edlias\u00a0e, principalmente, \u00e0s\u00a0crian\u00e7as, contar\u00e1 com\u00a0diversas atividades gratuitas,\u00a0como o\u00a0cantinho do desenho e da leitura, a oficina de brinquedos, brincadeiras folcl\u00f3ricas, brinquedos infantis e infl\u00e1veis, pintura facial, escultura de bal\u00f5es e outras atividades. Al\u00e9m disso, os Resorts e parques da cidade tamb\u00e9m participar\u00e3o com recrea\u00e7\u00e3o e seus mascotes interagindo com o p\u00fablico, assim como o &hellip;<\/p>\n","protected":false},"author":15,"featured_media":4609,"comment_status":"open","ping_status":"closed","sticky":false,"template":"","format":"standard","meta":{"footnotes":""},"categories":[252,469],"tags":[2115,13666,17095,17094],"class_list":["post-4607","post","type-post","status-publish","format-standard","has-post-thumbnail","hentry","category-acao-social","category-cultura","tag-criancas","tag-evento-gratuito","tag-inclusivo","tag-tem-arte"],"yoast_head":"<!-- This site is optimized with the Yoast SEO plugin v27.4 - https:\/\/yoast.com\/product\/yoast-seo-wordpress\/ -->\n<title>Tem Arte: O evento retorna com atividades culturais e recreativas - Ribeir\u00e3o Preto e Regi\u00e3o<\/title>\n<meta name=\"description\" content=\"O\u00a0evento, voltado \u00e0s\u00a0fam\u00edlias\u00a0e, principalmente, \u00e0s\u00a0crian\u00e7as, contar\u00e1 com\u00a0diversas atividades gratuitas,\u00a0como o\u00a0cantinho do desenho e da leitura.\" \/>\n<meta name=\"robots\" content=\"index, follow, max-snippet:-1, max-image-preview:large, max-video-preview:-1\" \/>\n<link rel=\"canonical\" href=\"https:\/\/redenoticiaz.com.br\/ribeiraopreto-regiao\/sp\/2022\/05\/26\/tem-arte-o-evento-retorna-com-atividades-culturais-e-recreativas\" \/>\n<meta property=\"og:locale\" content=\"pt_BR\" \/>\n<meta property=\"og:type\" content=\"article\" \/>\n<meta property=\"og:title\" content=\"Tem Arte: O evento retorna com atividades culturais e recreativas - Ribeir\u00e3o Preto e Regi\u00e3o\" \/>\n<meta property=\"og:description\" content=\"O\u00a0evento, voltado \u00e0s\u00a0fam\u00edlias\u00a0e, principalmente, \u00e0s\u00a0crian\u00e7as, contar\u00e1 com\u00a0diversas atividades gratuitas,\u00a0como o\u00a0cantinho do desenho e da leitura.\" \/>\n<meta property=\"og:url\" content=\"https:\/\/redenoticiaz.com.br\/ribeiraopreto-regiao\/sp\/2022\/05\/26\/tem-arte-o-evento-retorna-com-atividades-culturais-e-recreativas\" \/>\n<meta property=\"og:site_name\" content=\"Ribeir\u00e3o Preto e Regi\u00e3o\" \/>\n<meta property=\"article:publisher\" content=\"https:\/\/m.facebook.com\/redenoticiaz.barretos\" \/>\n<meta property=\"article:published_time\" content=\"2022-05-26T19:21:30+00:00\" \/>\n<meta property=\"og:image\" content=\"https:\/\/redenoticiaz.com.br\/ribeiraopreto-regiao\/wp-content\/uploads\/sites\/4\/2022\/05\/Tem-Arte-Olimpia-2019-1-Copy.jpg\" \/>\n\t<meta property=\"og:image:width\" content=\"860\" \/>\n\t<meta property=\"og:image:height\" content=\"642\" \/>\n\t<meta property=\"og:image:type\" content=\"image\/jpeg\" \/>\n<meta name=\"twitter:card\" content=\"summary_large_image\" \/>\n<meta name=\"twitter:creator\" content=\"@RN_barretos\" \/>\n<meta name=\"twitter:site\" content=\"@RN_barretos\" \/>\n<meta name=\"twitter:label1\" content=\"Escrito por\" \/>\n\t<meta name=\"twitter:data1\" content=\"\" \/>\n\t<meta name=\"twitter:label2\" content=\"Est. tempo de leitura\" \/>\n\t<meta name=\"twitter:data2\" content=\"2 minutos\" \/>\n<script type=\"application\/ld+json\" class=\"yoast-schema-graph\">{\"@context\":\"https:\\\/\\\/schema.org\",\"@graph\":[{\"@type\":\"Article\",\"@id\":\"https:\\\/\\\/redenoticiaz.com.br\\\/ribeiraopreto-regiao\\\/sp\\\/2022\\\/05\\\/26\\\/tem-arte-o-evento-retorna-com-atividades-culturais-e-recreativas#article\",\"isPartOf\":{\"@id\":\"https:\\\/\\\/redenoticiaz.com.br\\\/ribeiraopreto-regiao\\\/sp\\\/2022\\\/05\\\/26\\\/tem-arte-o-evento-retorna-com-atividades-culturais-e-recreativas\"},\"author\":{\"name\":\"\",\"@id\":\"\"},\"headline\":\"Tem Arte: O evento retorna com atividades culturais e recreativas\",\"datePublished\":\"2022-05-26T19:21:30+00:00\",\"mainEntityOfPage\":{\"@id\":\"https:\\\/\\\/redenoticiaz.com.br\\\/ribeiraopreto-regiao\\\/sp\\\/2022\\\/05\\\/26\\\/tem-arte-o-evento-retorna-com-atividades-culturais-e-recreativas\"},\"wordCount\":376,\"commentCount\":0,\"publisher\":{\"@id\":\"https:\\\/\\\/redenoticiaz.com.br\\\/ribeiraopreto-regiao\\\/#organization\"},\"image\":{\"@id\":\"https:\\\/\\\/redenoticiaz.com.br\\\/ribeiraopreto-regiao\\\/sp\\\/2022\\\/05\\\/26\\\/tem-arte-o-evento-retorna-com-atividades-culturais-e-recreativas#primaryimage\"},\"thumbnailUrl\":\"https:\\\/\\\/redenoticiaz.com.br\\\/ribeiraopreto-regiao\\\/wp-content\\\/uploads\\\/sites\\\/4\\\/2022\\\/05\\\/Tem-Arte-Olimpia-2019-1-Copy.jpg\",\"keywords\":[\"Crian\u00e7as\",\"EVENTO GRATUITO\",\"INCLUSIVO\",\"TEM ARTE\"],\"articleSection\":[\"A\u00e7\u00e3o Social\",\"Cultura\"],\"inLanguage\":\"pt-BR\",\"potentialAction\":[{\"@type\":\"CommentAction\",\"name\":\"Comment\",\"target\":[\"https:\\\/\\\/redenoticiaz.com.br\\\/ribeiraopreto-regiao\\\/sp\\\/2022\\\/05\\\/26\\\/tem-arte-o-evento-retorna-com-atividades-culturais-e-recreativas#respond\"]}]},{\"@type\":\"WebPage\",\"@id\":\"https:\\\/\\\/redenoticiaz.com.br\\\/ribeiraopreto-regiao\\\/sp\\\/2022\\\/05\\\/26\\\/tem-arte-o-evento-retorna-com-atividades-culturais-e-recreativas\",\"url\":\"https:\\\/\\\/redenoticiaz.com.br\\\/ribeiraopreto-regiao\\\/sp\\\/2022\\\/05\\\/26\\\/tem-arte-o-evento-retorna-com-atividades-culturais-e-recreativas\",\"name\":\"Tem Arte: O evento retorna com atividades culturais e recreativas - Ribeir\u00e3o Preto e Regi\u00e3o\",\"isPartOf\":{\"@id\":\"https:\\\/\\\/redenoticiaz.com.br\\\/ribeiraopreto-regiao\\\/#website\"},\"primaryImageOfPage\":{\"@id\":\"https:\\\/\\\/redenoticiaz.com.br\\\/ribeiraopreto-regiao\\\/sp\\\/2022\\\/05\\\/26\\\/tem-arte-o-evento-retorna-com-atividades-culturais-e-recreativas#primaryimage\"},\"image\":{\"@id\":\"https:\\\/\\\/redenoticiaz.com.br\\\/ribeiraopreto-regiao\\\/sp\\\/2022\\\/05\\\/26\\\/tem-arte-o-evento-retorna-com-atividades-culturais-e-recreativas#primaryimage\"},\"thumbnailUrl\":\"https:\\\/\\\/redenoticiaz.com.br\\\/ribeiraopreto-regiao\\\/wp-content\\\/uploads\\\/sites\\\/4\\\/2022\\\/05\\\/Tem-Arte-Olimpia-2019-1-Copy.jpg\",\"datePublished\":\"2022-05-26T19:21:30+00:00\",\"description\":\"O\u00a0evento, voltado \u00e0s\u00a0fam\u00edlias\u00a0e, principalmente, \u00e0s\u00a0crian\u00e7as, contar\u00e1 com\u00a0diversas atividades gratuitas,\u00a0como o\u00a0cantinho do desenho e da leitura.\",\"inLanguage\":\"pt-BR\",\"potentialAction\":[{\"@type\":\"ReadAction\",\"target\":[\"https:\\\/\\\/redenoticiaz.com.br\\\/ribeiraopreto-regiao\\\/sp\\\/2022\\\/05\\\/26\\\/tem-arte-o-evento-retorna-com-atividades-culturais-e-recreativas\"]}]},{\"@type\":\"ImageObject\",\"inLanguage\":\"pt-BR\",\"@id\":\"https:\\\/\\\/redenoticiaz.com.br\\\/ribeiraopreto-regiao\\\/sp\\\/2022\\\/05\\\/26\\\/tem-arte-o-evento-retorna-com-atividades-culturais-e-recreativas#primaryimage\",\"url\":\"https:\\\/\\\/redenoticiaz.com.br\\\/ribeiraopreto-regiao\\\/wp-content\\\/uploads\\\/sites\\\/4\\\/2022\\\/05\\\/Tem-Arte-Olimpia-2019-1-Copy.jpg\",\"contentUrl\":\"https:\\\/\\\/redenoticiaz.com.br\\\/ribeiraopreto-regiao\\\/wp-content\\\/uploads\\\/sites\\\/4\\\/2022\\\/05\\\/Tem-Arte-Olimpia-2019-1-Copy.jpg\",\"width\":860,\"height\":642,\"caption\":\"O projeto Tem Arte \u00e9 uma iniciativa da TV Tem. Cr\u00e9dito: Reprodu\u00e7\u00e3o\"},{\"@type\":\"WebSite\",\"@id\":\"https:\\\/\\\/redenoticiaz.com.br\\\/ribeiraopreto-regiao\\\/#website\",\"url\":\"https:\\\/\\\/redenoticiaz.com.br\\\/ribeiraopreto-regiao\\\/\",\"name\":\"Ribeir\u00e3o Preto e Regi\u00e3o\",\"description\":\"Rede NoticiaZ - Ribeir\u00e3o Preto e regi\u00e3o\",\"publisher\":{\"@id\":\"https:\\\/\\\/redenoticiaz.com.br\\\/ribeiraopreto-regiao\\\/#organization\"},\"potentialAction\":[{\"@type\":\"SearchAction\",\"target\":{\"@type\":\"EntryPoint\",\"urlTemplate\":\"https:\\\/\\\/redenoticiaz.com.br\\\/ribeiraopreto-regiao\\\/?s={search_term_string}\"},\"query-input\":{\"@type\":\"PropertyValueSpecification\",\"valueRequired\":true,\"valueName\":\"search_term_string\"}}],\"inLanguage\":\"pt-BR\"},{\"@type\":\"Organization\",\"@id\":\"https:\\\/\\\/redenoticiaz.com.br\\\/ribeiraopreto-regiao\\\/#organization\",\"name\":\"Ribeir\u00e3o Preto e Regi\u00e3o\",\"url\":\"https:\\\/\\\/redenoticiaz.com.br\\\/ribeiraopreto-regiao\\\/\",\"logo\":{\"@type\":\"ImageObject\",\"inLanguage\":\"pt-BR\",\"@id\":\"https:\\\/\\\/redenoticiaz.com.br\\\/ribeiraopreto-regiao\\\/#\\\/schema\\\/logo\\\/image\\\/\",\"url\":\"https:\\\/\\\/redenoticiaz.com.br\\\/barretos-regiao\\\/wp-content\\\/uploads\\\/sites\\\/4\\\/2022\\\/02\\\/logo.jpg\",\"contentUrl\":\"https:\\\/\\\/redenoticiaz.com.br\\\/barretos-regiao\\\/wp-content\\\/uploads\\\/sites\\\/4\\\/2022\\\/02\\\/logo.jpg\",\"width\":400,\"height\":250,\"caption\":\"Ribeir\u00e3o Preto e Regi\u00e3o\"},\"image\":{\"@id\":\"https:\\\/\\\/redenoticiaz.com.br\\\/ribeiraopreto-regiao\\\/#\\\/schema\\\/logo\\\/image\\\/\"},\"sameAs\":[\"https:\\\/\\\/m.facebook.com\\\/redenoticiaz.barretos\",\"https:\\\/\\\/x.com\\\/RN_barretos\",\"https:\\\/\\\/www.instagram.com\\\/redenoticiaz.barretos\\\/?igshid=YmMyMTA2M2Y\",\"https:\\\/\\\/www.linkedin.com\\\/company\\\/rede-noticiaz-barretos-e-regio\\\/\"]},{\"@type\":\"Person\",\"@id\":\"\",\"url\":\"https:\\\/\\\/redenoticiaz.com.br\\\/ribeiraopreto-regiao\\\/sp\\\/author\"}]}<\/script>\n<!-- \/ Yoast SEO plugin. -->","yoast_head_json":{"title":"Tem Arte: O evento retorna com atividades culturais e recreativas - Ribeir\u00e3o Preto e Regi\u00e3o","description":"O\u00a0evento, voltado \u00e0s\u00a0fam\u00edlias\u00a0e, principalmente, \u00e0s\u00a0crian\u00e7as, contar\u00e1 com\u00a0diversas atividades gratuitas,\u00a0como o\u00a0cantinho do desenho e da leitura.","robots":{"index":"index","follow":"follow","max-snippet":"max-snippet:-1","max-image-preview":"max-image-preview:large","max-video-preview":"max-video-preview:-1"},"canonical":"https:\/\/redenoticiaz.com.br\/ribeiraopreto-regiao\/sp\/2022\/05\/26\/tem-arte-o-evento-retorna-com-atividades-culturais-e-recreativas","og_locale":"pt_BR","og_type":"article","og_title":"Tem Arte: O evento retorna com atividades culturais e recreativas - Ribeir\u00e3o Preto e Regi\u00e3o","og_description":"O\u00a0evento, voltado \u00e0s\u00a0fam\u00edlias\u00a0e, principalmente, \u00e0s\u00a0crian\u00e7as, contar\u00e1 com\u00a0diversas atividades gratuitas,\u00a0como o\u00a0cantinho do desenho e da leitura.","og_url":"https:\/\/redenoticiaz.com.br\/ribeiraopreto-regiao\/sp\/2022\/05\/26\/tem-arte-o-evento-retorna-com-atividades-culturais-e-recreativas","og_site_name":"Ribeir\u00e3o Preto e Regi\u00e3o","article_publisher":"https:\/\/m.facebook.com\/redenoticiaz.barretos","article_published_time":"2022-05-26T19:21:30+00:00","og_image":[{"width":860,"height":642,"url":"https:\/\/redenoticiaz.com.br\/ribeiraopreto-regiao\/wp-content\/uploads\/sites\/4\/2022\/05\/Tem-Arte-Olimpia-2019-1-Copy.jpg","type":"image\/jpeg"}],"twitter_card":"summary_large_image","twitter_creator":"@RN_barretos","twitter_site":"@RN_barretos","twitter_misc":{"Escrito por":"","Est. tempo de leitura":"2 minutos"},"schema":{"@context":"https:\/\/schema.org","@graph":[{"@type":"Article","@id":"https:\/\/redenoticiaz.com.br\/ribeiraopreto-regiao\/sp\/2022\/05\/26\/tem-arte-o-evento-retorna-com-atividades-culturais-e-recreativas#article","isPartOf":{"@id":"https:\/\/redenoticiaz.com.br\/ribeiraopreto-regiao\/sp\/2022\/05\/26\/tem-arte-o-evento-retorna-com-atividades-culturais-e-recreativas"},"author":{"name":"","@id":""},"headline":"Tem Arte: O evento retorna com atividades culturais e recreativas","datePublished":"2022-05-26T19:21:30+00:00","mainEntityOfPage":{"@id":"https:\/\/redenoticiaz.com.br\/ribeiraopreto-regiao\/sp\/2022\/05\/26\/tem-arte-o-evento-retorna-com-atividades-culturais-e-recreativas"},"wordCount":376,"commentCount":0,"publisher":{"@id":"https:\/\/redenoticiaz.com.br\/ribeiraopreto-regiao\/#organization"},"image":{"@id":"https:\/\/redenoticiaz.com.br\/ribeiraopreto-regiao\/sp\/2022\/05\/26\/tem-arte-o-evento-retorna-com-atividades-culturais-e-recreativas#primaryimage"},"thumbnailUrl":"https:\/\/redenoticiaz.com.br\/ribeiraopreto-regiao\/wp-content\/uploads\/sites\/4\/2022\/05\/Tem-Arte-Olimpia-2019-1-Copy.jpg","keywords":["Crian\u00e7as","EVENTO GRATUITO","INCLUSIVO","TEM ARTE"],"articleSection":["A\u00e7\u00e3o Social","Cultura"],"inLanguage":"pt-BR","potentialAction":[{"@type":"CommentAction","name":"Comment","target":["https:\/\/redenoticiaz.com.br\/ribeiraopreto-regiao\/sp\/2022\/05\/26\/tem-arte-o-evento-retorna-com-atividades-culturais-e-recreativas#respond"]}]},{"@type":"WebPage","@id":"https:\/\/redenoticiaz.com.br\/ribeiraopreto-regiao\/sp\/2022\/05\/26\/tem-arte-o-evento-retorna-com-atividades-culturais-e-recreativas","url":"https:\/\/redenoticiaz.com.br\/ribeiraopreto-regiao\/sp\/2022\/05\/26\/tem-arte-o-evento-retorna-com-atividades-culturais-e-recreativas","name":"Tem Arte: O evento retorna com atividades culturais e recreativas - Ribeir\u00e3o Preto e Regi\u00e3o","isPartOf":{"@id":"https:\/\/redenoticiaz.com.br\/ribeiraopreto-regiao\/#website"},"primaryImageOfPage":{"@id":"https:\/\/redenoticiaz.com.br\/ribeiraopreto-regiao\/sp\/2022\/05\/26\/tem-arte-o-evento-retorna-com-atividades-culturais-e-recreativas#primaryimage"},"image":{"@id":"https:\/\/redenoticiaz.com.br\/ribeiraopreto-regiao\/sp\/2022\/05\/26\/tem-arte-o-evento-retorna-com-atividades-culturais-e-recreativas#primaryimage"},"thumbnailUrl":"https:\/\/redenoticiaz.com.br\/ribeiraopreto-regiao\/wp-content\/uploads\/sites\/4\/2022\/05\/Tem-Arte-Olimpia-2019-1-Copy.jpg","datePublished":"2022-05-26T19:21:30+00:00","description":"O\u00a0evento, voltado \u00e0s\u00a0fam\u00edlias\u00a0e, principalmente, \u00e0s\u00a0crian\u00e7as, contar\u00e1 com\u00a0diversas atividades gratuitas,\u00a0como o\u00a0cantinho do desenho e da leitura.","inLanguage":"pt-BR","potentialAction":[{"@type":"ReadAction","target":["https:\/\/redenoticiaz.com.br\/ribeiraopreto-regiao\/sp\/2022\/05\/26\/tem-arte-o-evento-retorna-com-atividades-culturais-e-recreativas"]}]},{"@type":"ImageObject","inLanguage":"pt-BR","@id":"https:\/\/redenoticiaz.com.br\/ribeiraopreto-regiao\/sp\/2022\/05\/26\/tem-arte-o-evento-retorna-com-atividades-culturais-e-recreativas#primaryimage","url":"https:\/\/redenoticiaz.com.br\/ribeiraopreto-regiao\/wp-content\/uploads\/sites\/4\/2022\/05\/Tem-Arte-Olimpia-2019-1-Copy.jpg","contentUrl":"https:\/\/redenoticiaz.com.br\/ribeiraopreto-regiao\/wp-content\/uploads\/sites\/4\/2022\/05\/Tem-Arte-Olimpia-2019-1-Copy.jpg","width":860,"height":642,"caption":"O projeto Tem Arte \u00e9 uma iniciativa da TV Tem. Cr\u00e9dito: Reprodu\u00e7\u00e3o"},{"@type":"WebSite","@id":"https:\/\/redenoticiaz.com.br\/ribeiraopreto-regiao\/#website","url":"https:\/\/redenoticiaz.com.br\/ribeiraopreto-regiao\/","name":"Ribeir\u00e3o Preto e Regi\u00e3o","description":"Rede NoticiaZ - Ribeir\u00e3o Preto e regi\u00e3o","publisher":{"@id":"https:\/\/redenoticiaz.com.br\/ribeiraopreto-regiao\/#organization"},"potentialAction":[{"@type":"SearchAction","target":{"@type":"EntryPoint","urlTemplate":"https:\/\/redenoticiaz.com.br\/ribeiraopreto-regiao\/?s={search_term_string}"},"query-input":{"@type":"PropertyValueSpecification","valueRequired":true,"valueName":"search_term_string"}}],"inLanguage":"pt-BR"},{"@type":"Organization","@id":"https:\/\/redenoticiaz.com.br\/ribeiraopreto-regiao\/#organization","name":"Ribeir\u00e3o Preto e Regi\u00e3o","url":"https:\/\/redenoticiaz.com.br\/ribeiraopreto-regiao\/","logo":{"@type":"ImageObject","inLanguage":"pt-BR","@id":"https:\/\/redenoticiaz.com.br\/ribeiraopreto-regiao\/#\/schema\/logo\/image\/","url":"https:\/\/redenoticiaz.com.br\/barretos-regiao\/wp-content\/uploads\/sites\/4\/2022\/02\/logo.jpg","contentUrl":"https:\/\/redenoticiaz.com.br\/barretos-regiao\/wp-content\/uploads\/sites\/4\/2022\/02\/logo.jpg","width":400,"height":250,"caption":"Ribeir\u00e3o Preto e Regi\u00e3o"},"image":{"@id":"https:\/\/redenoticiaz.com.br\/ribeiraopreto-regiao\/#\/schema\/logo\/image\/"},"sameAs":["https:\/\/m.facebook.com\/redenoticiaz.barretos","https:\/\/x.com\/RN_barretos","https:\/\/www.instagram.com\/redenoticiaz.barretos\/?igshid=YmMyMTA2M2Y","https:\/\/www.linkedin.com\/company\/rede-noticiaz-barretos-e-regio\/"]},{"@type":"Person","@id":"","url":"https:\/\/redenoticiaz.com.br\/ribeiraopreto-regiao\/sp\/author"}]}},"_links":{"self":[{"href":"https:\/\/redenoticiaz.com.br\/ribeiraopreto-regiao\/wp-json\/wp\/v2\/posts\/4607","targetHints":{"allow":["GET"]}}],"collection":[{"href":"https:\/\/redenoticiaz.com.br\/ribeiraopreto-regiao\/wp-json\/wp\/v2\/posts"}],"about":[{"href":"https:\/\/redenoticiaz.com.br\/ribeiraopreto-regiao\/wp-json\/wp\/v2\/types\/post"}],"author":[{"embeddable":true,"href":"https:\/\/redenoticiaz.com.br\/ribeiraopreto-regiao\/wp-json\/wp\/v2\/users\/15"}],"replies":[{"embeddable":true,"href":"https:\/\/redenoticiaz.com.br\/ribeiraopreto-regiao\/wp-json\/wp\/v2\/comments?post=4607"}],"version-history":[{"count":1,"href":"https:\/\/redenoticiaz.com.br\/ribeiraopreto-regiao\/wp-json\/wp\/v2\/posts\/4607\/revisions"}],"predecessor-version":[{"id":4610,"href":"https:\/\/redenoticiaz.com.br\/ribeiraopreto-regiao\/wp-json\/wp\/v2\/posts\/4607\/revisions\/4610"}],"wp:featuredmedia":[{"embeddable":true,"href":"https:\/\/redenoticiaz.com.br\/ribeiraopreto-regiao\/wp-json\/wp\/v2\/media\/4609"}],"wp:attachment":[{"href":"https:\/\/redenoticiaz.com.br\/ribeiraopreto-regiao\/wp-json\/wp\/v2\/media?parent=4607"}],"wp:term":[{"taxonomy":"category","embeddable":true,"href":"https:\/\/redenoticiaz.com.br\/ribeiraopreto-regiao\/wp-json\/wp\/v2\/categories?post=4607"},{"taxonomy":"post_tag","embeddable":true,"href":"https:\/\/redenoticiaz.com.br\/ribeiraopreto-regiao\/wp-json\/wp\/v2\/tags?post=4607"}],"curies":[{"name":"wp","href":"https:\/\/api.w.org\/{rel}","templated":true}]}}