{"id":465,"date":"2022-03-06T11:22:48","date_gmt":"2022-03-06T14:22:48","guid":{"rendered":"https:\/\/redenoticiaz.com.br\/barretos-regiao\/?p=465"},"modified":"2022-03-06T11:22:48","modified_gmt":"2022-03-06T14:22:48","slug":"tecer-a-vida-projeto-tem-40-detentos-voluntarios","status":"publish","type":"post","link":"https:\/\/redenoticiaz.com.br\/ribeiraopreto-regiao\/sp\/2022\/03\/06\/tecer-a-vida-projeto-tem-40-detentos-voluntarios","title":{"rendered":"Tecer a Vida: projeto tem 40 detentos volunt\u00e1rios"},"content":{"rendered":"<div class=\"content-media-container glb-skeleton-box\">\n<div class=\"mc-column content-text active-extra-styles \" data-block-type=\"unstyled\" data-block-weight=\"22\" data-block-id=\"14\">\n<p class=\"content-text__container \" data-track-category=\"Link no Texto\" data-track-links=\"\">Projeto \u201cTecer a Vida\u201d, conta com 40 detentos volunt\u00e1rios da Penitenciaria de Balbinos (SP). Essa \u00e9 a 9\u00b0 fase do projeto. Assim, o programa que visa ajudar pacientes com c\u00e2ncer, teve in\u00edcio em 2016, rendeu 320 pe\u00e7as de croch\u00ea, como tapetes artesanais, toucas, chaveiros, bonecos (amigurumis), entre outros.<\/p>\n<\/div>\n<div class=\"row medium-uncollapsed content-media content-photo\" data-block-type=\"backstage-photo\" data-block-id=\"15\">\n<div class=\"mc-column content-media__container\">\n<div class=\"content-media-container glb-skeleton-box\">\n<p>Contudo, o material \u00e9 doado para realiza\u00e7\u00e3o de bazares e rifas, e todo dinheiro arrecadado \u00e9 investido no tratamento de pacientes do Hospital de C\u00e2ncer de Barretos, segundo a Secretaria da Administra\u00e7\u00e3o Penitenci\u00e1ria.<\/p>\n<p>A assessoria tamb\u00e9m comentou, foram os detentos quem compraram parte do barbante e linha para a confec\u00e7\u00e3o dos itens. O restante da mat\u00e9ria-prima foi doada pela Associa\u00e7\u00e3o Volunt\u00e1ria de Combate ao C\u00e2ncer (AVCC) de\u00a0Barretos.<\/p>\n<figure id=\"attachment_467\" aria-describedby=\"caption-attachment-467\" style=\"width: 300px\" class=\"wp-caption alignleft\"><img loading=\"lazy\" decoding=\"async\" class=\"size-medium wp-image-467\" src=\"https:\/\/redenoticiaz.com.br\/barretos-regiao\/wp-content\/uploads\/sites\/4\/2022\/03\/integrantes-da-associacao-voluntaria-de-combate-ao-cancer-de-barretos-durante-visita-a-unidade-300x225.jpg\" alt=\"\" width=\"300\" height=\"225\" srcset=\"https:\/\/redenoticiaz.com.br\/ribeiraopreto-regiao\/wp-content\/uploads\/sites\/4\/2022\/03\/integrantes-da-associacao-voluntaria-de-combate-ao-cancer-de-barretos-durante-visita-a-unidade-300x225.jpg 300w, https:\/\/redenoticiaz.com.br\/ribeiraopreto-regiao\/wp-content\/uploads\/sites\/4\/2022\/03\/integrantes-da-associacao-voluntaria-de-combate-ao-cancer-de-barretos-durante-visita-a-unidade-768x576.jpg 768w, https:\/\/redenoticiaz.com.br\/ribeiraopreto-regiao\/wp-content\/uploads\/sites\/4\/2022\/03\/integrantes-da-associacao-voluntaria-de-combate-ao-cancer-de-barretos-durante-visita-a-unidade.jpg 984w\" sizes=\"auto, (max-width: 300px) 100vw, 300px\" \/><figcaption id=\"caption-attachment-467\" class=\"wp-caption-text\">Realizado desde 2016, projeto da Penitenci\u00e1ria I est\u00e1 na nona fase e reuniu 40 detentos \u2014 Foto: Secretaria da Administra\u00e7\u00e3o Penitenci\u00e1ria\/Divulga\u00e7\u00e3o<\/figcaption><\/figure>\n<p>No entanto, o programa busca promover uma mudan\u00e7a de h\u00e1bitos, assim inserindo os presos em a\u00e7\u00f5es solidarias. Outro ponto \u00e9, o trabalho com os detentos tamb\u00e9m serve como terapia em meio ao ambiente de c\u00e1rcere.<\/p>\n<p>Em uma mat\u00e9ria produzida pelo G1, o coordenador do projeto &#8220;Tecer a Vida&#8221;, Paulo Oliveira dos Santos. \u201cAs a\u00e7\u00f5es superaram as minhas expectativas, pois j\u00e1 estamos na nona fase do programa, totalizando mais de tr\u00eas mil produtos artesanais doados ao Hospital de C\u00e2ncer de Barretos, contribuindo para o tratamento dos pacientes. J\u00e1 s\u00e3o cinco anos com esse prop\u00f3sito de fazer o bem ao pr\u00f3ximo e pretendemos continuar&#8221;, diz.<\/p>\n<p>A iniciativa busca trocar o material por cadeiras de rodas, j\u00e1 que, segundo a assessoria, dez mil tampinhas equivalem a uma cadeira.<\/p>\n<p>LEIA TAMB\u00c9M:\u00a0<a href=\"https:\/\/redenoticiaz.com.br\/barretos-regiao\/sp\/2022\/03\/04\/abertas-as-inscricoes-para-o-campeonato-municipal-de-voleibol-2022\">Abertas as inscri\u00e7\u00f5es para o Campeonato Municipal de Voleibol 2022<\/a><\/p>\n<p>&nbsp;<\/p>\n<p>&nbsp;<\/p>\n<p>&nbsp;<\/p>\n<p>&nbsp;<\/p>\n<\/div>\n<\/div>\n<\/div>\n<\/div>\n","protected":false},"excerpt":{"rendered":"<p>Projeto \u201cTecer a Vida\u201d, conta com 40 detentos volunt\u00e1rios da Penitenciaria de Balbinos (SP). Essa \u00e9 a 9\u00b0 fase do projeto. Assim, o programa que visa ajudar pacientes com c\u00e2ncer, teve in\u00edcio em 2016, rendeu 320 pe\u00e7as de croch\u00ea, como tapetes artesanais, toucas, chaveiros, bonecos (amigurumis), entre outros. Contudo, o material \u00e9 doado para realiza\u00e7\u00e3o &hellip;<\/p>\n","protected":false},"author":15,"featured_media":466,"comment_status":"open","ping_status":"closed","sticky":false,"template":"","format":"standard","meta":{"footnotes":""},"categories":[252],"tags":[1974,1971,1972,1973],"class_list":["post-465","post","type-post","status-publish","format-standard","has-post-thumbnail","hentry","category-acao-social","tag-avcc","tag-hospital-do-cancer-em-nbarretos","tag-penitenciaria","tag-projeto-tecer-a-vida"],"yoast_head":"<!-- This site is optimized with the Yoast SEO plugin v27.5 - https:\/\/yoast.com\/product\/yoast-seo-wordpress\/ -->\n<title>Tecer a Vida: projeto tem 40 detentos volunt\u00e1rios - Ribeir\u00e3o Preto e Regi\u00e3o<\/title>\n<meta name=\"description\" content=\"Essa \u00e9 a 9\u00b0 fase do projeto. Assim, o programa que visa ajudar pacientes com c\u00e2ncer, teve in\u00edcio em 2016, rendeu 320 pe\u00e7as.\" \/>\n<meta name=\"robots\" content=\"index, follow, max-snippet:-1, max-image-preview:large, max-video-preview:-1\" \/>\n<link rel=\"canonical\" href=\"https:\/\/redenoticiaz.com.br\/ribeiraopreto-regiao\/sp\/2022\/03\/06\/tecer-a-vida-projeto-tem-40-detentos-voluntarios\" \/>\n<meta property=\"og:locale\" content=\"pt_BR\" \/>\n<meta property=\"og:type\" content=\"article\" \/>\n<meta property=\"og:title\" content=\"Tecer a Vida: projeto tem 40 detentos volunt\u00e1rios - Ribeir\u00e3o Preto e Regi\u00e3o\" \/>\n<meta property=\"og:description\" content=\"Essa \u00e9 a 9\u00b0 fase do projeto. Assim, o programa que visa ajudar pacientes com c\u00e2ncer, teve in\u00edcio em 2016, rendeu 320 pe\u00e7as.\" \/>\n<meta property=\"og:url\" content=\"https:\/\/redenoticiaz.com.br\/ribeiraopreto-regiao\/sp\/2022\/03\/06\/tecer-a-vida-projeto-tem-40-detentos-voluntarios\" \/>\n<meta property=\"og:site_name\" content=\"Ribeir\u00e3o Preto e Regi\u00e3o\" \/>\n<meta property=\"article:publisher\" content=\"https:\/\/m.facebook.com\/redenoticiaz.barretos\" \/>\n<meta property=\"article:published_time\" content=\"2022-03-06T14:22:48+00:00\" \/>\n<meta property=\"og:image\" content=\"https:\/\/redenoticiaz.com.br\/ribeiraopreto-regiao\/wp-content\/uploads\/sites\/4\/2022\/03\/acao-solidaria-busca-ajudar-pacientes-com-cancer.jpg\" \/>\n\t<meta property=\"og:image:width\" content=\"984\" \/>\n\t<meta property=\"og:image:height\" content=\"738\" \/>\n\t<meta property=\"og:image:type\" content=\"image\/jpeg\" \/>\n<meta name=\"twitter:card\" content=\"summary_large_image\" \/>\n<meta name=\"twitter:creator\" content=\"@RN_barretos\" \/>\n<meta name=\"twitter:site\" content=\"@RN_barretos\" \/>\n<meta name=\"twitter:label1\" content=\"Escrito por\" \/>\n\t<meta name=\"twitter:data1\" content=\"\" \/>\n\t<meta name=\"twitter:label2\" content=\"Est. tempo de leitura\" \/>\n\t<meta name=\"twitter:data2\" content=\"2 minutos\" \/>\n<script type=\"application\/ld+json\" class=\"yoast-schema-graph\">{\"@context\":\"https:\\\/\\\/schema.org\",\"@graph\":[{\"@type\":\"Article\",\"@id\":\"https:\\\/\\\/redenoticiaz.com.br\\\/ribeiraopreto-regiao\\\/sp\\\/2022\\\/03\\\/06\\\/tecer-a-vida-projeto-tem-40-detentos-voluntarios#article\",\"isPartOf\":{\"@id\":\"https:\\\/\\\/redenoticiaz.com.br\\\/ribeiraopreto-regiao\\\/sp\\\/2022\\\/03\\\/06\\\/tecer-a-vida-projeto-tem-40-detentos-voluntarios\"},\"author\":{\"name\":\"\",\"@id\":\"\"},\"headline\":\"Tecer a Vida: projeto tem 40 detentos volunt\u00e1rios\",\"datePublished\":\"2022-03-06T14:22:48+00:00\",\"mainEntityOfPage\":{\"@id\":\"https:\\\/\\\/redenoticiaz.com.br\\\/ribeiraopreto-regiao\\\/sp\\\/2022\\\/03\\\/06\\\/tecer-a-vida-projeto-tem-40-detentos-voluntarios\"},\"wordCount\":314,\"commentCount\":0,\"publisher\":{\"@id\":\"https:\\\/\\\/redenoticiaz.com.br\\\/ribeiraopreto-regiao\\\/#organization\"},\"image\":{\"@id\":\"https:\\\/\\\/redenoticiaz.com.br\\\/ribeiraopreto-regiao\\\/sp\\\/2022\\\/03\\\/06\\\/tecer-a-vida-projeto-tem-40-detentos-voluntarios#primaryimage\"},\"thumbnailUrl\":\"https:\\\/\\\/redenoticiaz.com.br\\\/ribeiraopreto-regiao\\\/wp-content\\\/uploads\\\/sites\\\/4\\\/2022\\\/03\\\/acao-solidaria-busca-ajudar-pacientes-com-cancer.jpg\",\"keywords\":[\"AVCC\",\"HOSPITAL DO CANC\u00caR EM NBARRETOS\",\"penitenci\u00e1ria\",\"PROJETO TECER A VIDA\"],\"articleSection\":[\"A\u00e7\u00e3o Social\"],\"inLanguage\":\"pt-BR\",\"potentialAction\":[{\"@type\":\"CommentAction\",\"name\":\"Comment\",\"target\":[\"https:\\\/\\\/redenoticiaz.com.br\\\/ribeiraopreto-regiao\\\/sp\\\/2022\\\/03\\\/06\\\/tecer-a-vida-projeto-tem-40-detentos-voluntarios#respond\"]}]},{\"@type\":\"WebPage\",\"@id\":\"https:\\\/\\\/redenoticiaz.com.br\\\/ribeiraopreto-regiao\\\/sp\\\/2022\\\/03\\\/06\\\/tecer-a-vida-projeto-tem-40-detentos-voluntarios\",\"url\":\"https:\\\/\\\/redenoticiaz.com.br\\\/ribeiraopreto-regiao\\\/sp\\\/2022\\\/03\\\/06\\\/tecer-a-vida-projeto-tem-40-detentos-voluntarios\",\"name\":\"Tecer a Vida: projeto tem 40 detentos volunt\u00e1rios - Ribeir\u00e3o Preto e Regi\u00e3o\",\"isPartOf\":{\"@id\":\"https:\\\/\\\/redenoticiaz.com.br\\\/ribeiraopreto-regiao\\\/#website\"},\"primaryImageOfPage\":{\"@id\":\"https:\\\/\\\/redenoticiaz.com.br\\\/ribeiraopreto-regiao\\\/sp\\\/2022\\\/03\\\/06\\\/tecer-a-vida-projeto-tem-40-detentos-voluntarios#primaryimage\"},\"image\":{\"@id\":\"https:\\\/\\\/redenoticiaz.com.br\\\/ribeiraopreto-regiao\\\/sp\\\/2022\\\/03\\\/06\\\/tecer-a-vida-projeto-tem-40-detentos-voluntarios#primaryimage\"},\"thumbnailUrl\":\"https:\\\/\\\/redenoticiaz.com.br\\\/ribeiraopreto-regiao\\\/wp-content\\\/uploads\\\/sites\\\/4\\\/2022\\\/03\\\/acao-solidaria-busca-ajudar-pacientes-com-cancer.jpg\",\"datePublished\":\"2022-03-06T14:22:48+00:00\",\"description\":\"Essa \u00e9 a 9\u00b0 fase do projeto. Assim, o programa que visa ajudar pacientes com c\u00e2ncer, teve in\u00edcio em 2016, rendeu 320 pe\u00e7as.\",\"inLanguage\":\"pt-BR\",\"potentialAction\":[{\"@type\":\"ReadAction\",\"target\":[\"https:\\\/\\\/redenoticiaz.com.br\\\/ribeiraopreto-regiao\\\/sp\\\/2022\\\/03\\\/06\\\/tecer-a-vida-projeto-tem-40-detentos-voluntarios\"]}]},{\"@type\":\"ImageObject\",\"inLanguage\":\"pt-BR\",\"@id\":\"https:\\\/\\\/redenoticiaz.com.br\\\/ribeiraopreto-regiao\\\/sp\\\/2022\\\/03\\\/06\\\/tecer-a-vida-projeto-tem-40-detentos-voluntarios#primaryimage\",\"url\":\"https:\\\/\\\/redenoticiaz.com.br\\\/ribeiraopreto-regiao\\\/wp-content\\\/uploads\\\/sites\\\/4\\\/2022\\\/03\\\/acao-solidaria-busca-ajudar-pacientes-com-cancer.jpg\",\"contentUrl\":\"https:\\\/\\\/redenoticiaz.com.br\\\/ribeiraopreto-regiao\\\/wp-content\\\/uploads\\\/sites\\\/4\\\/2022\\\/03\\\/acao-solidaria-busca-ajudar-pacientes-com-cancer.jpg\",\"width\":984,\"height\":738,\"caption\":\"Presos de Balbinos produzem mais de 300 itens artesanais para ajudar pacientes com c\u00e2ncer \u2014 Foto: Secretaria da Administra\u00e7\u00e3o Penitenci\u00e1ria\\\/Divulga\u00e7\u00e3o\"},{\"@type\":\"WebSite\",\"@id\":\"https:\\\/\\\/redenoticiaz.com.br\\\/ribeiraopreto-regiao\\\/#website\",\"url\":\"https:\\\/\\\/redenoticiaz.com.br\\\/ribeiraopreto-regiao\\\/\",\"name\":\"Ribeir\u00e3o Preto e Regi\u00e3o\",\"description\":\"Rede NoticiaZ - Ribeir\u00e3o Preto e regi\u00e3o\",\"publisher\":{\"@id\":\"https:\\\/\\\/redenoticiaz.com.br\\\/ribeiraopreto-regiao\\\/#organization\"},\"potentialAction\":[{\"@type\":\"SearchAction\",\"target\":{\"@type\":\"EntryPoint\",\"urlTemplate\":\"https:\\\/\\\/redenoticiaz.com.br\\\/ribeiraopreto-regiao\\\/?s={search_term_string}\"},\"query-input\":{\"@type\":\"PropertyValueSpecification\",\"valueRequired\":true,\"valueName\":\"search_term_string\"}}],\"inLanguage\":\"pt-BR\"},{\"@type\":\"Organization\",\"@id\":\"https:\\\/\\\/redenoticiaz.com.br\\\/ribeiraopreto-regiao\\\/#organization\",\"name\":\"Ribeir\u00e3o Preto e Regi\u00e3o\",\"url\":\"https:\\\/\\\/redenoticiaz.com.br\\\/ribeiraopreto-regiao\\\/\",\"logo\":{\"@type\":\"ImageObject\",\"inLanguage\":\"pt-BR\",\"@id\":\"https:\\\/\\\/redenoticiaz.com.br\\\/ribeiraopreto-regiao\\\/#\\\/schema\\\/logo\\\/image\\\/\",\"url\":\"https:\\\/\\\/redenoticiaz.com.br\\\/barretos-regiao\\\/wp-content\\\/uploads\\\/sites\\\/4\\\/2022\\\/02\\\/logo.jpg\",\"contentUrl\":\"https:\\\/\\\/redenoticiaz.com.br\\\/barretos-regiao\\\/wp-content\\\/uploads\\\/sites\\\/4\\\/2022\\\/02\\\/logo.jpg\",\"width\":400,\"height\":250,\"caption\":\"Ribeir\u00e3o Preto e Regi\u00e3o\"},\"image\":{\"@id\":\"https:\\\/\\\/redenoticiaz.com.br\\\/ribeiraopreto-regiao\\\/#\\\/schema\\\/logo\\\/image\\\/\"},\"sameAs\":[\"https:\\\/\\\/m.facebook.com\\\/redenoticiaz.barretos\",\"https:\\\/\\\/x.com\\\/RN_barretos\",\"https:\\\/\\\/www.instagram.com\\\/redenoticiaz.barretos\\\/?igshid=YmMyMTA2M2Y\",\"https:\\\/\\\/www.linkedin.com\\\/company\\\/rede-noticiaz-barretos-e-regio\\\/\"]},{\"@type\":\"Person\",\"@id\":\"\",\"url\":\"https:\\\/\\\/redenoticiaz.com.br\\\/ribeiraopreto-regiao\\\/sp\\\/author\"}]}<\/script>\n<!-- \/ Yoast SEO plugin. -->","yoast_head_json":{"title":"Tecer a Vida: projeto tem 40 detentos volunt\u00e1rios - Ribeir\u00e3o Preto e Regi\u00e3o","description":"Essa \u00e9 a 9\u00b0 fase do projeto. Assim, o programa que visa ajudar pacientes com c\u00e2ncer, teve in\u00edcio em 2016, rendeu 320 pe\u00e7as.","robots":{"index":"index","follow":"follow","max-snippet":"max-snippet:-1","max-image-preview":"max-image-preview:large","max-video-preview":"max-video-preview:-1"},"canonical":"https:\/\/redenoticiaz.com.br\/ribeiraopreto-regiao\/sp\/2022\/03\/06\/tecer-a-vida-projeto-tem-40-detentos-voluntarios","og_locale":"pt_BR","og_type":"article","og_title":"Tecer a Vida: projeto tem 40 detentos volunt\u00e1rios - Ribeir\u00e3o Preto e Regi\u00e3o","og_description":"Essa \u00e9 a 9\u00b0 fase do projeto. Assim, o programa que visa ajudar pacientes com c\u00e2ncer, teve in\u00edcio em 2016, rendeu 320 pe\u00e7as.","og_url":"https:\/\/redenoticiaz.com.br\/ribeiraopreto-regiao\/sp\/2022\/03\/06\/tecer-a-vida-projeto-tem-40-detentos-voluntarios","og_site_name":"Ribeir\u00e3o Preto e Regi\u00e3o","article_publisher":"https:\/\/m.facebook.com\/redenoticiaz.barretos","article_published_time":"2022-03-06T14:22:48+00:00","og_image":[{"width":984,"height":738,"url":"https:\/\/redenoticiaz.com.br\/ribeiraopreto-regiao\/wp-content\/uploads\/sites\/4\/2022\/03\/acao-solidaria-busca-ajudar-pacientes-com-cancer.jpg","type":"image\/jpeg"}],"twitter_card":"summary_large_image","twitter_creator":"@RN_barretos","twitter_site":"@RN_barretos","twitter_misc":{"Escrito por":"","Est. tempo de leitura":"2 minutos"},"schema":{"@context":"https:\/\/schema.org","@graph":[{"@type":"Article","@id":"https:\/\/redenoticiaz.com.br\/ribeiraopreto-regiao\/sp\/2022\/03\/06\/tecer-a-vida-projeto-tem-40-detentos-voluntarios#article","isPartOf":{"@id":"https:\/\/redenoticiaz.com.br\/ribeiraopreto-regiao\/sp\/2022\/03\/06\/tecer-a-vida-projeto-tem-40-detentos-voluntarios"},"author":{"name":"","@id":""},"headline":"Tecer a Vida: projeto tem 40 detentos volunt\u00e1rios","datePublished":"2022-03-06T14:22:48+00:00","mainEntityOfPage":{"@id":"https:\/\/redenoticiaz.com.br\/ribeiraopreto-regiao\/sp\/2022\/03\/06\/tecer-a-vida-projeto-tem-40-detentos-voluntarios"},"wordCount":314,"commentCount":0,"publisher":{"@id":"https:\/\/redenoticiaz.com.br\/ribeiraopreto-regiao\/#organization"},"image":{"@id":"https:\/\/redenoticiaz.com.br\/ribeiraopreto-regiao\/sp\/2022\/03\/06\/tecer-a-vida-projeto-tem-40-detentos-voluntarios#primaryimage"},"thumbnailUrl":"https:\/\/redenoticiaz.com.br\/ribeiraopreto-regiao\/wp-content\/uploads\/sites\/4\/2022\/03\/acao-solidaria-busca-ajudar-pacientes-com-cancer.jpg","keywords":["AVCC","HOSPITAL DO CANC\u00caR EM NBARRETOS","penitenci\u00e1ria","PROJETO TECER A VIDA"],"articleSection":["A\u00e7\u00e3o Social"],"inLanguage":"pt-BR","potentialAction":[{"@type":"CommentAction","name":"Comment","target":["https:\/\/redenoticiaz.com.br\/ribeiraopreto-regiao\/sp\/2022\/03\/06\/tecer-a-vida-projeto-tem-40-detentos-voluntarios#respond"]}]},{"@type":"WebPage","@id":"https:\/\/redenoticiaz.com.br\/ribeiraopreto-regiao\/sp\/2022\/03\/06\/tecer-a-vida-projeto-tem-40-detentos-voluntarios","url":"https:\/\/redenoticiaz.com.br\/ribeiraopreto-regiao\/sp\/2022\/03\/06\/tecer-a-vida-projeto-tem-40-detentos-voluntarios","name":"Tecer a Vida: projeto tem 40 detentos volunt\u00e1rios - Ribeir\u00e3o Preto e Regi\u00e3o","isPartOf":{"@id":"https:\/\/redenoticiaz.com.br\/ribeiraopreto-regiao\/#website"},"primaryImageOfPage":{"@id":"https:\/\/redenoticiaz.com.br\/ribeiraopreto-regiao\/sp\/2022\/03\/06\/tecer-a-vida-projeto-tem-40-detentos-voluntarios#primaryimage"},"image":{"@id":"https:\/\/redenoticiaz.com.br\/ribeiraopreto-regiao\/sp\/2022\/03\/06\/tecer-a-vida-projeto-tem-40-detentos-voluntarios#primaryimage"},"thumbnailUrl":"https:\/\/redenoticiaz.com.br\/ribeiraopreto-regiao\/wp-content\/uploads\/sites\/4\/2022\/03\/acao-solidaria-busca-ajudar-pacientes-com-cancer.jpg","datePublished":"2022-03-06T14:22:48+00:00","description":"Essa \u00e9 a 9\u00b0 fase do projeto. Assim, o programa que visa ajudar pacientes com c\u00e2ncer, teve in\u00edcio em 2016, rendeu 320 pe\u00e7as.","inLanguage":"pt-BR","potentialAction":[{"@type":"ReadAction","target":["https:\/\/redenoticiaz.com.br\/ribeiraopreto-regiao\/sp\/2022\/03\/06\/tecer-a-vida-projeto-tem-40-detentos-voluntarios"]}]},{"@type":"ImageObject","inLanguage":"pt-BR","@id":"https:\/\/redenoticiaz.com.br\/ribeiraopreto-regiao\/sp\/2022\/03\/06\/tecer-a-vida-projeto-tem-40-detentos-voluntarios#primaryimage","url":"https:\/\/redenoticiaz.com.br\/ribeiraopreto-regiao\/wp-content\/uploads\/sites\/4\/2022\/03\/acao-solidaria-busca-ajudar-pacientes-com-cancer.jpg","contentUrl":"https:\/\/redenoticiaz.com.br\/ribeiraopreto-regiao\/wp-content\/uploads\/sites\/4\/2022\/03\/acao-solidaria-busca-ajudar-pacientes-com-cancer.jpg","width":984,"height":738,"caption":"Presos de Balbinos produzem mais de 300 itens artesanais para ajudar pacientes com c\u00e2ncer \u2014 Foto: Secretaria da Administra\u00e7\u00e3o Penitenci\u00e1ria\/Divulga\u00e7\u00e3o"},{"@type":"WebSite","@id":"https:\/\/redenoticiaz.com.br\/ribeiraopreto-regiao\/#website","url":"https:\/\/redenoticiaz.com.br\/ribeiraopreto-regiao\/","name":"Ribeir\u00e3o Preto e Regi\u00e3o","description":"Rede NoticiaZ - Ribeir\u00e3o Preto e regi\u00e3o","publisher":{"@id":"https:\/\/redenoticiaz.com.br\/ribeiraopreto-regiao\/#organization"},"potentialAction":[{"@type":"SearchAction","target":{"@type":"EntryPoint","urlTemplate":"https:\/\/redenoticiaz.com.br\/ribeiraopreto-regiao\/?s={search_term_string}"},"query-input":{"@type":"PropertyValueSpecification","valueRequired":true,"valueName":"search_term_string"}}],"inLanguage":"pt-BR"},{"@type":"Organization","@id":"https:\/\/redenoticiaz.com.br\/ribeiraopreto-regiao\/#organization","name":"Ribeir\u00e3o Preto e Regi\u00e3o","url":"https:\/\/redenoticiaz.com.br\/ribeiraopreto-regiao\/","logo":{"@type":"ImageObject","inLanguage":"pt-BR","@id":"https:\/\/redenoticiaz.com.br\/ribeiraopreto-regiao\/#\/schema\/logo\/image\/","url":"https:\/\/redenoticiaz.com.br\/barretos-regiao\/wp-content\/uploads\/sites\/4\/2022\/02\/logo.jpg","contentUrl":"https:\/\/redenoticiaz.com.br\/barretos-regiao\/wp-content\/uploads\/sites\/4\/2022\/02\/logo.jpg","width":400,"height":250,"caption":"Ribeir\u00e3o Preto e Regi\u00e3o"},"image":{"@id":"https:\/\/redenoticiaz.com.br\/ribeiraopreto-regiao\/#\/schema\/logo\/image\/"},"sameAs":["https:\/\/m.facebook.com\/redenoticiaz.barretos","https:\/\/x.com\/RN_barretos","https:\/\/www.instagram.com\/redenoticiaz.barretos\/?igshid=YmMyMTA2M2Y","https:\/\/www.linkedin.com\/company\/rede-noticiaz-barretos-e-regio\/"]},{"@type":"Person","@id":"","url":"https:\/\/redenoticiaz.com.br\/ribeiraopreto-regiao\/sp\/author"}]}},"_links":{"self":[{"href":"https:\/\/redenoticiaz.com.br\/ribeiraopreto-regiao\/wp-json\/wp\/v2\/posts\/465","targetHints":{"allow":["GET"]}}],"collection":[{"href":"https:\/\/redenoticiaz.com.br\/ribeiraopreto-regiao\/wp-json\/wp\/v2\/posts"}],"about":[{"href":"https:\/\/redenoticiaz.com.br\/ribeiraopreto-regiao\/wp-json\/wp\/v2\/types\/post"}],"author":[{"embeddable":true,"href":"https:\/\/redenoticiaz.com.br\/ribeiraopreto-regiao\/wp-json\/wp\/v2\/users\/15"}],"replies":[{"embeddable":true,"href":"https:\/\/redenoticiaz.com.br\/ribeiraopreto-regiao\/wp-json\/wp\/v2\/comments?post=465"}],"version-history":[{"count":1,"href":"https:\/\/redenoticiaz.com.br\/ribeiraopreto-regiao\/wp-json\/wp\/v2\/posts\/465\/revisions"}],"predecessor-version":[{"id":468,"href":"https:\/\/redenoticiaz.com.br\/ribeiraopreto-regiao\/wp-json\/wp\/v2\/posts\/465\/revisions\/468"}],"wp:featuredmedia":[{"embeddable":true,"href":"https:\/\/redenoticiaz.com.br\/ribeiraopreto-regiao\/wp-json\/wp\/v2\/media\/466"}],"wp:attachment":[{"href":"https:\/\/redenoticiaz.com.br\/ribeiraopreto-regiao\/wp-json\/wp\/v2\/media?parent=465"}],"wp:term":[{"taxonomy":"category","embeddable":true,"href":"https:\/\/redenoticiaz.com.br\/ribeiraopreto-regiao\/wp-json\/wp\/v2\/categories?post=465"},{"taxonomy":"post_tag","embeddable":true,"href":"https:\/\/redenoticiaz.com.br\/ribeiraopreto-regiao\/wp-json\/wp\/v2\/tags?post=465"}],"curies":[{"name":"wp","href":"https:\/\/api.w.org\/{rel}","templated":true}]}}