{"id":4671,"date":"2022-05-27T16:46:42","date_gmt":"2022-05-27T19:46:42","guid":{"rendered":"https:\/\/redenoticiaz.com.br\/barretos-regiao\/?p=4671"},"modified":"2022-05-27T16:46:42","modified_gmt":"2022-05-27T19:46:42","slug":"motorista-causa-acidente-e-nao-presta-socorro-as-vitimas","status":"publish","type":"post","link":"https:\/\/redenoticiaz.com.br\/ribeiraopreto-regiao\/sp\/2022\/05\/27\/motorista-causa-acidente-e-nao-presta-socorro-as-vitimas","title":{"rendered":"Motorista causa acidente e n\u00e3o presta socorro \u00e0s v\u00edtimas"},"content":{"rendered":"<p>Um <strong>acidente envolvendo dois ve\u00edculos<\/strong>, no Trevo Minerva, na Rodovia Assis Chateaubriand. O carro, uma <strong>Fiorino Ba\u00fa,<\/strong> parou no alambrado da pista e duas pessoas precisaram ser socorridas pelo SAMU. No ve\u00edculo estavam, <b>Aparecido Mariano Garcia<\/b>,\u00a0<strong>69 anos<\/strong>, morador da<b>\u00a0Vila Maceno<\/b>\u00a0em<b> Rio Preto <\/b>e o<b> passageiro,<\/b><b>\u00a0David Cardoso Silvia Dias.<\/b><\/p>\n<p><img loading=\"lazy\" decoding=\"async\" class=\"size-medium wp-image-4673 alignleft\" src=\"https:\/\/redenoticiaz.com.br\/barretos-regiao\/wp-content\/uploads\/sites\/4\/2022\/05\/16536611386290ddd24e9fb935674534-245x300.jpg\" alt=\"Motorista causa acidente e n\u00e3o presta socorro \u00e0s v\u00edtimas.\" width=\"245\" height=\"300\" srcset=\"https:\/\/redenoticiaz.com.br\/ribeiraopreto-regiao\/wp-content\/uploads\/sites\/4\/2022\/05\/16536611386290ddd24e9fb935674534-245x300.jpg 245w, https:\/\/redenoticiaz.com.br\/ribeiraopreto-regiao\/wp-content\/uploads\/sites\/4\/2022\/05\/16536611386290ddd24e9fb935674534.jpg 321w\" sizes=\"auto, (max-width: 245px) 100vw, 245px\" \/>Segundo as\u00a0primeiras informa\u00e7\u00f5es, dois homens\u00a0estavam em uma Fiorino, que carregava doce de leite no ba\u00fa. O\u00a0acidente aconteceu ap\u00f3s um caminh\u00e3o bater na traseira do carro empurrando o ve\u00edculo para o alambrado. Nesse sentido, o carro desgovernado, bateu e rompeu o alambrado do Minerva, antiga (Cutrale).<\/p>\n<p>O motorista do caminh\u00e3o que provocou o acidente, fugiu do local sem prestar socorro as v\u00edtimas. Logo depois, uma equipe do SAMU de Ol\u00edmpia, prestaram os primeiros socorros ainda no local. Por\u00e9m, os dois homens foram levados com ferimentos leves at\u00e9 a UPA mais pr\u00f3xima.<\/p>\n<p>Equipes da\u00a0Pol\u00edcia Rodovi\u00e1ria\u00a0e do\u00a0DER\u00a0tamb\u00e9m estiveram no\u00a0local do acidente.<\/p>\n<p>Ainda nesta semana, um <strong>acidente envolvendo uma<\/strong> <strong>mulher arremessada a 10 metros devido ao impacto, aconteceu no mesmo local<\/strong>. Para socorrer a\u00a0<strong>v\u00edtima<\/strong>\u00a0os\u00a0<strong>Bombeiros<\/strong>\u00a0tiveram que cortar o<strong>\u00a0alambrado.<\/strong><\/p>\n<p>VEJA TAMB\u00c9M:\u00a0<a href=\"https:\/\/redenoticiaz.com.br\/barretos-regiao\/sp\/2022\/05\/24\/veiculo-capota-e-mulher-morre-em-trevo-da-rodovia-assis-chateaubriand\">Ve\u00edculo capota e mulher morre em trevo da Rodovia Assis Chateaubriand<\/a><\/p>\n","protected":false},"excerpt":{"rendered":"<p>Um acidente envolvendo dois ve\u00edculos, no Trevo Minerva, na Rodovia Assis Chateaubriand. O carro, uma Fiorino Ba\u00fa, parou no alambrado da pista e duas pessoas precisaram ser socorridas pelo SAMU. No ve\u00edculo estavam, Aparecido Mariano Garcia,\u00a069 anos, morador da\u00a0Vila Maceno\u00a0em Rio Preto e o passageiro,\u00a0David Cardoso Silvia Dias. Segundo as\u00a0primeiras informa\u00e7\u00f5es, dois homens\u00a0estavam em uma &hellip;<\/p>\n","protected":false},"author":15,"featured_media":4672,"comment_status":"open","ping_status":"closed","sticky":false,"template":"","format":"standard","meta":{"footnotes":""},"categories":[186],"tags":[145,2741,17116,1852,11438],"class_list":["post-4671","post","type-post","status-publish","format-standard","has-post-thumbnail","hentry","category-politica","tag-acidente","tag-motorista","tag-trevo","tag-veiculo","tag-vitimas"],"yoast_head":"<!-- This site is optimized with the Yoast SEO plugin v27.4 - https:\/\/yoast.com\/product\/yoast-seo-wordpress\/ -->\n<title>Motorista causa acidente e n\u00e3o presta socorro \u00e0s v\u00edtimas - Ribeir\u00e3o Preto e Regi\u00e3o<\/title>\n<meta name=\"description\" content=\"Acidente envolvendo dois ve\u00edculos, no Trevo Minerva, na Rodovia Assis Chateaubriand. O carro, uma Fiorino Ba\u00fa, foi parar no alambrado da pista.\" \/>\n<meta name=\"robots\" content=\"index, follow, max-snippet:-1, max-image-preview:large, max-video-preview:-1\" \/>\n<link rel=\"canonical\" href=\"https:\/\/redenoticiaz.com.br\/ribeiraopreto-regiao\/sp\/2022\/05\/27\/motorista-causa-acidente-e-nao-presta-socorro-as-vitimas\" \/>\n<meta property=\"og:locale\" content=\"pt_BR\" \/>\n<meta property=\"og:type\" content=\"article\" \/>\n<meta property=\"og:title\" content=\"Motorista causa acidente e n\u00e3o presta socorro \u00e0s v\u00edtimas - Ribeir\u00e3o Preto e Regi\u00e3o\" \/>\n<meta property=\"og:description\" content=\"Acidente envolvendo dois ve\u00edculos, no Trevo Minerva, na Rodovia Assis Chateaubriand. O carro, uma Fiorino Ba\u00fa, foi parar no alambrado da pista.\" \/>\n<meta property=\"og:url\" content=\"https:\/\/redenoticiaz.com.br\/ribeiraopreto-regiao\/sp\/2022\/05\/27\/motorista-causa-acidente-e-nao-presta-socorro-as-vitimas\" \/>\n<meta property=\"og:site_name\" content=\"Ribeir\u00e3o Preto e Regi\u00e3o\" \/>\n<meta property=\"article:publisher\" content=\"https:\/\/m.facebook.com\/redenoticiaz.barretos\" \/>\n<meta property=\"article:published_time\" content=\"2022-05-27T19:46:42+00:00\" \/>\n<meta property=\"og:image\" content=\"https:\/\/redenoticiaz.com.br\/ribeiraopreto-regiao\/wp-content\/uploads\/sites\/4\/2022\/05\/IMG-20220527-WA0095.jpg\" \/>\n\t<meta property=\"og:image:width\" content=\"860\" \/>\n\t<meta property=\"og:image:height\" content=\"488\" \/>\n\t<meta property=\"og:image:type\" content=\"image\/jpeg\" \/>\n<meta name=\"twitter:card\" content=\"summary_large_image\" \/>\n<meta name=\"twitter:creator\" content=\"@RN_barretos\" \/>\n<meta name=\"twitter:site\" content=\"@RN_barretos\" \/>\n<meta name=\"twitter:label1\" content=\"Escrito por\" \/>\n\t<meta name=\"twitter:data1\" content=\"\" \/>\n\t<meta name=\"twitter:label2\" content=\"Est. tempo de leitura\" \/>\n\t<meta name=\"twitter:data2\" content=\"1 minuto\" \/>\n<script type=\"application\/ld+json\" class=\"yoast-schema-graph\">{\"@context\":\"https:\\\/\\\/schema.org\",\"@graph\":[{\"@type\":\"Article\",\"@id\":\"https:\\\/\\\/redenoticiaz.com.br\\\/ribeiraopreto-regiao\\\/sp\\\/2022\\\/05\\\/27\\\/motorista-causa-acidente-e-nao-presta-socorro-as-vitimas#article\",\"isPartOf\":{\"@id\":\"https:\\\/\\\/redenoticiaz.com.br\\\/ribeiraopreto-regiao\\\/sp\\\/2022\\\/05\\\/27\\\/motorista-causa-acidente-e-nao-presta-socorro-as-vitimas\"},\"author\":{\"name\":\"\",\"@id\":\"\"},\"headline\":\"Motorista causa acidente e n\u00e3o presta socorro \u00e0s v\u00edtimas\",\"datePublished\":\"2022-05-27T19:46:42+00:00\",\"mainEntityOfPage\":{\"@id\":\"https:\\\/\\\/redenoticiaz.com.br\\\/ribeiraopreto-regiao\\\/sp\\\/2022\\\/05\\\/27\\\/motorista-causa-acidente-e-nao-presta-socorro-as-vitimas\"},\"wordCount\":227,\"commentCount\":0,\"publisher\":{\"@id\":\"https:\\\/\\\/redenoticiaz.com.br\\\/ribeiraopreto-regiao\\\/#organization\"},\"image\":{\"@id\":\"https:\\\/\\\/redenoticiaz.com.br\\\/ribeiraopreto-regiao\\\/sp\\\/2022\\\/05\\\/27\\\/motorista-causa-acidente-e-nao-presta-socorro-as-vitimas#primaryimage\"},\"thumbnailUrl\":\"https:\\\/\\\/redenoticiaz.com.br\\\/ribeiraopreto-regiao\\\/wp-content\\\/uploads\\\/sites\\\/4\\\/2022\\\/05\\\/IMG-20220527-WA0095.jpg\",\"keywords\":[\"acidente\",\"MOTORISTA\",\"TREVO\",\"VE\u00cdCULO\",\"V\u00cdTIMAS\"],\"articleSection\":[\"Pol\u00edtica\"],\"inLanguage\":\"pt-BR\",\"potentialAction\":[{\"@type\":\"CommentAction\",\"name\":\"Comment\",\"target\":[\"https:\\\/\\\/redenoticiaz.com.br\\\/ribeiraopreto-regiao\\\/sp\\\/2022\\\/05\\\/27\\\/motorista-causa-acidente-e-nao-presta-socorro-as-vitimas#respond\"]}]},{\"@type\":\"WebPage\",\"@id\":\"https:\\\/\\\/redenoticiaz.com.br\\\/ribeiraopreto-regiao\\\/sp\\\/2022\\\/05\\\/27\\\/motorista-causa-acidente-e-nao-presta-socorro-as-vitimas\",\"url\":\"https:\\\/\\\/redenoticiaz.com.br\\\/ribeiraopreto-regiao\\\/sp\\\/2022\\\/05\\\/27\\\/motorista-causa-acidente-e-nao-presta-socorro-as-vitimas\",\"name\":\"Motorista causa acidente e n\u00e3o presta socorro \u00e0s v\u00edtimas - Ribeir\u00e3o Preto e Regi\u00e3o\",\"isPartOf\":{\"@id\":\"https:\\\/\\\/redenoticiaz.com.br\\\/ribeiraopreto-regiao\\\/#website\"},\"primaryImageOfPage\":{\"@id\":\"https:\\\/\\\/redenoticiaz.com.br\\\/ribeiraopreto-regiao\\\/sp\\\/2022\\\/05\\\/27\\\/motorista-causa-acidente-e-nao-presta-socorro-as-vitimas#primaryimage\"},\"image\":{\"@id\":\"https:\\\/\\\/redenoticiaz.com.br\\\/ribeiraopreto-regiao\\\/sp\\\/2022\\\/05\\\/27\\\/motorista-causa-acidente-e-nao-presta-socorro-as-vitimas#primaryimage\"},\"thumbnailUrl\":\"https:\\\/\\\/redenoticiaz.com.br\\\/ribeiraopreto-regiao\\\/wp-content\\\/uploads\\\/sites\\\/4\\\/2022\\\/05\\\/IMG-20220527-WA0095.jpg\",\"datePublished\":\"2022-05-27T19:46:42+00:00\",\"description\":\"Acidente envolvendo dois ve\u00edculos, no Trevo Minerva, na Rodovia Assis Chateaubriand. O carro, uma Fiorino Ba\u00fa, foi parar no alambrado da pista.\",\"inLanguage\":\"pt-BR\",\"potentialAction\":[{\"@type\":\"ReadAction\",\"target\":[\"https:\\\/\\\/redenoticiaz.com.br\\\/ribeiraopreto-regiao\\\/sp\\\/2022\\\/05\\\/27\\\/motorista-causa-acidente-e-nao-presta-socorro-as-vitimas\"]}]},{\"@type\":\"ImageObject\",\"inLanguage\":\"pt-BR\",\"@id\":\"https:\\\/\\\/redenoticiaz.com.br\\\/ribeiraopreto-regiao\\\/sp\\\/2022\\\/05\\\/27\\\/motorista-causa-acidente-e-nao-presta-socorro-as-vitimas#primaryimage\",\"url\":\"https:\\\/\\\/redenoticiaz.com.br\\\/ribeiraopreto-regiao\\\/wp-content\\\/uploads\\\/sites\\\/4\\\/2022\\\/05\\\/IMG-20220527-WA0095.jpg\",\"contentUrl\":\"https:\\\/\\\/redenoticiaz.com.br\\\/ribeiraopreto-regiao\\\/wp-content\\\/uploads\\\/sites\\\/4\\\/2022\\\/05\\\/IMG-20220527-WA0095.jpg\",\"width\":860,\"height\":488,\"caption\":\"Acidente em Trevo. Cr\u00e9dito: Reprodu\u00e7\u00e3o\"},{\"@type\":\"WebSite\",\"@id\":\"https:\\\/\\\/redenoticiaz.com.br\\\/ribeiraopreto-regiao\\\/#website\",\"url\":\"https:\\\/\\\/redenoticiaz.com.br\\\/ribeiraopreto-regiao\\\/\",\"name\":\"Ribeir\u00e3o Preto e Regi\u00e3o\",\"description\":\"Rede NoticiaZ - Ribeir\u00e3o Preto e regi\u00e3o\",\"publisher\":{\"@id\":\"https:\\\/\\\/redenoticiaz.com.br\\\/ribeiraopreto-regiao\\\/#organization\"},\"potentialAction\":[{\"@type\":\"SearchAction\",\"target\":{\"@type\":\"EntryPoint\",\"urlTemplate\":\"https:\\\/\\\/redenoticiaz.com.br\\\/ribeiraopreto-regiao\\\/?s={search_term_string}\"},\"query-input\":{\"@type\":\"PropertyValueSpecification\",\"valueRequired\":true,\"valueName\":\"search_term_string\"}}],\"inLanguage\":\"pt-BR\"},{\"@type\":\"Organization\",\"@id\":\"https:\\\/\\\/redenoticiaz.com.br\\\/ribeiraopreto-regiao\\\/#organization\",\"name\":\"Ribeir\u00e3o Preto e Regi\u00e3o\",\"url\":\"https:\\\/\\\/redenoticiaz.com.br\\\/ribeiraopreto-regiao\\\/\",\"logo\":{\"@type\":\"ImageObject\",\"inLanguage\":\"pt-BR\",\"@id\":\"https:\\\/\\\/redenoticiaz.com.br\\\/ribeiraopreto-regiao\\\/#\\\/schema\\\/logo\\\/image\\\/\",\"url\":\"https:\\\/\\\/redenoticiaz.com.br\\\/barretos-regiao\\\/wp-content\\\/uploads\\\/sites\\\/4\\\/2022\\\/02\\\/logo.jpg\",\"contentUrl\":\"https:\\\/\\\/redenoticiaz.com.br\\\/barretos-regiao\\\/wp-content\\\/uploads\\\/sites\\\/4\\\/2022\\\/02\\\/logo.jpg\",\"width\":400,\"height\":250,\"caption\":\"Ribeir\u00e3o Preto e Regi\u00e3o\"},\"image\":{\"@id\":\"https:\\\/\\\/redenoticiaz.com.br\\\/ribeiraopreto-regiao\\\/#\\\/schema\\\/logo\\\/image\\\/\"},\"sameAs\":[\"https:\\\/\\\/m.facebook.com\\\/redenoticiaz.barretos\",\"https:\\\/\\\/x.com\\\/RN_barretos\",\"https:\\\/\\\/www.instagram.com\\\/redenoticiaz.barretos\\\/?igshid=YmMyMTA2M2Y\",\"https:\\\/\\\/www.linkedin.com\\\/company\\\/rede-noticiaz-barretos-e-regio\\\/\"]},{\"@type\":\"Person\",\"@id\":\"\",\"url\":\"https:\\\/\\\/redenoticiaz.com.br\\\/ribeiraopreto-regiao\\\/sp\\\/author\"}]}<\/script>\n<!-- \/ Yoast SEO plugin. -->","yoast_head_json":{"title":"Motorista causa acidente e n\u00e3o presta socorro \u00e0s v\u00edtimas - Ribeir\u00e3o Preto e Regi\u00e3o","description":"Acidente envolvendo dois ve\u00edculos, no Trevo Minerva, na Rodovia Assis Chateaubriand. O carro, uma Fiorino Ba\u00fa, foi parar no alambrado da pista.","robots":{"index":"index","follow":"follow","max-snippet":"max-snippet:-1","max-image-preview":"max-image-preview:large","max-video-preview":"max-video-preview:-1"},"canonical":"https:\/\/redenoticiaz.com.br\/ribeiraopreto-regiao\/sp\/2022\/05\/27\/motorista-causa-acidente-e-nao-presta-socorro-as-vitimas","og_locale":"pt_BR","og_type":"article","og_title":"Motorista causa acidente e n\u00e3o presta socorro \u00e0s v\u00edtimas - Ribeir\u00e3o Preto e Regi\u00e3o","og_description":"Acidente envolvendo dois ve\u00edculos, no Trevo Minerva, na Rodovia Assis Chateaubriand. O carro, uma Fiorino Ba\u00fa, foi parar no alambrado da pista.","og_url":"https:\/\/redenoticiaz.com.br\/ribeiraopreto-regiao\/sp\/2022\/05\/27\/motorista-causa-acidente-e-nao-presta-socorro-as-vitimas","og_site_name":"Ribeir\u00e3o Preto e Regi\u00e3o","article_publisher":"https:\/\/m.facebook.com\/redenoticiaz.barretos","article_published_time":"2022-05-27T19:46:42+00:00","og_image":[{"width":860,"height":488,"url":"https:\/\/redenoticiaz.com.br\/ribeiraopreto-regiao\/wp-content\/uploads\/sites\/4\/2022\/05\/IMG-20220527-WA0095.jpg","type":"image\/jpeg"}],"twitter_card":"summary_large_image","twitter_creator":"@RN_barretos","twitter_site":"@RN_barretos","twitter_misc":{"Escrito por":"","Est. tempo de leitura":"1 minuto"},"schema":{"@context":"https:\/\/schema.org","@graph":[{"@type":"Article","@id":"https:\/\/redenoticiaz.com.br\/ribeiraopreto-regiao\/sp\/2022\/05\/27\/motorista-causa-acidente-e-nao-presta-socorro-as-vitimas#article","isPartOf":{"@id":"https:\/\/redenoticiaz.com.br\/ribeiraopreto-regiao\/sp\/2022\/05\/27\/motorista-causa-acidente-e-nao-presta-socorro-as-vitimas"},"author":{"name":"","@id":""},"headline":"Motorista causa acidente e n\u00e3o presta socorro \u00e0s v\u00edtimas","datePublished":"2022-05-27T19:46:42+00:00","mainEntityOfPage":{"@id":"https:\/\/redenoticiaz.com.br\/ribeiraopreto-regiao\/sp\/2022\/05\/27\/motorista-causa-acidente-e-nao-presta-socorro-as-vitimas"},"wordCount":227,"commentCount":0,"publisher":{"@id":"https:\/\/redenoticiaz.com.br\/ribeiraopreto-regiao\/#organization"},"image":{"@id":"https:\/\/redenoticiaz.com.br\/ribeiraopreto-regiao\/sp\/2022\/05\/27\/motorista-causa-acidente-e-nao-presta-socorro-as-vitimas#primaryimage"},"thumbnailUrl":"https:\/\/redenoticiaz.com.br\/ribeiraopreto-regiao\/wp-content\/uploads\/sites\/4\/2022\/05\/IMG-20220527-WA0095.jpg","keywords":["acidente","MOTORISTA","TREVO","VE\u00cdCULO","V\u00cdTIMAS"],"articleSection":["Pol\u00edtica"],"inLanguage":"pt-BR","potentialAction":[{"@type":"CommentAction","name":"Comment","target":["https:\/\/redenoticiaz.com.br\/ribeiraopreto-regiao\/sp\/2022\/05\/27\/motorista-causa-acidente-e-nao-presta-socorro-as-vitimas#respond"]}]},{"@type":"WebPage","@id":"https:\/\/redenoticiaz.com.br\/ribeiraopreto-regiao\/sp\/2022\/05\/27\/motorista-causa-acidente-e-nao-presta-socorro-as-vitimas","url":"https:\/\/redenoticiaz.com.br\/ribeiraopreto-regiao\/sp\/2022\/05\/27\/motorista-causa-acidente-e-nao-presta-socorro-as-vitimas","name":"Motorista causa acidente e n\u00e3o presta socorro \u00e0s v\u00edtimas - Ribeir\u00e3o Preto e Regi\u00e3o","isPartOf":{"@id":"https:\/\/redenoticiaz.com.br\/ribeiraopreto-regiao\/#website"},"primaryImageOfPage":{"@id":"https:\/\/redenoticiaz.com.br\/ribeiraopreto-regiao\/sp\/2022\/05\/27\/motorista-causa-acidente-e-nao-presta-socorro-as-vitimas#primaryimage"},"image":{"@id":"https:\/\/redenoticiaz.com.br\/ribeiraopreto-regiao\/sp\/2022\/05\/27\/motorista-causa-acidente-e-nao-presta-socorro-as-vitimas#primaryimage"},"thumbnailUrl":"https:\/\/redenoticiaz.com.br\/ribeiraopreto-regiao\/wp-content\/uploads\/sites\/4\/2022\/05\/IMG-20220527-WA0095.jpg","datePublished":"2022-05-27T19:46:42+00:00","description":"Acidente envolvendo dois ve\u00edculos, no Trevo Minerva, na Rodovia Assis Chateaubriand. O carro, uma Fiorino Ba\u00fa, foi parar no alambrado da pista.","inLanguage":"pt-BR","potentialAction":[{"@type":"ReadAction","target":["https:\/\/redenoticiaz.com.br\/ribeiraopreto-regiao\/sp\/2022\/05\/27\/motorista-causa-acidente-e-nao-presta-socorro-as-vitimas"]}]},{"@type":"ImageObject","inLanguage":"pt-BR","@id":"https:\/\/redenoticiaz.com.br\/ribeiraopreto-regiao\/sp\/2022\/05\/27\/motorista-causa-acidente-e-nao-presta-socorro-as-vitimas#primaryimage","url":"https:\/\/redenoticiaz.com.br\/ribeiraopreto-regiao\/wp-content\/uploads\/sites\/4\/2022\/05\/IMG-20220527-WA0095.jpg","contentUrl":"https:\/\/redenoticiaz.com.br\/ribeiraopreto-regiao\/wp-content\/uploads\/sites\/4\/2022\/05\/IMG-20220527-WA0095.jpg","width":860,"height":488,"caption":"Acidente em Trevo. Cr\u00e9dito: Reprodu\u00e7\u00e3o"},{"@type":"WebSite","@id":"https:\/\/redenoticiaz.com.br\/ribeiraopreto-regiao\/#website","url":"https:\/\/redenoticiaz.com.br\/ribeiraopreto-regiao\/","name":"Ribeir\u00e3o Preto e Regi\u00e3o","description":"Rede NoticiaZ - Ribeir\u00e3o Preto e regi\u00e3o","publisher":{"@id":"https:\/\/redenoticiaz.com.br\/ribeiraopreto-regiao\/#organization"},"potentialAction":[{"@type":"SearchAction","target":{"@type":"EntryPoint","urlTemplate":"https:\/\/redenoticiaz.com.br\/ribeiraopreto-regiao\/?s={search_term_string}"},"query-input":{"@type":"PropertyValueSpecification","valueRequired":true,"valueName":"search_term_string"}}],"inLanguage":"pt-BR"},{"@type":"Organization","@id":"https:\/\/redenoticiaz.com.br\/ribeiraopreto-regiao\/#organization","name":"Ribeir\u00e3o Preto e Regi\u00e3o","url":"https:\/\/redenoticiaz.com.br\/ribeiraopreto-regiao\/","logo":{"@type":"ImageObject","inLanguage":"pt-BR","@id":"https:\/\/redenoticiaz.com.br\/ribeiraopreto-regiao\/#\/schema\/logo\/image\/","url":"https:\/\/redenoticiaz.com.br\/barretos-regiao\/wp-content\/uploads\/sites\/4\/2022\/02\/logo.jpg","contentUrl":"https:\/\/redenoticiaz.com.br\/barretos-regiao\/wp-content\/uploads\/sites\/4\/2022\/02\/logo.jpg","width":400,"height":250,"caption":"Ribeir\u00e3o Preto e Regi\u00e3o"},"image":{"@id":"https:\/\/redenoticiaz.com.br\/ribeiraopreto-regiao\/#\/schema\/logo\/image\/"},"sameAs":["https:\/\/m.facebook.com\/redenoticiaz.barretos","https:\/\/x.com\/RN_barretos","https:\/\/www.instagram.com\/redenoticiaz.barretos\/?igshid=YmMyMTA2M2Y","https:\/\/www.linkedin.com\/company\/rede-noticiaz-barretos-e-regio\/"]},{"@type":"Person","@id":"","url":"https:\/\/redenoticiaz.com.br\/ribeiraopreto-regiao\/sp\/author"}]}},"_links":{"self":[{"href":"https:\/\/redenoticiaz.com.br\/ribeiraopreto-regiao\/wp-json\/wp\/v2\/posts\/4671","targetHints":{"allow":["GET"]}}],"collection":[{"href":"https:\/\/redenoticiaz.com.br\/ribeiraopreto-regiao\/wp-json\/wp\/v2\/posts"}],"about":[{"href":"https:\/\/redenoticiaz.com.br\/ribeiraopreto-regiao\/wp-json\/wp\/v2\/types\/post"}],"author":[{"embeddable":true,"href":"https:\/\/redenoticiaz.com.br\/ribeiraopreto-regiao\/wp-json\/wp\/v2\/users\/15"}],"replies":[{"embeddable":true,"href":"https:\/\/redenoticiaz.com.br\/ribeiraopreto-regiao\/wp-json\/wp\/v2\/comments?post=4671"}],"version-history":[{"count":1,"href":"https:\/\/redenoticiaz.com.br\/ribeiraopreto-regiao\/wp-json\/wp\/v2\/posts\/4671\/revisions"}],"predecessor-version":[{"id":4674,"href":"https:\/\/redenoticiaz.com.br\/ribeiraopreto-regiao\/wp-json\/wp\/v2\/posts\/4671\/revisions\/4674"}],"wp:featuredmedia":[{"embeddable":true,"href":"https:\/\/redenoticiaz.com.br\/ribeiraopreto-regiao\/wp-json\/wp\/v2\/media\/4672"}],"wp:attachment":[{"href":"https:\/\/redenoticiaz.com.br\/ribeiraopreto-regiao\/wp-json\/wp\/v2\/media?parent=4671"}],"wp:term":[{"taxonomy":"category","embeddable":true,"href":"https:\/\/redenoticiaz.com.br\/ribeiraopreto-regiao\/wp-json\/wp\/v2\/categories?post=4671"},{"taxonomy":"post_tag","embeddable":true,"href":"https:\/\/redenoticiaz.com.br\/ribeiraopreto-regiao\/wp-json\/wp\/v2\/tags?post=4671"}],"curies":[{"name":"wp","href":"https:\/\/api.w.org\/{rel}","templated":true}]}}