{"id":469,"date":"2022-03-06T11:59:11","date_gmt":"2022-03-06T14:59:11","guid":{"rendered":"https:\/\/redenoticiaz.com.br\/barretos-regiao\/?p=469"},"modified":"2022-03-06T11:59:11","modified_gmt":"2022-03-06T14:59:11","slug":"prejuizos-ambientais-no-corrego-das-contendas","status":"publish","type":"post","link":"https:\/\/redenoticiaz.com.br\/ribeiraopreto-regiao\/sp\/2022\/03\/06\/prejuizos-ambientais-no-corrego-das-contendas","title":{"rendered":"Preju\u00edzos Ambientais no C\u00f3rrego das Contendas"},"content":{"rendered":"<p>A bi\u00f3loga <strong>Maria In\u00e1cia Macedo Freitas<\/strong>, confirmou que vem sendo desenvolvido um trabalho na \u00e1rea rural de Barretos. No entanto, constatou graves preju\u00edzos ambientais na regi\u00e3o da Micro Bacia das Contendas, \u00e1reas lindeiras ao C\u00f3rrego das Contendas.<\/p>\n<p>Segundo ela, o problema constatado no local, assim, foram provocados pela aus\u00eancia de preserva\u00e7\u00e3o das nascentes nas cabeceiras, que se encontram em processo de eros\u00e3o. Maria In\u00e1cia afirma que esses fatores t\u00eam acentuado \u00e0 ocorr\u00eancia de enchentes nas \u00e9pocas de chuva, como ocorreu no ano passado; entre os meses de janeiro e fevereiro deste ano.<\/p>\n<p><em>\u201cA aus\u00eancia da vegeta\u00e7\u00e3o lindeira para proteger o solo e a redu\u00e7\u00e3o da mata ciliar provocaram grandes destrui\u00e7\u00f5es como alagamento de estradas e de \u00e1reas de agricultura, rompimento de barragens, e de tanques de piscicultura.<\/em> Esses fatores, provocaram o assoreando de todo leito dos mananciais e provocando o crescimento de vegeta\u00e7\u00e3o aqu\u00e1tica invasora\u201d<\/p>\n<p>Diante dos problemas constatados, um grupo integrado por engenheiros ambientais, agr\u00f4nomos, agricultores, l\u00edderes religiosos e at\u00e9 donas de casas. Esses grupos est\u00e3o defendendo a recupera\u00e7\u00e3o do C\u00f3rrego das Contendas e seus tribut\u00e1rios. Atrav\u00e9s de um grupo multidisciplinar com representantes de v\u00e1rios segmentos da sociedade intitulado <a href=\"https:\/\/www.yarabrasil.com.br\/sobre-yara\/\">&#8220;<\/a><strong>Viva \u00c1gua\/ Projeto Yara&#8221;<\/strong>, est\u00e3o trabalhando pela recupera\u00e7\u00e3o da \u00e1rea. <em>\u201cVamos utilizar todos os meios legais para que a lei seja respeitada, e que nossos filhos e netos tenham um mundo melhor, com mais consci\u00eancia\u201d<\/em>, destacou Maria In\u00e1cia.<\/p>\n<p>LEIA TAMB\u00c9M:\u00a0<a href=\"https:\/\/redenoticiaz.com.br\/barretos-regiao\/sp\/2022\/03\/04\/nova-estacao-de-tratamento-de-esgoto-em-bebedouro\">Nova Esta\u00e7\u00e3o de Tratamento de Esgoto em Bebedouro<\/a><\/p>\n","protected":false},"excerpt":{"rendered":"<p>A bi\u00f3loga Maria In\u00e1cia Macedo Freitas, confirmou que vem sendo desenvolvido um trabalho na \u00e1rea rural de Barretos. No entanto, constatou graves preju\u00edzos ambientais na regi\u00e3o da Micro Bacia das Contendas, \u00e1reas lindeiras ao C\u00f3rrego das Contendas. Segundo ela, o problema constatado no local, assim, foram provocados pela aus\u00eancia de preserva\u00e7\u00e3o das nascentes nas cabeceiras, &hellip;<\/p>\n","protected":false},"author":15,"featured_media":474,"comment_status":"open","ping_status":"closed","sticky":false,"template":"","format":"standard","meta":{"footnotes":""},"categories":[1],"tags":[64,2036,2035,2037],"class_list":["post-469","post","type-post","status-publish","format-standard","has-post-thumbnail","hentry","category-cidades","tag-barretos","tag-micro-bacia-das-contendas","tag-prejuizo-ambiental","tag-recuperacao-de-area"],"yoast_head":"<!-- This site is optimized with the Yoast SEO plugin v27.4 - https:\/\/yoast.com\/product\/yoast-seo-wordpress\/ -->\n<title>Preju\u00edzos Ambientais no C\u00f3rrego das Contendas - Ribeir\u00e3o Preto e Regi\u00e3o<\/title>\n<meta name=\"description\" content=\"A bi\u00f3loga Maria In\u00e1cia Macedo Freitas constatou graves preju\u00edzos ambientais na regi\u00e3o da Micro Bacia das Contendas, \u00e1reas lindeiras ao C\u00f3rrego das Contendas\" \/>\n<meta name=\"robots\" content=\"index, follow, max-snippet:-1, max-image-preview:large, max-video-preview:-1\" \/>\n<link rel=\"canonical\" href=\"https:\/\/redenoticiaz.com.br\/ribeiraopreto-regiao\/sp\/2022\/03\/06\/prejuizos-ambientais-no-corrego-das-contendas\" \/>\n<meta property=\"og:locale\" content=\"pt_BR\" \/>\n<meta property=\"og:type\" content=\"article\" \/>\n<meta property=\"og:title\" content=\"Preju\u00edzos Ambientais no C\u00f3rrego das Contendas - Ribeir\u00e3o Preto e Regi\u00e3o\" \/>\n<meta property=\"og:description\" content=\"A bi\u00f3loga Maria In\u00e1cia Macedo Freitas constatou graves preju\u00edzos ambientais na regi\u00e3o da Micro Bacia das Contendas, \u00e1reas lindeiras ao C\u00f3rrego das Contendas\" \/>\n<meta property=\"og:url\" content=\"https:\/\/redenoticiaz.com.br\/ribeiraopreto-regiao\/sp\/2022\/03\/06\/prejuizos-ambientais-no-corrego-das-contendas\" \/>\n<meta property=\"og:site_name\" content=\"Ribeir\u00e3o Preto e Regi\u00e3o\" \/>\n<meta property=\"article:publisher\" content=\"https:\/\/m.facebook.com\/redenoticiaz.barretos\" \/>\n<meta property=\"article:published_time\" content=\"2022-03-06T14:59:11+00:00\" \/>\n<meta property=\"og:image\" content=\"https:\/\/redenoticiaz.com.br\/ribeiraopreto-regiao\/wp-content\/uploads\/sites\/4\/2022\/03\/captura-de-tela-31.png\" \/>\n\t<meta property=\"og:image:width\" content=\"537\" \/>\n\t<meta property=\"og:image:height\" content=\"365\" \/>\n\t<meta property=\"og:image:type\" content=\"image\/png\" \/>\n<meta name=\"twitter:card\" content=\"summary_large_image\" \/>\n<meta name=\"twitter:creator\" content=\"@RN_barretos\" \/>\n<meta name=\"twitter:site\" content=\"@RN_barretos\" \/>\n<meta name=\"twitter:label1\" content=\"Escrito por\" \/>\n\t<meta name=\"twitter:data1\" content=\"\" \/>\n\t<meta name=\"twitter:label2\" content=\"Est. tempo de leitura\" \/>\n\t<meta name=\"twitter:data2\" content=\"1 minuto\" \/>\n<script type=\"application\/ld+json\" class=\"yoast-schema-graph\">{\"@context\":\"https:\\\/\\\/schema.org\",\"@graph\":[{\"@type\":\"Article\",\"@id\":\"https:\\\/\\\/redenoticiaz.com.br\\\/ribeiraopreto-regiao\\\/sp\\\/2022\\\/03\\\/06\\\/prejuizos-ambientais-no-corrego-das-contendas#article\",\"isPartOf\":{\"@id\":\"https:\\\/\\\/redenoticiaz.com.br\\\/ribeiraopreto-regiao\\\/sp\\\/2022\\\/03\\\/06\\\/prejuizos-ambientais-no-corrego-das-contendas\"},\"author\":{\"name\":\"\",\"@id\":\"\"},\"headline\":\"Preju\u00edzos Ambientais no C\u00f3rrego das Contendas\",\"datePublished\":\"2022-03-06T14:59:11+00:00\",\"mainEntityOfPage\":{\"@id\":\"https:\\\/\\\/redenoticiaz.com.br\\\/ribeiraopreto-regiao\\\/sp\\\/2022\\\/03\\\/06\\\/prejuizos-ambientais-no-corrego-das-contendas\"},\"wordCount\":276,\"commentCount\":0,\"publisher\":{\"@id\":\"https:\\\/\\\/redenoticiaz.com.br\\\/ribeiraopreto-regiao\\\/#organization\"},\"image\":{\"@id\":\"https:\\\/\\\/redenoticiaz.com.br\\\/ribeiraopreto-regiao\\\/sp\\\/2022\\\/03\\\/06\\\/prejuizos-ambientais-no-corrego-das-contendas#primaryimage\"},\"thumbnailUrl\":\"https:\\\/\\\/redenoticiaz.com.br\\\/ribeiraopreto-regiao\\\/wp-content\\\/uploads\\\/sites\\\/4\\\/2022\\\/03\\\/captura-de-tela-31.png\",\"keywords\":[\"BARRETOS\",\"MICRO BACIA DAS CONTENDAS\",\"PREJUIZO AMBIENTAL\",\"RECUPERA\u00c7\u00c3O DE \u00c1REA\"],\"articleSection\":[\"Cidades\"],\"inLanguage\":\"pt-BR\",\"potentialAction\":[{\"@type\":\"CommentAction\",\"name\":\"Comment\",\"target\":[\"https:\\\/\\\/redenoticiaz.com.br\\\/ribeiraopreto-regiao\\\/sp\\\/2022\\\/03\\\/06\\\/prejuizos-ambientais-no-corrego-das-contendas#respond\"]}]},{\"@type\":\"WebPage\",\"@id\":\"https:\\\/\\\/redenoticiaz.com.br\\\/ribeiraopreto-regiao\\\/sp\\\/2022\\\/03\\\/06\\\/prejuizos-ambientais-no-corrego-das-contendas\",\"url\":\"https:\\\/\\\/redenoticiaz.com.br\\\/ribeiraopreto-regiao\\\/sp\\\/2022\\\/03\\\/06\\\/prejuizos-ambientais-no-corrego-das-contendas\",\"name\":\"Preju\u00edzos Ambientais no C\u00f3rrego das Contendas - Ribeir\u00e3o Preto e Regi\u00e3o\",\"isPartOf\":{\"@id\":\"https:\\\/\\\/redenoticiaz.com.br\\\/ribeiraopreto-regiao\\\/#website\"},\"primaryImageOfPage\":{\"@id\":\"https:\\\/\\\/redenoticiaz.com.br\\\/ribeiraopreto-regiao\\\/sp\\\/2022\\\/03\\\/06\\\/prejuizos-ambientais-no-corrego-das-contendas#primaryimage\"},\"image\":{\"@id\":\"https:\\\/\\\/redenoticiaz.com.br\\\/ribeiraopreto-regiao\\\/sp\\\/2022\\\/03\\\/06\\\/prejuizos-ambientais-no-corrego-das-contendas#primaryimage\"},\"thumbnailUrl\":\"https:\\\/\\\/redenoticiaz.com.br\\\/ribeiraopreto-regiao\\\/wp-content\\\/uploads\\\/sites\\\/4\\\/2022\\\/03\\\/captura-de-tela-31.png\",\"datePublished\":\"2022-03-06T14:59:11+00:00\",\"description\":\"A bi\u00f3loga Maria In\u00e1cia Macedo Freitas constatou graves preju\u00edzos ambientais na regi\u00e3o da Micro Bacia das Contendas, \u00e1reas lindeiras ao C\u00f3rrego das Contendas\",\"inLanguage\":\"pt-BR\",\"potentialAction\":[{\"@type\":\"ReadAction\",\"target\":[\"https:\\\/\\\/redenoticiaz.com.br\\\/ribeiraopreto-regiao\\\/sp\\\/2022\\\/03\\\/06\\\/prejuizos-ambientais-no-corrego-das-contendas\"]}]},{\"@type\":\"ImageObject\",\"inLanguage\":\"pt-BR\",\"@id\":\"https:\\\/\\\/redenoticiaz.com.br\\\/ribeiraopreto-regiao\\\/sp\\\/2022\\\/03\\\/06\\\/prejuizos-ambientais-no-corrego-das-contendas#primaryimage\",\"url\":\"https:\\\/\\\/redenoticiaz.com.br\\\/ribeiraopreto-regiao\\\/wp-content\\\/uploads\\\/sites\\\/4\\\/2022\\\/03\\\/captura-de-tela-31.png\",\"contentUrl\":\"https:\\\/\\\/redenoticiaz.com.br\\\/ribeiraopreto-regiao\\\/wp-content\\\/uploads\\\/sites\\\/4\\\/2022\\\/03\\\/captura-de-tela-31.png\",\"width\":537,\"height\":365,\"caption\":\"O trabalho que vem sendo desenvolvido na \u00e1rea rural de Barretos, pela bi\u00f3loga Maria In\u00e1cia Macedo Freitas.\"},{\"@type\":\"WebSite\",\"@id\":\"https:\\\/\\\/redenoticiaz.com.br\\\/ribeiraopreto-regiao\\\/#website\",\"url\":\"https:\\\/\\\/redenoticiaz.com.br\\\/ribeiraopreto-regiao\\\/\",\"name\":\"Ribeir\u00e3o Preto e Regi\u00e3o\",\"description\":\"Rede NoticiaZ - Ribeir\u00e3o Preto e regi\u00e3o\",\"publisher\":{\"@id\":\"https:\\\/\\\/redenoticiaz.com.br\\\/ribeiraopreto-regiao\\\/#organization\"},\"potentialAction\":[{\"@type\":\"SearchAction\",\"target\":{\"@type\":\"EntryPoint\",\"urlTemplate\":\"https:\\\/\\\/redenoticiaz.com.br\\\/ribeiraopreto-regiao\\\/?s={search_term_string}\"},\"query-input\":{\"@type\":\"PropertyValueSpecification\",\"valueRequired\":true,\"valueName\":\"search_term_string\"}}],\"inLanguage\":\"pt-BR\"},{\"@type\":\"Organization\",\"@id\":\"https:\\\/\\\/redenoticiaz.com.br\\\/ribeiraopreto-regiao\\\/#organization\",\"name\":\"Ribeir\u00e3o Preto e Regi\u00e3o\",\"url\":\"https:\\\/\\\/redenoticiaz.com.br\\\/ribeiraopreto-regiao\\\/\",\"logo\":{\"@type\":\"ImageObject\",\"inLanguage\":\"pt-BR\",\"@id\":\"https:\\\/\\\/redenoticiaz.com.br\\\/ribeiraopreto-regiao\\\/#\\\/schema\\\/logo\\\/image\\\/\",\"url\":\"https:\\\/\\\/redenoticiaz.com.br\\\/barretos-regiao\\\/wp-content\\\/uploads\\\/sites\\\/4\\\/2022\\\/02\\\/logo.jpg\",\"contentUrl\":\"https:\\\/\\\/redenoticiaz.com.br\\\/barretos-regiao\\\/wp-content\\\/uploads\\\/sites\\\/4\\\/2022\\\/02\\\/logo.jpg\",\"width\":400,\"height\":250,\"caption\":\"Ribeir\u00e3o Preto e Regi\u00e3o\"},\"image\":{\"@id\":\"https:\\\/\\\/redenoticiaz.com.br\\\/ribeiraopreto-regiao\\\/#\\\/schema\\\/logo\\\/image\\\/\"},\"sameAs\":[\"https:\\\/\\\/m.facebook.com\\\/redenoticiaz.barretos\",\"https:\\\/\\\/x.com\\\/RN_barretos\",\"https:\\\/\\\/www.instagram.com\\\/redenoticiaz.barretos\\\/?igshid=YmMyMTA2M2Y\",\"https:\\\/\\\/www.linkedin.com\\\/company\\\/rede-noticiaz-barretos-e-regio\\\/\"]},{\"@type\":\"Person\",\"@id\":\"\",\"url\":\"https:\\\/\\\/redenoticiaz.com.br\\\/ribeiraopreto-regiao\\\/sp\\\/author\"}]}<\/script>\n<!-- \/ Yoast SEO plugin. -->","yoast_head_json":{"title":"Preju\u00edzos Ambientais no C\u00f3rrego das Contendas - Ribeir\u00e3o Preto e Regi\u00e3o","description":"A bi\u00f3loga Maria In\u00e1cia Macedo Freitas constatou graves preju\u00edzos ambientais na regi\u00e3o da Micro Bacia das Contendas, \u00e1reas lindeiras ao C\u00f3rrego das Contendas","robots":{"index":"index","follow":"follow","max-snippet":"max-snippet:-1","max-image-preview":"max-image-preview:large","max-video-preview":"max-video-preview:-1"},"canonical":"https:\/\/redenoticiaz.com.br\/ribeiraopreto-regiao\/sp\/2022\/03\/06\/prejuizos-ambientais-no-corrego-das-contendas","og_locale":"pt_BR","og_type":"article","og_title":"Preju\u00edzos Ambientais no C\u00f3rrego das Contendas - Ribeir\u00e3o Preto e Regi\u00e3o","og_description":"A bi\u00f3loga Maria In\u00e1cia Macedo Freitas constatou graves preju\u00edzos ambientais na regi\u00e3o da Micro Bacia das Contendas, \u00e1reas lindeiras ao C\u00f3rrego das Contendas","og_url":"https:\/\/redenoticiaz.com.br\/ribeiraopreto-regiao\/sp\/2022\/03\/06\/prejuizos-ambientais-no-corrego-das-contendas","og_site_name":"Ribeir\u00e3o Preto e Regi\u00e3o","article_publisher":"https:\/\/m.facebook.com\/redenoticiaz.barretos","article_published_time":"2022-03-06T14:59:11+00:00","og_image":[{"width":537,"height":365,"url":"https:\/\/redenoticiaz.com.br\/ribeiraopreto-regiao\/wp-content\/uploads\/sites\/4\/2022\/03\/captura-de-tela-31.png","type":"image\/png"}],"twitter_card":"summary_large_image","twitter_creator":"@RN_barretos","twitter_site":"@RN_barretos","twitter_misc":{"Escrito por":"","Est. tempo de leitura":"1 minuto"},"schema":{"@context":"https:\/\/schema.org","@graph":[{"@type":"Article","@id":"https:\/\/redenoticiaz.com.br\/ribeiraopreto-regiao\/sp\/2022\/03\/06\/prejuizos-ambientais-no-corrego-das-contendas#article","isPartOf":{"@id":"https:\/\/redenoticiaz.com.br\/ribeiraopreto-regiao\/sp\/2022\/03\/06\/prejuizos-ambientais-no-corrego-das-contendas"},"author":{"name":"","@id":""},"headline":"Preju\u00edzos Ambientais no C\u00f3rrego das Contendas","datePublished":"2022-03-06T14:59:11+00:00","mainEntityOfPage":{"@id":"https:\/\/redenoticiaz.com.br\/ribeiraopreto-regiao\/sp\/2022\/03\/06\/prejuizos-ambientais-no-corrego-das-contendas"},"wordCount":276,"commentCount":0,"publisher":{"@id":"https:\/\/redenoticiaz.com.br\/ribeiraopreto-regiao\/#organization"},"image":{"@id":"https:\/\/redenoticiaz.com.br\/ribeiraopreto-regiao\/sp\/2022\/03\/06\/prejuizos-ambientais-no-corrego-das-contendas#primaryimage"},"thumbnailUrl":"https:\/\/redenoticiaz.com.br\/ribeiraopreto-regiao\/wp-content\/uploads\/sites\/4\/2022\/03\/captura-de-tela-31.png","keywords":["BARRETOS","MICRO BACIA DAS CONTENDAS","PREJUIZO AMBIENTAL","RECUPERA\u00c7\u00c3O DE \u00c1REA"],"articleSection":["Cidades"],"inLanguage":"pt-BR","potentialAction":[{"@type":"CommentAction","name":"Comment","target":["https:\/\/redenoticiaz.com.br\/ribeiraopreto-regiao\/sp\/2022\/03\/06\/prejuizos-ambientais-no-corrego-das-contendas#respond"]}]},{"@type":"WebPage","@id":"https:\/\/redenoticiaz.com.br\/ribeiraopreto-regiao\/sp\/2022\/03\/06\/prejuizos-ambientais-no-corrego-das-contendas","url":"https:\/\/redenoticiaz.com.br\/ribeiraopreto-regiao\/sp\/2022\/03\/06\/prejuizos-ambientais-no-corrego-das-contendas","name":"Preju\u00edzos Ambientais no C\u00f3rrego das Contendas - Ribeir\u00e3o Preto e Regi\u00e3o","isPartOf":{"@id":"https:\/\/redenoticiaz.com.br\/ribeiraopreto-regiao\/#website"},"primaryImageOfPage":{"@id":"https:\/\/redenoticiaz.com.br\/ribeiraopreto-regiao\/sp\/2022\/03\/06\/prejuizos-ambientais-no-corrego-das-contendas#primaryimage"},"image":{"@id":"https:\/\/redenoticiaz.com.br\/ribeiraopreto-regiao\/sp\/2022\/03\/06\/prejuizos-ambientais-no-corrego-das-contendas#primaryimage"},"thumbnailUrl":"https:\/\/redenoticiaz.com.br\/ribeiraopreto-regiao\/wp-content\/uploads\/sites\/4\/2022\/03\/captura-de-tela-31.png","datePublished":"2022-03-06T14:59:11+00:00","description":"A bi\u00f3loga Maria In\u00e1cia Macedo Freitas constatou graves preju\u00edzos ambientais na regi\u00e3o da Micro Bacia das Contendas, \u00e1reas lindeiras ao C\u00f3rrego das Contendas","inLanguage":"pt-BR","potentialAction":[{"@type":"ReadAction","target":["https:\/\/redenoticiaz.com.br\/ribeiraopreto-regiao\/sp\/2022\/03\/06\/prejuizos-ambientais-no-corrego-das-contendas"]}]},{"@type":"ImageObject","inLanguage":"pt-BR","@id":"https:\/\/redenoticiaz.com.br\/ribeiraopreto-regiao\/sp\/2022\/03\/06\/prejuizos-ambientais-no-corrego-das-contendas#primaryimage","url":"https:\/\/redenoticiaz.com.br\/ribeiraopreto-regiao\/wp-content\/uploads\/sites\/4\/2022\/03\/captura-de-tela-31.png","contentUrl":"https:\/\/redenoticiaz.com.br\/ribeiraopreto-regiao\/wp-content\/uploads\/sites\/4\/2022\/03\/captura-de-tela-31.png","width":537,"height":365,"caption":"O trabalho que vem sendo desenvolvido na \u00e1rea rural de Barretos, pela bi\u00f3loga Maria In\u00e1cia Macedo Freitas."},{"@type":"WebSite","@id":"https:\/\/redenoticiaz.com.br\/ribeiraopreto-regiao\/#website","url":"https:\/\/redenoticiaz.com.br\/ribeiraopreto-regiao\/","name":"Ribeir\u00e3o Preto e Regi\u00e3o","description":"Rede NoticiaZ - Ribeir\u00e3o Preto e regi\u00e3o","publisher":{"@id":"https:\/\/redenoticiaz.com.br\/ribeiraopreto-regiao\/#organization"},"potentialAction":[{"@type":"SearchAction","target":{"@type":"EntryPoint","urlTemplate":"https:\/\/redenoticiaz.com.br\/ribeiraopreto-regiao\/?s={search_term_string}"},"query-input":{"@type":"PropertyValueSpecification","valueRequired":true,"valueName":"search_term_string"}}],"inLanguage":"pt-BR"},{"@type":"Organization","@id":"https:\/\/redenoticiaz.com.br\/ribeiraopreto-regiao\/#organization","name":"Ribeir\u00e3o Preto e Regi\u00e3o","url":"https:\/\/redenoticiaz.com.br\/ribeiraopreto-regiao\/","logo":{"@type":"ImageObject","inLanguage":"pt-BR","@id":"https:\/\/redenoticiaz.com.br\/ribeiraopreto-regiao\/#\/schema\/logo\/image\/","url":"https:\/\/redenoticiaz.com.br\/barretos-regiao\/wp-content\/uploads\/sites\/4\/2022\/02\/logo.jpg","contentUrl":"https:\/\/redenoticiaz.com.br\/barretos-regiao\/wp-content\/uploads\/sites\/4\/2022\/02\/logo.jpg","width":400,"height":250,"caption":"Ribeir\u00e3o Preto e Regi\u00e3o"},"image":{"@id":"https:\/\/redenoticiaz.com.br\/ribeiraopreto-regiao\/#\/schema\/logo\/image\/"},"sameAs":["https:\/\/m.facebook.com\/redenoticiaz.barretos","https:\/\/x.com\/RN_barretos","https:\/\/www.instagram.com\/redenoticiaz.barretos\/?igshid=YmMyMTA2M2Y","https:\/\/www.linkedin.com\/company\/rede-noticiaz-barretos-e-regio\/"]},{"@type":"Person","@id":"","url":"https:\/\/redenoticiaz.com.br\/ribeiraopreto-regiao\/sp\/author"}]}},"_links":{"self":[{"href":"https:\/\/redenoticiaz.com.br\/ribeiraopreto-regiao\/wp-json\/wp\/v2\/posts\/469","targetHints":{"allow":["GET"]}}],"collection":[{"href":"https:\/\/redenoticiaz.com.br\/ribeiraopreto-regiao\/wp-json\/wp\/v2\/posts"}],"about":[{"href":"https:\/\/redenoticiaz.com.br\/ribeiraopreto-regiao\/wp-json\/wp\/v2\/types\/post"}],"author":[{"embeddable":true,"href":"https:\/\/redenoticiaz.com.br\/ribeiraopreto-regiao\/wp-json\/wp\/v2\/users\/15"}],"replies":[{"embeddable":true,"href":"https:\/\/redenoticiaz.com.br\/ribeiraopreto-regiao\/wp-json\/wp\/v2\/comments?post=469"}],"version-history":[{"count":1,"href":"https:\/\/redenoticiaz.com.br\/ribeiraopreto-regiao\/wp-json\/wp\/v2\/posts\/469\/revisions"}],"predecessor-version":[{"id":475,"href":"https:\/\/redenoticiaz.com.br\/ribeiraopreto-regiao\/wp-json\/wp\/v2\/posts\/469\/revisions\/475"}],"wp:featuredmedia":[{"embeddable":true,"href":"https:\/\/redenoticiaz.com.br\/ribeiraopreto-regiao\/wp-json\/wp\/v2\/media\/474"}],"wp:attachment":[{"href":"https:\/\/redenoticiaz.com.br\/ribeiraopreto-regiao\/wp-json\/wp\/v2\/media?parent=469"}],"wp:term":[{"taxonomy":"category","embeddable":true,"href":"https:\/\/redenoticiaz.com.br\/ribeiraopreto-regiao\/wp-json\/wp\/v2\/categories?post=469"},{"taxonomy":"post_tag","embeddable":true,"href":"https:\/\/redenoticiaz.com.br\/ribeiraopreto-regiao\/wp-json\/wp\/v2\/tags?post=469"}],"curies":[{"name":"wp","href":"https:\/\/api.w.org\/{rel}","templated":true}]}}