{"id":470,"date":"2022-03-06T11:32:07","date_gmt":"2022-03-06T14:32:07","guid":{"rendered":"https:\/\/redenoticiaz.com.br\/barretos-regiao\/sp\/2022\/03\/06\/briga-generalizada-interrompe-partida-no-mexico"},"modified":"2022-03-06T11:32:07","modified_gmt":"2022-03-06T14:32:07","slug":"briga-generalizada-interrompe-partida-no-mexico","status":"publish","type":"post","link":"https:\/\/redenoticiaz.com.br\/ribeiraopreto-regiao\/sp\/2022\/03\/06\/briga-generalizada-interrompe-partida-no-mexico","title":{"rendered":"Briga generalizada interrompe partida no M\u00e9xico"},"content":{"rendered":"<p>Uma<strong> briga generalizada<\/strong> e sem precedentes, entre as torcidas de Quer\u00e9taro e Atlas, interrompeu a partida que os times faziam pela nona rodada do Campeonato Mexicano. A confus\u00e3o se iniciou nas arquibancadas quando os torcedores, de ambos os times, come\u00e7aram a se agredir.<\/p>\n<p>Em pouco tempo, a briga tomou propor\u00e7\u00f5es enormes e os torcedores passaram a se agredir dentro do campo, com diversas invas\u00f5es de ambos os lados. As cenas que rodam as redes sociais s\u00e3o chocantes. A Liga Mexicana anunciou a suspens\u00e3o do restante da rodada.<\/p>\n<p>A Coordena\u00e7\u00e3o de Prote\u00e7\u00e3o Civil do estado de Quer\u00e9tano informou que ao menos 22 pessoas ficaram feridas, sendo nove hospitalizadas e duas em estado grave. De acordo com a imprensa mexicana, dez pessoas foram presas. Outra informa\u00e7\u00e3o, mas sem a oficializa\u00e7\u00e3o de \u00f3rg\u00e3os oficiais, divulgada pelo CMX Not\u00edcias, do M\u00e9xico, diz que h\u00e1 relatos de 21 mortes em decorr\u00eancia da briga entre os torcedores.<\/p>\n<figure id=\"attachment_472\" aria-describedby=\"caption-attachment-472\" style=\"width: 330px\" class=\"wp-caption alignnone\"><img loading=\"lazy\" decoding=\"async\" class=\"size-medium wp-image-472\" src=\"https:\/\/redenoticiaz.com.br\/barretos-regiao\/wp-content\/uploads\/sites\/4\/2022\/03\/072f013c-dfea-4904-b25b-1b54bd7312f8-1024x682-1-330x220.jpg\" alt=\"Briga generalizada\" width=\"330\" height=\"220\" \/><figcaption id=\"caption-attachment-472\" class=\"wp-caption-text\">Torcedores de Atlas e Quer\u00e9taro protagonizaram cenas lament\u00e1veis em jogo de ambas as equipes (Foto: Manuel Velasquez\/Getty Images)<\/figcaption><\/figure>\n<h3>Repercuss\u00e3o imediata p\u00f3s-briga<\/h3>\n<p>Ap\u00f3s a briga, a repercuss\u00e3o dos times foi imediata, bem como a de \u00f3rg\u00e3os oficiais. Pela rede social Twitter, o Atlas condenou a atitude dos torcedores. \u201cO Atlas lamenta e reprova os acontecimentos. O futebol deve ser um aliado para promover valores e divers\u00e3o para a fam\u00edlia. Solicitamos \u00e0s autoridades investigar a fundo e chegar \u00e0s \u00faltimas consequ\u00eancias. Que se aplique toda a for\u00e7a da lei\u201d, publicou.<\/p>\n<p>O Quer\u00e1taro tamb\u00e9m utilizou as redes sociais para repudiar a briga entre os torcedores. \u2013 \u201cComo institui\u00e7\u00e3o, condenamos a viol\u00eancia\u201d, disse o clube, em parte de um comunicado.<\/p>\n<p>Quem tamb\u00e9m se manifestou ap\u00f3s o epis\u00f3dio foi o presidente da liga mexicana, Mikel Arriola. \u00a0\u201cInadmiss\u00edvel e lament\u00e1vel a viol\u00eancia. Ser\u00e3o castigados exemplarmente os respons\u00e1veis pela aus\u00eancia de seguran\u00e7a no est\u00e1dio. A seguran\u00e7a dos jogadores e torcedores \u00e9 nossa prioridade\u201d, disse.<\/p>\n<p><strong>LEIA TAMB\u00c9M<\/strong><\/p>\n<p><a href=\"https:\/\/redenoticiaz.com.br\/blog\/2022\/03\/06\/sao-paulo-vence-corinthians-mantem-tabu-e-chega-a-sete-jogos-sem-derrotas-na-temporada\">S\u00e3o Paulo vence Corinthians, mant\u00e9m tabu, e chega a sete jogos sem derrotas na temporada<\/a><\/p>\n","protected":false},"excerpt":{"rendered":"<p>Uma briga generalizada e sem precedentes, entre as torcidas de Quer\u00e9taro e Atlas, interrompeu a partida que os times faziam pela nona rodada do Campeonato Mexicano. A confus\u00e3o se iniciou nas arquibancadas quando os torcedores, de ambos os times, come\u00e7aram a se agredir. Em pouco tempo, a briga tomou propor\u00e7\u00f5es enormes e os torcedores passaram &hellip;<\/p>\n","protected":false},"author":15,"featured_media":471,"comment_status":"open","ping_status":"closed","sticky":false,"template":"","format":"standard","meta":{"footnotes":""},"categories":[87],"tags":[2016,2017,2018,2019],"class_list":["post-470","post","type-post","status-publish","format-standard","has-post-thumbnail","hentry","category-esporte","tag-atlas","tag-briga","tag-liga-mexicana","tag-queretaro"],"yoast_head":"<!-- This site is optimized with the Yoast SEO plugin v27.4 - https:\/\/yoast.com\/product\/yoast-seo-wordpress\/ -->\n<title>Briga generalizada interrompe partida no M\u00e9xico - Ribeir\u00e3o Preto e Regi\u00e3o<\/title>\n<meta name=\"description\" content=\"Uma briga generalizada e sem precedentes, entre as torcidas de Quer\u00e9taro e Atlas, interrompeu a partida que os times faziam pela Liga Mexicana\" \/>\n<meta name=\"robots\" content=\"index, follow, max-snippet:-1, max-image-preview:large, max-video-preview:-1\" \/>\n<link rel=\"canonical\" href=\"https:\/\/redenoticiaz.com.br\/ribeiraopreto-regiao\/sp\/2022\/03\/06\/briga-generalizada-interrompe-partida-no-mexico\" \/>\n<meta property=\"og:locale\" content=\"pt_BR\" \/>\n<meta property=\"og:type\" content=\"article\" \/>\n<meta property=\"og:title\" content=\"Briga generalizada interrompe partida no M\u00e9xico - Ribeir\u00e3o Preto e Regi\u00e3o\" \/>\n<meta property=\"og:description\" content=\"Uma briga generalizada e sem precedentes, entre as torcidas de Quer\u00e9taro e Atlas, interrompeu a partida que os times faziam pela Liga Mexicana\" \/>\n<meta property=\"og:url\" content=\"https:\/\/redenoticiaz.com.br\/ribeiraopreto-regiao\/sp\/2022\/03\/06\/briga-generalizada-interrompe-partida-no-mexico\" \/>\n<meta property=\"og:site_name\" content=\"Ribeir\u00e3o Preto e Regi\u00e3o\" \/>\n<meta property=\"article:publisher\" content=\"https:\/\/m.facebook.com\/redenoticiaz.barretos\" \/>\n<meta property=\"article:published_time\" content=\"2022-03-06T14:32:07+00:00\" \/>\n<meta property=\"og:image\" content=\"https:\/\/redenoticiaz.com.br\/ribeiraopreto-regiao\/wp-content\/uploads\/sites\/4\/2022\/02\/logo.jpg\" \/>\n\t<meta property=\"og:image:width\" content=\"400\" \/>\n\t<meta property=\"og:image:height\" content=\"250\" \/>\n\t<meta property=\"og:image:type\" content=\"image\/jpeg\" \/>\n<meta name=\"twitter:card\" content=\"summary_large_image\" \/>\n<meta name=\"twitter:creator\" content=\"@RN_barretos\" \/>\n<meta name=\"twitter:site\" content=\"@RN_barretos\" \/>\n<meta name=\"twitter:label1\" content=\"Escrito por\" \/>\n\t<meta name=\"twitter:data1\" content=\"\" \/>\n\t<meta name=\"twitter:label2\" content=\"Est. tempo de leitura\" \/>\n\t<meta name=\"twitter:data2\" content=\"2 minutos\" \/>\n<script type=\"application\/ld+json\" class=\"yoast-schema-graph\">{\"@context\":\"https:\\\/\\\/schema.org\",\"@graph\":[{\"@type\":\"Article\",\"@id\":\"https:\\\/\\\/redenoticiaz.com.br\\\/ribeiraopreto-regiao\\\/sp\\\/2022\\\/03\\\/06\\\/briga-generalizada-interrompe-partida-no-mexico#article\",\"isPartOf\":{\"@id\":\"https:\\\/\\\/redenoticiaz.com.br\\\/ribeiraopreto-regiao\\\/sp\\\/2022\\\/03\\\/06\\\/briga-generalizada-interrompe-partida-no-mexico\"},\"author\":{\"name\":\"\",\"@id\":\"\"},\"headline\":\"Briga generalizada interrompe partida no M\u00e9xico\",\"datePublished\":\"2022-03-06T14:32:07+00:00\",\"mainEntityOfPage\":{\"@id\":\"https:\\\/\\\/redenoticiaz.com.br\\\/ribeiraopreto-regiao\\\/sp\\\/2022\\\/03\\\/06\\\/briga-generalizada-interrompe-partida-no-mexico\"},\"wordCount\":382,\"commentCount\":0,\"publisher\":{\"@id\":\"https:\\\/\\\/redenoticiaz.com.br\\\/ribeiraopreto-regiao\\\/#organization\"},\"image\":{\"@id\":\"https:\\\/\\\/redenoticiaz.com.br\\\/ribeiraopreto-regiao\\\/sp\\\/2022\\\/03\\\/06\\\/briga-generalizada-interrompe-partida-no-mexico#primaryimage\"},\"thumbnailUrl\":\"https:\\\/\\\/redenoticiaz.com.br\\\/ribeiraopreto-regiao\\\/wp-content\\\/uploads\\\/sites\\\/4\\\/2022\\\/03\\\/d6d89e78776aa1dca31b5c9c7a62d5c3f5f8ae24.jpg?v=1646577034\",\"keywords\":[\"Atlas\",\"BRIGA\",\"Liga Mexicana\",\"Quer\u00e9taro\"],\"articleSection\":[\"Esporte\"],\"inLanguage\":\"pt-BR\",\"potentialAction\":[{\"@type\":\"CommentAction\",\"name\":\"Comment\",\"target\":[\"https:\\\/\\\/redenoticiaz.com.br\\\/ribeiraopreto-regiao\\\/sp\\\/2022\\\/03\\\/06\\\/briga-generalizada-interrompe-partida-no-mexico#respond\"]}]},{\"@type\":\"WebPage\",\"@id\":\"https:\\\/\\\/redenoticiaz.com.br\\\/ribeiraopreto-regiao\\\/sp\\\/2022\\\/03\\\/06\\\/briga-generalizada-interrompe-partida-no-mexico\",\"url\":\"https:\\\/\\\/redenoticiaz.com.br\\\/ribeiraopreto-regiao\\\/sp\\\/2022\\\/03\\\/06\\\/briga-generalizada-interrompe-partida-no-mexico\",\"name\":\"Briga generalizada interrompe partida no M\u00e9xico - Ribeir\u00e3o Preto e Regi\u00e3o\",\"isPartOf\":{\"@id\":\"https:\\\/\\\/redenoticiaz.com.br\\\/ribeiraopreto-regiao\\\/#website\"},\"primaryImageOfPage\":{\"@id\":\"https:\\\/\\\/redenoticiaz.com.br\\\/ribeiraopreto-regiao\\\/sp\\\/2022\\\/03\\\/06\\\/briga-generalizada-interrompe-partida-no-mexico#primaryimage\"},\"image\":{\"@id\":\"https:\\\/\\\/redenoticiaz.com.br\\\/ribeiraopreto-regiao\\\/sp\\\/2022\\\/03\\\/06\\\/briga-generalizada-interrompe-partida-no-mexico#primaryimage\"},\"thumbnailUrl\":\"https:\\\/\\\/redenoticiaz.com.br\\\/ribeiraopreto-regiao\\\/wp-content\\\/uploads\\\/sites\\\/4\\\/2022\\\/03\\\/d6d89e78776aa1dca31b5c9c7a62d5c3f5f8ae24.jpg?v=1646577034\",\"datePublished\":\"2022-03-06T14:32:07+00:00\",\"description\":\"Uma briga generalizada e sem precedentes, entre as torcidas de Quer\u00e9taro e Atlas, interrompeu a partida que os times faziam pela Liga Mexicana\",\"inLanguage\":\"pt-BR\",\"potentialAction\":[{\"@type\":\"ReadAction\",\"target\":[\"https:\\\/\\\/redenoticiaz.com.br\\\/ribeiraopreto-regiao\\\/sp\\\/2022\\\/03\\\/06\\\/briga-generalizada-interrompe-partida-no-mexico\"]}]},{\"@type\":\"ImageObject\",\"inLanguage\":\"pt-BR\",\"@id\":\"https:\\\/\\\/redenoticiaz.com.br\\\/ribeiraopreto-regiao\\\/sp\\\/2022\\\/03\\\/06\\\/briga-generalizada-interrompe-partida-no-mexico#primaryimage\",\"url\":\"https:\\\/\\\/redenoticiaz.com.br\\\/ribeiraopreto-regiao\\\/wp-content\\\/uploads\\\/sites\\\/4\\\/2022\\\/03\\\/d6d89e78776aa1dca31b5c9c7a62d5c3f5f8ae24.jpg?v=1646577034\",\"contentUrl\":\"https:\\\/\\\/redenoticiaz.com.br\\\/ribeiraopreto-regiao\\\/wp-content\\\/uploads\\\/sites\\\/4\\\/2022\\\/03\\\/d6d89e78776aa1dca31b5c9c7a62d5c3f5f8ae24.jpg?v=1646577034\",\"width\":924,\"height\":615,\"caption\":\"Briga generalizada interrompe partida da nona rodada da Liga Mexicana de futebol (Foto: EFE)\"},{\"@type\":\"WebSite\",\"@id\":\"https:\\\/\\\/redenoticiaz.com.br\\\/ribeiraopreto-regiao\\\/#website\",\"url\":\"https:\\\/\\\/redenoticiaz.com.br\\\/ribeiraopreto-regiao\\\/\",\"name\":\"Ribeir\u00e3o Preto e Regi\u00e3o\",\"description\":\"Rede NoticiaZ - Ribeir\u00e3o Preto e regi\u00e3o\",\"publisher\":{\"@id\":\"https:\\\/\\\/redenoticiaz.com.br\\\/ribeiraopreto-regiao\\\/#organization\"},\"potentialAction\":[{\"@type\":\"SearchAction\",\"target\":{\"@type\":\"EntryPoint\",\"urlTemplate\":\"https:\\\/\\\/redenoticiaz.com.br\\\/ribeiraopreto-regiao\\\/?s={search_term_string}\"},\"query-input\":{\"@type\":\"PropertyValueSpecification\",\"valueRequired\":true,\"valueName\":\"search_term_string\"}}],\"inLanguage\":\"pt-BR\"},{\"@type\":\"Organization\",\"@id\":\"https:\\\/\\\/redenoticiaz.com.br\\\/ribeiraopreto-regiao\\\/#organization\",\"name\":\"Ribeir\u00e3o Preto e Regi\u00e3o\",\"url\":\"https:\\\/\\\/redenoticiaz.com.br\\\/ribeiraopreto-regiao\\\/\",\"logo\":{\"@type\":\"ImageObject\",\"inLanguage\":\"pt-BR\",\"@id\":\"https:\\\/\\\/redenoticiaz.com.br\\\/ribeiraopreto-regiao\\\/#\\\/schema\\\/logo\\\/image\\\/\",\"url\":\"https:\\\/\\\/redenoticiaz.com.br\\\/barretos-regiao\\\/wp-content\\\/uploads\\\/sites\\\/4\\\/2022\\\/02\\\/logo.jpg\",\"contentUrl\":\"https:\\\/\\\/redenoticiaz.com.br\\\/barretos-regiao\\\/wp-content\\\/uploads\\\/sites\\\/4\\\/2022\\\/02\\\/logo.jpg\",\"width\":400,\"height\":250,\"caption\":\"Ribeir\u00e3o Preto e Regi\u00e3o\"},\"image\":{\"@id\":\"https:\\\/\\\/redenoticiaz.com.br\\\/ribeiraopreto-regiao\\\/#\\\/schema\\\/logo\\\/image\\\/\"},\"sameAs\":[\"https:\\\/\\\/m.facebook.com\\\/redenoticiaz.barretos\",\"https:\\\/\\\/x.com\\\/RN_barretos\",\"https:\\\/\\\/www.instagram.com\\\/redenoticiaz.barretos\\\/?igshid=YmMyMTA2M2Y\",\"https:\\\/\\\/www.linkedin.com\\\/company\\\/rede-noticiaz-barretos-e-regio\\\/\"]},{\"@type\":\"Person\",\"@id\":\"\",\"url\":\"https:\\\/\\\/redenoticiaz.com.br\\\/ribeiraopreto-regiao\\\/sp\\\/author\"}]}<\/script>\n<!-- \/ Yoast SEO plugin. -->","yoast_head_json":{"title":"Briga generalizada interrompe partida no M\u00e9xico - Ribeir\u00e3o Preto e Regi\u00e3o","description":"Uma briga generalizada e sem precedentes, entre as torcidas de Quer\u00e9taro e Atlas, interrompeu a partida que os times faziam pela Liga Mexicana","robots":{"index":"index","follow":"follow","max-snippet":"max-snippet:-1","max-image-preview":"max-image-preview:large","max-video-preview":"max-video-preview:-1"},"canonical":"https:\/\/redenoticiaz.com.br\/ribeiraopreto-regiao\/sp\/2022\/03\/06\/briga-generalizada-interrompe-partida-no-mexico","og_locale":"pt_BR","og_type":"article","og_title":"Briga generalizada interrompe partida no M\u00e9xico - Ribeir\u00e3o Preto e Regi\u00e3o","og_description":"Uma briga generalizada e sem precedentes, entre as torcidas de Quer\u00e9taro e Atlas, interrompeu a partida que os times faziam pela Liga Mexicana","og_url":"https:\/\/redenoticiaz.com.br\/ribeiraopreto-regiao\/sp\/2022\/03\/06\/briga-generalizada-interrompe-partida-no-mexico","og_site_name":"Ribeir\u00e3o Preto e Regi\u00e3o","article_publisher":"https:\/\/m.facebook.com\/redenoticiaz.barretos","article_published_time":"2022-03-06T14:32:07+00:00","og_image":[{"width":400,"height":250,"url":"https:\/\/redenoticiaz.com.br\/ribeiraopreto-regiao\/wp-content\/uploads\/sites\/4\/2022\/02\/logo.jpg","type":"image\/jpeg"}],"twitter_card":"summary_large_image","twitter_creator":"@RN_barretos","twitter_site":"@RN_barretos","twitter_misc":{"Escrito por":"","Est. tempo de leitura":"2 minutos"},"schema":{"@context":"https:\/\/schema.org","@graph":[{"@type":"Article","@id":"https:\/\/redenoticiaz.com.br\/ribeiraopreto-regiao\/sp\/2022\/03\/06\/briga-generalizada-interrompe-partida-no-mexico#article","isPartOf":{"@id":"https:\/\/redenoticiaz.com.br\/ribeiraopreto-regiao\/sp\/2022\/03\/06\/briga-generalizada-interrompe-partida-no-mexico"},"author":{"name":"","@id":""},"headline":"Briga generalizada interrompe partida no M\u00e9xico","datePublished":"2022-03-06T14:32:07+00:00","mainEntityOfPage":{"@id":"https:\/\/redenoticiaz.com.br\/ribeiraopreto-regiao\/sp\/2022\/03\/06\/briga-generalizada-interrompe-partida-no-mexico"},"wordCount":382,"commentCount":0,"publisher":{"@id":"https:\/\/redenoticiaz.com.br\/ribeiraopreto-regiao\/#organization"},"image":{"@id":"https:\/\/redenoticiaz.com.br\/ribeiraopreto-regiao\/sp\/2022\/03\/06\/briga-generalizada-interrompe-partida-no-mexico#primaryimage"},"thumbnailUrl":"https:\/\/redenoticiaz.com.br\/ribeiraopreto-regiao\/wp-content\/uploads\/sites\/4\/2022\/03\/d6d89e78776aa1dca31b5c9c7a62d5c3f5f8ae24.jpg?v=1646577034","keywords":["Atlas","BRIGA","Liga Mexicana","Quer\u00e9taro"],"articleSection":["Esporte"],"inLanguage":"pt-BR","potentialAction":[{"@type":"CommentAction","name":"Comment","target":["https:\/\/redenoticiaz.com.br\/ribeiraopreto-regiao\/sp\/2022\/03\/06\/briga-generalizada-interrompe-partida-no-mexico#respond"]}]},{"@type":"WebPage","@id":"https:\/\/redenoticiaz.com.br\/ribeiraopreto-regiao\/sp\/2022\/03\/06\/briga-generalizada-interrompe-partida-no-mexico","url":"https:\/\/redenoticiaz.com.br\/ribeiraopreto-regiao\/sp\/2022\/03\/06\/briga-generalizada-interrompe-partida-no-mexico","name":"Briga generalizada interrompe partida no M\u00e9xico - Ribeir\u00e3o Preto e Regi\u00e3o","isPartOf":{"@id":"https:\/\/redenoticiaz.com.br\/ribeiraopreto-regiao\/#website"},"primaryImageOfPage":{"@id":"https:\/\/redenoticiaz.com.br\/ribeiraopreto-regiao\/sp\/2022\/03\/06\/briga-generalizada-interrompe-partida-no-mexico#primaryimage"},"image":{"@id":"https:\/\/redenoticiaz.com.br\/ribeiraopreto-regiao\/sp\/2022\/03\/06\/briga-generalizada-interrompe-partida-no-mexico#primaryimage"},"thumbnailUrl":"https:\/\/redenoticiaz.com.br\/ribeiraopreto-regiao\/wp-content\/uploads\/sites\/4\/2022\/03\/d6d89e78776aa1dca31b5c9c7a62d5c3f5f8ae24.jpg?v=1646577034","datePublished":"2022-03-06T14:32:07+00:00","description":"Uma briga generalizada e sem precedentes, entre as torcidas de Quer\u00e9taro e Atlas, interrompeu a partida que os times faziam pela Liga Mexicana","inLanguage":"pt-BR","potentialAction":[{"@type":"ReadAction","target":["https:\/\/redenoticiaz.com.br\/ribeiraopreto-regiao\/sp\/2022\/03\/06\/briga-generalizada-interrompe-partida-no-mexico"]}]},{"@type":"ImageObject","inLanguage":"pt-BR","@id":"https:\/\/redenoticiaz.com.br\/ribeiraopreto-regiao\/sp\/2022\/03\/06\/briga-generalizada-interrompe-partida-no-mexico#primaryimage","url":"https:\/\/redenoticiaz.com.br\/ribeiraopreto-regiao\/wp-content\/uploads\/sites\/4\/2022\/03\/d6d89e78776aa1dca31b5c9c7a62d5c3f5f8ae24.jpg?v=1646577034","contentUrl":"https:\/\/redenoticiaz.com.br\/ribeiraopreto-regiao\/wp-content\/uploads\/sites\/4\/2022\/03\/d6d89e78776aa1dca31b5c9c7a62d5c3f5f8ae24.jpg?v=1646577034","width":924,"height":615,"caption":"Briga generalizada interrompe partida da nona rodada da Liga Mexicana de futebol (Foto: EFE)"},{"@type":"WebSite","@id":"https:\/\/redenoticiaz.com.br\/ribeiraopreto-regiao\/#website","url":"https:\/\/redenoticiaz.com.br\/ribeiraopreto-regiao\/","name":"Ribeir\u00e3o Preto e Regi\u00e3o","description":"Rede NoticiaZ - Ribeir\u00e3o Preto e regi\u00e3o","publisher":{"@id":"https:\/\/redenoticiaz.com.br\/ribeiraopreto-regiao\/#organization"},"potentialAction":[{"@type":"SearchAction","target":{"@type":"EntryPoint","urlTemplate":"https:\/\/redenoticiaz.com.br\/ribeiraopreto-regiao\/?s={search_term_string}"},"query-input":{"@type":"PropertyValueSpecification","valueRequired":true,"valueName":"search_term_string"}}],"inLanguage":"pt-BR"},{"@type":"Organization","@id":"https:\/\/redenoticiaz.com.br\/ribeiraopreto-regiao\/#organization","name":"Ribeir\u00e3o Preto e Regi\u00e3o","url":"https:\/\/redenoticiaz.com.br\/ribeiraopreto-regiao\/","logo":{"@type":"ImageObject","inLanguage":"pt-BR","@id":"https:\/\/redenoticiaz.com.br\/ribeiraopreto-regiao\/#\/schema\/logo\/image\/","url":"https:\/\/redenoticiaz.com.br\/barretos-regiao\/wp-content\/uploads\/sites\/4\/2022\/02\/logo.jpg","contentUrl":"https:\/\/redenoticiaz.com.br\/barretos-regiao\/wp-content\/uploads\/sites\/4\/2022\/02\/logo.jpg","width":400,"height":250,"caption":"Ribeir\u00e3o Preto e Regi\u00e3o"},"image":{"@id":"https:\/\/redenoticiaz.com.br\/ribeiraopreto-regiao\/#\/schema\/logo\/image\/"},"sameAs":["https:\/\/m.facebook.com\/redenoticiaz.barretos","https:\/\/x.com\/RN_barretos","https:\/\/www.instagram.com\/redenoticiaz.barretos\/?igshid=YmMyMTA2M2Y","https:\/\/www.linkedin.com\/company\/rede-noticiaz-barretos-e-regio\/"]},{"@type":"Person","@id":"","url":"https:\/\/redenoticiaz.com.br\/ribeiraopreto-regiao\/sp\/author"}]}},"_links":{"self":[{"href":"https:\/\/redenoticiaz.com.br\/ribeiraopreto-regiao\/wp-json\/wp\/v2\/posts\/470","targetHints":{"allow":["GET"]}}],"collection":[{"href":"https:\/\/redenoticiaz.com.br\/ribeiraopreto-regiao\/wp-json\/wp\/v2\/posts"}],"about":[{"href":"https:\/\/redenoticiaz.com.br\/ribeiraopreto-regiao\/wp-json\/wp\/v2\/types\/post"}],"author":[{"embeddable":true,"href":"https:\/\/redenoticiaz.com.br\/ribeiraopreto-regiao\/wp-json\/wp\/v2\/users\/15"}],"replies":[{"embeddable":true,"href":"https:\/\/redenoticiaz.com.br\/ribeiraopreto-regiao\/wp-json\/wp\/v2\/comments?post=470"}],"version-history":[{"count":1,"href":"https:\/\/redenoticiaz.com.br\/ribeiraopreto-regiao\/wp-json\/wp\/v2\/posts\/470\/revisions"}],"predecessor-version":[{"id":473,"href":"https:\/\/redenoticiaz.com.br\/ribeiraopreto-regiao\/wp-json\/wp\/v2\/posts\/470\/revisions\/473"}],"wp:featuredmedia":[{"embeddable":true,"href":"https:\/\/redenoticiaz.com.br\/ribeiraopreto-regiao\/wp-json\/wp\/v2\/media\/471"}],"wp:attachment":[{"href":"https:\/\/redenoticiaz.com.br\/ribeiraopreto-regiao\/wp-json\/wp\/v2\/media?parent=470"}],"wp:term":[{"taxonomy":"category","embeddable":true,"href":"https:\/\/redenoticiaz.com.br\/ribeiraopreto-regiao\/wp-json\/wp\/v2\/categories?post=470"},{"taxonomy":"post_tag","embeddable":true,"href":"https:\/\/redenoticiaz.com.br\/ribeiraopreto-regiao\/wp-json\/wp\/v2\/tags?post=470"}],"curies":[{"name":"wp","href":"https:\/\/api.w.org\/{rel}","templated":true}]}}