{"id":55,"date":"2022-02-25T12:10:20","date_gmt":"2022-02-25T15:10:20","guid":{"rendered":"https:\/\/redenoticiaz.com.br\/barretos-regiao\/sp\/2022\/02\/25\/russia-perde-eventos-esportivos-de-futebol-e-da-formula-1-por-conta-da-guerra"},"modified":"2022-02-25T19:30:02","modified_gmt":"2022-02-25T22:30:02","slug":"russia-perde-eventos-esportivos-de-futebol-e-da-formula-1-por-conta-da-guerra","status":"publish","type":"post","link":"https:\/\/redenoticiaz.com.br\/ribeiraopreto-regiao\/sp\/2022\/02\/25\/russia-perde-eventos-esportivos-de-futebol-e-da-formula-1-por-conta-da-guerra","title":{"rendered":"R\u00fassia perde eventos esportivos de futebol e da F\u00f3rmula 1 por conta da guerra"},"content":{"rendered":"<p>A <a href=\"https:\/\/pt.wikipedia.org\/wiki\/R%C3%BAssia\">R\u00fassia<\/a> vem sofrendo uma s\u00e9rie de san\u00e7\u00f5es por conta da invas\u00e3o e dos ataques que tem feito contra a Ucr\u00e2nia. No esporte, os russos iriam sediar a <strong>final da Liga dos Campe\u00f5es da Europa<\/strong>, em S\u00e3o Petersburgo e tamb\u00e9m o <strong>Grande Pr\u00eamio de F\u00f3rmula 1<\/strong>. Os dois eventos foram cancelados.<\/p>\n<p>No caso da Liga dos Campe\u00f5es, a UEFA, determinou a mudan\u00e7a da sede da grande decis\u00e3o, marcada para 28 de maio. Mas agora ela vai acontecer no Stade de France, em Paris, capital da Fran\u00e7a.<\/p>\n<p>&#8220;A Uefa gostaria de expressar seu agradecimento ao presidente da Fran\u00e7a, Emmanuel Macron, pelo apoio pessoal e comprometimento para que o jogo de clubes mais prestigiado da Europa fosse movido para a Fran\u00e7a, neste tempo de crise sem paralelos. Junto com o governo franc\u00eas, a Uefa vai dar suporte a v\u00e1rios envolvidos para garantir o resgate de jogadores de futebol e suas fam\u00edlias na Ucr\u00e2nia, que enfrentam terr\u00edveis sofrimentos humanos, destrui\u00e7\u00e3o e deslocamento \u2014 declarou a Uefa.<\/p>\n<p>Al\u00e9m disso, na reuni\u00e3o ocorrida pelo Comit\u00ea Executivo da UEFA, os clubes da R\u00fassia e da Ucr\u00e2nia, assim como sele\u00e7\u00f5es em competi\u00e7\u00f5es continentais, ter\u00e3o de mandar seus jogos em est\u00e1dios neutros, &#8220;at\u00e9 segunda ordem&#8221;.<\/p>\n<h3>F\u00f3rmula 1<\/h3>\n<p>A R\u00fassia tamb\u00e9m perdeu a realiza\u00e7\u00e3o do Grande Pr\u00eamio. Em um comunicado, a categoria disse observar os desdobramentos no Leste Europeu com &#8220;tristeza e choque&#8221;. Tamb\u00e9m foi apontado o papel unificador do esporte como raz\u00e3o para a mudan\u00e7a. A prova estava marcada para 25 de setembro e ainda n\u00e3o tem uma substituta. Contudo a Turquia surge como principal candidata.<\/p>\n<div class=\"wall protected-content\">\n<div class=\"mc-column content-text active-extra-styles \" data-block-type=\"unstyled\" data-block-weight=\"92\" data-block-id=\"2\">\n<p class=\"content-text__container \" data-track-category=\"Link no Texto\" data-track-links=\"\">&#8220;O Campeonato Mundial da F\u00f3rmula 1 visita pa\u00edses ao redor de todo o mundo com uma vis\u00e3o positiva de unir pessoas e unificar na\u00e7\u00f5es. Estamos observando os acontecimentos na Ucr\u00e2nia com tristeza e choque, e esperamos por uma resolu\u00e7\u00e3o sadia e pac\u00edfica para a situa\u00e7\u00e3o atual. Na quinta-feira de tarde a F\u00f3rmula 1, a FIA e as equipes discutiram a posi\u00e7\u00e3o do nosso esporte e a conclus\u00e3o foi que, incluindo a vis\u00e3o de todas as partes interessadas, ser\u00e1 imposs\u00edvel realizar o GP da R\u00fassia nas atuais circunst\u00e2ncias&#8221;, diz o comunicado.<\/p>\n<p data-track-category=\"Link no Texto\" data-track-links=\"\">A etapa est\u00e1 presente no calend\u00e1rio da F1 desde 2014, promovida no Circuito de Sochi. A cidade, palco das Olimp\u00edadas de Inverno de 2014 (realizada no Parque Ol\u00edmpico onde se localiza o aut\u00f3dromo) fica na costa do Mar Negro, a cerca de 1600 km da capital Moscou e 700 km das fronteiras com a Ucr\u00e2nia.<\/p>\n<p data-track-category=\"Link no Texto\" data-track-links=\"\"><strong>LEIA TAMB\u00c9M<\/strong><\/p>\n<p data-track-category=\"Link no Texto\" data-track-links=\"\"><a href=\"https:\/\/redenoticiaz.com.br\/blog\/2022\/02\/25\/tropas-da-russia-se-aproximam-da-capital-ucraniana-kiev\">Tropas da R\u00fassia se aproximam da capital ucraniana Kiev<\/a><\/p>\n<\/div>\n<\/div>\n","protected":false},"excerpt":{"rendered":"<p>A R\u00fassia vem sofrendo uma s\u00e9rie de san\u00e7\u00f5es por conta da invas\u00e3o e dos ataques que tem feito contra a Ucr\u00e2nia. No esporte, os russos iriam sediar a final da Liga dos Campe\u00f5es da Europa, em S\u00e3o Petersburgo e tamb\u00e9m o Grande Pr\u00eamio de F\u00f3rmula 1. Os dois eventos foram cancelados. No caso da Liga &hellip;<\/p>\n","protected":false},"author":6,"featured_media":56,"comment_status":"open","ping_status":"closed","sticky":false,"template":"","format":"standard","meta":{"footnotes":""},"categories":[87,68],"tags":[150,151,152,153,154],"class_list":["post-55","post","type-post","status-publish","format-standard","has-post-thumbnail","hentry","category-esporte","category-mundo","tag-esporte","tag-eventos-cancelados","tag-formula-1","tag-liga-dos-campeoes-da-europa","tag-sao-petersburgo"],"yoast_head":"<!-- This site is optimized with the Yoast SEO plugin v27.4 - https:\/\/yoast.com\/product\/yoast-seo-wordpress\/ -->\n<title>R\u00fassia perde eventos esportivos de futebol e da F\u00f3rmula 1 por conta da guerra - Ribeir\u00e3o Preto e Regi\u00e3o<\/title>\n<meta name=\"description\" content=\"A R\u00fassia vem sofrendo uma s\u00e9rie de san\u00e7\u00f5es por conta da invas\u00e3o e dos ataques que tem feito contra a Ucr\u00e2nia. No esporte, os russos\" \/>\n<meta name=\"robots\" content=\"index, follow, max-snippet:-1, max-image-preview:large, max-video-preview:-1\" \/>\n<link rel=\"canonical\" href=\"https:\/\/redenoticiaz.com.br\/ribeiraopreto-regiao\/sp\/2022\/02\/25\/russia-perde-eventos-esportivos-de-futebol-e-da-formula-1-por-conta-da-guerra\" \/>\n<meta property=\"og:locale\" content=\"pt_BR\" \/>\n<meta property=\"og:type\" content=\"article\" \/>\n<meta property=\"og:title\" content=\"R\u00fassia perde eventos esportivos de futebol e da F\u00f3rmula 1 por conta da guerra - Ribeir\u00e3o Preto e Regi\u00e3o\" \/>\n<meta property=\"og:description\" content=\"A R\u00fassia vem sofrendo uma s\u00e9rie de san\u00e7\u00f5es por conta da invas\u00e3o e dos ataques que tem feito contra a Ucr\u00e2nia. No esporte, os russos\" \/>\n<meta property=\"og:url\" content=\"https:\/\/redenoticiaz.com.br\/ribeiraopreto-regiao\/sp\/2022\/02\/25\/russia-perde-eventos-esportivos-de-futebol-e-da-formula-1-por-conta-da-guerra\" \/>\n<meta property=\"og:site_name\" content=\"Ribeir\u00e3o Preto e Regi\u00e3o\" \/>\n<meta property=\"article:publisher\" content=\"https:\/\/m.facebook.com\/redenoticiaz.barretos\" \/>\n<meta property=\"article:published_time\" content=\"2022-02-25T15:10:20+00:00\" \/>\n<meta property=\"article:modified_time\" content=\"2022-02-25T22:30:02+00:00\" \/>\n<meta property=\"og:image\" content=\"https:\/\/redenoticiaz.com.br\/ribeiraopreto-regiao\/wp-content\/uploads\/sites\/4\/2022\/02\/logo.jpg\" \/>\n\t<meta property=\"og:image:width\" content=\"400\" \/>\n\t<meta property=\"og:image:height\" content=\"250\" \/>\n\t<meta property=\"og:image:type\" content=\"image\/jpeg\" \/>\n<meta name=\"author\" content=\"Leonardo Francisco\" \/>\n<meta name=\"twitter:card\" content=\"summary_large_image\" \/>\n<meta name=\"twitter:creator\" content=\"@RN_barretos\" \/>\n<meta name=\"twitter:site\" content=\"@RN_barretos\" \/>\n<meta name=\"twitter:label1\" content=\"Escrito por\" \/>\n\t<meta name=\"twitter:data1\" content=\"Leonardo Francisco\" \/>\n\t<meta name=\"twitter:label2\" content=\"Est. tempo de leitura\" \/>\n\t<meta name=\"twitter:data2\" content=\"2 minutos\" \/>\n<script type=\"application\/ld+json\" class=\"yoast-schema-graph\">{\"@context\":\"https:\\\/\\\/schema.org\",\"@graph\":[{\"@type\":\"Article\",\"@id\":\"https:\\\/\\\/redenoticiaz.com.br\\\/ribeiraopreto-regiao\\\/sp\\\/2022\\\/02\\\/25\\\/russia-perde-eventos-esportivos-de-futebol-e-da-formula-1-por-conta-da-guerra#article\",\"isPartOf\":{\"@id\":\"https:\\\/\\\/redenoticiaz.com.br\\\/ribeiraopreto-regiao\\\/sp\\\/2022\\\/02\\\/25\\\/russia-perde-eventos-esportivos-de-futebol-e-da-formula-1-por-conta-da-guerra\"},\"author\":{\"name\":\"Leonardo Francisco\",\"@id\":\"https:\\\/\\\/redenoticiaz.com.br\\\/ribeiraopreto-regiao\\\/#\\\/schema\\\/person\\\/0f0b8a5bdafefe82841e07ae8d81ecb3\"},\"headline\":\"R\u00fassia perde eventos esportivos de futebol e da F\u00f3rmula 1 por conta da guerra\",\"datePublished\":\"2022-02-25T15:10:20+00:00\",\"dateModified\":\"2022-02-25T22:30:02+00:00\",\"mainEntityOfPage\":{\"@id\":\"https:\\\/\\\/redenoticiaz.com.br\\\/ribeiraopreto-regiao\\\/sp\\\/2022\\\/02\\\/25\\\/russia-perde-eventos-esportivos-de-futebol-e-da-formula-1-por-conta-da-guerra\"},\"wordCount\":479,\"commentCount\":0,\"publisher\":{\"@id\":\"https:\\\/\\\/redenoticiaz.com.br\\\/ribeiraopreto-regiao\\\/#organization\"},\"image\":{\"@id\":\"https:\\\/\\\/redenoticiaz.com.br\\\/ribeiraopreto-regiao\\\/sp\\\/2022\\\/02\\\/25\\\/russia-perde-eventos-esportivos-de-futebol-e-da-formula-1-por-conta-da-guerra#primaryimage\"},\"thumbnailUrl\":\"https:\\\/\\\/redenoticiaz.com.br\\\/ribeiraopreto-regiao\\\/wp-content\\\/uploads\\\/sites\\\/4\\\/2022\\\/02\\\/gettyimages-1235515921.jpg?v=1645801772\",\"keywords\":[\"ESPORTE\",\"EVENTOS CANCELADOS\",\"F\u00d3RMULA 1\",\"LIGA DOS CAMPE\u00d5ES DA EUROPA\",\"S\u00c3O PETERSBURGO\"],\"articleSection\":[\"Esporte\",\"Mundo\"],\"inLanguage\":\"pt-BR\",\"potentialAction\":[{\"@type\":\"CommentAction\",\"name\":\"Comment\",\"target\":[\"https:\\\/\\\/redenoticiaz.com.br\\\/ribeiraopreto-regiao\\\/sp\\\/2022\\\/02\\\/25\\\/russia-perde-eventos-esportivos-de-futebol-e-da-formula-1-por-conta-da-guerra#respond\"]}]},{\"@type\":\"WebPage\",\"@id\":\"https:\\\/\\\/redenoticiaz.com.br\\\/ribeiraopreto-regiao\\\/sp\\\/2022\\\/02\\\/25\\\/russia-perde-eventos-esportivos-de-futebol-e-da-formula-1-por-conta-da-guerra\",\"url\":\"https:\\\/\\\/redenoticiaz.com.br\\\/ribeiraopreto-regiao\\\/sp\\\/2022\\\/02\\\/25\\\/russia-perde-eventos-esportivos-de-futebol-e-da-formula-1-por-conta-da-guerra\",\"name\":\"R\u00fassia perde eventos esportivos de futebol e da F\u00f3rmula 1 por conta da guerra - Ribeir\u00e3o Preto e Regi\u00e3o\",\"isPartOf\":{\"@id\":\"https:\\\/\\\/redenoticiaz.com.br\\\/ribeiraopreto-regiao\\\/#website\"},\"primaryImageOfPage\":{\"@id\":\"https:\\\/\\\/redenoticiaz.com.br\\\/ribeiraopreto-regiao\\\/sp\\\/2022\\\/02\\\/25\\\/russia-perde-eventos-esportivos-de-futebol-e-da-formula-1-por-conta-da-guerra#primaryimage\"},\"image\":{\"@id\":\"https:\\\/\\\/redenoticiaz.com.br\\\/ribeiraopreto-regiao\\\/sp\\\/2022\\\/02\\\/25\\\/russia-perde-eventos-esportivos-de-futebol-e-da-formula-1-por-conta-da-guerra#primaryimage\"},\"thumbnailUrl\":\"https:\\\/\\\/redenoticiaz.com.br\\\/ribeiraopreto-regiao\\\/wp-content\\\/uploads\\\/sites\\\/4\\\/2022\\\/02\\\/gettyimages-1235515921.jpg?v=1645801772\",\"datePublished\":\"2022-02-25T15:10:20+00:00\",\"dateModified\":\"2022-02-25T22:30:02+00:00\",\"description\":\"A R\u00fassia vem sofrendo uma s\u00e9rie de san\u00e7\u00f5es por conta da invas\u00e3o e dos ataques que tem feito contra a Ucr\u00e2nia. No esporte, os russos\",\"inLanguage\":\"pt-BR\",\"potentialAction\":[{\"@type\":\"ReadAction\",\"target\":[\"https:\\\/\\\/redenoticiaz.com.br\\\/ribeiraopreto-regiao\\\/sp\\\/2022\\\/02\\\/25\\\/russia-perde-eventos-esportivos-de-futebol-e-da-formula-1-por-conta-da-guerra\"]}]},{\"@type\":\"ImageObject\",\"inLanguage\":\"pt-BR\",\"@id\":\"https:\\\/\\\/redenoticiaz.com.br\\\/ribeiraopreto-regiao\\\/sp\\\/2022\\\/02\\\/25\\\/russia-perde-eventos-esportivos-de-futebol-e-da-formula-1-por-conta-da-guerra#primaryimage\",\"url\":\"https:\\\/\\\/redenoticiaz.com.br\\\/ribeiraopreto-regiao\\\/wp-content\\\/uploads\\\/sites\\\/4\\\/2022\\\/02\\\/gettyimages-1235515921.jpg?v=1645801772\",\"contentUrl\":\"https:\\\/\\\/redenoticiaz.com.br\\\/ribeiraopreto-regiao\\\/wp-content\\\/uploads\\\/sites\\\/4\\\/2022\\\/02\\\/gettyimages-1235515921.jpg?v=1645801772\",\"width\":1000,\"height\":636,\"caption\":\"O pa\u00eds tem GP desde 2014. Cr\u00e9ditos: Getty Images.\"},{\"@type\":\"WebSite\",\"@id\":\"https:\\\/\\\/redenoticiaz.com.br\\\/ribeiraopreto-regiao\\\/#website\",\"url\":\"https:\\\/\\\/redenoticiaz.com.br\\\/ribeiraopreto-regiao\\\/\",\"name\":\"Ribeir\u00e3o Preto e Regi\u00e3o\",\"description\":\"Rede NoticiaZ - Ribeir\u00e3o Preto e regi\u00e3o\",\"publisher\":{\"@id\":\"https:\\\/\\\/redenoticiaz.com.br\\\/ribeiraopreto-regiao\\\/#organization\"},\"potentialAction\":[{\"@type\":\"SearchAction\",\"target\":{\"@type\":\"EntryPoint\",\"urlTemplate\":\"https:\\\/\\\/redenoticiaz.com.br\\\/ribeiraopreto-regiao\\\/?s={search_term_string}\"},\"query-input\":{\"@type\":\"PropertyValueSpecification\",\"valueRequired\":true,\"valueName\":\"search_term_string\"}}],\"inLanguage\":\"pt-BR\"},{\"@type\":\"Organization\",\"@id\":\"https:\\\/\\\/redenoticiaz.com.br\\\/ribeiraopreto-regiao\\\/#organization\",\"name\":\"Ribeir\u00e3o Preto e Regi\u00e3o\",\"url\":\"https:\\\/\\\/redenoticiaz.com.br\\\/ribeiraopreto-regiao\\\/\",\"logo\":{\"@type\":\"ImageObject\",\"inLanguage\":\"pt-BR\",\"@id\":\"https:\\\/\\\/redenoticiaz.com.br\\\/ribeiraopreto-regiao\\\/#\\\/schema\\\/logo\\\/image\\\/\",\"url\":\"https:\\\/\\\/redenoticiaz.com.br\\\/barretos-regiao\\\/wp-content\\\/uploads\\\/sites\\\/4\\\/2022\\\/02\\\/logo.jpg\",\"contentUrl\":\"https:\\\/\\\/redenoticiaz.com.br\\\/barretos-regiao\\\/wp-content\\\/uploads\\\/sites\\\/4\\\/2022\\\/02\\\/logo.jpg\",\"width\":400,\"height\":250,\"caption\":\"Ribeir\u00e3o Preto e Regi\u00e3o\"},\"image\":{\"@id\":\"https:\\\/\\\/redenoticiaz.com.br\\\/ribeiraopreto-regiao\\\/#\\\/schema\\\/logo\\\/image\\\/\"},\"sameAs\":[\"https:\\\/\\\/m.facebook.com\\\/redenoticiaz.barretos\",\"https:\\\/\\\/x.com\\\/RN_barretos\",\"https:\\\/\\\/www.instagram.com\\\/redenoticiaz.barretos\\\/?igshid=YmMyMTA2M2Y\",\"https:\\\/\\\/www.linkedin.com\\\/company\\\/rede-noticiaz-barretos-e-regio\\\/\"]},{\"@type\":\"Person\",\"@id\":\"https:\\\/\\\/redenoticiaz.com.br\\\/ribeiraopreto-regiao\\\/#\\\/schema\\\/person\\\/0f0b8a5bdafefe82841e07ae8d81ecb3\",\"name\":\"Leonardo Francisco\",\"image\":{\"@type\":\"ImageObject\",\"inLanguage\":\"pt-BR\",\"@id\":\"https:\\\/\\\/secure.gravatar.com\\\/avatar\\\/a7358cb406a99b682ec6df1e77e31ae82e63601f6784e8a3df411d72b37864da?s=96&d=mm&r=g\",\"url\":\"https:\\\/\\\/secure.gravatar.com\\\/avatar\\\/a7358cb406a99b682ec6df1e77e31ae82e63601f6784e8a3df411d72b37864da?s=96&d=mm&r=g\",\"contentUrl\":\"https:\\\/\\\/secure.gravatar.com\\\/avatar\\\/a7358cb406a99b682ec6df1e77e31ae82e63601f6784e8a3df411d72b37864da?s=96&d=mm&r=g\",\"caption\":\"Leonardo Francisco\"},\"url\":\"https:\\\/\\\/redenoticiaz.com.br\\\/ribeiraopreto-regiao\\\/sp\\\/author\\\/leonardo-francisco\"}]}<\/script>\n<!-- \/ Yoast SEO plugin. -->","yoast_head_json":{"title":"R\u00fassia perde eventos esportivos de futebol e da F\u00f3rmula 1 por conta da guerra - Ribeir\u00e3o Preto e Regi\u00e3o","description":"A R\u00fassia vem sofrendo uma s\u00e9rie de san\u00e7\u00f5es por conta da invas\u00e3o e dos ataques que tem feito contra a Ucr\u00e2nia. No esporte, os russos","robots":{"index":"index","follow":"follow","max-snippet":"max-snippet:-1","max-image-preview":"max-image-preview:large","max-video-preview":"max-video-preview:-1"},"canonical":"https:\/\/redenoticiaz.com.br\/ribeiraopreto-regiao\/sp\/2022\/02\/25\/russia-perde-eventos-esportivos-de-futebol-e-da-formula-1-por-conta-da-guerra","og_locale":"pt_BR","og_type":"article","og_title":"R\u00fassia perde eventos esportivos de futebol e da F\u00f3rmula 1 por conta da guerra - Ribeir\u00e3o Preto e Regi\u00e3o","og_description":"A R\u00fassia vem sofrendo uma s\u00e9rie de san\u00e7\u00f5es por conta da invas\u00e3o e dos ataques que tem feito contra a Ucr\u00e2nia. No esporte, os russos","og_url":"https:\/\/redenoticiaz.com.br\/ribeiraopreto-regiao\/sp\/2022\/02\/25\/russia-perde-eventos-esportivos-de-futebol-e-da-formula-1-por-conta-da-guerra","og_site_name":"Ribeir\u00e3o Preto e Regi\u00e3o","article_publisher":"https:\/\/m.facebook.com\/redenoticiaz.barretos","article_published_time":"2022-02-25T15:10:20+00:00","article_modified_time":"2022-02-25T22:30:02+00:00","og_image":[{"width":400,"height":250,"url":"https:\/\/redenoticiaz.com.br\/ribeiraopreto-regiao\/wp-content\/uploads\/sites\/4\/2022\/02\/logo.jpg","type":"image\/jpeg"}],"author":"Leonardo Francisco","twitter_card":"summary_large_image","twitter_creator":"@RN_barretos","twitter_site":"@RN_barretos","twitter_misc":{"Escrito por":"Leonardo Francisco","Est. tempo de leitura":"2 minutos"},"schema":{"@context":"https:\/\/schema.org","@graph":[{"@type":"Article","@id":"https:\/\/redenoticiaz.com.br\/ribeiraopreto-regiao\/sp\/2022\/02\/25\/russia-perde-eventos-esportivos-de-futebol-e-da-formula-1-por-conta-da-guerra#article","isPartOf":{"@id":"https:\/\/redenoticiaz.com.br\/ribeiraopreto-regiao\/sp\/2022\/02\/25\/russia-perde-eventos-esportivos-de-futebol-e-da-formula-1-por-conta-da-guerra"},"author":{"name":"Leonardo Francisco","@id":"https:\/\/redenoticiaz.com.br\/ribeiraopreto-regiao\/#\/schema\/person\/0f0b8a5bdafefe82841e07ae8d81ecb3"},"headline":"R\u00fassia perde eventos esportivos de futebol e da F\u00f3rmula 1 por conta da guerra","datePublished":"2022-02-25T15:10:20+00:00","dateModified":"2022-02-25T22:30:02+00:00","mainEntityOfPage":{"@id":"https:\/\/redenoticiaz.com.br\/ribeiraopreto-regiao\/sp\/2022\/02\/25\/russia-perde-eventos-esportivos-de-futebol-e-da-formula-1-por-conta-da-guerra"},"wordCount":479,"commentCount":0,"publisher":{"@id":"https:\/\/redenoticiaz.com.br\/ribeiraopreto-regiao\/#organization"},"image":{"@id":"https:\/\/redenoticiaz.com.br\/ribeiraopreto-regiao\/sp\/2022\/02\/25\/russia-perde-eventos-esportivos-de-futebol-e-da-formula-1-por-conta-da-guerra#primaryimage"},"thumbnailUrl":"https:\/\/redenoticiaz.com.br\/ribeiraopreto-regiao\/wp-content\/uploads\/sites\/4\/2022\/02\/gettyimages-1235515921.jpg?v=1645801772","keywords":["ESPORTE","EVENTOS CANCELADOS","F\u00d3RMULA 1","LIGA DOS CAMPE\u00d5ES DA EUROPA","S\u00c3O PETERSBURGO"],"articleSection":["Esporte","Mundo"],"inLanguage":"pt-BR","potentialAction":[{"@type":"CommentAction","name":"Comment","target":["https:\/\/redenoticiaz.com.br\/ribeiraopreto-regiao\/sp\/2022\/02\/25\/russia-perde-eventos-esportivos-de-futebol-e-da-formula-1-por-conta-da-guerra#respond"]}]},{"@type":"WebPage","@id":"https:\/\/redenoticiaz.com.br\/ribeiraopreto-regiao\/sp\/2022\/02\/25\/russia-perde-eventos-esportivos-de-futebol-e-da-formula-1-por-conta-da-guerra","url":"https:\/\/redenoticiaz.com.br\/ribeiraopreto-regiao\/sp\/2022\/02\/25\/russia-perde-eventos-esportivos-de-futebol-e-da-formula-1-por-conta-da-guerra","name":"R\u00fassia perde eventos esportivos de futebol e da F\u00f3rmula 1 por conta da guerra - Ribeir\u00e3o Preto e Regi\u00e3o","isPartOf":{"@id":"https:\/\/redenoticiaz.com.br\/ribeiraopreto-regiao\/#website"},"primaryImageOfPage":{"@id":"https:\/\/redenoticiaz.com.br\/ribeiraopreto-regiao\/sp\/2022\/02\/25\/russia-perde-eventos-esportivos-de-futebol-e-da-formula-1-por-conta-da-guerra#primaryimage"},"image":{"@id":"https:\/\/redenoticiaz.com.br\/ribeiraopreto-regiao\/sp\/2022\/02\/25\/russia-perde-eventos-esportivos-de-futebol-e-da-formula-1-por-conta-da-guerra#primaryimage"},"thumbnailUrl":"https:\/\/redenoticiaz.com.br\/ribeiraopreto-regiao\/wp-content\/uploads\/sites\/4\/2022\/02\/gettyimages-1235515921.jpg?v=1645801772","datePublished":"2022-02-25T15:10:20+00:00","dateModified":"2022-02-25T22:30:02+00:00","description":"A R\u00fassia vem sofrendo uma s\u00e9rie de san\u00e7\u00f5es por conta da invas\u00e3o e dos ataques que tem feito contra a Ucr\u00e2nia. No esporte, os russos","inLanguage":"pt-BR","potentialAction":[{"@type":"ReadAction","target":["https:\/\/redenoticiaz.com.br\/ribeiraopreto-regiao\/sp\/2022\/02\/25\/russia-perde-eventos-esportivos-de-futebol-e-da-formula-1-por-conta-da-guerra"]}]},{"@type":"ImageObject","inLanguage":"pt-BR","@id":"https:\/\/redenoticiaz.com.br\/ribeiraopreto-regiao\/sp\/2022\/02\/25\/russia-perde-eventos-esportivos-de-futebol-e-da-formula-1-por-conta-da-guerra#primaryimage","url":"https:\/\/redenoticiaz.com.br\/ribeiraopreto-regiao\/wp-content\/uploads\/sites\/4\/2022\/02\/gettyimages-1235515921.jpg?v=1645801772","contentUrl":"https:\/\/redenoticiaz.com.br\/ribeiraopreto-regiao\/wp-content\/uploads\/sites\/4\/2022\/02\/gettyimages-1235515921.jpg?v=1645801772","width":1000,"height":636,"caption":"O pa\u00eds tem GP desde 2014. Cr\u00e9ditos: Getty Images."},{"@type":"WebSite","@id":"https:\/\/redenoticiaz.com.br\/ribeiraopreto-regiao\/#website","url":"https:\/\/redenoticiaz.com.br\/ribeiraopreto-regiao\/","name":"Ribeir\u00e3o Preto e Regi\u00e3o","description":"Rede NoticiaZ - Ribeir\u00e3o Preto e regi\u00e3o","publisher":{"@id":"https:\/\/redenoticiaz.com.br\/ribeiraopreto-regiao\/#organization"},"potentialAction":[{"@type":"SearchAction","target":{"@type":"EntryPoint","urlTemplate":"https:\/\/redenoticiaz.com.br\/ribeiraopreto-regiao\/?s={search_term_string}"},"query-input":{"@type":"PropertyValueSpecification","valueRequired":true,"valueName":"search_term_string"}}],"inLanguage":"pt-BR"},{"@type":"Organization","@id":"https:\/\/redenoticiaz.com.br\/ribeiraopreto-regiao\/#organization","name":"Ribeir\u00e3o Preto e Regi\u00e3o","url":"https:\/\/redenoticiaz.com.br\/ribeiraopreto-regiao\/","logo":{"@type":"ImageObject","inLanguage":"pt-BR","@id":"https:\/\/redenoticiaz.com.br\/ribeiraopreto-regiao\/#\/schema\/logo\/image\/","url":"https:\/\/redenoticiaz.com.br\/barretos-regiao\/wp-content\/uploads\/sites\/4\/2022\/02\/logo.jpg","contentUrl":"https:\/\/redenoticiaz.com.br\/barretos-regiao\/wp-content\/uploads\/sites\/4\/2022\/02\/logo.jpg","width":400,"height":250,"caption":"Ribeir\u00e3o Preto e Regi\u00e3o"},"image":{"@id":"https:\/\/redenoticiaz.com.br\/ribeiraopreto-regiao\/#\/schema\/logo\/image\/"},"sameAs":["https:\/\/m.facebook.com\/redenoticiaz.barretos","https:\/\/x.com\/RN_barretos","https:\/\/www.instagram.com\/redenoticiaz.barretos\/?igshid=YmMyMTA2M2Y","https:\/\/www.linkedin.com\/company\/rede-noticiaz-barretos-e-regio\/"]},{"@type":"Person","@id":"https:\/\/redenoticiaz.com.br\/ribeiraopreto-regiao\/#\/schema\/person\/0f0b8a5bdafefe82841e07ae8d81ecb3","name":"Leonardo Francisco","image":{"@type":"ImageObject","inLanguage":"pt-BR","@id":"https:\/\/secure.gravatar.com\/avatar\/a7358cb406a99b682ec6df1e77e31ae82e63601f6784e8a3df411d72b37864da?s=96&d=mm&r=g","url":"https:\/\/secure.gravatar.com\/avatar\/a7358cb406a99b682ec6df1e77e31ae82e63601f6784e8a3df411d72b37864da?s=96&d=mm&r=g","contentUrl":"https:\/\/secure.gravatar.com\/avatar\/a7358cb406a99b682ec6df1e77e31ae82e63601f6784e8a3df411d72b37864da?s=96&d=mm&r=g","caption":"Leonardo Francisco"},"url":"https:\/\/redenoticiaz.com.br\/ribeiraopreto-regiao\/sp\/author\/leonardo-francisco"}]}},"_links":{"self":[{"href":"https:\/\/redenoticiaz.com.br\/ribeiraopreto-regiao\/wp-json\/wp\/v2\/posts\/55","targetHints":{"allow":["GET"]}}],"collection":[{"href":"https:\/\/redenoticiaz.com.br\/ribeiraopreto-regiao\/wp-json\/wp\/v2\/posts"}],"about":[{"href":"https:\/\/redenoticiaz.com.br\/ribeiraopreto-regiao\/wp-json\/wp\/v2\/types\/post"}],"author":[{"embeddable":true,"href":"https:\/\/redenoticiaz.com.br\/ribeiraopreto-regiao\/wp-json\/wp\/v2\/users\/6"}],"replies":[{"embeddable":true,"href":"https:\/\/redenoticiaz.com.br\/ribeiraopreto-regiao\/wp-json\/wp\/v2\/comments?post=55"}],"version-history":[{"count":0,"href":"https:\/\/redenoticiaz.com.br\/ribeiraopreto-regiao\/wp-json\/wp\/v2\/posts\/55\/revisions"}],"wp:featuredmedia":[{"embeddable":true,"href":"https:\/\/redenoticiaz.com.br\/ribeiraopreto-regiao\/wp-json\/wp\/v2\/media\/56"}],"wp:attachment":[{"href":"https:\/\/redenoticiaz.com.br\/ribeiraopreto-regiao\/wp-json\/wp\/v2\/media?parent=55"}],"wp:term":[{"taxonomy":"category","embeddable":true,"href":"https:\/\/redenoticiaz.com.br\/ribeiraopreto-regiao\/wp-json\/wp\/v2\/categories?post=55"},{"taxonomy":"post_tag","embeddable":true,"href":"https:\/\/redenoticiaz.com.br\/ribeiraopreto-regiao\/wp-json\/wp\/v2\/tags?post=55"}],"curies":[{"name":"wp","href":"https:\/\/api.w.org\/{rel}","templated":true}]}}