{"id":597,"date":"2022-03-12T12:00:48","date_gmt":"2022-03-12T15:00:48","guid":{"rendered":"https:\/\/redenoticiaz.com.br\/barretos-regiao\/?p=597"},"modified":"2022-03-09T12:59:11","modified_gmt":"2022-03-09T15:59:11","slug":"veja-dicas-para-valorizar-seu-veiculo-na-hora-da-venda","status":"publish","type":"post","link":"https:\/\/redenoticiaz.com.br\/ribeiraopreto-regiao\/sp\/2022\/03\/12\/veja-dicas-para-valorizar-seu-veiculo-na-hora-da-venda","title":{"rendered":"Veja dicas para valorizar seu ve\u00edculo na hora da venda"},"content":{"rendered":"<p>Negociar seu t\u00e3o amado ve\u00edculo nem sempre pode ser uma tarefa f\u00e1cil. Apesar de existir a tabela Fipe (Funda\u00e7\u00e3o Instituto de Pesquisas Econ\u00f4micas), documento que parametriza os pre\u00e7os m\u00e9dios dos autom\u00f3veis, existem outros fatores que podem depreciar o valor do autom\u00f3vel na hora da negocia\u00e7\u00e3o.<\/p>\n<p>Rodrigo Flecha, gerente de Vendas da BellosCar de Curitiba, explica que \u00e9 preciso ficar muito atento na avalia\u00e7\u00e3o e chegar ao pre\u00e7o justo do ve\u00edculo. Ele lista uma s\u00e9rie de itens que s\u00e3o levados em considera\u00e7\u00e3o na hora de realizar a revis\u00e3o e que certamente ser\u00e3o avaliados pelo revendedor.<\/p>\n<h3>Quilometragem m\u00e9dia do ve\u00edculo<\/h3>\n<p>Segundo Flecha, com base em dados de mercado, \u00e9 esperado que um carro com um bom uso rode em m\u00e9dia de 10 a 12 mil km por ano. Ou seja, um ve\u00edculo seminovo com tr\u00eas anos de uso deve ter no m\u00e1ximo 36 mil km rodados. Desta forma, os autom\u00f3veis com quilometragem acima dessa m\u00e9dia ter\u00e3o uma maior desvaloriza\u00e7\u00e3o.<\/p>\n<h3>Falta de revis\u00e3o peri\u00f3dica<\/h3>\n<p>Ter cuidado com os prazos de revis\u00e3o s\u00e3o fundamentais para manter seu ve\u00edculo com um bom valor de mercado. A falta de revis\u00e3o pode acarretar problemas s\u00e9rios de motor, c\u00e2mbio e outros componentes importantes. Para carros seminovos, deixar de fazer as manuten\u00e7\u00f5es indicadas no manual e em concession\u00e1rias autorizadas pode, inclusive, levar \u00e0 perda da garantia de f\u00e1brica.<\/p>\n<p>Realizar as trocas de \u00f3leo, pastilhas e flu\u00eddos nas datas e quilometragem certas tamb\u00e9m ajuda a diminuir a deprecia\u00e7\u00e3o do autom\u00f3vel. Por isso, \u00e9 de extrema import\u00e2ncia manter a aten\u00e7\u00e3o aos prazos.<\/p>\n<h3>Cuidados com a est\u00e9tica<\/h3>\n<p>Brasileiro adora cuidar do \u201cvisual\u201d do seu ve\u00edculo. N\u00e3o apenas com a lavagem ou o famoso \u201cpretinho\u201d no pneu, mas com todo o aspecto do ve\u00edculo. Riscos ou desgastes na pintura por m\u00e1 preserva\u00e7\u00e3o levam o pre\u00e7o do carro \u201cpara baixo\u201d. A parte de estofamento, estado do volante e painel tamb\u00e9m. A conversa\u00e7\u00e3o de todos esses itens ser\u00e1 avaliada na hora da revenda.<\/p>\n<h3>Aten\u00e7\u00e3o para a parte estrutural<\/h3>\n<p>Carros que tenham passado por batidas e colis\u00f5es certamente ser\u00e3o desvalorizados, garante Rodrigo Flecha. Qualquer tipo de avaria na parte estrutural do ve\u00edculo afetar\u00e1 a negocia\u00e7\u00e3o do pre\u00e7o final. Por isso, o laudo pericial \u00e9 de suma import\u00e2ncia. \u00c9 a garantia de que a revis\u00e3o foi feita de maneira correta. Existe no mercado revendedores que fazem a recupera\u00e7\u00e3o de sinistros, ou seja, carros que passaram por severas avarias, e tentam vend\u00ea-los como n\u00e3o sinistrados.<\/p>\n<h3>Qual a melhor maneira de fazer a avalia\u00e7\u00e3o do ve\u00edculo?<\/h3>\n<p>Flecha explica que a melhor forma de garantir que todos os itens sejam avaliados de maneira correta \u00e9 a utiliza\u00e7\u00e3o de sistemas inteligentes que permitam n\u00e3o apenas o registro das informa\u00e7\u00f5es, mas que contemplem todos os itens de forma parametrizada.<\/p>\n<p><strong>LEIA TAMB\u00c9M<\/strong><\/p>\n<p><a href=\"https:\/\/redenoticiaz.com.br\/blog\/2022\/02\/27\/compra-de-carro-pcd-tem-novas-regras-em-2022\">Compra de carro PCD tem novas regras em 2022<\/a><\/p>\n","protected":false},"excerpt":{"rendered":"<p>Negociar seu t\u00e3o amado ve\u00edculo nem sempre pode ser uma tarefa f\u00e1cil. Apesar de existir a tabela Fipe (Funda\u00e7\u00e3o Instituto de Pesquisas Econ\u00f4micas), documento que parametriza os pre\u00e7os m\u00e9dios dos autom\u00f3veis, existem outros fatores que podem depreciar o valor do autom\u00f3vel na hora da negocia\u00e7\u00e3o. Rodrigo Flecha, gerente de Vendas da BellosCar de Curitiba, explica &hellip;<\/p>\n","protected":false},"author":15,"featured_media":598,"comment_status":"open","ping_status":"closed","sticky":false,"template":"","format":"standard","meta":{"footnotes":""},"categories":[1],"tags":[2594,2595,2596,1852],"class_list":["post-597","post","type-post","status-publish","format-standard","has-post-thumbnail","hentry","category-cidades","tag-carro","tag-revenda","tag-seminovo","tag-veiculo"],"yoast_head":"<!-- This site is optimized with the Yoast SEO plugin v27.5 - https:\/\/yoast.com\/product\/yoast-seo-wordpress\/ -->\n<title>Veja dicas para valorizar seu ve\u00edculo na hora da venda - Ribeir\u00e3o Preto e Regi\u00e3o<\/title>\n<meta name=\"description\" content=\"Negociar seu t\u00e3o amado ve\u00edculo nem sempre pode ser uma tarefa f\u00e1cil. Apesar de existir a tabela Fipe, existem fatores que podem depreciar o valor do bem\" \/>\n<meta name=\"robots\" content=\"index, follow, max-snippet:-1, max-image-preview:large, max-video-preview:-1\" \/>\n<link rel=\"canonical\" href=\"https:\/\/redenoticiaz.com.br\/ribeiraopreto-regiao\/sp\/2022\/03\/12\/veja-dicas-para-valorizar-seu-veiculo-na-hora-da-venda\" \/>\n<meta property=\"og:locale\" content=\"pt_BR\" \/>\n<meta property=\"og:type\" content=\"article\" \/>\n<meta property=\"og:title\" content=\"Veja dicas para valorizar seu ve\u00edculo na hora da venda - Ribeir\u00e3o Preto e Regi\u00e3o\" \/>\n<meta property=\"og:description\" content=\"Negociar seu t\u00e3o amado ve\u00edculo nem sempre pode ser uma tarefa f\u00e1cil. Apesar de existir a tabela Fipe, existem fatores que podem depreciar o valor do bem\" \/>\n<meta property=\"og:url\" content=\"https:\/\/redenoticiaz.com.br\/ribeiraopreto-regiao\/sp\/2022\/03\/12\/veja-dicas-para-valorizar-seu-veiculo-na-hora-da-venda\" \/>\n<meta property=\"og:site_name\" content=\"Ribeir\u00e3o Preto e Regi\u00e3o\" \/>\n<meta property=\"article:publisher\" content=\"https:\/\/m.facebook.com\/redenoticiaz.barretos\" \/>\n<meta property=\"article:published_time\" content=\"2022-03-12T15:00:48+00:00\" \/>\n<meta property=\"og:image\" content=\"https:\/\/redenoticiaz.com.br\/ribeiraopreto-regiao\/wp-content\/uploads\/sites\/4\/2022\/02\/logo.jpg\" \/>\n\t<meta property=\"og:image:width\" content=\"400\" \/>\n\t<meta property=\"og:image:height\" content=\"250\" \/>\n\t<meta property=\"og:image:type\" content=\"image\/jpeg\" \/>\n<meta name=\"twitter:card\" content=\"summary_large_image\" \/>\n<meta name=\"twitter:creator\" content=\"@RN_barretos\" \/>\n<meta name=\"twitter:site\" content=\"@RN_barretos\" \/>\n<meta name=\"twitter:label1\" content=\"Escrito por\" \/>\n\t<meta name=\"twitter:data1\" content=\"\" \/>\n\t<meta name=\"twitter:label2\" content=\"Est. tempo de leitura\" \/>\n\t<meta name=\"twitter:data2\" content=\"3 minutos\" \/>\n<script type=\"application\/ld+json\" class=\"yoast-schema-graph\">{\"@context\":\"https:\\\/\\\/schema.org\",\"@graph\":[{\"@type\":\"Article\",\"@id\":\"https:\\\/\\\/redenoticiaz.com.br\\\/ribeiraopreto-regiao\\\/sp\\\/2022\\\/03\\\/12\\\/veja-dicas-para-valorizar-seu-veiculo-na-hora-da-venda#article\",\"isPartOf\":{\"@id\":\"https:\\\/\\\/redenoticiaz.com.br\\\/ribeiraopreto-regiao\\\/sp\\\/2022\\\/03\\\/12\\\/veja-dicas-para-valorizar-seu-veiculo-na-hora-da-venda\"},\"author\":{\"name\":\"\",\"@id\":\"\"},\"headline\":\"Veja dicas para valorizar seu ve\u00edculo na hora da venda\",\"datePublished\":\"2022-03-12T15:00:48+00:00\",\"mainEntityOfPage\":{\"@id\":\"https:\\\/\\\/redenoticiaz.com.br\\\/ribeiraopreto-regiao\\\/sp\\\/2022\\\/03\\\/12\\\/veja-dicas-para-valorizar-seu-veiculo-na-hora-da-venda\"},\"wordCount\":528,\"commentCount\":0,\"publisher\":{\"@id\":\"https:\\\/\\\/redenoticiaz.com.br\\\/ribeiraopreto-regiao\\\/#organization\"},\"image\":{\"@id\":\"https:\\\/\\\/redenoticiaz.com.br\\\/ribeiraopreto-regiao\\\/sp\\\/2022\\\/03\\\/12\\\/veja-dicas-para-valorizar-seu-veiculo-na-hora-da-venda#primaryimage\"},\"thumbnailUrl\":\"https:\\\/\\\/redenoticiaz.com.br\\\/ribeiraopreto-regiao\\\/wp-content\\\/uploads\\\/sites\\\/4\\\/2022\\\/03\\\/bellos.jpg?v=1646841150\",\"keywords\":[\"carro\",\"revenda\",\"seminovo\",\"VE\u00cdCULO\"],\"articleSection\":[\"Cidades\"],\"inLanguage\":\"pt-BR\",\"potentialAction\":[{\"@type\":\"CommentAction\",\"name\":\"Comment\",\"target\":[\"https:\\\/\\\/redenoticiaz.com.br\\\/ribeiraopreto-regiao\\\/sp\\\/2022\\\/03\\\/12\\\/veja-dicas-para-valorizar-seu-veiculo-na-hora-da-venda#respond\"]}]},{\"@type\":\"WebPage\",\"@id\":\"https:\\\/\\\/redenoticiaz.com.br\\\/ribeiraopreto-regiao\\\/sp\\\/2022\\\/03\\\/12\\\/veja-dicas-para-valorizar-seu-veiculo-na-hora-da-venda\",\"url\":\"https:\\\/\\\/redenoticiaz.com.br\\\/ribeiraopreto-regiao\\\/sp\\\/2022\\\/03\\\/12\\\/veja-dicas-para-valorizar-seu-veiculo-na-hora-da-venda\",\"name\":\"Veja dicas para valorizar seu ve\u00edculo na hora da venda - Ribeir\u00e3o Preto e Regi\u00e3o\",\"isPartOf\":{\"@id\":\"https:\\\/\\\/redenoticiaz.com.br\\\/ribeiraopreto-regiao\\\/#website\"},\"primaryImageOfPage\":{\"@id\":\"https:\\\/\\\/redenoticiaz.com.br\\\/ribeiraopreto-regiao\\\/sp\\\/2022\\\/03\\\/12\\\/veja-dicas-para-valorizar-seu-veiculo-na-hora-da-venda#primaryimage\"},\"image\":{\"@id\":\"https:\\\/\\\/redenoticiaz.com.br\\\/ribeiraopreto-regiao\\\/sp\\\/2022\\\/03\\\/12\\\/veja-dicas-para-valorizar-seu-veiculo-na-hora-da-venda#primaryimage\"},\"thumbnailUrl\":\"https:\\\/\\\/redenoticiaz.com.br\\\/ribeiraopreto-regiao\\\/wp-content\\\/uploads\\\/sites\\\/4\\\/2022\\\/03\\\/bellos.jpg?v=1646841150\",\"datePublished\":\"2022-03-12T15:00:48+00:00\",\"description\":\"Negociar seu t\u00e3o amado ve\u00edculo nem sempre pode ser uma tarefa f\u00e1cil. Apesar de existir a tabela Fipe, existem fatores que podem depreciar o valor do bem\",\"inLanguage\":\"pt-BR\",\"potentialAction\":[{\"@type\":\"ReadAction\",\"target\":[\"https:\\\/\\\/redenoticiaz.com.br\\\/ribeiraopreto-regiao\\\/sp\\\/2022\\\/03\\\/12\\\/veja-dicas-para-valorizar-seu-veiculo-na-hora-da-venda\"]}]},{\"@type\":\"ImageObject\",\"inLanguage\":\"pt-BR\",\"@id\":\"https:\\\/\\\/redenoticiaz.com.br\\\/ribeiraopreto-regiao\\\/sp\\\/2022\\\/03\\\/12\\\/veja-dicas-para-valorizar-seu-veiculo-na-hora-da-venda#primaryimage\",\"url\":\"https:\\\/\\\/redenoticiaz.com.br\\\/ribeiraopreto-regiao\\\/wp-content\\\/uploads\\\/sites\\\/4\\\/2022\\\/03\\\/bellos.jpg?v=1646841150\",\"contentUrl\":\"https:\\\/\\\/redenoticiaz.com.br\\\/ribeiraopreto-regiao\\\/wp-content\\\/uploads\\\/sites\\\/4\\\/2022\\\/03\\\/bellos.jpg?v=1646841150\",\"width\":1620,\"height\":1080,\"caption\":\"Especialista d\u00e1 dicas para valorizar seu ve\u00edculo na hora de vend\u00ea-lo (Foto: Divulga\u00e7\u00e3o)\"},{\"@type\":\"WebSite\",\"@id\":\"https:\\\/\\\/redenoticiaz.com.br\\\/ribeiraopreto-regiao\\\/#website\",\"url\":\"https:\\\/\\\/redenoticiaz.com.br\\\/ribeiraopreto-regiao\\\/\",\"name\":\"Ribeir\u00e3o Preto e Regi\u00e3o\",\"description\":\"Rede NoticiaZ - Ribeir\u00e3o Preto e regi\u00e3o\",\"publisher\":{\"@id\":\"https:\\\/\\\/redenoticiaz.com.br\\\/ribeiraopreto-regiao\\\/#organization\"},\"potentialAction\":[{\"@type\":\"SearchAction\",\"target\":{\"@type\":\"EntryPoint\",\"urlTemplate\":\"https:\\\/\\\/redenoticiaz.com.br\\\/ribeiraopreto-regiao\\\/?s={search_term_string}\"},\"query-input\":{\"@type\":\"PropertyValueSpecification\",\"valueRequired\":true,\"valueName\":\"search_term_string\"}}],\"inLanguage\":\"pt-BR\"},{\"@type\":\"Organization\",\"@id\":\"https:\\\/\\\/redenoticiaz.com.br\\\/ribeiraopreto-regiao\\\/#organization\",\"name\":\"Ribeir\u00e3o Preto e Regi\u00e3o\",\"url\":\"https:\\\/\\\/redenoticiaz.com.br\\\/ribeiraopreto-regiao\\\/\",\"logo\":{\"@type\":\"ImageObject\",\"inLanguage\":\"pt-BR\",\"@id\":\"https:\\\/\\\/redenoticiaz.com.br\\\/ribeiraopreto-regiao\\\/#\\\/schema\\\/logo\\\/image\\\/\",\"url\":\"https:\\\/\\\/redenoticiaz.com.br\\\/barretos-regiao\\\/wp-content\\\/uploads\\\/sites\\\/4\\\/2022\\\/02\\\/logo.jpg\",\"contentUrl\":\"https:\\\/\\\/redenoticiaz.com.br\\\/barretos-regiao\\\/wp-content\\\/uploads\\\/sites\\\/4\\\/2022\\\/02\\\/logo.jpg\",\"width\":400,\"height\":250,\"caption\":\"Ribeir\u00e3o Preto e Regi\u00e3o\"},\"image\":{\"@id\":\"https:\\\/\\\/redenoticiaz.com.br\\\/ribeiraopreto-regiao\\\/#\\\/schema\\\/logo\\\/image\\\/\"},\"sameAs\":[\"https:\\\/\\\/m.facebook.com\\\/redenoticiaz.barretos\",\"https:\\\/\\\/x.com\\\/RN_barretos\",\"https:\\\/\\\/www.instagram.com\\\/redenoticiaz.barretos\\\/?igshid=YmMyMTA2M2Y\",\"https:\\\/\\\/www.linkedin.com\\\/company\\\/rede-noticiaz-barretos-e-regio\\\/\"]},{\"@type\":\"Person\",\"@id\":\"\",\"url\":\"https:\\\/\\\/redenoticiaz.com.br\\\/ribeiraopreto-regiao\\\/sp\\\/author\"}]}<\/script>\n<!-- \/ Yoast SEO plugin. -->","yoast_head_json":{"title":"Veja dicas para valorizar seu ve\u00edculo na hora da venda - Ribeir\u00e3o Preto e Regi\u00e3o","description":"Negociar seu t\u00e3o amado ve\u00edculo nem sempre pode ser uma tarefa f\u00e1cil. Apesar de existir a tabela Fipe, existem fatores que podem depreciar o valor do bem","robots":{"index":"index","follow":"follow","max-snippet":"max-snippet:-1","max-image-preview":"max-image-preview:large","max-video-preview":"max-video-preview:-1"},"canonical":"https:\/\/redenoticiaz.com.br\/ribeiraopreto-regiao\/sp\/2022\/03\/12\/veja-dicas-para-valorizar-seu-veiculo-na-hora-da-venda","og_locale":"pt_BR","og_type":"article","og_title":"Veja dicas para valorizar seu ve\u00edculo na hora da venda - Ribeir\u00e3o Preto e Regi\u00e3o","og_description":"Negociar seu t\u00e3o amado ve\u00edculo nem sempre pode ser uma tarefa f\u00e1cil. Apesar de existir a tabela Fipe, existem fatores que podem depreciar o valor do bem","og_url":"https:\/\/redenoticiaz.com.br\/ribeiraopreto-regiao\/sp\/2022\/03\/12\/veja-dicas-para-valorizar-seu-veiculo-na-hora-da-venda","og_site_name":"Ribeir\u00e3o Preto e Regi\u00e3o","article_publisher":"https:\/\/m.facebook.com\/redenoticiaz.barretos","article_published_time":"2022-03-12T15:00:48+00:00","og_image":[{"width":400,"height":250,"url":"https:\/\/redenoticiaz.com.br\/ribeiraopreto-regiao\/wp-content\/uploads\/sites\/4\/2022\/02\/logo.jpg","type":"image\/jpeg"}],"twitter_card":"summary_large_image","twitter_creator":"@RN_barretos","twitter_site":"@RN_barretos","twitter_misc":{"Escrito por":"","Est. tempo de leitura":"3 minutos"},"schema":{"@context":"https:\/\/schema.org","@graph":[{"@type":"Article","@id":"https:\/\/redenoticiaz.com.br\/ribeiraopreto-regiao\/sp\/2022\/03\/12\/veja-dicas-para-valorizar-seu-veiculo-na-hora-da-venda#article","isPartOf":{"@id":"https:\/\/redenoticiaz.com.br\/ribeiraopreto-regiao\/sp\/2022\/03\/12\/veja-dicas-para-valorizar-seu-veiculo-na-hora-da-venda"},"author":{"name":"","@id":""},"headline":"Veja dicas para valorizar seu ve\u00edculo na hora da venda","datePublished":"2022-03-12T15:00:48+00:00","mainEntityOfPage":{"@id":"https:\/\/redenoticiaz.com.br\/ribeiraopreto-regiao\/sp\/2022\/03\/12\/veja-dicas-para-valorizar-seu-veiculo-na-hora-da-venda"},"wordCount":528,"commentCount":0,"publisher":{"@id":"https:\/\/redenoticiaz.com.br\/ribeiraopreto-regiao\/#organization"},"image":{"@id":"https:\/\/redenoticiaz.com.br\/ribeiraopreto-regiao\/sp\/2022\/03\/12\/veja-dicas-para-valorizar-seu-veiculo-na-hora-da-venda#primaryimage"},"thumbnailUrl":"https:\/\/redenoticiaz.com.br\/ribeiraopreto-regiao\/wp-content\/uploads\/sites\/4\/2022\/03\/bellos.jpg?v=1646841150","keywords":["carro","revenda","seminovo","VE\u00cdCULO"],"articleSection":["Cidades"],"inLanguage":"pt-BR","potentialAction":[{"@type":"CommentAction","name":"Comment","target":["https:\/\/redenoticiaz.com.br\/ribeiraopreto-regiao\/sp\/2022\/03\/12\/veja-dicas-para-valorizar-seu-veiculo-na-hora-da-venda#respond"]}]},{"@type":"WebPage","@id":"https:\/\/redenoticiaz.com.br\/ribeiraopreto-regiao\/sp\/2022\/03\/12\/veja-dicas-para-valorizar-seu-veiculo-na-hora-da-venda","url":"https:\/\/redenoticiaz.com.br\/ribeiraopreto-regiao\/sp\/2022\/03\/12\/veja-dicas-para-valorizar-seu-veiculo-na-hora-da-venda","name":"Veja dicas para valorizar seu ve\u00edculo na hora da venda - Ribeir\u00e3o Preto e Regi\u00e3o","isPartOf":{"@id":"https:\/\/redenoticiaz.com.br\/ribeiraopreto-regiao\/#website"},"primaryImageOfPage":{"@id":"https:\/\/redenoticiaz.com.br\/ribeiraopreto-regiao\/sp\/2022\/03\/12\/veja-dicas-para-valorizar-seu-veiculo-na-hora-da-venda#primaryimage"},"image":{"@id":"https:\/\/redenoticiaz.com.br\/ribeiraopreto-regiao\/sp\/2022\/03\/12\/veja-dicas-para-valorizar-seu-veiculo-na-hora-da-venda#primaryimage"},"thumbnailUrl":"https:\/\/redenoticiaz.com.br\/ribeiraopreto-regiao\/wp-content\/uploads\/sites\/4\/2022\/03\/bellos.jpg?v=1646841150","datePublished":"2022-03-12T15:00:48+00:00","description":"Negociar seu t\u00e3o amado ve\u00edculo nem sempre pode ser uma tarefa f\u00e1cil. Apesar de existir a tabela Fipe, existem fatores que podem depreciar o valor do bem","inLanguage":"pt-BR","potentialAction":[{"@type":"ReadAction","target":["https:\/\/redenoticiaz.com.br\/ribeiraopreto-regiao\/sp\/2022\/03\/12\/veja-dicas-para-valorizar-seu-veiculo-na-hora-da-venda"]}]},{"@type":"ImageObject","inLanguage":"pt-BR","@id":"https:\/\/redenoticiaz.com.br\/ribeiraopreto-regiao\/sp\/2022\/03\/12\/veja-dicas-para-valorizar-seu-veiculo-na-hora-da-venda#primaryimage","url":"https:\/\/redenoticiaz.com.br\/ribeiraopreto-regiao\/wp-content\/uploads\/sites\/4\/2022\/03\/bellos.jpg?v=1646841150","contentUrl":"https:\/\/redenoticiaz.com.br\/ribeiraopreto-regiao\/wp-content\/uploads\/sites\/4\/2022\/03\/bellos.jpg?v=1646841150","width":1620,"height":1080,"caption":"Especialista d\u00e1 dicas para valorizar seu ve\u00edculo na hora de vend\u00ea-lo (Foto: Divulga\u00e7\u00e3o)"},{"@type":"WebSite","@id":"https:\/\/redenoticiaz.com.br\/ribeiraopreto-regiao\/#website","url":"https:\/\/redenoticiaz.com.br\/ribeiraopreto-regiao\/","name":"Ribeir\u00e3o Preto e Regi\u00e3o","description":"Rede NoticiaZ - Ribeir\u00e3o Preto e regi\u00e3o","publisher":{"@id":"https:\/\/redenoticiaz.com.br\/ribeiraopreto-regiao\/#organization"},"potentialAction":[{"@type":"SearchAction","target":{"@type":"EntryPoint","urlTemplate":"https:\/\/redenoticiaz.com.br\/ribeiraopreto-regiao\/?s={search_term_string}"},"query-input":{"@type":"PropertyValueSpecification","valueRequired":true,"valueName":"search_term_string"}}],"inLanguage":"pt-BR"},{"@type":"Organization","@id":"https:\/\/redenoticiaz.com.br\/ribeiraopreto-regiao\/#organization","name":"Ribeir\u00e3o Preto e Regi\u00e3o","url":"https:\/\/redenoticiaz.com.br\/ribeiraopreto-regiao\/","logo":{"@type":"ImageObject","inLanguage":"pt-BR","@id":"https:\/\/redenoticiaz.com.br\/ribeiraopreto-regiao\/#\/schema\/logo\/image\/","url":"https:\/\/redenoticiaz.com.br\/barretos-regiao\/wp-content\/uploads\/sites\/4\/2022\/02\/logo.jpg","contentUrl":"https:\/\/redenoticiaz.com.br\/barretos-regiao\/wp-content\/uploads\/sites\/4\/2022\/02\/logo.jpg","width":400,"height":250,"caption":"Ribeir\u00e3o Preto e Regi\u00e3o"},"image":{"@id":"https:\/\/redenoticiaz.com.br\/ribeiraopreto-regiao\/#\/schema\/logo\/image\/"},"sameAs":["https:\/\/m.facebook.com\/redenoticiaz.barretos","https:\/\/x.com\/RN_barretos","https:\/\/www.instagram.com\/redenoticiaz.barretos\/?igshid=YmMyMTA2M2Y","https:\/\/www.linkedin.com\/company\/rede-noticiaz-barretos-e-regio\/"]},{"@type":"Person","@id":"","url":"https:\/\/redenoticiaz.com.br\/ribeiraopreto-regiao\/sp\/author"}]}},"_links":{"self":[{"href":"https:\/\/redenoticiaz.com.br\/ribeiraopreto-regiao\/wp-json\/wp\/v2\/posts\/597","targetHints":{"allow":["GET"]}}],"collection":[{"href":"https:\/\/redenoticiaz.com.br\/ribeiraopreto-regiao\/wp-json\/wp\/v2\/posts"}],"about":[{"href":"https:\/\/redenoticiaz.com.br\/ribeiraopreto-regiao\/wp-json\/wp\/v2\/types\/post"}],"author":[{"embeddable":true,"href":"https:\/\/redenoticiaz.com.br\/ribeiraopreto-regiao\/wp-json\/wp\/v2\/users\/15"}],"replies":[{"embeddable":true,"href":"https:\/\/redenoticiaz.com.br\/ribeiraopreto-regiao\/wp-json\/wp\/v2\/comments?post=597"}],"version-history":[{"count":1,"href":"https:\/\/redenoticiaz.com.br\/ribeiraopreto-regiao\/wp-json\/wp\/v2\/posts\/597\/revisions"}],"predecessor-version":[{"id":599,"href":"https:\/\/redenoticiaz.com.br\/ribeiraopreto-regiao\/wp-json\/wp\/v2\/posts\/597\/revisions\/599"}],"wp:featuredmedia":[{"embeddable":true,"href":"https:\/\/redenoticiaz.com.br\/ribeiraopreto-regiao\/wp-json\/wp\/v2\/media\/598"}],"wp:attachment":[{"href":"https:\/\/redenoticiaz.com.br\/ribeiraopreto-regiao\/wp-json\/wp\/v2\/media?parent=597"}],"wp:term":[{"taxonomy":"category","embeddable":true,"href":"https:\/\/redenoticiaz.com.br\/ribeiraopreto-regiao\/wp-json\/wp\/v2\/categories?post=597"},{"taxonomy":"post_tag","embeddable":true,"href":"https:\/\/redenoticiaz.com.br\/ribeiraopreto-regiao\/wp-json\/wp\/v2\/tags?post=597"}],"curies":[{"name":"wp","href":"https:\/\/api.w.org\/{rel}","templated":true}]}}