{"id":631,"date":"2022-03-09T16:10:08","date_gmt":"2022-03-09T19:10:08","guid":{"rendered":"https:\/\/redenoticiaz.com.br\/barretos-regiao\/?p=631"},"modified":"2022-03-09T16:10:08","modified_gmt":"2022-03-09T19:10:08","slug":"tentativa-de-furto-em-cras-ii-no-bairro-de-clementina","status":"publish","type":"post","link":"https:\/\/redenoticiaz.com.br\/ribeiraopreto-regiao\/sp\/2022\/03\/09\/tentativa-de-furto-em-cras-ii-no-bairro-de-clementina","title":{"rendered":"Tentativa de furto em CRAS II no Bairro de Clementina"},"content":{"rendered":"<p>Durante essa madrugada, Policiais Militares durante uma patrulha, foram acionados por mun\u00edcipes que alertaram para um poss\u00edvel furto no CRAS II, localizado na Rua 04, bairro Clementina. Assim, dois homens foram identificados furtando o local.<\/p>\n<p>Foi informado pelos mun\u00edcipes, nesse sentido que os indiv\u00edduos estavam de bicicleta do lado de fora, enquanto o segundo estaria no interior do pr\u00e9dio, atuando. Assim, os policias se deslocaram at\u00e9 o local, encontrando os dois indiv\u00edduos conforme a den\u00fancia. Logo depois, outras viaturas chegaram para ajudar. Dessa forma, o indiv\u00edduo que estava no pr\u00e9dio tentando retirar a bateria do carro oficial do CRAS II<a href=\"https:\/\/www.assistenciasocial.org\/cras-ii-barretos-sp-endereco-e-atendimento\/\">,<\/a> foi preso.<\/p>\n<p>Com um dos indiv\u00edduos, por\u00e9m foi apreendido um alicate e uma chave de mec\u00e2nico (chave de boca), dada voz de pris\u00e3o aos dois homens, as quais foram ratificadas na delegacia e eles levados para a cadeia da cidade de Colina, onde permaneceram presos e a disposi\u00e7\u00e3o da Justi\u00e7a.<\/p>\n<p>LEIA TAMB\u00c9M:\u00a0<a href=\"https:\/\/redenoticiaz.com.br\/barretos-regiao\/sp\/2022\/03\/09\/cad-unico-atualizacao-comeca-amanha\">Cad \u00danico: Atualiza\u00e7\u00e3o come\u00e7a amanh\u00e3<\/a><\/p>\n","protected":false},"excerpt":{"rendered":"<p>Durante essa madrugada, Policiais Militares durante uma patrulha, foram acionados por mun\u00edcipes que alertaram para um poss\u00edvel furto no CRAS II, localizado na Rua 04, bairro Clementina. Assim, dois homens foram identificados furtando o local. Foi informado pelos mun\u00edcipes, nesse sentido que os indiv\u00edduos estavam de bicicleta do lado de fora, enquanto o segundo estaria &hellip;<\/p>\n","protected":false},"author":15,"featured_media":342,"comment_status":"open","ping_status":"closed","sticky":false,"template":"","format":"standard","meta":{"footnotes":""},"categories":[1],"tags":[2730,2729,2731,674],"class_list":["post-631","post","type-post","status-publish","format-standard","has-post-thumbnail","hentry","category-cidades","tag-clementina","tag-crasii","tag-furto","tag-policia-militar"],"yoast_head":"<!-- This site is optimized with the Yoast SEO plugin v28.4 - https:\/\/yoast.com\/product\/yoast-seo-wordpress\/ -->\n<title>Tentativa de furto em CRAS II no Bairro de Clementina - Ribeir\u00e3o Preto e Regi\u00e3o<\/title>\n<meta name=\"description\" content=\"Policiais Militares durante uma patrulha, foram acionados por mun\u00edcipes que alertaram para um poss\u00edvel furto no CRAS II, localizado na Rua 04, bairro Clementina.\" \/>\n<meta name=\"robots\" content=\"index, follow, max-snippet:-1, max-image-preview:large, max-video-preview:-1\" \/>\n<link rel=\"canonical\" href=\"https:\/\/redenoticiaz.com.br\/ribeiraopreto-regiao\/sp\/2022\/03\/09\/tentativa-de-furto-em-cras-ii-no-bairro-de-clementina\" \/>\n<meta property=\"og:locale\" content=\"pt_BR\" \/>\n<meta property=\"og:type\" content=\"article\" \/>\n<meta property=\"og:title\" content=\"Tentativa de furto em CRAS II no Bairro de Clementina - Ribeir\u00e3o Preto e Regi\u00e3o\" \/>\n<meta property=\"og:description\" content=\"Policiais Militares durante uma patrulha, foram acionados por mun\u00edcipes que alertaram para um poss\u00edvel furto no CRAS II, localizado na Rua 04, bairro Clementina.\" \/>\n<meta property=\"og:url\" content=\"https:\/\/redenoticiaz.com.br\/ribeiraopreto-regiao\/sp\/2022\/03\/09\/tentativa-de-furto-em-cras-ii-no-bairro-de-clementina\" \/>\n<meta property=\"og:site_name\" content=\"Ribeir\u00e3o Preto e Regi\u00e3o\" \/>\n<meta property=\"article:publisher\" content=\"https:\/\/m.facebook.com\/redenoticiaz.barretos\" \/>\n<meta property=\"article:published_time\" content=\"2022-03-09T19:10:08+00:00\" \/>\n<meta property=\"og:image\" content=\"https:\/\/redenoticiaz.com.br\/ribeiraopreto-regiao\/wp-content\/uploads\/sites\/4\/2022\/03\/captura-de-tela-13.png\" \/>\n\t<meta property=\"og:image:width\" content=\"518\" \/>\n\t<meta property=\"og:image:height\" content=\"209\" \/>\n\t<meta property=\"og:image:type\" content=\"image\/png\" \/>\n<meta name=\"twitter:card\" content=\"summary_large_image\" \/>\n<meta name=\"twitter:creator\" content=\"@RN_barretos\" \/>\n<meta name=\"twitter:site\" content=\"@RN_barretos\" \/>\n<meta name=\"twitter:label1\" content=\"Escrito por\" \/>\n\t<meta name=\"twitter:data1\" content=\"\" \/>\n\t<meta name=\"twitter:label2\" content=\"Est. tempo de leitura\" \/>\n\t<meta name=\"twitter:data2\" content=\"1 minuto\" \/>\n<script type=\"application\/ld+json\" class=\"yoast-schema-graph\">{\"@context\":\"https:\\\/\\\/schema.org\",\"@graph\":[{\"@type\":\"Article\",\"@id\":\"https:\\\/\\\/redenoticiaz.com.br\\\/ribeiraopreto-regiao\\\/sp\\\/2022\\\/03\\\/09\\\/tentativa-de-furto-em-cras-ii-no-bairro-de-clementina#article\",\"isPartOf\":{\"@id\":\"https:\\\/\\\/redenoticiaz.com.br\\\/ribeiraopreto-regiao\\\/sp\\\/2022\\\/03\\\/09\\\/tentativa-de-furto-em-cras-ii-no-bairro-de-clementina\"},\"author\":{\"name\":\"\",\"@id\":\"\"},\"headline\":\"Tentativa de furto em CRAS II no Bairro de Clementina\",\"datePublished\":\"2022-03-09T19:10:08+00:00\",\"mainEntityOfPage\":{\"@id\":\"https:\\\/\\\/redenoticiaz.com.br\\\/ribeiraopreto-regiao\\\/sp\\\/2022\\\/03\\\/09\\\/tentativa-de-furto-em-cras-ii-no-bairro-de-clementina\"},\"wordCount\":184,\"commentCount\":0,\"publisher\":{\"@id\":\"https:\\\/\\\/redenoticiaz.com.br\\\/ribeiraopreto-regiao\\\/#organization\"},\"image\":{\"@id\":\"https:\\\/\\\/redenoticiaz.com.br\\\/ribeiraopreto-regiao\\\/sp\\\/2022\\\/03\\\/09\\\/tentativa-de-furto-em-cras-ii-no-bairro-de-clementina#primaryimage\"},\"thumbnailUrl\":\"https:\\\/\\\/redenoticiaz.com.br\\\/ribeiraopreto-regiao\\\/wp-content\\\/uploads\\\/sites\\\/4\\\/2022\\\/03\\\/captura-de-tela-13.png\",\"keywords\":[\"CLEMENTINA\",\"CRASII\",\"furto\",\"policia militar\"],\"articleSection\":[\"Cidades\"],\"inLanguage\":\"pt-BR\",\"potentialAction\":[{\"@type\":\"CommentAction\",\"name\":\"Comment\",\"target\":[\"https:\\\/\\\/redenoticiaz.com.br\\\/ribeiraopreto-regiao\\\/sp\\\/2022\\\/03\\\/09\\\/tentativa-de-furto-em-cras-ii-no-bairro-de-clementina#respond\"]}]},{\"@type\":\"WebPage\",\"@id\":\"https:\\\/\\\/redenoticiaz.com.br\\\/ribeiraopreto-regiao\\\/sp\\\/2022\\\/03\\\/09\\\/tentativa-de-furto-em-cras-ii-no-bairro-de-clementina\",\"url\":\"https:\\\/\\\/redenoticiaz.com.br\\\/ribeiraopreto-regiao\\\/sp\\\/2022\\\/03\\\/09\\\/tentativa-de-furto-em-cras-ii-no-bairro-de-clementina\",\"name\":\"Tentativa de furto em CRAS II no Bairro de Clementina - Ribeir\u00e3o Preto e Regi\u00e3o\",\"isPartOf\":{\"@id\":\"https:\\\/\\\/redenoticiaz.com.br\\\/ribeiraopreto-regiao\\\/#website\"},\"primaryImageOfPage\":{\"@id\":\"https:\\\/\\\/redenoticiaz.com.br\\\/ribeiraopreto-regiao\\\/sp\\\/2022\\\/03\\\/09\\\/tentativa-de-furto-em-cras-ii-no-bairro-de-clementina#primaryimage\"},\"image\":{\"@id\":\"https:\\\/\\\/redenoticiaz.com.br\\\/ribeiraopreto-regiao\\\/sp\\\/2022\\\/03\\\/09\\\/tentativa-de-furto-em-cras-ii-no-bairro-de-clementina#primaryimage\"},\"thumbnailUrl\":\"https:\\\/\\\/redenoticiaz.com.br\\\/ribeiraopreto-regiao\\\/wp-content\\\/uploads\\\/sites\\\/4\\\/2022\\\/03\\\/captura-de-tela-13.png\",\"datePublished\":\"2022-03-09T19:10:08+00:00\",\"description\":\"Policiais Militares durante uma patrulha, foram acionados por mun\u00edcipes que alertaram para um poss\u00edvel furto no CRAS II, localizado na Rua 04, bairro Clementina.\",\"inLanguage\":\"pt-BR\",\"potentialAction\":[{\"@type\":\"ReadAction\",\"target\":[\"https:\\\/\\\/redenoticiaz.com.br\\\/ribeiraopreto-regiao\\\/sp\\\/2022\\\/03\\\/09\\\/tentativa-de-furto-em-cras-ii-no-bairro-de-clementina\"]}]},{\"@type\":\"ImageObject\",\"inLanguage\":\"pt-BR\",\"@id\":\"https:\\\/\\\/redenoticiaz.com.br\\\/ribeiraopreto-regiao\\\/sp\\\/2022\\\/03\\\/09\\\/tentativa-de-furto-em-cras-ii-no-bairro-de-clementina#primaryimage\",\"url\":\"https:\\\/\\\/redenoticiaz.com.br\\\/ribeiraopreto-regiao\\\/wp-content\\\/uploads\\\/sites\\\/4\\\/2022\\\/03\\\/captura-de-tela-13.png\",\"contentUrl\":\"https:\\\/\\\/redenoticiaz.com.br\\\/ribeiraopreto-regiao\\\/wp-content\\\/uploads\\\/sites\\\/4\\\/2022\\\/03\\\/captura-de-tela-13.png\",\"width\":518,\"height\":209,\"caption\":\"Ap\u00f3s den\u00fancia, Pol\u00edcia Militar impede furto em CRAS do bairro Clementina.\"},{\"@type\":\"WebSite\",\"@id\":\"https:\\\/\\\/redenoticiaz.com.br\\\/ribeiraopreto-regiao\\\/#website\",\"url\":\"https:\\\/\\\/redenoticiaz.com.br\\\/ribeiraopreto-regiao\\\/\",\"name\":\"Ribeir\u00e3o Preto e Regi\u00e3o\",\"description\":\"Rede NoticiaZ - Ribeir\u00e3o Preto e regi\u00e3o\",\"publisher\":{\"@id\":\"https:\\\/\\\/redenoticiaz.com.br\\\/ribeiraopreto-regiao\\\/#organization\"},\"potentialAction\":[{\"@type\":\"SearchAction\",\"target\":{\"@type\":\"EntryPoint\",\"urlTemplate\":\"https:\\\/\\\/redenoticiaz.com.br\\\/ribeiraopreto-regiao\\\/?s={search_term_string}\"},\"query-input\":{\"@type\":\"PropertyValueSpecification\",\"valueRequired\":true,\"valueName\":\"search_term_string\"}}],\"inLanguage\":\"pt-BR\"},{\"@type\":\"Organization\",\"@id\":\"https:\\\/\\\/redenoticiaz.com.br\\\/ribeiraopreto-regiao\\\/#organization\",\"name\":\"Ribeir\u00e3o Preto e Regi\u00e3o\",\"url\":\"https:\\\/\\\/redenoticiaz.com.br\\\/ribeiraopreto-regiao\\\/\",\"logo\":{\"@type\":\"ImageObject\",\"inLanguage\":\"pt-BR\",\"@id\":\"https:\\\/\\\/redenoticiaz.com.br\\\/ribeiraopreto-regiao\\\/#\\\/schema\\\/logo\\\/image\\\/\",\"url\":\"https:\\\/\\\/redenoticiaz.com.br\\\/barretos-regiao\\\/wp-content\\\/uploads\\\/sites\\\/4\\\/2022\\\/02\\\/logo.jpg\",\"contentUrl\":\"https:\\\/\\\/redenoticiaz.com.br\\\/barretos-regiao\\\/wp-content\\\/uploads\\\/sites\\\/4\\\/2022\\\/02\\\/logo.jpg\",\"width\":400,\"height\":250,\"caption\":\"Ribeir\u00e3o Preto e Regi\u00e3o\"},\"image\":{\"@id\":\"https:\\\/\\\/redenoticiaz.com.br\\\/ribeiraopreto-regiao\\\/#\\\/schema\\\/logo\\\/image\\\/\"},\"sameAs\":[\"https:\\\/\\\/m.facebook.com\\\/redenoticiaz.barretos\",\"https:\\\/\\\/x.com\\\/RN_barretos\",\"https:\\\/\\\/www.instagram.com\\\/redenoticiaz.barretos\\\/?igshid=YmMyMTA2M2Y\",\"https:\\\/\\\/www.linkedin.com\\\/company\\\/rede-noticiaz-barretos-e-regio\\\/\"]},{\"@type\":\"Person\",\"@id\":\"\",\"url\":\"https:\\\/\\\/redenoticiaz.com.br\\\/ribeiraopreto-regiao\\\/sp\\\/author\"}]}<\/script>\n<!-- \/ Yoast SEO plugin. -->","yoast_head_json":{"title":"Tentativa de furto em CRAS II no Bairro de Clementina - Ribeir\u00e3o Preto e Regi\u00e3o","description":"Policiais Militares durante uma patrulha, foram acionados por mun\u00edcipes que alertaram para um poss\u00edvel furto no CRAS II, localizado na Rua 04, bairro Clementina.","robots":{"index":"index","follow":"follow","max-snippet":"max-snippet:-1","max-image-preview":"max-image-preview:large","max-video-preview":"max-video-preview:-1"},"canonical":"https:\/\/redenoticiaz.com.br\/ribeiraopreto-regiao\/sp\/2022\/03\/09\/tentativa-de-furto-em-cras-ii-no-bairro-de-clementina","og_locale":"pt_BR","og_type":"article","og_title":"Tentativa de furto em CRAS II no Bairro de Clementina - Ribeir\u00e3o Preto e Regi\u00e3o","og_description":"Policiais Militares durante uma patrulha, foram acionados por mun\u00edcipes que alertaram para um poss\u00edvel furto no CRAS II, localizado na Rua 04, bairro Clementina.","og_url":"https:\/\/redenoticiaz.com.br\/ribeiraopreto-regiao\/sp\/2022\/03\/09\/tentativa-de-furto-em-cras-ii-no-bairro-de-clementina","og_site_name":"Ribeir\u00e3o Preto e Regi\u00e3o","article_publisher":"https:\/\/m.facebook.com\/redenoticiaz.barretos","article_published_time":"2022-03-09T19:10:08+00:00","og_image":[{"width":518,"height":209,"url":"https:\/\/redenoticiaz.com.br\/ribeiraopreto-regiao\/wp-content\/uploads\/sites\/4\/2022\/03\/captura-de-tela-13.png","type":"image\/png"}],"twitter_card":"summary_large_image","twitter_creator":"@RN_barretos","twitter_site":"@RN_barretos","twitter_misc":{"Escrito por":"","Est. tempo de leitura":"1 minuto"},"schema":{"@context":"https:\/\/schema.org","@graph":[{"@type":"Article","@id":"https:\/\/redenoticiaz.com.br\/ribeiraopreto-regiao\/sp\/2022\/03\/09\/tentativa-de-furto-em-cras-ii-no-bairro-de-clementina#article","isPartOf":{"@id":"https:\/\/redenoticiaz.com.br\/ribeiraopreto-regiao\/sp\/2022\/03\/09\/tentativa-de-furto-em-cras-ii-no-bairro-de-clementina"},"author":{"name":"","@id":""},"headline":"Tentativa de furto em CRAS II no Bairro de Clementina","datePublished":"2022-03-09T19:10:08+00:00","mainEntityOfPage":{"@id":"https:\/\/redenoticiaz.com.br\/ribeiraopreto-regiao\/sp\/2022\/03\/09\/tentativa-de-furto-em-cras-ii-no-bairro-de-clementina"},"wordCount":184,"commentCount":0,"publisher":{"@id":"https:\/\/redenoticiaz.com.br\/ribeiraopreto-regiao\/#organization"},"image":{"@id":"https:\/\/redenoticiaz.com.br\/ribeiraopreto-regiao\/sp\/2022\/03\/09\/tentativa-de-furto-em-cras-ii-no-bairro-de-clementina#primaryimage"},"thumbnailUrl":"https:\/\/redenoticiaz.com.br\/ribeiraopreto-regiao\/wp-content\/uploads\/sites\/4\/2022\/03\/captura-de-tela-13.png","keywords":["CLEMENTINA","CRASII","furto","policia militar"],"articleSection":["Cidades"],"inLanguage":"pt-BR","potentialAction":[{"@type":"CommentAction","name":"Comment","target":["https:\/\/redenoticiaz.com.br\/ribeiraopreto-regiao\/sp\/2022\/03\/09\/tentativa-de-furto-em-cras-ii-no-bairro-de-clementina#respond"]}]},{"@type":"WebPage","@id":"https:\/\/redenoticiaz.com.br\/ribeiraopreto-regiao\/sp\/2022\/03\/09\/tentativa-de-furto-em-cras-ii-no-bairro-de-clementina","url":"https:\/\/redenoticiaz.com.br\/ribeiraopreto-regiao\/sp\/2022\/03\/09\/tentativa-de-furto-em-cras-ii-no-bairro-de-clementina","name":"Tentativa de furto em CRAS II no Bairro de Clementina - Ribeir\u00e3o Preto e Regi\u00e3o","isPartOf":{"@id":"https:\/\/redenoticiaz.com.br\/ribeiraopreto-regiao\/#website"},"primaryImageOfPage":{"@id":"https:\/\/redenoticiaz.com.br\/ribeiraopreto-regiao\/sp\/2022\/03\/09\/tentativa-de-furto-em-cras-ii-no-bairro-de-clementina#primaryimage"},"image":{"@id":"https:\/\/redenoticiaz.com.br\/ribeiraopreto-regiao\/sp\/2022\/03\/09\/tentativa-de-furto-em-cras-ii-no-bairro-de-clementina#primaryimage"},"thumbnailUrl":"https:\/\/redenoticiaz.com.br\/ribeiraopreto-regiao\/wp-content\/uploads\/sites\/4\/2022\/03\/captura-de-tela-13.png","datePublished":"2022-03-09T19:10:08+00:00","description":"Policiais Militares durante uma patrulha, foram acionados por mun\u00edcipes que alertaram para um poss\u00edvel furto no CRAS II, localizado na Rua 04, bairro Clementina.","inLanguage":"pt-BR","potentialAction":[{"@type":"ReadAction","target":["https:\/\/redenoticiaz.com.br\/ribeiraopreto-regiao\/sp\/2022\/03\/09\/tentativa-de-furto-em-cras-ii-no-bairro-de-clementina"]}]},{"@type":"ImageObject","inLanguage":"pt-BR","@id":"https:\/\/redenoticiaz.com.br\/ribeiraopreto-regiao\/sp\/2022\/03\/09\/tentativa-de-furto-em-cras-ii-no-bairro-de-clementina#primaryimage","url":"https:\/\/redenoticiaz.com.br\/ribeiraopreto-regiao\/wp-content\/uploads\/sites\/4\/2022\/03\/captura-de-tela-13.png","contentUrl":"https:\/\/redenoticiaz.com.br\/ribeiraopreto-regiao\/wp-content\/uploads\/sites\/4\/2022\/03\/captura-de-tela-13.png","width":518,"height":209,"caption":"Ap\u00f3s den\u00fancia, Pol\u00edcia Militar impede furto em CRAS do bairro Clementina."},{"@type":"WebSite","@id":"https:\/\/redenoticiaz.com.br\/ribeiraopreto-regiao\/#website","url":"https:\/\/redenoticiaz.com.br\/ribeiraopreto-regiao\/","name":"Ribeir\u00e3o Preto e Regi\u00e3o","description":"Rede NoticiaZ - Ribeir\u00e3o Preto e regi\u00e3o","publisher":{"@id":"https:\/\/redenoticiaz.com.br\/ribeiraopreto-regiao\/#organization"},"potentialAction":[{"@type":"SearchAction","target":{"@type":"EntryPoint","urlTemplate":"https:\/\/redenoticiaz.com.br\/ribeiraopreto-regiao\/?s={search_term_string}"},"query-input":{"@type":"PropertyValueSpecification","valueRequired":true,"valueName":"search_term_string"}}],"inLanguage":"pt-BR"},{"@type":"Organization","@id":"https:\/\/redenoticiaz.com.br\/ribeiraopreto-regiao\/#organization","name":"Ribeir\u00e3o Preto e Regi\u00e3o","url":"https:\/\/redenoticiaz.com.br\/ribeiraopreto-regiao\/","logo":{"@type":"ImageObject","inLanguage":"pt-BR","@id":"https:\/\/redenoticiaz.com.br\/ribeiraopreto-regiao\/#\/schema\/logo\/image\/","url":"https:\/\/redenoticiaz.com.br\/barretos-regiao\/wp-content\/uploads\/sites\/4\/2022\/02\/logo.jpg","contentUrl":"https:\/\/redenoticiaz.com.br\/barretos-regiao\/wp-content\/uploads\/sites\/4\/2022\/02\/logo.jpg","width":400,"height":250,"caption":"Ribeir\u00e3o Preto e Regi\u00e3o"},"image":{"@id":"https:\/\/redenoticiaz.com.br\/ribeiraopreto-regiao\/#\/schema\/logo\/image\/"},"sameAs":["https:\/\/m.facebook.com\/redenoticiaz.barretos","https:\/\/x.com\/RN_barretos","https:\/\/www.instagram.com\/redenoticiaz.barretos\/?igshid=YmMyMTA2M2Y","https:\/\/www.linkedin.com\/company\/rede-noticiaz-barretos-e-regio\/"]},{"@type":"Person","@id":"","url":"https:\/\/redenoticiaz.com.br\/ribeiraopreto-regiao\/sp\/author"}]}},"_links":{"self":[{"href":"https:\/\/redenoticiaz.com.br\/ribeiraopreto-regiao\/wp-json\/wp\/v2\/posts\/631","targetHints":{"allow":["GET"]}}],"collection":[{"href":"https:\/\/redenoticiaz.com.br\/ribeiraopreto-regiao\/wp-json\/wp\/v2\/posts"}],"about":[{"href":"https:\/\/redenoticiaz.com.br\/ribeiraopreto-regiao\/wp-json\/wp\/v2\/types\/post"}],"author":[{"embeddable":true,"href":"https:\/\/redenoticiaz.com.br\/ribeiraopreto-regiao\/wp-json\/wp\/v2\/users\/15"}],"replies":[{"embeddable":true,"href":"https:\/\/redenoticiaz.com.br\/ribeiraopreto-regiao\/wp-json\/wp\/v2\/comments?post=631"}],"version-history":[{"count":1,"href":"https:\/\/redenoticiaz.com.br\/ribeiraopreto-regiao\/wp-json\/wp\/v2\/posts\/631\/revisions"}],"predecessor-version":[{"id":632,"href":"https:\/\/redenoticiaz.com.br\/ribeiraopreto-regiao\/wp-json\/wp\/v2\/posts\/631\/revisions\/632"}],"wp:featuredmedia":[{"embeddable":true,"href":"https:\/\/redenoticiaz.com.br\/ribeiraopreto-regiao\/wp-json\/wp\/v2\/media\/342"}],"wp:attachment":[{"href":"https:\/\/redenoticiaz.com.br\/ribeiraopreto-regiao\/wp-json\/wp\/v2\/media?parent=631"}],"wp:term":[{"taxonomy":"category","embeddable":true,"href":"https:\/\/redenoticiaz.com.br\/ribeiraopreto-regiao\/wp-json\/wp\/v2\/categories?post=631"},{"taxonomy":"post_tag","embeddable":true,"href":"https:\/\/redenoticiaz.com.br\/ribeiraopreto-regiao\/wp-json\/wp\/v2\/tags?post=631"}],"curies":[{"name":"wp","href":"https:\/\/api.w.org\/{rel}","templated":true}]}}