{"id":825,"date":"2022-03-14T15:58:53","date_gmt":"2022-03-14T18:58:53","guid":{"rendered":"https:\/\/redenoticiaz.com.br\/barretos-regiao\/?p=825"},"modified":"2022-03-14T16:00:46","modified_gmt":"2022-03-14T19:00:46","slug":"black-cachorro-que-foi-agredido-passa-por-nova-etapa-de-recuperacao","status":"publish","type":"post","link":"https:\/\/redenoticiaz.com.br\/ribeiraopreto-regiao\/sp\/2022\/03\/14\/black-cachorro-que-foi-agredido-passa-por-nova-etapa-de-recuperacao","title":{"rendered":"Black: cachorro agredido passa por nova etapa de recupera\u00e7\u00e3o"},"content":{"rendered":"<div dir=\"auto\">Cachorro agredido pelos donos h\u00e1 pouco menos de tr\u00eas semanas, deixou a cl\u00ednica onde passou por cirurgia e primeira etapa de recupera\u00e7\u00e3o. Contudo, levado para um local reservado, que a Prefeitura n\u00e3o divulga para garantir a seguran\u00e7a do animal e uma recupera\u00e7\u00e3o mais r\u00e1pida.<\/div>\n<div dir=\"auto\"><\/div>\n<div dir=\"auto\">Black, sofria agress\u00e3o ao ponto de ocorrer um traumatismo craniano, hist\u00f3rico de confus\u00f5es. Nesse sentido, foi tratado como trauma cr\u00e2nio encef\u00e1lico, o tratamento, por\u00e9m bem realizado. O animal vem evoluindo no tratamento a cada dia.<\/div>\n<div dir=\"auto\"><\/div>\n<div dir=\"auto\">A veterin\u00e1ria Marina Vicente Trist\u00e3o, chefe do setor de Zoonoses e Bem Estar Animal, explicou que o Black est\u00e1 se acostumando gradualmente com o tratamento sendo preciso evitar estresse, que poderia ser provocado pela presen\u00e7a de curiosos. <em>\u201cAssim, essa nova etapa dos cuidados ser\u00e1 mais eficiente\u201d,<\/em> disse a veterin\u00e1ria.<\/div>\n<div dir=\"auto\">DESTINO DO BLACK.<\/div>\n<div dir=\"auto\"><\/div>\n<div dir=\"auto\">A veterin\u00e1ria Marina Trist\u00e3o, chefe do setor de Zoonoses e Bem Estar Animal da Prefeitura, foi a encarregada de resgatar o c\u00e3o no dia da agress\u00e3o. Ela encontrou o Black muito bravo e precisou aplicar anestesia para peg\u00e1-lo com a ajuda dos guardas municipais.<em> \u201cHoje os cuidados que tomamos no sentido de n\u00e3o haver visitas \u00e9 porque ele n\u00e3o pode fazer o esfor\u00e7o de latir porque se recupera da mand\u00edbula fraturada. H\u00e1 o risco de ele estranhar as pessoas e se irritar\u201d<\/em>, explicou.<\/div>\n<div dir=\"auto\"><\/div>\n<div dir=\"auto\">A tutela judicial prossegue enquanto v\u00e1rias pessoas se apresentam para adotar o Black, mas, isso s\u00f3 ser\u00e1 decidido depois que o Juiz der a senten\u00e7a sobre a agress\u00e3o. Enquanto isso, o cachorro continua sob a responsabilidade da Prefeitura de Gua\u00edra.<\/div>\n<div dir=\"auto\"><\/div>\n<div dir=\"auto\">LEIA TAMB\u00c9M:\u00a0<a href=\"https:\/\/redenoticiaz.com.br\/barretos-regiao\/sp\/2022\/02\/20\/como-adotar-um-animal-conheca-as-regras\">Como adotar um animal, conhe\u00e7a as regras<\/a><\/div>\n","protected":false},"excerpt":{"rendered":"<p>Cachorro agredido pelos donos h\u00e1 pouco menos de tr\u00eas semanas, deixou a cl\u00ednica onde passou por cirurgia e primeira etapa de recupera\u00e7\u00e3o. Contudo, levado para um local reservado, que a Prefeitura n\u00e3o divulga para garantir a seguran\u00e7a do animal e uma recupera\u00e7\u00e3o mais r\u00e1pida. Black, sofria agress\u00e3o ao ponto de ocorrer um traumatismo craniano, hist\u00f3rico &hellip;<\/p>\n","protected":false},"author":15,"featured_media":826,"comment_status":"open","ping_status":"closed","sticky":false,"template":"","format":"standard","meta":{"footnotes":""},"categories":[1],"tags":[1029,3204,3203,3205],"class_list":["post-825","post","type-post","status-publish","format-standard","has-post-thumbnail","hentry","category-cidades","tag-agressao","tag-black","tag-cachorro","tag-prefeitura-de-guaira"],"yoast_head":"<!-- This site is optimized with the Yoast SEO plugin v27.5 - https:\/\/yoast.com\/product\/yoast-seo-wordpress\/ -->\n<title>Black: cachorro agredido passa por nova etapa de recupera\u00e7\u00e3o - Ribeir\u00e3o Preto e Regi\u00e3o<\/title>\n<meta name=\"description\" content=\"Cachorro agredido pelos donos h\u00e1 pouco menos de tr\u00eas semanas, deixou a cl\u00ednica onde passou por cirurgia e primeira etapa de recupera\u00e7\u00e3o.\" \/>\n<meta name=\"robots\" content=\"index, follow, max-snippet:-1, max-image-preview:large, max-video-preview:-1\" \/>\n<link rel=\"canonical\" href=\"https:\/\/redenoticiaz.com.br\/ribeiraopreto-regiao\/sp\/2022\/03\/14\/black-cachorro-que-foi-agredido-passa-por-nova-etapa-de-recuperacao\" \/>\n<meta property=\"og:locale\" content=\"pt_BR\" \/>\n<meta property=\"og:type\" content=\"article\" \/>\n<meta property=\"og:title\" content=\"Black: cachorro agredido passa por nova etapa de recupera\u00e7\u00e3o - Ribeir\u00e3o Preto e Regi\u00e3o\" \/>\n<meta property=\"og:description\" content=\"Cachorro agredido pelos donos h\u00e1 pouco menos de tr\u00eas semanas, deixou a cl\u00ednica onde passou por cirurgia e primeira etapa de recupera\u00e7\u00e3o.\" \/>\n<meta property=\"og:url\" content=\"https:\/\/redenoticiaz.com.br\/ribeiraopreto-regiao\/sp\/2022\/03\/14\/black-cachorro-que-foi-agredido-passa-por-nova-etapa-de-recuperacao\" \/>\n<meta property=\"og:site_name\" content=\"Ribeir\u00e3o Preto e Regi\u00e3o\" \/>\n<meta property=\"article:publisher\" content=\"https:\/\/m.facebook.com\/redenoticiaz.barretos\" \/>\n<meta property=\"article:published_time\" content=\"2022-03-14T18:58:53+00:00\" \/>\n<meta property=\"article:modified_time\" content=\"2022-03-14T19:00:46+00:00\" \/>\n<meta property=\"og:image\" content=\"https:\/\/redenoticiaz.com.br\/ribeiraopreto-regiao\/wp-content\/uploads\/sites\/4\/2022\/03\/275057261_1704162076581537_243438211091623425_n.jpg\" \/>\n\t<meta property=\"og:image:width\" content=\"666\" \/>\n\t<meta property=\"og:image:height\" content=\"419\" \/>\n\t<meta property=\"og:image:type\" content=\"image\/jpeg\" \/>\n<meta name=\"twitter:card\" content=\"summary_large_image\" \/>\n<meta name=\"twitter:creator\" content=\"@RN_barretos\" \/>\n<meta name=\"twitter:site\" content=\"@RN_barretos\" \/>\n<meta name=\"twitter:label1\" content=\"Escrito por\" \/>\n\t<meta name=\"twitter:data1\" content=\"\" \/>\n\t<meta name=\"twitter:label2\" content=\"Est. tempo de leitura\" \/>\n\t<meta name=\"twitter:data2\" content=\"1 minuto\" \/>\n<script type=\"application\/ld+json\" class=\"yoast-schema-graph\">{\"@context\":\"https:\\\/\\\/schema.org\",\"@graph\":[{\"@type\":\"Article\",\"@id\":\"https:\\\/\\\/redenoticiaz.com.br\\\/ribeiraopreto-regiao\\\/sp\\\/2022\\\/03\\\/14\\\/black-cachorro-que-foi-agredido-passa-por-nova-etapa-de-recuperacao#article\",\"isPartOf\":{\"@id\":\"https:\\\/\\\/redenoticiaz.com.br\\\/ribeiraopreto-regiao\\\/sp\\\/2022\\\/03\\\/14\\\/black-cachorro-que-foi-agredido-passa-por-nova-etapa-de-recuperacao\"},\"author\":{\"name\":\"\",\"@id\":\"\"},\"headline\":\"Black: cachorro agredido passa por nova etapa de recupera\u00e7\u00e3o\",\"datePublished\":\"2022-03-14T18:58:53+00:00\",\"dateModified\":\"2022-03-14T19:00:46+00:00\",\"mainEntityOfPage\":{\"@id\":\"https:\\\/\\\/redenoticiaz.com.br\\\/ribeiraopreto-regiao\\\/sp\\\/2022\\\/03\\\/14\\\/black-cachorro-que-foi-agredido-passa-por-nova-etapa-de-recuperacao\"},\"wordCount\":304,\"commentCount\":0,\"publisher\":{\"@id\":\"https:\\\/\\\/redenoticiaz.com.br\\\/ribeiraopreto-regiao\\\/#organization\"},\"image\":{\"@id\":\"https:\\\/\\\/redenoticiaz.com.br\\\/ribeiraopreto-regiao\\\/sp\\\/2022\\\/03\\\/14\\\/black-cachorro-que-foi-agredido-passa-por-nova-etapa-de-recuperacao#primaryimage\"},\"thumbnailUrl\":\"https:\\\/\\\/redenoticiaz.com.br\\\/ribeiraopreto-regiao\\\/wp-content\\\/uploads\\\/sites\\\/4\\\/2022\\\/03\\\/275057261_1704162076581537_243438211091623425_n.jpg\",\"keywords\":[\"AGRESS\u00c3O\",\"BLACK\",\"CACHORRO\",\"PREFEITURA DE GUA\u00cdRA\"],\"articleSection\":[\"Cidades\"],\"inLanguage\":\"pt-BR\",\"potentialAction\":[{\"@type\":\"CommentAction\",\"name\":\"Comment\",\"target\":[\"https:\\\/\\\/redenoticiaz.com.br\\\/ribeiraopreto-regiao\\\/sp\\\/2022\\\/03\\\/14\\\/black-cachorro-que-foi-agredido-passa-por-nova-etapa-de-recuperacao#respond\"]}]},{\"@type\":\"WebPage\",\"@id\":\"https:\\\/\\\/redenoticiaz.com.br\\\/ribeiraopreto-regiao\\\/sp\\\/2022\\\/03\\\/14\\\/black-cachorro-que-foi-agredido-passa-por-nova-etapa-de-recuperacao\",\"url\":\"https:\\\/\\\/redenoticiaz.com.br\\\/ribeiraopreto-regiao\\\/sp\\\/2022\\\/03\\\/14\\\/black-cachorro-que-foi-agredido-passa-por-nova-etapa-de-recuperacao\",\"name\":\"Black: cachorro agredido passa por nova etapa de recupera\u00e7\u00e3o - Ribeir\u00e3o Preto e Regi\u00e3o\",\"isPartOf\":{\"@id\":\"https:\\\/\\\/redenoticiaz.com.br\\\/ribeiraopreto-regiao\\\/#website\"},\"primaryImageOfPage\":{\"@id\":\"https:\\\/\\\/redenoticiaz.com.br\\\/ribeiraopreto-regiao\\\/sp\\\/2022\\\/03\\\/14\\\/black-cachorro-que-foi-agredido-passa-por-nova-etapa-de-recuperacao#primaryimage\"},\"image\":{\"@id\":\"https:\\\/\\\/redenoticiaz.com.br\\\/ribeiraopreto-regiao\\\/sp\\\/2022\\\/03\\\/14\\\/black-cachorro-que-foi-agredido-passa-por-nova-etapa-de-recuperacao#primaryimage\"},\"thumbnailUrl\":\"https:\\\/\\\/redenoticiaz.com.br\\\/ribeiraopreto-regiao\\\/wp-content\\\/uploads\\\/sites\\\/4\\\/2022\\\/03\\\/275057261_1704162076581537_243438211091623425_n.jpg\",\"datePublished\":\"2022-03-14T18:58:53+00:00\",\"dateModified\":\"2022-03-14T19:00:46+00:00\",\"description\":\"Cachorro agredido pelos donos h\u00e1 pouco menos de tr\u00eas semanas, deixou a cl\u00ednica onde passou por cirurgia e primeira etapa de recupera\u00e7\u00e3o.\",\"inLanguage\":\"pt-BR\",\"potentialAction\":[{\"@type\":\"ReadAction\",\"target\":[\"https:\\\/\\\/redenoticiaz.com.br\\\/ribeiraopreto-regiao\\\/sp\\\/2022\\\/03\\\/14\\\/black-cachorro-que-foi-agredido-passa-por-nova-etapa-de-recuperacao\"]}]},{\"@type\":\"ImageObject\",\"inLanguage\":\"pt-BR\",\"@id\":\"https:\\\/\\\/redenoticiaz.com.br\\\/ribeiraopreto-regiao\\\/sp\\\/2022\\\/03\\\/14\\\/black-cachorro-que-foi-agredido-passa-por-nova-etapa-de-recuperacao#primaryimage\",\"url\":\"https:\\\/\\\/redenoticiaz.com.br\\\/ribeiraopreto-regiao\\\/wp-content\\\/uploads\\\/sites\\\/4\\\/2022\\\/03\\\/275057261_1704162076581537_243438211091623425_n.jpg\",\"contentUrl\":\"https:\\\/\\\/redenoticiaz.com.br\\\/ribeiraopreto-regiao\\\/wp-content\\\/uploads\\\/sites\\\/4\\\/2022\\\/03\\\/275057261_1704162076581537_243438211091623425_n.jpg\",\"width\":666,\"height\":419,\"caption\":\"Cachorro agredido, passa pela segunda fase do tratamento.\"},{\"@type\":\"WebSite\",\"@id\":\"https:\\\/\\\/redenoticiaz.com.br\\\/ribeiraopreto-regiao\\\/#website\",\"url\":\"https:\\\/\\\/redenoticiaz.com.br\\\/ribeiraopreto-regiao\\\/\",\"name\":\"Ribeir\u00e3o Preto e Regi\u00e3o\",\"description\":\"Rede NoticiaZ - Ribeir\u00e3o Preto e regi\u00e3o\",\"publisher\":{\"@id\":\"https:\\\/\\\/redenoticiaz.com.br\\\/ribeiraopreto-regiao\\\/#organization\"},\"potentialAction\":[{\"@type\":\"SearchAction\",\"target\":{\"@type\":\"EntryPoint\",\"urlTemplate\":\"https:\\\/\\\/redenoticiaz.com.br\\\/ribeiraopreto-regiao\\\/?s={search_term_string}\"},\"query-input\":{\"@type\":\"PropertyValueSpecification\",\"valueRequired\":true,\"valueName\":\"search_term_string\"}}],\"inLanguage\":\"pt-BR\"},{\"@type\":\"Organization\",\"@id\":\"https:\\\/\\\/redenoticiaz.com.br\\\/ribeiraopreto-regiao\\\/#organization\",\"name\":\"Ribeir\u00e3o Preto e Regi\u00e3o\",\"url\":\"https:\\\/\\\/redenoticiaz.com.br\\\/ribeiraopreto-regiao\\\/\",\"logo\":{\"@type\":\"ImageObject\",\"inLanguage\":\"pt-BR\",\"@id\":\"https:\\\/\\\/redenoticiaz.com.br\\\/ribeiraopreto-regiao\\\/#\\\/schema\\\/logo\\\/image\\\/\",\"url\":\"https:\\\/\\\/redenoticiaz.com.br\\\/barretos-regiao\\\/wp-content\\\/uploads\\\/sites\\\/4\\\/2022\\\/02\\\/logo.jpg\",\"contentUrl\":\"https:\\\/\\\/redenoticiaz.com.br\\\/barretos-regiao\\\/wp-content\\\/uploads\\\/sites\\\/4\\\/2022\\\/02\\\/logo.jpg\",\"width\":400,\"height\":250,\"caption\":\"Ribeir\u00e3o Preto e Regi\u00e3o\"},\"image\":{\"@id\":\"https:\\\/\\\/redenoticiaz.com.br\\\/ribeiraopreto-regiao\\\/#\\\/schema\\\/logo\\\/image\\\/\"},\"sameAs\":[\"https:\\\/\\\/m.facebook.com\\\/redenoticiaz.barretos\",\"https:\\\/\\\/x.com\\\/RN_barretos\",\"https:\\\/\\\/www.instagram.com\\\/redenoticiaz.barretos\\\/?igshid=YmMyMTA2M2Y\",\"https:\\\/\\\/www.linkedin.com\\\/company\\\/rede-noticiaz-barretos-e-regio\\\/\"]},{\"@type\":\"Person\",\"@id\":\"\",\"url\":\"https:\\\/\\\/redenoticiaz.com.br\\\/ribeiraopreto-regiao\\\/sp\\\/author\"}]}<\/script>\n<!-- \/ Yoast SEO plugin. -->","yoast_head_json":{"title":"Black: cachorro agredido passa por nova etapa de recupera\u00e7\u00e3o - Ribeir\u00e3o Preto e Regi\u00e3o","description":"Cachorro agredido pelos donos h\u00e1 pouco menos de tr\u00eas semanas, deixou a cl\u00ednica onde passou por cirurgia e primeira etapa de recupera\u00e7\u00e3o.","robots":{"index":"index","follow":"follow","max-snippet":"max-snippet:-1","max-image-preview":"max-image-preview:large","max-video-preview":"max-video-preview:-1"},"canonical":"https:\/\/redenoticiaz.com.br\/ribeiraopreto-regiao\/sp\/2022\/03\/14\/black-cachorro-que-foi-agredido-passa-por-nova-etapa-de-recuperacao","og_locale":"pt_BR","og_type":"article","og_title":"Black: cachorro agredido passa por nova etapa de recupera\u00e7\u00e3o - Ribeir\u00e3o Preto e Regi\u00e3o","og_description":"Cachorro agredido pelos donos h\u00e1 pouco menos de tr\u00eas semanas, deixou a cl\u00ednica onde passou por cirurgia e primeira etapa de recupera\u00e7\u00e3o.","og_url":"https:\/\/redenoticiaz.com.br\/ribeiraopreto-regiao\/sp\/2022\/03\/14\/black-cachorro-que-foi-agredido-passa-por-nova-etapa-de-recuperacao","og_site_name":"Ribeir\u00e3o Preto e Regi\u00e3o","article_publisher":"https:\/\/m.facebook.com\/redenoticiaz.barretos","article_published_time":"2022-03-14T18:58:53+00:00","article_modified_time":"2022-03-14T19:00:46+00:00","og_image":[{"width":666,"height":419,"url":"https:\/\/redenoticiaz.com.br\/ribeiraopreto-regiao\/wp-content\/uploads\/sites\/4\/2022\/03\/275057261_1704162076581537_243438211091623425_n.jpg","type":"image\/jpeg"}],"twitter_card":"summary_large_image","twitter_creator":"@RN_barretos","twitter_site":"@RN_barretos","twitter_misc":{"Escrito por":"","Est. tempo de leitura":"1 minuto"},"schema":{"@context":"https:\/\/schema.org","@graph":[{"@type":"Article","@id":"https:\/\/redenoticiaz.com.br\/ribeiraopreto-regiao\/sp\/2022\/03\/14\/black-cachorro-que-foi-agredido-passa-por-nova-etapa-de-recuperacao#article","isPartOf":{"@id":"https:\/\/redenoticiaz.com.br\/ribeiraopreto-regiao\/sp\/2022\/03\/14\/black-cachorro-que-foi-agredido-passa-por-nova-etapa-de-recuperacao"},"author":{"name":"","@id":""},"headline":"Black: cachorro agredido passa por nova etapa de recupera\u00e7\u00e3o","datePublished":"2022-03-14T18:58:53+00:00","dateModified":"2022-03-14T19:00:46+00:00","mainEntityOfPage":{"@id":"https:\/\/redenoticiaz.com.br\/ribeiraopreto-regiao\/sp\/2022\/03\/14\/black-cachorro-que-foi-agredido-passa-por-nova-etapa-de-recuperacao"},"wordCount":304,"commentCount":0,"publisher":{"@id":"https:\/\/redenoticiaz.com.br\/ribeiraopreto-regiao\/#organization"},"image":{"@id":"https:\/\/redenoticiaz.com.br\/ribeiraopreto-regiao\/sp\/2022\/03\/14\/black-cachorro-que-foi-agredido-passa-por-nova-etapa-de-recuperacao#primaryimage"},"thumbnailUrl":"https:\/\/redenoticiaz.com.br\/ribeiraopreto-regiao\/wp-content\/uploads\/sites\/4\/2022\/03\/275057261_1704162076581537_243438211091623425_n.jpg","keywords":["AGRESS\u00c3O","BLACK","CACHORRO","PREFEITURA DE GUA\u00cdRA"],"articleSection":["Cidades"],"inLanguage":"pt-BR","potentialAction":[{"@type":"CommentAction","name":"Comment","target":["https:\/\/redenoticiaz.com.br\/ribeiraopreto-regiao\/sp\/2022\/03\/14\/black-cachorro-que-foi-agredido-passa-por-nova-etapa-de-recuperacao#respond"]}]},{"@type":"WebPage","@id":"https:\/\/redenoticiaz.com.br\/ribeiraopreto-regiao\/sp\/2022\/03\/14\/black-cachorro-que-foi-agredido-passa-por-nova-etapa-de-recuperacao","url":"https:\/\/redenoticiaz.com.br\/ribeiraopreto-regiao\/sp\/2022\/03\/14\/black-cachorro-que-foi-agredido-passa-por-nova-etapa-de-recuperacao","name":"Black: cachorro agredido passa por nova etapa de recupera\u00e7\u00e3o - Ribeir\u00e3o Preto e Regi\u00e3o","isPartOf":{"@id":"https:\/\/redenoticiaz.com.br\/ribeiraopreto-regiao\/#website"},"primaryImageOfPage":{"@id":"https:\/\/redenoticiaz.com.br\/ribeiraopreto-regiao\/sp\/2022\/03\/14\/black-cachorro-que-foi-agredido-passa-por-nova-etapa-de-recuperacao#primaryimage"},"image":{"@id":"https:\/\/redenoticiaz.com.br\/ribeiraopreto-regiao\/sp\/2022\/03\/14\/black-cachorro-que-foi-agredido-passa-por-nova-etapa-de-recuperacao#primaryimage"},"thumbnailUrl":"https:\/\/redenoticiaz.com.br\/ribeiraopreto-regiao\/wp-content\/uploads\/sites\/4\/2022\/03\/275057261_1704162076581537_243438211091623425_n.jpg","datePublished":"2022-03-14T18:58:53+00:00","dateModified":"2022-03-14T19:00:46+00:00","description":"Cachorro agredido pelos donos h\u00e1 pouco menos de tr\u00eas semanas, deixou a cl\u00ednica onde passou por cirurgia e primeira etapa de recupera\u00e7\u00e3o.","inLanguage":"pt-BR","potentialAction":[{"@type":"ReadAction","target":["https:\/\/redenoticiaz.com.br\/ribeiraopreto-regiao\/sp\/2022\/03\/14\/black-cachorro-que-foi-agredido-passa-por-nova-etapa-de-recuperacao"]}]},{"@type":"ImageObject","inLanguage":"pt-BR","@id":"https:\/\/redenoticiaz.com.br\/ribeiraopreto-regiao\/sp\/2022\/03\/14\/black-cachorro-que-foi-agredido-passa-por-nova-etapa-de-recuperacao#primaryimage","url":"https:\/\/redenoticiaz.com.br\/ribeiraopreto-regiao\/wp-content\/uploads\/sites\/4\/2022\/03\/275057261_1704162076581537_243438211091623425_n.jpg","contentUrl":"https:\/\/redenoticiaz.com.br\/ribeiraopreto-regiao\/wp-content\/uploads\/sites\/4\/2022\/03\/275057261_1704162076581537_243438211091623425_n.jpg","width":666,"height":419,"caption":"Cachorro agredido, passa pela segunda fase do tratamento."},{"@type":"WebSite","@id":"https:\/\/redenoticiaz.com.br\/ribeiraopreto-regiao\/#website","url":"https:\/\/redenoticiaz.com.br\/ribeiraopreto-regiao\/","name":"Ribeir\u00e3o Preto e Regi\u00e3o","description":"Rede NoticiaZ - Ribeir\u00e3o Preto e regi\u00e3o","publisher":{"@id":"https:\/\/redenoticiaz.com.br\/ribeiraopreto-regiao\/#organization"},"potentialAction":[{"@type":"SearchAction","target":{"@type":"EntryPoint","urlTemplate":"https:\/\/redenoticiaz.com.br\/ribeiraopreto-regiao\/?s={search_term_string}"},"query-input":{"@type":"PropertyValueSpecification","valueRequired":true,"valueName":"search_term_string"}}],"inLanguage":"pt-BR"},{"@type":"Organization","@id":"https:\/\/redenoticiaz.com.br\/ribeiraopreto-regiao\/#organization","name":"Ribeir\u00e3o Preto e Regi\u00e3o","url":"https:\/\/redenoticiaz.com.br\/ribeiraopreto-regiao\/","logo":{"@type":"ImageObject","inLanguage":"pt-BR","@id":"https:\/\/redenoticiaz.com.br\/ribeiraopreto-regiao\/#\/schema\/logo\/image\/","url":"https:\/\/redenoticiaz.com.br\/barretos-regiao\/wp-content\/uploads\/sites\/4\/2022\/02\/logo.jpg","contentUrl":"https:\/\/redenoticiaz.com.br\/barretos-regiao\/wp-content\/uploads\/sites\/4\/2022\/02\/logo.jpg","width":400,"height":250,"caption":"Ribeir\u00e3o Preto e Regi\u00e3o"},"image":{"@id":"https:\/\/redenoticiaz.com.br\/ribeiraopreto-regiao\/#\/schema\/logo\/image\/"},"sameAs":["https:\/\/m.facebook.com\/redenoticiaz.barretos","https:\/\/x.com\/RN_barretos","https:\/\/www.instagram.com\/redenoticiaz.barretos\/?igshid=YmMyMTA2M2Y","https:\/\/www.linkedin.com\/company\/rede-noticiaz-barretos-e-regio\/"]},{"@type":"Person","@id":"","url":"https:\/\/redenoticiaz.com.br\/ribeiraopreto-regiao\/sp\/author"}]}},"_links":{"self":[{"href":"https:\/\/redenoticiaz.com.br\/ribeiraopreto-regiao\/wp-json\/wp\/v2\/posts\/825","targetHints":{"allow":["GET"]}}],"collection":[{"href":"https:\/\/redenoticiaz.com.br\/ribeiraopreto-regiao\/wp-json\/wp\/v2\/posts"}],"about":[{"href":"https:\/\/redenoticiaz.com.br\/ribeiraopreto-regiao\/wp-json\/wp\/v2\/types\/post"}],"author":[{"embeddable":true,"href":"https:\/\/redenoticiaz.com.br\/ribeiraopreto-regiao\/wp-json\/wp\/v2\/users\/15"}],"replies":[{"embeddable":true,"href":"https:\/\/redenoticiaz.com.br\/ribeiraopreto-regiao\/wp-json\/wp\/v2\/comments?post=825"}],"version-history":[{"count":3,"href":"https:\/\/redenoticiaz.com.br\/ribeiraopreto-regiao\/wp-json\/wp\/v2\/posts\/825\/revisions"}],"predecessor-version":[{"id":830,"href":"https:\/\/redenoticiaz.com.br\/ribeiraopreto-regiao\/wp-json\/wp\/v2\/posts\/825\/revisions\/830"}],"wp:featuredmedia":[{"embeddable":true,"href":"https:\/\/redenoticiaz.com.br\/ribeiraopreto-regiao\/wp-json\/wp\/v2\/media\/826"}],"wp:attachment":[{"href":"https:\/\/redenoticiaz.com.br\/ribeiraopreto-regiao\/wp-json\/wp\/v2\/media?parent=825"}],"wp:term":[{"taxonomy":"category","embeddable":true,"href":"https:\/\/redenoticiaz.com.br\/ribeiraopreto-regiao\/wp-json\/wp\/v2\/categories?post=825"},{"taxonomy":"post_tag","embeddable":true,"href":"https:\/\/redenoticiaz.com.br\/ribeiraopreto-regiao\/wp-json\/wp\/v2\/tags?post=825"}],"curies":[{"name":"wp","href":"https:\/\/api.w.org\/{rel}","templated":true}]}}