{"id":85372,"date":"2022-05-31T17:29:50","date_gmt":"2022-05-31T20:29:50","guid":{"rendered":"https:\/\/redenoticiaz.com.br\/barretos-regiao\/?p=85372"},"modified":"2022-05-31T17:29:50","modified_gmt":"2022-05-31T20:29:50","slug":"campeonato-de-futebol-amador-estreia-com-tres-jogos-na-primeira-rodada","status":"publish","type":"post","link":"https:\/\/redenoticiaz.com.br\/ribeiraopreto-regiao\/sp\/2022\/05\/31\/campeonato-de-futebol-amador-estreia-com-tres-jogos-na-primeira-rodada","title":{"rendered":"Campeonato de Futebol Amador estreia com tr\u00eas jogos na primeira rodada"},"content":{"rendered":"<p>Depois de\u00a0dois anos\u00a0sem realizar as competi\u00e7\u00f5es, a\u00a0Prefeitura, por meio da\u00a0secretaria de Esporte, Lazer e Juventude, retoma o\u00a0torneio de futebol\u00a0de maior sucesso da cidade, com\u00a015 times\u00a0participando da disputa.<\/p>\n<p>Este ano, o\u00a0Campeonato Amador, que leva o nome do ex-jogador\u00a0\u201cWilson Lopes de Faria\u201d\u00a0o saudoso\u00a0\u201cBicudo\u201d, conta com a participa\u00e7\u00e3o das equipes,\u00a0Santa Terezinha, S\u00f3 a Nata Limitados, Racing, Bagua\u00e7u, Paulista, Monstros, Jamaica, Atl\u00e9tico Vem Comigo, Vila Raia, Orion, G\u00e1latas, Portuguesa, S\u00e3o Jos\u00e9, Atl\u00e9tico Cearense e Atl\u00e9tico da C3.<\/p>\n<p>O time do\u00a0Santa Terezinha\u00a0realizou o primeiro jogo contra a equipe do\u00a0Bagua\u00e7u, empatando em\u00a01&#215;1. No\u00a0segundo jogo, com resultado final\u00a03 x 2, a equipe\u00a0S\u00f3 a Nata Limitados\u00a0venceu o time\u00a0Racing. O\u00a0\u00faltimo jogo\u00a0da primeira fase foi finalizado com o placar de\u00a01&#215;1\u00a0entre as equipes\u00a0Paulista e Atl\u00e9tico Vem Comigo.<\/p>\n<p>No\u00a0pr\u00f3ximo domingo, dia 05 de junho, ocorrer\u00e1 a\u00a0segunda rodada do Campeonato\u00a0com mais tr\u00eas jogos \u00e0s\u00a08h30, 10h15 e 14h45, tamb\u00e9m no\u00a0Est\u00e1dio Tereza Breda.\u00a0Na disputa, se enfrentam os times\u00a0Monstros x Jamaica;\u00a0Vila Raia x Portuguesa;\u00a0Orion x G\u00e1latas.<\/p>\n<p>O\u00a0campeonato de Futebol Amador 2022\u00a0ser\u00e1 realizado at\u00e9 o dia\u00a021 de agosto\u00a0no\u00a0Tereza Breda, com\u00a0entrada gratuita\u00a0para todos os\u00a0amantes do futebol.<\/p>\n<p><strong>VEJA TAMB\u00c9M:\u00a0<a href=\"https:\/\/redenoticiaz.com.br\/barretos-regiao\/sp\/2022\/05\/28\/futebol-das-estrelas-atraiu-milhares-de-torcedores-ao-tereza-breda\">\u201cFutebol das Estrelas\u201d atraiu milhares de torcedores ao Tereza Breda<\/a><\/strong><\/p>\n","protected":false},"excerpt":{"rendered":"<p>Depois de\u00a0dois anos\u00a0sem realizar as competi\u00e7\u00f5es, a\u00a0Prefeitura, por meio da\u00a0secretaria de Esporte, Lazer e Juventude, retoma o\u00a0torneio de futebol\u00a0de maior sucesso da cidade, com\u00a015 times\u00a0participando da disputa. Este ano, o\u00a0Campeonato Amador, que leva o nome do ex-jogador\u00a0\u201cWilson Lopes de Faria\u201d\u00a0o saudoso\u00a0\u201cBicudo\u201d, conta com a participa\u00e7\u00e3o das equipes,\u00a0Santa Terezinha, S\u00f3 a Nata Limitados, Racing, Bagua\u00e7u, Paulista, &hellip;<\/p>\n","protected":false},"author":15,"featured_media":85373,"comment_status":"open","ping_status":"closed","sticky":false,"template":"","format":"standard","meta":{"footnotes":""},"categories":[87],"tags":[17244,13190,387,3663,814,17245],"class_list":["post-85372","post","type-post","status-publish","format-standard","has-post-thumbnail","hentry","category-esporte","tag-amador","tag-campeonato-amador-2022","tag-futebol","tag-jogos","tag-olimpia","tag-rodada"],"yoast_head":"<!-- This site is optimized with the Yoast SEO plugin v27.4 - https:\/\/yoast.com\/product\/yoast-seo-wordpress\/ -->\n<title>Campeonato de Futebol Amador estreia com tr\u00eas jogos na primeira rodada - Ribeir\u00e3o Preto e Regi\u00e3o<\/title>\n<meta name=\"description\" content=\"Por meio da\u00a0secretaria de Esporte, Lazer e Juventude, foi retomada o\u00a0torneio de futebol\u00a0de maior sucesso da cidade, com\u00a015 times\u00a0participando da disputa.\" \/>\n<meta name=\"robots\" content=\"index, follow, max-snippet:-1, max-image-preview:large, max-video-preview:-1\" \/>\n<link rel=\"canonical\" href=\"https:\/\/redenoticiaz.com.br\/ribeiraopreto-regiao\/sp\/2022\/05\/31\/campeonato-de-futebol-amador-estreia-com-tres-jogos-na-primeira-rodada\" \/>\n<meta property=\"og:locale\" content=\"pt_BR\" \/>\n<meta property=\"og:type\" content=\"article\" \/>\n<meta property=\"og:title\" content=\"Campeonato de Futebol Amador estreia com tr\u00eas jogos na primeira rodada - Ribeir\u00e3o Preto e Regi\u00e3o\" \/>\n<meta property=\"og:description\" content=\"Por meio da\u00a0secretaria de Esporte, Lazer e Juventude, foi retomada o\u00a0torneio de futebol\u00a0de maior sucesso da cidade, com\u00a015 times\u00a0participando da disputa.\" \/>\n<meta property=\"og:url\" content=\"https:\/\/redenoticiaz.com.br\/ribeiraopreto-regiao\/sp\/2022\/05\/31\/campeonato-de-futebol-amador-estreia-com-tres-jogos-na-primeira-rodada\" \/>\n<meta property=\"og:site_name\" content=\"Ribeir\u00e3o Preto e Regi\u00e3o\" \/>\n<meta property=\"article:publisher\" content=\"https:\/\/m.facebook.com\/redenoticiaz.barretos\" \/>\n<meta property=\"article:published_time\" content=\"2022-05-31T20:29:50+00:00\" \/>\n<meta property=\"og:image\" content=\"https:\/\/redenoticiaz.com.br\/ribeiraopreto-regiao\/wp-content\/uploads\/sites\/4\/2022\/05\/Estadio-Tereza-Breda-13.jpg\" \/>\n\t<meta property=\"og:image:width\" content=\"860\" \/>\n\t<meta property=\"og:image:height\" content=\"645\" \/>\n\t<meta property=\"og:image:type\" content=\"image\/jpeg\" \/>\n<meta name=\"twitter:card\" content=\"summary_large_image\" \/>\n<meta name=\"twitter:creator\" content=\"@RN_barretos\" \/>\n<meta name=\"twitter:site\" content=\"@RN_barretos\" \/>\n<meta name=\"twitter:label1\" content=\"Escrito por\" \/>\n\t<meta name=\"twitter:data1\" content=\"\" \/>\n\t<meta name=\"twitter:label2\" content=\"Est. tempo de leitura\" \/>\n\t<meta name=\"twitter:data2\" content=\"1 minuto\" \/>\n<script type=\"application\/ld+json\" class=\"yoast-schema-graph\">{\"@context\":\"https:\\\/\\\/schema.org\",\"@graph\":[{\"@type\":\"Article\",\"@id\":\"https:\\\/\\\/redenoticiaz.com.br\\\/ribeiraopreto-regiao\\\/sp\\\/2022\\\/05\\\/31\\\/campeonato-de-futebol-amador-estreia-com-tres-jogos-na-primeira-rodada#article\",\"isPartOf\":{\"@id\":\"https:\\\/\\\/redenoticiaz.com.br\\\/ribeiraopreto-regiao\\\/sp\\\/2022\\\/05\\\/31\\\/campeonato-de-futebol-amador-estreia-com-tres-jogos-na-primeira-rodada\"},\"author\":{\"name\":\"\",\"@id\":\"\"},\"headline\":\"Campeonato de Futebol Amador estreia com tr\u00eas jogos na primeira rodada\",\"datePublished\":\"2022-05-31T20:29:50+00:00\",\"mainEntityOfPage\":{\"@id\":\"https:\\\/\\\/redenoticiaz.com.br\\\/ribeiraopreto-regiao\\\/sp\\\/2022\\\/05\\\/31\\\/campeonato-de-futebol-amador-estreia-com-tres-jogos-na-primeira-rodada\"},\"wordCount\":246,\"commentCount\":0,\"publisher\":{\"@id\":\"https:\\\/\\\/redenoticiaz.com.br\\\/ribeiraopreto-regiao\\\/#organization\"},\"image\":{\"@id\":\"https:\\\/\\\/redenoticiaz.com.br\\\/ribeiraopreto-regiao\\\/sp\\\/2022\\\/05\\\/31\\\/campeonato-de-futebol-amador-estreia-com-tres-jogos-na-primeira-rodada#primaryimage\"},\"thumbnailUrl\":\"https:\\\/\\\/redenoticiaz.com.br\\\/ribeiraopreto-regiao\\\/wp-content\\\/uploads\\\/sites\\\/4\\\/2022\\\/05\\\/Estadio-Tereza-Breda-13.jpg\",\"keywords\":[\"AMADOR\",\"CAMPEONATO AMADOR 2022\",\"FUTEBOL\",\"JOGOS\",\"OLIMP\u00cdA\",\"RODADA\"],\"articleSection\":[\"Esporte\"],\"inLanguage\":\"pt-BR\",\"potentialAction\":[{\"@type\":\"CommentAction\",\"name\":\"Comment\",\"target\":[\"https:\\\/\\\/redenoticiaz.com.br\\\/ribeiraopreto-regiao\\\/sp\\\/2022\\\/05\\\/31\\\/campeonato-de-futebol-amador-estreia-com-tres-jogos-na-primeira-rodada#respond\"]}]},{\"@type\":\"WebPage\",\"@id\":\"https:\\\/\\\/redenoticiaz.com.br\\\/ribeiraopreto-regiao\\\/sp\\\/2022\\\/05\\\/31\\\/campeonato-de-futebol-amador-estreia-com-tres-jogos-na-primeira-rodada\",\"url\":\"https:\\\/\\\/redenoticiaz.com.br\\\/ribeiraopreto-regiao\\\/sp\\\/2022\\\/05\\\/31\\\/campeonato-de-futebol-amador-estreia-com-tres-jogos-na-primeira-rodada\",\"name\":\"Campeonato de Futebol Amador estreia com tr\u00eas jogos na primeira rodada - Ribeir\u00e3o Preto e Regi\u00e3o\",\"isPartOf\":{\"@id\":\"https:\\\/\\\/redenoticiaz.com.br\\\/ribeiraopreto-regiao\\\/#website\"},\"primaryImageOfPage\":{\"@id\":\"https:\\\/\\\/redenoticiaz.com.br\\\/ribeiraopreto-regiao\\\/sp\\\/2022\\\/05\\\/31\\\/campeonato-de-futebol-amador-estreia-com-tres-jogos-na-primeira-rodada#primaryimage\"},\"image\":{\"@id\":\"https:\\\/\\\/redenoticiaz.com.br\\\/ribeiraopreto-regiao\\\/sp\\\/2022\\\/05\\\/31\\\/campeonato-de-futebol-amador-estreia-com-tres-jogos-na-primeira-rodada#primaryimage\"},\"thumbnailUrl\":\"https:\\\/\\\/redenoticiaz.com.br\\\/ribeiraopreto-regiao\\\/wp-content\\\/uploads\\\/sites\\\/4\\\/2022\\\/05\\\/Estadio-Tereza-Breda-13.jpg\",\"datePublished\":\"2022-05-31T20:29:50+00:00\",\"description\":\"Por meio da\u00a0secretaria de Esporte, Lazer e Juventude, foi retomada o\u00a0torneio de futebol\u00a0de maior sucesso da cidade, com\u00a015 times\u00a0participando da disputa.\",\"inLanguage\":\"pt-BR\",\"potentialAction\":[{\"@type\":\"ReadAction\",\"target\":[\"https:\\\/\\\/redenoticiaz.com.br\\\/ribeiraopreto-regiao\\\/sp\\\/2022\\\/05\\\/31\\\/campeonato-de-futebol-amador-estreia-com-tres-jogos-na-primeira-rodada\"]}]},{\"@type\":\"ImageObject\",\"inLanguage\":\"pt-BR\",\"@id\":\"https:\\\/\\\/redenoticiaz.com.br\\\/ribeiraopreto-regiao\\\/sp\\\/2022\\\/05\\\/31\\\/campeonato-de-futebol-amador-estreia-com-tres-jogos-na-primeira-rodada#primaryimage\",\"url\":\"https:\\\/\\\/redenoticiaz.com.br\\\/ribeiraopreto-regiao\\\/wp-content\\\/uploads\\\/sites\\\/4\\\/2022\\\/05\\\/Estadio-Tereza-Breda-13.jpg\",\"contentUrl\":\"https:\\\/\\\/redenoticiaz.com.br\\\/ribeiraopreto-regiao\\\/wp-content\\\/uploads\\\/sites\\\/4\\\/2022\\\/05\\\/Estadio-Tereza-Breda-13.jpg\",\"width\":860,\"height\":645,\"caption\":\"Campeonato Amador 2022. Cr\u00e9dito: Reprodu\u00e7\u00e3o\"},{\"@type\":\"WebSite\",\"@id\":\"https:\\\/\\\/redenoticiaz.com.br\\\/ribeiraopreto-regiao\\\/#website\",\"url\":\"https:\\\/\\\/redenoticiaz.com.br\\\/ribeiraopreto-regiao\\\/\",\"name\":\"Ribeir\u00e3o Preto e Regi\u00e3o\",\"description\":\"Rede NoticiaZ - Ribeir\u00e3o Preto e regi\u00e3o\",\"publisher\":{\"@id\":\"https:\\\/\\\/redenoticiaz.com.br\\\/ribeiraopreto-regiao\\\/#organization\"},\"potentialAction\":[{\"@type\":\"SearchAction\",\"target\":{\"@type\":\"EntryPoint\",\"urlTemplate\":\"https:\\\/\\\/redenoticiaz.com.br\\\/ribeiraopreto-regiao\\\/?s={search_term_string}\"},\"query-input\":{\"@type\":\"PropertyValueSpecification\",\"valueRequired\":true,\"valueName\":\"search_term_string\"}}],\"inLanguage\":\"pt-BR\"},{\"@type\":\"Organization\",\"@id\":\"https:\\\/\\\/redenoticiaz.com.br\\\/ribeiraopreto-regiao\\\/#organization\",\"name\":\"Ribeir\u00e3o Preto e Regi\u00e3o\",\"url\":\"https:\\\/\\\/redenoticiaz.com.br\\\/ribeiraopreto-regiao\\\/\",\"logo\":{\"@type\":\"ImageObject\",\"inLanguage\":\"pt-BR\",\"@id\":\"https:\\\/\\\/redenoticiaz.com.br\\\/ribeiraopreto-regiao\\\/#\\\/schema\\\/logo\\\/image\\\/\",\"url\":\"https:\\\/\\\/redenoticiaz.com.br\\\/barretos-regiao\\\/wp-content\\\/uploads\\\/sites\\\/4\\\/2022\\\/02\\\/logo.jpg\",\"contentUrl\":\"https:\\\/\\\/redenoticiaz.com.br\\\/barretos-regiao\\\/wp-content\\\/uploads\\\/sites\\\/4\\\/2022\\\/02\\\/logo.jpg\",\"width\":400,\"height\":250,\"caption\":\"Ribeir\u00e3o Preto e Regi\u00e3o\"},\"image\":{\"@id\":\"https:\\\/\\\/redenoticiaz.com.br\\\/ribeiraopreto-regiao\\\/#\\\/schema\\\/logo\\\/image\\\/\"},\"sameAs\":[\"https:\\\/\\\/m.facebook.com\\\/redenoticiaz.barretos\",\"https:\\\/\\\/x.com\\\/RN_barretos\",\"https:\\\/\\\/www.instagram.com\\\/redenoticiaz.barretos\\\/?igshid=YmMyMTA2M2Y\",\"https:\\\/\\\/www.linkedin.com\\\/company\\\/rede-noticiaz-barretos-e-regio\\\/\"]},{\"@type\":\"Person\",\"@id\":\"\",\"url\":\"https:\\\/\\\/redenoticiaz.com.br\\\/ribeiraopreto-regiao\\\/sp\\\/author\"}]}<\/script>\n<!-- \/ Yoast SEO plugin. -->","yoast_head_json":{"title":"Campeonato de Futebol Amador estreia com tr\u00eas jogos na primeira rodada - Ribeir\u00e3o Preto e Regi\u00e3o","description":"Por meio da\u00a0secretaria de Esporte, Lazer e Juventude, foi retomada o\u00a0torneio de futebol\u00a0de maior sucesso da cidade, com\u00a015 times\u00a0participando da disputa.","robots":{"index":"index","follow":"follow","max-snippet":"max-snippet:-1","max-image-preview":"max-image-preview:large","max-video-preview":"max-video-preview:-1"},"canonical":"https:\/\/redenoticiaz.com.br\/ribeiraopreto-regiao\/sp\/2022\/05\/31\/campeonato-de-futebol-amador-estreia-com-tres-jogos-na-primeira-rodada","og_locale":"pt_BR","og_type":"article","og_title":"Campeonato de Futebol Amador estreia com tr\u00eas jogos na primeira rodada - Ribeir\u00e3o Preto e Regi\u00e3o","og_description":"Por meio da\u00a0secretaria de Esporte, Lazer e Juventude, foi retomada o\u00a0torneio de futebol\u00a0de maior sucesso da cidade, com\u00a015 times\u00a0participando da disputa.","og_url":"https:\/\/redenoticiaz.com.br\/ribeiraopreto-regiao\/sp\/2022\/05\/31\/campeonato-de-futebol-amador-estreia-com-tres-jogos-na-primeira-rodada","og_site_name":"Ribeir\u00e3o Preto e Regi\u00e3o","article_publisher":"https:\/\/m.facebook.com\/redenoticiaz.barretos","article_published_time":"2022-05-31T20:29:50+00:00","og_image":[{"width":860,"height":645,"url":"https:\/\/redenoticiaz.com.br\/ribeiraopreto-regiao\/wp-content\/uploads\/sites\/4\/2022\/05\/Estadio-Tereza-Breda-13.jpg","type":"image\/jpeg"}],"twitter_card":"summary_large_image","twitter_creator":"@RN_barretos","twitter_site":"@RN_barretos","twitter_misc":{"Escrito por":"","Est. tempo de leitura":"1 minuto"},"schema":{"@context":"https:\/\/schema.org","@graph":[{"@type":"Article","@id":"https:\/\/redenoticiaz.com.br\/ribeiraopreto-regiao\/sp\/2022\/05\/31\/campeonato-de-futebol-amador-estreia-com-tres-jogos-na-primeira-rodada#article","isPartOf":{"@id":"https:\/\/redenoticiaz.com.br\/ribeiraopreto-regiao\/sp\/2022\/05\/31\/campeonato-de-futebol-amador-estreia-com-tres-jogos-na-primeira-rodada"},"author":{"name":"","@id":""},"headline":"Campeonato de Futebol Amador estreia com tr\u00eas jogos na primeira rodada","datePublished":"2022-05-31T20:29:50+00:00","mainEntityOfPage":{"@id":"https:\/\/redenoticiaz.com.br\/ribeiraopreto-regiao\/sp\/2022\/05\/31\/campeonato-de-futebol-amador-estreia-com-tres-jogos-na-primeira-rodada"},"wordCount":246,"commentCount":0,"publisher":{"@id":"https:\/\/redenoticiaz.com.br\/ribeiraopreto-regiao\/#organization"},"image":{"@id":"https:\/\/redenoticiaz.com.br\/ribeiraopreto-regiao\/sp\/2022\/05\/31\/campeonato-de-futebol-amador-estreia-com-tres-jogos-na-primeira-rodada#primaryimage"},"thumbnailUrl":"https:\/\/redenoticiaz.com.br\/ribeiraopreto-regiao\/wp-content\/uploads\/sites\/4\/2022\/05\/Estadio-Tereza-Breda-13.jpg","keywords":["AMADOR","CAMPEONATO AMADOR 2022","FUTEBOL","JOGOS","OLIMP\u00cdA","RODADA"],"articleSection":["Esporte"],"inLanguage":"pt-BR","potentialAction":[{"@type":"CommentAction","name":"Comment","target":["https:\/\/redenoticiaz.com.br\/ribeiraopreto-regiao\/sp\/2022\/05\/31\/campeonato-de-futebol-amador-estreia-com-tres-jogos-na-primeira-rodada#respond"]}]},{"@type":"WebPage","@id":"https:\/\/redenoticiaz.com.br\/ribeiraopreto-regiao\/sp\/2022\/05\/31\/campeonato-de-futebol-amador-estreia-com-tres-jogos-na-primeira-rodada","url":"https:\/\/redenoticiaz.com.br\/ribeiraopreto-regiao\/sp\/2022\/05\/31\/campeonato-de-futebol-amador-estreia-com-tres-jogos-na-primeira-rodada","name":"Campeonato de Futebol Amador estreia com tr\u00eas jogos na primeira rodada - Ribeir\u00e3o Preto e Regi\u00e3o","isPartOf":{"@id":"https:\/\/redenoticiaz.com.br\/ribeiraopreto-regiao\/#website"},"primaryImageOfPage":{"@id":"https:\/\/redenoticiaz.com.br\/ribeiraopreto-regiao\/sp\/2022\/05\/31\/campeonato-de-futebol-amador-estreia-com-tres-jogos-na-primeira-rodada#primaryimage"},"image":{"@id":"https:\/\/redenoticiaz.com.br\/ribeiraopreto-regiao\/sp\/2022\/05\/31\/campeonato-de-futebol-amador-estreia-com-tres-jogos-na-primeira-rodada#primaryimage"},"thumbnailUrl":"https:\/\/redenoticiaz.com.br\/ribeiraopreto-regiao\/wp-content\/uploads\/sites\/4\/2022\/05\/Estadio-Tereza-Breda-13.jpg","datePublished":"2022-05-31T20:29:50+00:00","description":"Por meio da\u00a0secretaria de Esporte, Lazer e Juventude, foi retomada o\u00a0torneio de futebol\u00a0de maior sucesso da cidade, com\u00a015 times\u00a0participando da disputa.","inLanguage":"pt-BR","potentialAction":[{"@type":"ReadAction","target":["https:\/\/redenoticiaz.com.br\/ribeiraopreto-regiao\/sp\/2022\/05\/31\/campeonato-de-futebol-amador-estreia-com-tres-jogos-na-primeira-rodada"]}]},{"@type":"ImageObject","inLanguage":"pt-BR","@id":"https:\/\/redenoticiaz.com.br\/ribeiraopreto-regiao\/sp\/2022\/05\/31\/campeonato-de-futebol-amador-estreia-com-tres-jogos-na-primeira-rodada#primaryimage","url":"https:\/\/redenoticiaz.com.br\/ribeiraopreto-regiao\/wp-content\/uploads\/sites\/4\/2022\/05\/Estadio-Tereza-Breda-13.jpg","contentUrl":"https:\/\/redenoticiaz.com.br\/ribeiraopreto-regiao\/wp-content\/uploads\/sites\/4\/2022\/05\/Estadio-Tereza-Breda-13.jpg","width":860,"height":645,"caption":"Campeonato Amador 2022. Cr\u00e9dito: Reprodu\u00e7\u00e3o"},{"@type":"WebSite","@id":"https:\/\/redenoticiaz.com.br\/ribeiraopreto-regiao\/#website","url":"https:\/\/redenoticiaz.com.br\/ribeiraopreto-regiao\/","name":"Ribeir\u00e3o Preto e Regi\u00e3o","description":"Rede NoticiaZ - Ribeir\u00e3o Preto e regi\u00e3o","publisher":{"@id":"https:\/\/redenoticiaz.com.br\/ribeiraopreto-regiao\/#organization"},"potentialAction":[{"@type":"SearchAction","target":{"@type":"EntryPoint","urlTemplate":"https:\/\/redenoticiaz.com.br\/ribeiraopreto-regiao\/?s={search_term_string}"},"query-input":{"@type":"PropertyValueSpecification","valueRequired":true,"valueName":"search_term_string"}}],"inLanguage":"pt-BR"},{"@type":"Organization","@id":"https:\/\/redenoticiaz.com.br\/ribeiraopreto-regiao\/#organization","name":"Ribeir\u00e3o Preto e Regi\u00e3o","url":"https:\/\/redenoticiaz.com.br\/ribeiraopreto-regiao\/","logo":{"@type":"ImageObject","inLanguage":"pt-BR","@id":"https:\/\/redenoticiaz.com.br\/ribeiraopreto-regiao\/#\/schema\/logo\/image\/","url":"https:\/\/redenoticiaz.com.br\/barretos-regiao\/wp-content\/uploads\/sites\/4\/2022\/02\/logo.jpg","contentUrl":"https:\/\/redenoticiaz.com.br\/barretos-regiao\/wp-content\/uploads\/sites\/4\/2022\/02\/logo.jpg","width":400,"height":250,"caption":"Ribeir\u00e3o Preto e Regi\u00e3o"},"image":{"@id":"https:\/\/redenoticiaz.com.br\/ribeiraopreto-regiao\/#\/schema\/logo\/image\/"},"sameAs":["https:\/\/m.facebook.com\/redenoticiaz.barretos","https:\/\/x.com\/RN_barretos","https:\/\/www.instagram.com\/redenoticiaz.barretos\/?igshid=YmMyMTA2M2Y","https:\/\/www.linkedin.com\/company\/rede-noticiaz-barretos-e-regio\/"]},{"@type":"Person","@id":"","url":"https:\/\/redenoticiaz.com.br\/ribeiraopreto-regiao\/sp\/author"}]}},"_links":{"self":[{"href":"https:\/\/redenoticiaz.com.br\/ribeiraopreto-regiao\/wp-json\/wp\/v2\/posts\/85372","targetHints":{"allow":["GET"]}}],"collection":[{"href":"https:\/\/redenoticiaz.com.br\/ribeiraopreto-regiao\/wp-json\/wp\/v2\/posts"}],"about":[{"href":"https:\/\/redenoticiaz.com.br\/ribeiraopreto-regiao\/wp-json\/wp\/v2\/types\/post"}],"author":[{"embeddable":true,"href":"https:\/\/redenoticiaz.com.br\/ribeiraopreto-regiao\/wp-json\/wp\/v2\/users\/15"}],"replies":[{"embeddable":true,"href":"https:\/\/redenoticiaz.com.br\/ribeiraopreto-regiao\/wp-json\/wp\/v2\/comments?post=85372"}],"version-history":[{"count":1,"href":"https:\/\/redenoticiaz.com.br\/ribeiraopreto-regiao\/wp-json\/wp\/v2\/posts\/85372\/revisions"}],"predecessor-version":[{"id":85374,"href":"https:\/\/redenoticiaz.com.br\/ribeiraopreto-regiao\/wp-json\/wp\/v2\/posts\/85372\/revisions\/85374"}],"wp:featuredmedia":[{"embeddable":true,"href":"https:\/\/redenoticiaz.com.br\/ribeiraopreto-regiao\/wp-json\/wp\/v2\/media\/85373"}],"wp:attachment":[{"href":"https:\/\/redenoticiaz.com.br\/ribeiraopreto-regiao\/wp-json\/wp\/v2\/media?parent=85372"}],"wp:term":[{"taxonomy":"category","embeddable":true,"href":"https:\/\/redenoticiaz.com.br\/ribeiraopreto-regiao\/wp-json\/wp\/v2\/categories?post=85372"},{"taxonomy":"post_tag","embeddable":true,"href":"https:\/\/redenoticiaz.com.br\/ribeiraopreto-regiao\/wp-json\/wp\/v2\/tags?post=85372"}],"curies":[{"name":"wp","href":"https:\/\/api.w.org\/{rel}","templated":true}]}}