{"id":85440,"date":"2022-06-04T13:30:27","date_gmt":"2022-06-04T16:30:27","guid":{"rendered":"https:\/\/redenoticiaz.com.br\/barretos-regiao\/?p=85440"},"modified":"2022-06-01T17:33:05","modified_gmt":"2022-06-01T20:33:05","slug":"coleta-a-domicilio-da-campanha-do-agasalho","status":"publish","type":"post","link":"https:\/\/redenoticiaz.com.br\/ribeiraopreto-regiao\/sp\/2022\/06\/04\/coleta-a-domicilio-da-campanha-do-agasalho","title":{"rendered":"Coleta a domic\u00edlio da Campanha do Agasalho"},"content":{"rendered":"<p class=\"v1MsoNormal\"><span style=\"font-family: arial, sans-serif\">niciada no \u00faltimo dia 20 de maio, a Campanha do Agasalho 2022 da Est\u00e2ncia Tur\u00edstica de Ol\u00edmpia, que visa arrecadar roupas, cobertores, blusas de frio, abrigos e mantas para aquecer as pessoas que mais precisam, ganha um refor\u00e7o especial na pr\u00f3xima semana.<\/span><\/p>\n<p class=\"v1MsoNormal\"><span style=\"font-family: arial, sans-serif\">Os atiradores do &#8220;Tiro de Guerra&#8221; TG 02-025, sob o comando do Sargento M\u00e1rcio Maciel Freire, percorrer\u00e3o nos dias 08, 09 e 10 de junho os bairros Jardim Toledo, Vila Ferreira, Vila Nova, S\u00e3o Jos\u00e9 e Jardim H\u00e9lio Cazarini (Cohab III), coletando a domic\u00edlio as doa\u00e7\u00f5es para a Campanha. <\/span><\/p>\n<p class=\"v1MsoNormal\"><span style=\"font-family: arial, sans-serif\">Os locais foram escolhidos por estarem pr\u00f3ximos \u00e0 sede do batalh\u00e3o do TG, propiciando a log\u00edstica favor\u00e1vel e refor\u00e7ando as a\u00e7\u00f5es de cidadania dos atiradores junto \u00e0 causa social. Nessas datas, os moradores podem deixar as pe\u00e7as separadas que o efetivo passar\u00e1 casa a casa recolhendo.<\/span><\/p>\n<p class=\"v1gmail-MsoBodyText\"><span style=\"font-family: arial, sans-serif\">Tamb\u00e9m para facilitar as doa\u00e7\u00f5es,\u00a0caixas coletoras e cartazes informativos j\u00e1 est\u00e3o espalhados por toda a cidade em mais de 15 pontos de arrecada\u00e7\u00e3o, para que\u00a0toda popula\u00e7\u00e3o possa colaborar. Nos distritos de Ribeiro dos Santos e Bagua\u00e7u, as doa\u00e7\u00f5es podem ser entregues nas Unidades do Centro de M\u00faltiplo Uso.<\/span><\/p>\n<p class=\"v1gmail-MsoBodyText\"><span style=\"font-family: arial, sans-serif\">A campanha, que segue at\u00e9 o dia 22 de setembro, j\u00e1 come\u00e7ou a distribuir nos CRAS as pe\u00e7as arrecadas para a popula\u00e7\u00e3o que necessita. Fam\u00edlias e moradores em situa\u00e7\u00e3o de vulnerabilidade e risco de frio tamb\u00e9m est\u00e3o sendo beneficiados.<\/span><\/p>\n<p class=\"v1gmail-MsoBodyText\"><span style=\"font-family: arial, sans-serif\">Informa\u00e7\u00f5es da campanha sobre doa\u00e7\u00e3o, coleta a domic\u00edlio e identifica\u00e7\u00e3o de fam\u00edlias que necessitam, podem ser obtidas no Fundo Social ou na Secretaria de Assist\u00eancia Social, nos telefones: (17) 3281-1939 e (17) 3279-3535.<\/span><\/p>\n<p class=\"v1gmail-MsoBodyText\"><strong><span style=\"font-family: arial, sans-serif\">CONFIRA OS PONTOS DE ARRECADA\u00c7\u00c3O:<\/span><\/strong><\/p>\n<p>Fundo Social de Solidariedade (Rua Caetano Gotardi, 323 \u2013 Centro)<br \/>\nSecretaria de Assist\u00eancia Social (Rua Dr. Antonio Olimpio, 946 \u2013 Centro)<br \/>\nProen\u00e7a Supermercado (Rua do Bumba Meu Boi, 431 \u2013 Jd. S\u00e3o Francisco de Assis)<br \/>\nIquegami Supermercado (Todas as lojas)<br \/>\nBibel\u00f4 Presentes (Rua do Rouxinol, 152 &#8211; Cohab I)<br \/>\nCol\u00e9gio Eduvale (Av. Gov. Adhemar Pereira de Barros, 1200 &#8211; Distrito IndustriaI)<br \/>\nBrech\u00f3 Mexe Remexe (Rua S\u00e3o Jo\u00e3o, 1071 \u2013 Centro)<br \/>\nGaby Store (Pra\u00e7a da Matriz, 216 \u2013 Centro)<br \/>\nAquarel\u00e3o da Economia (Rua Nove de Julho, 942 \u2013 Centro)<br \/>\nLoja Luz e Lua (Pra\u00e7a Rui Barbosa, 80 \u2013 Centro)<br \/>\nImboli\u00e1ria Rossi (Rua\u00a0Nove de Julho, 1196 &#8211; Centro)<br \/>\nKimberlit (Rod. Assis Chateaubriand, s\/n \u2013 Km 144,5)<br \/>\nPoupatempo (Av. Harry Giannecchini, 1691 &#8211; Jd. Toledo)<br \/>\nCondom\u00ednio Thermas Park<br \/>\nCondom\u00ednio Veridiana<br \/>\nCondom\u00ednio Donna Bela<br \/>\nCentro de M\u00faltiplo Uso (Ribeiro dos Santos e Bagua\u00e7u)<\/p>\n<p><strong>VEJA TAMB\u00c9M:\u00a0<a href=\"https:\/\/redenoticiaz.com.br\/barretos-regiao\/sp\/2022\/05\/30\/north-shopping-realizou-o-quarto-sorteio-da-campanha-50-dias-de-amor\">North Shopping realizou o quarto sorteio da campanha 50 Dias de Amor<\/a><\/strong><\/p>\n","protected":false},"excerpt":{"rendered":"<p>niciada no \u00faltimo dia 20 de maio, a Campanha do Agasalho 2022 da Est\u00e2ncia Tur\u00edstica de Ol\u00edmpia, que visa arrecadar roupas, cobertores, blusas de frio, abrigos e mantas para aquecer as pessoas que mais precisam, ganha um refor\u00e7o especial na pr\u00f3xima semana. Os atiradores do &#8220;Tiro de Guerra&#8221; TG 02-025, sob o comando do Sargento &hellip;<\/p>\n","protected":false},"author":15,"featured_media":85441,"comment_status":"open","ping_status":"closed","sticky":false,"template":"","format":"standard","meta":{"footnotes":""},"categories":[252],"tags":[17300,17301,6394,10448,17302],"class_list":["post-85440","post","type-post","status-publish","format-standard","has-post-thumbnail","hentry","category-acao-social","tag-arrecadacao","tag-campanha-do-agassalho","tag-coleta","tag-cras","tag-olimpica"],"yoast_head":"<!-- This site is optimized with the Yoast SEO plugin v27.4 - https:\/\/yoast.com\/product\/yoast-seo-wordpress\/ -->\n<title>Coleta a domic\u00edlio da Campanha do Agasalho - Ribeir\u00e3o Preto e Regi\u00e3o<\/title>\n<meta name=\"description\" content=\"Campanha do Agasalho 2022 da Est\u00e2ncia Tur\u00edstica de Ol\u00edmpia, que visa arrecadar roupas, cobertores, blusas de frio, abrigos e mantas para aquecer as pessoas.\" \/>\n<meta name=\"robots\" content=\"index, follow, max-snippet:-1, max-image-preview:large, max-video-preview:-1\" \/>\n<link rel=\"canonical\" href=\"https:\/\/redenoticiaz.com.br\/ribeiraopreto-regiao\/sp\/2022\/06\/04\/coleta-a-domicilio-da-campanha-do-agasalho\" \/>\n<meta property=\"og:locale\" content=\"pt_BR\" \/>\n<meta property=\"og:type\" content=\"article\" \/>\n<meta property=\"og:title\" content=\"Coleta a domic\u00edlio da Campanha do Agasalho - Ribeir\u00e3o Preto e Regi\u00e3o\" \/>\n<meta property=\"og:description\" content=\"Campanha do Agasalho 2022 da Est\u00e2ncia Tur\u00edstica de Ol\u00edmpia, que visa arrecadar roupas, cobertores, blusas de frio, abrigos e mantas para aquecer as pessoas.\" \/>\n<meta property=\"og:url\" content=\"https:\/\/redenoticiaz.com.br\/ribeiraopreto-regiao\/sp\/2022\/06\/04\/coleta-a-domicilio-da-campanha-do-agasalho\" \/>\n<meta property=\"og:site_name\" content=\"Ribeir\u00e3o Preto e Regi\u00e3o\" \/>\n<meta property=\"article:publisher\" content=\"https:\/\/m.facebook.com\/redenoticiaz.barretos\" \/>\n<meta property=\"article:published_time\" content=\"2022-06-04T16:30:27+00:00\" \/>\n<meta property=\"og:image\" content=\"https:\/\/redenoticiaz.com.br\/ribeiraopreto-regiao\/wp-content\/uploads\/sites\/4\/2022\/06\/Doacoes-Pontos-de-Arrecadacao-1-scaled.jpg\" \/>\n\t<meta property=\"og:image:width\" content=\"1596\" \/>\n\t<meta property=\"og:image:height\" content=\"1080\" \/>\n\t<meta property=\"og:image:type\" content=\"image\/jpeg\" \/>\n<meta name=\"twitter:card\" content=\"summary_large_image\" \/>\n<meta name=\"twitter:creator\" content=\"@RN_barretos\" \/>\n<meta name=\"twitter:site\" content=\"@RN_barretos\" \/>\n<meta name=\"twitter:label1\" content=\"Escrito por\" \/>\n\t<meta name=\"twitter:data1\" content=\"\" \/>\n\t<meta name=\"twitter:label2\" content=\"Est. tempo de leitura\" \/>\n\t<meta name=\"twitter:data2\" content=\"2 minutos\" \/>\n<script type=\"application\/ld+json\" class=\"yoast-schema-graph\">{\"@context\":\"https:\\\/\\\/schema.org\",\"@graph\":[{\"@type\":\"Article\",\"@id\":\"https:\\\/\\\/redenoticiaz.com.br\\\/ribeiraopreto-regiao\\\/sp\\\/2022\\\/06\\\/04\\\/coleta-a-domicilio-da-campanha-do-agasalho#article\",\"isPartOf\":{\"@id\":\"https:\\\/\\\/redenoticiaz.com.br\\\/ribeiraopreto-regiao\\\/sp\\\/2022\\\/06\\\/04\\\/coleta-a-domicilio-da-campanha-do-agasalho\"},\"author\":{\"name\":\"\",\"@id\":\"\"},\"headline\":\"Coleta a domic\u00edlio da Campanha do Agasalho\",\"datePublished\":\"2022-06-04T16:30:27+00:00\",\"mainEntityOfPage\":{\"@id\":\"https:\\\/\\\/redenoticiaz.com.br\\\/ribeiraopreto-regiao\\\/sp\\\/2022\\\/06\\\/04\\\/coleta-a-domicilio-da-campanha-do-agasalho\"},\"wordCount\":451,\"commentCount\":0,\"publisher\":{\"@id\":\"https:\\\/\\\/redenoticiaz.com.br\\\/ribeiraopreto-regiao\\\/#organization\"},\"image\":{\"@id\":\"https:\\\/\\\/redenoticiaz.com.br\\\/ribeiraopreto-regiao\\\/sp\\\/2022\\\/06\\\/04\\\/coleta-a-domicilio-da-campanha-do-agasalho#primaryimage\"},\"thumbnailUrl\":\"https:\\\/\\\/redenoticiaz.com.br\\\/ribeiraopreto-regiao\\\/wp-content\\\/uploads\\\/sites\\\/4\\\/2022\\\/06\\\/Doacoes-Pontos-de-Arrecadacao-1-scaled.jpg\",\"keywords\":[\"ARRECADA\u00c7\u00c3O\",\"CAMPANHA DO AGASSALHO\",\"COLETA\",\"CRAS\",\"OL\u00cdMPICA\"],\"articleSection\":[\"A\u00e7\u00e3o Social\"],\"inLanguage\":\"pt-BR\",\"potentialAction\":[{\"@type\":\"CommentAction\",\"name\":\"Comment\",\"target\":[\"https:\\\/\\\/redenoticiaz.com.br\\\/ribeiraopreto-regiao\\\/sp\\\/2022\\\/06\\\/04\\\/coleta-a-domicilio-da-campanha-do-agasalho#respond\"]}]},{\"@type\":\"WebPage\",\"@id\":\"https:\\\/\\\/redenoticiaz.com.br\\\/ribeiraopreto-regiao\\\/sp\\\/2022\\\/06\\\/04\\\/coleta-a-domicilio-da-campanha-do-agasalho\",\"url\":\"https:\\\/\\\/redenoticiaz.com.br\\\/ribeiraopreto-regiao\\\/sp\\\/2022\\\/06\\\/04\\\/coleta-a-domicilio-da-campanha-do-agasalho\",\"name\":\"Coleta a domic\u00edlio da Campanha do Agasalho - Ribeir\u00e3o Preto e Regi\u00e3o\",\"isPartOf\":{\"@id\":\"https:\\\/\\\/redenoticiaz.com.br\\\/ribeiraopreto-regiao\\\/#website\"},\"primaryImageOfPage\":{\"@id\":\"https:\\\/\\\/redenoticiaz.com.br\\\/ribeiraopreto-regiao\\\/sp\\\/2022\\\/06\\\/04\\\/coleta-a-domicilio-da-campanha-do-agasalho#primaryimage\"},\"image\":{\"@id\":\"https:\\\/\\\/redenoticiaz.com.br\\\/ribeiraopreto-regiao\\\/sp\\\/2022\\\/06\\\/04\\\/coleta-a-domicilio-da-campanha-do-agasalho#primaryimage\"},\"thumbnailUrl\":\"https:\\\/\\\/redenoticiaz.com.br\\\/ribeiraopreto-regiao\\\/wp-content\\\/uploads\\\/sites\\\/4\\\/2022\\\/06\\\/Doacoes-Pontos-de-Arrecadacao-1-scaled.jpg\",\"datePublished\":\"2022-06-04T16:30:27+00:00\",\"description\":\"Campanha do Agasalho 2022 da Est\u00e2ncia Tur\u00edstica de Ol\u00edmpia, que visa arrecadar roupas, cobertores, blusas de frio, abrigos e mantas para aquecer as pessoas.\",\"inLanguage\":\"pt-BR\",\"potentialAction\":[{\"@type\":\"ReadAction\",\"target\":[\"https:\\\/\\\/redenoticiaz.com.br\\\/ribeiraopreto-regiao\\\/sp\\\/2022\\\/06\\\/04\\\/coleta-a-domicilio-da-campanha-do-agasalho\"]}]},{\"@type\":\"ImageObject\",\"inLanguage\":\"pt-BR\",\"@id\":\"https:\\\/\\\/redenoticiaz.com.br\\\/ribeiraopreto-regiao\\\/sp\\\/2022\\\/06\\\/04\\\/coleta-a-domicilio-da-campanha-do-agasalho#primaryimage\",\"url\":\"https:\\\/\\\/redenoticiaz.com.br\\\/ribeiraopreto-regiao\\\/wp-content\\\/uploads\\\/sites\\\/4\\\/2022\\\/06\\\/Doacoes-Pontos-de-Arrecadacao-1-scaled.jpg\",\"contentUrl\":\"https:\\\/\\\/redenoticiaz.com.br\\\/ribeiraopreto-regiao\\\/wp-content\\\/uploads\\\/sites\\\/4\\\/2022\\\/06\\\/Doacoes-Pontos-de-Arrecadacao-1-scaled.jpg\",\"width\":1596,\"height\":1080,\"caption\":\"Campanha do Agasalho 2022. Cr\u00e9dito: Reprodu\u00e7\u00e3o\"},{\"@type\":\"WebSite\",\"@id\":\"https:\\\/\\\/redenoticiaz.com.br\\\/ribeiraopreto-regiao\\\/#website\",\"url\":\"https:\\\/\\\/redenoticiaz.com.br\\\/ribeiraopreto-regiao\\\/\",\"name\":\"Ribeir\u00e3o Preto e Regi\u00e3o\",\"description\":\"Rede NoticiaZ - Ribeir\u00e3o Preto e regi\u00e3o\",\"publisher\":{\"@id\":\"https:\\\/\\\/redenoticiaz.com.br\\\/ribeiraopreto-regiao\\\/#organization\"},\"potentialAction\":[{\"@type\":\"SearchAction\",\"target\":{\"@type\":\"EntryPoint\",\"urlTemplate\":\"https:\\\/\\\/redenoticiaz.com.br\\\/ribeiraopreto-regiao\\\/?s={search_term_string}\"},\"query-input\":{\"@type\":\"PropertyValueSpecification\",\"valueRequired\":true,\"valueName\":\"search_term_string\"}}],\"inLanguage\":\"pt-BR\"},{\"@type\":\"Organization\",\"@id\":\"https:\\\/\\\/redenoticiaz.com.br\\\/ribeiraopreto-regiao\\\/#organization\",\"name\":\"Ribeir\u00e3o Preto e Regi\u00e3o\",\"url\":\"https:\\\/\\\/redenoticiaz.com.br\\\/ribeiraopreto-regiao\\\/\",\"logo\":{\"@type\":\"ImageObject\",\"inLanguage\":\"pt-BR\",\"@id\":\"https:\\\/\\\/redenoticiaz.com.br\\\/ribeiraopreto-regiao\\\/#\\\/schema\\\/logo\\\/image\\\/\",\"url\":\"https:\\\/\\\/redenoticiaz.com.br\\\/barretos-regiao\\\/wp-content\\\/uploads\\\/sites\\\/4\\\/2022\\\/02\\\/logo.jpg\",\"contentUrl\":\"https:\\\/\\\/redenoticiaz.com.br\\\/barretos-regiao\\\/wp-content\\\/uploads\\\/sites\\\/4\\\/2022\\\/02\\\/logo.jpg\",\"width\":400,\"height\":250,\"caption\":\"Ribeir\u00e3o Preto e Regi\u00e3o\"},\"image\":{\"@id\":\"https:\\\/\\\/redenoticiaz.com.br\\\/ribeiraopreto-regiao\\\/#\\\/schema\\\/logo\\\/image\\\/\"},\"sameAs\":[\"https:\\\/\\\/m.facebook.com\\\/redenoticiaz.barretos\",\"https:\\\/\\\/x.com\\\/RN_barretos\",\"https:\\\/\\\/www.instagram.com\\\/redenoticiaz.barretos\\\/?igshid=YmMyMTA2M2Y\",\"https:\\\/\\\/www.linkedin.com\\\/company\\\/rede-noticiaz-barretos-e-regio\\\/\"]},{\"@type\":\"Person\",\"@id\":\"\",\"url\":\"https:\\\/\\\/redenoticiaz.com.br\\\/ribeiraopreto-regiao\\\/sp\\\/author\"}]}<\/script>\n<!-- \/ Yoast SEO plugin. -->","yoast_head_json":{"title":"Coleta a domic\u00edlio da Campanha do Agasalho - Ribeir\u00e3o Preto e Regi\u00e3o","description":"Campanha do Agasalho 2022 da Est\u00e2ncia Tur\u00edstica de Ol\u00edmpia, que visa arrecadar roupas, cobertores, blusas de frio, abrigos e mantas para aquecer as pessoas.","robots":{"index":"index","follow":"follow","max-snippet":"max-snippet:-1","max-image-preview":"max-image-preview:large","max-video-preview":"max-video-preview:-1"},"canonical":"https:\/\/redenoticiaz.com.br\/ribeiraopreto-regiao\/sp\/2022\/06\/04\/coleta-a-domicilio-da-campanha-do-agasalho","og_locale":"pt_BR","og_type":"article","og_title":"Coleta a domic\u00edlio da Campanha do Agasalho - Ribeir\u00e3o Preto e Regi\u00e3o","og_description":"Campanha do Agasalho 2022 da Est\u00e2ncia Tur\u00edstica de Ol\u00edmpia, que visa arrecadar roupas, cobertores, blusas de frio, abrigos e mantas para aquecer as pessoas.","og_url":"https:\/\/redenoticiaz.com.br\/ribeiraopreto-regiao\/sp\/2022\/06\/04\/coleta-a-domicilio-da-campanha-do-agasalho","og_site_name":"Ribeir\u00e3o Preto e Regi\u00e3o","article_publisher":"https:\/\/m.facebook.com\/redenoticiaz.barretos","article_published_time":"2022-06-04T16:30:27+00:00","og_image":[{"width":1596,"height":1080,"url":"https:\/\/redenoticiaz.com.br\/ribeiraopreto-regiao\/wp-content\/uploads\/sites\/4\/2022\/06\/Doacoes-Pontos-de-Arrecadacao-1-scaled.jpg","type":"image\/jpeg"}],"twitter_card":"summary_large_image","twitter_creator":"@RN_barretos","twitter_site":"@RN_barretos","twitter_misc":{"Escrito por":"","Est. tempo de leitura":"2 minutos"},"schema":{"@context":"https:\/\/schema.org","@graph":[{"@type":"Article","@id":"https:\/\/redenoticiaz.com.br\/ribeiraopreto-regiao\/sp\/2022\/06\/04\/coleta-a-domicilio-da-campanha-do-agasalho#article","isPartOf":{"@id":"https:\/\/redenoticiaz.com.br\/ribeiraopreto-regiao\/sp\/2022\/06\/04\/coleta-a-domicilio-da-campanha-do-agasalho"},"author":{"name":"","@id":""},"headline":"Coleta a domic\u00edlio da Campanha do Agasalho","datePublished":"2022-06-04T16:30:27+00:00","mainEntityOfPage":{"@id":"https:\/\/redenoticiaz.com.br\/ribeiraopreto-regiao\/sp\/2022\/06\/04\/coleta-a-domicilio-da-campanha-do-agasalho"},"wordCount":451,"commentCount":0,"publisher":{"@id":"https:\/\/redenoticiaz.com.br\/ribeiraopreto-regiao\/#organization"},"image":{"@id":"https:\/\/redenoticiaz.com.br\/ribeiraopreto-regiao\/sp\/2022\/06\/04\/coleta-a-domicilio-da-campanha-do-agasalho#primaryimage"},"thumbnailUrl":"https:\/\/redenoticiaz.com.br\/ribeiraopreto-regiao\/wp-content\/uploads\/sites\/4\/2022\/06\/Doacoes-Pontos-de-Arrecadacao-1-scaled.jpg","keywords":["ARRECADA\u00c7\u00c3O","CAMPANHA DO AGASSALHO","COLETA","CRAS","OL\u00cdMPICA"],"articleSection":["A\u00e7\u00e3o Social"],"inLanguage":"pt-BR","potentialAction":[{"@type":"CommentAction","name":"Comment","target":["https:\/\/redenoticiaz.com.br\/ribeiraopreto-regiao\/sp\/2022\/06\/04\/coleta-a-domicilio-da-campanha-do-agasalho#respond"]}]},{"@type":"WebPage","@id":"https:\/\/redenoticiaz.com.br\/ribeiraopreto-regiao\/sp\/2022\/06\/04\/coleta-a-domicilio-da-campanha-do-agasalho","url":"https:\/\/redenoticiaz.com.br\/ribeiraopreto-regiao\/sp\/2022\/06\/04\/coleta-a-domicilio-da-campanha-do-agasalho","name":"Coleta a domic\u00edlio da Campanha do Agasalho - Ribeir\u00e3o Preto e Regi\u00e3o","isPartOf":{"@id":"https:\/\/redenoticiaz.com.br\/ribeiraopreto-regiao\/#website"},"primaryImageOfPage":{"@id":"https:\/\/redenoticiaz.com.br\/ribeiraopreto-regiao\/sp\/2022\/06\/04\/coleta-a-domicilio-da-campanha-do-agasalho#primaryimage"},"image":{"@id":"https:\/\/redenoticiaz.com.br\/ribeiraopreto-regiao\/sp\/2022\/06\/04\/coleta-a-domicilio-da-campanha-do-agasalho#primaryimage"},"thumbnailUrl":"https:\/\/redenoticiaz.com.br\/ribeiraopreto-regiao\/wp-content\/uploads\/sites\/4\/2022\/06\/Doacoes-Pontos-de-Arrecadacao-1-scaled.jpg","datePublished":"2022-06-04T16:30:27+00:00","description":"Campanha do Agasalho 2022 da Est\u00e2ncia Tur\u00edstica de Ol\u00edmpia, que visa arrecadar roupas, cobertores, blusas de frio, abrigos e mantas para aquecer as pessoas.","inLanguage":"pt-BR","potentialAction":[{"@type":"ReadAction","target":["https:\/\/redenoticiaz.com.br\/ribeiraopreto-regiao\/sp\/2022\/06\/04\/coleta-a-domicilio-da-campanha-do-agasalho"]}]},{"@type":"ImageObject","inLanguage":"pt-BR","@id":"https:\/\/redenoticiaz.com.br\/ribeiraopreto-regiao\/sp\/2022\/06\/04\/coleta-a-domicilio-da-campanha-do-agasalho#primaryimage","url":"https:\/\/redenoticiaz.com.br\/ribeiraopreto-regiao\/wp-content\/uploads\/sites\/4\/2022\/06\/Doacoes-Pontos-de-Arrecadacao-1-scaled.jpg","contentUrl":"https:\/\/redenoticiaz.com.br\/ribeiraopreto-regiao\/wp-content\/uploads\/sites\/4\/2022\/06\/Doacoes-Pontos-de-Arrecadacao-1-scaled.jpg","width":1596,"height":1080,"caption":"Campanha do Agasalho 2022. Cr\u00e9dito: Reprodu\u00e7\u00e3o"},{"@type":"WebSite","@id":"https:\/\/redenoticiaz.com.br\/ribeiraopreto-regiao\/#website","url":"https:\/\/redenoticiaz.com.br\/ribeiraopreto-regiao\/","name":"Ribeir\u00e3o Preto e Regi\u00e3o","description":"Rede NoticiaZ - Ribeir\u00e3o Preto e regi\u00e3o","publisher":{"@id":"https:\/\/redenoticiaz.com.br\/ribeiraopreto-regiao\/#organization"},"potentialAction":[{"@type":"SearchAction","target":{"@type":"EntryPoint","urlTemplate":"https:\/\/redenoticiaz.com.br\/ribeiraopreto-regiao\/?s={search_term_string}"},"query-input":{"@type":"PropertyValueSpecification","valueRequired":true,"valueName":"search_term_string"}}],"inLanguage":"pt-BR"},{"@type":"Organization","@id":"https:\/\/redenoticiaz.com.br\/ribeiraopreto-regiao\/#organization","name":"Ribeir\u00e3o Preto e Regi\u00e3o","url":"https:\/\/redenoticiaz.com.br\/ribeiraopreto-regiao\/","logo":{"@type":"ImageObject","inLanguage":"pt-BR","@id":"https:\/\/redenoticiaz.com.br\/ribeiraopreto-regiao\/#\/schema\/logo\/image\/","url":"https:\/\/redenoticiaz.com.br\/barretos-regiao\/wp-content\/uploads\/sites\/4\/2022\/02\/logo.jpg","contentUrl":"https:\/\/redenoticiaz.com.br\/barretos-regiao\/wp-content\/uploads\/sites\/4\/2022\/02\/logo.jpg","width":400,"height":250,"caption":"Ribeir\u00e3o Preto e Regi\u00e3o"},"image":{"@id":"https:\/\/redenoticiaz.com.br\/ribeiraopreto-regiao\/#\/schema\/logo\/image\/"},"sameAs":["https:\/\/m.facebook.com\/redenoticiaz.barretos","https:\/\/x.com\/RN_barretos","https:\/\/www.instagram.com\/redenoticiaz.barretos\/?igshid=YmMyMTA2M2Y","https:\/\/www.linkedin.com\/company\/rede-noticiaz-barretos-e-regio\/"]},{"@type":"Person","@id":"","url":"https:\/\/redenoticiaz.com.br\/ribeiraopreto-regiao\/sp\/author"}]}},"_links":{"self":[{"href":"https:\/\/redenoticiaz.com.br\/ribeiraopreto-regiao\/wp-json\/wp\/v2\/posts\/85440","targetHints":{"allow":["GET"]}}],"collection":[{"href":"https:\/\/redenoticiaz.com.br\/ribeiraopreto-regiao\/wp-json\/wp\/v2\/posts"}],"about":[{"href":"https:\/\/redenoticiaz.com.br\/ribeiraopreto-regiao\/wp-json\/wp\/v2\/types\/post"}],"author":[{"embeddable":true,"href":"https:\/\/redenoticiaz.com.br\/ribeiraopreto-regiao\/wp-json\/wp\/v2\/users\/15"}],"replies":[{"embeddable":true,"href":"https:\/\/redenoticiaz.com.br\/ribeiraopreto-regiao\/wp-json\/wp\/v2\/comments?post=85440"}],"version-history":[{"count":1,"href":"https:\/\/redenoticiaz.com.br\/ribeiraopreto-regiao\/wp-json\/wp\/v2\/posts\/85440\/revisions"}],"predecessor-version":[{"id":85442,"href":"https:\/\/redenoticiaz.com.br\/ribeiraopreto-regiao\/wp-json\/wp\/v2\/posts\/85440\/revisions\/85442"}],"wp:featuredmedia":[{"embeddable":true,"href":"https:\/\/redenoticiaz.com.br\/ribeiraopreto-regiao\/wp-json\/wp\/v2\/media\/85441"}],"wp:attachment":[{"href":"https:\/\/redenoticiaz.com.br\/ribeiraopreto-regiao\/wp-json\/wp\/v2\/media?parent=85440"}],"wp:term":[{"taxonomy":"category","embeddable":true,"href":"https:\/\/redenoticiaz.com.br\/ribeiraopreto-regiao\/wp-json\/wp\/v2\/categories?post=85440"},{"taxonomy":"post_tag","embeddable":true,"href":"https:\/\/redenoticiaz.com.br\/ribeiraopreto-regiao\/wp-json\/wp\/v2\/tags?post=85440"}],"curies":[{"name":"wp","href":"https:\/\/api.w.org\/{rel}","templated":true}]}}