{"id":85546,"date":"2022-06-03T15:54:23","date_gmt":"2022-06-03T18:54:23","guid":{"rendered":"https:\/\/redenoticiaz.com.br\/barretos-regiao\/?p=85546"},"modified":"2022-06-03T15:54:23","modified_gmt":"2022-06-03T18:54:23","slug":"jurassic-world-dominio-esta-em-cartaz-no-centerplex-do-north-shopping","status":"publish","type":"post","link":"https:\/\/redenoticiaz.com.br\/ribeiraopreto-regiao\/sp\/2022\/06\/03\/jurassic-world-dominio-esta-em-cartaz-no-centerplex-do-north-shopping","title":{"rendered":"Jurassic World: Dom\u00ednio est\u00e1 em cartaz no Centerplex do North Shopping"},"content":{"rendered":"<p>O &#8220;Jurassic World: Dom\u00ednio&#8221; \u00e9 o destaque desta semana do Centerplex Cinemas do North Shopping Barretos.\u00a0 A pel\u00edcula fica em cartaz de 2 a 8 de junho.<\/p>\n<p><u><\/u><u><\/u><br \/>\nEste longa \u00e9 o terceiro filme da s\u00e9rie Jurassic World, e come\u00e7a ap\u00f3s quatro anos da destrui\u00e7\u00e3o da Isla Nublas. Agora os dinossauros vivem e ca\u00e7am, ao lado de humanos em todo o mundo. Por\u00e9m, esse fr\u00e1gil equil\u00edbrio ir\u00e1 remodelar o futuro, determinando, de uma vez por todas, se os seres humanos continuar\u00e3o sendo os principais predadores em um planeta que agora compartilham com as criaturas mais tem\u00edveis da hist\u00f3ria.<\/p>\n<h4><u><\/u><b>Confira a programa\u00e7\u00e3o:<\/b><\/h4>\n<p>Sala 01 \u2013 Doutor Estranho 2\u2013 Dublado<u><\/u><u><\/u><br \/>\nFantasia \u2013 14 anos \u2013 Dura\u00e7\u00e3o: 126 min<u><\/u><u><\/u><br \/>\nSegunda, Ter\u00e7a, Quarta, Quinta e Sexta: 17h15 e 20h<u><\/u><u><\/u><br \/>\n<u><\/u><u><\/u><br \/>\nSala 01 \u2013 Doutor Estranho 2\u2013 Dublado<u><\/u><u><\/u><br \/>\nFantasia \u2013 14 anos \u2013 Dura\u00e7\u00e3o: 126 min\u00a0\u00a0\u00a0\u00a0\u00a0\u00a0\u00a0\u00a0\u00a0\u00a0\u00a0\u00a0\u00a0\u00a0\u00a0\u00a0\u00a0\u00a0\u00a0\u00a0<u><\/u><u><\/u><br \/>\nS\u00e1bado, Domingo e Feriado: 17h15 e 20h<u><\/u><u><\/u><br \/>\n<u><\/u><u><\/u><br \/>\nSala 01 \u2013 SONIC 2 \u2013 O Filme \u2013 Dublado<u><\/u><u><\/u><br \/>\nAnima\u00e7\u00e3o \u2013 livre \u2013 Dura\u00e7\u00e3o: 122 min<u><\/u><u><\/u><br \/>\nS\u00e1bado, Domingo e Feriado: 14h30<u><\/u><u><\/u><br \/>\n<u><\/u><u><\/u><br \/>\nSala 02 \u2013 Top Gun: Maverick em 2D- Dublado<u><\/u><u><\/u><br \/>\nA\u00e7\u00e3o \u2013 12 anos \u2013 Dura\u00e7\u00e3o: 131 min<u><\/u><u><\/u><br \/>\nSegunda, Ter\u00e7a, Quarta, Quinta e Sexta: 15h, 17h15 e 20h30<u><\/u><u><\/u><br \/>\n<u><\/u><u><\/u><br \/>\nSala 02 \u2013 Top Gun: Maverick em 2D- Legendado<u><\/u><u><\/u><br \/>\nA\u00e7\u00e3o \u2013 12 anos \u2013 Dura\u00e7\u00e3o: 131 min<u><\/u><u><\/u><br \/>\nS\u00e1bado, Domingo e Feriado: 15h, 17h45 e 20h30<u><\/u><u><\/u><br \/>\n<u><\/u><u><\/u><br \/>\nSala 03 \u2013 Jurassic World: Dom\u00ednio em 3D- Dublado<u><\/u><u><\/u><br \/>\nAventura \u2013 10 anos \u2013 Dura\u00e7\u00e3o: 147 min<u><\/u><u><\/u><br \/>\nSegunda, Ter\u00e7a, Quarta, Quinta e Sexta: 15h15 e 18h15<u><\/u><u><\/u><br \/>\n<u><\/u><u><\/u><br \/>\nSala 03 \u2013 Jurassic World: Dom\u00ednio em 3D- Dublado<u><\/u><u><\/u><br \/>\nAventura \u2013 10 anos \u2013 Dura\u00e7\u00e3o: 147 min<u><\/u><u><\/u><br \/>\nS\u00e1bado, Domingo e Feriado: 15h15 e 18h15<u><\/u><u><\/u><br \/>\n<u><\/u>\u00a0<u><\/u><br \/>\nSala 03 \u2013 Jurassic World: Dom\u00ednio em 3D- Legendado<u><\/u><u><\/u><br \/>\nAventura \u2013 10 anos \u2013 Dura\u00e7\u00e3o: 147 min<u><\/u><u><\/u><br \/>\nSegunda, Ter\u00e7a, Quarta, Quinta e Sexta: 21h30<u><\/u><u><\/u><br \/>\n<u><\/u><u><\/u><br \/>\nSala 03 \u2013 Jurassic World: Dom\u00ednio em 3D- Legendado<u><\/u><u><\/u><br \/>\nAventura \u2013 10 anos \u2013 Dura\u00e7\u00e3o: 147 min<u><\/u><u><\/u><br \/>\nS\u00e1bado, Domingo e Feriado: 21h30<\/p>\n<p><strong>VEJA TAMB\u00c9M:\u00a0<a href=\"https:\/\/redenoticiaz.com.br\/barretos-regiao\/sp\/2022\/05\/19\/top-gun-maverick-entra-em-cartaz-no-north-shopping-barretos\">Top Gun: Maverick entra em cartaz no North Shopping Barretos<\/a><\/strong><\/p>\n","protected":false},"excerpt":{"rendered":"<p>O &#8220;Jurassic World: Dom\u00ednio&#8221; \u00e9 o destaque desta semana do Centerplex Cinemas do North Shopping Barretos.\u00a0 A pel\u00edcula fica em cartaz de 2 a 8 de junho. Este longa \u00e9 o terceiro filme da s\u00e9rie Jurassic World, e come\u00e7a ap\u00f3s quatro anos da destrui\u00e7\u00e3o da Isla Nublas. Agora os dinossauros vivem e ca\u00e7am, ao lado &hellip;<\/p>\n","protected":false},"author":15,"featured_media":85548,"comment_status":"open","ping_status":"closed","sticky":false,"template":"","format":"standard","meta":{"footnotes":""},"categories":[134],"tags":[817,15115,17361,666],"class_list":["post-85546","post","type-post","status-publish","format-standard","has-post-thumbnail","hentry","category-entretenimento","tag-cinema","tag-filme","tag-jurassic-world","tag-shopping-north"],"yoast_head":"<!-- This site is optimized with the Yoast SEO plugin v27.4 - https:\/\/yoast.com\/product\/yoast-seo-wordpress\/ -->\n<title>Jurassic World: Dom\u00ednio est\u00e1 em cartaz no Centerplex do North Shopping - Ribeir\u00e3o Preto e Regi\u00e3o<\/title>\n<meta name=\"description\" content=\"O &quot;Jurassic World: Dom\u00ednio&quot; \u00e9 o destaque desta semana do Centerplex Cinemas do North Shopping Barretos.\u00a0 A pel\u00edcula fica em cartaz de 2 a 8 de junho.\" \/>\n<meta name=\"robots\" content=\"index, follow, max-snippet:-1, max-image-preview:large, max-video-preview:-1\" \/>\n<link rel=\"canonical\" href=\"https:\/\/redenoticiaz.com.br\/ribeiraopreto-regiao\/sp\/2022\/06\/03\/jurassic-world-dominio-esta-em-cartaz-no-centerplex-do-north-shopping\" \/>\n<meta property=\"og:locale\" content=\"pt_BR\" \/>\n<meta property=\"og:type\" content=\"article\" \/>\n<meta property=\"og:title\" content=\"Jurassic World: Dom\u00ednio est\u00e1 em cartaz no Centerplex do North Shopping - Ribeir\u00e3o Preto e Regi\u00e3o\" \/>\n<meta property=\"og:description\" content=\"O &quot;Jurassic World: Dom\u00ednio&quot; \u00e9 o destaque desta semana do Centerplex Cinemas do North Shopping Barretos.\u00a0 A pel\u00edcula fica em cartaz de 2 a 8 de junho.\" \/>\n<meta property=\"og:url\" content=\"https:\/\/redenoticiaz.com.br\/ribeiraopreto-regiao\/sp\/2022\/06\/03\/jurassic-world-dominio-esta-em-cartaz-no-centerplex-do-north-shopping\" \/>\n<meta property=\"og:site_name\" content=\"Ribeir\u00e3o Preto e Regi\u00e3o\" \/>\n<meta property=\"article:publisher\" content=\"https:\/\/m.facebook.com\/redenoticiaz.barretos\" \/>\n<meta property=\"article:published_time\" content=\"2022-06-03T18:54:23+00:00\" \/>\n<meta property=\"og:image\" content=\"https:\/\/redenoticiaz.com.br\/ribeiraopreto-regiao\/wp-content\/uploads\/sites\/4\/2022\/06\/n-2.png\" \/>\n\t<meta property=\"og:image:width\" content=\"300\" \/>\n\t<meta property=\"og:image:height\" content=\"200\" \/>\n\t<meta property=\"og:image:type\" content=\"image\/png\" \/>\n<meta name=\"twitter:card\" content=\"summary_large_image\" \/>\n<meta name=\"twitter:creator\" content=\"@RN_barretos\" \/>\n<meta name=\"twitter:site\" content=\"@RN_barretos\" \/>\n<meta name=\"twitter:label1\" content=\"Escrito por\" \/>\n\t<meta name=\"twitter:data1\" content=\"\" \/>\n\t<meta name=\"twitter:label2\" content=\"Est. tempo de leitura\" \/>\n\t<meta name=\"twitter:data2\" content=\"2 minutos\" \/>\n<script type=\"application\/ld+json\" class=\"yoast-schema-graph\">{\"@context\":\"https:\\\/\\\/schema.org\",\"@graph\":[{\"@type\":\"Article\",\"@id\":\"https:\\\/\\\/redenoticiaz.com.br\\\/ribeiraopreto-regiao\\\/sp\\\/2022\\\/06\\\/03\\\/jurassic-world-dominio-esta-em-cartaz-no-centerplex-do-north-shopping#article\",\"isPartOf\":{\"@id\":\"https:\\\/\\\/redenoticiaz.com.br\\\/ribeiraopreto-regiao\\\/sp\\\/2022\\\/06\\\/03\\\/jurassic-world-dominio-esta-em-cartaz-no-centerplex-do-north-shopping\"},\"author\":{\"name\":\"\",\"@id\":\"\"},\"headline\":\"Jurassic World: Dom\u00ednio est\u00e1 em cartaz no Centerplex do North Shopping\",\"datePublished\":\"2022-06-03T18:54:23+00:00\",\"mainEntityOfPage\":{\"@id\":\"https:\\\/\\\/redenoticiaz.com.br\\\/ribeiraopreto-regiao\\\/sp\\\/2022\\\/06\\\/03\\\/jurassic-world-dominio-esta-em-cartaz-no-centerplex-do-north-shopping\"},\"wordCount\":318,\"commentCount\":0,\"publisher\":{\"@id\":\"https:\\\/\\\/redenoticiaz.com.br\\\/ribeiraopreto-regiao\\\/#organization\"},\"image\":{\"@id\":\"https:\\\/\\\/redenoticiaz.com.br\\\/ribeiraopreto-regiao\\\/sp\\\/2022\\\/06\\\/03\\\/jurassic-world-dominio-esta-em-cartaz-no-centerplex-do-north-shopping#primaryimage\"},\"thumbnailUrl\":\"https:\\\/\\\/redenoticiaz.com.br\\\/ribeiraopreto-regiao\\\/wp-content\\\/uploads\\\/sites\\\/4\\\/2022\\\/06\\\/n-2.png\",\"keywords\":[\"CINEMA\",\"FILME\",\"jurassic world\",\"SHOPPING NORTH\"],\"articleSection\":[\"Entretenimento\"],\"inLanguage\":\"pt-BR\",\"potentialAction\":[{\"@type\":\"CommentAction\",\"name\":\"Comment\",\"target\":[\"https:\\\/\\\/redenoticiaz.com.br\\\/ribeiraopreto-regiao\\\/sp\\\/2022\\\/06\\\/03\\\/jurassic-world-dominio-esta-em-cartaz-no-centerplex-do-north-shopping#respond\"]}]},{\"@type\":\"WebPage\",\"@id\":\"https:\\\/\\\/redenoticiaz.com.br\\\/ribeiraopreto-regiao\\\/sp\\\/2022\\\/06\\\/03\\\/jurassic-world-dominio-esta-em-cartaz-no-centerplex-do-north-shopping\",\"url\":\"https:\\\/\\\/redenoticiaz.com.br\\\/ribeiraopreto-regiao\\\/sp\\\/2022\\\/06\\\/03\\\/jurassic-world-dominio-esta-em-cartaz-no-centerplex-do-north-shopping\",\"name\":\"Jurassic World: Dom\u00ednio est\u00e1 em cartaz no Centerplex do North Shopping - Ribeir\u00e3o Preto e Regi\u00e3o\",\"isPartOf\":{\"@id\":\"https:\\\/\\\/redenoticiaz.com.br\\\/ribeiraopreto-regiao\\\/#website\"},\"primaryImageOfPage\":{\"@id\":\"https:\\\/\\\/redenoticiaz.com.br\\\/ribeiraopreto-regiao\\\/sp\\\/2022\\\/06\\\/03\\\/jurassic-world-dominio-esta-em-cartaz-no-centerplex-do-north-shopping#primaryimage\"},\"image\":{\"@id\":\"https:\\\/\\\/redenoticiaz.com.br\\\/ribeiraopreto-regiao\\\/sp\\\/2022\\\/06\\\/03\\\/jurassic-world-dominio-esta-em-cartaz-no-centerplex-do-north-shopping#primaryimage\"},\"thumbnailUrl\":\"https:\\\/\\\/redenoticiaz.com.br\\\/ribeiraopreto-regiao\\\/wp-content\\\/uploads\\\/sites\\\/4\\\/2022\\\/06\\\/n-2.png\",\"datePublished\":\"2022-06-03T18:54:23+00:00\",\"description\":\"O \\\"Jurassic World: Dom\u00ednio\\\" \u00e9 o destaque desta semana do Centerplex Cinemas do North Shopping Barretos.\u00a0 A pel\u00edcula fica em cartaz de 2 a 8 de junho.\",\"inLanguage\":\"pt-BR\",\"potentialAction\":[{\"@type\":\"ReadAction\",\"target\":[\"https:\\\/\\\/redenoticiaz.com.br\\\/ribeiraopreto-regiao\\\/sp\\\/2022\\\/06\\\/03\\\/jurassic-world-dominio-esta-em-cartaz-no-centerplex-do-north-shopping\"]}]},{\"@type\":\"ImageObject\",\"inLanguage\":\"pt-BR\",\"@id\":\"https:\\\/\\\/redenoticiaz.com.br\\\/ribeiraopreto-regiao\\\/sp\\\/2022\\\/06\\\/03\\\/jurassic-world-dominio-esta-em-cartaz-no-centerplex-do-north-shopping#primaryimage\",\"url\":\"https:\\\/\\\/redenoticiaz.com.br\\\/ribeiraopreto-regiao\\\/wp-content\\\/uploads\\\/sites\\\/4\\\/2022\\\/06\\\/n-2.png\",\"contentUrl\":\"https:\\\/\\\/redenoticiaz.com.br\\\/ribeiraopreto-regiao\\\/wp-content\\\/uploads\\\/sites\\\/4\\\/2022\\\/06\\\/n-2.png\",\"width\":300,\"height\":200,\"caption\":\"Jurassic World: Dom\u00ednio. Cr\u00e9dito: Divulga\u00e7\u00e3o\"},{\"@type\":\"WebSite\",\"@id\":\"https:\\\/\\\/redenoticiaz.com.br\\\/ribeiraopreto-regiao\\\/#website\",\"url\":\"https:\\\/\\\/redenoticiaz.com.br\\\/ribeiraopreto-regiao\\\/\",\"name\":\"Ribeir\u00e3o Preto e Regi\u00e3o\",\"description\":\"Rede NoticiaZ - Ribeir\u00e3o Preto e regi\u00e3o\",\"publisher\":{\"@id\":\"https:\\\/\\\/redenoticiaz.com.br\\\/ribeiraopreto-regiao\\\/#organization\"},\"potentialAction\":[{\"@type\":\"SearchAction\",\"target\":{\"@type\":\"EntryPoint\",\"urlTemplate\":\"https:\\\/\\\/redenoticiaz.com.br\\\/ribeiraopreto-regiao\\\/?s={search_term_string}\"},\"query-input\":{\"@type\":\"PropertyValueSpecification\",\"valueRequired\":true,\"valueName\":\"search_term_string\"}}],\"inLanguage\":\"pt-BR\"},{\"@type\":\"Organization\",\"@id\":\"https:\\\/\\\/redenoticiaz.com.br\\\/ribeiraopreto-regiao\\\/#organization\",\"name\":\"Ribeir\u00e3o Preto e Regi\u00e3o\",\"url\":\"https:\\\/\\\/redenoticiaz.com.br\\\/ribeiraopreto-regiao\\\/\",\"logo\":{\"@type\":\"ImageObject\",\"inLanguage\":\"pt-BR\",\"@id\":\"https:\\\/\\\/redenoticiaz.com.br\\\/ribeiraopreto-regiao\\\/#\\\/schema\\\/logo\\\/image\\\/\",\"url\":\"https:\\\/\\\/redenoticiaz.com.br\\\/barretos-regiao\\\/wp-content\\\/uploads\\\/sites\\\/4\\\/2022\\\/02\\\/logo.jpg\",\"contentUrl\":\"https:\\\/\\\/redenoticiaz.com.br\\\/barretos-regiao\\\/wp-content\\\/uploads\\\/sites\\\/4\\\/2022\\\/02\\\/logo.jpg\",\"width\":400,\"height\":250,\"caption\":\"Ribeir\u00e3o Preto e Regi\u00e3o\"},\"image\":{\"@id\":\"https:\\\/\\\/redenoticiaz.com.br\\\/ribeiraopreto-regiao\\\/#\\\/schema\\\/logo\\\/image\\\/\"},\"sameAs\":[\"https:\\\/\\\/m.facebook.com\\\/redenoticiaz.barretos\",\"https:\\\/\\\/x.com\\\/RN_barretos\",\"https:\\\/\\\/www.instagram.com\\\/redenoticiaz.barretos\\\/?igshid=YmMyMTA2M2Y\",\"https:\\\/\\\/www.linkedin.com\\\/company\\\/rede-noticiaz-barretos-e-regio\\\/\"]},{\"@type\":\"Person\",\"@id\":\"\",\"url\":\"https:\\\/\\\/redenoticiaz.com.br\\\/ribeiraopreto-regiao\\\/sp\\\/author\"}]}<\/script>\n<!-- \/ Yoast SEO plugin. -->","yoast_head_json":{"title":"Jurassic World: Dom\u00ednio est\u00e1 em cartaz no Centerplex do North Shopping - Ribeir\u00e3o Preto e Regi\u00e3o","description":"O \"Jurassic World: Dom\u00ednio\" \u00e9 o destaque desta semana do Centerplex Cinemas do North Shopping Barretos.\u00a0 A pel\u00edcula fica em cartaz de 2 a 8 de junho.","robots":{"index":"index","follow":"follow","max-snippet":"max-snippet:-1","max-image-preview":"max-image-preview:large","max-video-preview":"max-video-preview:-1"},"canonical":"https:\/\/redenoticiaz.com.br\/ribeiraopreto-regiao\/sp\/2022\/06\/03\/jurassic-world-dominio-esta-em-cartaz-no-centerplex-do-north-shopping","og_locale":"pt_BR","og_type":"article","og_title":"Jurassic World: Dom\u00ednio est\u00e1 em cartaz no Centerplex do North Shopping - Ribeir\u00e3o Preto e Regi\u00e3o","og_description":"O \"Jurassic World: Dom\u00ednio\" \u00e9 o destaque desta semana do Centerplex Cinemas do North Shopping Barretos.\u00a0 A pel\u00edcula fica em cartaz de 2 a 8 de junho.","og_url":"https:\/\/redenoticiaz.com.br\/ribeiraopreto-regiao\/sp\/2022\/06\/03\/jurassic-world-dominio-esta-em-cartaz-no-centerplex-do-north-shopping","og_site_name":"Ribeir\u00e3o Preto e Regi\u00e3o","article_publisher":"https:\/\/m.facebook.com\/redenoticiaz.barretos","article_published_time":"2022-06-03T18:54:23+00:00","og_image":[{"width":300,"height":200,"url":"https:\/\/redenoticiaz.com.br\/ribeiraopreto-regiao\/wp-content\/uploads\/sites\/4\/2022\/06\/n-2.png","type":"image\/png"}],"twitter_card":"summary_large_image","twitter_creator":"@RN_barretos","twitter_site":"@RN_barretos","twitter_misc":{"Escrito por":"","Est. tempo de leitura":"2 minutos"},"schema":{"@context":"https:\/\/schema.org","@graph":[{"@type":"Article","@id":"https:\/\/redenoticiaz.com.br\/ribeiraopreto-regiao\/sp\/2022\/06\/03\/jurassic-world-dominio-esta-em-cartaz-no-centerplex-do-north-shopping#article","isPartOf":{"@id":"https:\/\/redenoticiaz.com.br\/ribeiraopreto-regiao\/sp\/2022\/06\/03\/jurassic-world-dominio-esta-em-cartaz-no-centerplex-do-north-shopping"},"author":{"name":"","@id":""},"headline":"Jurassic World: Dom\u00ednio est\u00e1 em cartaz no Centerplex do North Shopping","datePublished":"2022-06-03T18:54:23+00:00","mainEntityOfPage":{"@id":"https:\/\/redenoticiaz.com.br\/ribeiraopreto-regiao\/sp\/2022\/06\/03\/jurassic-world-dominio-esta-em-cartaz-no-centerplex-do-north-shopping"},"wordCount":318,"commentCount":0,"publisher":{"@id":"https:\/\/redenoticiaz.com.br\/ribeiraopreto-regiao\/#organization"},"image":{"@id":"https:\/\/redenoticiaz.com.br\/ribeiraopreto-regiao\/sp\/2022\/06\/03\/jurassic-world-dominio-esta-em-cartaz-no-centerplex-do-north-shopping#primaryimage"},"thumbnailUrl":"https:\/\/redenoticiaz.com.br\/ribeiraopreto-regiao\/wp-content\/uploads\/sites\/4\/2022\/06\/n-2.png","keywords":["CINEMA","FILME","jurassic world","SHOPPING NORTH"],"articleSection":["Entretenimento"],"inLanguage":"pt-BR","potentialAction":[{"@type":"CommentAction","name":"Comment","target":["https:\/\/redenoticiaz.com.br\/ribeiraopreto-regiao\/sp\/2022\/06\/03\/jurassic-world-dominio-esta-em-cartaz-no-centerplex-do-north-shopping#respond"]}]},{"@type":"WebPage","@id":"https:\/\/redenoticiaz.com.br\/ribeiraopreto-regiao\/sp\/2022\/06\/03\/jurassic-world-dominio-esta-em-cartaz-no-centerplex-do-north-shopping","url":"https:\/\/redenoticiaz.com.br\/ribeiraopreto-regiao\/sp\/2022\/06\/03\/jurassic-world-dominio-esta-em-cartaz-no-centerplex-do-north-shopping","name":"Jurassic World: Dom\u00ednio est\u00e1 em cartaz no Centerplex do North Shopping - Ribeir\u00e3o Preto e Regi\u00e3o","isPartOf":{"@id":"https:\/\/redenoticiaz.com.br\/ribeiraopreto-regiao\/#website"},"primaryImageOfPage":{"@id":"https:\/\/redenoticiaz.com.br\/ribeiraopreto-regiao\/sp\/2022\/06\/03\/jurassic-world-dominio-esta-em-cartaz-no-centerplex-do-north-shopping#primaryimage"},"image":{"@id":"https:\/\/redenoticiaz.com.br\/ribeiraopreto-regiao\/sp\/2022\/06\/03\/jurassic-world-dominio-esta-em-cartaz-no-centerplex-do-north-shopping#primaryimage"},"thumbnailUrl":"https:\/\/redenoticiaz.com.br\/ribeiraopreto-regiao\/wp-content\/uploads\/sites\/4\/2022\/06\/n-2.png","datePublished":"2022-06-03T18:54:23+00:00","description":"O \"Jurassic World: Dom\u00ednio\" \u00e9 o destaque desta semana do Centerplex Cinemas do North Shopping Barretos.\u00a0 A pel\u00edcula fica em cartaz de 2 a 8 de junho.","inLanguage":"pt-BR","potentialAction":[{"@type":"ReadAction","target":["https:\/\/redenoticiaz.com.br\/ribeiraopreto-regiao\/sp\/2022\/06\/03\/jurassic-world-dominio-esta-em-cartaz-no-centerplex-do-north-shopping"]}]},{"@type":"ImageObject","inLanguage":"pt-BR","@id":"https:\/\/redenoticiaz.com.br\/ribeiraopreto-regiao\/sp\/2022\/06\/03\/jurassic-world-dominio-esta-em-cartaz-no-centerplex-do-north-shopping#primaryimage","url":"https:\/\/redenoticiaz.com.br\/ribeiraopreto-regiao\/wp-content\/uploads\/sites\/4\/2022\/06\/n-2.png","contentUrl":"https:\/\/redenoticiaz.com.br\/ribeiraopreto-regiao\/wp-content\/uploads\/sites\/4\/2022\/06\/n-2.png","width":300,"height":200,"caption":"Jurassic World: Dom\u00ednio. Cr\u00e9dito: Divulga\u00e7\u00e3o"},{"@type":"WebSite","@id":"https:\/\/redenoticiaz.com.br\/ribeiraopreto-regiao\/#website","url":"https:\/\/redenoticiaz.com.br\/ribeiraopreto-regiao\/","name":"Ribeir\u00e3o Preto e Regi\u00e3o","description":"Rede NoticiaZ - Ribeir\u00e3o Preto e regi\u00e3o","publisher":{"@id":"https:\/\/redenoticiaz.com.br\/ribeiraopreto-regiao\/#organization"},"potentialAction":[{"@type":"SearchAction","target":{"@type":"EntryPoint","urlTemplate":"https:\/\/redenoticiaz.com.br\/ribeiraopreto-regiao\/?s={search_term_string}"},"query-input":{"@type":"PropertyValueSpecification","valueRequired":true,"valueName":"search_term_string"}}],"inLanguage":"pt-BR"},{"@type":"Organization","@id":"https:\/\/redenoticiaz.com.br\/ribeiraopreto-regiao\/#organization","name":"Ribeir\u00e3o Preto e Regi\u00e3o","url":"https:\/\/redenoticiaz.com.br\/ribeiraopreto-regiao\/","logo":{"@type":"ImageObject","inLanguage":"pt-BR","@id":"https:\/\/redenoticiaz.com.br\/ribeiraopreto-regiao\/#\/schema\/logo\/image\/","url":"https:\/\/redenoticiaz.com.br\/barretos-regiao\/wp-content\/uploads\/sites\/4\/2022\/02\/logo.jpg","contentUrl":"https:\/\/redenoticiaz.com.br\/barretos-regiao\/wp-content\/uploads\/sites\/4\/2022\/02\/logo.jpg","width":400,"height":250,"caption":"Ribeir\u00e3o Preto e Regi\u00e3o"},"image":{"@id":"https:\/\/redenoticiaz.com.br\/ribeiraopreto-regiao\/#\/schema\/logo\/image\/"},"sameAs":["https:\/\/m.facebook.com\/redenoticiaz.barretos","https:\/\/x.com\/RN_barretos","https:\/\/www.instagram.com\/redenoticiaz.barretos\/?igshid=YmMyMTA2M2Y","https:\/\/www.linkedin.com\/company\/rede-noticiaz-barretos-e-regio\/"]},{"@type":"Person","@id":"","url":"https:\/\/redenoticiaz.com.br\/ribeiraopreto-regiao\/sp\/author"}]}},"_links":{"self":[{"href":"https:\/\/redenoticiaz.com.br\/ribeiraopreto-regiao\/wp-json\/wp\/v2\/posts\/85546","targetHints":{"allow":["GET"]}}],"collection":[{"href":"https:\/\/redenoticiaz.com.br\/ribeiraopreto-regiao\/wp-json\/wp\/v2\/posts"}],"about":[{"href":"https:\/\/redenoticiaz.com.br\/ribeiraopreto-regiao\/wp-json\/wp\/v2\/types\/post"}],"author":[{"embeddable":true,"href":"https:\/\/redenoticiaz.com.br\/ribeiraopreto-regiao\/wp-json\/wp\/v2\/users\/15"}],"replies":[{"embeddable":true,"href":"https:\/\/redenoticiaz.com.br\/ribeiraopreto-regiao\/wp-json\/wp\/v2\/comments?post=85546"}],"version-history":[{"count":1,"href":"https:\/\/redenoticiaz.com.br\/ribeiraopreto-regiao\/wp-json\/wp\/v2\/posts\/85546\/revisions"}],"predecessor-version":[{"id":85549,"href":"https:\/\/redenoticiaz.com.br\/ribeiraopreto-regiao\/wp-json\/wp\/v2\/posts\/85546\/revisions\/85549"}],"wp:featuredmedia":[{"embeddable":true,"href":"https:\/\/redenoticiaz.com.br\/ribeiraopreto-regiao\/wp-json\/wp\/v2\/media\/85548"}],"wp:attachment":[{"href":"https:\/\/redenoticiaz.com.br\/ribeiraopreto-regiao\/wp-json\/wp\/v2\/media?parent=85546"}],"wp:term":[{"taxonomy":"category","embeddable":true,"href":"https:\/\/redenoticiaz.com.br\/ribeiraopreto-regiao\/wp-json\/wp\/v2\/categories?post=85546"},{"taxonomy":"post_tag","embeddable":true,"href":"https:\/\/redenoticiaz.com.br\/ribeiraopreto-regiao\/wp-json\/wp\/v2\/tags?post=85546"}],"curies":[{"name":"wp","href":"https:\/\/api.w.org\/{rel}","templated":true}]}}