{"id":85626,"date":"2022-06-11T07:00:52","date_gmt":"2022-06-11T10:00:52","guid":{"rendered":"https:\/\/redenoticiaz.com.br\/barretos-regiao\/?p=85626"},"modified":"2022-06-06T13:50:17","modified_gmt":"2022-06-06T16:50:17","slug":"a-influencia-dos-data-centers-na-transformacao-digital","status":"publish","type":"post","link":"https:\/\/redenoticiaz.com.br\/ribeiraopreto-regiao\/sp\/2022\/06\/11\/a-influencia-dos-data-centers-na-transformacao-digital","title":{"rendered":"A influ\u00eancia dos data centers na transforma\u00e7\u00e3o digital"},"content":{"rendered":"<p>Nos \u00faltimos dois anos, as empresas refor\u00e7aram a aposta na digitaliza\u00e7\u00e3o para contornar o impacto da pandemia na sociedade. Para suportar o uso massivo de <strong>servi\u00e7os digitais<\/strong> tanto por empresas quanto por usu\u00e1rios foi necess\u00e1rio aumentar a demanda por capacidade computacional e infraestrutura de rede.<\/p>\n<p>De acordo com a ODATA, provedora brasileira de servi\u00e7os de data center, aponta como a conectividade foi uma pe\u00e7a-chave para prover toda a capacidade computacional e de largura de banda necess\u00e1rias para o funcionamento da rede com baixa lat\u00eancia e confiabilidade.<\/p>\n<p>\u201cOs data centers s\u00e3o um dos principais respons\u00e1veis pelo funcionamento de toda a arquitetura de TI. Assim, abrange fun\u00e7\u00f5es como hospedagem de sites, e-mails e servi\u00e7os de colabora\u00e7\u00e3o, suporte a aplica\u00e7\u00f5es de armazenamento em nuvem, transa\u00e7\u00f5es de com\u00e9rcio eletr\u00f4nico e comunidades de jogos online, al\u00e9m de backup e\u00a0redund\u00e2ncia. Portanto, os data centers conectam redes de comunica\u00e7\u00e3o de modo que pessoas e plataformas, por meio da conectividade, possam acessar informa\u00e7\u00f5es remotamente, inclusive ligando a organiza\u00e7\u00e3o ao mundo externo\u201d, diz Victor Sellmer, Diretor de Marketing e Vendas da ODATA.<\/p>\n<p>Caso n\u00e3o houvesse conectividade, um data center seria apenas um edif\u00edcio de computadores que s\u00f3 poderiam \u2018conversar\u2019 entre si. Segundo estudo do\u00a0<a href=\"https:\/\/www.idc.com\/getdoc.jsp?containerId=IDC_P42531\" target=\"_blank\" rel=\"noopener noreferrer\">IDC<\/a>\u00a0(International Data Corporation), at\u00e9 2023, 60% das empresas implementar\u00e3o conectividade h\u00edbrida e inteligente\u00a0que conecta mercados f\u00edsicos a vitrines digitais e cadeias de suprimentos para facilitar transa\u00e7\u00f5es comerciais perfeitas.<\/p>\n<p>As novas tecnologias, como o metaverso, IA, IoT, por exemplo, geram, consomem e armazenam uma quantidade enorme de dados, que crescer\u00e1 muito a cada ano. Nesse ritmo, aplica\u00e7\u00f5es de intelig\u00eancia artificial e mais sensores, c\u00e2meras e dispositivos de IoT ser\u00e3o integrados ao mundo f\u00edsico ao nosso redor, o que demandar\u00e1 cada vez mais conectividade, velocidade e lat\u00eancia. Portanto, a conectividade est\u00e1 no epicentro de toda a transforma\u00e7\u00e3o digital que se v\u00ea atualmente.<\/p>\n<h3><strong>5G e a import\u00e2ncia da conectividade<\/strong><\/h3>\n<p>Quando se fala em evolu\u00e7\u00e3o da conectividade, logo vem \u00e0 tona o\u00a05G. No entanto, a quinta gera\u00e7\u00e3o da internet m\u00f3vel se destina a fornecer velocidades de dados mais altas, al\u00e9m de mais confiabilidade, capacidade de rede massiva, maior disponibilidade e uma experi\u00eancia mais uniforme, entregue para mais usu\u00e1rios.<\/p>\n<p>Apesar da percep\u00e7\u00e3o comum de que o benef\u00edcio mais importante trazido pela nova tecnologia \u00e9 a maior velocidade de dados, o 5G pode ser explorado para enfrentar um desafio muito mais cr\u00edtico da conectividade de rede: a redu\u00e7\u00e3o da lat\u00eancia da rede. Portanto, com o uso do 5G as conex\u00f5es ser\u00e3o mais r\u00e1pidas, o uso de\u00a0IoT\u00a0mais intenso e o\u00a0<em>Edge\u00a0Computing<\/em>\u00a0trar\u00e1 for\u00e7a computacional para as transa\u00e7\u00f5es.<\/p>\n<p>Por\u00e9m, a computa\u00e7\u00e3o de ponta ainda n\u00e3o substitui a necessidade de um data center, n\u00e3o sendo suficiente para aguentar todo o volume de processamento e armazenamento, por isso, a evolu\u00e7\u00e3o do servi\u00e7o ser\u00e1 fundamental. \u201cO mercado j\u00e1 vem se preparando para atender tais exig\u00eancias do 5G, com a\u00e7\u00f5es como ter servidores mais r\u00e1pidos, realizar uma compacta\u00e7\u00e3o mais eficiente e aprimorar a capacidade computacional\u201d, \u00a0finaliza Victor Sellmer.<\/p>\n<p><strong>LEIA TAMB\u00c9M<\/strong><\/p>\n<p><a href=\"https:\/\/redenoticiaz.com.br\/blog\/2022\/04\/30\/artigo-as-mudancas-do-data-center-durante-a-pandemia-do-coronavirus\">Artigo \u2013 As mudan\u00e7as do data center durante a pandemia do coronav\u00edrus<\/a><\/p>\n","protected":false},"excerpt":{"rendered":"<p>Nos \u00faltimos dois anos, as empresas refor\u00e7aram a aposta na digitaliza\u00e7\u00e3o para contornar o impacto da pandemia na sociedade. Para suportar o uso massivo de servi\u00e7os digitais tanto por empresas quanto por usu\u00e1rios foi necess\u00e1rio aumentar a demanda por capacidade computacional e infraestrutura de rede. De acordo com a ODATA, provedora brasileira de servi\u00e7os de &hellip;<\/p>\n","protected":false},"author":6,"featured_media":85627,"comment_status":"open","ping_status":"closed","sticky":false,"template":"","format":"standard","meta":{"footnotes":""},"categories":[1561],"tags":[15381,5294,935,15383],"class_list":["post-85626","post","type-post","status-publish","format-standard","has-post-thumbnail","hentry","category-tecnologia","tag-data-centers","tag-internet","tag-tecnologia","tag-transformacao-digital"],"yoast_head":"<!-- This site is optimized with the Yoast SEO plugin v27.5 - https:\/\/yoast.com\/product\/yoast-seo-wordpress\/ -->\n<title>A influ\u00eancia dos data centers na transforma\u00e7\u00e3o digital - Ribeir\u00e3o Preto e Regi\u00e3o<\/title>\n<meta name=\"description\" content=\"refor\u00e7aram a aposta na digitaliza\u00e7\u00e3o para contornar o impacto da pandemia na sociedade. Para suportar o uso massivo de servi\u00e7os digitais\" \/>\n<meta name=\"robots\" content=\"index, follow, max-snippet:-1, max-image-preview:large, max-video-preview:-1\" \/>\n<link rel=\"canonical\" href=\"https:\/\/redenoticiaz.com.br\/ribeiraopreto-regiao\/sp\/2022\/06\/11\/a-influencia-dos-data-centers-na-transformacao-digital\" \/>\n<meta property=\"og:locale\" content=\"pt_BR\" \/>\n<meta property=\"og:type\" content=\"article\" \/>\n<meta property=\"og:title\" content=\"A influ\u00eancia dos data centers na transforma\u00e7\u00e3o digital - Ribeir\u00e3o Preto e Regi\u00e3o\" \/>\n<meta property=\"og:description\" content=\"refor\u00e7aram a aposta na digitaliza\u00e7\u00e3o para contornar o impacto da pandemia na sociedade. Para suportar o uso massivo de servi\u00e7os digitais\" \/>\n<meta property=\"og:url\" content=\"https:\/\/redenoticiaz.com.br\/ribeiraopreto-regiao\/sp\/2022\/06\/11\/a-influencia-dos-data-centers-na-transformacao-digital\" \/>\n<meta property=\"og:site_name\" content=\"Ribeir\u00e3o Preto e Regi\u00e3o\" \/>\n<meta property=\"article:publisher\" content=\"https:\/\/m.facebook.com\/redenoticiaz.barretos\" \/>\n<meta property=\"article:published_time\" content=\"2022-06-11T10:00:52+00:00\" \/>\n<meta property=\"og:image\" content=\"https:\/\/redenoticiaz.com.br\/ribeiraopreto-regiao\/wp-content\/uploads\/sites\/4\/2022\/02\/logo.jpg\" \/>\n\t<meta property=\"og:image:width\" content=\"400\" \/>\n\t<meta property=\"og:image:height\" content=\"250\" \/>\n\t<meta property=\"og:image:type\" content=\"image\/jpeg\" \/>\n<meta name=\"author\" content=\"Leonardo Francisco\" \/>\n<meta name=\"twitter:card\" content=\"summary_large_image\" \/>\n<meta name=\"twitter:creator\" content=\"@RN_barretos\" \/>\n<meta name=\"twitter:site\" content=\"@RN_barretos\" \/>\n<meta name=\"twitter:label1\" content=\"Escrito por\" \/>\n\t<meta name=\"twitter:data1\" content=\"Leonardo Francisco\" \/>\n\t<meta name=\"twitter:label2\" content=\"Est. tempo de leitura\" \/>\n\t<meta name=\"twitter:data2\" content=\"3 minutos\" \/>\n<script type=\"application\/ld+json\" class=\"yoast-schema-graph\">{\"@context\":\"https:\\\/\\\/schema.org\",\"@graph\":[{\"@type\":\"Article\",\"@id\":\"https:\\\/\\\/redenoticiaz.com.br\\\/ribeiraopreto-regiao\\\/sp\\\/2022\\\/06\\\/11\\\/a-influencia-dos-data-centers-na-transformacao-digital#article\",\"isPartOf\":{\"@id\":\"https:\\\/\\\/redenoticiaz.com.br\\\/ribeiraopreto-regiao\\\/sp\\\/2022\\\/06\\\/11\\\/a-influencia-dos-data-centers-na-transformacao-digital\"},\"author\":{\"name\":\"Leonardo Francisco\",\"@id\":\"https:\\\/\\\/redenoticiaz.com.br\\\/ribeiraopreto-regiao\\\/#\\\/schema\\\/person\\\/0f0b8a5bdafefe82841e07ae8d81ecb3\"},\"headline\":\"A influ\u00eancia dos data centers na transforma\u00e7\u00e3o digital\",\"datePublished\":\"2022-06-11T10:00:52+00:00\",\"mainEntityOfPage\":{\"@id\":\"https:\\\/\\\/redenoticiaz.com.br\\\/ribeiraopreto-regiao\\\/sp\\\/2022\\\/06\\\/11\\\/a-influencia-dos-data-centers-na-transformacao-digital\"},\"wordCount\":573,\"commentCount\":0,\"publisher\":{\"@id\":\"https:\\\/\\\/redenoticiaz.com.br\\\/ribeiraopreto-regiao\\\/#organization\"},\"image\":{\"@id\":\"https:\\\/\\\/redenoticiaz.com.br\\\/ribeiraopreto-regiao\\\/sp\\\/2022\\\/06\\\/11\\\/a-influencia-dos-data-centers-na-transformacao-digital#primaryimage\"},\"thumbnailUrl\":\"https:\\\/\\\/redenoticiaz.com.br\\\/ribeiraopreto-regiao\\\/wp-content\\\/uploads\\\/sites\\\/4\\\/2022\\\/06\\\/Conectividade-scaled.jpg?v=1654534060\",\"keywords\":[\"DATA CENTERS\",\"INTERNET\",\"tecnologia\",\"TRANSFORMA\u00c7\u00c3O DIGITAL\"],\"articleSection\":[\"Tecnologia\"],\"inLanguage\":\"pt-BR\",\"potentialAction\":[{\"@type\":\"CommentAction\",\"name\":\"Comment\",\"target\":[\"https:\\\/\\\/redenoticiaz.com.br\\\/ribeiraopreto-regiao\\\/sp\\\/2022\\\/06\\\/11\\\/a-influencia-dos-data-centers-na-transformacao-digital#respond\"]}]},{\"@type\":\"WebPage\",\"@id\":\"https:\\\/\\\/redenoticiaz.com.br\\\/ribeiraopreto-regiao\\\/sp\\\/2022\\\/06\\\/11\\\/a-influencia-dos-data-centers-na-transformacao-digital\",\"url\":\"https:\\\/\\\/redenoticiaz.com.br\\\/ribeiraopreto-regiao\\\/sp\\\/2022\\\/06\\\/11\\\/a-influencia-dos-data-centers-na-transformacao-digital\",\"name\":\"A influ\u00eancia dos data centers na transforma\u00e7\u00e3o digital - Ribeir\u00e3o Preto e Regi\u00e3o\",\"isPartOf\":{\"@id\":\"https:\\\/\\\/redenoticiaz.com.br\\\/ribeiraopreto-regiao\\\/#website\"},\"primaryImageOfPage\":{\"@id\":\"https:\\\/\\\/redenoticiaz.com.br\\\/ribeiraopreto-regiao\\\/sp\\\/2022\\\/06\\\/11\\\/a-influencia-dos-data-centers-na-transformacao-digital#primaryimage\"},\"image\":{\"@id\":\"https:\\\/\\\/redenoticiaz.com.br\\\/ribeiraopreto-regiao\\\/sp\\\/2022\\\/06\\\/11\\\/a-influencia-dos-data-centers-na-transformacao-digital#primaryimage\"},\"thumbnailUrl\":\"https:\\\/\\\/redenoticiaz.com.br\\\/ribeiraopreto-regiao\\\/wp-content\\\/uploads\\\/sites\\\/4\\\/2022\\\/06\\\/Conectividade-scaled.jpg?v=1654534060\",\"datePublished\":\"2022-06-11T10:00:52+00:00\",\"description\":\"refor\u00e7aram a aposta na digitaliza\u00e7\u00e3o para contornar o impacto da pandemia na sociedade. Para suportar o uso massivo de servi\u00e7os digitais\",\"inLanguage\":\"pt-BR\",\"potentialAction\":[{\"@type\":\"ReadAction\",\"target\":[\"https:\\\/\\\/redenoticiaz.com.br\\\/ribeiraopreto-regiao\\\/sp\\\/2022\\\/06\\\/11\\\/a-influencia-dos-data-centers-na-transformacao-digital\"]}]},{\"@type\":\"ImageObject\",\"inLanguage\":\"pt-BR\",\"@id\":\"https:\\\/\\\/redenoticiaz.com.br\\\/ribeiraopreto-regiao\\\/sp\\\/2022\\\/06\\\/11\\\/a-influencia-dos-data-centers-na-transformacao-digital#primaryimage\",\"url\":\"https:\\\/\\\/redenoticiaz.com.br\\\/ribeiraopreto-regiao\\\/wp-content\\\/uploads\\\/sites\\\/4\\\/2022\\\/06\\\/Conectividade-scaled.jpg?v=1654534060\",\"contentUrl\":\"https:\\\/\\\/redenoticiaz.com.br\\\/ribeiraopreto-regiao\\\/wp-content\\\/uploads\\\/sites\\\/4\\\/2022\\\/06\\\/Conectividade-scaled.jpg?v=1654534060\",\"width\":1620,\"height\":1080,\"caption\":\"Cr\u00e9ditos: Divulga\u00e7\u00e3o\"},{\"@type\":\"WebSite\",\"@id\":\"https:\\\/\\\/redenoticiaz.com.br\\\/ribeiraopreto-regiao\\\/#website\",\"url\":\"https:\\\/\\\/redenoticiaz.com.br\\\/ribeiraopreto-regiao\\\/\",\"name\":\"Ribeir\u00e3o Preto e Regi\u00e3o\",\"description\":\"Rede NoticiaZ - Ribeir\u00e3o Preto e regi\u00e3o\",\"publisher\":{\"@id\":\"https:\\\/\\\/redenoticiaz.com.br\\\/ribeiraopreto-regiao\\\/#organization\"},\"potentialAction\":[{\"@type\":\"SearchAction\",\"target\":{\"@type\":\"EntryPoint\",\"urlTemplate\":\"https:\\\/\\\/redenoticiaz.com.br\\\/ribeiraopreto-regiao\\\/?s={search_term_string}\"},\"query-input\":{\"@type\":\"PropertyValueSpecification\",\"valueRequired\":true,\"valueName\":\"search_term_string\"}}],\"inLanguage\":\"pt-BR\"},{\"@type\":\"Organization\",\"@id\":\"https:\\\/\\\/redenoticiaz.com.br\\\/ribeiraopreto-regiao\\\/#organization\",\"name\":\"Ribeir\u00e3o Preto e Regi\u00e3o\",\"url\":\"https:\\\/\\\/redenoticiaz.com.br\\\/ribeiraopreto-regiao\\\/\",\"logo\":{\"@type\":\"ImageObject\",\"inLanguage\":\"pt-BR\",\"@id\":\"https:\\\/\\\/redenoticiaz.com.br\\\/ribeiraopreto-regiao\\\/#\\\/schema\\\/logo\\\/image\\\/\",\"url\":\"https:\\\/\\\/redenoticiaz.com.br\\\/barretos-regiao\\\/wp-content\\\/uploads\\\/sites\\\/4\\\/2022\\\/02\\\/logo.jpg\",\"contentUrl\":\"https:\\\/\\\/redenoticiaz.com.br\\\/barretos-regiao\\\/wp-content\\\/uploads\\\/sites\\\/4\\\/2022\\\/02\\\/logo.jpg\",\"width\":400,\"height\":250,\"caption\":\"Ribeir\u00e3o Preto e Regi\u00e3o\"},\"image\":{\"@id\":\"https:\\\/\\\/redenoticiaz.com.br\\\/ribeiraopreto-regiao\\\/#\\\/schema\\\/logo\\\/image\\\/\"},\"sameAs\":[\"https:\\\/\\\/m.facebook.com\\\/redenoticiaz.barretos\",\"https:\\\/\\\/x.com\\\/RN_barretos\",\"https:\\\/\\\/www.instagram.com\\\/redenoticiaz.barretos\\\/?igshid=YmMyMTA2M2Y\",\"https:\\\/\\\/www.linkedin.com\\\/company\\\/rede-noticiaz-barretos-e-regio\\\/\"]},{\"@type\":\"Person\",\"@id\":\"https:\\\/\\\/redenoticiaz.com.br\\\/ribeiraopreto-regiao\\\/#\\\/schema\\\/person\\\/0f0b8a5bdafefe82841e07ae8d81ecb3\",\"name\":\"Leonardo Francisco\",\"image\":{\"@type\":\"ImageObject\",\"inLanguage\":\"pt-BR\",\"@id\":\"https:\\\/\\\/secure.gravatar.com\\\/avatar\\\/a7358cb406a99b682ec6df1e77e31ae82e63601f6784e8a3df411d72b37864da?s=96&d=mm&r=g\",\"url\":\"https:\\\/\\\/secure.gravatar.com\\\/avatar\\\/a7358cb406a99b682ec6df1e77e31ae82e63601f6784e8a3df411d72b37864da?s=96&d=mm&r=g\",\"contentUrl\":\"https:\\\/\\\/secure.gravatar.com\\\/avatar\\\/a7358cb406a99b682ec6df1e77e31ae82e63601f6784e8a3df411d72b37864da?s=96&d=mm&r=g\",\"caption\":\"Leonardo Francisco\"},\"url\":\"https:\\\/\\\/redenoticiaz.com.br\\\/ribeiraopreto-regiao\\\/sp\\\/author\\\/leonardo-francisco\"}]}<\/script>\n<!-- \/ Yoast SEO plugin. -->","yoast_head_json":{"title":"A influ\u00eancia dos data centers na transforma\u00e7\u00e3o digital - Ribeir\u00e3o Preto e Regi\u00e3o","description":"refor\u00e7aram a aposta na digitaliza\u00e7\u00e3o para contornar o impacto da pandemia na sociedade. Para suportar o uso massivo de servi\u00e7os digitais","robots":{"index":"index","follow":"follow","max-snippet":"max-snippet:-1","max-image-preview":"max-image-preview:large","max-video-preview":"max-video-preview:-1"},"canonical":"https:\/\/redenoticiaz.com.br\/ribeiraopreto-regiao\/sp\/2022\/06\/11\/a-influencia-dos-data-centers-na-transformacao-digital","og_locale":"pt_BR","og_type":"article","og_title":"A influ\u00eancia dos data centers na transforma\u00e7\u00e3o digital - Ribeir\u00e3o Preto e Regi\u00e3o","og_description":"refor\u00e7aram a aposta na digitaliza\u00e7\u00e3o para contornar o impacto da pandemia na sociedade. Para suportar o uso massivo de servi\u00e7os digitais","og_url":"https:\/\/redenoticiaz.com.br\/ribeiraopreto-regiao\/sp\/2022\/06\/11\/a-influencia-dos-data-centers-na-transformacao-digital","og_site_name":"Ribeir\u00e3o Preto e Regi\u00e3o","article_publisher":"https:\/\/m.facebook.com\/redenoticiaz.barretos","article_published_time":"2022-06-11T10:00:52+00:00","og_image":[{"width":400,"height":250,"url":"https:\/\/redenoticiaz.com.br\/ribeiraopreto-regiao\/wp-content\/uploads\/sites\/4\/2022\/02\/logo.jpg","type":"image\/jpeg"}],"author":"Leonardo Francisco","twitter_card":"summary_large_image","twitter_creator":"@RN_barretos","twitter_site":"@RN_barretos","twitter_misc":{"Escrito por":"Leonardo Francisco","Est. tempo de leitura":"3 minutos"},"schema":{"@context":"https:\/\/schema.org","@graph":[{"@type":"Article","@id":"https:\/\/redenoticiaz.com.br\/ribeiraopreto-regiao\/sp\/2022\/06\/11\/a-influencia-dos-data-centers-na-transformacao-digital#article","isPartOf":{"@id":"https:\/\/redenoticiaz.com.br\/ribeiraopreto-regiao\/sp\/2022\/06\/11\/a-influencia-dos-data-centers-na-transformacao-digital"},"author":{"name":"Leonardo Francisco","@id":"https:\/\/redenoticiaz.com.br\/ribeiraopreto-regiao\/#\/schema\/person\/0f0b8a5bdafefe82841e07ae8d81ecb3"},"headline":"A influ\u00eancia dos data centers na transforma\u00e7\u00e3o digital","datePublished":"2022-06-11T10:00:52+00:00","mainEntityOfPage":{"@id":"https:\/\/redenoticiaz.com.br\/ribeiraopreto-regiao\/sp\/2022\/06\/11\/a-influencia-dos-data-centers-na-transformacao-digital"},"wordCount":573,"commentCount":0,"publisher":{"@id":"https:\/\/redenoticiaz.com.br\/ribeiraopreto-regiao\/#organization"},"image":{"@id":"https:\/\/redenoticiaz.com.br\/ribeiraopreto-regiao\/sp\/2022\/06\/11\/a-influencia-dos-data-centers-na-transformacao-digital#primaryimage"},"thumbnailUrl":"https:\/\/redenoticiaz.com.br\/ribeiraopreto-regiao\/wp-content\/uploads\/sites\/4\/2022\/06\/Conectividade-scaled.jpg?v=1654534060","keywords":["DATA CENTERS","INTERNET","tecnologia","TRANSFORMA\u00c7\u00c3O DIGITAL"],"articleSection":["Tecnologia"],"inLanguage":"pt-BR","potentialAction":[{"@type":"CommentAction","name":"Comment","target":["https:\/\/redenoticiaz.com.br\/ribeiraopreto-regiao\/sp\/2022\/06\/11\/a-influencia-dos-data-centers-na-transformacao-digital#respond"]}]},{"@type":"WebPage","@id":"https:\/\/redenoticiaz.com.br\/ribeiraopreto-regiao\/sp\/2022\/06\/11\/a-influencia-dos-data-centers-na-transformacao-digital","url":"https:\/\/redenoticiaz.com.br\/ribeiraopreto-regiao\/sp\/2022\/06\/11\/a-influencia-dos-data-centers-na-transformacao-digital","name":"A influ\u00eancia dos data centers na transforma\u00e7\u00e3o digital - Ribeir\u00e3o Preto e Regi\u00e3o","isPartOf":{"@id":"https:\/\/redenoticiaz.com.br\/ribeiraopreto-regiao\/#website"},"primaryImageOfPage":{"@id":"https:\/\/redenoticiaz.com.br\/ribeiraopreto-regiao\/sp\/2022\/06\/11\/a-influencia-dos-data-centers-na-transformacao-digital#primaryimage"},"image":{"@id":"https:\/\/redenoticiaz.com.br\/ribeiraopreto-regiao\/sp\/2022\/06\/11\/a-influencia-dos-data-centers-na-transformacao-digital#primaryimage"},"thumbnailUrl":"https:\/\/redenoticiaz.com.br\/ribeiraopreto-regiao\/wp-content\/uploads\/sites\/4\/2022\/06\/Conectividade-scaled.jpg?v=1654534060","datePublished":"2022-06-11T10:00:52+00:00","description":"refor\u00e7aram a aposta na digitaliza\u00e7\u00e3o para contornar o impacto da pandemia na sociedade. Para suportar o uso massivo de servi\u00e7os digitais","inLanguage":"pt-BR","potentialAction":[{"@type":"ReadAction","target":["https:\/\/redenoticiaz.com.br\/ribeiraopreto-regiao\/sp\/2022\/06\/11\/a-influencia-dos-data-centers-na-transformacao-digital"]}]},{"@type":"ImageObject","inLanguage":"pt-BR","@id":"https:\/\/redenoticiaz.com.br\/ribeiraopreto-regiao\/sp\/2022\/06\/11\/a-influencia-dos-data-centers-na-transformacao-digital#primaryimage","url":"https:\/\/redenoticiaz.com.br\/ribeiraopreto-regiao\/wp-content\/uploads\/sites\/4\/2022\/06\/Conectividade-scaled.jpg?v=1654534060","contentUrl":"https:\/\/redenoticiaz.com.br\/ribeiraopreto-regiao\/wp-content\/uploads\/sites\/4\/2022\/06\/Conectividade-scaled.jpg?v=1654534060","width":1620,"height":1080,"caption":"Cr\u00e9ditos: Divulga\u00e7\u00e3o"},{"@type":"WebSite","@id":"https:\/\/redenoticiaz.com.br\/ribeiraopreto-regiao\/#website","url":"https:\/\/redenoticiaz.com.br\/ribeiraopreto-regiao\/","name":"Ribeir\u00e3o Preto e Regi\u00e3o","description":"Rede NoticiaZ - Ribeir\u00e3o Preto e regi\u00e3o","publisher":{"@id":"https:\/\/redenoticiaz.com.br\/ribeiraopreto-regiao\/#organization"},"potentialAction":[{"@type":"SearchAction","target":{"@type":"EntryPoint","urlTemplate":"https:\/\/redenoticiaz.com.br\/ribeiraopreto-regiao\/?s={search_term_string}"},"query-input":{"@type":"PropertyValueSpecification","valueRequired":true,"valueName":"search_term_string"}}],"inLanguage":"pt-BR"},{"@type":"Organization","@id":"https:\/\/redenoticiaz.com.br\/ribeiraopreto-regiao\/#organization","name":"Ribeir\u00e3o Preto e Regi\u00e3o","url":"https:\/\/redenoticiaz.com.br\/ribeiraopreto-regiao\/","logo":{"@type":"ImageObject","inLanguage":"pt-BR","@id":"https:\/\/redenoticiaz.com.br\/ribeiraopreto-regiao\/#\/schema\/logo\/image\/","url":"https:\/\/redenoticiaz.com.br\/barretos-regiao\/wp-content\/uploads\/sites\/4\/2022\/02\/logo.jpg","contentUrl":"https:\/\/redenoticiaz.com.br\/barretos-regiao\/wp-content\/uploads\/sites\/4\/2022\/02\/logo.jpg","width":400,"height":250,"caption":"Ribeir\u00e3o Preto e Regi\u00e3o"},"image":{"@id":"https:\/\/redenoticiaz.com.br\/ribeiraopreto-regiao\/#\/schema\/logo\/image\/"},"sameAs":["https:\/\/m.facebook.com\/redenoticiaz.barretos","https:\/\/x.com\/RN_barretos","https:\/\/www.instagram.com\/redenoticiaz.barretos\/?igshid=YmMyMTA2M2Y","https:\/\/www.linkedin.com\/company\/rede-noticiaz-barretos-e-regio\/"]},{"@type":"Person","@id":"https:\/\/redenoticiaz.com.br\/ribeiraopreto-regiao\/#\/schema\/person\/0f0b8a5bdafefe82841e07ae8d81ecb3","name":"Leonardo Francisco","image":{"@type":"ImageObject","inLanguage":"pt-BR","@id":"https:\/\/secure.gravatar.com\/avatar\/a7358cb406a99b682ec6df1e77e31ae82e63601f6784e8a3df411d72b37864da?s=96&d=mm&r=g","url":"https:\/\/secure.gravatar.com\/avatar\/a7358cb406a99b682ec6df1e77e31ae82e63601f6784e8a3df411d72b37864da?s=96&d=mm&r=g","contentUrl":"https:\/\/secure.gravatar.com\/avatar\/a7358cb406a99b682ec6df1e77e31ae82e63601f6784e8a3df411d72b37864da?s=96&d=mm&r=g","caption":"Leonardo Francisco"},"url":"https:\/\/redenoticiaz.com.br\/ribeiraopreto-regiao\/sp\/author\/leonardo-francisco"}]}},"_links":{"self":[{"href":"https:\/\/redenoticiaz.com.br\/ribeiraopreto-regiao\/wp-json\/wp\/v2\/posts\/85626","targetHints":{"allow":["GET"]}}],"collection":[{"href":"https:\/\/redenoticiaz.com.br\/ribeiraopreto-regiao\/wp-json\/wp\/v2\/posts"}],"about":[{"href":"https:\/\/redenoticiaz.com.br\/ribeiraopreto-regiao\/wp-json\/wp\/v2\/types\/post"}],"author":[{"embeddable":true,"href":"https:\/\/redenoticiaz.com.br\/ribeiraopreto-regiao\/wp-json\/wp\/v2\/users\/6"}],"replies":[{"embeddable":true,"href":"https:\/\/redenoticiaz.com.br\/ribeiraopreto-regiao\/wp-json\/wp\/v2\/comments?post=85626"}],"version-history":[{"count":0,"href":"https:\/\/redenoticiaz.com.br\/ribeiraopreto-regiao\/wp-json\/wp\/v2\/posts\/85626\/revisions"}],"wp:featuredmedia":[{"embeddable":true,"href":"https:\/\/redenoticiaz.com.br\/ribeiraopreto-regiao\/wp-json\/wp\/v2\/media\/85627"}],"wp:attachment":[{"href":"https:\/\/redenoticiaz.com.br\/ribeiraopreto-regiao\/wp-json\/wp\/v2\/media?parent=85626"}],"wp:term":[{"taxonomy":"category","embeddable":true,"href":"https:\/\/redenoticiaz.com.br\/ribeiraopreto-regiao\/wp-json\/wp\/v2\/categories?post=85626"},{"taxonomy":"post_tag","embeddable":true,"href":"https:\/\/redenoticiaz.com.br\/ribeiraopreto-regiao\/wp-json\/wp\/v2\/tags?post=85626"}],"curies":[{"name":"wp","href":"https:\/\/api.w.org\/{rel}","templated":true}]}}