{"id":85632,"date":"2022-06-06T14:20:18","date_gmt":"2022-06-06T17:20:18","guid":{"rendered":"https:\/\/redenoticiaz.com.br\/barretos-regiao\/?p=85632"},"modified":"2022-06-06T14:20:18","modified_gmt":"2022-06-06T17:20:18","slug":"bebedouro-tem-patrulha-maria-da-penha","status":"publish","type":"post","link":"https:\/\/redenoticiaz.com.br\/ribeiraopreto-regiao\/sp\/2022\/06\/06\/bebedouro-tem-patrulha-maria-da-penha","title":{"rendered":"Bebedouro tem Patrulha Maria da Penha"},"content":{"rendered":"<p>As<strong> mulheres v\u00edtimas<\/strong> de <strong>viol\u00eancia dom\u00e9stica<\/strong> ter\u00e3o um novo <strong>servi\u00e7o para proteger,<\/strong> monitorar e acompanhar de perto a sua seguran\u00e7a em Bebedouro.<\/p>\n<p>Os agentes da Guarda Civil Municipal (GCM) de S\u00e3o Jos\u00e9 do Rio Preto apresentaram detalhes do projeto \u201cPatrulha Maria da Penha&#8221;. A troca de experi\u00eancias aconteceu na Casa dos Conselhos.<\/p>\n<p>A GCM encarregada, F\u00e1bia Suaide, explicou que a patrulha \u00e9 uma parceria da Guarda Municipal e o Tribunal de Justi\u00e7a de Rio Preto. \u201c<em>Com as medidas preventivas em m\u00e3os \u00e9 poss\u00edvel realizar visitas peri\u00f3dicas \u00e0s fam\u00edlias, avaliando se a mulher realmente est\u00e1 em seguran\u00e7a. O projeto j\u00e1 est\u00e1 em vigor desde o ano passado e, ap\u00f3s o acompanhamento, nossas mulheres est\u00e3o mais seguras e aprovaram os resultados\u201d.<\/em><\/p>\n<p>O comandante da GCM de Bebedouro, Lourival Padovan, agradeceu pela troca de experi\u00eancias.<em> \u201cA Patrulha Maria da Penha \u00e9 um pedido do prefeito Lucas Seren e da vice-prefeita Sebastiana Tavares. Nosso projeto j\u00e1 est\u00e1 pronto e ser\u00e1 implantado ap\u00f3s a aprova\u00e7\u00e3o da C\u00e2mara Municipal. Depois, nossos guardas municipais ter\u00e3o um treinamento para atender nossas mulheres de forma mais humanizada e eficiente\u201d<\/em>, informa.<\/p>\n<p>De acordo com o programa implantado, a prote\u00e7\u00e3o \u00e0 mulher vai muito al\u00e9m de um boletim de ocorr\u00eancia.<em> \u201cO BO \u00e9 o primeiro passo. As mulheres que sofrem viol\u00eancia devem procurar a Delegacia da Mulher. O juiz ir\u00e1 emitir uma medida protetiva e a prefeitura\/Guarda Municipal passar\u00e1 a acompanhar a fam\u00edlia de perto. N\u00f3s visitamos a casa da v\u00edtima, fiscalizamos se o agressor est\u00e1 pr\u00f3ximo ou incomodando a mulher. \u00c9 um servi\u00e7o importante para evitar novas agress\u00f5es e o feminic\u00eddio\u201d<\/em>, explica o prefeito Lucas Seren.<\/p>\n<p>O projeto \u00e9 fruto de uma parceria da Guarda Municipal e o Tribunal de Justi\u00e7a.<em> \u201cCom as medidas preventivas em m\u00e3os \u00e9 poss\u00edvel realizar visitas peri\u00f3dicas e avaliar se a mulher realmente est\u00e1 em seguran\u00e7a\u201d<\/em>, refor\u00e7a o comandante da GCM de Bebedouro, Lourival Padovan.<\/p>\n<p>VEJA TAMB\u00c9M:\u00a0<a href=\"https:\/\/redenoticiaz.com.br\/barretos-regiao\/sp\/2022\/04\/01\/homem-e-surpreendido-ao-tentar-tirar-atestado-de-antecedentes-criminais\">Homem \u00e9 surpreendido\u00a0ao tentar tirar atestado de antecedentes criminais<\/a><\/p>\n","protected":false},"excerpt":{"rendered":"<p>As mulheres v\u00edtimas de viol\u00eancia dom\u00e9stica ter\u00e3o um novo servi\u00e7o para proteger, monitorar e acompanhar de perto a sua seguran\u00e7a em Bebedouro. Os agentes da Guarda Civil Municipal (GCM) de S\u00e3o Jos\u00e9 do Rio Preto apresentaram detalhes do projeto \u201cPatrulha Maria da Penha&#8221;. A troca de experi\u00eancias aconteceu na Casa dos Conselhos. A GCM encarregada, &hellip;<\/p>\n","protected":false},"author":15,"featured_media":85633,"comment_status":"open","ping_status":"closed","sticky":false,"template":"","format":"standard","meta":{"footnotes":""},"categories":[88],"tags":[545,17402,2924,17355,17403],"class_list":["post-85632","post","type-post","status-publish","format-standard","has-post-thumbnail","hentry","category-policia","tag-bebedouro","tag-patrulha-maria-da-penha","tag-projeto","tag-violencia-domestica","tag-vitmas-de-violencia"],"yoast_head":"<!-- This site is optimized with the Yoast SEO plugin v27.4 - https:\/\/yoast.com\/product\/yoast-seo-wordpress\/ -->\n<title>Bebedouro tem Patrulha Maria da Penha - Ribeir\u00e3o Preto e Regi\u00e3o<\/title>\n<meta name=\"description\" content=\"As mulheres v\u00edtimas de viol\u00eancia dom\u00e9stica ter\u00e3o um novo servi\u00e7o para proteger, monitorar e acompanhar de perto a sua seguran\u00e7a em Bebedouro.\" \/>\n<meta name=\"robots\" content=\"index, follow, max-snippet:-1, max-image-preview:large, max-video-preview:-1\" \/>\n<link rel=\"canonical\" href=\"https:\/\/redenoticiaz.com.br\/ribeiraopreto-regiao\/sp\/2022\/06\/06\/bebedouro-tem-patrulha-maria-da-penha\" \/>\n<meta property=\"og:locale\" content=\"pt_BR\" \/>\n<meta property=\"og:type\" content=\"article\" \/>\n<meta property=\"og:title\" content=\"Bebedouro tem Patrulha Maria da Penha - Ribeir\u00e3o Preto e Regi\u00e3o\" \/>\n<meta property=\"og:description\" content=\"As mulheres v\u00edtimas de viol\u00eancia dom\u00e9stica ter\u00e3o um novo servi\u00e7o para proteger, monitorar e acompanhar de perto a sua seguran\u00e7a em Bebedouro.\" \/>\n<meta property=\"og:url\" content=\"https:\/\/redenoticiaz.com.br\/ribeiraopreto-regiao\/sp\/2022\/06\/06\/bebedouro-tem-patrulha-maria-da-penha\" \/>\n<meta property=\"og:site_name\" content=\"Ribeir\u00e3o Preto e Regi\u00e3o\" \/>\n<meta property=\"article:publisher\" content=\"https:\/\/m.facebook.com\/redenoticiaz.barretos\" \/>\n<meta property=\"article:published_time\" content=\"2022-06-06T17:20:18+00:00\" \/>\n<meta property=\"og:image\" content=\"https:\/\/redenoticiaz.com.br\/ribeiraopreto-regiao\/wp-content\/uploads\/sites\/4\/2022\/06\/84327d55321649e3ab2c1d083a28f3f9_XL.jpg\" \/>\n\t<meta property=\"og:image:width\" content=\"900\" \/>\n\t<meta property=\"og:image:height\" content=\"500\" \/>\n\t<meta property=\"og:image:type\" content=\"image\/jpeg\" \/>\n<meta name=\"twitter:card\" content=\"summary_large_image\" \/>\n<meta name=\"twitter:creator\" content=\"@RN_barretos\" \/>\n<meta name=\"twitter:site\" content=\"@RN_barretos\" \/>\n<meta name=\"twitter:label1\" content=\"Escrito por\" \/>\n\t<meta name=\"twitter:data1\" content=\"\" \/>\n\t<meta name=\"twitter:label2\" content=\"Est. tempo de leitura\" \/>\n\t<meta name=\"twitter:data2\" content=\"2 minutos\" \/>\n<script type=\"application\/ld+json\" class=\"yoast-schema-graph\">{\"@context\":\"https:\\\/\\\/schema.org\",\"@graph\":[{\"@type\":\"Article\",\"@id\":\"https:\\\/\\\/redenoticiaz.com.br\\\/ribeiraopreto-regiao\\\/sp\\\/2022\\\/06\\\/06\\\/bebedouro-tem-patrulha-maria-da-penha#article\",\"isPartOf\":{\"@id\":\"https:\\\/\\\/redenoticiaz.com.br\\\/ribeiraopreto-regiao\\\/sp\\\/2022\\\/06\\\/06\\\/bebedouro-tem-patrulha-maria-da-penha\"},\"author\":{\"name\":\"\",\"@id\":\"\"},\"headline\":\"Bebedouro tem Patrulha Maria da Penha\",\"datePublished\":\"2022-06-06T17:20:18+00:00\",\"mainEntityOfPage\":{\"@id\":\"https:\\\/\\\/redenoticiaz.com.br\\\/ribeiraopreto-regiao\\\/sp\\\/2022\\\/06\\\/06\\\/bebedouro-tem-patrulha-maria-da-penha\"},\"wordCount\":360,\"commentCount\":0,\"publisher\":{\"@id\":\"https:\\\/\\\/redenoticiaz.com.br\\\/ribeiraopreto-regiao\\\/#organization\"},\"image\":{\"@id\":\"https:\\\/\\\/redenoticiaz.com.br\\\/ribeiraopreto-regiao\\\/sp\\\/2022\\\/06\\\/06\\\/bebedouro-tem-patrulha-maria-da-penha#primaryimage\"},\"thumbnailUrl\":\"https:\\\/\\\/redenoticiaz.com.br\\\/ribeiraopreto-regiao\\\/wp-content\\\/uploads\\\/sites\\\/4\\\/2022\\\/06\\\/84327d55321649e3ab2c1d083a28f3f9_XL.jpg\",\"keywords\":[\"BEBEDOURO\",\"PATRULHA MARIA DA PENHA\",\"PROJETO\",\"Viol\u00eancia dom\u00e9stica\",\"V\u00cdTMAS DE VIOL\u00caNCIA\"],\"articleSection\":[\"Pol\u00edcia\"],\"inLanguage\":\"pt-BR\",\"potentialAction\":[{\"@type\":\"CommentAction\",\"name\":\"Comment\",\"target\":[\"https:\\\/\\\/redenoticiaz.com.br\\\/ribeiraopreto-regiao\\\/sp\\\/2022\\\/06\\\/06\\\/bebedouro-tem-patrulha-maria-da-penha#respond\"]}]},{\"@type\":\"WebPage\",\"@id\":\"https:\\\/\\\/redenoticiaz.com.br\\\/ribeiraopreto-regiao\\\/sp\\\/2022\\\/06\\\/06\\\/bebedouro-tem-patrulha-maria-da-penha\",\"url\":\"https:\\\/\\\/redenoticiaz.com.br\\\/ribeiraopreto-regiao\\\/sp\\\/2022\\\/06\\\/06\\\/bebedouro-tem-patrulha-maria-da-penha\",\"name\":\"Bebedouro tem Patrulha Maria da Penha - Ribeir\u00e3o Preto e Regi\u00e3o\",\"isPartOf\":{\"@id\":\"https:\\\/\\\/redenoticiaz.com.br\\\/ribeiraopreto-regiao\\\/#website\"},\"primaryImageOfPage\":{\"@id\":\"https:\\\/\\\/redenoticiaz.com.br\\\/ribeiraopreto-regiao\\\/sp\\\/2022\\\/06\\\/06\\\/bebedouro-tem-patrulha-maria-da-penha#primaryimage\"},\"image\":{\"@id\":\"https:\\\/\\\/redenoticiaz.com.br\\\/ribeiraopreto-regiao\\\/sp\\\/2022\\\/06\\\/06\\\/bebedouro-tem-patrulha-maria-da-penha#primaryimage\"},\"thumbnailUrl\":\"https:\\\/\\\/redenoticiaz.com.br\\\/ribeiraopreto-regiao\\\/wp-content\\\/uploads\\\/sites\\\/4\\\/2022\\\/06\\\/84327d55321649e3ab2c1d083a28f3f9_XL.jpg\",\"datePublished\":\"2022-06-06T17:20:18+00:00\",\"description\":\"As mulheres v\u00edtimas de viol\u00eancia dom\u00e9stica ter\u00e3o um novo servi\u00e7o para proteger, monitorar e acompanhar de perto a sua seguran\u00e7a em Bebedouro.\",\"inLanguage\":\"pt-BR\",\"potentialAction\":[{\"@type\":\"ReadAction\",\"target\":[\"https:\\\/\\\/redenoticiaz.com.br\\\/ribeiraopreto-regiao\\\/sp\\\/2022\\\/06\\\/06\\\/bebedouro-tem-patrulha-maria-da-penha\"]}]},{\"@type\":\"ImageObject\",\"inLanguage\":\"pt-BR\",\"@id\":\"https:\\\/\\\/redenoticiaz.com.br\\\/ribeiraopreto-regiao\\\/sp\\\/2022\\\/06\\\/06\\\/bebedouro-tem-patrulha-maria-da-penha#primaryimage\",\"url\":\"https:\\\/\\\/redenoticiaz.com.br\\\/ribeiraopreto-regiao\\\/wp-content\\\/uploads\\\/sites\\\/4\\\/2022\\\/06\\\/84327d55321649e3ab2c1d083a28f3f9_XL.jpg\",\"contentUrl\":\"https:\\\/\\\/redenoticiaz.com.br\\\/ribeiraopreto-regiao\\\/wp-content\\\/uploads\\\/sites\\\/4\\\/2022\\\/06\\\/84327d55321649e3ab2c1d083a28f3f9_XL.jpg\",\"width\":900,\"height\":500,\"caption\":\"Patrulha Maria da Penha. Cr\u00e9dito: Reprodu\u00e7\u00e3o\"},{\"@type\":\"WebSite\",\"@id\":\"https:\\\/\\\/redenoticiaz.com.br\\\/ribeiraopreto-regiao\\\/#website\",\"url\":\"https:\\\/\\\/redenoticiaz.com.br\\\/ribeiraopreto-regiao\\\/\",\"name\":\"Ribeir\u00e3o Preto e Regi\u00e3o\",\"description\":\"Rede NoticiaZ - Ribeir\u00e3o Preto e regi\u00e3o\",\"publisher\":{\"@id\":\"https:\\\/\\\/redenoticiaz.com.br\\\/ribeiraopreto-regiao\\\/#organization\"},\"potentialAction\":[{\"@type\":\"SearchAction\",\"target\":{\"@type\":\"EntryPoint\",\"urlTemplate\":\"https:\\\/\\\/redenoticiaz.com.br\\\/ribeiraopreto-regiao\\\/?s={search_term_string}\"},\"query-input\":{\"@type\":\"PropertyValueSpecification\",\"valueRequired\":true,\"valueName\":\"search_term_string\"}}],\"inLanguage\":\"pt-BR\"},{\"@type\":\"Organization\",\"@id\":\"https:\\\/\\\/redenoticiaz.com.br\\\/ribeiraopreto-regiao\\\/#organization\",\"name\":\"Ribeir\u00e3o Preto e Regi\u00e3o\",\"url\":\"https:\\\/\\\/redenoticiaz.com.br\\\/ribeiraopreto-regiao\\\/\",\"logo\":{\"@type\":\"ImageObject\",\"inLanguage\":\"pt-BR\",\"@id\":\"https:\\\/\\\/redenoticiaz.com.br\\\/ribeiraopreto-regiao\\\/#\\\/schema\\\/logo\\\/image\\\/\",\"url\":\"https:\\\/\\\/redenoticiaz.com.br\\\/barretos-regiao\\\/wp-content\\\/uploads\\\/sites\\\/4\\\/2022\\\/02\\\/logo.jpg\",\"contentUrl\":\"https:\\\/\\\/redenoticiaz.com.br\\\/barretos-regiao\\\/wp-content\\\/uploads\\\/sites\\\/4\\\/2022\\\/02\\\/logo.jpg\",\"width\":400,\"height\":250,\"caption\":\"Ribeir\u00e3o Preto e Regi\u00e3o\"},\"image\":{\"@id\":\"https:\\\/\\\/redenoticiaz.com.br\\\/ribeiraopreto-regiao\\\/#\\\/schema\\\/logo\\\/image\\\/\"},\"sameAs\":[\"https:\\\/\\\/m.facebook.com\\\/redenoticiaz.barretos\",\"https:\\\/\\\/x.com\\\/RN_barretos\",\"https:\\\/\\\/www.instagram.com\\\/redenoticiaz.barretos\\\/?igshid=YmMyMTA2M2Y\",\"https:\\\/\\\/www.linkedin.com\\\/company\\\/rede-noticiaz-barretos-e-regio\\\/\"]},{\"@type\":\"Person\",\"@id\":\"\",\"url\":\"https:\\\/\\\/redenoticiaz.com.br\\\/ribeiraopreto-regiao\\\/sp\\\/author\"}]}<\/script>\n<!-- \/ Yoast SEO plugin. -->","yoast_head_json":{"title":"Bebedouro tem Patrulha Maria da Penha - Ribeir\u00e3o Preto e Regi\u00e3o","description":"As mulheres v\u00edtimas de viol\u00eancia dom\u00e9stica ter\u00e3o um novo servi\u00e7o para proteger, monitorar e acompanhar de perto a sua seguran\u00e7a em Bebedouro.","robots":{"index":"index","follow":"follow","max-snippet":"max-snippet:-1","max-image-preview":"max-image-preview:large","max-video-preview":"max-video-preview:-1"},"canonical":"https:\/\/redenoticiaz.com.br\/ribeiraopreto-regiao\/sp\/2022\/06\/06\/bebedouro-tem-patrulha-maria-da-penha","og_locale":"pt_BR","og_type":"article","og_title":"Bebedouro tem Patrulha Maria da Penha - Ribeir\u00e3o Preto e Regi\u00e3o","og_description":"As mulheres v\u00edtimas de viol\u00eancia dom\u00e9stica ter\u00e3o um novo servi\u00e7o para proteger, monitorar e acompanhar de perto a sua seguran\u00e7a em Bebedouro.","og_url":"https:\/\/redenoticiaz.com.br\/ribeiraopreto-regiao\/sp\/2022\/06\/06\/bebedouro-tem-patrulha-maria-da-penha","og_site_name":"Ribeir\u00e3o Preto e Regi\u00e3o","article_publisher":"https:\/\/m.facebook.com\/redenoticiaz.barretos","article_published_time":"2022-06-06T17:20:18+00:00","og_image":[{"width":900,"height":500,"url":"https:\/\/redenoticiaz.com.br\/ribeiraopreto-regiao\/wp-content\/uploads\/sites\/4\/2022\/06\/84327d55321649e3ab2c1d083a28f3f9_XL.jpg","type":"image\/jpeg"}],"twitter_card":"summary_large_image","twitter_creator":"@RN_barretos","twitter_site":"@RN_barretos","twitter_misc":{"Escrito por":"","Est. tempo de leitura":"2 minutos"},"schema":{"@context":"https:\/\/schema.org","@graph":[{"@type":"Article","@id":"https:\/\/redenoticiaz.com.br\/ribeiraopreto-regiao\/sp\/2022\/06\/06\/bebedouro-tem-patrulha-maria-da-penha#article","isPartOf":{"@id":"https:\/\/redenoticiaz.com.br\/ribeiraopreto-regiao\/sp\/2022\/06\/06\/bebedouro-tem-patrulha-maria-da-penha"},"author":{"name":"","@id":""},"headline":"Bebedouro tem Patrulha Maria da Penha","datePublished":"2022-06-06T17:20:18+00:00","mainEntityOfPage":{"@id":"https:\/\/redenoticiaz.com.br\/ribeiraopreto-regiao\/sp\/2022\/06\/06\/bebedouro-tem-patrulha-maria-da-penha"},"wordCount":360,"commentCount":0,"publisher":{"@id":"https:\/\/redenoticiaz.com.br\/ribeiraopreto-regiao\/#organization"},"image":{"@id":"https:\/\/redenoticiaz.com.br\/ribeiraopreto-regiao\/sp\/2022\/06\/06\/bebedouro-tem-patrulha-maria-da-penha#primaryimage"},"thumbnailUrl":"https:\/\/redenoticiaz.com.br\/ribeiraopreto-regiao\/wp-content\/uploads\/sites\/4\/2022\/06\/84327d55321649e3ab2c1d083a28f3f9_XL.jpg","keywords":["BEBEDOURO","PATRULHA MARIA DA PENHA","PROJETO","Viol\u00eancia dom\u00e9stica","V\u00cdTMAS DE VIOL\u00caNCIA"],"articleSection":["Pol\u00edcia"],"inLanguage":"pt-BR","potentialAction":[{"@type":"CommentAction","name":"Comment","target":["https:\/\/redenoticiaz.com.br\/ribeiraopreto-regiao\/sp\/2022\/06\/06\/bebedouro-tem-patrulha-maria-da-penha#respond"]}]},{"@type":"WebPage","@id":"https:\/\/redenoticiaz.com.br\/ribeiraopreto-regiao\/sp\/2022\/06\/06\/bebedouro-tem-patrulha-maria-da-penha","url":"https:\/\/redenoticiaz.com.br\/ribeiraopreto-regiao\/sp\/2022\/06\/06\/bebedouro-tem-patrulha-maria-da-penha","name":"Bebedouro tem Patrulha Maria da Penha - Ribeir\u00e3o Preto e Regi\u00e3o","isPartOf":{"@id":"https:\/\/redenoticiaz.com.br\/ribeiraopreto-regiao\/#website"},"primaryImageOfPage":{"@id":"https:\/\/redenoticiaz.com.br\/ribeiraopreto-regiao\/sp\/2022\/06\/06\/bebedouro-tem-patrulha-maria-da-penha#primaryimage"},"image":{"@id":"https:\/\/redenoticiaz.com.br\/ribeiraopreto-regiao\/sp\/2022\/06\/06\/bebedouro-tem-patrulha-maria-da-penha#primaryimage"},"thumbnailUrl":"https:\/\/redenoticiaz.com.br\/ribeiraopreto-regiao\/wp-content\/uploads\/sites\/4\/2022\/06\/84327d55321649e3ab2c1d083a28f3f9_XL.jpg","datePublished":"2022-06-06T17:20:18+00:00","description":"As mulheres v\u00edtimas de viol\u00eancia dom\u00e9stica ter\u00e3o um novo servi\u00e7o para proteger, monitorar e acompanhar de perto a sua seguran\u00e7a em Bebedouro.","inLanguage":"pt-BR","potentialAction":[{"@type":"ReadAction","target":["https:\/\/redenoticiaz.com.br\/ribeiraopreto-regiao\/sp\/2022\/06\/06\/bebedouro-tem-patrulha-maria-da-penha"]}]},{"@type":"ImageObject","inLanguage":"pt-BR","@id":"https:\/\/redenoticiaz.com.br\/ribeiraopreto-regiao\/sp\/2022\/06\/06\/bebedouro-tem-patrulha-maria-da-penha#primaryimage","url":"https:\/\/redenoticiaz.com.br\/ribeiraopreto-regiao\/wp-content\/uploads\/sites\/4\/2022\/06\/84327d55321649e3ab2c1d083a28f3f9_XL.jpg","contentUrl":"https:\/\/redenoticiaz.com.br\/ribeiraopreto-regiao\/wp-content\/uploads\/sites\/4\/2022\/06\/84327d55321649e3ab2c1d083a28f3f9_XL.jpg","width":900,"height":500,"caption":"Patrulha Maria da Penha. Cr\u00e9dito: Reprodu\u00e7\u00e3o"},{"@type":"WebSite","@id":"https:\/\/redenoticiaz.com.br\/ribeiraopreto-regiao\/#website","url":"https:\/\/redenoticiaz.com.br\/ribeiraopreto-regiao\/","name":"Ribeir\u00e3o Preto e Regi\u00e3o","description":"Rede NoticiaZ - Ribeir\u00e3o Preto e regi\u00e3o","publisher":{"@id":"https:\/\/redenoticiaz.com.br\/ribeiraopreto-regiao\/#organization"},"potentialAction":[{"@type":"SearchAction","target":{"@type":"EntryPoint","urlTemplate":"https:\/\/redenoticiaz.com.br\/ribeiraopreto-regiao\/?s={search_term_string}"},"query-input":{"@type":"PropertyValueSpecification","valueRequired":true,"valueName":"search_term_string"}}],"inLanguage":"pt-BR"},{"@type":"Organization","@id":"https:\/\/redenoticiaz.com.br\/ribeiraopreto-regiao\/#organization","name":"Ribeir\u00e3o Preto e Regi\u00e3o","url":"https:\/\/redenoticiaz.com.br\/ribeiraopreto-regiao\/","logo":{"@type":"ImageObject","inLanguage":"pt-BR","@id":"https:\/\/redenoticiaz.com.br\/ribeiraopreto-regiao\/#\/schema\/logo\/image\/","url":"https:\/\/redenoticiaz.com.br\/barretos-regiao\/wp-content\/uploads\/sites\/4\/2022\/02\/logo.jpg","contentUrl":"https:\/\/redenoticiaz.com.br\/barretos-regiao\/wp-content\/uploads\/sites\/4\/2022\/02\/logo.jpg","width":400,"height":250,"caption":"Ribeir\u00e3o Preto e Regi\u00e3o"},"image":{"@id":"https:\/\/redenoticiaz.com.br\/ribeiraopreto-regiao\/#\/schema\/logo\/image\/"},"sameAs":["https:\/\/m.facebook.com\/redenoticiaz.barretos","https:\/\/x.com\/RN_barretos","https:\/\/www.instagram.com\/redenoticiaz.barretos\/?igshid=YmMyMTA2M2Y","https:\/\/www.linkedin.com\/company\/rede-noticiaz-barretos-e-regio\/"]},{"@type":"Person","@id":"","url":"https:\/\/redenoticiaz.com.br\/ribeiraopreto-regiao\/sp\/author"}]}},"_links":{"self":[{"href":"https:\/\/redenoticiaz.com.br\/ribeiraopreto-regiao\/wp-json\/wp\/v2\/posts\/85632","targetHints":{"allow":["GET"]}}],"collection":[{"href":"https:\/\/redenoticiaz.com.br\/ribeiraopreto-regiao\/wp-json\/wp\/v2\/posts"}],"about":[{"href":"https:\/\/redenoticiaz.com.br\/ribeiraopreto-regiao\/wp-json\/wp\/v2\/types\/post"}],"author":[{"embeddable":true,"href":"https:\/\/redenoticiaz.com.br\/ribeiraopreto-regiao\/wp-json\/wp\/v2\/users\/15"}],"replies":[{"embeddable":true,"href":"https:\/\/redenoticiaz.com.br\/ribeiraopreto-regiao\/wp-json\/wp\/v2\/comments?post=85632"}],"version-history":[{"count":1,"href":"https:\/\/redenoticiaz.com.br\/ribeiraopreto-regiao\/wp-json\/wp\/v2\/posts\/85632\/revisions"}],"predecessor-version":[{"id":85634,"href":"https:\/\/redenoticiaz.com.br\/ribeiraopreto-regiao\/wp-json\/wp\/v2\/posts\/85632\/revisions\/85634"}],"wp:featuredmedia":[{"embeddable":true,"href":"https:\/\/redenoticiaz.com.br\/ribeiraopreto-regiao\/wp-json\/wp\/v2\/media\/85633"}],"wp:attachment":[{"href":"https:\/\/redenoticiaz.com.br\/ribeiraopreto-regiao\/wp-json\/wp\/v2\/media?parent=85632"}],"wp:term":[{"taxonomy":"category","embeddable":true,"href":"https:\/\/redenoticiaz.com.br\/ribeiraopreto-regiao\/wp-json\/wp\/v2\/categories?post=85632"},{"taxonomy":"post_tag","embeddable":true,"href":"https:\/\/redenoticiaz.com.br\/ribeiraopreto-regiao\/wp-json\/wp\/v2\/tags?post=85632"}],"curies":[{"name":"wp","href":"https:\/\/api.w.org\/{rel}","templated":true}]}}