{"id":85749,"date":"2022-06-08T09:07:34","date_gmt":"2022-06-08T12:07:34","guid":{"rendered":"https:\/\/redenoticiaz.com.br\/barretos-regiao\/sp\/2022\/06\/08\/corinthians-perde-para-o-cuiaba-e-pode-dar-adeus-a-lideranca-do-brasileirao"},"modified":"2022-06-08T09:07:34","modified_gmt":"2022-06-08T12:07:34","slug":"corinthians-perde-para-o-cuiaba-e-pode-dar-adeus-a-lideranca-do-brasileirao","status":"publish","type":"post","link":"https:\/\/redenoticiaz.com.br\/ribeiraopreto-regiao\/sp\/2022\/06\/08\/corinthians-perde-para-o-cuiaba-e-pode-dar-adeus-a-lideranca-do-brasileirao","title":{"rendered":"Corinthians perde para o Cuiab\u00e1 e pode dar adeus a lideran\u00e7a do Brasileir\u00e3o"},"content":{"rendered":"<p>Se h\u00e1 uma lei no Brasil que n\u00e3o falha \u00e9 a chamada &#8220;lei do ex&#8221;. E o <strong>Corinthians<\/strong> foi mais um que sofreu com ela, j\u00e1 que foi derrotado para o <strong>Cuiab\u00e1<\/strong>, na Arena Pantanal, pela 10\u00aa rodada do <a href=\"https:\/\/www.cbf.com.br\/\">Campeonato Brasileiro<\/a> nessa ter\u00e7a-feira (7). O algoz corintiano foi o lateral-esquerdo Uendel, que passou pelo Tim\u00e3o e provocou a perda da invencibilidade que durava 11 jogos. Al\u00e9m disso, os paulistas podem perder a lideran\u00e7a para Palmeiras ou Atl\u00e9tico-MG, que ainda jogam nesta rodada.<\/p>\n<p>O primeiro tempo deu a expectativa aos corintianos que o time poderia impor seu ritmo e n\u00e3o dar chances aos donos da casa. S\u00f3 que na pr\u00e1tica n\u00e3o foi o que aconteceu. Pelo contr\u00e1rio, o Cuiab\u00e1 foi quem tomou a iniciativa. Andr\u00e9 finalizou com perigo, exigindo defesa de C\u00e1ssio.<\/p>\n<p>O Tim\u00e3o at\u00e9 respondeu pouco depois com cabe\u00e7ada de Gustavo Mosquito no meio do gol, mas Jo\u00e3o Carlos pegou bem. Aos poucos o jogo se equilibrou, mas o Cuiab\u00e1 conseguiu abrir o placar em belo gol de Uendel, que colocou em pr\u00e1tica a &#8220;lei do ex&#8221;. O Tim\u00e3o saiu jogando mal, Adson perdeu a posse, e o lateral mandou para as redes.<\/p>\n<h3>Segundo tempo<\/h3>\n<p>Veio a etapa final e o t\u00e9cnico V\u00edtor Pereira colocou Lucas Piton, Giuliano, Renato Augusto e J\u00fanior Moraes, com o objetivo de sair para o ataque. Mas apesar de ter empurrado o Cuiab\u00e1 para seu campo de defesa, faltou efetividade para criar chances mais claras de gol: o goleiro Jo\u00e3o Carlos n\u00e3o teve de fazer grandes interven\u00e7\u00f5es.<\/p>\n<p>R\u00f3ger Guedes, em cobran\u00e7a de falta, foi quem levou mais perigo, mas mesmo assim uma atua\u00e7\u00e3o muito abaixo da m\u00e9dia em geral custou caro. O Cuiab\u00e1 teve contra-ataques e podia ter feito o segundo se caprichasse mais. No fim, Vald\u00edvia acabou expulso ap\u00f3s falta dura em Mantuan, mas n\u00e3o impediu a vit\u00f3ria dos donos da casa na Arena Pantanal.<\/p>\n<p>A derrota mant\u00e9m o Corinthians com 18 pontos, ainda na lideran\u00e7a. Mas o Tim\u00e3o poder\u00e1 ser ultrapassado por Palmeiras (enfrenta o Botafogo) e Atl\u00e9tico-MG (pega o Fluminense). O Cuiab\u00e1 sobe para 11, deixa o Z-4, mas pode voltar a ele at\u00e9 o fim da rodada.<\/p>\n<p><strong>LEIA TAMB\u00c9M<\/strong><\/p>\n<p><a href=\"https:\/\/redenoticiaz.com.br\/blog\/2022\/06\/07\/oitavas-de-final-da-copa-do-brasil-tem-duelos-definidos-com-direito-a-classicos-paulistas\">Oitavas de final da Copa do Brasil tem duelos definidos com direito a cl\u00e1ssicos paulistas<\/a><\/p>\n","protected":false},"excerpt":{"rendered":"<p>Se h\u00e1 uma lei no Brasil que n\u00e3o falha \u00e9 a chamada &#8220;lei do ex&#8221;. E o Corinthians foi mais um que sofreu com ela, j\u00e1 que foi derrotado para o Cuiab\u00e1, na Arena Pantanal, pela 10\u00aa rodada do Campeonato Brasileiro nessa ter\u00e7a-feira (7). O algoz corintiano foi o lateral-esquerdo Uendel, que passou pelo Tim\u00e3o &hellip;<\/p>\n","protected":false},"author":6,"featured_media":85750,"comment_status":"open","ping_status":"closed","sticky":false,"template":"","format":"standard","meta":{"footnotes":""},"categories":[87],"tags":[17464,9428,3655,378,17465,17466],"class_list":["post-85749","post","type-post","status-publish","format-standard","has-post-thumbnail","hentry","category-esporte","tag-arena-pantanal","tag-brasileirao-2022","tag-campeonato-brasileiro","tag-corinthians","tag-cuiaba-ec","tag-uendel"],"yoast_head":"<!-- This site is optimized with the Yoast SEO plugin v28.3 - https:\/\/yoast.com\/product\/yoast-seo-wordpress\/ -->\n<title>Corinthians perde para o Cuiab\u00e1 e pode dar adeus a lideran\u00e7a do Brasileir\u00e3o - Ribeir\u00e3o Preto e Regi\u00e3o<\/title>\n<meta name=\"description\" content=\"Se h\u00e1 uma lei no Brasil que n\u00e3o falha \u00e9 a chamada &quot;lei do ex&quot;. E o Corinthians foi mais um que sofreu com ela, j\u00e1 que foi derrotado para o Cuiab\u00e1, na\" \/>\n<meta name=\"robots\" content=\"index, follow, max-snippet:-1, max-image-preview:large, max-video-preview:-1\" \/>\n<link rel=\"canonical\" href=\"https:\/\/redenoticiaz.com.br\/ribeiraopreto-regiao\/sp\/2022\/06\/08\/corinthians-perde-para-o-cuiaba-e-pode-dar-adeus-a-lideranca-do-brasileirao\" \/>\n<meta property=\"og:locale\" content=\"pt_BR\" \/>\n<meta property=\"og:type\" content=\"article\" \/>\n<meta property=\"og:title\" content=\"Corinthians perde para o Cuiab\u00e1 e pode dar adeus a lideran\u00e7a do Brasileir\u00e3o - Ribeir\u00e3o Preto e Regi\u00e3o\" \/>\n<meta property=\"og:description\" content=\"Se h\u00e1 uma lei no Brasil que n\u00e3o falha \u00e9 a chamada &quot;lei do ex&quot;. E o Corinthians foi mais um que sofreu com ela, j\u00e1 que foi derrotado para o Cuiab\u00e1, na\" \/>\n<meta property=\"og:url\" content=\"https:\/\/redenoticiaz.com.br\/ribeiraopreto-regiao\/sp\/2022\/06\/08\/corinthians-perde-para-o-cuiaba-e-pode-dar-adeus-a-lideranca-do-brasileirao\" \/>\n<meta property=\"og:site_name\" content=\"Ribeir\u00e3o Preto e Regi\u00e3o\" \/>\n<meta property=\"article:publisher\" content=\"https:\/\/m.facebook.com\/redenoticiaz.barretos\" \/>\n<meta property=\"article:published_time\" content=\"2022-06-08T12:07:34+00:00\" \/>\n<meta property=\"og:image\" content=\"https:\/\/redenoticiaz.com.br\/ribeiraopreto-regiao\/wp-content\/uploads\/sites\/4\/2022\/02\/logo.jpg\" \/>\n\t<meta property=\"og:image:width\" content=\"400\" \/>\n\t<meta property=\"og:image:height\" content=\"250\" \/>\n\t<meta property=\"og:image:type\" content=\"image\/jpeg\" \/>\n<meta name=\"author\" content=\"Leonardo Francisco\" \/>\n<meta name=\"twitter:card\" content=\"summary_large_image\" \/>\n<meta name=\"twitter:creator\" content=\"@RN_barretos\" \/>\n<meta name=\"twitter:site\" content=\"@RN_barretos\" \/>\n<meta name=\"twitter:label1\" content=\"Escrito por\" \/>\n\t<meta name=\"twitter:data1\" content=\"Leonardo Francisco\" \/>\n\t<meta name=\"twitter:label2\" content=\"Est. tempo de leitura\" \/>\n\t<meta name=\"twitter:data2\" content=\"2 minutos\" \/>\n<script type=\"application\/ld+json\" class=\"yoast-schema-graph\">{\"@context\":\"https:\\\/\\\/schema.org\",\"@graph\":[{\"@type\":\"Article\",\"@id\":\"https:\\\/\\\/redenoticiaz.com.br\\\/ribeiraopreto-regiao\\\/sp\\\/2022\\\/06\\\/08\\\/corinthians-perde-para-o-cuiaba-e-pode-dar-adeus-a-lideranca-do-brasileirao#article\",\"isPartOf\":{\"@id\":\"https:\\\/\\\/redenoticiaz.com.br\\\/ribeiraopreto-regiao\\\/sp\\\/2022\\\/06\\\/08\\\/corinthians-perde-para-o-cuiaba-e-pode-dar-adeus-a-lideranca-do-brasileirao\"},\"author\":{\"name\":\"Leonardo Francisco\",\"@id\":\"https:\\\/\\\/redenoticiaz.com.br\\\/ribeiraopreto-regiao\\\/#\\\/schema\\\/person\\\/0f0b8a5bdafefe82841e07ae8d81ecb3\"},\"headline\":\"Corinthians perde para o Cuiab\u00e1 e pode dar adeus a lideran\u00e7a do Brasileir\u00e3o\",\"datePublished\":\"2022-06-08T12:07:34+00:00\",\"mainEntityOfPage\":{\"@id\":\"https:\\\/\\\/redenoticiaz.com.br\\\/ribeiraopreto-regiao\\\/sp\\\/2022\\\/06\\\/08\\\/corinthians-perde-para-o-cuiaba-e-pode-dar-adeus-a-lideranca-do-brasileirao\"},\"wordCount\":418,\"commentCount\":0,\"publisher\":{\"@id\":\"https:\\\/\\\/redenoticiaz.com.br\\\/ribeiraopreto-regiao\\\/#organization\"},\"image\":{\"@id\":\"https:\\\/\\\/redenoticiaz.com.br\\\/ribeiraopreto-regiao\\\/sp\\\/2022\\\/06\\\/08\\\/corinthians-perde-para-o-cuiaba-e-pode-dar-adeus-a-lideranca-do-brasileirao#primaryimage\"},\"thumbnailUrl\":\"https:\\\/\\\/redenoticiaz.com.br\\\/ribeiraopreto-regiao\\\/wp-content\\\/uploads\\\/sites\\\/4\\\/2022\\\/06\\\/cuiaba.jpeg?v=1654690010\",\"keywords\":[\"ARENA PANTANAL\",\"BRASILEIR\u00c3O 2022\",\"CAMPEONATO BRASILEIRO\",\"Corinthians\",\"CUIAB\u00c1 EC\",\"UENDEL\"],\"articleSection\":[\"Esporte\"],\"inLanguage\":\"pt-BR\",\"potentialAction\":[{\"@type\":\"CommentAction\",\"name\":\"Comment\",\"target\":[\"https:\\\/\\\/redenoticiaz.com.br\\\/ribeiraopreto-regiao\\\/sp\\\/2022\\\/06\\\/08\\\/corinthians-perde-para-o-cuiaba-e-pode-dar-adeus-a-lideranca-do-brasileirao#respond\"]}]},{\"@type\":\"WebPage\",\"@id\":\"https:\\\/\\\/redenoticiaz.com.br\\\/ribeiraopreto-regiao\\\/sp\\\/2022\\\/06\\\/08\\\/corinthians-perde-para-o-cuiaba-e-pode-dar-adeus-a-lideranca-do-brasileirao\",\"url\":\"https:\\\/\\\/redenoticiaz.com.br\\\/ribeiraopreto-regiao\\\/sp\\\/2022\\\/06\\\/08\\\/corinthians-perde-para-o-cuiaba-e-pode-dar-adeus-a-lideranca-do-brasileirao\",\"name\":\"Corinthians perde para o Cuiab\u00e1 e pode dar adeus a lideran\u00e7a do Brasileir\u00e3o - Ribeir\u00e3o Preto e Regi\u00e3o\",\"isPartOf\":{\"@id\":\"https:\\\/\\\/redenoticiaz.com.br\\\/ribeiraopreto-regiao\\\/#website\"},\"primaryImageOfPage\":{\"@id\":\"https:\\\/\\\/redenoticiaz.com.br\\\/ribeiraopreto-regiao\\\/sp\\\/2022\\\/06\\\/08\\\/corinthians-perde-para-o-cuiaba-e-pode-dar-adeus-a-lideranca-do-brasileirao#primaryimage\"},\"image\":{\"@id\":\"https:\\\/\\\/redenoticiaz.com.br\\\/ribeiraopreto-regiao\\\/sp\\\/2022\\\/06\\\/08\\\/corinthians-perde-para-o-cuiaba-e-pode-dar-adeus-a-lideranca-do-brasileirao#primaryimage\"},\"thumbnailUrl\":\"https:\\\/\\\/redenoticiaz.com.br\\\/ribeiraopreto-regiao\\\/wp-content\\\/uploads\\\/sites\\\/4\\\/2022\\\/06\\\/cuiaba.jpeg?v=1654690010\",\"datePublished\":\"2022-06-08T12:07:34+00:00\",\"description\":\"Se h\u00e1 uma lei no Brasil que n\u00e3o falha \u00e9 a chamada \\\"lei do ex\\\". E o Corinthians foi mais um que sofreu com ela, j\u00e1 que foi derrotado para o Cuiab\u00e1, na\",\"inLanguage\":\"pt-BR\",\"potentialAction\":[{\"@type\":\"ReadAction\",\"target\":[\"https:\\\/\\\/redenoticiaz.com.br\\\/ribeiraopreto-regiao\\\/sp\\\/2022\\\/06\\\/08\\\/corinthians-perde-para-o-cuiaba-e-pode-dar-adeus-a-lideranca-do-brasileirao\"]}]},{\"@type\":\"ImageObject\",\"inLanguage\":\"pt-BR\",\"@id\":\"https:\\\/\\\/redenoticiaz.com.br\\\/ribeiraopreto-regiao\\\/sp\\\/2022\\\/06\\\/08\\\/corinthians-perde-para-o-cuiaba-e-pode-dar-adeus-a-lideranca-do-brasileirao#primaryimage\",\"url\":\"https:\\\/\\\/redenoticiaz.com.br\\\/ribeiraopreto-regiao\\\/wp-content\\\/uploads\\\/sites\\\/4\\\/2022\\\/06\\\/cuiaba.jpeg?v=1654690010\",\"contentUrl\":\"https:\\\/\\\/redenoticiaz.com.br\\\/ribeiraopreto-regiao\\\/wp-content\\\/uploads\\\/sites\\\/4\\\/2022\\\/06\\\/cuiaba.jpeg?v=1654690010\",\"width\":910,\"height\":455,\"caption\":\"Cr\u00e9ditos: Divulga\u00e7\u00e3o\\\/AGIF\"},{\"@type\":\"WebSite\",\"@id\":\"https:\\\/\\\/redenoticiaz.com.br\\\/ribeiraopreto-regiao\\\/#website\",\"url\":\"https:\\\/\\\/redenoticiaz.com.br\\\/ribeiraopreto-regiao\\\/\",\"name\":\"Ribeir\u00e3o Preto e Regi\u00e3o\",\"description\":\"Rede NoticiaZ - Ribeir\u00e3o Preto e regi\u00e3o\",\"publisher\":{\"@id\":\"https:\\\/\\\/redenoticiaz.com.br\\\/ribeiraopreto-regiao\\\/#organization\"},\"potentialAction\":[{\"@type\":\"SearchAction\",\"target\":{\"@type\":\"EntryPoint\",\"urlTemplate\":\"https:\\\/\\\/redenoticiaz.com.br\\\/ribeiraopreto-regiao\\\/?s={search_term_string}\"},\"query-input\":{\"@type\":\"PropertyValueSpecification\",\"valueRequired\":true,\"valueName\":\"search_term_string\"}}],\"inLanguage\":\"pt-BR\"},{\"@type\":\"Organization\",\"@id\":\"https:\\\/\\\/redenoticiaz.com.br\\\/ribeiraopreto-regiao\\\/#organization\",\"name\":\"Ribeir\u00e3o Preto e Regi\u00e3o\",\"url\":\"https:\\\/\\\/redenoticiaz.com.br\\\/ribeiraopreto-regiao\\\/\",\"logo\":{\"@type\":\"ImageObject\",\"inLanguage\":\"pt-BR\",\"@id\":\"https:\\\/\\\/redenoticiaz.com.br\\\/ribeiraopreto-regiao\\\/#\\\/schema\\\/logo\\\/image\\\/\",\"url\":\"https:\\\/\\\/redenoticiaz.com.br\\\/barretos-regiao\\\/wp-content\\\/uploads\\\/sites\\\/4\\\/2022\\\/02\\\/logo.jpg\",\"contentUrl\":\"https:\\\/\\\/redenoticiaz.com.br\\\/barretos-regiao\\\/wp-content\\\/uploads\\\/sites\\\/4\\\/2022\\\/02\\\/logo.jpg\",\"width\":400,\"height\":250,\"caption\":\"Ribeir\u00e3o Preto e Regi\u00e3o\"},\"image\":{\"@id\":\"https:\\\/\\\/redenoticiaz.com.br\\\/ribeiraopreto-regiao\\\/#\\\/schema\\\/logo\\\/image\\\/\"},\"sameAs\":[\"https:\\\/\\\/m.facebook.com\\\/redenoticiaz.barretos\",\"https:\\\/\\\/x.com\\\/RN_barretos\",\"https:\\\/\\\/www.instagram.com\\\/redenoticiaz.barretos\\\/?igshid=YmMyMTA2M2Y\",\"https:\\\/\\\/www.linkedin.com\\\/company\\\/rede-noticiaz-barretos-e-regio\\\/\"]},{\"@type\":\"Person\",\"@id\":\"https:\\\/\\\/redenoticiaz.com.br\\\/ribeiraopreto-regiao\\\/#\\\/schema\\\/person\\\/0f0b8a5bdafefe82841e07ae8d81ecb3\",\"name\":\"Leonardo Francisco\",\"image\":{\"@type\":\"ImageObject\",\"inLanguage\":\"pt-BR\",\"@id\":\"https:\\\/\\\/secure.gravatar.com\\\/avatar\\\/a7358cb406a99b682ec6df1e77e31ae82e63601f6784e8a3df411d72b37864da?s=96&d=mm&r=g\",\"url\":\"https:\\\/\\\/secure.gravatar.com\\\/avatar\\\/a7358cb406a99b682ec6df1e77e31ae82e63601f6784e8a3df411d72b37864da?s=96&d=mm&r=g\",\"contentUrl\":\"https:\\\/\\\/secure.gravatar.com\\\/avatar\\\/a7358cb406a99b682ec6df1e77e31ae82e63601f6784e8a3df411d72b37864da?s=96&d=mm&r=g\",\"caption\":\"Leonardo Francisco\"},\"url\":\"https:\\\/\\\/redenoticiaz.com.br\\\/ribeiraopreto-regiao\\\/sp\\\/author\\\/leonardo-francisco\"}]}<\/script>\n<!-- \/ Yoast SEO plugin. -->","yoast_head_json":{"title":"Corinthians perde para o Cuiab\u00e1 e pode dar adeus a lideran\u00e7a do Brasileir\u00e3o - Ribeir\u00e3o Preto e Regi\u00e3o","description":"Se h\u00e1 uma lei no Brasil que n\u00e3o falha \u00e9 a chamada \"lei do ex\". E o Corinthians foi mais um que sofreu com ela, j\u00e1 que foi derrotado para o Cuiab\u00e1, na","robots":{"index":"index","follow":"follow","max-snippet":"max-snippet:-1","max-image-preview":"max-image-preview:large","max-video-preview":"max-video-preview:-1"},"canonical":"https:\/\/redenoticiaz.com.br\/ribeiraopreto-regiao\/sp\/2022\/06\/08\/corinthians-perde-para-o-cuiaba-e-pode-dar-adeus-a-lideranca-do-brasileirao","og_locale":"pt_BR","og_type":"article","og_title":"Corinthians perde para o Cuiab\u00e1 e pode dar adeus a lideran\u00e7a do Brasileir\u00e3o - Ribeir\u00e3o Preto e Regi\u00e3o","og_description":"Se h\u00e1 uma lei no Brasil que n\u00e3o falha \u00e9 a chamada \"lei do ex\". E o Corinthians foi mais um que sofreu com ela, j\u00e1 que foi derrotado para o Cuiab\u00e1, na","og_url":"https:\/\/redenoticiaz.com.br\/ribeiraopreto-regiao\/sp\/2022\/06\/08\/corinthians-perde-para-o-cuiaba-e-pode-dar-adeus-a-lideranca-do-brasileirao","og_site_name":"Ribeir\u00e3o Preto e Regi\u00e3o","article_publisher":"https:\/\/m.facebook.com\/redenoticiaz.barretos","article_published_time":"2022-06-08T12:07:34+00:00","og_image":[{"width":400,"height":250,"url":"https:\/\/redenoticiaz.com.br\/ribeiraopreto-regiao\/wp-content\/uploads\/sites\/4\/2022\/02\/logo.jpg","type":"image\/jpeg"}],"author":"Leonardo Francisco","twitter_card":"summary_large_image","twitter_creator":"@RN_barretos","twitter_site":"@RN_barretos","twitter_misc":{"Escrito por":"Leonardo Francisco","Est. tempo de leitura":"2 minutos"},"schema":{"@context":"https:\/\/schema.org","@graph":[{"@type":"Article","@id":"https:\/\/redenoticiaz.com.br\/ribeiraopreto-regiao\/sp\/2022\/06\/08\/corinthians-perde-para-o-cuiaba-e-pode-dar-adeus-a-lideranca-do-brasileirao#article","isPartOf":{"@id":"https:\/\/redenoticiaz.com.br\/ribeiraopreto-regiao\/sp\/2022\/06\/08\/corinthians-perde-para-o-cuiaba-e-pode-dar-adeus-a-lideranca-do-brasileirao"},"author":{"name":"Leonardo Francisco","@id":"https:\/\/redenoticiaz.com.br\/ribeiraopreto-regiao\/#\/schema\/person\/0f0b8a5bdafefe82841e07ae8d81ecb3"},"headline":"Corinthians perde para o Cuiab\u00e1 e pode dar adeus a lideran\u00e7a do Brasileir\u00e3o","datePublished":"2022-06-08T12:07:34+00:00","mainEntityOfPage":{"@id":"https:\/\/redenoticiaz.com.br\/ribeiraopreto-regiao\/sp\/2022\/06\/08\/corinthians-perde-para-o-cuiaba-e-pode-dar-adeus-a-lideranca-do-brasileirao"},"wordCount":418,"commentCount":0,"publisher":{"@id":"https:\/\/redenoticiaz.com.br\/ribeiraopreto-regiao\/#organization"},"image":{"@id":"https:\/\/redenoticiaz.com.br\/ribeiraopreto-regiao\/sp\/2022\/06\/08\/corinthians-perde-para-o-cuiaba-e-pode-dar-adeus-a-lideranca-do-brasileirao#primaryimage"},"thumbnailUrl":"https:\/\/redenoticiaz.com.br\/ribeiraopreto-regiao\/wp-content\/uploads\/sites\/4\/2022\/06\/cuiaba.jpeg?v=1654690010","keywords":["ARENA PANTANAL","BRASILEIR\u00c3O 2022","CAMPEONATO BRASILEIRO","Corinthians","CUIAB\u00c1 EC","UENDEL"],"articleSection":["Esporte"],"inLanguage":"pt-BR","potentialAction":[{"@type":"CommentAction","name":"Comment","target":["https:\/\/redenoticiaz.com.br\/ribeiraopreto-regiao\/sp\/2022\/06\/08\/corinthians-perde-para-o-cuiaba-e-pode-dar-adeus-a-lideranca-do-brasileirao#respond"]}]},{"@type":"WebPage","@id":"https:\/\/redenoticiaz.com.br\/ribeiraopreto-regiao\/sp\/2022\/06\/08\/corinthians-perde-para-o-cuiaba-e-pode-dar-adeus-a-lideranca-do-brasileirao","url":"https:\/\/redenoticiaz.com.br\/ribeiraopreto-regiao\/sp\/2022\/06\/08\/corinthians-perde-para-o-cuiaba-e-pode-dar-adeus-a-lideranca-do-brasileirao","name":"Corinthians perde para o Cuiab\u00e1 e pode dar adeus a lideran\u00e7a do Brasileir\u00e3o - Ribeir\u00e3o Preto e Regi\u00e3o","isPartOf":{"@id":"https:\/\/redenoticiaz.com.br\/ribeiraopreto-regiao\/#website"},"primaryImageOfPage":{"@id":"https:\/\/redenoticiaz.com.br\/ribeiraopreto-regiao\/sp\/2022\/06\/08\/corinthians-perde-para-o-cuiaba-e-pode-dar-adeus-a-lideranca-do-brasileirao#primaryimage"},"image":{"@id":"https:\/\/redenoticiaz.com.br\/ribeiraopreto-regiao\/sp\/2022\/06\/08\/corinthians-perde-para-o-cuiaba-e-pode-dar-adeus-a-lideranca-do-brasileirao#primaryimage"},"thumbnailUrl":"https:\/\/redenoticiaz.com.br\/ribeiraopreto-regiao\/wp-content\/uploads\/sites\/4\/2022\/06\/cuiaba.jpeg?v=1654690010","datePublished":"2022-06-08T12:07:34+00:00","description":"Se h\u00e1 uma lei no Brasil que n\u00e3o falha \u00e9 a chamada \"lei do ex\". E o Corinthians foi mais um que sofreu com ela, j\u00e1 que foi derrotado para o Cuiab\u00e1, na","inLanguage":"pt-BR","potentialAction":[{"@type":"ReadAction","target":["https:\/\/redenoticiaz.com.br\/ribeiraopreto-regiao\/sp\/2022\/06\/08\/corinthians-perde-para-o-cuiaba-e-pode-dar-adeus-a-lideranca-do-brasileirao"]}]},{"@type":"ImageObject","inLanguage":"pt-BR","@id":"https:\/\/redenoticiaz.com.br\/ribeiraopreto-regiao\/sp\/2022\/06\/08\/corinthians-perde-para-o-cuiaba-e-pode-dar-adeus-a-lideranca-do-brasileirao#primaryimage","url":"https:\/\/redenoticiaz.com.br\/ribeiraopreto-regiao\/wp-content\/uploads\/sites\/4\/2022\/06\/cuiaba.jpeg?v=1654690010","contentUrl":"https:\/\/redenoticiaz.com.br\/ribeiraopreto-regiao\/wp-content\/uploads\/sites\/4\/2022\/06\/cuiaba.jpeg?v=1654690010","width":910,"height":455,"caption":"Cr\u00e9ditos: Divulga\u00e7\u00e3o\/AGIF"},{"@type":"WebSite","@id":"https:\/\/redenoticiaz.com.br\/ribeiraopreto-regiao\/#website","url":"https:\/\/redenoticiaz.com.br\/ribeiraopreto-regiao\/","name":"Ribeir\u00e3o Preto e Regi\u00e3o","description":"Rede NoticiaZ - Ribeir\u00e3o Preto e regi\u00e3o","publisher":{"@id":"https:\/\/redenoticiaz.com.br\/ribeiraopreto-regiao\/#organization"},"potentialAction":[{"@type":"SearchAction","target":{"@type":"EntryPoint","urlTemplate":"https:\/\/redenoticiaz.com.br\/ribeiraopreto-regiao\/?s={search_term_string}"},"query-input":{"@type":"PropertyValueSpecification","valueRequired":true,"valueName":"search_term_string"}}],"inLanguage":"pt-BR"},{"@type":"Organization","@id":"https:\/\/redenoticiaz.com.br\/ribeiraopreto-regiao\/#organization","name":"Ribeir\u00e3o Preto e Regi\u00e3o","url":"https:\/\/redenoticiaz.com.br\/ribeiraopreto-regiao\/","logo":{"@type":"ImageObject","inLanguage":"pt-BR","@id":"https:\/\/redenoticiaz.com.br\/ribeiraopreto-regiao\/#\/schema\/logo\/image\/","url":"https:\/\/redenoticiaz.com.br\/barretos-regiao\/wp-content\/uploads\/sites\/4\/2022\/02\/logo.jpg","contentUrl":"https:\/\/redenoticiaz.com.br\/barretos-regiao\/wp-content\/uploads\/sites\/4\/2022\/02\/logo.jpg","width":400,"height":250,"caption":"Ribeir\u00e3o Preto e Regi\u00e3o"},"image":{"@id":"https:\/\/redenoticiaz.com.br\/ribeiraopreto-regiao\/#\/schema\/logo\/image\/"},"sameAs":["https:\/\/m.facebook.com\/redenoticiaz.barretos","https:\/\/x.com\/RN_barretos","https:\/\/www.instagram.com\/redenoticiaz.barretos\/?igshid=YmMyMTA2M2Y","https:\/\/www.linkedin.com\/company\/rede-noticiaz-barretos-e-regio\/"]},{"@type":"Person","@id":"https:\/\/redenoticiaz.com.br\/ribeiraopreto-regiao\/#\/schema\/person\/0f0b8a5bdafefe82841e07ae8d81ecb3","name":"Leonardo Francisco","image":{"@type":"ImageObject","inLanguage":"pt-BR","@id":"https:\/\/secure.gravatar.com\/avatar\/a7358cb406a99b682ec6df1e77e31ae82e63601f6784e8a3df411d72b37864da?s=96&d=mm&r=g","url":"https:\/\/secure.gravatar.com\/avatar\/a7358cb406a99b682ec6df1e77e31ae82e63601f6784e8a3df411d72b37864da?s=96&d=mm&r=g","contentUrl":"https:\/\/secure.gravatar.com\/avatar\/a7358cb406a99b682ec6df1e77e31ae82e63601f6784e8a3df411d72b37864da?s=96&d=mm&r=g","caption":"Leonardo Francisco"},"url":"https:\/\/redenoticiaz.com.br\/ribeiraopreto-regiao\/sp\/author\/leonardo-francisco"}]}},"_links":{"self":[{"href":"https:\/\/redenoticiaz.com.br\/ribeiraopreto-regiao\/wp-json\/wp\/v2\/posts\/85749","targetHints":{"allow":["GET"]}}],"collection":[{"href":"https:\/\/redenoticiaz.com.br\/ribeiraopreto-regiao\/wp-json\/wp\/v2\/posts"}],"about":[{"href":"https:\/\/redenoticiaz.com.br\/ribeiraopreto-regiao\/wp-json\/wp\/v2\/types\/post"}],"author":[{"embeddable":true,"href":"https:\/\/redenoticiaz.com.br\/ribeiraopreto-regiao\/wp-json\/wp\/v2\/users\/6"}],"replies":[{"embeddable":true,"href":"https:\/\/redenoticiaz.com.br\/ribeiraopreto-regiao\/wp-json\/wp\/v2\/comments?post=85749"}],"version-history":[{"count":0,"href":"https:\/\/redenoticiaz.com.br\/ribeiraopreto-regiao\/wp-json\/wp\/v2\/posts\/85749\/revisions"}],"wp:featuredmedia":[{"embeddable":true,"href":"https:\/\/redenoticiaz.com.br\/ribeiraopreto-regiao\/wp-json\/wp\/v2\/media\/85750"}],"wp:attachment":[{"href":"https:\/\/redenoticiaz.com.br\/ribeiraopreto-regiao\/wp-json\/wp\/v2\/media?parent=85749"}],"wp:term":[{"taxonomy":"category","embeddable":true,"href":"https:\/\/redenoticiaz.com.br\/ribeiraopreto-regiao\/wp-json\/wp\/v2\/categories?post=85749"},{"taxonomy":"post_tag","embeddable":true,"href":"https:\/\/redenoticiaz.com.br\/ribeiraopreto-regiao\/wp-json\/wp\/v2\/tags?post=85749"}],"curies":[{"name":"wp","href":"https:\/\/api.w.org\/{rel}","templated":true}]}}