{"id":85807,"date":"2022-06-09T07:32:44","date_gmt":"2022-06-09T10:32:44","guid":{"rendered":"https:\/\/redenoticiaz.com.br\/barretos-regiao\/sp\/2022\/06\/09\/santos-fica-no-empate-contra-o-internacional-apos-o-var-trazer-novo-prejuizo"},"modified":"2022-06-09T07:32:44","modified_gmt":"2022-06-09T10:32:44","slug":"santos-fica-no-empate-contra-o-internacional-apos-o-var-trazer-novo-prejuizo","status":"publish","type":"post","link":"https:\/\/redenoticiaz.com.br\/ribeiraopreto-regiao\/sp\/2022\/06\/09\/santos-fica-no-empate-contra-o-internacional-apos-o-var-trazer-novo-prejuizo","title":{"rendered":"Santos fica no empate contra o Internacional ap\u00f3s o VAR trazer novo preju\u00edzo"},"content":{"rendered":"<p>J\u00e1 virou rotina em jogos do <strong>Santos<\/strong>, o \u00e1rbitro de v\u00eddeo (VAR) ser acionado e trazer mais preju\u00edzos. Isso porque era mais uma boa chance do Peixe vencer no <a href=\"https:\/\/www.cbf.com.br\/\">Campeonato Brasileiro<\/a> e contra o <strong>Internacional<\/strong>, o cen\u00e1rio foi o mesmo. Nessa quarta-feira (7), pela 10\u00aa rodada, o alvinegro saiu na frente, o gol foi anulado, fez mais um gol, que foi confirmado, mas sofreu com empate.<\/p>\n<p>O primeiro tempo das duas equipes demorou para que os lances de perigo aparecessem. Mas aos poucos o Santos e o Inter passaram a exigir boas defesas dos goleiros Jo\u00e3o Paulo, par ao Peixe e para Daniel, do Colorado, que teve que salvar lances do L\u00e9o Baptist\u00e3o. Aos 30 minutos o Alvinegro at\u00e9 fez o gol com Eduardo Bauermann, mas o VAR foi acionado e anulou erroneamente o gol. O Peixe n\u00e3o se abalou e por pouco n\u00e3o fez o primeiro com Angulo, que parou na trave.<\/p>\n<h3>Gols no segundo tempo<\/h3>\n<p>J\u00e1 no segundo tempo, Santos e Internacional sa\u00edram para o ataque e o Peixe passou a pressionar o Colorado. As substitui\u00e7\u00f5es dos dois lados melhoraram a partida: pelo Santos, Bruno Oliveira encontrou Lucas Braga livre para entrar no meio dos zagueiros, driblar o goleiro Daniel e abrir o placar \u2013 novamente com drama do VAR, mas agora sem impedimento.<\/p>\n<p>No entanto a alegria santista demorou pouco tempo. Isso porque o Inter respondeu com Bruno M\u00e9ndez, que havia dado condi\u00e7\u00e3o no gol do Santos: ele aproveitou bate-rebate ap\u00f3s boa jogada de Pedro Henrique pela esquerda e finalizou com for\u00e7a. Depois do 1 a 1, Santos e Inter ficaram perto da vit\u00f3ria: primeiro, De Pena exigiu grande defesa de Jo\u00e3o Paulo em cobran\u00e7a de falta; depois, Lucas Pires aproveitou sobra quase na pequena \u00e1rea, mas viu a bola explodir na trave.<\/p>\n<p>O Santos soma mais um ponto e vai a 13, ainda no meio da classifica\u00e7\u00e3o, enquanto o Inter sobe para 15, mas fica em quinto lugar. O Santos vai ao Mineir\u00e3o enfrentar o Atl\u00e9tico-MG no pr\u00f3ximo s\u00e1bado (11), \u00e0s 19h (de Bras\u00edlia), enquanto o Inter recebe o Flamengo tamb\u00e9m no s\u00e1bado, mas \u00e0s 21h, no Beira-Rio. Os dois jogos s\u00e3o v\u00e1lidos pela 11\u00aa rodada do Brasileir\u00e3o.<\/p>\n<p><strong>LEIA TAMB\u00c9M<\/strong><\/p>\n<p><a href=\"https:\/\/redenoticiaz.com.br\/blog\/2022\/06\/08\/corinthians-perde-para-o-cuiaba-e-pode-dar-adeus-a-lideranca-do-brasileirao\">Corinthians perde para o Cuiab\u00e1 e pode dar adeus a lideran\u00e7a do Brasileir\u00e3o<\/a><\/p>\n","protected":false},"excerpt":{"rendered":"<p>J\u00e1 virou rotina em jogos do Santos, o \u00e1rbitro de v\u00eddeo (VAR) ser acionado e trazer mais preju\u00edzos. Isso porque era mais uma boa chance do Peixe vencer no Campeonato Brasileiro e contra o Internacional, o cen\u00e1rio foi o mesmo. Nessa quarta-feira (7), pela 10\u00aa rodada, o alvinegro saiu na frente, o gol foi anulado, &hellip;<\/p>\n","protected":false},"author":6,"featured_media":85808,"comment_status":"open","ping_status":"closed","sticky":false,"template":"","format":"standard","meta":{"footnotes":""},"categories":[87],"tags":[9428,3655,5952,107,10204],"class_list":["post-85807","post","type-post","status-publish","format-standard","has-post-thumbnail","hentry","category-esporte","tag-brasileirao-2022","tag-campeonato-brasileiro","tag-internacional","tag-santos-fc","tag-vila-belmiro"],"yoast_head":"<!-- This site is optimized with the Yoast SEO plugin v27.5 - https:\/\/yoast.com\/product\/yoast-seo-wordpress\/ -->\n<title>Santos fica no empate contra o Internacional ap\u00f3s o VAR trazer novo preju\u00edzo - Ribeir\u00e3o Preto e Regi\u00e3o<\/title>\n<meta name=\"description\" content=\"J\u00e1 virou rotina em jogos do Santos, o \u00e1rbitro de v\u00eddeo (VAR) ser acionado e trazer mais preju\u00edzos. Isso porque era mais uma boa chance do Peixe\" \/>\n<meta name=\"robots\" content=\"index, follow, max-snippet:-1, max-image-preview:large, max-video-preview:-1\" \/>\n<link rel=\"canonical\" href=\"https:\/\/redenoticiaz.com.br\/ribeiraopreto-regiao\/sp\/2022\/06\/09\/santos-fica-no-empate-contra-o-internacional-apos-o-var-trazer-novo-prejuizo\" \/>\n<meta property=\"og:locale\" content=\"pt_BR\" \/>\n<meta property=\"og:type\" content=\"article\" \/>\n<meta property=\"og:title\" content=\"Santos fica no empate contra o Internacional ap\u00f3s o VAR trazer novo preju\u00edzo - Ribeir\u00e3o Preto e Regi\u00e3o\" \/>\n<meta property=\"og:description\" content=\"J\u00e1 virou rotina em jogos do Santos, o \u00e1rbitro de v\u00eddeo (VAR) ser acionado e trazer mais preju\u00edzos. Isso porque era mais uma boa chance do Peixe\" \/>\n<meta property=\"og:url\" content=\"https:\/\/redenoticiaz.com.br\/ribeiraopreto-regiao\/sp\/2022\/06\/09\/santos-fica-no-empate-contra-o-internacional-apos-o-var-trazer-novo-prejuizo\" \/>\n<meta property=\"og:site_name\" content=\"Ribeir\u00e3o Preto e Regi\u00e3o\" \/>\n<meta property=\"article:publisher\" content=\"https:\/\/m.facebook.com\/redenoticiaz.barretos\" \/>\n<meta property=\"article:published_time\" content=\"2022-06-09T10:32:44+00:00\" \/>\n<meta property=\"og:image\" content=\"https:\/\/redenoticiaz.com.br\/ribeiraopreto-regiao\/wp-content\/uploads\/sites\/4\/2022\/06\/CONCURSO-750x414-1.jpg\" \/>\n\t<meta property=\"og:image:width\" content=\"750\" \/>\n\t<meta property=\"og:image:height\" content=\"414\" \/>\n\t<meta property=\"og:image:type\" content=\"image\/jpeg\" \/>\n<meta name=\"author\" content=\"Leonardo Francisco\" \/>\n<meta name=\"twitter:card\" content=\"summary_large_image\" \/>\n<meta name=\"twitter:creator\" content=\"@RN_barretos\" \/>\n<meta name=\"twitter:site\" content=\"@RN_barretos\" \/>\n<meta name=\"twitter:label1\" content=\"Escrito por\" \/>\n\t<meta name=\"twitter:data1\" content=\"Leonardo Francisco\" \/>\n\t<meta name=\"twitter:label2\" content=\"Est. tempo de leitura\" \/>\n\t<meta name=\"twitter:data2\" content=\"2 minutos\" \/>\n<script type=\"application\/ld+json\" class=\"yoast-schema-graph\">{\"@context\":\"https:\\\/\\\/schema.org\",\"@graph\":[{\"@type\":\"Article\",\"@id\":\"https:\\\/\\\/redenoticiaz.com.br\\\/ribeiraopreto-regiao\\\/sp\\\/2022\\\/06\\\/09\\\/santos-fica-no-empate-contra-o-internacional-apos-o-var-trazer-novo-prejuizo#article\",\"isPartOf\":{\"@id\":\"https:\\\/\\\/redenoticiaz.com.br\\\/ribeiraopreto-regiao\\\/sp\\\/2022\\\/06\\\/09\\\/santos-fica-no-empate-contra-o-internacional-apos-o-var-trazer-novo-prejuizo\"},\"author\":{\"name\":\"Leonardo Francisco\",\"@id\":\"https:\\\/\\\/redenoticiaz.com.br\\\/ribeiraopreto-regiao\\\/#\\\/schema\\\/person\\\/0f0b8a5bdafefe82841e07ae8d81ecb3\"},\"headline\":\"Santos fica no empate contra o Internacional ap\u00f3s o VAR trazer novo preju\u00edzo\",\"datePublished\":\"2022-06-09T10:32:44+00:00\",\"mainEntityOfPage\":{\"@id\":\"https:\\\/\\\/redenoticiaz.com.br\\\/ribeiraopreto-regiao\\\/sp\\\/2022\\\/06\\\/09\\\/santos-fica-no-empate-contra-o-internacional-apos-o-var-trazer-novo-prejuizo\"},\"wordCount\":413,\"commentCount\":0,\"publisher\":{\"@id\":\"https:\\\/\\\/redenoticiaz.com.br\\\/ribeiraopreto-regiao\\\/#organization\"},\"image\":{\"@id\":\"https:\\\/\\\/redenoticiaz.com.br\\\/ribeiraopreto-regiao\\\/sp\\\/2022\\\/06\\\/09\\\/santos-fica-no-empate-contra-o-internacional-apos-o-var-trazer-novo-prejuizo#primaryimage\"},\"thumbnailUrl\":\"https:\\\/\\\/redenoticiaz.com.br\\\/ribeiraopreto-regiao\\\/wp-content\\\/uploads\\\/sites\\\/4\\\/2022\\\/06\\\/SANXINT.jpeg?v=1654770658\",\"keywords\":[\"BRASILEIR\u00c3O 2022\",\"CAMPEONATO BRASILEIRO\",\"INTERNACIONAL\",\"Santos FC\",\"Vila Belmiro\"],\"articleSection\":[\"Esporte\"],\"inLanguage\":\"pt-BR\",\"potentialAction\":[{\"@type\":\"CommentAction\",\"name\":\"Comment\",\"target\":[\"https:\\\/\\\/redenoticiaz.com.br\\\/ribeiraopreto-regiao\\\/sp\\\/2022\\\/06\\\/09\\\/santos-fica-no-empate-contra-o-internacional-apos-o-var-trazer-novo-prejuizo#respond\"]}]},{\"@type\":\"WebPage\",\"@id\":\"https:\\\/\\\/redenoticiaz.com.br\\\/ribeiraopreto-regiao\\\/sp\\\/2022\\\/06\\\/09\\\/santos-fica-no-empate-contra-o-internacional-apos-o-var-trazer-novo-prejuizo\",\"url\":\"https:\\\/\\\/redenoticiaz.com.br\\\/ribeiraopreto-regiao\\\/sp\\\/2022\\\/06\\\/09\\\/santos-fica-no-empate-contra-o-internacional-apos-o-var-trazer-novo-prejuizo\",\"name\":\"Santos fica no empate contra o Internacional ap\u00f3s o VAR trazer novo preju\u00edzo - Ribeir\u00e3o Preto e Regi\u00e3o\",\"isPartOf\":{\"@id\":\"https:\\\/\\\/redenoticiaz.com.br\\\/ribeiraopreto-regiao\\\/#website\"},\"primaryImageOfPage\":{\"@id\":\"https:\\\/\\\/redenoticiaz.com.br\\\/ribeiraopreto-regiao\\\/sp\\\/2022\\\/06\\\/09\\\/santos-fica-no-empate-contra-o-internacional-apos-o-var-trazer-novo-prejuizo#primaryimage\"},\"image\":{\"@id\":\"https:\\\/\\\/redenoticiaz.com.br\\\/ribeiraopreto-regiao\\\/sp\\\/2022\\\/06\\\/09\\\/santos-fica-no-empate-contra-o-internacional-apos-o-var-trazer-novo-prejuizo#primaryimage\"},\"thumbnailUrl\":\"https:\\\/\\\/redenoticiaz.com.br\\\/ribeiraopreto-regiao\\\/wp-content\\\/uploads\\\/sites\\\/4\\\/2022\\\/06\\\/SANXINT.jpeg?v=1654770658\",\"datePublished\":\"2022-06-09T10:32:44+00:00\",\"description\":\"J\u00e1 virou rotina em jogos do Santos, o \u00e1rbitro de v\u00eddeo (VAR) ser acionado e trazer mais preju\u00edzos. Isso porque era mais uma boa chance do Peixe\",\"inLanguage\":\"pt-BR\",\"potentialAction\":[{\"@type\":\"ReadAction\",\"target\":[\"https:\\\/\\\/redenoticiaz.com.br\\\/ribeiraopreto-regiao\\\/sp\\\/2022\\\/06\\\/09\\\/santos-fica-no-empate-contra-o-internacional-apos-o-var-trazer-novo-prejuizo\"]}]},{\"@type\":\"ImageObject\",\"inLanguage\":\"pt-BR\",\"@id\":\"https:\\\/\\\/redenoticiaz.com.br\\\/ribeiraopreto-regiao\\\/sp\\\/2022\\\/06\\\/09\\\/santos-fica-no-empate-contra-o-internacional-apos-o-var-trazer-novo-prejuizo#primaryimage\",\"url\":\"https:\\\/\\\/redenoticiaz.com.br\\\/ribeiraopreto-regiao\\\/wp-content\\\/uploads\\\/sites\\\/4\\\/2022\\\/06\\\/SANXINT.jpeg?v=1654770658\",\"contentUrl\":\"https:\\\/\\\/redenoticiaz.com.br\\\/ribeiraopreto-regiao\\\/wp-content\\\/uploads\\\/sites\\\/4\\\/2022\\\/06\\\/SANXINT.jpeg?v=1654770658\",\"width\":910,\"height\":607,\"caption\":\"Cr\u00e9ditos: Divulga\u00e7\u00e3o\\\/AGIF\"},{\"@type\":\"WebSite\",\"@id\":\"https:\\\/\\\/redenoticiaz.com.br\\\/ribeiraopreto-regiao\\\/#website\",\"url\":\"https:\\\/\\\/redenoticiaz.com.br\\\/ribeiraopreto-regiao\\\/\",\"name\":\"Ribeir\u00e3o Preto e Regi\u00e3o\",\"description\":\"Rede NoticiaZ - Ribeir\u00e3o Preto e regi\u00e3o\",\"publisher\":{\"@id\":\"https:\\\/\\\/redenoticiaz.com.br\\\/ribeiraopreto-regiao\\\/#organization\"},\"potentialAction\":[{\"@type\":\"SearchAction\",\"target\":{\"@type\":\"EntryPoint\",\"urlTemplate\":\"https:\\\/\\\/redenoticiaz.com.br\\\/ribeiraopreto-regiao\\\/?s={search_term_string}\"},\"query-input\":{\"@type\":\"PropertyValueSpecification\",\"valueRequired\":true,\"valueName\":\"search_term_string\"}}],\"inLanguage\":\"pt-BR\"},{\"@type\":\"Organization\",\"@id\":\"https:\\\/\\\/redenoticiaz.com.br\\\/ribeiraopreto-regiao\\\/#organization\",\"name\":\"Ribeir\u00e3o Preto e Regi\u00e3o\",\"url\":\"https:\\\/\\\/redenoticiaz.com.br\\\/ribeiraopreto-regiao\\\/\",\"logo\":{\"@type\":\"ImageObject\",\"inLanguage\":\"pt-BR\",\"@id\":\"https:\\\/\\\/redenoticiaz.com.br\\\/ribeiraopreto-regiao\\\/#\\\/schema\\\/logo\\\/image\\\/\",\"url\":\"https:\\\/\\\/redenoticiaz.com.br\\\/barretos-regiao\\\/wp-content\\\/uploads\\\/sites\\\/4\\\/2022\\\/02\\\/logo.jpg\",\"contentUrl\":\"https:\\\/\\\/redenoticiaz.com.br\\\/barretos-regiao\\\/wp-content\\\/uploads\\\/sites\\\/4\\\/2022\\\/02\\\/logo.jpg\",\"width\":400,\"height\":250,\"caption\":\"Ribeir\u00e3o Preto e Regi\u00e3o\"},\"image\":{\"@id\":\"https:\\\/\\\/redenoticiaz.com.br\\\/ribeiraopreto-regiao\\\/#\\\/schema\\\/logo\\\/image\\\/\"},\"sameAs\":[\"https:\\\/\\\/m.facebook.com\\\/redenoticiaz.barretos\",\"https:\\\/\\\/x.com\\\/RN_barretos\",\"https:\\\/\\\/www.instagram.com\\\/redenoticiaz.barretos\\\/?igshid=YmMyMTA2M2Y\",\"https:\\\/\\\/www.linkedin.com\\\/company\\\/rede-noticiaz-barretos-e-regio\\\/\"]},{\"@type\":\"Person\",\"@id\":\"https:\\\/\\\/redenoticiaz.com.br\\\/ribeiraopreto-regiao\\\/#\\\/schema\\\/person\\\/0f0b8a5bdafefe82841e07ae8d81ecb3\",\"name\":\"Leonardo Francisco\",\"image\":{\"@type\":\"ImageObject\",\"inLanguage\":\"pt-BR\",\"@id\":\"https:\\\/\\\/secure.gravatar.com\\\/avatar\\\/a7358cb406a99b682ec6df1e77e31ae82e63601f6784e8a3df411d72b37864da?s=96&d=mm&r=g\",\"url\":\"https:\\\/\\\/secure.gravatar.com\\\/avatar\\\/a7358cb406a99b682ec6df1e77e31ae82e63601f6784e8a3df411d72b37864da?s=96&d=mm&r=g\",\"contentUrl\":\"https:\\\/\\\/secure.gravatar.com\\\/avatar\\\/a7358cb406a99b682ec6df1e77e31ae82e63601f6784e8a3df411d72b37864da?s=96&d=mm&r=g\",\"caption\":\"Leonardo Francisco\"},\"url\":\"https:\\\/\\\/redenoticiaz.com.br\\\/ribeiraopreto-regiao\\\/sp\\\/author\\\/leonardo-francisco\"}]}<\/script>\n<!-- \/ Yoast SEO plugin. -->","yoast_head_json":{"title":"Santos fica no empate contra o Internacional ap\u00f3s o VAR trazer novo preju\u00edzo - Ribeir\u00e3o Preto e Regi\u00e3o","description":"J\u00e1 virou rotina em jogos do Santos, o \u00e1rbitro de v\u00eddeo (VAR) ser acionado e trazer mais preju\u00edzos. Isso porque era mais uma boa chance do Peixe","robots":{"index":"index","follow":"follow","max-snippet":"max-snippet:-1","max-image-preview":"max-image-preview:large","max-video-preview":"max-video-preview:-1"},"canonical":"https:\/\/redenoticiaz.com.br\/ribeiraopreto-regiao\/sp\/2022\/06\/09\/santos-fica-no-empate-contra-o-internacional-apos-o-var-trazer-novo-prejuizo","og_locale":"pt_BR","og_type":"article","og_title":"Santos fica no empate contra o Internacional ap\u00f3s o VAR trazer novo preju\u00edzo - Ribeir\u00e3o Preto e Regi\u00e3o","og_description":"J\u00e1 virou rotina em jogos do Santos, o \u00e1rbitro de v\u00eddeo (VAR) ser acionado e trazer mais preju\u00edzos. Isso porque era mais uma boa chance do Peixe","og_url":"https:\/\/redenoticiaz.com.br\/ribeiraopreto-regiao\/sp\/2022\/06\/09\/santos-fica-no-empate-contra-o-internacional-apos-o-var-trazer-novo-prejuizo","og_site_name":"Ribeir\u00e3o Preto e Regi\u00e3o","article_publisher":"https:\/\/m.facebook.com\/redenoticiaz.barretos","article_published_time":"2022-06-09T10:32:44+00:00","og_image":[{"width":750,"height":414,"url":"https:\/\/redenoticiaz.com.br\/ribeiraopreto-regiao\/wp-content\/uploads\/sites\/4\/2022\/06\/CONCURSO-750x414-1.jpg","type":"image\/jpeg"}],"author":"Leonardo Francisco","twitter_card":"summary_large_image","twitter_creator":"@RN_barretos","twitter_site":"@RN_barretos","twitter_misc":{"Escrito por":"Leonardo Francisco","Est. tempo de leitura":"2 minutos"},"schema":{"@context":"https:\/\/schema.org","@graph":[{"@type":"Article","@id":"https:\/\/redenoticiaz.com.br\/ribeiraopreto-regiao\/sp\/2022\/06\/09\/santos-fica-no-empate-contra-o-internacional-apos-o-var-trazer-novo-prejuizo#article","isPartOf":{"@id":"https:\/\/redenoticiaz.com.br\/ribeiraopreto-regiao\/sp\/2022\/06\/09\/santos-fica-no-empate-contra-o-internacional-apos-o-var-trazer-novo-prejuizo"},"author":{"name":"Leonardo Francisco","@id":"https:\/\/redenoticiaz.com.br\/ribeiraopreto-regiao\/#\/schema\/person\/0f0b8a5bdafefe82841e07ae8d81ecb3"},"headline":"Santos fica no empate contra o Internacional ap\u00f3s o VAR trazer novo preju\u00edzo","datePublished":"2022-06-09T10:32:44+00:00","mainEntityOfPage":{"@id":"https:\/\/redenoticiaz.com.br\/ribeiraopreto-regiao\/sp\/2022\/06\/09\/santos-fica-no-empate-contra-o-internacional-apos-o-var-trazer-novo-prejuizo"},"wordCount":413,"commentCount":0,"publisher":{"@id":"https:\/\/redenoticiaz.com.br\/ribeiraopreto-regiao\/#organization"},"image":{"@id":"https:\/\/redenoticiaz.com.br\/ribeiraopreto-regiao\/sp\/2022\/06\/09\/santos-fica-no-empate-contra-o-internacional-apos-o-var-trazer-novo-prejuizo#primaryimage"},"thumbnailUrl":"https:\/\/redenoticiaz.com.br\/ribeiraopreto-regiao\/wp-content\/uploads\/sites\/4\/2022\/06\/SANXINT.jpeg?v=1654770658","keywords":["BRASILEIR\u00c3O 2022","CAMPEONATO BRASILEIRO","INTERNACIONAL","Santos FC","Vila Belmiro"],"articleSection":["Esporte"],"inLanguage":"pt-BR","potentialAction":[{"@type":"CommentAction","name":"Comment","target":["https:\/\/redenoticiaz.com.br\/ribeiraopreto-regiao\/sp\/2022\/06\/09\/santos-fica-no-empate-contra-o-internacional-apos-o-var-trazer-novo-prejuizo#respond"]}]},{"@type":"WebPage","@id":"https:\/\/redenoticiaz.com.br\/ribeiraopreto-regiao\/sp\/2022\/06\/09\/santos-fica-no-empate-contra-o-internacional-apos-o-var-trazer-novo-prejuizo","url":"https:\/\/redenoticiaz.com.br\/ribeiraopreto-regiao\/sp\/2022\/06\/09\/santos-fica-no-empate-contra-o-internacional-apos-o-var-trazer-novo-prejuizo","name":"Santos fica no empate contra o Internacional ap\u00f3s o VAR trazer novo preju\u00edzo - Ribeir\u00e3o Preto e Regi\u00e3o","isPartOf":{"@id":"https:\/\/redenoticiaz.com.br\/ribeiraopreto-regiao\/#website"},"primaryImageOfPage":{"@id":"https:\/\/redenoticiaz.com.br\/ribeiraopreto-regiao\/sp\/2022\/06\/09\/santos-fica-no-empate-contra-o-internacional-apos-o-var-trazer-novo-prejuizo#primaryimage"},"image":{"@id":"https:\/\/redenoticiaz.com.br\/ribeiraopreto-regiao\/sp\/2022\/06\/09\/santos-fica-no-empate-contra-o-internacional-apos-o-var-trazer-novo-prejuizo#primaryimage"},"thumbnailUrl":"https:\/\/redenoticiaz.com.br\/ribeiraopreto-regiao\/wp-content\/uploads\/sites\/4\/2022\/06\/SANXINT.jpeg?v=1654770658","datePublished":"2022-06-09T10:32:44+00:00","description":"J\u00e1 virou rotina em jogos do Santos, o \u00e1rbitro de v\u00eddeo (VAR) ser acionado e trazer mais preju\u00edzos. Isso porque era mais uma boa chance do Peixe","inLanguage":"pt-BR","potentialAction":[{"@type":"ReadAction","target":["https:\/\/redenoticiaz.com.br\/ribeiraopreto-regiao\/sp\/2022\/06\/09\/santos-fica-no-empate-contra-o-internacional-apos-o-var-trazer-novo-prejuizo"]}]},{"@type":"ImageObject","inLanguage":"pt-BR","@id":"https:\/\/redenoticiaz.com.br\/ribeiraopreto-regiao\/sp\/2022\/06\/09\/santos-fica-no-empate-contra-o-internacional-apos-o-var-trazer-novo-prejuizo#primaryimage","url":"https:\/\/redenoticiaz.com.br\/ribeiraopreto-regiao\/wp-content\/uploads\/sites\/4\/2022\/06\/SANXINT.jpeg?v=1654770658","contentUrl":"https:\/\/redenoticiaz.com.br\/ribeiraopreto-regiao\/wp-content\/uploads\/sites\/4\/2022\/06\/SANXINT.jpeg?v=1654770658","width":910,"height":607,"caption":"Cr\u00e9ditos: Divulga\u00e7\u00e3o\/AGIF"},{"@type":"WebSite","@id":"https:\/\/redenoticiaz.com.br\/ribeiraopreto-regiao\/#website","url":"https:\/\/redenoticiaz.com.br\/ribeiraopreto-regiao\/","name":"Ribeir\u00e3o Preto e Regi\u00e3o","description":"Rede NoticiaZ - Ribeir\u00e3o Preto e regi\u00e3o","publisher":{"@id":"https:\/\/redenoticiaz.com.br\/ribeiraopreto-regiao\/#organization"},"potentialAction":[{"@type":"SearchAction","target":{"@type":"EntryPoint","urlTemplate":"https:\/\/redenoticiaz.com.br\/ribeiraopreto-regiao\/?s={search_term_string}"},"query-input":{"@type":"PropertyValueSpecification","valueRequired":true,"valueName":"search_term_string"}}],"inLanguage":"pt-BR"},{"@type":"Organization","@id":"https:\/\/redenoticiaz.com.br\/ribeiraopreto-regiao\/#organization","name":"Ribeir\u00e3o Preto e Regi\u00e3o","url":"https:\/\/redenoticiaz.com.br\/ribeiraopreto-regiao\/","logo":{"@type":"ImageObject","inLanguage":"pt-BR","@id":"https:\/\/redenoticiaz.com.br\/ribeiraopreto-regiao\/#\/schema\/logo\/image\/","url":"https:\/\/redenoticiaz.com.br\/barretos-regiao\/wp-content\/uploads\/sites\/4\/2022\/02\/logo.jpg","contentUrl":"https:\/\/redenoticiaz.com.br\/barretos-regiao\/wp-content\/uploads\/sites\/4\/2022\/02\/logo.jpg","width":400,"height":250,"caption":"Ribeir\u00e3o Preto e Regi\u00e3o"},"image":{"@id":"https:\/\/redenoticiaz.com.br\/ribeiraopreto-regiao\/#\/schema\/logo\/image\/"},"sameAs":["https:\/\/m.facebook.com\/redenoticiaz.barretos","https:\/\/x.com\/RN_barretos","https:\/\/www.instagram.com\/redenoticiaz.barretos\/?igshid=YmMyMTA2M2Y","https:\/\/www.linkedin.com\/company\/rede-noticiaz-barretos-e-regio\/"]},{"@type":"Person","@id":"https:\/\/redenoticiaz.com.br\/ribeiraopreto-regiao\/#\/schema\/person\/0f0b8a5bdafefe82841e07ae8d81ecb3","name":"Leonardo Francisco","image":{"@type":"ImageObject","inLanguage":"pt-BR","@id":"https:\/\/secure.gravatar.com\/avatar\/a7358cb406a99b682ec6df1e77e31ae82e63601f6784e8a3df411d72b37864da?s=96&d=mm&r=g","url":"https:\/\/secure.gravatar.com\/avatar\/a7358cb406a99b682ec6df1e77e31ae82e63601f6784e8a3df411d72b37864da?s=96&d=mm&r=g","contentUrl":"https:\/\/secure.gravatar.com\/avatar\/a7358cb406a99b682ec6df1e77e31ae82e63601f6784e8a3df411d72b37864da?s=96&d=mm&r=g","caption":"Leonardo Francisco"},"url":"https:\/\/redenoticiaz.com.br\/ribeiraopreto-regiao\/sp\/author\/leonardo-francisco"}]}},"_links":{"self":[{"href":"https:\/\/redenoticiaz.com.br\/ribeiraopreto-regiao\/wp-json\/wp\/v2\/posts\/85807","targetHints":{"allow":["GET"]}}],"collection":[{"href":"https:\/\/redenoticiaz.com.br\/ribeiraopreto-regiao\/wp-json\/wp\/v2\/posts"}],"about":[{"href":"https:\/\/redenoticiaz.com.br\/ribeiraopreto-regiao\/wp-json\/wp\/v2\/types\/post"}],"author":[{"embeddable":true,"href":"https:\/\/redenoticiaz.com.br\/ribeiraopreto-regiao\/wp-json\/wp\/v2\/users\/6"}],"replies":[{"embeddable":true,"href":"https:\/\/redenoticiaz.com.br\/ribeiraopreto-regiao\/wp-json\/wp\/v2\/comments?post=85807"}],"version-history":[{"count":0,"href":"https:\/\/redenoticiaz.com.br\/ribeiraopreto-regiao\/wp-json\/wp\/v2\/posts\/85807\/revisions"}],"wp:featuredmedia":[{"embeddable":true,"href":"https:\/\/redenoticiaz.com.br\/ribeiraopreto-regiao\/wp-json\/wp\/v2\/media\/85808"}],"wp:attachment":[{"href":"https:\/\/redenoticiaz.com.br\/ribeiraopreto-regiao\/wp-json\/wp\/v2\/media?parent=85807"}],"wp:term":[{"taxonomy":"category","embeddable":true,"href":"https:\/\/redenoticiaz.com.br\/ribeiraopreto-regiao\/wp-json\/wp\/v2\/categories?post=85807"},{"taxonomy":"post_tag","embeddable":true,"href":"https:\/\/redenoticiaz.com.br\/ribeiraopreto-regiao\/wp-json\/wp\/v2\/tags?post=85807"}],"curies":[{"name":"wp","href":"https:\/\/api.w.org\/{rel}","templated":true}]}}