{"id":86076,"date":"2022-06-12T18:59:36","date_gmt":"2022-06-12T21:59:36","guid":{"rendered":"https:\/\/redenoticiaz.com.br\/barretos-regiao\/?p=86076"},"modified":"2022-06-12T19:09:32","modified_gmt":"2022-06-12T22:09:32","slug":"netflix-anuncia-que-round-6-esta-de-volta-e-revela-o-que-esperar-para-2-temporada","status":"publish","type":"post","link":"https:\/\/redenoticiaz.com.br\/ribeiraopreto-regiao\/sp\/2022\/06\/12\/netflix-anuncia-que-round-6-esta-de-volta-e-revela-o-que-esperar-para-2-temporada","title":{"rendered":"Netflix anuncia que Round 6 est\u00e1 de volta e revela o que esperar para 2\u00b0 temporada"},"content":{"rendered":"<p>Batatinha frita um&#8230;dois&#8230;tr\u00eas&#8230; A Netflix acaba de anunciar a 2\u00b0 temporada de Round 6. Al\u00e9m disso, o diretor e roteirista Hwang Dong-hyukda, divulgou um spoiler sobre o futuro da s\u00e9rie e quais personagens deve retornar.<\/p>\n<h4>Sobre a s\u00e9rie<\/h4>\n<p>Um misterioso convite para entrar em um jogo \u00e9 enviado para pessoas espec\u00edficas que precisam urgentemente de dinheiro. 456 participantes de todos os tipos s\u00e3o trancados em um local secreto, onde jogam para ganhar 45,6 bilh\u00f5es de won. Cada jogo \u00e9 uma brincadeira de crian\u00e7a tradicional coreana, como Batatinha frita 1, 2, 3, mas a consequ\u00eancia para quem perder \u00e9 a morte. Quem ser\u00e1 o vencedor e qual \u00e9 o prop\u00f3sito por tr\u00e1s deste jogo?<\/p>\n<h4 style=\"text-align: center\">Carta do diretor Hwang Dong-hyukda<\/h4>\n<p><img loading=\"lazy\" decoding=\"async\" class=\"size-medium wp-image-86077 aligncenter\" src=\"https:\/\/redenoticiaz.com.br\/barretos-regiao\/wp-content\/uploads\/sites\/4\/2022\/06\/PT-BR_SQ_S2_LetterfromDirector-300x300.jpg\" alt=\"\" width=\"300\" height=\"300\" srcset=\"https:\/\/redenoticiaz.com.br\/ribeiraopreto-regiao\/wp-content\/uploads\/sites\/4\/2022\/06\/PT-BR_SQ_S2_LetterfromDirector-300x300.jpg 300w, https:\/\/redenoticiaz.com.br\/ribeiraopreto-regiao\/wp-content\/uploads\/sites\/4\/2022\/06\/PT-BR_SQ_S2_LetterfromDirector-1024x1024.jpg 1024w, https:\/\/redenoticiaz.com.br\/ribeiraopreto-regiao\/wp-content\/uploads\/sites\/4\/2022\/06\/PT-BR_SQ_S2_LetterfromDirector-150x150.jpg 150w, https:\/\/redenoticiaz.com.br\/ribeiraopreto-regiao\/wp-content\/uploads\/sites\/4\/2022\/06\/PT-BR_SQ_S2_LetterfromDirector-768x768.jpg 768w, https:\/\/redenoticiaz.com.br\/ribeiraopreto-regiao\/wp-content\/uploads\/sites\/4\/2022\/06\/PT-BR_SQ_S2_LetterfromDirector.jpg 1080w\" sizes=\"auto, (max-width: 300px) 100vw, 300px\" \/><\/p>\n<p><em>Round 6<\/em>\u00a0\u00e9 uma s\u00e9rie de 9 epis\u00f3dios, estrelando Lee Jung-Jae (New World, Assassination) e Park Hae-Soo (Time to Hunt, Prison Playbook).<\/p>\n<p><strong>VEJA TAMB\u00c9M:\u00a0<a href=\"https:\/\/redenoticiaz.com.br\/barretos-regiao\/sp\/2022\/06\/11\/as-grandes-producoes-que-valorizam-o-protagonismo-negro\">Bel-Air a s\u00e9rie reboot de Um Maluco no Peda\u00e7o j\u00e1 est\u00e1 dispon\u00edvel, confira<\/a><\/strong><\/p>\n","protected":false},"excerpt":{"rendered":"<p>Batatinha frita um&#8230;dois&#8230;tr\u00eas&#8230; A Netflix acaba de anunciar a 2\u00b0 temporada de Round 6. Al\u00e9m disso, o diretor e roteirista Hwang Dong-hyukda, divulgou um spoiler sobre o futuro da s\u00e9rie e quais personagens deve retornar. Sobre a s\u00e9rie Um misterioso convite para entrar em um jogo \u00e9 enviado para pessoas espec\u00edficas que precisam urgentemente de &hellip;<\/p>\n","protected":false},"author":15,"featured_media":86081,"comment_status":"open","ping_status":"closed","sticky":false,"template":"","format":"standard","meta":{"footnotes":""},"categories":[134],"tags":[17663,5887,17662,12580],"class_list":["post-86076","post","type-post","status-publish","format-standard","has-post-thumbnail","hentry","category-entretenimento","tag-2-temporada","tag-netflix","tag-round-6","tag-serie"],"yoast_head":"<!-- This site is optimized with the Yoast SEO plugin v27.4 - https:\/\/yoast.com\/product\/yoast-seo-wordpress\/ -->\n<title>Netflix anuncia que Round 6 est\u00e1 de volta e revela o que esperar para 2\u00b0 temporada - Ribeir\u00e3o Preto e Regi\u00e3o<\/title>\n<meta name=\"description\" content=\"A Netflix acaba de anunciar a 2\u00b0 temporada de Round 6. Al\u00e9m disso, o diretor e roteirista Hwang Dong-hyukda, divulgou um spoiler sobre o futuro da s\u00e9rie.\" \/>\n<meta name=\"robots\" content=\"index, follow, max-snippet:-1, max-image-preview:large, max-video-preview:-1\" \/>\n<link rel=\"canonical\" href=\"https:\/\/redenoticiaz.com.br\/ribeiraopreto-regiao\/sp\/2022\/06\/12\/netflix-anuncia-que-round-6-esta-de-volta-e-revela-o-que-esperar-para-2-temporada\" \/>\n<meta property=\"og:locale\" content=\"pt_BR\" \/>\n<meta property=\"og:type\" content=\"article\" \/>\n<meta property=\"og:title\" content=\"Netflix anuncia que Round 6 est\u00e1 de volta e revela o que esperar para 2\u00b0 temporada - Ribeir\u00e3o Preto e Regi\u00e3o\" \/>\n<meta property=\"og:description\" content=\"A Netflix acaba de anunciar a 2\u00b0 temporada de Round 6. Al\u00e9m disso, o diretor e roteirista Hwang Dong-hyukda, divulgou um spoiler sobre o futuro da s\u00e9rie.\" \/>\n<meta property=\"og:url\" content=\"https:\/\/redenoticiaz.com.br\/ribeiraopreto-regiao\/sp\/2022\/06\/12\/netflix-anuncia-que-round-6-esta-de-volta-e-revela-o-que-esperar-para-2-temporada\" \/>\n<meta property=\"og:site_name\" content=\"Ribeir\u00e3o Preto e Regi\u00e3o\" \/>\n<meta property=\"article:publisher\" content=\"https:\/\/m.facebook.com\/redenoticiaz.barretos\" \/>\n<meta property=\"article:published_time\" content=\"2022-06-12T21:59:36+00:00\" \/>\n<meta property=\"article:modified_time\" content=\"2022-06-12T22:09:32+00:00\" \/>\n<meta property=\"og:image\" content=\"https:\/\/redenoticiaz.com.br\/ribeiraopreto-regiao\/wp-content\/uploads\/sites\/4\/2022\/06\/n-1-2.png\" \/>\n\t<meta property=\"og:image:width\" content=\"300\" \/>\n\t<meta property=\"og:image:height\" content=\"200\" \/>\n\t<meta property=\"og:image:type\" content=\"image\/png\" \/>\n<meta name=\"twitter:card\" content=\"summary_large_image\" \/>\n<meta name=\"twitter:creator\" content=\"@RN_barretos\" \/>\n<meta name=\"twitter:site\" content=\"@RN_barretos\" \/>\n<meta name=\"twitter:label1\" content=\"Escrito por\" \/>\n\t<meta name=\"twitter:data1\" content=\"\" \/>\n\t<meta name=\"twitter:label2\" content=\"Est. tempo de leitura\" \/>\n\t<meta name=\"twitter:data2\" content=\"1 minuto\" \/>\n<script type=\"application\/ld+json\" class=\"yoast-schema-graph\">{\"@context\":\"https:\\\/\\\/schema.org\",\"@graph\":[{\"@type\":\"Article\",\"@id\":\"https:\\\/\\\/redenoticiaz.com.br\\\/ribeiraopreto-regiao\\\/sp\\\/2022\\\/06\\\/12\\\/netflix-anuncia-que-round-6-esta-de-volta-e-revela-o-que-esperar-para-2-temporada#article\",\"isPartOf\":{\"@id\":\"https:\\\/\\\/redenoticiaz.com.br\\\/ribeiraopreto-regiao\\\/sp\\\/2022\\\/06\\\/12\\\/netflix-anuncia-que-round-6-esta-de-volta-e-revela-o-que-esperar-para-2-temporada\"},\"author\":{\"name\":\"\",\"@id\":\"\"},\"headline\":\"Netflix anuncia que Round 6 est\u00e1 de volta e revela o que esperar para 2\u00b0 temporada\",\"datePublished\":\"2022-06-12T21:59:36+00:00\",\"dateModified\":\"2022-06-12T22:09:32+00:00\",\"mainEntityOfPage\":{\"@id\":\"https:\\\/\\\/redenoticiaz.com.br\\\/ribeiraopreto-regiao\\\/sp\\\/2022\\\/06\\\/12\\\/netflix-anuncia-que-round-6-esta-de-volta-e-revela-o-que-esperar-para-2-temporada\"},\"wordCount\":174,\"commentCount\":0,\"publisher\":{\"@id\":\"https:\\\/\\\/redenoticiaz.com.br\\\/ribeiraopreto-regiao\\\/#organization\"},\"image\":{\"@id\":\"https:\\\/\\\/redenoticiaz.com.br\\\/ribeiraopreto-regiao\\\/sp\\\/2022\\\/06\\\/12\\\/netflix-anuncia-que-round-6-esta-de-volta-e-revela-o-que-esperar-para-2-temporada#primaryimage\"},\"thumbnailUrl\":\"https:\\\/\\\/redenoticiaz.com.br\\\/ribeiraopreto-regiao\\\/wp-content\\\/uploads\\\/sites\\\/4\\\/2022\\\/06\\\/n-1-2.png\",\"keywords\":[\"2 TEMPORADA\",\"NETFLIX\",\"ROUND 6\",\"S\u00c9RIE\"],\"articleSection\":[\"Entretenimento\"],\"inLanguage\":\"pt-BR\",\"potentialAction\":[{\"@type\":\"CommentAction\",\"name\":\"Comment\",\"target\":[\"https:\\\/\\\/redenoticiaz.com.br\\\/ribeiraopreto-regiao\\\/sp\\\/2022\\\/06\\\/12\\\/netflix-anuncia-que-round-6-esta-de-volta-e-revela-o-que-esperar-para-2-temporada#respond\"]}]},{\"@type\":\"WebPage\",\"@id\":\"https:\\\/\\\/redenoticiaz.com.br\\\/ribeiraopreto-regiao\\\/sp\\\/2022\\\/06\\\/12\\\/netflix-anuncia-que-round-6-esta-de-volta-e-revela-o-que-esperar-para-2-temporada\",\"url\":\"https:\\\/\\\/redenoticiaz.com.br\\\/ribeiraopreto-regiao\\\/sp\\\/2022\\\/06\\\/12\\\/netflix-anuncia-que-round-6-esta-de-volta-e-revela-o-que-esperar-para-2-temporada\",\"name\":\"Netflix anuncia que Round 6 est\u00e1 de volta e revela o que esperar para 2\u00b0 temporada - Ribeir\u00e3o Preto e Regi\u00e3o\",\"isPartOf\":{\"@id\":\"https:\\\/\\\/redenoticiaz.com.br\\\/ribeiraopreto-regiao\\\/#website\"},\"primaryImageOfPage\":{\"@id\":\"https:\\\/\\\/redenoticiaz.com.br\\\/ribeiraopreto-regiao\\\/sp\\\/2022\\\/06\\\/12\\\/netflix-anuncia-que-round-6-esta-de-volta-e-revela-o-que-esperar-para-2-temporada#primaryimage\"},\"image\":{\"@id\":\"https:\\\/\\\/redenoticiaz.com.br\\\/ribeiraopreto-regiao\\\/sp\\\/2022\\\/06\\\/12\\\/netflix-anuncia-que-round-6-esta-de-volta-e-revela-o-que-esperar-para-2-temporada#primaryimage\"},\"thumbnailUrl\":\"https:\\\/\\\/redenoticiaz.com.br\\\/ribeiraopreto-regiao\\\/wp-content\\\/uploads\\\/sites\\\/4\\\/2022\\\/06\\\/n-1-2.png\",\"datePublished\":\"2022-06-12T21:59:36+00:00\",\"dateModified\":\"2022-06-12T22:09:32+00:00\",\"description\":\"A Netflix acaba de anunciar a 2\u00b0 temporada de Round 6. Al\u00e9m disso, o diretor e roteirista Hwang Dong-hyukda, divulgou um spoiler sobre o futuro da s\u00e9rie.\",\"inLanguage\":\"pt-BR\",\"potentialAction\":[{\"@type\":\"ReadAction\",\"target\":[\"https:\\\/\\\/redenoticiaz.com.br\\\/ribeiraopreto-regiao\\\/sp\\\/2022\\\/06\\\/12\\\/netflix-anuncia-que-round-6-esta-de-volta-e-revela-o-que-esperar-para-2-temporada\"]}]},{\"@type\":\"ImageObject\",\"inLanguage\":\"pt-BR\",\"@id\":\"https:\\\/\\\/redenoticiaz.com.br\\\/ribeiraopreto-regiao\\\/sp\\\/2022\\\/06\\\/12\\\/netflix-anuncia-que-round-6-esta-de-volta-e-revela-o-que-esperar-para-2-temporada#primaryimage\",\"url\":\"https:\\\/\\\/redenoticiaz.com.br\\\/ribeiraopreto-regiao\\\/wp-content\\\/uploads\\\/sites\\\/4\\\/2022\\\/06\\\/n-1-2.png\",\"contentUrl\":\"https:\\\/\\\/redenoticiaz.com.br\\\/ribeiraopreto-regiao\\\/wp-content\\\/uploads\\\/sites\\\/4\\\/2022\\\/06\\\/n-1-2.png\",\"width\":300,\"height\":200,\"caption\":\"Round 6. Cr\u00e9dito: Divulga\u00e7\u00e3o\"},{\"@type\":\"WebSite\",\"@id\":\"https:\\\/\\\/redenoticiaz.com.br\\\/ribeiraopreto-regiao\\\/#website\",\"url\":\"https:\\\/\\\/redenoticiaz.com.br\\\/ribeiraopreto-regiao\\\/\",\"name\":\"Ribeir\u00e3o Preto e Regi\u00e3o\",\"description\":\"Rede NoticiaZ - Ribeir\u00e3o Preto e regi\u00e3o\",\"publisher\":{\"@id\":\"https:\\\/\\\/redenoticiaz.com.br\\\/ribeiraopreto-regiao\\\/#organization\"},\"potentialAction\":[{\"@type\":\"SearchAction\",\"target\":{\"@type\":\"EntryPoint\",\"urlTemplate\":\"https:\\\/\\\/redenoticiaz.com.br\\\/ribeiraopreto-regiao\\\/?s={search_term_string}\"},\"query-input\":{\"@type\":\"PropertyValueSpecification\",\"valueRequired\":true,\"valueName\":\"search_term_string\"}}],\"inLanguage\":\"pt-BR\"},{\"@type\":\"Organization\",\"@id\":\"https:\\\/\\\/redenoticiaz.com.br\\\/ribeiraopreto-regiao\\\/#organization\",\"name\":\"Ribeir\u00e3o Preto e Regi\u00e3o\",\"url\":\"https:\\\/\\\/redenoticiaz.com.br\\\/ribeiraopreto-regiao\\\/\",\"logo\":{\"@type\":\"ImageObject\",\"inLanguage\":\"pt-BR\",\"@id\":\"https:\\\/\\\/redenoticiaz.com.br\\\/ribeiraopreto-regiao\\\/#\\\/schema\\\/logo\\\/image\\\/\",\"url\":\"https:\\\/\\\/redenoticiaz.com.br\\\/barretos-regiao\\\/wp-content\\\/uploads\\\/sites\\\/4\\\/2022\\\/02\\\/logo.jpg\",\"contentUrl\":\"https:\\\/\\\/redenoticiaz.com.br\\\/barretos-regiao\\\/wp-content\\\/uploads\\\/sites\\\/4\\\/2022\\\/02\\\/logo.jpg\",\"width\":400,\"height\":250,\"caption\":\"Ribeir\u00e3o Preto e Regi\u00e3o\"},\"image\":{\"@id\":\"https:\\\/\\\/redenoticiaz.com.br\\\/ribeiraopreto-regiao\\\/#\\\/schema\\\/logo\\\/image\\\/\"},\"sameAs\":[\"https:\\\/\\\/m.facebook.com\\\/redenoticiaz.barretos\",\"https:\\\/\\\/x.com\\\/RN_barretos\",\"https:\\\/\\\/www.instagram.com\\\/redenoticiaz.barretos\\\/?igshid=YmMyMTA2M2Y\",\"https:\\\/\\\/www.linkedin.com\\\/company\\\/rede-noticiaz-barretos-e-regio\\\/\"]},{\"@type\":\"Person\",\"@id\":\"\",\"url\":\"https:\\\/\\\/redenoticiaz.com.br\\\/ribeiraopreto-regiao\\\/sp\\\/author\"}]}<\/script>\n<!-- \/ Yoast SEO plugin. -->","yoast_head_json":{"title":"Netflix anuncia que Round 6 est\u00e1 de volta e revela o que esperar para 2\u00b0 temporada - Ribeir\u00e3o Preto e Regi\u00e3o","description":"A Netflix acaba de anunciar a 2\u00b0 temporada de Round 6. Al\u00e9m disso, o diretor e roteirista Hwang Dong-hyukda, divulgou um spoiler sobre o futuro da s\u00e9rie.","robots":{"index":"index","follow":"follow","max-snippet":"max-snippet:-1","max-image-preview":"max-image-preview:large","max-video-preview":"max-video-preview:-1"},"canonical":"https:\/\/redenoticiaz.com.br\/ribeiraopreto-regiao\/sp\/2022\/06\/12\/netflix-anuncia-que-round-6-esta-de-volta-e-revela-o-que-esperar-para-2-temporada","og_locale":"pt_BR","og_type":"article","og_title":"Netflix anuncia que Round 6 est\u00e1 de volta e revela o que esperar para 2\u00b0 temporada - Ribeir\u00e3o Preto e Regi\u00e3o","og_description":"A Netflix acaba de anunciar a 2\u00b0 temporada de Round 6. Al\u00e9m disso, o diretor e roteirista Hwang Dong-hyukda, divulgou um spoiler sobre o futuro da s\u00e9rie.","og_url":"https:\/\/redenoticiaz.com.br\/ribeiraopreto-regiao\/sp\/2022\/06\/12\/netflix-anuncia-que-round-6-esta-de-volta-e-revela-o-que-esperar-para-2-temporada","og_site_name":"Ribeir\u00e3o Preto e Regi\u00e3o","article_publisher":"https:\/\/m.facebook.com\/redenoticiaz.barretos","article_published_time":"2022-06-12T21:59:36+00:00","article_modified_time":"2022-06-12T22:09:32+00:00","og_image":[{"width":300,"height":200,"url":"https:\/\/redenoticiaz.com.br\/ribeiraopreto-regiao\/wp-content\/uploads\/sites\/4\/2022\/06\/n-1-2.png","type":"image\/png"}],"twitter_card":"summary_large_image","twitter_creator":"@RN_barretos","twitter_site":"@RN_barretos","twitter_misc":{"Escrito por":"","Est. tempo de leitura":"1 minuto"},"schema":{"@context":"https:\/\/schema.org","@graph":[{"@type":"Article","@id":"https:\/\/redenoticiaz.com.br\/ribeiraopreto-regiao\/sp\/2022\/06\/12\/netflix-anuncia-que-round-6-esta-de-volta-e-revela-o-que-esperar-para-2-temporada#article","isPartOf":{"@id":"https:\/\/redenoticiaz.com.br\/ribeiraopreto-regiao\/sp\/2022\/06\/12\/netflix-anuncia-que-round-6-esta-de-volta-e-revela-o-que-esperar-para-2-temporada"},"author":{"name":"","@id":""},"headline":"Netflix anuncia que Round 6 est\u00e1 de volta e revela o que esperar para 2\u00b0 temporada","datePublished":"2022-06-12T21:59:36+00:00","dateModified":"2022-06-12T22:09:32+00:00","mainEntityOfPage":{"@id":"https:\/\/redenoticiaz.com.br\/ribeiraopreto-regiao\/sp\/2022\/06\/12\/netflix-anuncia-que-round-6-esta-de-volta-e-revela-o-que-esperar-para-2-temporada"},"wordCount":174,"commentCount":0,"publisher":{"@id":"https:\/\/redenoticiaz.com.br\/ribeiraopreto-regiao\/#organization"},"image":{"@id":"https:\/\/redenoticiaz.com.br\/ribeiraopreto-regiao\/sp\/2022\/06\/12\/netflix-anuncia-que-round-6-esta-de-volta-e-revela-o-que-esperar-para-2-temporada#primaryimage"},"thumbnailUrl":"https:\/\/redenoticiaz.com.br\/ribeiraopreto-regiao\/wp-content\/uploads\/sites\/4\/2022\/06\/n-1-2.png","keywords":["2 TEMPORADA","NETFLIX","ROUND 6","S\u00c9RIE"],"articleSection":["Entretenimento"],"inLanguage":"pt-BR","potentialAction":[{"@type":"CommentAction","name":"Comment","target":["https:\/\/redenoticiaz.com.br\/ribeiraopreto-regiao\/sp\/2022\/06\/12\/netflix-anuncia-que-round-6-esta-de-volta-e-revela-o-que-esperar-para-2-temporada#respond"]}]},{"@type":"WebPage","@id":"https:\/\/redenoticiaz.com.br\/ribeiraopreto-regiao\/sp\/2022\/06\/12\/netflix-anuncia-que-round-6-esta-de-volta-e-revela-o-que-esperar-para-2-temporada","url":"https:\/\/redenoticiaz.com.br\/ribeiraopreto-regiao\/sp\/2022\/06\/12\/netflix-anuncia-que-round-6-esta-de-volta-e-revela-o-que-esperar-para-2-temporada","name":"Netflix anuncia que Round 6 est\u00e1 de volta e revela o que esperar para 2\u00b0 temporada - Ribeir\u00e3o Preto e Regi\u00e3o","isPartOf":{"@id":"https:\/\/redenoticiaz.com.br\/ribeiraopreto-regiao\/#website"},"primaryImageOfPage":{"@id":"https:\/\/redenoticiaz.com.br\/ribeiraopreto-regiao\/sp\/2022\/06\/12\/netflix-anuncia-que-round-6-esta-de-volta-e-revela-o-que-esperar-para-2-temporada#primaryimage"},"image":{"@id":"https:\/\/redenoticiaz.com.br\/ribeiraopreto-regiao\/sp\/2022\/06\/12\/netflix-anuncia-que-round-6-esta-de-volta-e-revela-o-que-esperar-para-2-temporada#primaryimage"},"thumbnailUrl":"https:\/\/redenoticiaz.com.br\/ribeiraopreto-regiao\/wp-content\/uploads\/sites\/4\/2022\/06\/n-1-2.png","datePublished":"2022-06-12T21:59:36+00:00","dateModified":"2022-06-12T22:09:32+00:00","description":"A Netflix acaba de anunciar a 2\u00b0 temporada de Round 6. Al\u00e9m disso, o diretor e roteirista Hwang Dong-hyukda, divulgou um spoiler sobre o futuro da s\u00e9rie.","inLanguage":"pt-BR","potentialAction":[{"@type":"ReadAction","target":["https:\/\/redenoticiaz.com.br\/ribeiraopreto-regiao\/sp\/2022\/06\/12\/netflix-anuncia-que-round-6-esta-de-volta-e-revela-o-que-esperar-para-2-temporada"]}]},{"@type":"ImageObject","inLanguage":"pt-BR","@id":"https:\/\/redenoticiaz.com.br\/ribeiraopreto-regiao\/sp\/2022\/06\/12\/netflix-anuncia-que-round-6-esta-de-volta-e-revela-o-que-esperar-para-2-temporada#primaryimage","url":"https:\/\/redenoticiaz.com.br\/ribeiraopreto-regiao\/wp-content\/uploads\/sites\/4\/2022\/06\/n-1-2.png","contentUrl":"https:\/\/redenoticiaz.com.br\/ribeiraopreto-regiao\/wp-content\/uploads\/sites\/4\/2022\/06\/n-1-2.png","width":300,"height":200,"caption":"Round 6. Cr\u00e9dito: Divulga\u00e7\u00e3o"},{"@type":"WebSite","@id":"https:\/\/redenoticiaz.com.br\/ribeiraopreto-regiao\/#website","url":"https:\/\/redenoticiaz.com.br\/ribeiraopreto-regiao\/","name":"Ribeir\u00e3o Preto e Regi\u00e3o","description":"Rede NoticiaZ - Ribeir\u00e3o Preto e regi\u00e3o","publisher":{"@id":"https:\/\/redenoticiaz.com.br\/ribeiraopreto-regiao\/#organization"},"potentialAction":[{"@type":"SearchAction","target":{"@type":"EntryPoint","urlTemplate":"https:\/\/redenoticiaz.com.br\/ribeiraopreto-regiao\/?s={search_term_string}"},"query-input":{"@type":"PropertyValueSpecification","valueRequired":true,"valueName":"search_term_string"}}],"inLanguage":"pt-BR"},{"@type":"Organization","@id":"https:\/\/redenoticiaz.com.br\/ribeiraopreto-regiao\/#organization","name":"Ribeir\u00e3o Preto e Regi\u00e3o","url":"https:\/\/redenoticiaz.com.br\/ribeiraopreto-regiao\/","logo":{"@type":"ImageObject","inLanguage":"pt-BR","@id":"https:\/\/redenoticiaz.com.br\/ribeiraopreto-regiao\/#\/schema\/logo\/image\/","url":"https:\/\/redenoticiaz.com.br\/barretos-regiao\/wp-content\/uploads\/sites\/4\/2022\/02\/logo.jpg","contentUrl":"https:\/\/redenoticiaz.com.br\/barretos-regiao\/wp-content\/uploads\/sites\/4\/2022\/02\/logo.jpg","width":400,"height":250,"caption":"Ribeir\u00e3o Preto e Regi\u00e3o"},"image":{"@id":"https:\/\/redenoticiaz.com.br\/ribeiraopreto-regiao\/#\/schema\/logo\/image\/"},"sameAs":["https:\/\/m.facebook.com\/redenoticiaz.barretos","https:\/\/x.com\/RN_barretos","https:\/\/www.instagram.com\/redenoticiaz.barretos\/?igshid=YmMyMTA2M2Y","https:\/\/www.linkedin.com\/company\/rede-noticiaz-barretos-e-regio\/"]},{"@type":"Person","@id":"","url":"https:\/\/redenoticiaz.com.br\/ribeiraopreto-regiao\/sp\/author"}]}},"_links":{"self":[{"href":"https:\/\/redenoticiaz.com.br\/ribeiraopreto-regiao\/wp-json\/wp\/v2\/posts\/86076","targetHints":{"allow":["GET"]}}],"collection":[{"href":"https:\/\/redenoticiaz.com.br\/ribeiraopreto-regiao\/wp-json\/wp\/v2\/posts"}],"about":[{"href":"https:\/\/redenoticiaz.com.br\/ribeiraopreto-regiao\/wp-json\/wp\/v2\/types\/post"}],"author":[{"embeddable":true,"href":"https:\/\/redenoticiaz.com.br\/ribeiraopreto-regiao\/wp-json\/wp\/v2\/users\/15"}],"replies":[{"embeddable":true,"href":"https:\/\/redenoticiaz.com.br\/ribeiraopreto-regiao\/wp-json\/wp\/v2\/comments?post=86076"}],"version-history":[{"count":2,"href":"https:\/\/redenoticiaz.com.br\/ribeiraopreto-regiao\/wp-json\/wp\/v2\/posts\/86076\/revisions"}],"predecessor-version":[{"id":86083,"href":"https:\/\/redenoticiaz.com.br\/ribeiraopreto-regiao\/wp-json\/wp\/v2\/posts\/86076\/revisions\/86083"}],"wp:featuredmedia":[{"embeddable":true,"href":"https:\/\/redenoticiaz.com.br\/ribeiraopreto-regiao\/wp-json\/wp\/v2\/media\/86081"}],"wp:attachment":[{"href":"https:\/\/redenoticiaz.com.br\/ribeiraopreto-regiao\/wp-json\/wp\/v2\/media?parent=86076"}],"wp:term":[{"taxonomy":"category","embeddable":true,"href":"https:\/\/redenoticiaz.com.br\/ribeiraopreto-regiao\/wp-json\/wp\/v2\/categories?post=86076"},{"taxonomy":"post_tag","embeddable":true,"href":"https:\/\/redenoticiaz.com.br\/ribeiraopreto-regiao\/wp-json\/wp\/v2\/tags?post=86076"}],"curies":[{"name":"wp","href":"https:\/\/api.w.org\/{rel}","templated":true}]}}