{"id":86293,"date":"2022-06-16T10:21:35","date_gmt":"2022-06-16T13:21:35","guid":{"rendered":"https:\/\/redenoticiaz.com.br\/barretos-regiao\/?p=86293"},"modified":"2022-06-16T10:21:35","modified_gmt":"2022-06-16T13:21:35","slug":"audiencia-publica-sera-realizada-para-discutir-o-futuro-da-cultura","status":"publish","type":"post","link":"https:\/\/redenoticiaz.com.br\/ribeiraopreto-regiao\/sp\/2022\/06\/16\/audiencia-publica-sera-realizada-para-discutir-o-futuro-da-cultura","title":{"rendered":"Audi\u00eancia P\u00fablica ser\u00e1 realizada para discutir o futuro da Cultura"},"content":{"rendered":"<p>A C\u00e2mara Municipal de Barretos, atendendo um pedido proposto atrav\u00e9s do requerimento n\u00ba 863\/2022, de autoria do vereador Rodrigo Malaman, agendou, uma Audi\u00eancia P\u00fablica, para discutir a realidade e o futuro da Cultura na cidade de Barretos.<\/p>\n<p><em> \u201cConsidero a Cultura um importante instrumento para a uni\u00e3o de um povo e de engrandecimento de cada um de seus integrantes, sendo indispens\u00e1vel debater formas de facilitar o acesso de eventos culturais a toda a popula\u00e7\u00e3o\u201d,<\/em> afirmou Malaman. Para a reuni\u00e3o foram convidados representantes da ALAB, ABC, Defensoria, Associa\u00e7\u00e3o Amigos do Recinto e ativistas culturais.<\/p>\n<p>Em maio o Secret\u00e1rio Municipal da Cultura Rog\u00e9rio Teod\u00f3sio, participou do encontro regional com autoridades e representantes municipais de diversas cidades do interior paulista para tratar sobre alinhamento e melhoria da dos Editais Estaduais (Proac ICMS, Proac Editais, Juntos Pela Cultura 2022). O encontro teve palestra do chefe de gabinete da Secretaria de Cultura e Economia Criativa do estado de S\u00e3o Paulo, Frederico Mascarenhas.<\/p>\n<p>A Audi\u00eancia P\u00fablica, ser\u00e1 realizada no dia 21, \u00e0s 19h30.<\/p>\n<p><strong>VEJA TAMB\u00c9M:\u00a0<a href=\"https:\/\/redenoticiaz.com.br\/barretos-regiao\/sp\/2022\/05\/05\/secretario-municipal-de-cultura-participa-de-encontro-regional-em-catanduva\">Secret\u00e1rio Municipal de Cultura participa de encontro regional em Catanduva<\/a><\/strong><\/p>\n","protected":false},"excerpt":{"rendered":"<p>A C\u00e2mara Municipal de Barretos, atendendo um pedido proposto atrav\u00e9s do requerimento n\u00ba 863\/2022, de autoria do vereador Rodrigo Malaman, agendou, uma Audi\u00eancia P\u00fablica, para discutir a realidade e o futuro da Cultura na cidade de Barretos. \u201cConsidero a Cultura um importante instrumento para a uni\u00e3o de um povo e de engrandecimento de cada um &hellip;<\/p>\n","protected":false},"author":15,"featured_media":86294,"comment_status":"open","ping_status":"closed","sticky":false,"template":"","format":"standard","meta":{"footnotes":""},"categories":[186],"tags":[3693,17789,64,2902],"class_list":["post-86293","post","type-post","status-publish","format-standard","has-post-thumbnail","hentry","category-politica","tag-atendimento","tag-audiencia-publica","tag-barretos","tag-cultura"],"yoast_head":"<!-- This site is optimized with the Yoast SEO plugin v27.4 - https:\/\/yoast.com\/product\/yoast-seo-wordpress\/ -->\n<title>Audi\u00eancia P\u00fablica ser\u00e1 realizada para discutir o futuro da Cultura - Ribeir\u00e3o Preto e Regi\u00e3o<\/title>\n<meta name=\"description\" content=\"A C\u00e2mara Municipal de Barretos, atendendo um pedido proposto atrav\u00e9s do requerimento de autoria do vereador Rodrigo Malaman, agendou, uma Audi\u00eancia P\u00fablica.\" \/>\n<meta name=\"robots\" content=\"index, follow, max-snippet:-1, max-image-preview:large, max-video-preview:-1\" \/>\n<link rel=\"canonical\" href=\"https:\/\/redenoticiaz.com.br\/ribeiraopreto-regiao\/sp\/2022\/06\/16\/audiencia-publica-sera-realizada-para-discutir-o-futuro-da-cultura\" \/>\n<meta property=\"og:locale\" content=\"pt_BR\" \/>\n<meta property=\"og:type\" content=\"article\" \/>\n<meta property=\"og:title\" content=\"Audi\u00eancia P\u00fablica ser\u00e1 realizada para discutir o futuro da Cultura - Ribeir\u00e3o Preto e Regi\u00e3o\" \/>\n<meta property=\"og:description\" content=\"A C\u00e2mara Municipal de Barretos, atendendo um pedido proposto atrav\u00e9s do requerimento de autoria do vereador Rodrigo Malaman, agendou, uma Audi\u00eancia P\u00fablica.\" \/>\n<meta property=\"og:url\" content=\"https:\/\/redenoticiaz.com.br\/ribeiraopreto-regiao\/sp\/2022\/06\/16\/audiencia-publica-sera-realizada-para-discutir-o-futuro-da-cultura\" \/>\n<meta property=\"og:site_name\" content=\"Ribeir\u00e3o Preto e Regi\u00e3o\" \/>\n<meta property=\"article:publisher\" content=\"https:\/\/m.facebook.com\/redenoticiaz.barretos\" \/>\n<meta property=\"article:published_time\" content=\"2022-06-16T13:21:35+00:00\" \/>\n<meta property=\"og:image\" content=\"https:\/\/redenoticiaz.com.br\/ribeiraopreto-regiao\/wp-content\/uploads\/sites\/4\/2022\/06\/2022-06-16-1.png\" \/>\n\t<meta property=\"og:image:width\" content=\"474\" \/>\n\t<meta property=\"og:image:height\" content=\"258\" \/>\n\t<meta property=\"og:image:type\" content=\"image\/png\" \/>\n<meta name=\"twitter:card\" content=\"summary_large_image\" \/>\n<meta name=\"twitter:creator\" content=\"@RN_barretos\" \/>\n<meta name=\"twitter:site\" content=\"@RN_barretos\" \/>\n<meta name=\"twitter:label1\" content=\"Escrito por\" \/>\n\t<meta name=\"twitter:data1\" content=\"\" \/>\n\t<meta name=\"twitter:label2\" content=\"Est. tempo de leitura\" \/>\n\t<meta name=\"twitter:data2\" content=\"1 minuto\" \/>\n<script type=\"application\/ld+json\" class=\"yoast-schema-graph\">{\"@context\":\"https:\\\/\\\/schema.org\",\"@graph\":[{\"@type\":\"Article\",\"@id\":\"https:\\\/\\\/redenoticiaz.com.br\\\/ribeiraopreto-regiao\\\/sp\\\/2022\\\/06\\\/16\\\/audiencia-publica-sera-realizada-para-discutir-o-futuro-da-cultura#article\",\"isPartOf\":{\"@id\":\"https:\\\/\\\/redenoticiaz.com.br\\\/ribeiraopreto-regiao\\\/sp\\\/2022\\\/06\\\/16\\\/audiencia-publica-sera-realizada-para-discutir-o-futuro-da-cultura\"},\"author\":{\"name\":\"\",\"@id\":\"\"},\"headline\":\"Audi\u00eancia P\u00fablica ser\u00e1 realizada para discutir o futuro da Cultura\",\"datePublished\":\"2022-06-16T13:21:35+00:00\",\"mainEntityOfPage\":{\"@id\":\"https:\\\/\\\/redenoticiaz.com.br\\\/ribeiraopreto-regiao\\\/sp\\\/2022\\\/06\\\/16\\\/audiencia-publica-sera-realizada-para-discutir-o-futuro-da-cultura\"},\"wordCount\":204,\"commentCount\":0,\"publisher\":{\"@id\":\"https:\\\/\\\/redenoticiaz.com.br\\\/ribeiraopreto-regiao\\\/#organization\"},\"image\":{\"@id\":\"https:\\\/\\\/redenoticiaz.com.br\\\/ribeiraopreto-regiao\\\/sp\\\/2022\\\/06\\\/16\\\/audiencia-publica-sera-realizada-para-discutir-o-futuro-da-cultura#primaryimage\"},\"thumbnailUrl\":\"https:\\\/\\\/redenoticiaz.com.br\\\/ribeiraopreto-regiao\\\/wp-content\\\/uploads\\\/sites\\\/4\\\/2022\\\/06\\\/2022-06-16-1.png\",\"keywords\":[\"ATENDIMENTO\",\"AUDI\u00caNCIA P\u00daBLICA\",\"BARRETOS\",\"CULTURA\"],\"articleSection\":[\"Pol\u00edtica\"],\"inLanguage\":\"pt-BR\",\"potentialAction\":[{\"@type\":\"CommentAction\",\"name\":\"Comment\",\"target\":[\"https:\\\/\\\/redenoticiaz.com.br\\\/ribeiraopreto-regiao\\\/sp\\\/2022\\\/06\\\/16\\\/audiencia-publica-sera-realizada-para-discutir-o-futuro-da-cultura#respond\"]}]},{\"@type\":\"WebPage\",\"@id\":\"https:\\\/\\\/redenoticiaz.com.br\\\/ribeiraopreto-regiao\\\/sp\\\/2022\\\/06\\\/16\\\/audiencia-publica-sera-realizada-para-discutir-o-futuro-da-cultura\",\"url\":\"https:\\\/\\\/redenoticiaz.com.br\\\/ribeiraopreto-regiao\\\/sp\\\/2022\\\/06\\\/16\\\/audiencia-publica-sera-realizada-para-discutir-o-futuro-da-cultura\",\"name\":\"Audi\u00eancia P\u00fablica ser\u00e1 realizada para discutir o futuro da Cultura - Ribeir\u00e3o Preto e Regi\u00e3o\",\"isPartOf\":{\"@id\":\"https:\\\/\\\/redenoticiaz.com.br\\\/ribeiraopreto-regiao\\\/#website\"},\"primaryImageOfPage\":{\"@id\":\"https:\\\/\\\/redenoticiaz.com.br\\\/ribeiraopreto-regiao\\\/sp\\\/2022\\\/06\\\/16\\\/audiencia-publica-sera-realizada-para-discutir-o-futuro-da-cultura#primaryimage\"},\"image\":{\"@id\":\"https:\\\/\\\/redenoticiaz.com.br\\\/ribeiraopreto-regiao\\\/sp\\\/2022\\\/06\\\/16\\\/audiencia-publica-sera-realizada-para-discutir-o-futuro-da-cultura#primaryimage\"},\"thumbnailUrl\":\"https:\\\/\\\/redenoticiaz.com.br\\\/ribeiraopreto-regiao\\\/wp-content\\\/uploads\\\/sites\\\/4\\\/2022\\\/06\\\/2022-06-16-1.png\",\"datePublished\":\"2022-06-16T13:21:35+00:00\",\"description\":\"A C\u00e2mara Municipal de Barretos, atendendo um pedido proposto atrav\u00e9s do requerimento de autoria do vereador Rodrigo Malaman, agendou, uma Audi\u00eancia P\u00fablica.\",\"inLanguage\":\"pt-BR\",\"potentialAction\":[{\"@type\":\"ReadAction\",\"target\":[\"https:\\\/\\\/redenoticiaz.com.br\\\/ribeiraopreto-regiao\\\/sp\\\/2022\\\/06\\\/16\\\/audiencia-publica-sera-realizada-para-discutir-o-futuro-da-cultura\"]}]},{\"@type\":\"ImageObject\",\"inLanguage\":\"pt-BR\",\"@id\":\"https:\\\/\\\/redenoticiaz.com.br\\\/ribeiraopreto-regiao\\\/sp\\\/2022\\\/06\\\/16\\\/audiencia-publica-sera-realizada-para-discutir-o-futuro-da-cultura#primaryimage\",\"url\":\"https:\\\/\\\/redenoticiaz.com.br\\\/ribeiraopreto-regiao\\\/wp-content\\\/uploads\\\/sites\\\/4\\\/2022\\\/06\\\/2022-06-16-1.png\",\"contentUrl\":\"https:\\\/\\\/redenoticiaz.com.br\\\/ribeiraopreto-regiao\\\/wp-content\\\/uploads\\\/sites\\\/4\\\/2022\\\/06\\\/2022-06-16-1.png\",\"width\":474,\"height\":258,\"caption\":\"Cr\u00e9dito: Reprodu\u00e7\u00e3o\"},{\"@type\":\"WebSite\",\"@id\":\"https:\\\/\\\/redenoticiaz.com.br\\\/ribeiraopreto-regiao\\\/#website\",\"url\":\"https:\\\/\\\/redenoticiaz.com.br\\\/ribeiraopreto-regiao\\\/\",\"name\":\"Ribeir\u00e3o Preto e Regi\u00e3o\",\"description\":\"Rede NoticiaZ - Ribeir\u00e3o Preto e regi\u00e3o\",\"publisher\":{\"@id\":\"https:\\\/\\\/redenoticiaz.com.br\\\/ribeiraopreto-regiao\\\/#organization\"},\"potentialAction\":[{\"@type\":\"SearchAction\",\"target\":{\"@type\":\"EntryPoint\",\"urlTemplate\":\"https:\\\/\\\/redenoticiaz.com.br\\\/ribeiraopreto-regiao\\\/?s={search_term_string}\"},\"query-input\":{\"@type\":\"PropertyValueSpecification\",\"valueRequired\":true,\"valueName\":\"search_term_string\"}}],\"inLanguage\":\"pt-BR\"},{\"@type\":\"Organization\",\"@id\":\"https:\\\/\\\/redenoticiaz.com.br\\\/ribeiraopreto-regiao\\\/#organization\",\"name\":\"Ribeir\u00e3o Preto e Regi\u00e3o\",\"url\":\"https:\\\/\\\/redenoticiaz.com.br\\\/ribeiraopreto-regiao\\\/\",\"logo\":{\"@type\":\"ImageObject\",\"inLanguage\":\"pt-BR\",\"@id\":\"https:\\\/\\\/redenoticiaz.com.br\\\/ribeiraopreto-regiao\\\/#\\\/schema\\\/logo\\\/image\\\/\",\"url\":\"https:\\\/\\\/redenoticiaz.com.br\\\/barretos-regiao\\\/wp-content\\\/uploads\\\/sites\\\/4\\\/2022\\\/02\\\/logo.jpg\",\"contentUrl\":\"https:\\\/\\\/redenoticiaz.com.br\\\/barretos-regiao\\\/wp-content\\\/uploads\\\/sites\\\/4\\\/2022\\\/02\\\/logo.jpg\",\"width\":400,\"height\":250,\"caption\":\"Ribeir\u00e3o Preto e Regi\u00e3o\"},\"image\":{\"@id\":\"https:\\\/\\\/redenoticiaz.com.br\\\/ribeiraopreto-regiao\\\/#\\\/schema\\\/logo\\\/image\\\/\"},\"sameAs\":[\"https:\\\/\\\/m.facebook.com\\\/redenoticiaz.barretos\",\"https:\\\/\\\/x.com\\\/RN_barretos\",\"https:\\\/\\\/www.instagram.com\\\/redenoticiaz.barretos\\\/?igshid=YmMyMTA2M2Y\",\"https:\\\/\\\/www.linkedin.com\\\/company\\\/rede-noticiaz-barretos-e-regio\\\/\"]},{\"@type\":\"Person\",\"@id\":\"\",\"url\":\"https:\\\/\\\/redenoticiaz.com.br\\\/ribeiraopreto-regiao\\\/sp\\\/author\"}]}<\/script>\n<!-- \/ Yoast SEO plugin. -->","yoast_head_json":{"title":"Audi\u00eancia P\u00fablica ser\u00e1 realizada para discutir o futuro da Cultura - Ribeir\u00e3o Preto e Regi\u00e3o","description":"A C\u00e2mara Municipal de Barretos, atendendo um pedido proposto atrav\u00e9s do requerimento de autoria do vereador Rodrigo Malaman, agendou, uma Audi\u00eancia P\u00fablica.","robots":{"index":"index","follow":"follow","max-snippet":"max-snippet:-1","max-image-preview":"max-image-preview:large","max-video-preview":"max-video-preview:-1"},"canonical":"https:\/\/redenoticiaz.com.br\/ribeiraopreto-regiao\/sp\/2022\/06\/16\/audiencia-publica-sera-realizada-para-discutir-o-futuro-da-cultura","og_locale":"pt_BR","og_type":"article","og_title":"Audi\u00eancia P\u00fablica ser\u00e1 realizada para discutir o futuro da Cultura - Ribeir\u00e3o Preto e Regi\u00e3o","og_description":"A C\u00e2mara Municipal de Barretos, atendendo um pedido proposto atrav\u00e9s do requerimento de autoria do vereador Rodrigo Malaman, agendou, uma Audi\u00eancia P\u00fablica.","og_url":"https:\/\/redenoticiaz.com.br\/ribeiraopreto-regiao\/sp\/2022\/06\/16\/audiencia-publica-sera-realizada-para-discutir-o-futuro-da-cultura","og_site_name":"Ribeir\u00e3o Preto e Regi\u00e3o","article_publisher":"https:\/\/m.facebook.com\/redenoticiaz.barretos","article_published_time":"2022-06-16T13:21:35+00:00","og_image":[{"width":474,"height":258,"url":"https:\/\/redenoticiaz.com.br\/ribeiraopreto-regiao\/wp-content\/uploads\/sites\/4\/2022\/06\/2022-06-16-1.png","type":"image\/png"}],"twitter_card":"summary_large_image","twitter_creator":"@RN_barretos","twitter_site":"@RN_barretos","twitter_misc":{"Escrito por":"","Est. tempo de leitura":"1 minuto"},"schema":{"@context":"https:\/\/schema.org","@graph":[{"@type":"Article","@id":"https:\/\/redenoticiaz.com.br\/ribeiraopreto-regiao\/sp\/2022\/06\/16\/audiencia-publica-sera-realizada-para-discutir-o-futuro-da-cultura#article","isPartOf":{"@id":"https:\/\/redenoticiaz.com.br\/ribeiraopreto-regiao\/sp\/2022\/06\/16\/audiencia-publica-sera-realizada-para-discutir-o-futuro-da-cultura"},"author":{"name":"","@id":""},"headline":"Audi\u00eancia P\u00fablica ser\u00e1 realizada para discutir o futuro da Cultura","datePublished":"2022-06-16T13:21:35+00:00","mainEntityOfPage":{"@id":"https:\/\/redenoticiaz.com.br\/ribeiraopreto-regiao\/sp\/2022\/06\/16\/audiencia-publica-sera-realizada-para-discutir-o-futuro-da-cultura"},"wordCount":204,"commentCount":0,"publisher":{"@id":"https:\/\/redenoticiaz.com.br\/ribeiraopreto-regiao\/#organization"},"image":{"@id":"https:\/\/redenoticiaz.com.br\/ribeiraopreto-regiao\/sp\/2022\/06\/16\/audiencia-publica-sera-realizada-para-discutir-o-futuro-da-cultura#primaryimage"},"thumbnailUrl":"https:\/\/redenoticiaz.com.br\/ribeiraopreto-regiao\/wp-content\/uploads\/sites\/4\/2022\/06\/2022-06-16-1.png","keywords":["ATENDIMENTO","AUDI\u00caNCIA P\u00daBLICA","BARRETOS","CULTURA"],"articleSection":["Pol\u00edtica"],"inLanguage":"pt-BR","potentialAction":[{"@type":"CommentAction","name":"Comment","target":["https:\/\/redenoticiaz.com.br\/ribeiraopreto-regiao\/sp\/2022\/06\/16\/audiencia-publica-sera-realizada-para-discutir-o-futuro-da-cultura#respond"]}]},{"@type":"WebPage","@id":"https:\/\/redenoticiaz.com.br\/ribeiraopreto-regiao\/sp\/2022\/06\/16\/audiencia-publica-sera-realizada-para-discutir-o-futuro-da-cultura","url":"https:\/\/redenoticiaz.com.br\/ribeiraopreto-regiao\/sp\/2022\/06\/16\/audiencia-publica-sera-realizada-para-discutir-o-futuro-da-cultura","name":"Audi\u00eancia P\u00fablica ser\u00e1 realizada para discutir o futuro da Cultura - Ribeir\u00e3o Preto e Regi\u00e3o","isPartOf":{"@id":"https:\/\/redenoticiaz.com.br\/ribeiraopreto-regiao\/#website"},"primaryImageOfPage":{"@id":"https:\/\/redenoticiaz.com.br\/ribeiraopreto-regiao\/sp\/2022\/06\/16\/audiencia-publica-sera-realizada-para-discutir-o-futuro-da-cultura#primaryimage"},"image":{"@id":"https:\/\/redenoticiaz.com.br\/ribeiraopreto-regiao\/sp\/2022\/06\/16\/audiencia-publica-sera-realizada-para-discutir-o-futuro-da-cultura#primaryimage"},"thumbnailUrl":"https:\/\/redenoticiaz.com.br\/ribeiraopreto-regiao\/wp-content\/uploads\/sites\/4\/2022\/06\/2022-06-16-1.png","datePublished":"2022-06-16T13:21:35+00:00","description":"A C\u00e2mara Municipal de Barretos, atendendo um pedido proposto atrav\u00e9s do requerimento de autoria do vereador Rodrigo Malaman, agendou, uma Audi\u00eancia P\u00fablica.","inLanguage":"pt-BR","potentialAction":[{"@type":"ReadAction","target":["https:\/\/redenoticiaz.com.br\/ribeiraopreto-regiao\/sp\/2022\/06\/16\/audiencia-publica-sera-realizada-para-discutir-o-futuro-da-cultura"]}]},{"@type":"ImageObject","inLanguage":"pt-BR","@id":"https:\/\/redenoticiaz.com.br\/ribeiraopreto-regiao\/sp\/2022\/06\/16\/audiencia-publica-sera-realizada-para-discutir-o-futuro-da-cultura#primaryimage","url":"https:\/\/redenoticiaz.com.br\/ribeiraopreto-regiao\/wp-content\/uploads\/sites\/4\/2022\/06\/2022-06-16-1.png","contentUrl":"https:\/\/redenoticiaz.com.br\/ribeiraopreto-regiao\/wp-content\/uploads\/sites\/4\/2022\/06\/2022-06-16-1.png","width":474,"height":258,"caption":"Cr\u00e9dito: Reprodu\u00e7\u00e3o"},{"@type":"WebSite","@id":"https:\/\/redenoticiaz.com.br\/ribeiraopreto-regiao\/#website","url":"https:\/\/redenoticiaz.com.br\/ribeiraopreto-regiao\/","name":"Ribeir\u00e3o Preto e Regi\u00e3o","description":"Rede NoticiaZ - Ribeir\u00e3o Preto e regi\u00e3o","publisher":{"@id":"https:\/\/redenoticiaz.com.br\/ribeiraopreto-regiao\/#organization"},"potentialAction":[{"@type":"SearchAction","target":{"@type":"EntryPoint","urlTemplate":"https:\/\/redenoticiaz.com.br\/ribeiraopreto-regiao\/?s={search_term_string}"},"query-input":{"@type":"PropertyValueSpecification","valueRequired":true,"valueName":"search_term_string"}}],"inLanguage":"pt-BR"},{"@type":"Organization","@id":"https:\/\/redenoticiaz.com.br\/ribeiraopreto-regiao\/#organization","name":"Ribeir\u00e3o Preto e Regi\u00e3o","url":"https:\/\/redenoticiaz.com.br\/ribeiraopreto-regiao\/","logo":{"@type":"ImageObject","inLanguage":"pt-BR","@id":"https:\/\/redenoticiaz.com.br\/ribeiraopreto-regiao\/#\/schema\/logo\/image\/","url":"https:\/\/redenoticiaz.com.br\/barretos-regiao\/wp-content\/uploads\/sites\/4\/2022\/02\/logo.jpg","contentUrl":"https:\/\/redenoticiaz.com.br\/barretos-regiao\/wp-content\/uploads\/sites\/4\/2022\/02\/logo.jpg","width":400,"height":250,"caption":"Ribeir\u00e3o Preto e Regi\u00e3o"},"image":{"@id":"https:\/\/redenoticiaz.com.br\/ribeiraopreto-regiao\/#\/schema\/logo\/image\/"},"sameAs":["https:\/\/m.facebook.com\/redenoticiaz.barretos","https:\/\/x.com\/RN_barretos","https:\/\/www.instagram.com\/redenoticiaz.barretos\/?igshid=YmMyMTA2M2Y","https:\/\/www.linkedin.com\/company\/rede-noticiaz-barretos-e-regio\/"]},{"@type":"Person","@id":"","url":"https:\/\/redenoticiaz.com.br\/ribeiraopreto-regiao\/sp\/author"}]}},"_links":{"self":[{"href":"https:\/\/redenoticiaz.com.br\/ribeiraopreto-regiao\/wp-json\/wp\/v2\/posts\/86293","targetHints":{"allow":["GET"]}}],"collection":[{"href":"https:\/\/redenoticiaz.com.br\/ribeiraopreto-regiao\/wp-json\/wp\/v2\/posts"}],"about":[{"href":"https:\/\/redenoticiaz.com.br\/ribeiraopreto-regiao\/wp-json\/wp\/v2\/types\/post"}],"author":[{"embeddable":true,"href":"https:\/\/redenoticiaz.com.br\/ribeiraopreto-regiao\/wp-json\/wp\/v2\/users\/15"}],"replies":[{"embeddable":true,"href":"https:\/\/redenoticiaz.com.br\/ribeiraopreto-regiao\/wp-json\/wp\/v2\/comments?post=86293"}],"version-history":[{"count":1,"href":"https:\/\/redenoticiaz.com.br\/ribeiraopreto-regiao\/wp-json\/wp\/v2\/posts\/86293\/revisions"}],"predecessor-version":[{"id":86295,"href":"https:\/\/redenoticiaz.com.br\/ribeiraopreto-regiao\/wp-json\/wp\/v2\/posts\/86293\/revisions\/86295"}],"wp:featuredmedia":[{"embeddable":true,"href":"https:\/\/redenoticiaz.com.br\/ribeiraopreto-regiao\/wp-json\/wp\/v2\/media\/86294"}],"wp:attachment":[{"href":"https:\/\/redenoticiaz.com.br\/ribeiraopreto-regiao\/wp-json\/wp\/v2\/media?parent=86293"}],"wp:term":[{"taxonomy":"category","embeddable":true,"href":"https:\/\/redenoticiaz.com.br\/ribeiraopreto-regiao\/wp-json\/wp\/v2\/categories?post=86293"},{"taxonomy":"post_tag","embeddable":true,"href":"https:\/\/redenoticiaz.com.br\/ribeiraopreto-regiao\/wp-json\/wp\/v2\/tags?post=86293"}],"curies":[{"name":"wp","href":"https:\/\/api.w.org\/{rel}","templated":true}]}}