{"id":863,"date":"2022-03-15T11:07:21","date_gmt":"2022-03-15T14:07:21","guid":{"rendered":"https:\/\/redenoticiaz.com.br\/barretos-regiao\/sp\/2022\/03\/15\/covid-19-primeiros-casos-de-deltacron-no-brasil-sao-confirmados"},"modified":"2022-03-15T11:07:21","modified_gmt":"2022-03-15T14:07:21","slug":"covid-19-primeiros-casos-de-deltacron-no-brasil-sao-confirmados","status":"publish","type":"post","link":"https:\/\/redenoticiaz.com.br\/ribeiraopreto-regiao\/sp\/2022\/03\/15\/covid-19-primeiros-casos-de-deltacron-no-brasil-sao-confirmados","title":{"rendered":"Covid-19: Primeiros casos de deltacron no Brasil s\u00e3o confirmados"},"content":{"rendered":"<p>A Covid-19 continua sendo motivo de alerta m\u00e1ximo no Brasil. Agora por causa da <strong>variante deltacron<\/strong>: que \u00e9 a fus\u00e3o da \u00f4micron, mais contagiosa, com a delta, a mais letal. Dois casos da deltacron foram confirmados. Um no Amap\u00e1 e outro no Par\u00e1.<\/p>\n<p>O <a href=\"https:\/\/www.gov.br\/saude\/pt-br\">ministro da Sa\u00fade<\/a>, Marcelo Queiroga, confirmou a presen\u00e7a da variante e deu detalhes. &#8220;Essa variante que seria uma jun\u00e7\u00e3o da omicron com a delta, n\u00e9? Deltacron, que tem mais na Fran\u00e7a e alguns outros pa\u00edses da Europa. Nosso servi\u00e7o de vigil\u00e2ncia gen\u00f4mica j\u00e1 identificou dois casos no Brasil. Um no Amap\u00e1, outro no Par\u00e1. E n\u00f3s monitoramos todos esses casos, isso \u00e9 fruto do fortalecimento da capacidade de vigil\u00e2ncia gen\u00f4mica no Brasil&#8221;, afirmou.<\/p>\n<div class=\"mc-column content-text active-extra-styles \" data-block-type=\"unstyled\" data-block-weight=\"28\" data-block-id=\"5\">\n<p class=\"content-text__container \" data-track-category=\"Link no Texto\" data-track-links=\"\">Questionado se o governo v\u00ea esses casos com preocupa\u00e7\u00e3o, o ministro disse que essa variante requer monitoramento. Mas que o papel das autoridades sanit\u00e1rias \u00e9 tranquilizar a popula\u00e7\u00e3o.<\/p>\n<\/div>\n<div class=\"mc-column content-text active-extra-styles \" data-block-type=\"unstyled\" data-block-weight=\"37\" data-block-id=\"6\">\n<p class=\"content-text__container \" data-track-category=\"Link no Texto\" data-track-links=\"\">&#8220;\u00c9 uma variante de import\u00e2ncia, que requer o monitoramento. Ent\u00e3o as variantes s\u00e3o classificadas como variantes de import\u00e2ncia, variantes de preocupa\u00e7\u00e3o, e as autoridades sanit\u00e1rias est\u00e3o aqui para, diante dessas situa\u00e7\u00f5es, tranquilizar a popula\u00e7\u00e3o brasileira&#8221;, completou Queiroga.<\/p>\n<\/div>\n<div class=\"mc-column content-text active-extra-styles \" data-block-type=\"unstyled\" data-block-weight=\"30\" data-block-id=\"7\">\n<p class=\"content-text__container \" data-track-category=\"Link no Texto\" data-track-links=\"\">Ele repetiu, como vem fazendo nas \u00faltimas semanas, que o foco das pessoas no momento deve ser tomar a dose de refor\u00e7o da vacina, para quem ainda n\u00e3o tomou.<\/p>\n<\/div>\n<div class=\"mc-column content-text active-extra-styles \" data-block-type=\"unstyled\" data-block-weight=\"39\" data-block-id=\"8\">\n<h3 class=\"content-text__container \" data-track-category=\"Link no Texto\">Entenda a deltacron<\/h3>\n<p>Segundo um estudo preliminar divulgado na \u00faltima quarta-feira (9), foi identificado na Fran\u00e7a tr\u00eas pacientes com a &#8220;deltacron&#8221;, uma recombina\u00e7\u00e3o nas variantes delta e \u00f4micron do coronav\u00edrus.<\/p>\n<div class=\"mc-column content-text active-extra-styles \" data-block-type=\"unstyled\" data-block-weight=\"51\" data-block-id=\"11\">\n<p class=\"content-text__container \" data-track-category=\"Link no Texto\" data-track-links=\"\">No entanto, a pesquisa ainda n\u00e3o foi publicada por revistas cient\u00edficas ou revisado por outros especialistas. Em entrevista \u00e0 ag\u00eancia Reuters, Philippe Colson, do Ihu M\u00e9diterran\u00e9e Infection e principal autor do estudo, disse que a vers\u00e3o identificada do Sars Cov-2 combina da prote\u00edna S da \u00f4micron com o &#8220;corpo&#8221; da delta.<\/p>\n<\/div>\n<div class=\"mc-column content-text active-extra-styles \" data-block-type=\"unstyled\" data-block-weight=\"40\" data-block-id=\"13\">\n<p class=\"content-text__container \" data-track-category=\"Link no Texto\" data-track-links=\"\">Al\u00e9m disso, ainda segundo a Reuters, outras duas infec\u00e7\u00f5es foram identificadas nos Estados Unidos, de acordo com relat\u00f3rio ainda n\u00e3o divulgado pela empresa gen\u00e9tica H\u00e9lix. Outras pesquisas j\u00e1 haviam relatado mais 12 infec\u00e7\u00f5es da &#8220;deltacron&#8221; em pa\u00edses Europeus desde janeiro.<\/p>\n<\/div>\n<div class=\"mc-column content-text active-extra-styles \" data-block-type=\"unstyled\" data-block-weight=\"28\" data-block-id=\"14\">\n<p class=\"content-text__container \" data-track-category=\"Link no Texto\" data-track-links=\"\">Colson alerta que os pesquisadores seguir\u00e3o monitorando os casos, mas que ainda \u00e9 cedo para definir a transmissibilidade ou a\u00e7\u00e3o mais ou mais impactante do v\u00edrus em humanos.<\/p>\n<\/div>\n<div class=\"mc-column content-text active-extra-styles \" data-block-type=\"unstyled\" data-block-weight=\"36\" data-block-id=\"15\">\n<p class=\"content-text__container \" data-track-category=\"Link no Texto\" data-track-links=\"\">J\u00e1 Maria van Kerkhove, l\u00edder t\u00e9cnica da Organiza\u00e7\u00e3o Mundial da Sa\u00fade (OMS), declarou que os recombinantes eram &#8220;esperados, especialmente com intensa circula\u00e7\u00e3o de \u00f4micron e delta&#8221;, e que sua equipe estava &#8220;rastreando e discutindo&#8221; a variante.<\/p>\n<p data-track-category=\"Link no Texto\" data-track-links=\"\"><strong>LEIA TAMB\u00c9M<\/strong><\/p>\n<p data-track-category=\"Link no Texto\" data-track-links=\"\"><a href=\"https:\/\/redenoticiaz.com.br\/blog\/2022\/03\/14\/jundiai-registra-mais-uma-morte-e-passa-de-74-mil-casos-do-coronavirus\">Jundia\u00ed registra mais uma morte e passa de 74 mil casos do coronav\u00edrus<\/a><\/p>\n<\/div>\n<\/div>\n","protected":false},"excerpt":{"rendered":"<p>A Covid-19 continua sendo motivo de alerta m\u00e1ximo no Brasil. Agora por causa da variante deltacron: que \u00e9 a fus\u00e3o da \u00f4micron, mais contagiosa, com a delta, a mais letal. Dois casos da deltacron foram confirmados. Um no Amap\u00e1 e outro no Par\u00e1. O ministro da Sa\u00fade, Marcelo Queiroga, confirmou a presen\u00e7a da variante e &hellip;<\/p>\n","protected":false},"author":6,"featured_media":864,"comment_status":"open","ping_status":"closed","sticky":false,"template":"","format":"standard","meta":{"footnotes":""},"categories":[129],"tags":[3320,70,2114,3321,1314,3322],"class_list":["post-863","post","type-post","status-publish","format-standard","has-post-thumbnail","hentry","category-saude","tag-amapa","tag-brasil","tag-covid-19","tag-deltacron","tag-ministerio-da-saude","tag-para"],"yoast_head":"<!-- This site is optimized with the Yoast SEO plugin v27.5 - https:\/\/yoast.com\/product\/yoast-seo-wordpress\/ -->\n<title>Covid-19: Primeiros casos de deltacron no Brasil s\u00e3o confirmados - Ribeir\u00e3o Preto e Regi\u00e3o<\/title>\n<meta name=\"description\" content=\"A Covid-19 continua sendo motivo de alerta m\u00e1ximo no Brasil. Agora por causa da variante deltacron: que \u00e9 a fus\u00e3o da \u00f4micron, mais\" \/>\n<meta name=\"robots\" content=\"index, follow, max-snippet:-1, max-image-preview:large, max-video-preview:-1\" \/>\n<link rel=\"canonical\" href=\"https:\/\/redenoticiaz.com.br\/ribeiraopreto-regiao\/sp\/2022\/03\/15\/covid-19-primeiros-casos-de-deltacron-no-brasil-sao-confirmados\" \/>\n<meta property=\"og:locale\" content=\"pt_BR\" \/>\n<meta property=\"og:type\" content=\"article\" \/>\n<meta property=\"og:title\" content=\"Covid-19: Primeiros casos de deltacron no Brasil s\u00e3o confirmados - Ribeir\u00e3o Preto e Regi\u00e3o\" \/>\n<meta property=\"og:description\" content=\"A Covid-19 continua sendo motivo de alerta m\u00e1ximo no Brasil. Agora por causa da variante deltacron: que \u00e9 a fus\u00e3o da \u00f4micron, mais\" \/>\n<meta property=\"og:url\" content=\"https:\/\/redenoticiaz.com.br\/ribeiraopreto-regiao\/sp\/2022\/03\/15\/covid-19-primeiros-casos-de-deltacron-no-brasil-sao-confirmados\" \/>\n<meta property=\"og:site_name\" content=\"Ribeir\u00e3o Preto e Regi\u00e3o\" \/>\n<meta property=\"article:publisher\" content=\"https:\/\/m.facebook.com\/redenoticiaz.barretos\" \/>\n<meta property=\"article:published_time\" content=\"2022-03-15T14:07:21+00:00\" \/>\n<meta property=\"og:image\" content=\"https:\/\/redenoticiaz.com.br\/ribeiraopreto-regiao\/wp-content\/uploads\/sites\/4\/2022\/02\/logo.jpg\" \/>\n\t<meta property=\"og:image:width\" content=\"400\" \/>\n\t<meta property=\"og:image:height\" content=\"250\" \/>\n\t<meta property=\"og:image:type\" content=\"image\/jpeg\" \/>\n<meta name=\"author\" content=\"Leonardo Francisco\" \/>\n<meta name=\"twitter:card\" content=\"summary_large_image\" \/>\n<meta name=\"twitter:creator\" content=\"@RN_barretos\" \/>\n<meta name=\"twitter:site\" content=\"@RN_barretos\" \/>\n<meta name=\"twitter:label1\" content=\"Escrito por\" \/>\n\t<meta name=\"twitter:data1\" content=\"Leonardo Francisco\" \/>\n\t<meta name=\"twitter:label2\" content=\"Est. tempo de leitura\" \/>\n\t<meta name=\"twitter:data2\" content=\"2 minutos\" \/>\n<script type=\"application\/ld+json\" class=\"yoast-schema-graph\">{\"@context\":\"https:\\\/\\\/schema.org\",\"@graph\":[{\"@type\":\"Article\",\"@id\":\"https:\\\/\\\/redenoticiaz.com.br\\\/ribeiraopreto-regiao\\\/sp\\\/2022\\\/03\\\/15\\\/covid-19-primeiros-casos-de-deltacron-no-brasil-sao-confirmados#article\",\"isPartOf\":{\"@id\":\"https:\\\/\\\/redenoticiaz.com.br\\\/ribeiraopreto-regiao\\\/sp\\\/2022\\\/03\\\/15\\\/covid-19-primeiros-casos-de-deltacron-no-brasil-sao-confirmados\"},\"author\":{\"name\":\"Leonardo Francisco\",\"@id\":\"https:\\\/\\\/redenoticiaz.com.br\\\/ribeiraopreto-regiao\\\/#\\\/schema\\\/person\\\/0f0b8a5bdafefe82841e07ae8d81ecb3\"},\"headline\":\"Covid-19: Primeiros casos de deltacron no Brasil s\u00e3o confirmados\",\"datePublished\":\"2022-03-15T14:07:21+00:00\",\"mainEntityOfPage\":{\"@id\":\"https:\\\/\\\/redenoticiaz.com.br\\\/ribeiraopreto-regiao\\\/sp\\\/2022\\\/03\\\/15\\\/covid-19-primeiros-casos-de-deltacron-no-brasil-sao-confirmados\"},\"wordCount\":468,\"commentCount\":0,\"publisher\":{\"@id\":\"https:\\\/\\\/redenoticiaz.com.br\\\/ribeiraopreto-regiao\\\/#organization\"},\"image\":{\"@id\":\"https:\\\/\\\/redenoticiaz.com.br\\\/ribeiraopreto-regiao\\\/sp\\\/2022\\\/03\\\/15\\\/covid-19-primeiros-casos-de-deltacron-no-brasil-sao-confirmados#primaryimage\"},\"thumbnailUrl\":\"https:\\\/\\\/redenoticiaz.com.br\\\/ribeiraopreto-regiao\\\/wp-content\\\/uploads\\\/sites\\\/4\\\/2022\\\/03\\\/deltacron.jpg?v=1647353170\",\"keywords\":[\"AMAP\u00c1\",\"Brasil\",\"Covid-19\",\"DELTACRON\",\"Minist\u00e9rio da Sa\u00fade\",\"PAR\u00c1\"],\"articleSection\":[\"Sa\u00fade\"],\"inLanguage\":\"pt-BR\",\"potentialAction\":[{\"@type\":\"CommentAction\",\"name\":\"Comment\",\"target\":[\"https:\\\/\\\/redenoticiaz.com.br\\\/ribeiraopreto-regiao\\\/sp\\\/2022\\\/03\\\/15\\\/covid-19-primeiros-casos-de-deltacron-no-brasil-sao-confirmados#respond\"]}]},{\"@type\":\"WebPage\",\"@id\":\"https:\\\/\\\/redenoticiaz.com.br\\\/ribeiraopreto-regiao\\\/sp\\\/2022\\\/03\\\/15\\\/covid-19-primeiros-casos-de-deltacron-no-brasil-sao-confirmados\",\"url\":\"https:\\\/\\\/redenoticiaz.com.br\\\/ribeiraopreto-regiao\\\/sp\\\/2022\\\/03\\\/15\\\/covid-19-primeiros-casos-de-deltacron-no-brasil-sao-confirmados\",\"name\":\"Covid-19: Primeiros casos de deltacron no Brasil s\u00e3o confirmados - Ribeir\u00e3o Preto e Regi\u00e3o\",\"isPartOf\":{\"@id\":\"https:\\\/\\\/redenoticiaz.com.br\\\/ribeiraopreto-regiao\\\/#website\"},\"primaryImageOfPage\":{\"@id\":\"https:\\\/\\\/redenoticiaz.com.br\\\/ribeiraopreto-regiao\\\/sp\\\/2022\\\/03\\\/15\\\/covid-19-primeiros-casos-de-deltacron-no-brasil-sao-confirmados#primaryimage\"},\"image\":{\"@id\":\"https:\\\/\\\/redenoticiaz.com.br\\\/ribeiraopreto-regiao\\\/sp\\\/2022\\\/03\\\/15\\\/covid-19-primeiros-casos-de-deltacron-no-brasil-sao-confirmados#primaryimage\"},\"thumbnailUrl\":\"https:\\\/\\\/redenoticiaz.com.br\\\/ribeiraopreto-regiao\\\/wp-content\\\/uploads\\\/sites\\\/4\\\/2022\\\/03\\\/deltacron.jpg?v=1647353170\",\"datePublished\":\"2022-03-15T14:07:21+00:00\",\"description\":\"A Covid-19 continua sendo motivo de alerta m\u00e1ximo no Brasil. Agora por causa da variante deltacron: que \u00e9 a fus\u00e3o da \u00f4micron, mais\",\"inLanguage\":\"pt-BR\",\"potentialAction\":[{\"@type\":\"ReadAction\",\"target\":[\"https:\\\/\\\/redenoticiaz.com.br\\\/ribeiraopreto-regiao\\\/sp\\\/2022\\\/03\\\/15\\\/covid-19-primeiros-casos-de-deltacron-no-brasil-sao-confirmados\"]}]},{\"@type\":\"ImageObject\",\"inLanguage\":\"pt-BR\",\"@id\":\"https:\\\/\\\/redenoticiaz.com.br\\\/ribeiraopreto-regiao\\\/sp\\\/2022\\\/03\\\/15\\\/covid-19-primeiros-casos-de-deltacron-no-brasil-sao-confirmados#primaryimage\",\"url\":\"https:\\\/\\\/redenoticiaz.com.br\\\/ribeiraopreto-regiao\\\/wp-content\\\/uploads\\\/sites\\\/4\\\/2022\\\/03\\\/deltacron.jpg?v=1647353170\",\"contentUrl\":\"https:\\\/\\\/redenoticiaz.com.br\\\/ribeiraopreto-regiao\\\/wp-content\\\/uploads\\\/sites\\\/4\\\/2022\\\/03\\\/deltacron.jpg?v=1647353170\",\"width\":766,\"height\":514,\"caption\":\"Cr\u00e9ditos: Reprodu\u00e7\u00e3o.\"},{\"@type\":\"WebSite\",\"@id\":\"https:\\\/\\\/redenoticiaz.com.br\\\/ribeiraopreto-regiao\\\/#website\",\"url\":\"https:\\\/\\\/redenoticiaz.com.br\\\/ribeiraopreto-regiao\\\/\",\"name\":\"Ribeir\u00e3o Preto e Regi\u00e3o\",\"description\":\"Rede NoticiaZ - Ribeir\u00e3o Preto e regi\u00e3o\",\"publisher\":{\"@id\":\"https:\\\/\\\/redenoticiaz.com.br\\\/ribeiraopreto-regiao\\\/#organization\"},\"potentialAction\":[{\"@type\":\"SearchAction\",\"target\":{\"@type\":\"EntryPoint\",\"urlTemplate\":\"https:\\\/\\\/redenoticiaz.com.br\\\/ribeiraopreto-regiao\\\/?s={search_term_string}\"},\"query-input\":{\"@type\":\"PropertyValueSpecification\",\"valueRequired\":true,\"valueName\":\"search_term_string\"}}],\"inLanguage\":\"pt-BR\"},{\"@type\":\"Organization\",\"@id\":\"https:\\\/\\\/redenoticiaz.com.br\\\/ribeiraopreto-regiao\\\/#organization\",\"name\":\"Ribeir\u00e3o Preto e Regi\u00e3o\",\"url\":\"https:\\\/\\\/redenoticiaz.com.br\\\/ribeiraopreto-regiao\\\/\",\"logo\":{\"@type\":\"ImageObject\",\"inLanguage\":\"pt-BR\",\"@id\":\"https:\\\/\\\/redenoticiaz.com.br\\\/ribeiraopreto-regiao\\\/#\\\/schema\\\/logo\\\/image\\\/\",\"url\":\"https:\\\/\\\/redenoticiaz.com.br\\\/barretos-regiao\\\/wp-content\\\/uploads\\\/sites\\\/4\\\/2022\\\/02\\\/logo.jpg\",\"contentUrl\":\"https:\\\/\\\/redenoticiaz.com.br\\\/barretos-regiao\\\/wp-content\\\/uploads\\\/sites\\\/4\\\/2022\\\/02\\\/logo.jpg\",\"width\":400,\"height\":250,\"caption\":\"Ribeir\u00e3o Preto e Regi\u00e3o\"},\"image\":{\"@id\":\"https:\\\/\\\/redenoticiaz.com.br\\\/ribeiraopreto-regiao\\\/#\\\/schema\\\/logo\\\/image\\\/\"},\"sameAs\":[\"https:\\\/\\\/m.facebook.com\\\/redenoticiaz.barretos\",\"https:\\\/\\\/x.com\\\/RN_barretos\",\"https:\\\/\\\/www.instagram.com\\\/redenoticiaz.barretos\\\/?igshid=YmMyMTA2M2Y\",\"https:\\\/\\\/www.linkedin.com\\\/company\\\/rede-noticiaz-barretos-e-regio\\\/\"]},{\"@type\":\"Person\",\"@id\":\"https:\\\/\\\/redenoticiaz.com.br\\\/ribeiraopreto-regiao\\\/#\\\/schema\\\/person\\\/0f0b8a5bdafefe82841e07ae8d81ecb3\",\"name\":\"Leonardo Francisco\",\"image\":{\"@type\":\"ImageObject\",\"inLanguage\":\"pt-BR\",\"@id\":\"https:\\\/\\\/secure.gravatar.com\\\/avatar\\\/a7358cb406a99b682ec6df1e77e31ae82e63601f6784e8a3df411d72b37864da?s=96&d=mm&r=g\",\"url\":\"https:\\\/\\\/secure.gravatar.com\\\/avatar\\\/a7358cb406a99b682ec6df1e77e31ae82e63601f6784e8a3df411d72b37864da?s=96&d=mm&r=g\",\"contentUrl\":\"https:\\\/\\\/secure.gravatar.com\\\/avatar\\\/a7358cb406a99b682ec6df1e77e31ae82e63601f6784e8a3df411d72b37864da?s=96&d=mm&r=g\",\"caption\":\"Leonardo Francisco\"},\"url\":\"https:\\\/\\\/redenoticiaz.com.br\\\/ribeiraopreto-regiao\\\/sp\\\/author\\\/leonardo-francisco\"}]}<\/script>\n<!-- \/ Yoast SEO plugin. -->","yoast_head_json":{"title":"Covid-19: Primeiros casos de deltacron no Brasil s\u00e3o confirmados - Ribeir\u00e3o Preto e Regi\u00e3o","description":"A Covid-19 continua sendo motivo de alerta m\u00e1ximo no Brasil. Agora por causa da variante deltacron: que \u00e9 a fus\u00e3o da \u00f4micron, mais","robots":{"index":"index","follow":"follow","max-snippet":"max-snippet:-1","max-image-preview":"max-image-preview:large","max-video-preview":"max-video-preview:-1"},"canonical":"https:\/\/redenoticiaz.com.br\/ribeiraopreto-regiao\/sp\/2022\/03\/15\/covid-19-primeiros-casos-de-deltacron-no-brasil-sao-confirmados","og_locale":"pt_BR","og_type":"article","og_title":"Covid-19: Primeiros casos de deltacron no Brasil s\u00e3o confirmados - Ribeir\u00e3o Preto e Regi\u00e3o","og_description":"A Covid-19 continua sendo motivo de alerta m\u00e1ximo no Brasil. Agora por causa da variante deltacron: que \u00e9 a fus\u00e3o da \u00f4micron, mais","og_url":"https:\/\/redenoticiaz.com.br\/ribeiraopreto-regiao\/sp\/2022\/03\/15\/covid-19-primeiros-casos-de-deltacron-no-brasil-sao-confirmados","og_site_name":"Ribeir\u00e3o Preto e Regi\u00e3o","article_publisher":"https:\/\/m.facebook.com\/redenoticiaz.barretos","article_published_time":"2022-03-15T14:07:21+00:00","og_image":[{"width":400,"height":250,"url":"https:\/\/redenoticiaz.com.br\/ribeiraopreto-regiao\/wp-content\/uploads\/sites\/4\/2022\/02\/logo.jpg","type":"image\/jpeg"}],"author":"Leonardo Francisco","twitter_card":"summary_large_image","twitter_creator":"@RN_barretos","twitter_site":"@RN_barretos","twitter_misc":{"Escrito por":"Leonardo Francisco","Est. tempo de leitura":"2 minutos"},"schema":{"@context":"https:\/\/schema.org","@graph":[{"@type":"Article","@id":"https:\/\/redenoticiaz.com.br\/ribeiraopreto-regiao\/sp\/2022\/03\/15\/covid-19-primeiros-casos-de-deltacron-no-brasil-sao-confirmados#article","isPartOf":{"@id":"https:\/\/redenoticiaz.com.br\/ribeiraopreto-regiao\/sp\/2022\/03\/15\/covid-19-primeiros-casos-de-deltacron-no-brasil-sao-confirmados"},"author":{"name":"Leonardo Francisco","@id":"https:\/\/redenoticiaz.com.br\/ribeiraopreto-regiao\/#\/schema\/person\/0f0b8a5bdafefe82841e07ae8d81ecb3"},"headline":"Covid-19: Primeiros casos de deltacron no Brasil s\u00e3o confirmados","datePublished":"2022-03-15T14:07:21+00:00","mainEntityOfPage":{"@id":"https:\/\/redenoticiaz.com.br\/ribeiraopreto-regiao\/sp\/2022\/03\/15\/covid-19-primeiros-casos-de-deltacron-no-brasil-sao-confirmados"},"wordCount":468,"commentCount":0,"publisher":{"@id":"https:\/\/redenoticiaz.com.br\/ribeiraopreto-regiao\/#organization"},"image":{"@id":"https:\/\/redenoticiaz.com.br\/ribeiraopreto-regiao\/sp\/2022\/03\/15\/covid-19-primeiros-casos-de-deltacron-no-brasil-sao-confirmados#primaryimage"},"thumbnailUrl":"https:\/\/redenoticiaz.com.br\/ribeiraopreto-regiao\/wp-content\/uploads\/sites\/4\/2022\/03\/deltacron.jpg?v=1647353170","keywords":["AMAP\u00c1","Brasil","Covid-19","DELTACRON","Minist\u00e9rio da Sa\u00fade","PAR\u00c1"],"articleSection":["Sa\u00fade"],"inLanguage":"pt-BR","potentialAction":[{"@type":"CommentAction","name":"Comment","target":["https:\/\/redenoticiaz.com.br\/ribeiraopreto-regiao\/sp\/2022\/03\/15\/covid-19-primeiros-casos-de-deltacron-no-brasil-sao-confirmados#respond"]}]},{"@type":"WebPage","@id":"https:\/\/redenoticiaz.com.br\/ribeiraopreto-regiao\/sp\/2022\/03\/15\/covid-19-primeiros-casos-de-deltacron-no-brasil-sao-confirmados","url":"https:\/\/redenoticiaz.com.br\/ribeiraopreto-regiao\/sp\/2022\/03\/15\/covid-19-primeiros-casos-de-deltacron-no-brasil-sao-confirmados","name":"Covid-19: Primeiros casos de deltacron no Brasil s\u00e3o confirmados - Ribeir\u00e3o Preto e Regi\u00e3o","isPartOf":{"@id":"https:\/\/redenoticiaz.com.br\/ribeiraopreto-regiao\/#website"},"primaryImageOfPage":{"@id":"https:\/\/redenoticiaz.com.br\/ribeiraopreto-regiao\/sp\/2022\/03\/15\/covid-19-primeiros-casos-de-deltacron-no-brasil-sao-confirmados#primaryimage"},"image":{"@id":"https:\/\/redenoticiaz.com.br\/ribeiraopreto-regiao\/sp\/2022\/03\/15\/covid-19-primeiros-casos-de-deltacron-no-brasil-sao-confirmados#primaryimage"},"thumbnailUrl":"https:\/\/redenoticiaz.com.br\/ribeiraopreto-regiao\/wp-content\/uploads\/sites\/4\/2022\/03\/deltacron.jpg?v=1647353170","datePublished":"2022-03-15T14:07:21+00:00","description":"A Covid-19 continua sendo motivo de alerta m\u00e1ximo no Brasil. Agora por causa da variante deltacron: que \u00e9 a fus\u00e3o da \u00f4micron, mais","inLanguage":"pt-BR","potentialAction":[{"@type":"ReadAction","target":["https:\/\/redenoticiaz.com.br\/ribeiraopreto-regiao\/sp\/2022\/03\/15\/covid-19-primeiros-casos-de-deltacron-no-brasil-sao-confirmados"]}]},{"@type":"ImageObject","inLanguage":"pt-BR","@id":"https:\/\/redenoticiaz.com.br\/ribeiraopreto-regiao\/sp\/2022\/03\/15\/covid-19-primeiros-casos-de-deltacron-no-brasil-sao-confirmados#primaryimage","url":"https:\/\/redenoticiaz.com.br\/ribeiraopreto-regiao\/wp-content\/uploads\/sites\/4\/2022\/03\/deltacron.jpg?v=1647353170","contentUrl":"https:\/\/redenoticiaz.com.br\/ribeiraopreto-regiao\/wp-content\/uploads\/sites\/4\/2022\/03\/deltacron.jpg?v=1647353170","width":766,"height":514,"caption":"Cr\u00e9ditos: Reprodu\u00e7\u00e3o."},{"@type":"WebSite","@id":"https:\/\/redenoticiaz.com.br\/ribeiraopreto-regiao\/#website","url":"https:\/\/redenoticiaz.com.br\/ribeiraopreto-regiao\/","name":"Ribeir\u00e3o Preto e Regi\u00e3o","description":"Rede NoticiaZ - Ribeir\u00e3o Preto e regi\u00e3o","publisher":{"@id":"https:\/\/redenoticiaz.com.br\/ribeiraopreto-regiao\/#organization"},"potentialAction":[{"@type":"SearchAction","target":{"@type":"EntryPoint","urlTemplate":"https:\/\/redenoticiaz.com.br\/ribeiraopreto-regiao\/?s={search_term_string}"},"query-input":{"@type":"PropertyValueSpecification","valueRequired":true,"valueName":"search_term_string"}}],"inLanguage":"pt-BR"},{"@type":"Organization","@id":"https:\/\/redenoticiaz.com.br\/ribeiraopreto-regiao\/#organization","name":"Ribeir\u00e3o Preto e Regi\u00e3o","url":"https:\/\/redenoticiaz.com.br\/ribeiraopreto-regiao\/","logo":{"@type":"ImageObject","inLanguage":"pt-BR","@id":"https:\/\/redenoticiaz.com.br\/ribeiraopreto-regiao\/#\/schema\/logo\/image\/","url":"https:\/\/redenoticiaz.com.br\/barretos-regiao\/wp-content\/uploads\/sites\/4\/2022\/02\/logo.jpg","contentUrl":"https:\/\/redenoticiaz.com.br\/barretos-regiao\/wp-content\/uploads\/sites\/4\/2022\/02\/logo.jpg","width":400,"height":250,"caption":"Ribeir\u00e3o Preto e Regi\u00e3o"},"image":{"@id":"https:\/\/redenoticiaz.com.br\/ribeiraopreto-regiao\/#\/schema\/logo\/image\/"},"sameAs":["https:\/\/m.facebook.com\/redenoticiaz.barretos","https:\/\/x.com\/RN_barretos","https:\/\/www.instagram.com\/redenoticiaz.barretos\/?igshid=YmMyMTA2M2Y","https:\/\/www.linkedin.com\/company\/rede-noticiaz-barretos-e-regio\/"]},{"@type":"Person","@id":"https:\/\/redenoticiaz.com.br\/ribeiraopreto-regiao\/#\/schema\/person\/0f0b8a5bdafefe82841e07ae8d81ecb3","name":"Leonardo Francisco","image":{"@type":"ImageObject","inLanguage":"pt-BR","@id":"https:\/\/secure.gravatar.com\/avatar\/a7358cb406a99b682ec6df1e77e31ae82e63601f6784e8a3df411d72b37864da?s=96&d=mm&r=g","url":"https:\/\/secure.gravatar.com\/avatar\/a7358cb406a99b682ec6df1e77e31ae82e63601f6784e8a3df411d72b37864da?s=96&d=mm&r=g","contentUrl":"https:\/\/secure.gravatar.com\/avatar\/a7358cb406a99b682ec6df1e77e31ae82e63601f6784e8a3df411d72b37864da?s=96&d=mm&r=g","caption":"Leonardo Francisco"},"url":"https:\/\/redenoticiaz.com.br\/ribeiraopreto-regiao\/sp\/author\/leonardo-francisco"}]}},"_links":{"self":[{"href":"https:\/\/redenoticiaz.com.br\/ribeiraopreto-regiao\/wp-json\/wp\/v2\/posts\/863","targetHints":{"allow":["GET"]}}],"collection":[{"href":"https:\/\/redenoticiaz.com.br\/ribeiraopreto-regiao\/wp-json\/wp\/v2\/posts"}],"about":[{"href":"https:\/\/redenoticiaz.com.br\/ribeiraopreto-regiao\/wp-json\/wp\/v2\/types\/post"}],"author":[{"embeddable":true,"href":"https:\/\/redenoticiaz.com.br\/ribeiraopreto-regiao\/wp-json\/wp\/v2\/users\/6"}],"replies":[{"embeddable":true,"href":"https:\/\/redenoticiaz.com.br\/ribeiraopreto-regiao\/wp-json\/wp\/v2\/comments?post=863"}],"version-history":[{"count":0,"href":"https:\/\/redenoticiaz.com.br\/ribeiraopreto-regiao\/wp-json\/wp\/v2\/posts\/863\/revisions"}],"wp:featuredmedia":[{"embeddable":true,"href":"https:\/\/redenoticiaz.com.br\/ribeiraopreto-regiao\/wp-json\/wp\/v2\/media\/864"}],"wp:attachment":[{"href":"https:\/\/redenoticiaz.com.br\/ribeiraopreto-regiao\/wp-json\/wp\/v2\/media?parent=863"}],"wp:term":[{"taxonomy":"category","embeddable":true,"href":"https:\/\/redenoticiaz.com.br\/ribeiraopreto-regiao\/wp-json\/wp\/v2\/categories?post=863"},{"taxonomy":"post_tag","embeddable":true,"href":"https:\/\/redenoticiaz.com.br\/ribeiraopreto-regiao\/wp-json\/wp\/v2\/tags?post=863"}],"curies":[{"name":"wp","href":"https:\/\/api.w.org\/{rel}","templated":true}]}}