{"id":86307,"date":"2022-06-16T12:42:18","date_gmt":"2022-06-16T15:42:18","guid":{"rendered":"https:\/\/redenoticiaz.com.br\/barretos-regiao\/?p=86307"},"modified":"2022-06-16T12:42:18","modified_gmt":"2022-06-16T15:42:18","slug":"homem-alega-ter-sido-humilhado-por-gerente-em-supermercado","status":"publish","type":"post","link":"https:\/\/redenoticiaz.com.br\/ribeiraopreto-regiao\/sp\/2022\/06\/16\/homem-alega-ter-sido-humilhado-por-gerente-em-supermercado","title":{"rendered":"Homem alega ter sido humilhado por gerente em supermercado\u00a0"},"content":{"rendered":"<p>O homem de 43 anos, registrou ocorr\u00eancia na delegacia de Barretos. Raz\u00e3o de ter sido humilhado por gerente de um supermercado, ap\u00f3s apresentar produto com vencimento.<\/p>\n<p>Na quarta-feira (15), o homem relatou na delegacia, estar fazendo compras em um supermercado da cidade, momento em que encontrou em uma prateleira um \u201ccanudinho de doce de leite\u201d com data de validade expedida no dia 8 de junho de 2022.<\/p>\n<p>Assim, indo at\u00e9 o caixa e informando sobre o produto, por\u00e9m o gerente passou a lhe ofender, dizendo que<em> \u201co produto n\u00e3o era do supermercado\u201d. <\/em>Al\u00e9m disso, o gerente, tamb\u00e9m teria falado: \u201c<em>O senhor havia parado de fazer isso e agora voltou a fazer\u201d.<\/em><\/p>\n<p>Na delegacia o homem informou que havia muitas pessoas no local e se sentiu humilhado com a situa\u00e7\u00e3o, ocasi\u00e3o em que compareceu ao plant\u00e3o policial para registro da ocorr\u00eancia. Ele foi orientado quanto ao prazo para o oferecimento de queixa-crime em face do autor\/investigado em ju\u00edzo por meio de advogado constitu\u00eddo.<\/p>\n<p><strong>VEJA TAMB\u00c9M:\u00a0<a href=\"https:\/\/redenoticiaz.com.br\/barretos-regiao\/sp\/2022\/06\/06\/homem-que-ameaca-matar-mulher-e-filhos-foi-preso\">Homem que amea\u00e7ava matar mulher e filhos foi preso<\/a><\/strong><\/p>\n","protected":false},"excerpt":{"rendered":"<p>O homem de 43 anos, registrou ocorr\u00eancia na delegacia de Barretos. Raz\u00e3o de ter sido humilhado por gerente de um supermercado, ap\u00f3s apresentar produto com vencimento. Na quarta-feira (15), o homem relatou na delegacia, estar fazendo compras em um supermercado da cidade, momento em que encontrou em uma prateleira um \u201ccanudinho de doce de leite\u201d &hellip;<\/p>\n","protected":false},"author":15,"featured_media":86308,"comment_status":"open","ping_status":"closed","sticky":false,"template":"","format":"standard","meta":{"footnotes":""},"categories":[88],"tags":[17799,8448,17798,17801,8776,17800],"class_list":["post-86307","post","type-post","status-publish","format-standard","has-post-thumbnail","hentry","category-policia","tag-gerente","tag-homem","tag-humilhado","tag-produto","tag-supermercado","tag-vencimento"],"yoast_head":"<!-- This site is optimized with the Yoast SEO plugin v27.4 - https:\/\/yoast.com\/product\/yoast-seo-wordpress\/ -->\n<title>Homem alega ter sido humilhado por gerente em supermercado\u00a0 - Ribeir\u00e3o Preto e Regi\u00e3o<\/title>\n<meta name=\"description\" content=\"O homem, registrou ocorr\u00eancia na delegacia. Rraz\u00e3o de ter sido humilhado por gerente de um supermercado, ap\u00f3s apresentar produto com vencimento.\" \/>\n<meta name=\"robots\" content=\"index, follow, max-snippet:-1, max-image-preview:large, max-video-preview:-1\" \/>\n<link rel=\"canonical\" href=\"https:\/\/redenoticiaz.com.br\/ribeiraopreto-regiao\/sp\/2022\/06\/16\/homem-alega-ter-sido-humilhado-por-gerente-em-supermercado\" \/>\n<meta property=\"og:locale\" content=\"pt_BR\" \/>\n<meta property=\"og:type\" content=\"article\" \/>\n<meta property=\"og:title\" content=\"Homem alega ter sido humilhado por gerente em supermercado\u00a0 - Ribeir\u00e3o Preto e Regi\u00e3o\" \/>\n<meta property=\"og:description\" content=\"O homem, registrou ocorr\u00eancia na delegacia. Rraz\u00e3o de ter sido humilhado por gerente de um supermercado, ap\u00f3s apresentar produto com vencimento.\" \/>\n<meta property=\"og:url\" content=\"https:\/\/redenoticiaz.com.br\/ribeiraopreto-regiao\/sp\/2022\/06\/16\/homem-alega-ter-sido-humilhado-por-gerente-em-supermercado\" \/>\n<meta property=\"og:site_name\" content=\"Ribeir\u00e3o Preto e Regi\u00e3o\" \/>\n<meta property=\"article:publisher\" content=\"https:\/\/m.facebook.com\/redenoticiaz.barretos\" \/>\n<meta property=\"article:published_time\" content=\"2022-06-16T15:42:18+00:00\" \/>\n<meta property=\"og:image\" content=\"https:\/\/redenoticiaz.com.br\/ribeiraopreto-regiao\/wp-content\/uploads\/sites\/4\/2022\/06\/blurred-supermarket-aisle-2021-09-03-10-11-47-utc-scaled.jpg\" \/>\n\t<meta property=\"og:image:width\" content=\"1440\" \/>\n\t<meta property=\"og:image:height\" content=\"1080\" \/>\n\t<meta property=\"og:image:type\" content=\"image\/jpeg\" \/>\n<meta name=\"twitter:card\" content=\"summary_large_image\" \/>\n<meta name=\"twitter:creator\" content=\"@RN_barretos\" \/>\n<meta name=\"twitter:site\" content=\"@RN_barretos\" \/>\n<meta name=\"twitter:label1\" content=\"Escrito por\" \/>\n\t<meta name=\"twitter:data1\" content=\"\" \/>\n\t<meta name=\"twitter:label2\" content=\"Est. tempo de leitura\" \/>\n\t<meta name=\"twitter:data2\" content=\"1 minuto\" \/>\n<script type=\"application\/ld+json\" class=\"yoast-schema-graph\">{\"@context\":\"https:\\\/\\\/schema.org\",\"@graph\":[{\"@type\":\"Article\",\"@id\":\"https:\\\/\\\/redenoticiaz.com.br\\\/ribeiraopreto-regiao\\\/sp\\\/2022\\\/06\\\/16\\\/homem-alega-ter-sido-humilhado-por-gerente-em-supermercado#article\",\"isPartOf\":{\"@id\":\"https:\\\/\\\/redenoticiaz.com.br\\\/ribeiraopreto-regiao\\\/sp\\\/2022\\\/06\\\/16\\\/homem-alega-ter-sido-humilhado-por-gerente-em-supermercado\"},\"author\":{\"name\":\"\",\"@id\":\"\"},\"headline\":\"Homem alega ter sido humilhado por gerente em supermercado\u00a0\",\"datePublished\":\"2022-06-16T15:42:18+00:00\",\"mainEntityOfPage\":{\"@id\":\"https:\\\/\\\/redenoticiaz.com.br\\\/ribeiraopreto-regiao\\\/sp\\\/2022\\\/06\\\/16\\\/homem-alega-ter-sido-humilhado-por-gerente-em-supermercado\"},\"wordCount\":194,\"commentCount\":0,\"publisher\":{\"@id\":\"https:\\\/\\\/redenoticiaz.com.br\\\/ribeiraopreto-regiao\\\/#organization\"},\"image\":{\"@id\":\"https:\\\/\\\/redenoticiaz.com.br\\\/ribeiraopreto-regiao\\\/sp\\\/2022\\\/06\\\/16\\\/homem-alega-ter-sido-humilhado-por-gerente-em-supermercado#primaryimage\"},\"thumbnailUrl\":\"https:\\\/\\\/redenoticiaz.com.br\\\/ribeiraopreto-regiao\\\/wp-content\\\/uploads\\\/sites\\\/4\\\/2022\\\/06\\\/blurred-supermarket-aisle-2021-09-03-10-11-47-utc-scaled.jpg\",\"keywords\":[\"GERENTE\",\"HOMEM\",\"HUMILHADO\",\"PRODUTO\",\"SUPERMERCADO\",\"VENCIMENTO\"],\"articleSection\":[\"Pol\u00edcia\"],\"inLanguage\":\"pt-BR\",\"potentialAction\":[{\"@type\":\"CommentAction\",\"name\":\"Comment\",\"target\":[\"https:\\\/\\\/redenoticiaz.com.br\\\/ribeiraopreto-regiao\\\/sp\\\/2022\\\/06\\\/16\\\/homem-alega-ter-sido-humilhado-por-gerente-em-supermercado#respond\"]}]},{\"@type\":\"WebPage\",\"@id\":\"https:\\\/\\\/redenoticiaz.com.br\\\/ribeiraopreto-regiao\\\/sp\\\/2022\\\/06\\\/16\\\/homem-alega-ter-sido-humilhado-por-gerente-em-supermercado\",\"url\":\"https:\\\/\\\/redenoticiaz.com.br\\\/ribeiraopreto-regiao\\\/sp\\\/2022\\\/06\\\/16\\\/homem-alega-ter-sido-humilhado-por-gerente-em-supermercado\",\"name\":\"Homem alega ter sido humilhado por gerente em supermercado\u00a0 - Ribeir\u00e3o Preto e Regi\u00e3o\",\"isPartOf\":{\"@id\":\"https:\\\/\\\/redenoticiaz.com.br\\\/ribeiraopreto-regiao\\\/#website\"},\"primaryImageOfPage\":{\"@id\":\"https:\\\/\\\/redenoticiaz.com.br\\\/ribeiraopreto-regiao\\\/sp\\\/2022\\\/06\\\/16\\\/homem-alega-ter-sido-humilhado-por-gerente-em-supermercado#primaryimage\"},\"image\":{\"@id\":\"https:\\\/\\\/redenoticiaz.com.br\\\/ribeiraopreto-regiao\\\/sp\\\/2022\\\/06\\\/16\\\/homem-alega-ter-sido-humilhado-por-gerente-em-supermercado#primaryimage\"},\"thumbnailUrl\":\"https:\\\/\\\/redenoticiaz.com.br\\\/ribeiraopreto-regiao\\\/wp-content\\\/uploads\\\/sites\\\/4\\\/2022\\\/06\\\/blurred-supermarket-aisle-2021-09-03-10-11-47-utc-scaled.jpg\",\"datePublished\":\"2022-06-16T15:42:18+00:00\",\"description\":\"O homem, registrou ocorr\u00eancia na delegacia. Rraz\u00e3o de ter sido humilhado por gerente de um supermercado, ap\u00f3s apresentar produto com vencimento.\",\"inLanguage\":\"pt-BR\",\"potentialAction\":[{\"@type\":\"ReadAction\",\"target\":[\"https:\\\/\\\/redenoticiaz.com.br\\\/ribeiraopreto-regiao\\\/sp\\\/2022\\\/06\\\/16\\\/homem-alega-ter-sido-humilhado-por-gerente-em-supermercado\"]}]},{\"@type\":\"ImageObject\",\"inLanguage\":\"pt-BR\",\"@id\":\"https:\\\/\\\/redenoticiaz.com.br\\\/ribeiraopreto-regiao\\\/sp\\\/2022\\\/06\\\/16\\\/homem-alega-ter-sido-humilhado-por-gerente-em-supermercado#primaryimage\",\"url\":\"https:\\\/\\\/redenoticiaz.com.br\\\/ribeiraopreto-regiao\\\/wp-content\\\/uploads\\\/sites\\\/4\\\/2022\\\/06\\\/blurred-supermarket-aisle-2021-09-03-10-11-47-utc-scaled.jpg\",\"contentUrl\":\"https:\\\/\\\/redenoticiaz.com.br\\\/ribeiraopreto-regiao\\\/wp-content\\\/uploads\\\/sites\\\/4\\\/2022\\\/06\\\/blurred-supermarket-aisle-2021-09-03-10-11-47-utc-scaled.jpg\",\"width\":1440,\"height\":1080,\"caption\":\"Cr\u00e9dito: Reprodu\u00e7\u00e3o\"},{\"@type\":\"WebSite\",\"@id\":\"https:\\\/\\\/redenoticiaz.com.br\\\/ribeiraopreto-regiao\\\/#website\",\"url\":\"https:\\\/\\\/redenoticiaz.com.br\\\/ribeiraopreto-regiao\\\/\",\"name\":\"Ribeir\u00e3o Preto e Regi\u00e3o\",\"description\":\"Rede NoticiaZ - Ribeir\u00e3o Preto e regi\u00e3o\",\"publisher\":{\"@id\":\"https:\\\/\\\/redenoticiaz.com.br\\\/ribeiraopreto-regiao\\\/#organization\"},\"potentialAction\":[{\"@type\":\"SearchAction\",\"target\":{\"@type\":\"EntryPoint\",\"urlTemplate\":\"https:\\\/\\\/redenoticiaz.com.br\\\/ribeiraopreto-regiao\\\/?s={search_term_string}\"},\"query-input\":{\"@type\":\"PropertyValueSpecification\",\"valueRequired\":true,\"valueName\":\"search_term_string\"}}],\"inLanguage\":\"pt-BR\"},{\"@type\":\"Organization\",\"@id\":\"https:\\\/\\\/redenoticiaz.com.br\\\/ribeiraopreto-regiao\\\/#organization\",\"name\":\"Ribeir\u00e3o Preto e Regi\u00e3o\",\"url\":\"https:\\\/\\\/redenoticiaz.com.br\\\/ribeiraopreto-regiao\\\/\",\"logo\":{\"@type\":\"ImageObject\",\"inLanguage\":\"pt-BR\",\"@id\":\"https:\\\/\\\/redenoticiaz.com.br\\\/ribeiraopreto-regiao\\\/#\\\/schema\\\/logo\\\/image\\\/\",\"url\":\"https:\\\/\\\/redenoticiaz.com.br\\\/barretos-regiao\\\/wp-content\\\/uploads\\\/sites\\\/4\\\/2022\\\/02\\\/logo.jpg\",\"contentUrl\":\"https:\\\/\\\/redenoticiaz.com.br\\\/barretos-regiao\\\/wp-content\\\/uploads\\\/sites\\\/4\\\/2022\\\/02\\\/logo.jpg\",\"width\":400,\"height\":250,\"caption\":\"Ribeir\u00e3o Preto e Regi\u00e3o\"},\"image\":{\"@id\":\"https:\\\/\\\/redenoticiaz.com.br\\\/ribeiraopreto-regiao\\\/#\\\/schema\\\/logo\\\/image\\\/\"},\"sameAs\":[\"https:\\\/\\\/m.facebook.com\\\/redenoticiaz.barretos\",\"https:\\\/\\\/x.com\\\/RN_barretos\",\"https:\\\/\\\/www.instagram.com\\\/redenoticiaz.barretos\\\/?igshid=YmMyMTA2M2Y\",\"https:\\\/\\\/www.linkedin.com\\\/company\\\/rede-noticiaz-barretos-e-regio\\\/\"]},{\"@type\":\"Person\",\"@id\":\"\",\"url\":\"https:\\\/\\\/redenoticiaz.com.br\\\/ribeiraopreto-regiao\\\/sp\\\/author\"}]}<\/script>\n<!-- \/ Yoast SEO plugin. -->","yoast_head_json":{"title":"Homem alega ter sido humilhado por gerente em supermercado\u00a0 - Ribeir\u00e3o Preto e Regi\u00e3o","description":"O homem, registrou ocorr\u00eancia na delegacia. Rraz\u00e3o de ter sido humilhado por gerente de um supermercado, ap\u00f3s apresentar produto com vencimento.","robots":{"index":"index","follow":"follow","max-snippet":"max-snippet:-1","max-image-preview":"max-image-preview:large","max-video-preview":"max-video-preview:-1"},"canonical":"https:\/\/redenoticiaz.com.br\/ribeiraopreto-regiao\/sp\/2022\/06\/16\/homem-alega-ter-sido-humilhado-por-gerente-em-supermercado","og_locale":"pt_BR","og_type":"article","og_title":"Homem alega ter sido humilhado por gerente em supermercado\u00a0 - Ribeir\u00e3o Preto e Regi\u00e3o","og_description":"O homem, registrou ocorr\u00eancia na delegacia. Rraz\u00e3o de ter sido humilhado por gerente de um supermercado, ap\u00f3s apresentar produto com vencimento.","og_url":"https:\/\/redenoticiaz.com.br\/ribeiraopreto-regiao\/sp\/2022\/06\/16\/homem-alega-ter-sido-humilhado-por-gerente-em-supermercado","og_site_name":"Ribeir\u00e3o Preto e Regi\u00e3o","article_publisher":"https:\/\/m.facebook.com\/redenoticiaz.barretos","article_published_time":"2022-06-16T15:42:18+00:00","og_image":[{"width":1440,"height":1080,"url":"https:\/\/redenoticiaz.com.br\/ribeiraopreto-regiao\/wp-content\/uploads\/sites\/4\/2022\/06\/blurred-supermarket-aisle-2021-09-03-10-11-47-utc-scaled.jpg","type":"image\/jpeg"}],"twitter_card":"summary_large_image","twitter_creator":"@RN_barretos","twitter_site":"@RN_barretos","twitter_misc":{"Escrito por":"","Est. tempo de leitura":"1 minuto"},"schema":{"@context":"https:\/\/schema.org","@graph":[{"@type":"Article","@id":"https:\/\/redenoticiaz.com.br\/ribeiraopreto-regiao\/sp\/2022\/06\/16\/homem-alega-ter-sido-humilhado-por-gerente-em-supermercado#article","isPartOf":{"@id":"https:\/\/redenoticiaz.com.br\/ribeiraopreto-regiao\/sp\/2022\/06\/16\/homem-alega-ter-sido-humilhado-por-gerente-em-supermercado"},"author":{"name":"","@id":""},"headline":"Homem alega ter sido humilhado por gerente em supermercado\u00a0","datePublished":"2022-06-16T15:42:18+00:00","mainEntityOfPage":{"@id":"https:\/\/redenoticiaz.com.br\/ribeiraopreto-regiao\/sp\/2022\/06\/16\/homem-alega-ter-sido-humilhado-por-gerente-em-supermercado"},"wordCount":194,"commentCount":0,"publisher":{"@id":"https:\/\/redenoticiaz.com.br\/ribeiraopreto-regiao\/#organization"},"image":{"@id":"https:\/\/redenoticiaz.com.br\/ribeiraopreto-regiao\/sp\/2022\/06\/16\/homem-alega-ter-sido-humilhado-por-gerente-em-supermercado#primaryimage"},"thumbnailUrl":"https:\/\/redenoticiaz.com.br\/ribeiraopreto-regiao\/wp-content\/uploads\/sites\/4\/2022\/06\/blurred-supermarket-aisle-2021-09-03-10-11-47-utc-scaled.jpg","keywords":["GERENTE","HOMEM","HUMILHADO","PRODUTO","SUPERMERCADO","VENCIMENTO"],"articleSection":["Pol\u00edcia"],"inLanguage":"pt-BR","potentialAction":[{"@type":"CommentAction","name":"Comment","target":["https:\/\/redenoticiaz.com.br\/ribeiraopreto-regiao\/sp\/2022\/06\/16\/homem-alega-ter-sido-humilhado-por-gerente-em-supermercado#respond"]}]},{"@type":"WebPage","@id":"https:\/\/redenoticiaz.com.br\/ribeiraopreto-regiao\/sp\/2022\/06\/16\/homem-alega-ter-sido-humilhado-por-gerente-em-supermercado","url":"https:\/\/redenoticiaz.com.br\/ribeiraopreto-regiao\/sp\/2022\/06\/16\/homem-alega-ter-sido-humilhado-por-gerente-em-supermercado","name":"Homem alega ter sido humilhado por gerente em supermercado\u00a0 - Ribeir\u00e3o Preto e Regi\u00e3o","isPartOf":{"@id":"https:\/\/redenoticiaz.com.br\/ribeiraopreto-regiao\/#website"},"primaryImageOfPage":{"@id":"https:\/\/redenoticiaz.com.br\/ribeiraopreto-regiao\/sp\/2022\/06\/16\/homem-alega-ter-sido-humilhado-por-gerente-em-supermercado#primaryimage"},"image":{"@id":"https:\/\/redenoticiaz.com.br\/ribeiraopreto-regiao\/sp\/2022\/06\/16\/homem-alega-ter-sido-humilhado-por-gerente-em-supermercado#primaryimage"},"thumbnailUrl":"https:\/\/redenoticiaz.com.br\/ribeiraopreto-regiao\/wp-content\/uploads\/sites\/4\/2022\/06\/blurred-supermarket-aisle-2021-09-03-10-11-47-utc-scaled.jpg","datePublished":"2022-06-16T15:42:18+00:00","description":"O homem, registrou ocorr\u00eancia na delegacia. Rraz\u00e3o de ter sido humilhado por gerente de um supermercado, ap\u00f3s apresentar produto com vencimento.","inLanguage":"pt-BR","potentialAction":[{"@type":"ReadAction","target":["https:\/\/redenoticiaz.com.br\/ribeiraopreto-regiao\/sp\/2022\/06\/16\/homem-alega-ter-sido-humilhado-por-gerente-em-supermercado"]}]},{"@type":"ImageObject","inLanguage":"pt-BR","@id":"https:\/\/redenoticiaz.com.br\/ribeiraopreto-regiao\/sp\/2022\/06\/16\/homem-alega-ter-sido-humilhado-por-gerente-em-supermercado#primaryimage","url":"https:\/\/redenoticiaz.com.br\/ribeiraopreto-regiao\/wp-content\/uploads\/sites\/4\/2022\/06\/blurred-supermarket-aisle-2021-09-03-10-11-47-utc-scaled.jpg","contentUrl":"https:\/\/redenoticiaz.com.br\/ribeiraopreto-regiao\/wp-content\/uploads\/sites\/4\/2022\/06\/blurred-supermarket-aisle-2021-09-03-10-11-47-utc-scaled.jpg","width":1440,"height":1080,"caption":"Cr\u00e9dito: Reprodu\u00e7\u00e3o"},{"@type":"WebSite","@id":"https:\/\/redenoticiaz.com.br\/ribeiraopreto-regiao\/#website","url":"https:\/\/redenoticiaz.com.br\/ribeiraopreto-regiao\/","name":"Ribeir\u00e3o Preto e Regi\u00e3o","description":"Rede NoticiaZ - Ribeir\u00e3o Preto e regi\u00e3o","publisher":{"@id":"https:\/\/redenoticiaz.com.br\/ribeiraopreto-regiao\/#organization"},"potentialAction":[{"@type":"SearchAction","target":{"@type":"EntryPoint","urlTemplate":"https:\/\/redenoticiaz.com.br\/ribeiraopreto-regiao\/?s={search_term_string}"},"query-input":{"@type":"PropertyValueSpecification","valueRequired":true,"valueName":"search_term_string"}}],"inLanguage":"pt-BR"},{"@type":"Organization","@id":"https:\/\/redenoticiaz.com.br\/ribeiraopreto-regiao\/#organization","name":"Ribeir\u00e3o Preto e Regi\u00e3o","url":"https:\/\/redenoticiaz.com.br\/ribeiraopreto-regiao\/","logo":{"@type":"ImageObject","inLanguage":"pt-BR","@id":"https:\/\/redenoticiaz.com.br\/ribeiraopreto-regiao\/#\/schema\/logo\/image\/","url":"https:\/\/redenoticiaz.com.br\/barretos-regiao\/wp-content\/uploads\/sites\/4\/2022\/02\/logo.jpg","contentUrl":"https:\/\/redenoticiaz.com.br\/barretos-regiao\/wp-content\/uploads\/sites\/4\/2022\/02\/logo.jpg","width":400,"height":250,"caption":"Ribeir\u00e3o Preto e Regi\u00e3o"},"image":{"@id":"https:\/\/redenoticiaz.com.br\/ribeiraopreto-regiao\/#\/schema\/logo\/image\/"},"sameAs":["https:\/\/m.facebook.com\/redenoticiaz.barretos","https:\/\/x.com\/RN_barretos","https:\/\/www.instagram.com\/redenoticiaz.barretos\/?igshid=YmMyMTA2M2Y","https:\/\/www.linkedin.com\/company\/rede-noticiaz-barretos-e-regio\/"]},{"@type":"Person","@id":"","url":"https:\/\/redenoticiaz.com.br\/ribeiraopreto-regiao\/sp\/author"}]}},"_links":{"self":[{"href":"https:\/\/redenoticiaz.com.br\/ribeiraopreto-regiao\/wp-json\/wp\/v2\/posts\/86307","targetHints":{"allow":["GET"]}}],"collection":[{"href":"https:\/\/redenoticiaz.com.br\/ribeiraopreto-regiao\/wp-json\/wp\/v2\/posts"}],"about":[{"href":"https:\/\/redenoticiaz.com.br\/ribeiraopreto-regiao\/wp-json\/wp\/v2\/types\/post"}],"author":[{"embeddable":true,"href":"https:\/\/redenoticiaz.com.br\/ribeiraopreto-regiao\/wp-json\/wp\/v2\/users\/15"}],"replies":[{"embeddable":true,"href":"https:\/\/redenoticiaz.com.br\/ribeiraopreto-regiao\/wp-json\/wp\/v2\/comments?post=86307"}],"version-history":[{"count":1,"href":"https:\/\/redenoticiaz.com.br\/ribeiraopreto-regiao\/wp-json\/wp\/v2\/posts\/86307\/revisions"}],"predecessor-version":[{"id":86309,"href":"https:\/\/redenoticiaz.com.br\/ribeiraopreto-regiao\/wp-json\/wp\/v2\/posts\/86307\/revisions\/86309"}],"wp:featuredmedia":[{"embeddable":true,"href":"https:\/\/redenoticiaz.com.br\/ribeiraopreto-regiao\/wp-json\/wp\/v2\/media\/86308"}],"wp:attachment":[{"href":"https:\/\/redenoticiaz.com.br\/ribeiraopreto-regiao\/wp-json\/wp\/v2\/media?parent=86307"}],"wp:term":[{"taxonomy":"category","embeddable":true,"href":"https:\/\/redenoticiaz.com.br\/ribeiraopreto-regiao\/wp-json\/wp\/v2\/categories?post=86307"},{"taxonomy":"post_tag","embeddable":true,"href":"https:\/\/redenoticiaz.com.br\/ribeiraopreto-regiao\/wp-json\/wp\/v2\/tags?post=86307"}],"curies":[{"name":"wp","href":"https:\/\/api.w.org\/{rel}","templated":true}]}}