{"id":86358,"date":"2022-06-17T13:34:07","date_gmt":"2022-06-17T16:34:07","guid":{"rendered":"https:\/\/redenoticiaz.com.br\/barretos-regiao\/?p=86358"},"modified":"2022-06-17T13:34:07","modified_gmt":"2022-06-17T16:34:07","slug":"bebedouro-tem-a-maior-renovacao-da-frota-da-historia","status":"publish","type":"post","link":"https:\/\/redenoticiaz.com.br\/ribeiraopreto-regiao\/sp\/2022\/06\/17\/bebedouro-tem-a-maior-renovacao-da-frota-da-historia","title":{"rendered":"Bebedouro tem a maior renova\u00e7\u00e3o da frota da hist\u00f3ria"},"content":{"rendered":"<p>Bebedouro segue se transformando em uma cidade mais inteligente, inovadora e sustent\u00e1vel. O Programa Efici\u00eancia Municipal ir\u00e1 entregar 38 m\u00e1quinas e ve\u00edculos para a sa\u00fade, coleta de lixo, asfalto, seguran\u00e7a, fiscaliza\u00e7\u00e3o e obras em geral. O prefeito Lucas Seren entregou, mais oito ve\u00edculos 0km que v\u00e3o modernizar os servi\u00e7os oferecidos \u00e0 popula\u00e7\u00e3o.<\/p>\n<p>As m\u00e1quinas e ve\u00edculos foram entregues pelo governador Rodrigo Garcia, em Barretos, na sexta-feira (10). \u201cEssa \u00e9 a maior recupera\u00e7\u00e3o da frota da hist\u00f3ria da cidade. Um marco que trar\u00e1 economia na manuten\u00e7\u00e3o de ve\u00edculos antigos, al\u00e9m de atender a popula\u00e7\u00e3o com a qualidade que merece. Agrade\u00e7o mais uma vez o empenho do assessor do governador e ex-prefeito Fernando Galv\u00e3o, que abriu muitas portas em S\u00e3o Paulo para Bebedouro\u201d, disse o prefeito.<\/p>\n<h4><strong>Confira a rela\u00e7\u00e3o completa das m\u00e1quinas\/ve\u00edculos:\u00a0<\/strong><\/h4>\n<p><strong>Frota Nova SP | Ve\u00edculos j\u00e1 entregues pelo Governo de S\u00e3o Paulo:<\/strong><br \/>\n3 ambul\u00e2ncias<br \/>\n1 moto niveladora Patrol<br \/>\n1 p\u00e1-carregadeira<br \/>\n1 caminh\u00e3o para coleta seletiva<br \/>\n1 kit de patrulha rural<\/p>\n<p><strong>Programa Agro + Seguro | Ve\u00edculos j\u00e1 entregues pelo Governo de S\u00e3o Paulo:<\/strong><br \/>\n2 caminhonetes 4&#215;4 com GPS para Patrulha Rural<\/p>\n<p><strong>Governo de SP | Entregue nos pr\u00f3ximos dias:<\/strong><br \/>\n1 base M\u00f3vel para a Guarda Civil Municipal<br \/>\n1 caminhonete 4&#215;4 para a Defesa Civil<br \/>\n1 tanque de \u00e1gua de 600 litros para combater inc\u00eandios para a Defesa Civil<br \/>\n1 moto serra para a Defesa Civil<\/p>\n<p><strong>Prefeitura | Ve\u00edculos j\u00e1 entregues:<\/strong><br \/>\n1 caminh\u00e3o basculante (asfalto)<br \/>\n2 caminh\u00f5es compactadores de lixo<br \/>\n2 caminh\u00f5es bombeiros (asfalto, obras em geral)<br \/>\n1 tanque espargidor de asfalto<br \/>\n4 caminh\u00f5es basculantes<br \/>\n2 rolos de asfalto<\/p>\n<p><strong>Prefeitura | J\u00e1 comprado, aguardando a entrega:<\/strong><br \/>\n1 UTI m\u00f3vel<br \/>\n1 caminh\u00e3o cesto isolado (manuten\u00e7\u00e3o da rede el\u00e9trica)<br \/>\n1 carro para o departamento de fiscaliza\u00e7\u00e3o<\/p>\n<p><strong>Prefeitura | Em licita\u00e7\u00e3o:<\/strong><br \/>\n2 viaturas para a Guarda Municipal<br \/>\n1 viatura para a Patrulha Maria da Penha<br \/>\n2 motos para a Guarda Municipal<br \/>\n5 motos para o departamento de fiscaliza\u00e7\u00e3o<\/p>\n<p><strong>VEJA TAMB\u00c9M:\u00a0<a href=\"https:\/\/redenoticiaz.com.br\/barretos-regiao\/sp\/2022\/06\/12\/barretos-recebe-investimento-de-r-200-milhoes-em-obras-e-servico\">Barretos recebe investimento de R$ 200 milh\u00f5es em obras e servi\u00e7os<\/a><\/strong><\/p>\n","protected":false},"excerpt":{"rendered":"<p>Bebedouro segue se transformando em uma cidade mais inteligente, inovadora e sustent\u00e1vel. O Programa Efici\u00eancia Municipal ir\u00e1 entregar 38 m\u00e1quinas e ve\u00edculos para a sa\u00fade, coleta de lixo, asfalto, seguran\u00e7a, fiscaliza\u00e7\u00e3o e obras em geral. O prefeito Lucas Seren entregou, mais oito ve\u00edculos 0km que v\u00e3o modernizar os servi\u00e7os oferecidos \u00e0 popula\u00e7\u00e3o. As m\u00e1quinas e &hellip;<\/p>\n","protected":false},"author":15,"featured_media":86359,"comment_status":"open","ping_status":"closed","sticky":false,"template":"","format":"standard","meta":{"footnotes":""},"categories":[186],"tags":[545,17841,17842,3316],"class_list":["post-86358","post","type-post","status-publish","format-standard","has-post-thumbnail","hentry","category-politica","tag-bebedouro","tag-frota","tag-renovacao","tag-veiculos"],"yoast_head":"<!-- This site is optimized with the Yoast SEO plugin v27.4 - https:\/\/yoast.com\/product\/yoast-seo-wordpress\/ -->\n<title>Bebedouro tem a maior renova\u00e7\u00e3o da frota da hist\u00f3ria - Ribeir\u00e3o Preto e Regi\u00e3o<\/title>\n<meta name=\"description\" content=\"Bebedouro segue se transformando em uma cidade mais inteligente, inovadora e sustent\u00e1vel. O Programa Efici\u00eancia Municipal ir\u00e1 entregar 38 m\u00e1quinas\" \/>\n<meta name=\"robots\" content=\"index, follow, max-snippet:-1, max-image-preview:large, max-video-preview:-1\" \/>\n<link rel=\"canonical\" href=\"https:\/\/redenoticiaz.com.br\/ribeiraopreto-regiao\/sp\/2022\/06\/17\/bebedouro-tem-a-maior-renovacao-da-frota-da-historia\" \/>\n<meta property=\"og:locale\" content=\"pt_BR\" \/>\n<meta property=\"og:type\" content=\"article\" \/>\n<meta property=\"og:title\" content=\"Bebedouro tem a maior renova\u00e7\u00e3o da frota da hist\u00f3ria - Ribeir\u00e3o Preto e Regi\u00e3o\" \/>\n<meta property=\"og:description\" content=\"Bebedouro segue se transformando em uma cidade mais inteligente, inovadora e sustent\u00e1vel. O Programa Efici\u00eancia Municipal ir\u00e1 entregar 38 m\u00e1quinas\" \/>\n<meta property=\"og:url\" content=\"https:\/\/redenoticiaz.com.br\/ribeiraopreto-regiao\/sp\/2022\/06\/17\/bebedouro-tem-a-maior-renovacao-da-frota-da-historia\" \/>\n<meta property=\"og:site_name\" content=\"Ribeir\u00e3o Preto e Regi\u00e3o\" \/>\n<meta property=\"article:publisher\" content=\"https:\/\/m.facebook.com\/redenoticiaz.barretos\" \/>\n<meta property=\"article:published_time\" content=\"2022-06-17T16:34:07+00:00\" \/>\n<meta property=\"og:image\" content=\"https:\/\/redenoticiaz.com.br\/ribeiraopreto-regiao\/wp-content\/uploads\/sites\/4\/2022\/06\/c0d2aa3903fba59e71ae5f16e448d877_XL.jpg\" \/>\n\t<meta property=\"og:image:width\" content=\"900\" \/>\n\t<meta property=\"og:image:height\" content=\"500\" \/>\n\t<meta property=\"og:image:type\" content=\"image\/jpeg\" \/>\n<meta name=\"twitter:card\" content=\"summary_large_image\" \/>\n<meta name=\"twitter:creator\" content=\"@RN_barretos\" \/>\n<meta name=\"twitter:site\" content=\"@RN_barretos\" \/>\n<meta name=\"twitter:label1\" content=\"Escrito por\" \/>\n\t<meta name=\"twitter:data1\" content=\"\" \/>\n\t<meta name=\"twitter:label2\" content=\"Est. tempo de leitura\" \/>\n\t<meta name=\"twitter:data2\" content=\"2 minutos\" \/>\n<script type=\"application\/ld+json\" class=\"yoast-schema-graph\">{\"@context\":\"https:\\\/\\\/schema.org\",\"@graph\":[{\"@type\":\"Article\",\"@id\":\"https:\\\/\\\/redenoticiaz.com.br\\\/ribeiraopreto-regiao\\\/sp\\\/2022\\\/06\\\/17\\\/bebedouro-tem-a-maior-renovacao-da-frota-da-historia#article\",\"isPartOf\":{\"@id\":\"https:\\\/\\\/redenoticiaz.com.br\\\/ribeiraopreto-regiao\\\/sp\\\/2022\\\/06\\\/17\\\/bebedouro-tem-a-maior-renovacao-da-frota-da-historia\"},\"author\":{\"name\":\"\",\"@id\":\"\"},\"headline\":\"Bebedouro tem a maior renova\u00e7\u00e3o da frota da hist\u00f3ria\",\"datePublished\":\"2022-06-17T16:34:07+00:00\",\"mainEntityOfPage\":{\"@id\":\"https:\\\/\\\/redenoticiaz.com.br\\\/ribeiraopreto-regiao\\\/sp\\\/2022\\\/06\\\/17\\\/bebedouro-tem-a-maior-renovacao-da-frota-da-historia\"},\"wordCount\":353,\"commentCount\":0,\"publisher\":{\"@id\":\"https:\\\/\\\/redenoticiaz.com.br\\\/ribeiraopreto-regiao\\\/#organization\"},\"image\":{\"@id\":\"https:\\\/\\\/redenoticiaz.com.br\\\/ribeiraopreto-regiao\\\/sp\\\/2022\\\/06\\\/17\\\/bebedouro-tem-a-maior-renovacao-da-frota-da-historia#primaryimage\"},\"thumbnailUrl\":\"https:\\\/\\\/redenoticiaz.com.br\\\/ribeiraopreto-regiao\\\/wp-content\\\/uploads\\\/sites\\\/4\\\/2022\\\/06\\\/c0d2aa3903fba59e71ae5f16e448d877_XL.jpg\",\"keywords\":[\"BEBEDOURO\",\"FROTA\",\"RENOVA\u00c7\u00c3O\",\"VE\u00cdCULOS\"],\"articleSection\":[\"Pol\u00edtica\"],\"inLanguage\":\"pt-BR\",\"potentialAction\":[{\"@type\":\"CommentAction\",\"name\":\"Comment\",\"target\":[\"https:\\\/\\\/redenoticiaz.com.br\\\/ribeiraopreto-regiao\\\/sp\\\/2022\\\/06\\\/17\\\/bebedouro-tem-a-maior-renovacao-da-frota-da-historia#respond\"]}]},{\"@type\":\"WebPage\",\"@id\":\"https:\\\/\\\/redenoticiaz.com.br\\\/ribeiraopreto-regiao\\\/sp\\\/2022\\\/06\\\/17\\\/bebedouro-tem-a-maior-renovacao-da-frota-da-historia\",\"url\":\"https:\\\/\\\/redenoticiaz.com.br\\\/ribeiraopreto-regiao\\\/sp\\\/2022\\\/06\\\/17\\\/bebedouro-tem-a-maior-renovacao-da-frota-da-historia\",\"name\":\"Bebedouro tem a maior renova\u00e7\u00e3o da frota da hist\u00f3ria - Ribeir\u00e3o Preto e Regi\u00e3o\",\"isPartOf\":{\"@id\":\"https:\\\/\\\/redenoticiaz.com.br\\\/ribeiraopreto-regiao\\\/#website\"},\"primaryImageOfPage\":{\"@id\":\"https:\\\/\\\/redenoticiaz.com.br\\\/ribeiraopreto-regiao\\\/sp\\\/2022\\\/06\\\/17\\\/bebedouro-tem-a-maior-renovacao-da-frota-da-historia#primaryimage\"},\"image\":{\"@id\":\"https:\\\/\\\/redenoticiaz.com.br\\\/ribeiraopreto-regiao\\\/sp\\\/2022\\\/06\\\/17\\\/bebedouro-tem-a-maior-renovacao-da-frota-da-historia#primaryimage\"},\"thumbnailUrl\":\"https:\\\/\\\/redenoticiaz.com.br\\\/ribeiraopreto-regiao\\\/wp-content\\\/uploads\\\/sites\\\/4\\\/2022\\\/06\\\/c0d2aa3903fba59e71ae5f16e448d877_XL.jpg\",\"datePublished\":\"2022-06-17T16:34:07+00:00\",\"description\":\"Bebedouro segue se transformando em uma cidade mais inteligente, inovadora e sustent\u00e1vel. O Programa Efici\u00eancia Municipal ir\u00e1 entregar 38 m\u00e1quinas\",\"inLanguage\":\"pt-BR\",\"potentialAction\":[{\"@type\":\"ReadAction\",\"target\":[\"https:\\\/\\\/redenoticiaz.com.br\\\/ribeiraopreto-regiao\\\/sp\\\/2022\\\/06\\\/17\\\/bebedouro-tem-a-maior-renovacao-da-frota-da-historia\"]}]},{\"@type\":\"ImageObject\",\"inLanguage\":\"pt-BR\",\"@id\":\"https:\\\/\\\/redenoticiaz.com.br\\\/ribeiraopreto-regiao\\\/sp\\\/2022\\\/06\\\/17\\\/bebedouro-tem-a-maior-renovacao-da-frota-da-historia#primaryimage\",\"url\":\"https:\\\/\\\/redenoticiaz.com.br\\\/ribeiraopreto-regiao\\\/wp-content\\\/uploads\\\/sites\\\/4\\\/2022\\\/06\\\/c0d2aa3903fba59e71ae5f16e448d877_XL.jpg\",\"contentUrl\":\"https:\\\/\\\/redenoticiaz.com.br\\\/ribeiraopreto-regiao\\\/wp-content\\\/uploads\\\/sites\\\/4\\\/2022\\\/06\\\/c0d2aa3903fba59e71ae5f16e448d877_XL.jpg\",\"width\":900,\"height\":500,\"caption\":\"Renova\u00e7\u00e3o da frota. Cr\u00e9dito: Reprodu\u00e7\u00e3o\"},{\"@type\":\"WebSite\",\"@id\":\"https:\\\/\\\/redenoticiaz.com.br\\\/ribeiraopreto-regiao\\\/#website\",\"url\":\"https:\\\/\\\/redenoticiaz.com.br\\\/ribeiraopreto-regiao\\\/\",\"name\":\"Ribeir\u00e3o Preto e Regi\u00e3o\",\"description\":\"Rede NoticiaZ - Ribeir\u00e3o Preto e regi\u00e3o\",\"publisher\":{\"@id\":\"https:\\\/\\\/redenoticiaz.com.br\\\/ribeiraopreto-regiao\\\/#organization\"},\"potentialAction\":[{\"@type\":\"SearchAction\",\"target\":{\"@type\":\"EntryPoint\",\"urlTemplate\":\"https:\\\/\\\/redenoticiaz.com.br\\\/ribeiraopreto-regiao\\\/?s={search_term_string}\"},\"query-input\":{\"@type\":\"PropertyValueSpecification\",\"valueRequired\":true,\"valueName\":\"search_term_string\"}}],\"inLanguage\":\"pt-BR\"},{\"@type\":\"Organization\",\"@id\":\"https:\\\/\\\/redenoticiaz.com.br\\\/ribeiraopreto-regiao\\\/#organization\",\"name\":\"Ribeir\u00e3o Preto e Regi\u00e3o\",\"url\":\"https:\\\/\\\/redenoticiaz.com.br\\\/ribeiraopreto-regiao\\\/\",\"logo\":{\"@type\":\"ImageObject\",\"inLanguage\":\"pt-BR\",\"@id\":\"https:\\\/\\\/redenoticiaz.com.br\\\/ribeiraopreto-regiao\\\/#\\\/schema\\\/logo\\\/image\\\/\",\"url\":\"https:\\\/\\\/redenoticiaz.com.br\\\/barretos-regiao\\\/wp-content\\\/uploads\\\/sites\\\/4\\\/2022\\\/02\\\/logo.jpg\",\"contentUrl\":\"https:\\\/\\\/redenoticiaz.com.br\\\/barretos-regiao\\\/wp-content\\\/uploads\\\/sites\\\/4\\\/2022\\\/02\\\/logo.jpg\",\"width\":400,\"height\":250,\"caption\":\"Ribeir\u00e3o Preto e Regi\u00e3o\"},\"image\":{\"@id\":\"https:\\\/\\\/redenoticiaz.com.br\\\/ribeiraopreto-regiao\\\/#\\\/schema\\\/logo\\\/image\\\/\"},\"sameAs\":[\"https:\\\/\\\/m.facebook.com\\\/redenoticiaz.barretos\",\"https:\\\/\\\/x.com\\\/RN_barretos\",\"https:\\\/\\\/www.instagram.com\\\/redenoticiaz.barretos\\\/?igshid=YmMyMTA2M2Y\",\"https:\\\/\\\/www.linkedin.com\\\/company\\\/rede-noticiaz-barretos-e-regio\\\/\"]},{\"@type\":\"Person\",\"@id\":\"\",\"url\":\"https:\\\/\\\/redenoticiaz.com.br\\\/ribeiraopreto-regiao\\\/sp\\\/author\"}]}<\/script>\n<!-- \/ Yoast SEO plugin. -->","yoast_head_json":{"title":"Bebedouro tem a maior renova\u00e7\u00e3o da frota da hist\u00f3ria - Ribeir\u00e3o Preto e Regi\u00e3o","description":"Bebedouro segue se transformando em uma cidade mais inteligente, inovadora e sustent\u00e1vel. O Programa Efici\u00eancia Municipal ir\u00e1 entregar 38 m\u00e1quinas","robots":{"index":"index","follow":"follow","max-snippet":"max-snippet:-1","max-image-preview":"max-image-preview:large","max-video-preview":"max-video-preview:-1"},"canonical":"https:\/\/redenoticiaz.com.br\/ribeiraopreto-regiao\/sp\/2022\/06\/17\/bebedouro-tem-a-maior-renovacao-da-frota-da-historia","og_locale":"pt_BR","og_type":"article","og_title":"Bebedouro tem a maior renova\u00e7\u00e3o da frota da hist\u00f3ria - Ribeir\u00e3o Preto e Regi\u00e3o","og_description":"Bebedouro segue se transformando em uma cidade mais inteligente, inovadora e sustent\u00e1vel. O Programa Efici\u00eancia Municipal ir\u00e1 entregar 38 m\u00e1quinas","og_url":"https:\/\/redenoticiaz.com.br\/ribeiraopreto-regiao\/sp\/2022\/06\/17\/bebedouro-tem-a-maior-renovacao-da-frota-da-historia","og_site_name":"Ribeir\u00e3o Preto e Regi\u00e3o","article_publisher":"https:\/\/m.facebook.com\/redenoticiaz.barretos","article_published_time":"2022-06-17T16:34:07+00:00","og_image":[{"width":900,"height":500,"url":"https:\/\/redenoticiaz.com.br\/ribeiraopreto-regiao\/wp-content\/uploads\/sites\/4\/2022\/06\/c0d2aa3903fba59e71ae5f16e448d877_XL.jpg","type":"image\/jpeg"}],"twitter_card":"summary_large_image","twitter_creator":"@RN_barretos","twitter_site":"@RN_barretos","twitter_misc":{"Escrito por":"","Est. tempo de leitura":"2 minutos"},"schema":{"@context":"https:\/\/schema.org","@graph":[{"@type":"Article","@id":"https:\/\/redenoticiaz.com.br\/ribeiraopreto-regiao\/sp\/2022\/06\/17\/bebedouro-tem-a-maior-renovacao-da-frota-da-historia#article","isPartOf":{"@id":"https:\/\/redenoticiaz.com.br\/ribeiraopreto-regiao\/sp\/2022\/06\/17\/bebedouro-tem-a-maior-renovacao-da-frota-da-historia"},"author":{"name":"","@id":""},"headline":"Bebedouro tem a maior renova\u00e7\u00e3o da frota da hist\u00f3ria","datePublished":"2022-06-17T16:34:07+00:00","mainEntityOfPage":{"@id":"https:\/\/redenoticiaz.com.br\/ribeiraopreto-regiao\/sp\/2022\/06\/17\/bebedouro-tem-a-maior-renovacao-da-frota-da-historia"},"wordCount":353,"commentCount":0,"publisher":{"@id":"https:\/\/redenoticiaz.com.br\/ribeiraopreto-regiao\/#organization"},"image":{"@id":"https:\/\/redenoticiaz.com.br\/ribeiraopreto-regiao\/sp\/2022\/06\/17\/bebedouro-tem-a-maior-renovacao-da-frota-da-historia#primaryimage"},"thumbnailUrl":"https:\/\/redenoticiaz.com.br\/ribeiraopreto-regiao\/wp-content\/uploads\/sites\/4\/2022\/06\/c0d2aa3903fba59e71ae5f16e448d877_XL.jpg","keywords":["BEBEDOURO","FROTA","RENOVA\u00c7\u00c3O","VE\u00cdCULOS"],"articleSection":["Pol\u00edtica"],"inLanguage":"pt-BR","potentialAction":[{"@type":"CommentAction","name":"Comment","target":["https:\/\/redenoticiaz.com.br\/ribeiraopreto-regiao\/sp\/2022\/06\/17\/bebedouro-tem-a-maior-renovacao-da-frota-da-historia#respond"]}]},{"@type":"WebPage","@id":"https:\/\/redenoticiaz.com.br\/ribeiraopreto-regiao\/sp\/2022\/06\/17\/bebedouro-tem-a-maior-renovacao-da-frota-da-historia","url":"https:\/\/redenoticiaz.com.br\/ribeiraopreto-regiao\/sp\/2022\/06\/17\/bebedouro-tem-a-maior-renovacao-da-frota-da-historia","name":"Bebedouro tem a maior renova\u00e7\u00e3o da frota da hist\u00f3ria - Ribeir\u00e3o Preto e Regi\u00e3o","isPartOf":{"@id":"https:\/\/redenoticiaz.com.br\/ribeiraopreto-regiao\/#website"},"primaryImageOfPage":{"@id":"https:\/\/redenoticiaz.com.br\/ribeiraopreto-regiao\/sp\/2022\/06\/17\/bebedouro-tem-a-maior-renovacao-da-frota-da-historia#primaryimage"},"image":{"@id":"https:\/\/redenoticiaz.com.br\/ribeiraopreto-regiao\/sp\/2022\/06\/17\/bebedouro-tem-a-maior-renovacao-da-frota-da-historia#primaryimage"},"thumbnailUrl":"https:\/\/redenoticiaz.com.br\/ribeiraopreto-regiao\/wp-content\/uploads\/sites\/4\/2022\/06\/c0d2aa3903fba59e71ae5f16e448d877_XL.jpg","datePublished":"2022-06-17T16:34:07+00:00","description":"Bebedouro segue se transformando em uma cidade mais inteligente, inovadora e sustent\u00e1vel. O Programa Efici\u00eancia Municipal ir\u00e1 entregar 38 m\u00e1quinas","inLanguage":"pt-BR","potentialAction":[{"@type":"ReadAction","target":["https:\/\/redenoticiaz.com.br\/ribeiraopreto-regiao\/sp\/2022\/06\/17\/bebedouro-tem-a-maior-renovacao-da-frota-da-historia"]}]},{"@type":"ImageObject","inLanguage":"pt-BR","@id":"https:\/\/redenoticiaz.com.br\/ribeiraopreto-regiao\/sp\/2022\/06\/17\/bebedouro-tem-a-maior-renovacao-da-frota-da-historia#primaryimage","url":"https:\/\/redenoticiaz.com.br\/ribeiraopreto-regiao\/wp-content\/uploads\/sites\/4\/2022\/06\/c0d2aa3903fba59e71ae5f16e448d877_XL.jpg","contentUrl":"https:\/\/redenoticiaz.com.br\/ribeiraopreto-regiao\/wp-content\/uploads\/sites\/4\/2022\/06\/c0d2aa3903fba59e71ae5f16e448d877_XL.jpg","width":900,"height":500,"caption":"Renova\u00e7\u00e3o da frota. Cr\u00e9dito: Reprodu\u00e7\u00e3o"},{"@type":"WebSite","@id":"https:\/\/redenoticiaz.com.br\/ribeiraopreto-regiao\/#website","url":"https:\/\/redenoticiaz.com.br\/ribeiraopreto-regiao\/","name":"Ribeir\u00e3o Preto e Regi\u00e3o","description":"Rede NoticiaZ - Ribeir\u00e3o Preto e regi\u00e3o","publisher":{"@id":"https:\/\/redenoticiaz.com.br\/ribeiraopreto-regiao\/#organization"},"potentialAction":[{"@type":"SearchAction","target":{"@type":"EntryPoint","urlTemplate":"https:\/\/redenoticiaz.com.br\/ribeiraopreto-regiao\/?s={search_term_string}"},"query-input":{"@type":"PropertyValueSpecification","valueRequired":true,"valueName":"search_term_string"}}],"inLanguage":"pt-BR"},{"@type":"Organization","@id":"https:\/\/redenoticiaz.com.br\/ribeiraopreto-regiao\/#organization","name":"Ribeir\u00e3o Preto e Regi\u00e3o","url":"https:\/\/redenoticiaz.com.br\/ribeiraopreto-regiao\/","logo":{"@type":"ImageObject","inLanguage":"pt-BR","@id":"https:\/\/redenoticiaz.com.br\/ribeiraopreto-regiao\/#\/schema\/logo\/image\/","url":"https:\/\/redenoticiaz.com.br\/barretos-regiao\/wp-content\/uploads\/sites\/4\/2022\/02\/logo.jpg","contentUrl":"https:\/\/redenoticiaz.com.br\/barretos-regiao\/wp-content\/uploads\/sites\/4\/2022\/02\/logo.jpg","width":400,"height":250,"caption":"Ribeir\u00e3o Preto e Regi\u00e3o"},"image":{"@id":"https:\/\/redenoticiaz.com.br\/ribeiraopreto-regiao\/#\/schema\/logo\/image\/"},"sameAs":["https:\/\/m.facebook.com\/redenoticiaz.barretos","https:\/\/x.com\/RN_barretos","https:\/\/www.instagram.com\/redenoticiaz.barretos\/?igshid=YmMyMTA2M2Y","https:\/\/www.linkedin.com\/company\/rede-noticiaz-barretos-e-regio\/"]},{"@type":"Person","@id":"","url":"https:\/\/redenoticiaz.com.br\/ribeiraopreto-regiao\/sp\/author"}]}},"_links":{"self":[{"href":"https:\/\/redenoticiaz.com.br\/ribeiraopreto-regiao\/wp-json\/wp\/v2\/posts\/86358","targetHints":{"allow":["GET"]}}],"collection":[{"href":"https:\/\/redenoticiaz.com.br\/ribeiraopreto-regiao\/wp-json\/wp\/v2\/posts"}],"about":[{"href":"https:\/\/redenoticiaz.com.br\/ribeiraopreto-regiao\/wp-json\/wp\/v2\/types\/post"}],"author":[{"embeddable":true,"href":"https:\/\/redenoticiaz.com.br\/ribeiraopreto-regiao\/wp-json\/wp\/v2\/users\/15"}],"replies":[{"embeddable":true,"href":"https:\/\/redenoticiaz.com.br\/ribeiraopreto-regiao\/wp-json\/wp\/v2\/comments?post=86358"}],"version-history":[{"count":1,"href":"https:\/\/redenoticiaz.com.br\/ribeiraopreto-regiao\/wp-json\/wp\/v2\/posts\/86358\/revisions"}],"predecessor-version":[{"id":86360,"href":"https:\/\/redenoticiaz.com.br\/ribeiraopreto-regiao\/wp-json\/wp\/v2\/posts\/86358\/revisions\/86360"}],"wp:featuredmedia":[{"embeddable":true,"href":"https:\/\/redenoticiaz.com.br\/ribeiraopreto-regiao\/wp-json\/wp\/v2\/media\/86359"}],"wp:attachment":[{"href":"https:\/\/redenoticiaz.com.br\/ribeiraopreto-regiao\/wp-json\/wp\/v2\/media?parent=86358"}],"wp:term":[{"taxonomy":"category","embeddable":true,"href":"https:\/\/redenoticiaz.com.br\/ribeiraopreto-regiao\/wp-json\/wp\/v2\/categories?post=86358"},{"taxonomy":"post_tag","embeddable":true,"href":"https:\/\/redenoticiaz.com.br\/ribeiraopreto-regiao\/wp-json\/wp\/v2\/tags?post=86358"}],"curies":[{"name":"wp","href":"https:\/\/api.w.org\/{rel}","templated":true}]}}