{"id":86387,"date":"2022-06-19T13:30:54","date_gmt":"2022-06-19T16:30:54","guid":{"rendered":"https:\/\/redenoticiaz.com.br\/barretos-regiao\/?p=86387"},"modified":"2022-06-17T16:34:56","modified_gmt":"2022-06-17T19:34:56","slug":"comissoes-de-familia-e-da-infancia-e-da-juventude-da-oab-promovem-acoes-beneficas-a-populacao","status":"publish","type":"post","link":"https:\/\/redenoticiaz.com.br\/ribeiraopreto-regiao\/sp\/2022\/06\/19\/comissoes-de-familia-e-da-infancia-e-da-juventude-da-oab-promovem-acoes-beneficas-a-populacao","title":{"rendered":"Comiss\u00f5es de Fam\u00edlia e da Inf\u00e2ncia e da Juventude da OAB promovem a\u00e7\u00f5es ben\u00e9ficas \u00e0 popula\u00e7\u00e3o"},"content":{"rendered":"<p>As comiss\u00f5es na 7\u00aa Subse\u00e7\u00e3o existem para assessorar, atualizar e transmitir conhecimentos jur\u00eddicos aos advogados, profissionais do direito e toda popula\u00e7\u00e3o.<\/p>\n<p>A partir dessa premissa, as comiss\u00f5es do Direito de Fam\u00edlia e o da Inf\u00e2ncia e Juventude est\u00e3o atuantes nas realiza\u00e7\u00f5es de diversos eventos t\u00e9cnicos, cursos, palestras, bate-papos em &#8216;lives&#8217; nas redes sociais, entre outras a\u00e7\u00f5es.<\/p>\n<p>&#8220;J\u00e1 realizamos algumas lives, no m\u00eas de abril fizemos uma campanha de combate \u00e0 &#8220;aliena\u00e7\u00e3o parental&#8221;, foi algo muito produtivo, trouxemos convidados do \u00e2mbito jur\u00eddico e psic\u00f3logos, para falar sobre o tema. Agora estamos trabalhando nas redes sociais a campanha sobre a import\u00e2ncia do afeto nas rela\u00e7\u00f5es familiares, os diferentes tipos de fam\u00edlias, enfim, t\u00eam toda uma agenda a ser desenvolvida pela comiss\u00e3o durante este ano&#8221;, explicou Dra. L\u00edvia Carvalho, coordenadora da Comiss\u00e3o do Direito de Fam\u00edlia.<\/p>\n<p>Ainda de acordo com a doutora L\u00edvia, &#8220;a partir destas lives percebemos o quanto as pessoas precisam de informa\u00e7\u00f5es sobre determinados assuntos e elas tamb\u00e9m j\u00e1 sugeriram temas para falarmos nos pr\u00f3ximos encontros&#8221;, afirmou.<\/p>\n<p>Fazem parte da comiss\u00e3o do Direito de Fam\u00edlia, a dra. Let\u00edcia Catani, dra Jacilene Girardi, dra. Jessica Aline Flor\u00eancio da Silva Pereira, dr. Pamilhan Fortaleza, dra. Paola Iunes, dra. Joyce Rodrigues, dra. Cristiane Bolsoni e dra. Claudia Teles.<\/p>\n<p>&#8220;Um dos objetivos da nossa comiss\u00e3o \u00e9 estar pr\u00f3ximo da popula\u00e7\u00e3o e das institui\u00e7\u00f5es locais, para sabermos sobre as suas necessidades, algo que j\u00e1 est\u00e1 sendo feito. A comiss\u00e3o \u00e9 abrangente e possui uma demanda alta, queremos contribuir para melhora de projetos e desenvolvermos novos, que beneficie e protege a crian\u00e7a e o adolescente&#8221;, explicou Dra. Marystela Pereira, coordenadora da Comiss\u00e3o do Direito da Inf\u00e2ncia e da Juventude.<\/p>\n<p>Segundo a advogada por meio das lives \u00e9 poss\u00edvel levar informa\u00e7\u00f5es ao p\u00fablico de uma forma abrangente, descomplicada e que aquela pessoa que assista entenda e tenha conhecimento sobre o seu direito e que h\u00e1 \u00f3rg\u00e3os que podem e devem proteg\u00ea-la.<\/p>\n<p><em>&#8220;A comiss\u00e3o j\u00e1 realizou uma live sobre o combate ao abuso e explora\u00e7\u00e3o sexual da crian\u00e7a e do adolescente, tivemos uma boa audi\u00eancia e todos que participaram nos deram respostas positivas, como o melhor conhecimento e entendimento sobre o tema&#8221;<\/em>, finalizou.<\/p>\n<p>As advogadas dra Jessica Aline Fl\u00f4rencio da Silve Pereira e dra. L\u00edvia Carvalho tamb\u00e9m integram a Comiss\u00e3o da Inf\u00e2ncia e da Juventude.<\/p>\n<p>A popula\u00e7\u00e3o pode ter acesso \u00e0s informa\u00e7\u00f5es das comiss\u00f5es de fam\u00edlia e o da inf\u00e2ncia e da juventude, no perfil da OAB Barretos no Instagram, pelo @oabbarretos.<\/p>\n<p><strong>VEJA TAMB\u00c9M:\u00a0<a href=\"https:\/\/redenoticiaz.com.br\/barretos-regiao\/sp\/2022\/06\/15\/grupo-de-adocao-realizou-palestra-sobre-necessidades-emocionais-na-oab\">Grupo de ado\u00e7\u00e3o realizou palestra sobre necessidades emocionais na OAB<\/a><\/strong><\/p>\n","protected":false},"excerpt":{"rendered":"<p>As comiss\u00f5es na 7\u00aa Subse\u00e7\u00e3o existem para assessorar, atualizar e transmitir conhecimentos jur\u00eddicos aos advogados, profissionais do direito e toda popula\u00e7\u00e3o. A partir dessa premissa, as comiss\u00f5es do Direito de Fam\u00edlia e o da Inf\u00e2ncia e Juventude est\u00e3o atuantes nas realiza\u00e7\u00f5es de diversos eventos t\u00e9cnicos, cursos, palestras, bate-papos em &#8216;lives&#8217; nas redes sociais, entre outras &hellip;<\/p>\n","protected":false},"author":15,"featured_media":86388,"comment_status":"open","ping_status":"closed","sticky":false,"template":"","format":"standard","meta":{"footnotes":""},"categories":[252],"tags":[3683,17862,17118,17864,17863,1794],"class_list":["post-86387","post","type-post","status-publish","format-standard","has-post-thumbnail","hentry","category-acao-social","tag-acoes","tag-aob","tag-beneficios","tag-comissoes","tag-debates-e-palestras","tag-familia"],"yoast_head":"<!-- This site is optimized with the Yoast SEO plugin v28.4 - https:\/\/yoast.com\/product\/yoast-seo-wordpress\/ -->\n<title>Comiss\u00f5es de Fam\u00edlia e da Inf\u00e2ncia e da Juventude da OAB promovem a\u00e7\u00f5es ben\u00e9ficas \u00e0 popula\u00e7\u00e3o - Ribeir\u00e3o Preto e Regi\u00e3o<\/title>\n<meta name=\"description\" content=\"As comiss\u00f5es existem para assessorar, atualizar e transmitir conhecimentos jur\u00eddicos aos advogados, profissionais do direito e toda popula\u00e7\u00e3o.\u00a0\u00a0\" \/>\n<meta name=\"robots\" content=\"index, follow, max-snippet:-1, max-image-preview:large, max-video-preview:-1\" \/>\n<link rel=\"canonical\" href=\"https:\/\/redenoticiaz.com.br\/ribeiraopreto-regiao\/sp\/2022\/06\/19\/comissoes-de-familia-e-da-infancia-e-da-juventude-da-oab-promovem-acoes-beneficas-a-populacao\" \/>\n<meta property=\"og:locale\" content=\"pt_BR\" \/>\n<meta property=\"og:type\" content=\"article\" \/>\n<meta property=\"og:title\" content=\"Comiss\u00f5es de Fam\u00edlia e da Inf\u00e2ncia e da Juventude da OAB promovem a\u00e7\u00f5es ben\u00e9ficas \u00e0 popula\u00e7\u00e3o - Ribeir\u00e3o Preto e Regi\u00e3o\" \/>\n<meta property=\"og:description\" content=\"As comiss\u00f5es existem para assessorar, atualizar e transmitir conhecimentos jur\u00eddicos aos advogados, profissionais do direito e toda popula\u00e7\u00e3o.\u00a0\u00a0\" \/>\n<meta property=\"og:url\" content=\"https:\/\/redenoticiaz.com.br\/ribeiraopreto-regiao\/sp\/2022\/06\/19\/comissoes-de-familia-e-da-infancia-e-da-juventude-da-oab-promovem-acoes-beneficas-a-populacao\" \/>\n<meta property=\"og:site_name\" content=\"Ribeir\u00e3o Preto e Regi\u00e3o\" \/>\n<meta property=\"article:publisher\" content=\"https:\/\/m.facebook.com\/redenoticiaz.barretos\" \/>\n<meta property=\"article:published_time\" content=\"2022-06-19T16:30:54+00:00\" \/>\n<meta property=\"og:image\" content=\"https:\/\/redenoticiaz.com.br\/ribeiraopreto-regiao\/wp-content\/uploads\/sites\/4\/2022\/06\/Dra.-Maristela.jpeg\" \/>\n\t<meta property=\"og:image:width\" content=\"1024\" \/>\n\t<meta property=\"og:image:height\" content=\"576\" \/>\n\t<meta property=\"og:image:type\" content=\"image\/jpeg\" \/>\n<meta name=\"twitter:card\" content=\"summary_large_image\" \/>\n<meta name=\"twitter:creator\" content=\"@RN_barretos\" \/>\n<meta name=\"twitter:site\" content=\"@RN_barretos\" \/>\n<meta name=\"twitter:label1\" content=\"Escrito por\" \/>\n\t<meta name=\"twitter:data1\" content=\"\" \/>\n\t<meta name=\"twitter:label2\" content=\"Est. tempo de leitura\" \/>\n\t<meta name=\"twitter:data2\" content=\"2 minutos\" \/>\n<script type=\"application\/ld+json\" class=\"yoast-schema-graph\">{\"@context\":\"https:\\\/\\\/schema.org\",\"@graph\":[{\"@type\":\"Article\",\"@id\":\"https:\\\/\\\/redenoticiaz.com.br\\\/ribeiraopreto-regiao\\\/sp\\\/2022\\\/06\\\/19\\\/comissoes-de-familia-e-da-infancia-e-da-juventude-da-oab-promovem-acoes-beneficas-a-populacao#article\",\"isPartOf\":{\"@id\":\"https:\\\/\\\/redenoticiaz.com.br\\\/ribeiraopreto-regiao\\\/sp\\\/2022\\\/06\\\/19\\\/comissoes-de-familia-e-da-infancia-e-da-juventude-da-oab-promovem-acoes-beneficas-a-populacao\"},\"author\":{\"name\":\"\",\"@id\":\"\"},\"headline\":\"Comiss\u00f5es de Fam\u00edlia e da Inf\u00e2ncia e da Juventude da OAB promovem a\u00e7\u00f5es ben\u00e9ficas \u00e0 popula\u00e7\u00e3o\",\"datePublished\":\"2022-06-19T16:30:54+00:00\",\"mainEntityOfPage\":{\"@id\":\"https:\\\/\\\/redenoticiaz.com.br\\\/ribeiraopreto-regiao\\\/sp\\\/2022\\\/06\\\/19\\\/comissoes-de-familia-e-da-infancia-e-da-juventude-da-oab-promovem-acoes-beneficas-a-populacao\"},\"wordCount\":492,\"commentCount\":0,\"publisher\":{\"@id\":\"https:\\\/\\\/redenoticiaz.com.br\\\/ribeiraopreto-regiao\\\/#organization\"},\"image\":{\"@id\":\"https:\\\/\\\/redenoticiaz.com.br\\\/ribeiraopreto-regiao\\\/sp\\\/2022\\\/06\\\/19\\\/comissoes-de-familia-e-da-infancia-e-da-juventude-da-oab-promovem-acoes-beneficas-a-populacao#primaryimage\"},\"thumbnailUrl\":\"https:\\\/\\\/redenoticiaz.com.br\\\/ribeiraopreto-regiao\\\/wp-content\\\/uploads\\\/sites\\\/4\\\/2022\\\/06\\\/Dra.-Maristela.jpeg\",\"keywords\":[\"A\u00c7\u00d5ES\",\"AOB\",\"BENEF\u00cdCIOS\",\"COMISS\u00d5ES\",\"DEBATES E PALESTRAS\",\"FAM\u00cdLIA\"],\"articleSection\":[\"A\u00e7\u00e3o Social\"],\"inLanguage\":\"pt-BR\",\"potentialAction\":[{\"@type\":\"CommentAction\",\"name\":\"Comment\",\"target\":[\"https:\\\/\\\/redenoticiaz.com.br\\\/ribeiraopreto-regiao\\\/sp\\\/2022\\\/06\\\/19\\\/comissoes-de-familia-e-da-infancia-e-da-juventude-da-oab-promovem-acoes-beneficas-a-populacao#respond\"]}]},{\"@type\":\"WebPage\",\"@id\":\"https:\\\/\\\/redenoticiaz.com.br\\\/ribeiraopreto-regiao\\\/sp\\\/2022\\\/06\\\/19\\\/comissoes-de-familia-e-da-infancia-e-da-juventude-da-oab-promovem-acoes-beneficas-a-populacao\",\"url\":\"https:\\\/\\\/redenoticiaz.com.br\\\/ribeiraopreto-regiao\\\/sp\\\/2022\\\/06\\\/19\\\/comissoes-de-familia-e-da-infancia-e-da-juventude-da-oab-promovem-acoes-beneficas-a-populacao\",\"name\":\"Comiss\u00f5es de Fam\u00edlia e da Inf\u00e2ncia e da Juventude da OAB promovem a\u00e7\u00f5es ben\u00e9ficas \u00e0 popula\u00e7\u00e3o - Ribeir\u00e3o Preto e Regi\u00e3o\",\"isPartOf\":{\"@id\":\"https:\\\/\\\/redenoticiaz.com.br\\\/ribeiraopreto-regiao\\\/#website\"},\"primaryImageOfPage\":{\"@id\":\"https:\\\/\\\/redenoticiaz.com.br\\\/ribeiraopreto-regiao\\\/sp\\\/2022\\\/06\\\/19\\\/comissoes-de-familia-e-da-infancia-e-da-juventude-da-oab-promovem-acoes-beneficas-a-populacao#primaryimage\"},\"image\":{\"@id\":\"https:\\\/\\\/redenoticiaz.com.br\\\/ribeiraopreto-regiao\\\/sp\\\/2022\\\/06\\\/19\\\/comissoes-de-familia-e-da-infancia-e-da-juventude-da-oab-promovem-acoes-beneficas-a-populacao#primaryimage\"},\"thumbnailUrl\":\"https:\\\/\\\/redenoticiaz.com.br\\\/ribeiraopreto-regiao\\\/wp-content\\\/uploads\\\/sites\\\/4\\\/2022\\\/06\\\/Dra.-Maristela.jpeg\",\"datePublished\":\"2022-06-19T16:30:54+00:00\",\"description\":\"As comiss\u00f5es existem para assessorar, atualizar e transmitir conhecimentos jur\u00eddicos aos advogados, profissionais do direito e toda popula\u00e7\u00e3o.\u00a0\u00a0\",\"inLanguage\":\"pt-BR\",\"potentialAction\":[{\"@type\":\"ReadAction\",\"target\":[\"https:\\\/\\\/redenoticiaz.com.br\\\/ribeiraopreto-regiao\\\/sp\\\/2022\\\/06\\\/19\\\/comissoes-de-familia-e-da-infancia-e-da-juventude-da-oab-promovem-acoes-beneficas-a-populacao\"]}]},{\"@type\":\"ImageObject\",\"inLanguage\":\"pt-BR\",\"@id\":\"https:\\\/\\\/redenoticiaz.com.br\\\/ribeiraopreto-regiao\\\/sp\\\/2022\\\/06\\\/19\\\/comissoes-de-familia-e-da-infancia-e-da-juventude-da-oab-promovem-acoes-beneficas-a-populacao#primaryimage\",\"url\":\"https:\\\/\\\/redenoticiaz.com.br\\\/ribeiraopreto-regiao\\\/wp-content\\\/uploads\\\/sites\\\/4\\\/2022\\\/06\\\/Dra.-Maristela.jpeg\",\"contentUrl\":\"https:\\\/\\\/redenoticiaz.com.br\\\/ribeiraopreto-regiao\\\/wp-content\\\/uploads\\\/sites\\\/4\\\/2022\\\/06\\\/Dra.-Maristela.jpeg\",\"width\":1024,\"height\":576,\"caption\":\"A\u00e7\u00f5es e palestras gratuitas. Cr\u00e9dito: Divulga\u00e7\u00e3o\"},{\"@type\":\"WebSite\",\"@id\":\"https:\\\/\\\/redenoticiaz.com.br\\\/ribeiraopreto-regiao\\\/#website\",\"url\":\"https:\\\/\\\/redenoticiaz.com.br\\\/ribeiraopreto-regiao\\\/\",\"name\":\"Ribeir\u00e3o Preto e Regi\u00e3o\",\"description\":\"Rede NoticiaZ - Ribeir\u00e3o Preto e regi\u00e3o\",\"publisher\":{\"@id\":\"https:\\\/\\\/redenoticiaz.com.br\\\/ribeiraopreto-regiao\\\/#organization\"},\"potentialAction\":[{\"@type\":\"SearchAction\",\"target\":{\"@type\":\"EntryPoint\",\"urlTemplate\":\"https:\\\/\\\/redenoticiaz.com.br\\\/ribeiraopreto-regiao\\\/?s={search_term_string}\"},\"query-input\":{\"@type\":\"PropertyValueSpecification\",\"valueRequired\":true,\"valueName\":\"search_term_string\"}}],\"inLanguage\":\"pt-BR\"},{\"@type\":\"Organization\",\"@id\":\"https:\\\/\\\/redenoticiaz.com.br\\\/ribeiraopreto-regiao\\\/#organization\",\"name\":\"Ribeir\u00e3o Preto e Regi\u00e3o\",\"url\":\"https:\\\/\\\/redenoticiaz.com.br\\\/ribeiraopreto-regiao\\\/\",\"logo\":{\"@type\":\"ImageObject\",\"inLanguage\":\"pt-BR\",\"@id\":\"https:\\\/\\\/redenoticiaz.com.br\\\/ribeiraopreto-regiao\\\/#\\\/schema\\\/logo\\\/image\\\/\",\"url\":\"https:\\\/\\\/redenoticiaz.com.br\\\/barretos-regiao\\\/wp-content\\\/uploads\\\/sites\\\/4\\\/2022\\\/02\\\/logo.jpg\",\"contentUrl\":\"https:\\\/\\\/redenoticiaz.com.br\\\/barretos-regiao\\\/wp-content\\\/uploads\\\/sites\\\/4\\\/2022\\\/02\\\/logo.jpg\",\"width\":400,\"height\":250,\"caption\":\"Ribeir\u00e3o Preto e Regi\u00e3o\"},\"image\":{\"@id\":\"https:\\\/\\\/redenoticiaz.com.br\\\/ribeiraopreto-regiao\\\/#\\\/schema\\\/logo\\\/image\\\/\"},\"sameAs\":[\"https:\\\/\\\/m.facebook.com\\\/redenoticiaz.barretos\",\"https:\\\/\\\/x.com\\\/RN_barretos\",\"https:\\\/\\\/www.instagram.com\\\/redenoticiaz.barretos\\\/?igshid=YmMyMTA2M2Y\",\"https:\\\/\\\/www.linkedin.com\\\/company\\\/rede-noticiaz-barretos-e-regio\\\/\"]},{\"@type\":\"Person\",\"@id\":\"\",\"url\":\"https:\\\/\\\/redenoticiaz.com.br\\\/ribeiraopreto-regiao\\\/sp\\\/author\"}]}<\/script>\n<!-- \/ Yoast SEO plugin. -->","yoast_head_json":{"title":"Comiss\u00f5es de Fam\u00edlia e da Inf\u00e2ncia e da Juventude da OAB promovem a\u00e7\u00f5es ben\u00e9ficas \u00e0 popula\u00e7\u00e3o - Ribeir\u00e3o Preto e Regi\u00e3o","description":"As comiss\u00f5es existem para assessorar, atualizar e transmitir conhecimentos jur\u00eddicos aos advogados, profissionais do direito e toda popula\u00e7\u00e3o.\u00a0\u00a0","robots":{"index":"index","follow":"follow","max-snippet":"max-snippet:-1","max-image-preview":"max-image-preview:large","max-video-preview":"max-video-preview:-1"},"canonical":"https:\/\/redenoticiaz.com.br\/ribeiraopreto-regiao\/sp\/2022\/06\/19\/comissoes-de-familia-e-da-infancia-e-da-juventude-da-oab-promovem-acoes-beneficas-a-populacao","og_locale":"pt_BR","og_type":"article","og_title":"Comiss\u00f5es de Fam\u00edlia e da Inf\u00e2ncia e da Juventude da OAB promovem a\u00e7\u00f5es ben\u00e9ficas \u00e0 popula\u00e7\u00e3o - Ribeir\u00e3o Preto e Regi\u00e3o","og_description":"As comiss\u00f5es existem para assessorar, atualizar e transmitir conhecimentos jur\u00eddicos aos advogados, profissionais do direito e toda popula\u00e7\u00e3o.\u00a0\u00a0","og_url":"https:\/\/redenoticiaz.com.br\/ribeiraopreto-regiao\/sp\/2022\/06\/19\/comissoes-de-familia-e-da-infancia-e-da-juventude-da-oab-promovem-acoes-beneficas-a-populacao","og_site_name":"Ribeir\u00e3o Preto e Regi\u00e3o","article_publisher":"https:\/\/m.facebook.com\/redenoticiaz.barretos","article_published_time":"2022-06-19T16:30:54+00:00","og_image":[{"width":1024,"height":576,"url":"https:\/\/redenoticiaz.com.br\/ribeiraopreto-regiao\/wp-content\/uploads\/sites\/4\/2022\/06\/Dra.-Maristela.jpeg","type":"image\/jpeg"}],"twitter_card":"summary_large_image","twitter_creator":"@RN_barretos","twitter_site":"@RN_barretos","twitter_misc":{"Escrito por":"","Est. tempo de leitura":"2 minutos"},"schema":{"@context":"https:\/\/schema.org","@graph":[{"@type":"Article","@id":"https:\/\/redenoticiaz.com.br\/ribeiraopreto-regiao\/sp\/2022\/06\/19\/comissoes-de-familia-e-da-infancia-e-da-juventude-da-oab-promovem-acoes-beneficas-a-populacao#article","isPartOf":{"@id":"https:\/\/redenoticiaz.com.br\/ribeiraopreto-regiao\/sp\/2022\/06\/19\/comissoes-de-familia-e-da-infancia-e-da-juventude-da-oab-promovem-acoes-beneficas-a-populacao"},"author":{"name":"","@id":""},"headline":"Comiss\u00f5es de Fam\u00edlia e da Inf\u00e2ncia e da Juventude da OAB promovem a\u00e7\u00f5es ben\u00e9ficas \u00e0 popula\u00e7\u00e3o","datePublished":"2022-06-19T16:30:54+00:00","mainEntityOfPage":{"@id":"https:\/\/redenoticiaz.com.br\/ribeiraopreto-regiao\/sp\/2022\/06\/19\/comissoes-de-familia-e-da-infancia-e-da-juventude-da-oab-promovem-acoes-beneficas-a-populacao"},"wordCount":492,"commentCount":0,"publisher":{"@id":"https:\/\/redenoticiaz.com.br\/ribeiraopreto-regiao\/#organization"},"image":{"@id":"https:\/\/redenoticiaz.com.br\/ribeiraopreto-regiao\/sp\/2022\/06\/19\/comissoes-de-familia-e-da-infancia-e-da-juventude-da-oab-promovem-acoes-beneficas-a-populacao#primaryimage"},"thumbnailUrl":"https:\/\/redenoticiaz.com.br\/ribeiraopreto-regiao\/wp-content\/uploads\/sites\/4\/2022\/06\/Dra.-Maristela.jpeg","keywords":["A\u00c7\u00d5ES","AOB","BENEF\u00cdCIOS","COMISS\u00d5ES","DEBATES E PALESTRAS","FAM\u00cdLIA"],"articleSection":["A\u00e7\u00e3o Social"],"inLanguage":"pt-BR","potentialAction":[{"@type":"CommentAction","name":"Comment","target":["https:\/\/redenoticiaz.com.br\/ribeiraopreto-regiao\/sp\/2022\/06\/19\/comissoes-de-familia-e-da-infancia-e-da-juventude-da-oab-promovem-acoes-beneficas-a-populacao#respond"]}]},{"@type":"WebPage","@id":"https:\/\/redenoticiaz.com.br\/ribeiraopreto-regiao\/sp\/2022\/06\/19\/comissoes-de-familia-e-da-infancia-e-da-juventude-da-oab-promovem-acoes-beneficas-a-populacao","url":"https:\/\/redenoticiaz.com.br\/ribeiraopreto-regiao\/sp\/2022\/06\/19\/comissoes-de-familia-e-da-infancia-e-da-juventude-da-oab-promovem-acoes-beneficas-a-populacao","name":"Comiss\u00f5es de Fam\u00edlia e da Inf\u00e2ncia e da Juventude da OAB promovem a\u00e7\u00f5es ben\u00e9ficas \u00e0 popula\u00e7\u00e3o - Ribeir\u00e3o Preto e Regi\u00e3o","isPartOf":{"@id":"https:\/\/redenoticiaz.com.br\/ribeiraopreto-regiao\/#website"},"primaryImageOfPage":{"@id":"https:\/\/redenoticiaz.com.br\/ribeiraopreto-regiao\/sp\/2022\/06\/19\/comissoes-de-familia-e-da-infancia-e-da-juventude-da-oab-promovem-acoes-beneficas-a-populacao#primaryimage"},"image":{"@id":"https:\/\/redenoticiaz.com.br\/ribeiraopreto-regiao\/sp\/2022\/06\/19\/comissoes-de-familia-e-da-infancia-e-da-juventude-da-oab-promovem-acoes-beneficas-a-populacao#primaryimage"},"thumbnailUrl":"https:\/\/redenoticiaz.com.br\/ribeiraopreto-regiao\/wp-content\/uploads\/sites\/4\/2022\/06\/Dra.-Maristela.jpeg","datePublished":"2022-06-19T16:30:54+00:00","description":"As comiss\u00f5es existem para assessorar, atualizar e transmitir conhecimentos jur\u00eddicos aos advogados, profissionais do direito e toda popula\u00e7\u00e3o.\u00a0\u00a0","inLanguage":"pt-BR","potentialAction":[{"@type":"ReadAction","target":["https:\/\/redenoticiaz.com.br\/ribeiraopreto-regiao\/sp\/2022\/06\/19\/comissoes-de-familia-e-da-infancia-e-da-juventude-da-oab-promovem-acoes-beneficas-a-populacao"]}]},{"@type":"ImageObject","inLanguage":"pt-BR","@id":"https:\/\/redenoticiaz.com.br\/ribeiraopreto-regiao\/sp\/2022\/06\/19\/comissoes-de-familia-e-da-infancia-e-da-juventude-da-oab-promovem-acoes-beneficas-a-populacao#primaryimage","url":"https:\/\/redenoticiaz.com.br\/ribeiraopreto-regiao\/wp-content\/uploads\/sites\/4\/2022\/06\/Dra.-Maristela.jpeg","contentUrl":"https:\/\/redenoticiaz.com.br\/ribeiraopreto-regiao\/wp-content\/uploads\/sites\/4\/2022\/06\/Dra.-Maristela.jpeg","width":1024,"height":576,"caption":"A\u00e7\u00f5es e palestras gratuitas. Cr\u00e9dito: Divulga\u00e7\u00e3o"},{"@type":"WebSite","@id":"https:\/\/redenoticiaz.com.br\/ribeiraopreto-regiao\/#website","url":"https:\/\/redenoticiaz.com.br\/ribeiraopreto-regiao\/","name":"Ribeir\u00e3o Preto e Regi\u00e3o","description":"Rede NoticiaZ - Ribeir\u00e3o Preto e regi\u00e3o","publisher":{"@id":"https:\/\/redenoticiaz.com.br\/ribeiraopreto-regiao\/#organization"},"potentialAction":[{"@type":"SearchAction","target":{"@type":"EntryPoint","urlTemplate":"https:\/\/redenoticiaz.com.br\/ribeiraopreto-regiao\/?s={search_term_string}"},"query-input":{"@type":"PropertyValueSpecification","valueRequired":true,"valueName":"search_term_string"}}],"inLanguage":"pt-BR"},{"@type":"Organization","@id":"https:\/\/redenoticiaz.com.br\/ribeiraopreto-regiao\/#organization","name":"Ribeir\u00e3o Preto e Regi\u00e3o","url":"https:\/\/redenoticiaz.com.br\/ribeiraopreto-regiao\/","logo":{"@type":"ImageObject","inLanguage":"pt-BR","@id":"https:\/\/redenoticiaz.com.br\/ribeiraopreto-regiao\/#\/schema\/logo\/image\/","url":"https:\/\/redenoticiaz.com.br\/barretos-regiao\/wp-content\/uploads\/sites\/4\/2022\/02\/logo.jpg","contentUrl":"https:\/\/redenoticiaz.com.br\/barretos-regiao\/wp-content\/uploads\/sites\/4\/2022\/02\/logo.jpg","width":400,"height":250,"caption":"Ribeir\u00e3o Preto e Regi\u00e3o"},"image":{"@id":"https:\/\/redenoticiaz.com.br\/ribeiraopreto-regiao\/#\/schema\/logo\/image\/"},"sameAs":["https:\/\/m.facebook.com\/redenoticiaz.barretos","https:\/\/x.com\/RN_barretos","https:\/\/www.instagram.com\/redenoticiaz.barretos\/?igshid=YmMyMTA2M2Y","https:\/\/www.linkedin.com\/company\/rede-noticiaz-barretos-e-regio\/"]},{"@type":"Person","@id":"","url":"https:\/\/redenoticiaz.com.br\/ribeiraopreto-regiao\/sp\/author"}]}},"_links":{"self":[{"href":"https:\/\/redenoticiaz.com.br\/ribeiraopreto-regiao\/wp-json\/wp\/v2\/posts\/86387","targetHints":{"allow":["GET"]}}],"collection":[{"href":"https:\/\/redenoticiaz.com.br\/ribeiraopreto-regiao\/wp-json\/wp\/v2\/posts"}],"about":[{"href":"https:\/\/redenoticiaz.com.br\/ribeiraopreto-regiao\/wp-json\/wp\/v2\/types\/post"}],"author":[{"embeddable":true,"href":"https:\/\/redenoticiaz.com.br\/ribeiraopreto-regiao\/wp-json\/wp\/v2\/users\/15"}],"replies":[{"embeddable":true,"href":"https:\/\/redenoticiaz.com.br\/ribeiraopreto-regiao\/wp-json\/wp\/v2\/comments?post=86387"}],"version-history":[{"count":1,"href":"https:\/\/redenoticiaz.com.br\/ribeiraopreto-regiao\/wp-json\/wp\/v2\/posts\/86387\/revisions"}],"predecessor-version":[{"id":86389,"href":"https:\/\/redenoticiaz.com.br\/ribeiraopreto-regiao\/wp-json\/wp\/v2\/posts\/86387\/revisions\/86389"}],"wp:featuredmedia":[{"embeddable":true,"href":"https:\/\/redenoticiaz.com.br\/ribeiraopreto-regiao\/wp-json\/wp\/v2\/media\/86388"}],"wp:attachment":[{"href":"https:\/\/redenoticiaz.com.br\/ribeiraopreto-regiao\/wp-json\/wp\/v2\/media?parent=86387"}],"wp:term":[{"taxonomy":"category","embeddable":true,"href":"https:\/\/redenoticiaz.com.br\/ribeiraopreto-regiao\/wp-json\/wp\/v2\/categories?post=86387"},{"taxonomy":"post_tag","embeddable":true,"href":"https:\/\/redenoticiaz.com.br\/ribeiraopreto-regiao\/wp-json\/wp\/v2\/tags?post=86387"}],"curies":[{"name":"wp","href":"https:\/\/api.w.org\/{rel}","templated":true}]}}