{"id":86423,"date":"2022-06-19T18:14:04","date_gmt":"2022-06-19T21:14:04","guid":{"rendered":"https:\/\/redenoticiaz.com.br\/barretos-regiao\/sp\/2022\/06\/19\/corinthians-vence-o-goias-e-encosta-na-lideranca-do-brasileirao"},"modified":"2022-06-19T18:14:04","modified_gmt":"2022-06-19T21:14:04","slug":"corinthians-vence-o-goias-e-encosta-na-lideranca-do-brasileirao","status":"publish","type":"post","link":"https:\/\/redenoticiaz.com.br\/ribeiraopreto-regiao\/sp\/2022\/06\/19\/corinthians-vence-o-goias-e-encosta-na-lideranca-do-brasileirao","title":{"rendered":"Corinthians vence o Goi\u00e1s e encosta na lideran\u00e7a do Brasileir\u00e3o"},"content":{"rendered":"<p>O <strong>Corinthians<\/strong> segue firme e forte na briga pela lideran\u00e7a do <a href=\"https:\/\/www.cbf.com.br\/\">Campeonato Brasileiro<\/a>. Neste domingo (19), na Neo Qu\u00edmica Arena, pela 13\u00aa rodada, o Tim\u00e3o encarou o <strong>Goi\u00e1s<\/strong> e conseguiu a vit\u00f3ria por 1 a 0. No entanto, o jogo ficou marcada por decis\u00f5es pol\u00eamicas da arbitragem em rela\u00e7\u00e3o a marca\u00e7\u00e3o e a n\u00e3o marca\u00e7\u00e3o de p\u00eanaltis no jogo.<\/p>\n<p>No primeiro tempo, o time de V\u00edtor Pereira apostou na forte marca\u00e7\u00e3o e na tentativa de impor um jogo ofensivo. S\u00f3 que as chances de gol demoraram a acontecer, por conta do bom sistema defensivo que os esmeraldinos utilizaram. O ferrolho defensivo s\u00f3 foi quebrado aos 30 minutos, mas com certas d\u00favidas. R\u00f3ger Guedes finalizou e a bola bateu no bra\u00e7o de Caio Vin\u00edcius. O p\u00eanalti foi marcado, mas houveram contesta\u00e7\u00f5es, F\u00e1bio Santos n\u00e3o teve nada a ver com isso cobrou bem e abriu o placar.<\/p>\n<p>J\u00e1 na etapa final, o jogo come\u00e7ou truncado e a boa chance veio com o Goi\u00e1s aos nove minutos com Fellipe Bastos que chutou de fora da \u00e1rea, obrigando C\u00e1ssio a fazer boa defesa. Um minuto depois, o Corinthians teve uma chance com R\u00f3ger Guedes, mas a finaliza\u00e7\u00e3o foi longe do gol.<\/p>\n<p>Mantuan chutou colocado e quase ampliou para o time corintiano. O Goi\u00e1s reagiu com Pedro Raul que cabeceou forte, mas C\u00e1ssio fez boa defesa. O atacante do time goiano apareceu agora reclamando de pux\u00e3o feito por Robson Bambu. O p\u00eanalti poderia ser marcado, mas o \u00e1rbitro Br\u00e1ulio da Silva Machado nem sequer consultou o VAR.<\/p>\n<p>Depois, Pedro Raul tentou de cobertura, aproveitando sa\u00edda de C\u00e1ssio, mas errou a mira. O Esmeraldino, nos minutos finais, ensaiou uma press\u00e3o, mas o Corinthians se manteve seguro em campo e garantiu os tr\u00eas pontos.<\/p>\n<h3>Como fica?<\/h3>\n<p>Com a vit\u00f3ria, o Corinthians foi a 25 pontos, mesma pontua\u00e7\u00e3o do Palmeiras, mas atr\u00e1s do rival no saldo de gols. Enquanto o Verd\u00e3o tem 16 de saldo positivo, o Tim\u00e3o tem sete. O Goi\u00e1s, com 14, \u00e9 o 16\u00ba, mas pode fechar a rodada na zona de rebaixamento.<\/p>\n<p>O Corinthians d\u00e1 um tempo no Brasileir\u00e3o e volta a campo na quarta-feira (22) pela Copa do Brasil. \u00c0s 21h30, recebe o Santos no jogo de ida das oitavas de final. No mesmo dia, mas \u00e0s 19h, o Goi\u00e1s tamb\u00e9m tem cl\u00e1ssico regional pelo torneio nacional: visita o Atl\u00e9tico-GO no Est\u00e1dio Ant\u00f4nio Accioly. Pelo Brasileir\u00e3o, o Tim\u00e3o volta a jogar no s\u00e1bado, \u00e0s 19h, novamente contra o Santos (e novamente em casa). Um dia depois, o Goi\u00e1s recebe o Cuiab\u00e1.<\/p>\n<p><strong>LEIA TAMB\u00c9M<\/strong><\/p>\n<p><a href=\"https:\/\/redenoticiaz.com.br\/blog\/2022\/06\/19\/duda-e-ana-patricia-sao-campeas-mundiais-de-volei-de-praia\">Duda e Ana Patr\u00edcia s\u00e3o campe\u00e3s mundiais de v\u00f4lei de praia<\/a><\/p>\n","protected":false},"excerpt":{"rendered":"<p>O Corinthians segue firme e forte na briga pela lideran\u00e7a do Campeonato Brasileiro. Neste domingo (19), na Neo Qu\u00edmica Arena, pela 13\u00aa rodada, o Tim\u00e3o encarou o Goi\u00e1s e conseguiu a vit\u00f3ria por 1 a 0. No entanto, o jogo ficou marcada por decis\u00f5es pol\u00eamicas da arbitragem em rela\u00e7\u00e3o a marca\u00e7\u00e3o e a n\u00e3o marca\u00e7\u00e3o &hellip;<\/p>\n","protected":false},"author":6,"featured_media":86424,"comment_status":"open","ping_status":"closed","sticky":false,"template":"","format":"standard","meta":{"footnotes":""},"categories":[87],"tags":[9428,17893,3655,378,17894,11020,380],"class_list":["post-86423","post","type-post","status-publish","format-standard","has-post-thumbnail","hentry","category-esporte","tag-brasileirao-2022","tag-braulio-da-silva-machado","tag-campeonato-brasileiro","tag-corinthians","tag-fabio-santos","tag-goias-ec","tag-neo-quimica-arena"],"yoast_head":"<!-- This site is optimized with the Yoast SEO plugin v27.4 - https:\/\/yoast.com\/product\/yoast-seo-wordpress\/ -->\n<title>Corinthians vence o Goi\u00e1s e encosta na lideran\u00e7a do Brasileir\u00e3o - Ribeir\u00e3o Preto e Regi\u00e3o<\/title>\n<meta name=\"description\" content=\"O Corinthians segue firme e forte na briga pela lideran\u00e7a do Campeonato Brasileiro. Neste domingo (19), na Neo Qu\u00edmica Arena\" \/>\n<meta name=\"robots\" content=\"index, follow, max-snippet:-1, max-image-preview:large, max-video-preview:-1\" \/>\n<link rel=\"canonical\" href=\"https:\/\/redenoticiaz.com.br\/ribeiraopreto-regiao\/sp\/2022\/06\/19\/corinthians-vence-o-goias-e-encosta-na-lideranca-do-brasileirao\" \/>\n<meta property=\"og:locale\" content=\"pt_BR\" \/>\n<meta property=\"og:type\" content=\"article\" \/>\n<meta property=\"og:title\" content=\"Corinthians vence o Goi\u00e1s e encosta na lideran\u00e7a do Brasileir\u00e3o - Ribeir\u00e3o Preto e Regi\u00e3o\" \/>\n<meta property=\"og:description\" content=\"O Corinthians segue firme e forte na briga pela lideran\u00e7a do Campeonato Brasileiro. Neste domingo (19), na Neo Qu\u00edmica Arena\" \/>\n<meta property=\"og:url\" content=\"https:\/\/redenoticiaz.com.br\/ribeiraopreto-regiao\/sp\/2022\/06\/19\/corinthians-vence-o-goias-e-encosta-na-lideranca-do-brasileirao\" \/>\n<meta property=\"og:site_name\" content=\"Ribeir\u00e3o Preto e Regi\u00e3o\" \/>\n<meta property=\"article:publisher\" content=\"https:\/\/m.facebook.com\/redenoticiaz.barretos\" \/>\n<meta property=\"article:published_time\" content=\"2022-06-19T21:14:04+00:00\" \/>\n<meta property=\"og:image\" content=\"https:\/\/redenoticiaz.com.br\/ribeiraopreto-regiao\/wp-content\/uploads\/sites\/4\/2022\/02\/logo.jpg\" \/>\n\t<meta property=\"og:image:width\" content=\"400\" \/>\n\t<meta property=\"og:image:height\" content=\"250\" \/>\n\t<meta property=\"og:image:type\" content=\"image\/jpeg\" \/>\n<meta name=\"author\" content=\"Leonardo Francisco\" \/>\n<meta name=\"twitter:card\" content=\"summary_large_image\" \/>\n<meta name=\"twitter:creator\" content=\"@RN_barretos\" \/>\n<meta name=\"twitter:site\" content=\"@RN_barretos\" \/>\n<meta name=\"twitter:label1\" content=\"Escrito por\" \/>\n\t<meta name=\"twitter:data1\" content=\"Leonardo Francisco\" \/>\n\t<meta name=\"twitter:label2\" content=\"Est. tempo de leitura\" \/>\n\t<meta name=\"twitter:data2\" content=\"2 minutos\" \/>\n<script type=\"application\/ld+json\" class=\"yoast-schema-graph\">{\"@context\":\"https:\\\/\\\/schema.org\",\"@graph\":[{\"@type\":\"Article\",\"@id\":\"https:\\\/\\\/redenoticiaz.com.br\\\/ribeiraopreto-regiao\\\/sp\\\/2022\\\/06\\\/19\\\/corinthians-vence-o-goias-e-encosta-na-lideranca-do-brasileirao#article\",\"isPartOf\":{\"@id\":\"https:\\\/\\\/redenoticiaz.com.br\\\/ribeiraopreto-regiao\\\/sp\\\/2022\\\/06\\\/19\\\/corinthians-vence-o-goias-e-encosta-na-lideranca-do-brasileirao\"},\"author\":{\"name\":\"Leonardo Francisco\",\"@id\":\"https:\\\/\\\/redenoticiaz.com.br\\\/ribeiraopreto-regiao\\\/#\\\/schema\\\/person\\\/0f0b8a5bdafefe82841e07ae8d81ecb3\"},\"headline\":\"Corinthians vence o Goi\u00e1s e encosta na lideran\u00e7a do Brasileir\u00e3o\",\"datePublished\":\"2022-06-19T21:14:04+00:00\",\"mainEntityOfPage\":{\"@id\":\"https:\\\/\\\/redenoticiaz.com.br\\\/ribeiraopreto-regiao\\\/sp\\\/2022\\\/06\\\/19\\\/corinthians-vence-o-goias-e-encosta-na-lideranca-do-brasileirao\"},\"wordCount\":491,\"commentCount\":0,\"publisher\":{\"@id\":\"https:\\\/\\\/redenoticiaz.com.br\\\/ribeiraopreto-regiao\\\/#organization\"},\"image\":{\"@id\":\"https:\\\/\\\/redenoticiaz.com.br\\\/ribeiraopreto-regiao\\\/sp\\\/2022\\\/06\\\/19\\\/corinthians-vence-o-goias-e-encosta-na-lideranca-do-brasileirao#primaryimage\"},\"thumbnailUrl\":\"https:\\\/\\\/redenoticiaz.com.br\\\/ribeiraopreto-regiao\\\/wp-content\\\/uploads\\\/sites\\\/4\\\/2022\\\/06\\\/fabio-santos-scaled.jpg?v=1655673195\",\"keywords\":[\"BRASILEIR\u00c3O 2022\",\"BR\u00c1ULIO DA SILVA MACHADO\",\"CAMPEONATO BRASILEIRO\",\"Corinthians\",\"F\u00c1BIO SANTOS\",\"GOI\u00c1S EC\",\"NEO QUIMICA ARENA\"],\"articleSection\":[\"Esporte\"],\"inLanguage\":\"pt-BR\",\"potentialAction\":[{\"@type\":\"CommentAction\",\"name\":\"Comment\",\"target\":[\"https:\\\/\\\/redenoticiaz.com.br\\\/ribeiraopreto-regiao\\\/sp\\\/2022\\\/06\\\/19\\\/corinthians-vence-o-goias-e-encosta-na-lideranca-do-brasileirao#respond\"]}]},{\"@type\":\"WebPage\",\"@id\":\"https:\\\/\\\/redenoticiaz.com.br\\\/ribeiraopreto-regiao\\\/sp\\\/2022\\\/06\\\/19\\\/corinthians-vence-o-goias-e-encosta-na-lideranca-do-brasileirao\",\"url\":\"https:\\\/\\\/redenoticiaz.com.br\\\/ribeiraopreto-regiao\\\/sp\\\/2022\\\/06\\\/19\\\/corinthians-vence-o-goias-e-encosta-na-lideranca-do-brasileirao\",\"name\":\"Corinthians vence o Goi\u00e1s e encosta na lideran\u00e7a do Brasileir\u00e3o - Ribeir\u00e3o Preto e Regi\u00e3o\",\"isPartOf\":{\"@id\":\"https:\\\/\\\/redenoticiaz.com.br\\\/ribeiraopreto-regiao\\\/#website\"},\"primaryImageOfPage\":{\"@id\":\"https:\\\/\\\/redenoticiaz.com.br\\\/ribeiraopreto-regiao\\\/sp\\\/2022\\\/06\\\/19\\\/corinthians-vence-o-goias-e-encosta-na-lideranca-do-brasileirao#primaryimage\"},\"image\":{\"@id\":\"https:\\\/\\\/redenoticiaz.com.br\\\/ribeiraopreto-regiao\\\/sp\\\/2022\\\/06\\\/19\\\/corinthians-vence-o-goias-e-encosta-na-lideranca-do-brasileirao#primaryimage\"},\"thumbnailUrl\":\"https:\\\/\\\/redenoticiaz.com.br\\\/ribeiraopreto-regiao\\\/wp-content\\\/uploads\\\/sites\\\/4\\\/2022\\\/06\\\/fabio-santos-scaled.jpg?v=1655673195\",\"datePublished\":\"2022-06-19T21:14:04+00:00\",\"description\":\"O Corinthians segue firme e forte na briga pela lideran\u00e7a do Campeonato Brasileiro. Neste domingo (19), na Neo Qu\u00edmica Arena\",\"inLanguage\":\"pt-BR\",\"potentialAction\":[{\"@type\":\"ReadAction\",\"target\":[\"https:\\\/\\\/redenoticiaz.com.br\\\/ribeiraopreto-regiao\\\/sp\\\/2022\\\/06\\\/19\\\/corinthians-vence-o-goias-e-encosta-na-lideranca-do-brasileirao\"]}]},{\"@type\":\"ImageObject\",\"inLanguage\":\"pt-BR\",\"@id\":\"https:\\\/\\\/redenoticiaz.com.br\\\/ribeiraopreto-regiao\\\/sp\\\/2022\\\/06\\\/19\\\/corinthians-vence-o-goias-e-encosta-na-lideranca-do-brasileirao#primaryimage\",\"url\":\"https:\\\/\\\/redenoticiaz.com.br\\\/ribeiraopreto-regiao\\\/wp-content\\\/uploads\\\/sites\\\/4\\\/2022\\\/06\\\/fabio-santos-scaled.jpg?v=1655673195\",\"contentUrl\":\"https:\\\/\\\/redenoticiaz.com.br\\\/ribeiraopreto-regiao\\\/wp-content\\\/uploads\\\/sites\\\/4\\\/2022\\\/06\\\/fabio-santos-scaled.jpg?v=1655673195\",\"width\":1753,\"height\":1080,\"caption\":\"Cr\u00e9ditos: Reprodu\u00e7\u00e3o\\\/Twitter\"},{\"@type\":\"WebSite\",\"@id\":\"https:\\\/\\\/redenoticiaz.com.br\\\/ribeiraopreto-regiao\\\/#website\",\"url\":\"https:\\\/\\\/redenoticiaz.com.br\\\/ribeiraopreto-regiao\\\/\",\"name\":\"Ribeir\u00e3o Preto e Regi\u00e3o\",\"description\":\"Rede NoticiaZ - Ribeir\u00e3o Preto e regi\u00e3o\",\"publisher\":{\"@id\":\"https:\\\/\\\/redenoticiaz.com.br\\\/ribeiraopreto-regiao\\\/#organization\"},\"potentialAction\":[{\"@type\":\"SearchAction\",\"target\":{\"@type\":\"EntryPoint\",\"urlTemplate\":\"https:\\\/\\\/redenoticiaz.com.br\\\/ribeiraopreto-regiao\\\/?s={search_term_string}\"},\"query-input\":{\"@type\":\"PropertyValueSpecification\",\"valueRequired\":true,\"valueName\":\"search_term_string\"}}],\"inLanguage\":\"pt-BR\"},{\"@type\":\"Organization\",\"@id\":\"https:\\\/\\\/redenoticiaz.com.br\\\/ribeiraopreto-regiao\\\/#organization\",\"name\":\"Ribeir\u00e3o Preto e Regi\u00e3o\",\"url\":\"https:\\\/\\\/redenoticiaz.com.br\\\/ribeiraopreto-regiao\\\/\",\"logo\":{\"@type\":\"ImageObject\",\"inLanguage\":\"pt-BR\",\"@id\":\"https:\\\/\\\/redenoticiaz.com.br\\\/ribeiraopreto-regiao\\\/#\\\/schema\\\/logo\\\/image\\\/\",\"url\":\"https:\\\/\\\/redenoticiaz.com.br\\\/barretos-regiao\\\/wp-content\\\/uploads\\\/sites\\\/4\\\/2022\\\/02\\\/logo.jpg\",\"contentUrl\":\"https:\\\/\\\/redenoticiaz.com.br\\\/barretos-regiao\\\/wp-content\\\/uploads\\\/sites\\\/4\\\/2022\\\/02\\\/logo.jpg\",\"width\":400,\"height\":250,\"caption\":\"Ribeir\u00e3o Preto e Regi\u00e3o\"},\"image\":{\"@id\":\"https:\\\/\\\/redenoticiaz.com.br\\\/ribeiraopreto-regiao\\\/#\\\/schema\\\/logo\\\/image\\\/\"},\"sameAs\":[\"https:\\\/\\\/m.facebook.com\\\/redenoticiaz.barretos\",\"https:\\\/\\\/x.com\\\/RN_barretos\",\"https:\\\/\\\/www.instagram.com\\\/redenoticiaz.barretos\\\/?igshid=YmMyMTA2M2Y\",\"https:\\\/\\\/www.linkedin.com\\\/company\\\/rede-noticiaz-barretos-e-regio\\\/\"]},{\"@type\":\"Person\",\"@id\":\"https:\\\/\\\/redenoticiaz.com.br\\\/ribeiraopreto-regiao\\\/#\\\/schema\\\/person\\\/0f0b8a5bdafefe82841e07ae8d81ecb3\",\"name\":\"Leonardo Francisco\",\"image\":{\"@type\":\"ImageObject\",\"inLanguage\":\"pt-BR\",\"@id\":\"https:\\\/\\\/secure.gravatar.com\\\/avatar\\\/a7358cb406a99b682ec6df1e77e31ae82e63601f6784e8a3df411d72b37864da?s=96&d=mm&r=g\",\"url\":\"https:\\\/\\\/secure.gravatar.com\\\/avatar\\\/a7358cb406a99b682ec6df1e77e31ae82e63601f6784e8a3df411d72b37864da?s=96&d=mm&r=g\",\"contentUrl\":\"https:\\\/\\\/secure.gravatar.com\\\/avatar\\\/a7358cb406a99b682ec6df1e77e31ae82e63601f6784e8a3df411d72b37864da?s=96&d=mm&r=g\",\"caption\":\"Leonardo Francisco\"},\"url\":\"https:\\\/\\\/redenoticiaz.com.br\\\/ribeiraopreto-regiao\\\/sp\\\/author\\\/leonardo-francisco\"}]}<\/script>\n<!-- \/ Yoast SEO plugin. -->","yoast_head_json":{"title":"Corinthians vence o Goi\u00e1s e encosta na lideran\u00e7a do Brasileir\u00e3o - Ribeir\u00e3o Preto e Regi\u00e3o","description":"O Corinthians segue firme e forte na briga pela lideran\u00e7a do Campeonato Brasileiro. Neste domingo (19), na Neo Qu\u00edmica Arena","robots":{"index":"index","follow":"follow","max-snippet":"max-snippet:-1","max-image-preview":"max-image-preview:large","max-video-preview":"max-video-preview:-1"},"canonical":"https:\/\/redenoticiaz.com.br\/ribeiraopreto-regiao\/sp\/2022\/06\/19\/corinthians-vence-o-goias-e-encosta-na-lideranca-do-brasileirao","og_locale":"pt_BR","og_type":"article","og_title":"Corinthians vence o Goi\u00e1s e encosta na lideran\u00e7a do Brasileir\u00e3o - Ribeir\u00e3o Preto e Regi\u00e3o","og_description":"O Corinthians segue firme e forte na briga pela lideran\u00e7a do Campeonato Brasileiro. Neste domingo (19), na Neo Qu\u00edmica Arena","og_url":"https:\/\/redenoticiaz.com.br\/ribeiraopreto-regiao\/sp\/2022\/06\/19\/corinthians-vence-o-goias-e-encosta-na-lideranca-do-brasileirao","og_site_name":"Ribeir\u00e3o Preto e Regi\u00e3o","article_publisher":"https:\/\/m.facebook.com\/redenoticiaz.barretos","article_published_time":"2022-06-19T21:14:04+00:00","og_image":[{"width":400,"height":250,"url":"https:\/\/redenoticiaz.com.br\/ribeiraopreto-regiao\/wp-content\/uploads\/sites\/4\/2022\/02\/logo.jpg","type":"image\/jpeg"}],"author":"Leonardo Francisco","twitter_card":"summary_large_image","twitter_creator":"@RN_barretos","twitter_site":"@RN_barretos","twitter_misc":{"Escrito por":"Leonardo Francisco","Est. tempo de leitura":"2 minutos"},"schema":{"@context":"https:\/\/schema.org","@graph":[{"@type":"Article","@id":"https:\/\/redenoticiaz.com.br\/ribeiraopreto-regiao\/sp\/2022\/06\/19\/corinthians-vence-o-goias-e-encosta-na-lideranca-do-brasileirao#article","isPartOf":{"@id":"https:\/\/redenoticiaz.com.br\/ribeiraopreto-regiao\/sp\/2022\/06\/19\/corinthians-vence-o-goias-e-encosta-na-lideranca-do-brasileirao"},"author":{"name":"Leonardo Francisco","@id":"https:\/\/redenoticiaz.com.br\/ribeiraopreto-regiao\/#\/schema\/person\/0f0b8a5bdafefe82841e07ae8d81ecb3"},"headline":"Corinthians vence o Goi\u00e1s e encosta na lideran\u00e7a do Brasileir\u00e3o","datePublished":"2022-06-19T21:14:04+00:00","mainEntityOfPage":{"@id":"https:\/\/redenoticiaz.com.br\/ribeiraopreto-regiao\/sp\/2022\/06\/19\/corinthians-vence-o-goias-e-encosta-na-lideranca-do-brasileirao"},"wordCount":491,"commentCount":0,"publisher":{"@id":"https:\/\/redenoticiaz.com.br\/ribeiraopreto-regiao\/#organization"},"image":{"@id":"https:\/\/redenoticiaz.com.br\/ribeiraopreto-regiao\/sp\/2022\/06\/19\/corinthians-vence-o-goias-e-encosta-na-lideranca-do-brasileirao#primaryimage"},"thumbnailUrl":"https:\/\/redenoticiaz.com.br\/ribeiraopreto-regiao\/wp-content\/uploads\/sites\/4\/2022\/06\/fabio-santos-scaled.jpg?v=1655673195","keywords":["BRASILEIR\u00c3O 2022","BR\u00c1ULIO DA SILVA MACHADO","CAMPEONATO BRASILEIRO","Corinthians","F\u00c1BIO SANTOS","GOI\u00c1S EC","NEO QUIMICA ARENA"],"articleSection":["Esporte"],"inLanguage":"pt-BR","potentialAction":[{"@type":"CommentAction","name":"Comment","target":["https:\/\/redenoticiaz.com.br\/ribeiraopreto-regiao\/sp\/2022\/06\/19\/corinthians-vence-o-goias-e-encosta-na-lideranca-do-brasileirao#respond"]}]},{"@type":"WebPage","@id":"https:\/\/redenoticiaz.com.br\/ribeiraopreto-regiao\/sp\/2022\/06\/19\/corinthians-vence-o-goias-e-encosta-na-lideranca-do-brasileirao","url":"https:\/\/redenoticiaz.com.br\/ribeiraopreto-regiao\/sp\/2022\/06\/19\/corinthians-vence-o-goias-e-encosta-na-lideranca-do-brasileirao","name":"Corinthians vence o Goi\u00e1s e encosta na lideran\u00e7a do Brasileir\u00e3o - Ribeir\u00e3o Preto e Regi\u00e3o","isPartOf":{"@id":"https:\/\/redenoticiaz.com.br\/ribeiraopreto-regiao\/#website"},"primaryImageOfPage":{"@id":"https:\/\/redenoticiaz.com.br\/ribeiraopreto-regiao\/sp\/2022\/06\/19\/corinthians-vence-o-goias-e-encosta-na-lideranca-do-brasileirao#primaryimage"},"image":{"@id":"https:\/\/redenoticiaz.com.br\/ribeiraopreto-regiao\/sp\/2022\/06\/19\/corinthians-vence-o-goias-e-encosta-na-lideranca-do-brasileirao#primaryimage"},"thumbnailUrl":"https:\/\/redenoticiaz.com.br\/ribeiraopreto-regiao\/wp-content\/uploads\/sites\/4\/2022\/06\/fabio-santos-scaled.jpg?v=1655673195","datePublished":"2022-06-19T21:14:04+00:00","description":"O Corinthians segue firme e forte na briga pela lideran\u00e7a do Campeonato Brasileiro. Neste domingo (19), na Neo Qu\u00edmica Arena","inLanguage":"pt-BR","potentialAction":[{"@type":"ReadAction","target":["https:\/\/redenoticiaz.com.br\/ribeiraopreto-regiao\/sp\/2022\/06\/19\/corinthians-vence-o-goias-e-encosta-na-lideranca-do-brasileirao"]}]},{"@type":"ImageObject","inLanguage":"pt-BR","@id":"https:\/\/redenoticiaz.com.br\/ribeiraopreto-regiao\/sp\/2022\/06\/19\/corinthians-vence-o-goias-e-encosta-na-lideranca-do-brasileirao#primaryimage","url":"https:\/\/redenoticiaz.com.br\/ribeiraopreto-regiao\/wp-content\/uploads\/sites\/4\/2022\/06\/fabio-santos-scaled.jpg?v=1655673195","contentUrl":"https:\/\/redenoticiaz.com.br\/ribeiraopreto-regiao\/wp-content\/uploads\/sites\/4\/2022\/06\/fabio-santos-scaled.jpg?v=1655673195","width":1753,"height":1080,"caption":"Cr\u00e9ditos: Reprodu\u00e7\u00e3o\/Twitter"},{"@type":"WebSite","@id":"https:\/\/redenoticiaz.com.br\/ribeiraopreto-regiao\/#website","url":"https:\/\/redenoticiaz.com.br\/ribeiraopreto-regiao\/","name":"Ribeir\u00e3o Preto e Regi\u00e3o","description":"Rede NoticiaZ - Ribeir\u00e3o Preto e regi\u00e3o","publisher":{"@id":"https:\/\/redenoticiaz.com.br\/ribeiraopreto-regiao\/#organization"},"potentialAction":[{"@type":"SearchAction","target":{"@type":"EntryPoint","urlTemplate":"https:\/\/redenoticiaz.com.br\/ribeiraopreto-regiao\/?s={search_term_string}"},"query-input":{"@type":"PropertyValueSpecification","valueRequired":true,"valueName":"search_term_string"}}],"inLanguage":"pt-BR"},{"@type":"Organization","@id":"https:\/\/redenoticiaz.com.br\/ribeiraopreto-regiao\/#organization","name":"Ribeir\u00e3o Preto e Regi\u00e3o","url":"https:\/\/redenoticiaz.com.br\/ribeiraopreto-regiao\/","logo":{"@type":"ImageObject","inLanguage":"pt-BR","@id":"https:\/\/redenoticiaz.com.br\/ribeiraopreto-regiao\/#\/schema\/logo\/image\/","url":"https:\/\/redenoticiaz.com.br\/barretos-regiao\/wp-content\/uploads\/sites\/4\/2022\/02\/logo.jpg","contentUrl":"https:\/\/redenoticiaz.com.br\/barretos-regiao\/wp-content\/uploads\/sites\/4\/2022\/02\/logo.jpg","width":400,"height":250,"caption":"Ribeir\u00e3o Preto e Regi\u00e3o"},"image":{"@id":"https:\/\/redenoticiaz.com.br\/ribeiraopreto-regiao\/#\/schema\/logo\/image\/"},"sameAs":["https:\/\/m.facebook.com\/redenoticiaz.barretos","https:\/\/x.com\/RN_barretos","https:\/\/www.instagram.com\/redenoticiaz.barretos\/?igshid=YmMyMTA2M2Y","https:\/\/www.linkedin.com\/company\/rede-noticiaz-barretos-e-regio\/"]},{"@type":"Person","@id":"https:\/\/redenoticiaz.com.br\/ribeiraopreto-regiao\/#\/schema\/person\/0f0b8a5bdafefe82841e07ae8d81ecb3","name":"Leonardo Francisco","image":{"@type":"ImageObject","inLanguage":"pt-BR","@id":"https:\/\/secure.gravatar.com\/avatar\/a7358cb406a99b682ec6df1e77e31ae82e63601f6784e8a3df411d72b37864da?s=96&d=mm&r=g","url":"https:\/\/secure.gravatar.com\/avatar\/a7358cb406a99b682ec6df1e77e31ae82e63601f6784e8a3df411d72b37864da?s=96&d=mm&r=g","contentUrl":"https:\/\/secure.gravatar.com\/avatar\/a7358cb406a99b682ec6df1e77e31ae82e63601f6784e8a3df411d72b37864da?s=96&d=mm&r=g","caption":"Leonardo Francisco"},"url":"https:\/\/redenoticiaz.com.br\/ribeiraopreto-regiao\/sp\/author\/leonardo-francisco"}]}},"_links":{"self":[{"href":"https:\/\/redenoticiaz.com.br\/ribeiraopreto-regiao\/wp-json\/wp\/v2\/posts\/86423","targetHints":{"allow":["GET"]}}],"collection":[{"href":"https:\/\/redenoticiaz.com.br\/ribeiraopreto-regiao\/wp-json\/wp\/v2\/posts"}],"about":[{"href":"https:\/\/redenoticiaz.com.br\/ribeiraopreto-regiao\/wp-json\/wp\/v2\/types\/post"}],"author":[{"embeddable":true,"href":"https:\/\/redenoticiaz.com.br\/ribeiraopreto-regiao\/wp-json\/wp\/v2\/users\/6"}],"replies":[{"embeddable":true,"href":"https:\/\/redenoticiaz.com.br\/ribeiraopreto-regiao\/wp-json\/wp\/v2\/comments?post=86423"}],"version-history":[{"count":0,"href":"https:\/\/redenoticiaz.com.br\/ribeiraopreto-regiao\/wp-json\/wp\/v2\/posts\/86423\/revisions"}],"wp:featuredmedia":[{"embeddable":true,"href":"https:\/\/redenoticiaz.com.br\/ribeiraopreto-regiao\/wp-json\/wp\/v2\/media\/86424"}],"wp:attachment":[{"href":"https:\/\/redenoticiaz.com.br\/ribeiraopreto-regiao\/wp-json\/wp\/v2\/media?parent=86423"}],"wp:term":[{"taxonomy":"category","embeddable":true,"href":"https:\/\/redenoticiaz.com.br\/ribeiraopreto-regiao\/wp-json\/wp\/v2\/categories?post=86423"},{"taxonomy":"post_tag","embeddable":true,"href":"https:\/\/redenoticiaz.com.br\/ribeiraopreto-regiao\/wp-json\/wp\/v2\/tags?post=86423"}],"curies":[{"name":"wp","href":"https:\/\/api.w.org\/{rel}","templated":true}]}}