{"id":86425,"date":"2022-06-20T10:26:09","date_gmt":"2022-06-20T13:26:09","guid":{"rendered":"https:\/\/redenoticiaz.com.br\/barretos-regiao\/sp\/2022\/06\/20\/gustavo-petro-e-eleito-o-novo-presidente-da-colombia"},"modified":"2022-06-20T10:26:09","modified_gmt":"2022-06-20T13:26:09","slug":"gustavo-petro-e-eleito-o-novo-presidente-da-colombia","status":"publish","type":"post","link":"https:\/\/redenoticiaz.com.br\/ribeiraopreto-regiao\/sp\/2022\/06\/20\/gustavo-petro-e-eleito-o-novo-presidente-da-colombia","title":{"rendered":"Gustavo Petro \u00e9 eleito o novo presidente da Col\u00f4mbia"},"content":{"rendered":"<p>Nesse domingo (19) a <a href=\"https:\/\/www.gov.co\/\">Col\u00f4mbia<\/a> elegeu um novo presidente. <strong>Gustavo Petro<\/strong>, economista e ex-combatente da guerrilha M-19 foi o mais votado e ele se tornou o primeiro presidente eleito como candidato de esquerda.<\/p>\n<p>No pleito eleitoral, Gustavo Petro venceu o candidato Rodolfo Hern\u00e1ndez, empres\u00e1rio e ex-prefeito da cidade de Bucaramanga, que havia surpreendido no primeiro turno. Petro teve 50,49% dos votos, e Hern\u00e1ndez, 47,25%, segundo informa\u00e7\u00f5es do \u00f3rg\u00e3o de contagem de votos nacional. Foram cerca de 22 milh\u00f5es de votos e a diferen\u00e7a entre os candidatos foi de 717 mil votos.<\/p>\n<p>Nas redes sociais, Gustavo Petro fez uma postagem nas redes sociais, agradecendo a vota\u00e7\u00e3o. &#8220;Hoje \u00e9 um dia de festa para o povo. Que festeje a primeira vit\u00f3ria popular. Que tantos sofrimentos sejam absorvidos pela alegria que hoje inunda o cora\u00e7\u00e3o da p\u00e1tria. Essa vit\u00f3ria \u00e9 para Deus e para o povo e sua hist\u00f3ria. Hoje \u00e9 o dia das ruas e das pra\u00e7as&#8221;.<\/p>\n<p>Francia M\u00e1rquez, que comp\u00f5e a chapa com Petro, ser\u00e1 a primeira vice-presidente negra do pa\u00eds. Em seu discurso, Petro repetiu que seu governo ser\u00e1 feito \u201ccom a pol\u00edtica do amor\u201d.<\/p>\n<div class=\"mc-column content-text active-extra-styles \" data-block-type=\"unstyled\" data-block-weight=\"48\" data-block-id=\"24\">\n<p class=\"content-text__container \" data-track-category=\"Link no Texto\" data-track-links=\"\">&#8220;A pol\u00edtica do amor n\u00e3o \u00e9 uma mudan\u00e7a para nos vingarmos, n\u00e3o \u00e9 uma mudan\u00e7a para construir mais \u00f3dio ou aprofundar o sectarismo na sociedade colombiana. Nossos pais e av\u00f3s nos indicaram o que significa o sectarismo. A mudan\u00e7a consiste em deixar o \u00f3dio para tr\u00e1s&#8221;, disse ele.<\/p>\n<h3 data-track-category=\"Link no Texto\">Discurso e promessas<\/h3>\n<div class=\"mc-column content-text active-extra-styles \" data-block-type=\"unstyled\" data-block-weight=\"36\" data-block-id=\"27\">\n<p class=\"content-text__container \" data-track-category=\"Link no Texto\" data-track-links=\"\">Ele falou em um grande acordo nacional para conseguir a paz e os direitos das pessoas. \u00c9 uma sinaliza\u00e7\u00e3o de que ele quer fazer um acordo com os grupos guerrilheiros que ainda n\u00e3o depuseram suas armas.<\/p>\n<\/div>\n<div class=\"mc-column content-text active-extra-styles \" data-block-type=\"unstyled\" data-block-weight=\"69\" data-block-id=\"28\">\n<p class=\"content-text__container \" data-track-category=\"Link no Texto\" data-track-links=\"\">Em seu discurso ele fez men\u00e7\u00f5es ao passado de conflitos no pa\u00eds. Ele fez men\u00e7\u00e3o ao pr\u00f3prio passado &#8220;de lutas, de rebeldias contra a injusti\u00e7a, contra um mundo que n\u00e3o deveria ser, contra a discrimina\u00e7\u00e3o, contra a desigualdade, quanta gente nos acompanha que desapareceu pelos caminhos da\u00a0Col\u00f4mbia, quanta gente morreu, quanta gente est\u00e1 presa hoje, quantos jovens tratados como bandoleiros s\u00f3 porque tinham esperan\u00e7a, s\u00f3 porque tinham amor&#8221;.<\/p>\n<div class=\"mc-column content-text active-extra-styles \" data-block-type=\"unstyled\" data-block-weight=\"39\" data-block-id=\"30\">\n<p class=\"content-text__container \" data-track-category=\"Link no Texto\" data-track-links=\"\">&#8220;N\u00f3s vamos desenvolver o capitalismo na\u00a0Col\u00f4mbia&#8221;, disse ele, antes de afirmar que \u00e9 preciso &#8220;superar o feudalismo na\u00a0Col\u00f4mbia, superar a mentalidade at\u00e1vica ligada a esse mundo de servos&#8221; e falar sobre o fortalecimento da economia popular.<\/p>\n<\/div>\n<div class=\"mc-column content-text active-extra-styles \" data-block-type=\"unstyled\" data-block-weight=\"48\" data-block-id=\"31\">\n<p class=\"content-text__container \" data-track-category=\"Link no Texto\" data-track-links=\"\">Ele disse tamb\u00e9m que quer que o pa\u00eds esteja \u00e0 frente da luta contra as mudan\u00e7as clim\u00e1ticas. Ele afirmou que \u00e9 preciso salvar a Amaz\u00f4nia para salvar a humanidade, e que \u00e9 preciso estabelecer um di\u00e1logo nas Am\u00e9ricas (e falou sobre a possibilidade de falar com os EUA).<\/p>\n<\/div>\n<div class=\"mc-column content-text active-extra-styles \" data-block-type=\"unstyled\" data-block-weight=\"21\" data-block-id=\"32\">\n<p class=\"content-text__container \" data-track-category=\"Link no Texto\" data-track-links=\"\">Petro falou que prop\u00f5e \u00e0 Am\u00e9rica Latina uma integra\u00e7\u00e3o maior, e \u00e0\u00a0Col\u00f4mbia a se enxergar como parte da Am\u00e9rica Latina. Entre as promessas est\u00e1 a promo\u00e7\u00e3o da democracia da economia.<\/p>\n<h3 data-track-category=\"Link no Texto\">Conhe\u00e7a Gustavo Petro<\/h3>\n<div class=\"mc-column content-text active-extra-styles \" data-block-type=\"unstyled\" data-block-weight=\"50\" data-block-id=\"40\">\n<p class=\"content-text__container \" data-track-category=\"Link no Texto\" data-track-links=\"\">Ele nasceu na cidade de Ci\u00e9naga de Oro, na prov\u00edncia de C\u00f3rdoba, em 19 de abril de 1960. Dez anos depois, no dia do seu anivers\u00e1rio, aconteceu uma elei\u00e7\u00e3o supostamente fraudada pela ala conservadora da\u00a0Col\u00f4mbia. Isso mobilizou a cria\u00e7\u00e3o do grupo guerrilheiro Movimento 19 de Abril, conhecido como M-19.<\/p>\n<\/div>\n<div class=\"mc-column content-text active-extra-styles \" data-block-type=\"unstyled\" data-block-weight=\"44\" data-block-id=\"41\">\n<p class=\"content-text__container \" data-track-category=\"Link no Texto\" data-track-links=\"\">Aos 17 anos, Petro entrou no M-19 e sua participa\u00e7\u00e3o no grupo marca toda a sua carreira pol\u00edtica. Foi preso em 1985 por posse ilegal de armas. Segundo ele mesmo conta, foi torturado pelo ex\u00e9rcito e depois cumpriu pena de 18 meses na cadeia.<\/p>\n<div class=\"mc-column content-text active-extra-styles \" data-block-type=\"unstyled\" data-block-weight=\"69\" data-block-id=\"43\">\n<p class=\"content-text__container \" data-track-category=\"Link no Texto\" data-track-links=\"\">Por estar preso, Petro n\u00e3o participou de um dos ataques mais marcantes da hist\u00f3ria do M-19. Nos dias 6 e 7 de novembro de 1985, o grupo invadiu o Pal\u00e1cio da Justi\u00e7a e fez mais de 300 pessoas ref\u00e9ns. A tomada durou 28 horas e terminou em um confronto com o ex\u00e9rcito. A a\u00e7\u00e3o deixou mais de 100 mortos, entre ele o presidente da Suprema Corte, Alfonso Reyes Echand\u00eda.<\/p>\n<\/div>\n<div class=\"mc-column content-text active-extra-styles \" data-block-type=\"unstyled\" data-block-weight=\"18\" data-block-id=\"44\">\n<p class=\"content-text__container \" data-track-category=\"Link no Texto\" data-track-links=\"\">Em paralelo a sua atua\u00e7\u00e3o na guerrilha, Petro se formou em Economia na Universidade Externado, em Bogot\u00e1. O grupo guerrilheiro se transformou em um partido pol\u00edtico em 1990, se tornando a Alian\u00e7a Democr\u00e1tica M-19. Petro foi um dos fundadores .<\/p>\n<\/div>\n<div class=\"mc-column content-text active-extra-styles\" data-block-type=\"raw\" data-block-weight=\"2\" data-block-id=\"46\">\n<h3 class=\"content-text__container\"><span style=\"font-size: 24px;font-weight: bold\">Carreira pol\u00edtica<\/span><\/h3>\n<\/div>\n<p>Seu partido teve participa\u00e7\u00e3o ativa na cria\u00e7\u00e3o da nova Constitui\u00e7\u00e3o da Col\u00f4mbia\u00a0em 1990. Em 1991, Petro foi eleito deputado por 4 anos. Depois, ap\u00f3s amea\u00e7as de morte, ficou 2 anos na B\u00e9lgica, como funcion\u00e1rio da embaixada colombiana. Em 1998 cumpriu um segundo mandato como deputado, mas por outro partido que fundou com outros ex-militantes que sa\u00edram do M-19.<\/p>\n<div class=\"mc-column content-text active-extra-styles \" data-block-type=\"unstyled\" data-block-weight=\"40\" data-block-id=\"48\">\n<p class=\"content-text__container \" data-track-category=\"Link no Texto\" data-track-links=\"\">Alcan\u00e7ou maior destaque pol\u00edtico quando foi senador entre 2006 e 2010, o terceiro mais votado. Obteve grande popularidade por fazer den\u00fancias de corrup\u00e7\u00e3o. Revelou v\u00ednculos entre pol\u00edticos e fac\u00e7\u00f5es criminosas, al\u00e9m de esquemas ilegais envolvendo o ent\u00e3o presidente \u00c1lvaro Uribe.<\/p>\n<div class=\"mc-column content-text active-extra-styles \" data-block-type=\"unstyled\" data-block-weight=\"17\" data-block-id=\"50\">\n<p class=\"content-text__container \" data-track-category=\"Link no Texto\" data-track-links=\"\">Concorreu pela primeira vez \u00e0 presid\u00eancia em 2010, mas teve pouco mais de 9% dos votos.<\/p>\n<\/div>\n<div class=\"mc-column content-text active-extra-styles \" data-block-type=\"unstyled\" data-block-weight=\"42\" data-block-id=\"51\">\n<p class=\"content-text__container \" data-track-category=\"Link no Texto\" data-track-links=\"\">Depois da derrota, se candidatou para prefeitura de Bogot\u00e1, elei\u00e7\u00e3o da qual saiu vitorioso. Petro se vangloria de ter criado a Secretaria da Mulher e por avan\u00e7os sociais nas \u00e1reas de sa\u00fade, emprego e redu\u00e7\u00e3o de pobreza durante sua gest\u00e3o como prefeito.<\/p>\n<\/div>\n<div class=\"mc-column content-text active-extra-styles \" data-block-type=\"unstyled\" data-block-weight=\"39\" data-block-id=\"52\">\n<p class=\"content-text__container \" data-track-category=\"Link no Texto\" data-track-links=\"\">Em 2018, novamente candidato \u00e0 presid\u00eancia, Petro foi criticado pela amizade com o falecido presidente venezuelano Hugo Ch\u00e1vez. Foi acusado pela oposi\u00e7\u00e3o de querer transformar o pa\u00eds em uma Venezuela. Perdeu a elei\u00e7\u00e3o no segundo turno para Iv\u00e1n Duque.<\/p>\n<p data-track-category=\"Link no Texto\" data-track-links=\"\"><strong>LEIA TAMB\u00c9M<\/strong><\/p>\n<p data-track-category=\"Link no Texto\" data-track-links=\"\"><a href=\"https:\/\/redenoticiaz.com.br\/blog\/2022\/06\/19\/vacina-contra-a-covid-19-e-recomendada-para-bebes-com-mais-de-6-meses-diz-cdc\">Vacina contra a Covid-19 \u00e9 recomendada para beb\u00eas com mais de 6 meses, diz CDC<\/a><\/p>\n<\/div>\n<\/div>\n<div class=\"content-ads content-ads--reveal\" data-block-type=\"ads\" data-block-id=\"49\">\n<div id=\"banner_materia__1b489a35-dafa-44ef-a82d-b05fdd047946\" class=\"tag-manager-publicidade-container mc-has-reveal mc-has-ad-lazyload tag-manager-publicidade-banner_materia__1b489a35-dafa-44ef-a82d-b05fdd047946 tag-manager-publicidade-container--carregado tag-manager-publicidade-container--visivel\" data-id=\"banner_materia__1b489a35-dafa-44ef-a82d-b05fdd047946\" data-req=\"true\" data-google-query-id=\"CKu2uYuOvPgCFdk4uQYdkCYDiQ\" data-cid=\"138394180753\" data-lid=\"6031524864\"><\/div>\n<\/div>\n<\/div>\n<\/div>\n<\/div>\n<div class=\"content-ads content-ads--reveal\" data-block-type=\"ads\" data-block-id=\"29\">\n<div id=\"banner_materia__495e562f-b352-475a-9394-31a9c8eb75f6\" class=\"tag-manager-publicidade-container mc-has-reveal mc-has-ad-lazyload tag-manager-publicidade-banner_materia__495e562f-b352-475a-9394-31a9c8eb75f6 tag-manager-publicidade-container--carregado tag-manager-publicidade-container--visivel\" data-id=\"banner_materia__495e562f-b352-475a-9394-31a9c8eb75f6\" data-req=\"true\" data-google-query-id=\"CKnFy9uNvPgCFVc2uQYd-XYKVA\" data-cid=\"138395666977\" data-lid=\"6043946629\"><\/div>\n<\/div>\n<\/div>\n","protected":false},"excerpt":{"rendered":"<p>Nesse domingo (19) a Col\u00f4mbia elegeu um novo presidente. Gustavo Petro, economista e ex-combatente da guerrilha M-19 foi o mais votado e ele se tornou o primeiro presidente eleito como candidato de esquerda. No pleito eleitoral, Gustavo Petro venceu o candidato Rodolfo Hern\u00e1ndez, empres\u00e1rio e ex-prefeito da cidade de Bucaramanga, que havia surpreendido no primeiro &hellip;<\/p>\n","protected":false},"author":6,"featured_media":86426,"comment_status":"open","ping_status":"closed","sticky":false,"template":"","format":"standard","meta":{"footnotes":""},"categories":[68,186],"tags":[17895,2742,2244,17896,17897],"class_list":["post-86425","post","type-post","status-publish","format-standard","has-post-thumbnail","hentry","category-mundo","category-politica","tag-candidato-de-esquerda","tag-colombia","tag-eleicoes-presidenciais","tag-gustavo-petro","tag-presidente-eleito"],"yoast_head":"<!-- This site is optimized with the Yoast SEO plugin v27.4 - https:\/\/yoast.com\/product\/yoast-seo-wordpress\/ -->\n<title>Gustavo Petro \u00e9 eleito o novo presidente da Col\u00f4mbia - Ribeir\u00e3o Preto e Regi\u00e3o<\/title>\n<meta name=\"description\" content=\"Nesse domingo (19) a Col\u00f4mbia elegeu um novo presidente. Gustavo Petro, economista e ex-combatente da guerrilha M-19 foi o mais votado\" \/>\n<meta name=\"robots\" content=\"index, follow, max-snippet:-1, max-image-preview:large, max-video-preview:-1\" \/>\n<link rel=\"canonical\" href=\"https:\/\/redenoticiaz.com.br\/ribeiraopreto-regiao\/sp\/2022\/06\/20\/gustavo-petro-e-eleito-o-novo-presidente-da-colombia\" \/>\n<meta property=\"og:locale\" content=\"pt_BR\" \/>\n<meta property=\"og:type\" content=\"article\" \/>\n<meta property=\"og:title\" content=\"Gustavo Petro \u00e9 eleito o novo presidente da Col\u00f4mbia - Ribeir\u00e3o Preto e Regi\u00e3o\" \/>\n<meta property=\"og:description\" content=\"Nesse domingo (19) a Col\u00f4mbia elegeu um novo presidente. Gustavo Petro, economista e ex-combatente da guerrilha M-19 foi o mais votado\" \/>\n<meta property=\"og:url\" content=\"https:\/\/redenoticiaz.com.br\/ribeiraopreto-regiao\/sp\/2022\/06\/20\/gustavo-petro-e-eleito-o-novo-presidente-da-colombia\" \/>\n<meta property=\"og:site_name\" content=\"Ribeir\u00e3o Preto e Regi\u00e3o\" \/>\n<meta property=\"article:publisher\" content=\"https:\/\/m.facebook.com\/redenoticiaz.barretos\" \/>\n<meta property=\"article:published_time\" content=\"2022-06-20T13:26:09+00:00\" \/>\n<meta property=\"og:image\" content=\"https:\/\/redenoticiaz.com.br\/ribeiraopreto-regiao\/wp-content\/uploads\/sites\/4\/2022\/06\/police-car-lights-at-night-city-street-2021-10-05-17-49-24-utc-scaled.jpg\" \/>\n\t<meta property=\"og:image:width\" content=\"1920\" \/>\n\t<meta property=\"og:image:height\" content=\"1080\" \/>\n\t<meta property=\"og:image:type\" content=\"image\/jpeg\" \/>\n<meta name=\"author\" content=\"Leonardo Francisco\" \/>\n<meta name=\"twitter:card\" content=\"summary_large_image\" \/>\n<meta name=\"twitter:creator\" content=\"@RN_barretos\" \/>\n<meta name=\"twitter:site\" content=\"@RN_barretos\" \/>\n<meta name=\"twitter:label1\" content=\"Escrito por\" \/>\n\t<meta name=\"twitter:data1\" content=\"Leonardo Francisco\" \/>\n\t<meta name=\"twitter:label2\" content=\"Est. tempo de leitura\" \/>\n\t<meta name=\"twitter:data2\" content=\"5 minutos\" \/>\n<script type=\"application\/ld+json\" class=\"yoast-schema-graph\">{\"@context\":\"https:\\\/\\\/schema.org\",\"@graph\":[{\"@type\":\"Article\",\"@id\":\"https:\\\/\\\/redenoticiaz.com.br\\\/ribeiraopreto-regiao\\\/sp\\\/2022\\\/06\\\/20\\\/gustavo-petro-e-eleito-o-novo-presidente-da-colombia#article\",\"isPartOf\":{\"@id\":\"https:\\\/\\\/redenoticiaz.com.br\\\/ribeiraopreto-regiao\\\/sp\\\/2022\\\/06\\\/20\\\/gustavo-petro-e-eleito-o-novo-presidente-da-colombia\"},\"author\":{\"name\":\"Leonardo Francisco\",\"@id\":\"https:\\\/\\\/redenoticiaz.com.br\\\/ribeiraopreto-regiao\\\/#\\\/schema\\\/person\\\/0f0b8a5bdafefe82841e07ae8d81ecb3\"},\"headline\":\"Gustavo Petro \u00e9 eleito o novo presidente da Col\u00f4mbia\",\"datePublished\":\"2022-06-20T13:26:09+00:00\",\"mainEntityOfPage\":{\"@id\":\"https:\\\/\\\/redenoticiaz.com.br\\\/ribeiraopreto-regiao\\\/sp\\\/2022\\\/06\\\/20\\\/gustavo-petro-e-eleito-o-novo-presidente-da-colombia\"},\"wordCount\":954,\"commentCount\":0,\"publisher\":{\"@id\":\"https:\\\/\\\/redenoticiaz.com.br\\\/ribeiraopreto-regiao\\\/#organization\"},\"image\":{\"@id\":\"https:\\\/\\\/redenoticiaz.com.br\\\/ribeiraopreto-regiao\\\/sp\\\/2022\\\/06\\\/20\\\/gustavo-petro-e-eleito-o-novo-presidente-da-colombia#primaryimage\"},\"thumbnailUrl\":\"https:\\\/\\\/redenoticiaz.com.br\\\/ribeiraopreto-regiao\\\/wp-content\\\/uploads\\\/sites\\\/4\\\/2022\\\/06\\\/PRESIDENTE-DA-COLOMBIA.jpg?v=1655731296\",\"keywords\":[\"CANDIDATO DE ESQUERDA\",\"COL\u00d4MBIA\",\"Elei\u00e7\u00f5es Presidenciais\",\"GUSTAVO PETRO\",\"PRESIDENTE ELEITO\"],\"articleSection\":[\"Mundo\",\"Pol\u00edtica\"],\"inLanguage\":\"pt-BR\",\"potentialAction\":[{\"@type\":\"CommentAction\",\"name\":\"Comment\",\"target\":[\"https:\\\/\\\/redenoticiaz.com.br\\\/ribeiraopreto-regiao\\\/sp\\\/2022\\\/06\\\/20\\\/gustavo-petro-e-eleito-o-novo-presidente-da-colombia#respond\"]}]},{\"@type\":\"WebPage\",\"@id\":\"https:\\\/\\\/redenoticiaz.com.br\\\/ribeiraopreto-regiao\\\/sp\\\/2022\\\/06\\\/20\\\/gustavo-petro-e-eleito-o-novo-presidente-da-colombia\",\"url\":\"https:\\\/\\\/redenoticiaz.com.br\\\/ribeiraopreto-regiao\\\/sp\\\/2022\\\/06\\\/20\\\/gustavo-petro-e-eleito-o-novo-presidente-da-colombia\",\"name\":\"Gustavo Petro \u00e9 eleito o novo presidente da Col\u00f4mbia - Ribeir\u00e3o Preto e Regi\u00e3o\",\"isPartOf\":{\"@id\":\"https:\\\/\\\/redenoticiaz.com.br\\\/ribeiraopreto-regiao\\\/#website\"},\"primaryImageOfPage\":{\"@id\":\"https:\\\/\\\/redenoticiaz.com.br\\\/ribeiraopreto-regiao\\\/sp\\\/2022\\\/06\\\/20\\\/gustavo-petro-e-eleito-o-novo-presidente-da-colombia#primaryimage\"},\"image\":{\"@id\":\"https:\\\/\\\/redenoticiaz.com.br\\\/ribeiraopreto-regiao\\\/sp\\\/2022\\\/06\\\/20\\\/gustavo-petro-e-eleito-o-novo-presidente-da-colombia#primaryimage\"},\"thumbnailUrl\":\"https:\\\/\\\/redenoticiaz.com.br\\\/ribeiraopreto-regiao\\\/wp-content\\\/uploads\\\/sites\\\/4\\\/2022\\\/06\\\/PRESIDENTE-DA-COLOMBIA.jpg?v=1655731296\",\"datePublished\":\"2022-06-20T13:26:09+00:00\",\"description\":\"Nesse domingo (19) a Col\u00f4mbia elegeu um novo presidente. Gustavo Petro, economista e ex-combatente da guerrilha M-19 foi o mais votado\",\"inLanguage\":\"pt-BR\",\"potentialAction\":[{\"@type\":\"ReadAction\",\"target\":[\"https:\\\/\\\/redenoticiaz.com.br\\\/ribeiraopreto-regiao\\\/sp\\\/2022\\\/06\\\/20\\\/gustavo-petro-e-eleito-o-novo-presidente-da-colombia\"]}]},{\"@type\":\"ImageObject\",\"inLanguage\":\"pt-BR\",\"@id\":\"https:\\\/\\\/redenoticiaz.com.br\\\/ribeiraopreto-regiao\\\/sp\\\/2022\\\/06\\\/20\\\/gustavo-petro-e-eleito-o-novo-presidente-da-colombia#primaryimage\",\"url\":\"https:\\\/\\\/redenoticiaz.com.br\\\/ribeiraopreto-regiao\\\/wp-content\\\/uploads\\\/sites\\\/4\\\/2022\\\/06\\\/PRESIDENTE-DA-COLOMBIA.jpg?v=1655731296\",\"contentUrl\":\"https:\\\/\\\/redenoticiaz.com.br\\\/ribeiraopreto-regiao\\\/wp-content\\\/uploads\\\/sites\\\/4\\\/2022\\\/06\\\/PRESIDENTE-DA-COLOMBIA.jpg?v=1655731296\",\"width\":640,\"height\":360,\"caption\":\"Cr\u00e9ditos: Reprodu\u00e7\u00e3o\\\/BBC\"},{\"@type\":\"WebSite\",\"@id\":\"https:\\\/\\\/redenoticiaz.com.br\\\/ribeiraopreto-regiao\\\/#website\",\"url\":\"https:\\\/\\\/redenoticiaz.com.br\\\/ribeiraopreto-regiao\\\/\",\"name\":\"Ribeir\u00e3o Preto e Regi\u00e3o\",\"description\":\"Rede NoticiaZ - Ribeir\u00e3o Preto e regi\u00e3o\",\"publisher\":{\"@id\":\"https:\\\/\\\/redenoticiaz.com.br\\\/ribeiraopreto-regiao\\\/#organization\"},\"potentialAction\":[{\"@type\":\"SearchAction\",\"target\":{\"@type\":\"EntryPoint\",\"urlTemplate\":\"https:\\\/\\\/redenoticiaz.com.br\\\/ribeiraopreto-regiao\\\/?s={search_term_string}\"},\"query-input\":{\"@type\":\"PropertyValueSpecification\",\"valueRequired\":true,\"valueName\":\"search_term_string\"}}],\"inLanguage\":\"pt-BR\"},{\"@type\":\"Organization\",\"@id\":\"https:\\\/\\\/redenoticiaz.com.br\\\/ribeiraopreto-regiao\\\/#organization\",\"name\":\"Ribeir\u00e3o Preto e Regi\u00e3o\",\"url\":\"https:\\\/\\\/redenoticiaz.com.br\\\/ribeiraopreto-regiao\\\/\",\"logo\":{\"@type\":\"ImageObject\",\"inLanguage\":\"pt-BR\",\"@id\":\"https:\\\/\\\/redenoticiaz.com.br\\\/ribeiraopreto-regiao\\\/#\\\/schema\\\/logo\\\/image\\\/\",\"url\":\"https:\\\/\\\/redenoticiaz.com.br\\\/barretos-regiao\\\/wp-content\\\/uploads\\\/sites\\\/4\\\/2022\\\/02\\\/logo.jpg\",\"contentUrl\":\"https:\\\/\\\/redenoticiaz.com.br\\\/barretos-regiao\\\/wp-content\\\/uploads\\\/sites\\\/4\\\/2022\\\/02\\\/logo.jpg\",\"width\":400,\"height\":250,\"caption\":\"Ribeir\u00e3o Preto e Regi\u00e3o\"},\"image\":{\"@id\":\"https:\\\/\\\/redenoticiaz.com.br\\\/ribeiraopreto-regiao\\\/#\\\/schema\\\/logo\\\/image\\\/\"},\"sameAs\":[\"https:\\\/\\\/m.facebook.com\\\/redenoticiaz.barretos\",\"https:\\\/\\\/x.com\\\/RN_barretos\",\"https:\\\/\\\/www.instagram.com\\\/redenoticiaz.barretos\\\/?igshid=YmMyMTA2M2Y\",\"https:\\\/\\\/www.linkedin.com\\\/company\\\/rede-noticiaz-barretos-e-regio\\\/\"]},{\"@type\":\"Person\",\"@id\":\"https:\\\/\\\/redenoticiaz.com.br\\\/ribeiraopreto-regiao\\\/#\\\/schema\\\/person\\\/0f0b8a5bdafefe82841e07ae8d81ecb3\",\"name\":\"Leonardo Francisco\",\"image\":{\"@type\":\"ImageObject\",\"inLanguage\":\"pt-BR\",\"@id\":\"https:\\\/\\\/secure.gravatar.com\\\/avatar\\\/a7358cb406a99b682ec6df1e77e31ae82e63601f6784e8a3df411d72b37864da?s=96&d=mm&r=g\",\"url\":\"https:\\\/\\\/secure.gravatar.com\\\/avatar\\\/a7358cb406a99b682ec6df1e77e31ae82e63601f6784e8a3df411d72b37864da?s=96&d=mm&r=g\",\"contentUrl\":\"https:\\\/\\\/secure.gravatar.com\\\/avatar\\\/a7358cb406a99b682ec6df1e77e31ae82e63601f6784e8a3df411d72b37864da?s=96&d=mm&r=g\",\"caption\":\"Leonardo Francisco\"},\"url\":\"https:\\\/\\\/redenoticiaz.com.br\\\/ribeiraopreto-regiao\\\/sp\\\/author\\\/leonardo-francisco\"}]}<\/script>\n<!-- \/ Yoast SEO plugin. -->","yoast_head_json":{"title":"Gustavo Petro \u00e9 eleito o novo presidente da Col\u00f4mbia - Ribeir\u00e3o Preto e Regi\u00e3o","description":"Nesse domingo (19) a Col\u00f4mbia elegeu um novo presidente. Gustavo Petro, economista e ex-combatente da guerrilha M-19 foi o mais votado","robots":{"index":"index","follow":"follow","max-snippet":"max-snippet:-1","max-image-preview":"max-image-preview:large","max-video-preview":"max-video-preview:-1"},"canonical":"https:\/\/redenoticiaz.com.br\/ribeiraopreto-regiao\/sp\/2022\/06\/20\/gustavo-petro-e-eleito-o-novo-presidente-da-colombia","og_locale":"pt_BR","og_type":"article","og_title":"Gustavo Petro \u00e9 eleito o novo presidente da Col\u00f4mbia - Ribeir\u00e3o Preto e Regi\u00e3o","og_description":"Nesse domingo (19) a Col\u00f4mbia elegeu um novo presidente. Gustavo Petro, economista e ex-combatente da guerrilha M-19 foi o mais votado","og_url":"https:\/\/redenoticiaz.com.br\/ribeiraopreto-regiao\/sp\/2022\/06\/20\/gustavo-petro-e-eleito-o-novo-presidente-da-colombia","og_site_name":"Ribeir\u00e3o Preto e Regi\u00e3o","article_publisher":"https:\/\/m.facebook.com\/redenoticiaz.barretos","article_published_time":"2022-06-20T13:26:09+00:00","og_image":[{"width":1920,"height":1080,"url":"https:\/\/redenoticiaz.com.br\/ribeiraopreto-regiao\/wp-content\/uploads\/sites\/4\/2022\/06\/police-car-lights-at-night-city-street-2021-10-05-17-49-24-utc-scaled.jpg","type":"image\/jpeg"}],"author":"Leonardo Francisco","twitter_card":"summary_large_image","twitter_creator":"@RN_barretos","twitter_site":"@RN_barretos","twitter_misc":{"Escrito por":"Leonardo Francisco","Est. tempo de leitura":"5 minutos"},"schema":{"@context":"https:\/\/schema.org","@graph":[{"@type":"Article","@id":"https:\/\/redenoticiaz.com.br\/ribeiraopreto-regiao\/sp\/2022\/06\/20\/gustavo-petro-e-eleito-o-novo-presidente-da-colombia#article","isPartOf":{"@id":"https:\/\/redenoticiaz.com.br\/ribeiraopreto-regiao\/sp\/2022\/06\/20\/gustavo-petro-e-eleito-o-novo-presidente-da-colombia"},"author":{"name":"Leonardo Francisco","@id":"https:\/\/redenoticiaz.com.br\/ribeiraopreto-regiao\/#\/schema\/person\/0f0b8a5bdafefe82841e07ae8d81ecb3"},"headline":"Gustavo Petro \u00e9 eleito o novo presidente da Col\u00f4mbia","datePublished":"2022-06-20T13:26:09+00:00","mainEntityOfPage":{"@id":"https:\/\/redenoticiaz.com.br\/ribeiraopreto-regiao\/sp\/2022\/06\/20\/gustavo-petro-e-eleito-o-novo-presidente-da-colombia"},"wordCount":954,"commentCount":0,"publisher":{"@id":"https:\/\/redenoticiaz.com.br\/ribeiraopreto-regiao\/#organization"},"image":{"@id":"https:\/\/redenoticiaz.com.br\/ribeiraopreto-regiao\/sp\/2022\/06\/20\/gustavo-petro-e-eleito-o-novo-presidente-da-colombia#primaryimage"},"thumbnailUrl":"https:\/\/redenoticiaz.com.br\/ribeiraopreto-regiao\/wp-content\/uploads\/sites\/4\/2022\/06\/PRESIDENTE-DA-COLOMBIA.jpg?v=1655731296","keywords":["CANDIDATO DE ESQUERDA","COL\u00d4MBIA","Elei\u00e7\u00f5es Presidenciais","GUSTAVO PETRO","PRESIDENTE ELEITO"],"articleSection":["Mundo","Pol\u00edtica"],"inLanguage":"pt-BR","potentialAction":[{"@type":"CommentAction","name":"Comment","target":["https:\/\/redenoticiaz.com.br\/ribeiraopreto-regiao\/sp\/2022\/06\/20\/gustavo-petro-e-eleito-o-novo-presidente-da-colombia#respond"]}]},{"@type":"WebPage","@id":"https:\/\/redenoticiaz.com.br\/ribeiraopreto-regiao\/sp\/2022\/06\/20\/gustavo-petro-e-eleito-o-novo-presidente-da-colombia","url":"https:\/\/redenoticiaz.com.br\/ribeiraopreto-regiao\/sp\/2022\/06\/20\/gustavo-petro-e-eleito-o-novo-presidente-da-colombia","name":"Gustavo Petro \u00e9 eleito o novo presidente da Col\u00f4mbia - Ribeir\u00e3o Preto e Regi\u00e3o","isPartOf":{"@id":"https:\/\/redenoticiaz.com.br\/ribeiraopreto-regiao\/#website"},"primaryImageOfPage":{"@id":"https:\/\/redenoticiaz.com.br\/ribeiraopreto-regiao\/sp\/2022\/06\/20\/gustavo-petro-e-eleito-o-novo-presidente-da-colombia#primaryimage"},"image":{"@id":"https:\/\/redenoticiaz.com.br\/ribeiraopreto-regiao\/sp\/2022\/06\/20\/gustavo-petro-e-eleito-o-novo-presidente-da-colombia#primaryimage"},"thumbnailUrl":"https:\/\/redenoticiaz.com.br\/ribeiraopreto-regiao\/wp-content\/uploads\/sites\/4\/2022\/06\/PRESIDENTE-DA-COLOMBIA.jpg?v=1655731296","datePublished":"2022-06-20T13:26:09+00:00","description":"Nesse domingo (19) a Col\u00f4mbia elegeu um novo presidente. Gustavo Petro, economista e ex-combatente da guerrilha M-19 foi o mais votado","inLanguage":"pt-BR","potentialAction":[{"@type":"ReadAction","target":["https:\/\/redenoticiaz.com.br\/ribeiraopreto-regiao\/sp\/2022\/06\/20\/gustavo-petro-e-eleito-o-novo-presidente-da-colombia"]}]},{"@type":"ImageObject","inLanguage":"pt-BR","@id":"https:\/\/redenoticiaz.com.br\/ribeiraopreto-regiao\/sp\/2022\/06\/20\/gustavo-petro-e-eleito-o-novo-presidente-da-colombia#primaryimage","url":"https:\/\/redenoticiaz.com.br\/ribeiraopreto-regiao\/wp-content\/uploads\/sites\/4\/2022\/06\/PRESIDENTE-DA-COLOMBIA.jpg?v=1655731296","contentUrl":"https:\/\/redenoticiaz.com.br\/ribeiraopreto-regiao\/wp-content\/uploads\/sites\/4\/2022\/06\/PRESIDENTE-DA-COLOMBIA.jpg?v=1655731296","width":640,"height":360,"caption":"Cr\u00e9ditos: Reprodu\u00e7\u00e3o\/BBC"},{"@type":"WebSite","@id":"https:\/\/redenoticiaz.com.br\/ribeiraopreto-regiao\/#website","url":"https:\/\/redenoticiaz.com.br\/ribeiraopreto-regiao\/","name":"Ribeir\u00e3o Preto e Regi\u00e3o","description":"Rede NoticiaZ - Ribeir\u00e3o Preto e regi\u00e3o","publisher":{"@id":"https:\/\/redenoticiaz.com.br\/ribeiraopreto-regiao\/#organization"},"potentialAction":[{"@type":"SearchAction","target":{"@type":"EntryPoint","urlTemplate":"https:\/\/redenoticiaz.com.br\/ribeiraopreto-regiao\/?s={search_term_string}"},"query-input":{"@type":"PropertyValueSpecification","valueRequired":true,"valueName":"search_term_string"}}],"inLanguage":"pt-BR"},{"@type":"Organization","@id":"https:\/\/redenoticiaz.com.br\/ribeiraopreto-regiao\/#organization","name":"Ribeir\u00e3o Preto e Regi\u00e3o","url":"https:\/\/redenoticiaz.com.br\/ribeiraopreto-regiao\/","logo":{"@type":"ImageObject","inLanguage":"pt-BR","@id":"https:\/\/redenoticiaz.com.br\/ribeiraopreto-regiao\/#\/schema\/logo\/image\/","url":"https:\/\/redenoticiaz.com.br\/barretos-regiao\/wp-content\/uploads\/sites\/4\/2022\/02\/logo.jpg","contentUrl":"https:\/\/redenoticiaz.com.br\/barretos-regiao\/wp-content\/uploads\/sites\/4\/2022\/02\/logo.jpg","width":400,"height":250,"caption":"Ribeir\u00e3o Preto e Regi\u00e3o"},"image":{"@id":"https:\/\/redenoticiaz.com.br\/ribeiraopreto-regiao\/#\/schema\/logo\/image\/"},"sameAs":["https:\/\/m.facebook.com\/redenoticiaz.barretos","https:\/\/x.com\/RN_barretos","https:\/\/www.instagram.com\/redenoticiaz.barretos\/?igshid=YmMyMTA2M2Y","https:\/\/www.linkedin.com\/company\/rede-noticiaz-barretos-e-regio\/"]},{"@type":"Person","@id":"https:\/\/redenoticiaz.com.br\/ribeiraopreto-regiao\/#\/schema\/person\/0f0b8a5bdafefe82841e07ae8d81ecb3","name":"Leonardo Francisco","image":{"@type":"ImageObject","inLanguage":"pt-BR","@id":"https:\/\/secure.gravatar.com\/avatar\/a7358cb406a99b682ec6df1e77e31ae82e63601f6784e8a3df411d72b37864da?s=96&d=mm&r=g","url":"https:\/\/secure.gravatar.com\/avatar\/a7358cb406a99b682ec6df1e77e31ae82e63601f6784e8a3df411d72b37864da?s=96&d=mm&r=g","contentUrl":"https:\/\/secure.gravatar.com\/avatar\/a7358cb406a99b682ec6df1e77e31ae82e63601f6784e8a3df411d72b37864da?s=96&d=mm&r=g","caption":"Leonardo Francisco"},"url":"https:\/\/redenoticiaz.com.br\/ribeiraopreto-regiao\/sp\/author\/leonardo-francisco"}]}},"_links":{"self":[{"href":"https:\/\/redenoticiaz.com.br\/ribeiraopreto-regiao\/wp-json\/wp\/v2\/posts\/86425","targetHints":{"allow":["GET"]}}],"collection":[{"href":"https:\/\/redenoticiaz.com.br\/ribeiraopreto-regiao\/wp-json\/wp\/v2\/posts"}],"about":[{"href":"https:\/\/redenoticiaz.com.br\/ribeiraopreto-regiao\/wp-json\/wp\/v2\/types\/post"}],"author":[{"embeddable":true,"href":"https:\/\/redenoticiaz.com.br\/ribeiraopreto-regiao\/wp-json\/wp\/v2\/users\/6"}],"replies":[{"embeddable":true,"href":"https:\/\/redenoticiaz.com.br\/ribeiraopreto-regiao\/wp-json\/wp\/v2\/comments?post=86425"}],"version-history":[{"count":0,"href":"https:\/\/redenoticiaz.com.br\/ribeiraopreto-regiao\/wp-json\/wp\/v2\/posts\/86425\/revisions"}],"wp:featuredmedia":[{"embeddable":true,"href":"https:\/\/redenoticiaz.com.br\/ribeiraopreto-regiao\/wp-json\/wp\/v2\/media\/86426"}],"wp:attachment":[{"href":"https:\/\/redenoticiaz.com.br\/ribeiraopreto-regiao\/wp-json\/wp\/v2\/media?parent=86425"}],"wp:term":[{"taxonomy":"category","embeddable":true,"href":"https:\/\/redenoticiaz.com.br\/ribeiraopreto-regiao\/wp-json\/wp\/v2\/categories?post=86425"},{"taxonomy":"post_tag","embeddable":true,"href":"https:\/\/redenoticiaz.com.br\/ribeiraopreto-regiao\/wp-json\/wp\/v2\/tags?post=86425"}],"curies":[{"name":"wp","href":"https:\/\/api.w.org\/{rel}","templated":true}]}}