{"id":86468,"date":"2022-06-20T17:19:23","date_gmt":"2022-06-20T20:19:23","guid":{"rendered":"https:\/\/redenoticiaz.com.br\/barretos-regiao\/sp\/2022\/06\/20\/governo-federal-libera-aplicacao-da-quarta-dose-da-vacina-contra-a-covid-19-para-maiores-de-40-anos"},"modified":"2022-06-20T17:19:23","modified_gmt":"2022-06-20T20:19:23","slug":"governo-federal-libera-aplicacao-da-quarta-dose-da-vacina-contra-a-covid-19-para-maiores-de-40-anos","status":"publish","type":"post","link":"https:\/\/redenoticiaz.com.br\/ribeiraopreto-regiao\/sp\/2022\/06\/20\/governo-federal-libera-aplicacao-da-quarta-dose-da-vacina-contra-a-covid-19-para-maiores-de-40-anos","title":{"rendered":"Governo federal libera aplica\u00e7\u00e3o da quarta dose da vacina contra a Covid-19 para maiores de 40 anos"},"content":{"rendered":"<p>O governo federal, por meio do <a href=\"https:\/\/www.gov.br\/saude\/pt-br\">Minist\u00e9rio da Sa\u00fade<\/a> decidiu intensificar a campanha destinada a incentivar a popula\u00e7\u00e3o a completar o ciclo vacinal contra a Covid-19. A partir desta segunda-feira (20), toda a popula\u00e7\u00e3o adulta com mais de 40 anos <strong>pode tomar a quarta dose<\/strong>.<\/p>\n<p>O motivo da amplia\u00e7\u00e3o, segundo a pasta, se deve ao fato de cerca de 120 milh\u00f5es de pessoas aptas a tomar a segunda dose ou a dose de refor\u00e7o das vacinas ainda n\u00e3o retornaram aos postos de vacina\u00e7\u00e3o. Assim, seguem desprotegidas contra as manifesta\u00e7\u00f5es graves da infec\u00e7\u00e3o pelo novo coronav\u00edrus. Por conta disso, h\u00e1 uma alta de novos casos e tamb\u00e9m de mortes.<img decoding=\"async\" src=\"https:\/\/agenciabrasil.ebc.com.br\/ebc.png?id=1466554&amp;o=node\" \/><img decoding=\"async\" src=\"https:\/\/agenciabrasil.ebc.com.br\/ebc.gif?id=1466554&amp;o=node\" \/><\/p>\n<p>A campanha de est\u00edmulo \u00e0 vacina\u00e7\u00e3o contra a Covid-19 chega no momento em que o Minist\u00e9rio da Sa\u00fade liberou a segunda dose de refor\u00e7o (ou quarta dose) para as pessoas que t\u00eam a partir de 40 anos de idade. De acordo com a pasta, cerca de 8,79 milh\u00f5es de pessoas desta faixa et\u00e1ria e que receberam a terceira dose a mais de quatro meses poder\u00e3o retornar aos postos de vacina\u00e7\u00e3o a partir de hoje (20). A recomenda\u00e7\u00e3o \u00e9 que estes indiv\u00edduos sejam imunizados com as vacinas da Pfizer, AstraZeneca ou Janssen.<\/p>\n<p>\u201cAl\u00e9m de expandirmos a popula\u00e7\u00e3o-alvo do segundo refor\u00e7o, o motivo de estarmos aqui, hoje, \u00e9 convocarmos a popula\u00e7\u00e3o brasileira a procurar um posto de vacina\u00e7\u00e3o e tomar sua dose\u201d, disse o secret\u00e1rio nacional de Vigil\u00e2ncia em Sa\u00fade, Arnaldo Medeiros.<\/p>\n<h3>Alerta<\/h3>\n<p>Segundo Medeiros, o alerta ministerial para os atrasos na aplica\u00e7\u00e3o da\u00a0segunda\u00a0dose e das doses de refor\u00e7o visa a proteger a popula\u00e7\u00e3o das manifesta\u00e7\u00f5es graves da doen\u00e7a. Entre a popula\u00e7\u00e3o de 40 a 49 anos apta a receber os imunizantes, apenas 8,53% j\u00e1 tomou a primeira dose de refor\u00e7o.<\/p>\n<p>\u201cOs estudos demonstram o efeito protetor que as vacinas t\u00eam nos casos de complica\u00e7\u00e3o, de agravamento por Covid-19. Eles mostram que, independentemente do intervalo et\u00e1rio, as vacinas protegem de uma evolu\u00e7\u00e3o mais grave da doen\u00e7a. Por isso, o Minist\u00e9rio da Sa\u00fade est\u00e1 convocando a popula\u00e7\u00e3o apta a tomar a segunda dose ou as doses de refor\u00e7o a procurarem um posto de vacina\u00e7\u00e3o para termos uma popula\u00e7\u00e3o mais protegida. Isto se refletir\u00e1 tanto na qualidade de vida, quanto na economia\u201d, acrescentou o secret\u00e1rio.<\/p>\n<p>Pe\u00e7as publicit\u00e1rias que ser\u00e3o veiculadas em v\u00e1rias m\u00eddias para conscientizar a popula\u00e7\u00e3o destacam que, apesar de o\u00a0governo federal\u00a0ter\u00a0decretado\u00a0o fim da situa\u00e7\u00e3o de Emerg\u00eancia em Sa\u00fade P\u00fablica de Import\u00e2ncia Nacional (Espin, ou Emerg\u00eancia Sanit\u00e1ria), as pessoas devem seguir atentas \u00e0s recomenda\u00e7\u00f5es das autoridades sanit\u00e1rias. Para isso, \u00e9 necess\u00e1rio tomar todas as doses de vacina recomendadas pelos fabricantes e aprovadas pelas autoridades sanit\u00e1rias.<\/p>\n<h3>Doses em atraso<\/h3>\n<p>Dados detalhados esta manh\u00e3, pela diretora do Departamento de Imuniza\u00e7\u00e3o e Doen\u00e7as Transmiss\u00edveis, C\u00e1ssia Rangel, revelam que, em todo o pa\u00eds, quase 22 milh\u00f5es de pessoas aptas a serem imunizadas receberam apenas uma dose das vacinas aprovadas pela Ag\u00eancia Nacional de Vigil\u00e2ncia Sanit\u00e1ria (Anvisa).<\/p>\n<p>Entre janeiro de 2021 e o \u00faltimo dia 10, o governo federal distribuiu 519.838.281 doses de vacinas contra a covid-19. Deste total, 17.965.980 doses foram fornecidas \u00e0 rede de sa\u00fade, este ano, para imunizar crian\u00e7as entre cinco e onze anos de idade. Nesta faixa et\u00e1ria, 62% das crian\u00e7as j\u00e1 receberam a primeira dose, mas apenas 38% tomaram a\u00a0segunda\u00a0dose.<\/p>\n<p>J\u00e1 entre a popula\u00e7\u00e3o de 12 a 17 anos, para a qual tamb\u00e9m j\u00e1 foi disponibilizada a primeira dose de refor\u00e7o, apenas cerca de 5% completou o ciclo vacinal. O n\u00famero \u00e9 bem inferior aos 91% do grupo tenha recebido a primeira dose regular.<\/p>\n<p>No\u00a0total,\u00a062,7 milh\u00f5es de pessoas\u00a0j\u00e1 poderiam\u00a0ter\u00a0tomado a primeira dose de refor\u00e7o \u2013 dentre as quais, 16,76 milh\u00f5es t\u00eam entre 18 e 29 anos,\u00a0faixa et\u00e1ria na qual 5,54 milh\u00f5es de indiv\u00edduos\u00a0ainda n\u00e3o\u00a0receberam\u00a0sequer a\u00a0segunda\u00a0dose\u00a0regular.\u00a0Aproximadamente 27,12 milh\u00f5es de pessoas com mais de 50 anos ainda n\u00e3o retornaram aos postos de vacina\u00e7\u00e3o para receber a\u00a0segunda\u00a0dose de refor\u00e7o.<\/p>\n<p>\u201cAcho que o mais importante \u00e9 mostrarmos as doses que est\u00e3o em atraso\u201d,\u00a0destacou\u00a0C\u00e1ssia Rangel.<\/p>\n<h3>Justificativa<\/h3>\n<p>No in\u00edcio do ano, quando o pa\u00eds enfrentava a primeira onda da variante \u00d4micron, o Minist\u00e9rio da Sa\u00fade constatou que\u00a0pessoas n\u00e3o vacinadas estavam entre seis e nove vezes mais suscet\u00edveis, de acordo com a faixa et\u00e1ria, a desenvolver manifesta\u00e7\u00f5es graves da doen\u00e7a na compara\u00e7\u00e3o com\u00a0pessoas imunizadas.<\/p>\n<p>&#8220;Em todas as faixas et\u00e1rias, temos um perfil muito parecido entre vacinados e n\u00e3o vacinados. Os vacinados [com ao menos duas doses de um imunizante] tiveram muito menos casos de S\u00edndrome Respirat\u00f3ria Aguda Grave [SRAG] em rela\u00e7\u00e3o aos n\u00e3o vacinados, o que demonstra claramente um efeito protetor das vacinas\u201d, disse a diretora.<\/p>\n<p><strong>LEIA TAMB\u00c9M<\/strong><\/p>\n<p><a href=\"https:\/\/redenoticiaz.com.br\/blog\/2022\/06\/17\/ministerio-da-saude-vai-liberar-a-quarta-dose-da-vacina-contra-a-covid-19-para-adultos-com-mais-de-40-anos\">Minist\u00e9rio da Sa\u00fade vai liberar a quarta dose da vacina contra a Covid-19 para adultos com mais de 40 anos<\/a><\/p>\n","protected":false},"excerpt":{"rendered":"<p>O governo federal, por meio do Minist\u00e9rio da Sa\u00fade decidiu intensificar a campanha destinada a incentivar a popula\u00e7\u00e3o a completar o ciclo vacinal contra a Covid-19. A partir desta segunda-feira (20), toda a popula\u00e7\u00e3o adulta com mais de 40 anos pode tomar a quarta dose. O motivo da amplia\u00e7\u00e3o, segundo a pasta, se deve ao &hellip;<\/p>\n","protected":false},"author":6,"featured_media":86469,"comment_status":"open","ping_status":"closed","sticky":false,"template":"","format":"standard","meta":{"footnotes":""},"categories":[129],"tags":[17921,70,1314,17922,3657,3052],"class_list":["post-86468","post","type-post","status-publish","format-standard","has-post-thumbnail","hentry","category-saude","tag-40-anos-ou-mais","tag-brasil","tag-ministerio-da-saude","tag-populacao-adulta","tag-quarta-dose","tag-vacina-contra-a-covid"],"yoast_head":"<!-- This site is optimized with the Yoast SEO plugin v27.4 - https:\/\/yoast.com\/product\/yoast-seo-wordpress\/ -->\n<title>Governo federal libera aplica\u00e7\u00e3o da quarta dose da vacina contra a Covid-19 para maiores de 40 anos - Ribeir\u00e3o Preto e Regi\u00e3o<\/title>\n<meta name=\"description\" content=\"O governo federal, por meio do Minist\u00e9rio da Sa\u00fade decidiu intensificar a campanha destinada a incentivar a popula\u00e7\u00e3o a completar\" \/>\n<meta name=\"robots\" content=\"index, follow, max-snippet:-1, max-image-preview:large, max-video-preview:-1\" \/>\n<link rel=\"canonical\" href=\"https:\/\/redenoticiaz.com.br\/ribeiraopreto-regiao\/sp\/2022\/06\/20\/governo-federal-libera-aplicacao-da-quarta-dose-da-vacina-contra-a-covid-19-para-maiores-de-40-anos\" \/>\n<meta property=\"og:locale\" content=\"pt_BR\" \/>\n<meta property=\"og:type\" content=\"article\" \/>\n<meta property=\"og:title\" content=\"Governo federal libera aplica\u00e7\u00e3o da quarta dose da vacina contra a Covid-19 para maiores de 40 anos - Ribeir\u00e3o Preto e Regi\u00e3o\" \/>\n<meta property=\"og:description\" content=\"O governo federal, por meio do Minist\u00e9rio da Sa\u00fade decidiu intensificar a campanha destinada a incentivar a popula\u00e7\u00e3o a completar\" \/>\n<meta property=\"og:url\" content=\"https:\/\/redenoticiaz.com.br\/ribeiraopreto-regiao\/sp\/2022\/06\/20\/governo-federal-libera-aplicacao-da-quarta-dose-da-vacina-contra-a-covid-19-para-maiores-de-40-anos\" \/>\n<meta property=\"og:site_name\" content=\"Ribeir\u00e3o Preto e Regi\u00e3o\" \/>\n<meta property=\"article:publisher\" content=\"https:\/\/m.facebook.com\/redenoticiaz.barretos\" \/>\n<meta property=\"article:published_time\" content=\"2022-06-20T20:19:23+00:00\" \/>\n<meta property=\"og:image\" content=\"https:\/\/redenoticiaz.com.br\/ribeiraopreto-regiao\/wp-content\/uploads\/sites\/4\/2022\/06\/Dr.Adalberto-Ceolin-Claudemir-Battaglini-.png\" \/>\n\t<meta property=\"og:image:width\" content=\"1080\" \/>\n\t<meta property=\"og:image:height\" content=\"1080\" \/>\n\t<meta property=\"og:image:type\" content=\"image\/png\" \/>\n<meta name=\"author\" content=\"Leonardo Francisco\" \/>\n<meta name=\"twitter:card\" content=\"summary_large_image\" \/>\n<meta name=\"twitter:creator\" content=\"@RN_barretos\" \/>\n<meta name=\"twitter:site\" content=\"@RN_barretos\" \/>\n<meta name=\"twitter:label1\" content=\"Escrito por\" \/>\n\t<meta name=\"twitter:data1\" content=\"Leonardo Francisco\" \/>\n\t<meta name=\"twitter:label2\" content=\"Est. tempo de leitura\" \/>\n\t<meta name=\"twitter:data2\" content=\"4 minutos\" \/>\n<script type=\"application\/ld+json\" class=\"yoast-schema-graph\">{\"@context\":\"https:\\\/\\\/schema.org\",\"@graph\":[{\"@type\":\"Article\",\"@id\":\"https:\\\/\\\/redenoticiaz.com.br\\\/ribeiraopreto-regiao\\\/sp\\\/2022\\\/06\\\/20\\\/governo-federal-libera-aplicacao-da-quarta-dose-da-vacina-contra-a-covid-19-para-maiores-de-40-anos#article\",\"isPartOf\":{\"@id\":\"https:\\\/\\\/redenoticiaz.com.br\\\/ribeiraopreto-regiao\\\/sp\\\/2022\\\/06\\\/20\\\/governo-federal-libera-aplicacao-da-quarta-dose-da-vacina-contra-a-covid-19-para-maiores-de-40-anos\"},\"author\":{\"name\":\"Leonardo Francisco\",\"@id\":\"https:\\\/\\\/redenoticiaz.com.br\\\/ribeiraopreto-regiao\\\/#\\\/schema\\\/person\\\/0f0b8a5bdafefe82841e07ae8d81ecb3\"},\"headline\":\"Governo federal libera aplica\u00e7\u00e3o da quarta dose da vacina contra a Covid-19 para maiores de 40 anos\",\"datePublished\":\"2022-06-20T20:19:23+00:00\",\"mainEntityOfPage\":{\"@id\":\"https:\\\/\\\/redenoticiaz.com.br\\\/ribeiraopreto-regiao\\\/sp\\\/2022\\\/06\\\/20\\\/governo-federal-libera-aplicacao-da-quarta-dose-da-vacina-contra-a-covid-19-para-maiores-de-40-anos\"},\"wordCount\":893,\"commentCount\":0,\"publisher\":{\"@id\":\"https:\\\/\\\/redenoticiaz.com.br\\\/ribeiraopreto-regiao\\\/#organization\"},\"image\":{\"@id\":\"https:\\\/\\\/redenoticiaz.com.br\\\/ribeiraopreto-regiao\\\/sp\\\/2022\\\/06\\\/20\\\/governo-federal-libera-aplicacao-da-quarta-dose-da-vacina-contra-a-covid-19-para-maiores-de-40-anos#primaryimage\"},\"thumbnailUrl\":\"https:\\\/\\\/redenoticiaz.com.br\\\/ribeiraopreto-regiao\\\/wp-content\\\/uploads\\\/sites\\\/4\\\/2022\\\/06\\\/a84t2173.jpg?v=1655756286\",\"keywords\":[\"40 ANOS OU MAIS\",\"Brasil\",\"Minist\u00e9rio da Sa\u00fade\",\"POPULA\u00c7\u00c3O ADULTA\",\"QUARTA DOSE\",\"VACINA CONTRA A COVID\"],\"articleSection\":[\"Sa\u00fade\"],\"inLanguage\":\"pt-BR\",\"potentialAction\":[{\"@type\":\"CommentAction\",\"name\":\"Comment\",\"target\":[\"https:\\\/\\\/redenoticiaz.com.br\\\/ribeiraopreto-regiao\\\/sp\\\/2022\\\/06\\\/20\\\/governo-federal-libera-aplicacao-da-quarta-dose-da-vacina-contra-a-covid-19-para-maiores-de-40-anos#respond\"]}]},{\"@type\":\"WebPage\",\"@id\":\"https:\\\/\\\/redenoticiaz.com.br\\\/ribeiraopreto-regiao\\\/sp\\\/2022\\\/06\\\/20\\\/governo-federal-libera-aplicacao-da-quarta-dose-da-vacina-contra-a-covid-19-para-maiores-de-40-anos\",\"url\":\"https:\\\/\\\/redenoticiaz.com.br\\\/ribeiraopreto-regiao\\\/sp\\\/2022\\\/06\\\/20\\\/governo-federal-libera-aplicacao-da-quarta-dose-da-vacina-contra-a-covid-19-para-maiores-de-40-anos\",\"name\":\"Governo federal libera aplica\u00e7\u00e3o da quarta dose da vacina contra a Covid-19 para maiores de 40 anos - Ribeir\u00e3o Preto e Regi\u00e3o\",\"isPartOf\":{\"@id\":\"https:\\\/\\\/redenoticiaz.com.br\\\/ribeiraopreto-regiao\\\/#website\"},\"primaryImageOfPage\":{\"@id\":\"https:\\\/\\\/redenoticiaz.com.br\\\/ribeiraopreto-regiao\\\/sp\\\/2022\\\/06\\\/20\\\/governo-federal-libera-aplicacao-da-quarta-dose-da-vacina-contra-a-covid-19-para-maiores-de-40-anos#primaryimage\"},\"image\":{\"@id\":\"https:\\\/\\\/redenoticiaz.com.br\\\/ribeiraopreto-regiao\\\/sp\\\/2022\\\/06\\\/20\\\/governo-federal-libera-aplicacao-da-quarta-dose-da-vacina-contra-a-covid-19-para-maiores-de-40-anos#primaryimage\"},\"thumbnailUrl\":\"https:\\\/\\\/redenoticiaz.com.br\\\/ribeiraopreto-regiao\\\/wp-content\\\/uploads\\\/sites\\\/4\\\/2022\\\/06\\\/a84t2173.jpg?v=1655756286\",\"datePublished\":\"2022-06-20T20:19:23+00:00\",\"description\":\"O governo federal, por meio do Minist\u00e9rio da Sa\u00fade decidiu intensificar a campanha destinada a incentivar a popula\u00e7\u00e3o a completar\",\"inLanguage\":\"pt-BR\",\"potentialAction\":[{\"@type\":\"ReadAction\",\"target\":[\"https:\\\/\\\/redenoticiaz.com.br\\\/ribeiraopreto-regiao\\\/sp\\\/2022\\\/06\\\/20\\\/governo-federal-libera-aplicacao-da-quarta-dose-da-vacina-contra-a-covid-19-para-maiores-de-40-anos\"]}]},{\"@type\":\"ImageObject\",\"inLanguage\":\"pt-BR\",\"@id\":\"https:\\\/\\\/redenoticiaz.com.br\\\/ribeiraopreto-regiao\\\/sp\\\/2022\\\/06\\\/20\\\/governo-federal-libera-aplicacao-da-quarta-dose-da-vacina-contra-a-covid-19-para-maiores-de-40-anos#primaryimage\",\"url\":\"https:\\\/\\\/redenoticiaz.com.br\\\/ribeiraopreto-regiao\\\/wp-content\\\/uploads\\\/sites\\\/4\\\/2022\\\/06\\\/a84t2173.jpg?v=1655756286\",\"contentUrl\":\"https:\\\/\\\/redenoticiaz.com.br\\\/ribeiraopreto-regiao\\\/wp-content\\\/uploads\\\/sites\\\/4\\\/2022\\\/06\\\/a84t2173.jpg?v=1655756286\",\"width\":1170,\"height\":700,\"caption\":\"A representante da OPAS, Socorro Gross, o secret\u00e1rio executivo do MS, Daniel Pereira, o secret\u00e1rio de Vigil\u00e2ncia em Sa\u00fade, Arnaldo Medeiros, e a diretora do Departamento de Imuniza\u00e7\u00e3o do MS, Cassia Rangel, fazem balan\u00e7o da vacina\u00e7\u00e3o contra COVID-19 no pa\u00eds. Cr\u00e9ditos: Reprodu\u00e7\u00e3o\\\/Ag\u00eancia Brasil\"},{\"@type\":\"WebSite\",\"@id\":\"https:\\\/\\\/redenoticiaz.com.br\\\/ribeiraopreto-regiao\\\/#website\",\"url\":\"https:\\\/\\\/redenoticiaz.com.br\\\/ribeiraopreto-regiao\\\/\",\"name\":\"Ribeir\u00e3o Preto e Regi\u00e3o\",\"description\":\"Rede NoticiaZ - Ribeir\u00e3o Preto e regi\u00e3o\",\"publisher\":{\"@id\":\"https:\\\/\\\/redenoticiaz.com.br\\\/ribeiraopreto-regiao\\\/#organization\"},\"potentialAction\":[{\"@type\":\"SearchAction\",\"target\":{\"@type\":\"EntryPoint\",\"urlTemplate\":\"https:\\\/\\\/redenoticiaz.com.br\\\/ribeiraopreto-regiao\\\/?s={search_term_string}\"},\"query-input\":{\"@type\":\"PropertyValueSpecification\",\"valueRequired\":true,\"valueName\":\"search_term_string\"}}],\"inLanguage\":\"pt-BR\"},{\"@type\":\"Organization\",\"@id\":\"https:\\\/\\\/redenoticiaz.com.br\\\/ribeiraopreto-regiao\\\/#organization\",\"name\":\"Ribeir\u00e3o Preto e Regi\u00e3o\",\"url\":\"https:\\\/\\\/redenoticiaz.com.br\\\/ribeiraopreto-regiao\\\/\",\"logo\":{\"@type\":\"ImageObject\",\"inLanguage\":\"pt-BR\",\"@id\":\"https:\\\/\\\/redenoticiaz.com.br\\\/ribeiraopreto-regiao\\\/#\\\/schema\\\/logo\\\/image\\\/\",\"url\":\"https:\\\/\\\/redenoticiaz.com.br\\\/barretos-regiao\\\/wp-content\\\/uploads\\\/sites\\\/4\\\/2022\\\/02\\\/logo.jpg\",\"contentUrl\":\"https:\\\/\\\/redenoticiaz.com.br\\\/barretos-regiao\\\/wp-content\\\/uploads\\\/sites\\\/4\\\/2022\\\/02\\\/logo.jpg\",\"width\":400,\"height\":250,\"caption\":\"Ribeir\u00e3o Preto e Regi\u00e3o\"},\"image\":{\"@id\":\"https:\\\/\\\/redenoticiaz.com.br\\\/ribeiraopreto-regiao\\\/#\\\/schema\\\/logo\\\/image\\\/\"},\"sameAs\":[\"https:\\\/\\\/m.facebook.com\\\/redenoticiaz.barretos\",\"https:\\\/\\\/x.com\\\/RN_barretos\",\"https:\\\/\\\/www.instagram.com\\\/redenoticiaz.barretos\\\/?igshid=YmMyMTA2M2Y\",\"https:\\\/\\\/www.linkedin.com\\\/company\\\/rede-noticiaz-barretos-e-regio\\\/\"]},{\"@type\":\"Person\",\"@id\":\"https:\\\/\\\/redenoticiaz.com.br\\\/ribeiraopreto-regiao\\\/#\\\/schema\\\/person\\\/0f0b8a5bdafefe82841e07ae8d81ecb3\",\"name\":\"Leonardo Francisco\",\"image\":{\"@type\":\"ImageObject\",\"inLanguage\":\"pt-BR\",\"@id\":\"https:\\\/\\\/secure.gravatar.com\\\/avatar\\\/a7358cb406a99b682ec6df1e77e31ae82e63601f6784e8a3df411d72b37864da?s=96&d=mm&r=g\",\"url\":\"https:\\\/\\\/secure.gravatar.com\\\/avatar\\\/a7358cb406a99b682ec6df1e77e31ae82e63601f6784e8a3df411d72b37864da?s=96&d=mm&r=g\",\"contentUrl\":\"https:\\\/\\\/secure.gravatar.com\\\/avatar\\\/a7358cb406a99b682ec6df1e77e31ae82e63601f6784e8a3df411d72b37864da?s=96&d=mm&r=g\",\"caption\":\"Leonardo Francisco\"},\"url\":\"https:\\\/\\\/redenoticiaz.com.br\\\/ribeiraopreto-regiao\\\/sp\\\/author\\\/leonardo-francisco\"}]}<\/script>\n<!-- \/ Yoast SEO plugin. -->","yoast_head_json":{"title":"Governo federal libera aplica\u00e7\u00e3o da quarta dose da vacina contra a Covid-19 para maiores de 40 anos - Ribeir\u00e3o Preto e Regi\u00e3o","description":"O governo federal, por meio do Minist\u00e9rio da Sa\u00fade decidiu intensificar a campanha destinada a incentivar a popula\u00e7\u00e3o a completar","robots":{"index":"index","follow":"follow","max-snippet":"max-snippet:-1","max-image-preview":"max-image-preview:large","max-video-preview":"max-video-preview:-1"},"canonical":"https:\/\/redenoticiaz.com.br\/ribeiraopreto-regiao\/sp\/2022\/06\/20\/governo-federal-libera-aplicacao-da-quarta-dose-da-vacina-contra-a-covid-19-para-maiores-de-40-anos","og_locale":"pt_BR","og_type":"article","og_title":"Governo federal libera aplica\u00e7\u00e3o da quarta dose da vacina contra a Covid-19 para maiores de 40 anos - Ribeir\u00e3o Preto e Regi\u00e3o","og_description":"O governo federal, por meio do Minist\u00e9rio da Sa\u00fade decidiu intensificar a campanha destinada a incentivar a popula\u00e7\u00e3o a completar","og_url":"https:\/\/redenoticiaz.com.br\/ribeiraopreto-regiao\/sp\/2022\/06\/20\/governo-federal-libera-aplicacao-da-quarta-dose-da-vacina-contra-a-covid-19-para-maiores-de-40-anos","og_site_name":"Ribeir\u00e3o Preto e Regi\u00e3o","article_publisher":"https:\/\/m.facebook.com\/redenoticiaz.barretos","article_published_time":"2022-06-20T20:19:23+00:00","og_image":[{"width":1080,"height":1080,"url":"https:\/\/redenoticiaz.com.br\/ribeiraopreto-regiao\/wp-content\/uploads\/sites\/4\/2022\/06\/Dr.Adalberto-Ceolin-Claudemir-Battaglini-.png","type":"image\/png"}],"author":"Leonardo Francisco","twitter_card":"summary_large_image","twitter_creator":"@RN_barretos","twitter_site":"@RN_barretos","twitter_misc":{"Escrito por":"Leonardo Francisco","Est. tempo de leitura":"4 minutos"},"schema":{"@context":"https:\/\/schema.org","@graph":[{"@type":"Article","@id":"https:\/\/redenoticiaz.com.br\/ribeiraopreto-regiao\/sp\/2022\/06\/20\/governo-federal-libera-aplicacao-da-quarta-dose-da-vacina-contra-a-covid-19-para-maiores-de-40-anos#article","isPartOf":{"@id":"https:\/\/redenoticiaz.com.br\/ribeiraopreto-regiao\/sp\/2022\/06\/20\/governo-federal-libera-aplicacao-da-quarta-dose-da-vacina-contra-a-covid-19-para-maiores-de-40-anos"},"author":{"name":"Leonardo Francisco","@id":"https:\/\/redenoticiaz.com.br\/ribeiraopreto-regiao\/#\/schema\/person\/0f0b8a5bdafefe82841e07ae8d81ecb3"},"headline":"Governo federal libera aplica\u00e7\u00e3o da quarta dose da vacina contra a Covid-19 para maiores de 40 anos","datePublished":"2022-06-20T20:19:23+00:00","mainEntityOfPage":{"@id":"https:\/\/redenoticiaz.com.br\/ribeiraopreto-regiao\/sp\/2022\/06\/20\/governo-federal-libera-aplicacao-da-quarta-dose-da-vacina-contra-a-covid-19-para-maiores-de-40-anos"},"wordCount":893,"commentCount":0,"publisher":{"@id":"https:\/\/redenoticiaz.com.br\/ribeiraopreto-regiao\/#organization"},"image":{"@id":"https:\/\/redenoticiaz.com.br\/ribeiraopreto-regiao\/sp\/2022\/06\/20\/governo-federal-libera-aplicacao-da-quarta-dose-da-vacina-contra-a-covid-19-para-maiores-de-40-anos#primaryimage"},"thumbnailUrl":"https:\/\/redenoticiaz.com.br\/ribeiraopreto-regiao\/wp-content\/uploads\/sites\/4\/2022\/06\/a84t2173.jpg?v=1655756286","keywords":["40 ANOS OU MAIS","Brasil","Minist\u00e9rio da Sa\u00fade","POPULA\u00c7\u00c3O ADULTA","QUARTA DOSE","VACINA CONTRA A COVID"],"articleSection":["Sa\u00fade"],"inLanguage":"pt-BR","potentialAction":[{"@type":"CommentAction","name":"Comment","target":["https:\/\/redenoticiaz.com.br\/ribeiraopreto-regiao\/sp\/2022\/06\/20\/governo-federal-libera-aplicacao-da-quarta-dose-da-vacina-contra-a-covid-19-para-maiores-de-40-anos#respond"]}]},{"@type":"WebPage","@id":"https:\/\/redenoticiaz.com.br\/ribeiraopreto-regiao\/sp\/2022\/06\/20\/governo-federal-libera-aplicacao-da-quarta-dose-da-vacina-contra-a-covid-19-para-maiores-de-40-anos","url":"https:\/\/redenoticiaz.com.br\/ribeiraopreto-regiao\/sp\/2022\/06\/20\/governo-federal-libera-aplicacao-da-quarta-dose-da-vacina-contra-a-covid-19-para-maiores-de-40-anos","name":"Governo federal libera aplica\u00e7\u00e3o da quarta dose da vacina contra a Covid-19 para maiores de 40 anos - Ribeir\u00e3o Preto e Regi\u00e3o","isPartOf":{"@id":"https:\/\/redenoticiaz.com.br\/ribeiraopreto-regiao\/#website"},"primaryImageOfPage":{"@id":"https:\/\/redenoticiaz.com.br\/ribeiraopreto-regiao\/sp\/2022\/06\/20\/governo-federal-libera-aplicacao-da-quarta-dose-da-vacina-contra-a-covid-19-para-maiores-de-40-anos#primaryimage"},"image":{"@id":"https:\/\/redenoticiaz.com.br\/ribeiraopreto-regiao\/sp\/2022\/06\/20\/governo-federal-libera-aplicacao-da-quarta-dose-da-vacina-contra-a-covid-19-para-maiores-de-40-anos#primaryimage"},"thumbnailUrl":"https:\/\/redenoticiaz.com.br\/ribeiraopreto-regiao\/wp-content\/uploads\/sites\/4\/2022\/06\/a84t2173.jpg?v=1655756286","datePublished":"2022-06-20T20:19:23+00:00","description":"O governo federal, por meio do Minist\u00e9rio da Sa\u00fade decidiu intensificar a campanha destinada a incentivar a popula\u00e7\u00e3o a completar","inLanguage":"pt-BR","potentialAction":[{"@type":"ReadAction","target":["https:\/\/redenoticiaz.com.br\/ribeiraopreto-regiao\/sp\/2022\/06\/20\/governo-federal-libera-aplicacao-da-quarta-dose-da-vacina-contra-a-covid-19-para-maiores-de-40-anos"]}]},{"@type":"ImageObject","inLanguage":"pt-BR","@id":"https:\/\/redenoticiaz.com.br\/ribeiraopreto-regiao\/sp\/2022\/06\/20\/governo-federal-libera-aplicacao-da-quarta-dose-da-vacina-contra-a-covid-19-para-maiores-de-40-anos#primaryimage","url":"https:\/\/redenoticiaz.com.br\/ribeiraopreto-regiao\/wp-content\/uploads\/sites\/4\/2022\/06\/a84t2173.jpg?v=1655756286","contentUrl":"https:\/\/redenoticiaz.com.br\/ribeiraopreto-regiao\/wp-content\/uploads\/sites\/4\/2022\/06\/a84t2173.jpg?v=1655756286","width":1170,"height":700,"caption":"A representante da OPAS, Socorro Gross, o secret\u00e1rio executivo do MS, Daniel Pereira, o secret\u00e1rio de Vigil\u00e2ncia em Sa\u00fade, Arnaldo Medeiros, e a diretora do Departamento de Imuniza\u00e7\u00e3o do MS, Cassia Rangel, fazem balan\u00e7o da vacina\u00e7\u00e3o contra COVID-19 no pa\u00eds. Cr\u00e9ditos: Reprodu\u00e7\u00e3o\/Ag\u00eancia Brasil"},{"@type":"WebSite","@id":"https:\/\/redenoticiaz.com.br\/ribeiraopreto-regiao\/#website","url":"https:\/\/redenoticiaz.com.br\/ribeiraopreto-regiao\/","name":"Ribeir\u00e3o Preto e Regi\u00e3o","description":"Rede NoticiaZ - Ribeir\u00e3o Preto e regi\u00e3o","publisher":{"@id":"https:\/\/redenoticiaz.com.br\/ribeiraopreto-regiao\/#organization"},"potentialAction":[{"@type":"SearchAction","target":{"@type":"EntryPoint","urlTemplate":"https:\/\/redenoticiaz.com.br\/ribeiraopreto-regiao\/?s={search_term_string}"},"query-input":{"@type":"PropertyValueSpecification","valueRequired":true,"valueName":"search_term_string"}}],"inLanguage":"pt-BR"},{"@type":"Organization","@id":"https:\/\/redenoticiaz.com.br\/ribeiraopreto-regiao\/#organization","name":"Ribeir\u00e3o Preto e Regi\u00e3o","url":"https:\/\/redenoticiaz.com.br\/ribeiraopreto-regiao\/","logo":{"@type":"ImageObject","inLanguage":"pt-BR","@id":"https:\/\/redenoticiaz.com.br\/ribeiraopreto-regiao\/#\/schema\/logo\/image\/","url":"https:\/\/redenoticiaz.com.br\/barretos-regiao\/wp-content\/uploads\/sites\/4\/2022\/02\/logo.jpg","contentUrl":"https:\/\/redenoticiaz.com.br\/barretos-regiao\/wp-content\/uploads\/sites\/4\/2022\/02\/logo.jpg","width":400,"height":250,"caption":"Ribeir\u00e3o Preto e Regi\u00e3o"},"image":{"@id":"https:\/\/redenoticiaz.com.br\/ribeiraopreto-regiao\/#\/schema\/logo\/image\/"},"sameAs":["https:\/\/m.facebook.com\/redenoticiaz.barretos","https:\/\/x.com\/RN_barretos","https:\/\/www.instagram.com\/redenoticiaz.barretos\/?igshid=YmMyMTA2M2Y","https:\/\/www.linkedin.com\/company\/rede-noticiaz-barretos-e-regio\/"]},{"@type":"Person","@id":"https:\/\/redenoticiaz.com.br\/ribeiraopreto-regiao\/#\/schema\/person\/0f0b8a5bdafefe82841e07ae8d81ecb3","name":"Leonardo Francisco","image":{"@type":"ImageObject","inLanguage":"pt-BR","@id":"https:\/\/secure.gravatar.com\/avatar\/a7358cb406a99b682ec6df1e77e31ae82e63601f6784e8a3df411d72b37864da?s=96&d=mm&r=g","url":"https:\/\/secure.gravatar.com\/avatar\/a7358cb406a99b682ec6df1e77e31ae82e63601f6784e8a3df411d72b37864da?s=96&d=mm&r=g","contentUrl":"https:\/\/secure.gravatar.com\/avatar\/a7358cb406a99b682ec6df1e77e31ae82e63601f6784e8a3df411d72b37864da?s=96&d=mm&r=g","caption":"Leonardo Francisco"},"url":"https:\/\/redenoticiaz.com.br\/ribeiraopreto-regiao\/sp\/author\/leonardo-francisco"}]}},"_links":{"self":[{"href":"https:\/\/redenoticiaz.com.br\/ribeiraopreto-regiao\/wp-json\/wp\/v2\/posts\/86468","targetHints":{"allow":["GET"]}}],"collection":[{"href":"https:\/\/redenoticiaz.com.br\/ribeiraopreto-regiao\/wp-json\/wp\/v2\/posts"}],"about":[{"href":"https:\/\/redenoticiaz.com.br\/ribeiraopreto-regiao\/wp-json\/wp\/v2\/types\/post"}],"author":[{"embeddable":true,"href":"https:\/\/redenoticiaz.com.br\/ribeiraopreto-regiao\/wp-json\/wp\/v2\/users\/6"}],"replies":[{"embeddable":true,"href":"https:\/\/redenoticiaz.com.br\/ribeiraopreto-regiao\/wp-json\/wp\/v2\/comments?post=86468"}],"version-history":[{"count":0,"href":"https:\/\/redenoticiaz.com.br\/ribeiraopreto-regiao\/wp-json\/wp\/v2\/posts\/86468\/revisions"}],"wp:featuredmedia":[{"embeddable":true,"href":"https:\/\/redenoticiaz.com.br\/ribeiraopreto-regiao\/wp-json\/wp\/v2\/media\/86469"}],"wp:attachment":[{"href":"https:\/\/redenoticiaz.com.br\/ribeiraopreto-regiao\/wp-json\/wp\/v2\/media?parent=86468"}],"wp:term":[{"taxonomy":"category","embeddable":true,"href":"https:\/\/redenoticiaz.com.br\/ribeiraopreto-regiao\/wp-json\/wp\/v2\/categories?post=86468"},{"taxonomy":"post_tag","embeddable":true,"href":"https:\/\/redenoticiaz.com.br\/ribeiraopreto-regiao\/wp-json\/wp\/v2\/tags?post=86468"}],"curies":[{"name":"wp","href":"https:\/\/api.w.org\/{rel}","templated":true}]}}