{"id":86530,"date":"2022-06-21T16:21:06","date_gmt":"2022-06-21T19:21:06","guid":{"rendered":"https:\/\/redenoticiaz.com.br\/barretos-regiao\/?p=86530"},"modified":"2022-06-21T16:21:06","modified_gmt":"2022-06-21T19:21:06","slug":"campeonato-de-futebol-amador-2022-entra-na-5a-rodada-da-competicao","status":"publish","type":"post","link":"https:\/\/redenoticiaz.com.br\/ribeiraopreto-regiao\/sp\/2022\/06\/21\/campeonato-de-futebol-amador-2022-entra-na-5a-rodada-da-competicao","title":{"rendered":"Campeonato de Futebol Amador 2022 entra na 5\u00aa rodada da competi\u00e7\u00e3o"},"content":{"rendered":"<p><em>O\u00a0<strong>Campeonato de Futebol Amador 2022<\/strong>, promovido pela\u00a0<a href=\"https:\/\/www.olimpia.sp.gov.br\/\"><strong>Prefeitura da Est\u00e2ncia Tur\u00edstica de Ol\u00edmpia<\/strong><\/a>, por meio da\u00a0<strong>secretaria de Esporte, Lazer e Juventude<\/strong>, entrar\u00e1 na<strong>\u00a05\u00aa rodada<\/strong>\u00a0da competi\u00e7\u00e3o no pr\u00f3ximo\u00a0<strong>domingo, dia 26<\/strong>, no<strong>\u00a0Est\u00e1dio Tereza Breda.<\/strong><\/em><\/p>\n<p class=\"v1gmail-MsoBodyText\"><span style=\"font-family: arial, sans-serif\">Com 15 times participantes, divididos em quatro grupos (A, B, C e D), a primeira rodada est\u00e1 sendo definida por somat\u00f3ria de pontos para a classifica\u00e7\u00e3o para a pr\u00f3xima fase. O campeonato, que come\u00e7ou no dia 29 de maio e homenageia o ex-jogador e incentivador do amador em Ol\u00edmpia, &#8220;Wilson Lopes de Faria, o Bicudo&#8221;, conhecer\u00e1 o grande campe\u00e3o de 2022, no final do m\u00eas de agosto.<\/span><\/p>\n<p class=\"v1gmail-MsoBodyText\"><span style=\"font-family: arial, sans-serif\">Na \u00faltima rodada realizada no domingo (19), o Paulista venceu o Jamaica por 4 x 1. No segundo jogo do dia, o Atl\u00e9tico Vem Comigo enfrentou o Monstros F.C., perdendo de 4 x 0. O jogo final, disputado no per\u00edodo da tarde, teve a goleada do Vila Raia que venceu o G\u00e1latas por 5 x 0.<\/span><\/p>\n<p class=\"v1gmail-MsoBodyText\"><span style=\"font-family: arial, sans-serif\">Dando sequ\u00eancia \u00e0 competi\u00e7\u00e3o, no domingo, dia 26 de junho, o Santa Terezinha enfrenta o S\u00f3 a Nata Limitados, \u00e0s 8h30, seguido das partidas Racing x Bagua\u00e7u, \u00e0s 10h15, e Atl\u00e9tico da C3 x Atl\u00e9tico Cearense, \u00e0s 14h45. Todos os jogos s\u00e3o abertos \u00e0 popula\u00e7\u00e3o.<\/span><\/p>\n<p><strong>VEJA TAMB\u00c9M:\u00a0<a href=\"https:\/\/redenoticiaz.com.br\/barretos-regiao\/sp\/2022\/06\/20\/barretos-estreia-com-empate-na-2-fase-do-campeonato-paulista-sub-17\">Barretos estreia com empate na 2\u00b0 fase do Campeonato Paulista Sub-17<\/a><\/strong><\/p>\n","protected":false},"excerpt":{"rendered":"<p>O\u00a0Campeonato de Futebol Amador 2022, promovido pela\u00a0Prefeitura da Est\u00e2ncia Tur\u00edstica de Ol\u00edmpia, por meio da\u00a0secretaria de Esporte, Lazer e Juventude, entrar\u00e1 na\u00a05\u00aa rodada\u00a0da competi\u00e7\u00e3o no pr\u00f3ximo\u00a0domingo, dia 26, no\u00a0Est\u00e1dio Tereza Breda. Com 15 times participantes, divididos em quatro grupos (A, B, C e D), a primeira rodada est\u00e1 sendo definida por somat\u00f3ria de pontos para &hellip;<\/p>\n","protected":false},"author":15,"featured_media":86531,"comment_status":"open","ping_status":"closed","sticky":false,"template":"","format":"standard","meta":{"footnotes":""},"categories":[87],"tags":[17959,13190,16997,814,17960,17961],"class_list":["post-86530","post","type-post","status-publish","format-standard","has-post-thumbnail","hentry","category-esporte","tag-5-radada","tag-campeonato-amador-2022","tag-competicao","tag-olimpia","tag-santa-terezinha","tag-so-a-nata"],"yoast_head":"<!-- This site is optimized with the Yoast SEO plugin v28.4 - https:\/\/yoast.com\/product\/yoast-seo-wordpress\/ -->\n<title>Campeonato de Futebol Amador 2022 entra na 5\u00aa rodada da competi\u00e7\u00e3o - Ribeir\u00e3o Preto e Regi\u00e3o<\/title>\n<meta name=\"description\" content=\"Promovido pela\u00a0Prefeitura de Ol\u00edmpia, por meio da\u00a0secretaria de Esporte, Lazer e Juventude, o campeonato entrar\u00e1 na\u00a05\u00aa rodada\u00a0da competi\u00e7\u00e3o.\" \/>\n<meta name=\"robots\" content=\"index, follow, max-snippet:-1, max-image-preview:large, max-video-preview:-1\" \/>\n<link rel=\"canonical\" href=\"https:\/\/redenoticiaz.com.br\/ribeiraopreto-regiao\/sp\/2022\/06\/21\/campeonato-de-futebol-amador-2022-entra-na-5a-rodada-da-competicao\" \/>\n<meta property=\"og:locale\" content=\"pt_BR\" \/>\n<meta property=\"og:type\" content=\"article\" \/>\n<meta property=\"og:title\" content=\"Campeonato de Futebol Amador 2022 entra na 5\u00aa rodada da competi\u00e7\u00e3o - Ribeir\u00e3o Preto e Regi\u00e3o\" \/>\n<meta property=\"og:description\" content=\"Promovido pela\u00a0Prefeitura de Ol\u00edmpia, por meio da\u00a0secretaria de Esporte, Lazer e Juventude, o campeonato entrar\u00e1 na\u00a05\u00aa rodada\u00a0da competi\u00e7\u00e3o.\" \/>\n<meta property=\"og:url\" content=\"https:\/\/redenoticiaz.com.br\/ribeiraopreto-regiao\/sp\/2022\/06\/21\/campeonato-de-futebol-amador-2022-entra-na-5a-rodada-da-competicao\" \/>\n<meta property=\"og:site_name\" content=\"Ribeir\u00e3o Preto e Regi\u00e3o\" \/>\n<meta property=\"article:publisher\" content=\"https:\/\/m.facebook.com\/redenoticiaz.barretos\" \/>\n<meta property=\"article:published_time\" content=\"2022-06-21T19:21:06+00:00\" \/>\n<meta property=\"og:image\" content=\"https:\/\/redenoticiaz.com.br\/ribeiraopreto-regiao\/wp-content\/uploads\/sites\/4\/2022\/06\/Campeonato-Amador-2022-scaled.jpg\" \/>\n\t<meta property=\"og:image:width\" content=\"1514\" \/>\n\t<meta property=\"og:image:height\" content=\"1080\" \/>\n\t<meta property=\"og:image:type\" content=\"image\/jpeg\" \/>\n<meta name=\"twitter:card\" content=\"summary_large_image\" \/>\n<meta name=\"twitter:creator\" content=\"@RN_barretos\" \/>\n<meta name=\"twitter:site\" content=\"@RN_barretos\" \/>\n<meta name=\"twitter:label1\" content=\"Escrito por\" \/>\n\t<meta name=\"twitter:data1\" content=\"\" \/>\n\t<meta name=\"twitter:label2\" content=\"Est. tempo de leitura\" \/>\n\t<meta name=\"twitter:data2\" content=\"1 minuto\" \/>\n<script type=\"application\/ld+json\" class=\"yoast-schema-graph\">{\"@context\":\"https:\\\/\\\/schema.org\",\"@graph\":[{\"@type\":\"Article\",\"@id\":\"https:\\\/\\\/redenoticiaz.com.br\\\/ribeiraopreto-regiao\\\/sp\\\/2022\\\/06\\\/21\\\/campeonato-de-futebol-amador-2022-entra-na-5a-rodada-da-competicao#article\",\"isPartOf\":{\"@id\":\"https:\\\/\\\/redenoticiaz.com.br\\\/ribeiraopreto-regiao\\\/sp\\\/2022\\\/06\\\/21\\\/campeonato-de-futebol-amador-2022-entra-na-5a-rodada-da-competicao\"},\"author\":{\"name\":\"\",\"@id\":\"\"},\"headline\":\"Campeonato de Futebol Amador 2022 entra na 5\u00aa rodada da competi\u00e7\u00e3o\",\"datePublished\":\"2022-06-21T19:21:06+00:00\",\"mainEntityOfPage\":{\"@id\":\"https:\\\/\\\/redenoticiaz.com.br\\\/ribeiraopreto-regiao\\\/sp\\\/2022\\\/06\\\/21\\\/campeonato-de-futebol-amador-2022-entra-na-5a-rodada-da-competicao\"},\"wordCount\":237,\"commentCount\":0,\"publisher\":{\"@id\":\"https:\\\/\\\/redenoticiaz.com.br\\\/ribeiraopreto-regiao\\\/#organization\"},\"image\":{\"@id\":\"https:\\\/\\\/redenoticiaz.com.br\\\/ribeiraopreto-regiao\\\/sp\\\/2022\\\/06\\\/21\\\/campeonato-de-futebol-amador-2022-entra-na-5a-rodada-da-competicao#primaryimage\"},\"thumbnailUrl\":\"https:\\\/\\\/redenoticiaz.com.br\\\/ribeiraopreto-regiao\\\/wp-content\\\/uploads\\\/sites\\\/4\\\/2022\\\/06\\\/Campeonato-Amador-2022-scaled.jpg\",\"keywords\":[\"5 RADADA\",\"CAMPEONATO AMADOR 2022\",\"COMPETI\u00c7\u00c3O\",\"OLIMP\u00cdA\",\"SANTA TEREZINHA\",\"S\u00d3 A NATA\"],\"articleSection\":[\"Esporte\"],\"inLanguage\":\"pt-BR\",\"potentialAction\":[{\"@type\":\"CommentAction\",\"name\":\"Comment\",\"target\":[\"https:\\\/\\\/redenoticiaz.com.br\\\/ribeiraopreto-regiao\\\/sp\\\/2022\\\/06\\\/21\\\/campeonato-de-futebol-amador-2022-entra-na-5a-rodada-da-competicao#respond\"]}]},{\"@type\":\"WebPage\",\"@id\":\"https:\\\/\\\/redenoticiaz.com.br\\\/ribeiraopreto-regiao\\\/sp\\\/2022\\\/06\\\/21\\\/campeonato-de-futebol-amador-2022-entra-na-5a-rodada-da-competicao\",\"url\":\"https:\\\/\\\/redenoticiaz.com.br\\\/ribeiraopreto-regiao\\\/sp\\\/2022\\\/06\\\/21\\\/campeonato-de-futebol-amador-2022-entra-na-5a-rodada-da-competicao\",\"name\":\"Campeonato de Futebol Amador 2022 entra na 5\u00aa rodada da competi\u00e7\u00e3o - Ribeir\u00e3o Preto e Regi\u00e3o\",\"isPartOf\":{\"@id\":\"https:\\\/\\\/redenoticiaz.com.br\\\/ribeiraopreto-regiao\\\/#website\"},\"primaryImageOfPage\":{\"@id\":\"https:\\\/\\\/redenoticiaz.com.br\\\/ribeiraopreto-regiao\\\/sp\\\/2022\\\/06\\\/21\\\/campeonato-de-futebol-amador-2022-entra-na-5a-rodada-da-competicao#primaryimage\"},\"image\":{\"@id\":\"https:\\\/\\\/redenoticiaz.com.br\\\/ribeiraopreto-regiao\\\/sp\\\/2022\\\/06\\\/21\\\/campeonato-de-futebol-amador-2022-entra-na-5a-rodada-da-competicao#primaryimage\"},\"thumbnailUrl\":\"https:\\\/\\\/redenoticiaz.com.br\\\/ribeiraopreto-regiao\\\/wp-content\\\/uploads\\\/sites\\\/4\\\/2022\\\/06\\\/Campeonato-Amador-2022-scaled.jpg\",\"datePublished\":\"2022-06-21T19:21:06+00:00\",\"description\":\"Promovido pela\u00a0Prefeitura de Ol\u00edmpia, por meio da\u00a0secretaria de Esporte, Lazer e Juventude, o campeonato entrar\u00e1 na\u00a05\u00aa rodada\u00a0da competi\u00e7\u00e3o.\",\"inLanguage\":\"pt-BR\",\"potentialAction\":[{\"@type\":\"ReadAction\",\"target\":[\"https:\\\/\\\/redenoticiaz.com.br\\\/ribeiraopreto-regiao\\\/sp\\\/2022\\\/06\\\/21\\\/campeonato-de-futebol-amador-2022-entra-na-5a-rodada-da-competicao\"]}]},{\"@type\":\"ImageObject\",\"inLanguage\":\"pt-BR\",\"@id\":\"https:\\\/\\\/redenoticiaz.com.br\\\/ribeiraopreto-regiao\\\/sp\\\/2022\\\/06\\\/21\\\/campeonato-de-futebol-amador-2022-entra-na-5a-rodada-da-competicao#primaryimage\",\"url\":\"https:\\\/\\\/redenoticiaz.com.br\\\/ribeiraopreto-regiao\\\/wp-content\\\/uploads\\\/sites\\\/4\\\/2022\\\/06\\\/Campeonato-Amador-2022-scaled.jpg\",\"contentUrl\":\"https:\\\/\\\/redenoticiaz.com.br\\\/ribeiraopreto-regiao\\\/wp-content\\\/uploads\\\/sites\\\/4\\\/2022\\\/06\\\/Campeonato-Amador-2022-scaled.jpg\",\"width\":1514,\"height\":1080,\"caption\":\"5\u00b0 Rodada do Campeonato Amador 2022. Cr\u00e9dito: Divulga\u00e7\u00e3o\"},{\"@type\":\"WebSite\",\"@id\":\"https:\\\/\\\/redenoticiaz.com.br\\\/ribeiraopreto-regiao\\\/#website\",\"url\":\"https:\\\/\\\/redenoticiaz.com.br\\\/ribeiraopreto-regiao\\\/\",\"name\":\"Ribeir\u00e3o Preto e Regi\u00e3o\",\"description\":\"Rede NoticiaZ - Ribeir\u00e3o Preto e regi\u00e3o\",\"publisher\":{\"@id\":\"https:\\\/\\\/redenoticiaz.com.br\\\/ribeiraopreto-regiao\\\/#organization\"},\"potentialAction\":[{\"@type\":\"SearchAction\",\"target\":{\"@type\":\"EntryPoint\",\"urlTemplate\":\"https:\\\/\\\/redenoticiaz.com.br\\\/ribeiraopreto-regiao\\\/?s={search_term_string}\"},\"query-input\":{\"@type\":\"PropertyValueSpecification\",\"valueRequired\":true,\"valueName\":\"search_term_string\"}}],\"inLanguage\":\"pt-BR\"},{\"@type\":\"Organization\",\"@id\":\"https:\\\/\\\/redenoticiaz.com.br\\\/ribeiraopreto-regiao\\\/#organization\",\"name\":\"Ribeir\u00e3o Preto e Regi\u00e3o\",\"url\":\"https:\\\/\\\/redenoticiaz.com.br\\\/ribeiraopreto-regiao\\\/\",\"logo\":{\"@type\":\"ImageObject\",\"inLanguage\":\"pt-BR\",\"@id\":\"https:\\\/\\\/redenoticiaz.com.br\\\/ribeiraopreto-regiao\\\/#\\\/schema\\\/logo\\\/image\\\/\",\"url\":\"https:\\\/\\\/redenoticiaz.com.br\\\/barretos-regiao\\\/wp-content\\\/uploads\\\/sites\\\/4\\\/2022\\\/02\\\/logo.jpg\",\"contentUrl\":\"https:\\\/\\\/redenoticiaz.com.br\\\/barretos-regiao\\\/wp-content\\\/uploads\\\/sites\\\/4\\\/2022\\\/02\\\/logo.jpg\",\"width\":400,\"height\":250,\"caption\":\"Ribeir\u00e3o Preto e Regi\u00e3o\"},\"image\":{\"@id\":\"https:\\\/\\\/redenoticiaz.com.br\\\/ribeiraopreto-regiao\\\/#\\\/schema\\\/logo\\\/image\\\/\"},\"sameAs\":[\"https:\\\/\\\/m.facebook.com\\\/redenoticiaz.barretos\",\"https:\\\/\\\/x.com\\\/RN_barretos\",\"https:\\\/\\\/www.instagram.com\\\/redenoticiaz.barretos\\\/?igshid=YmMyMTA2M2Y\",\"https:\\\/\\\/www.linkedin.com\\\/company\\\/rede-noticiaz-barretos-e-regio\\\/\"]},{\"@type\":\"Person\",\"@id\":\"\",\"url\":\"https:\\\/\\\/redenoticiaz.com.br\\\/ribeiraopreto-regiao\\\/sp\\\/author\"}]}<\/script>\n<!-- \/ Yoast SEO plugin. -->","yoast_head_json":{"title":"Campeonato de Futebol Amador 2022 entra na 5\u00aa rodada da competi\u00e7\u00e3o - Ribeir\u00e3o Preto e Regi\u00e3o","description":"Promovido pela\u00a0Prefeitura de Ol\u00edmpia, por meio da\u00a0secretaria de Esporte, Lazer e Juventude, o campeonato entrar\u00e1 na\u00a05\u00aa rodada\u00a0da competi\u00e7\u00e3o.","robots":{"index":"index","follow":"follow","max-snippet":"max-snippet:-1","max-image-preview":"max-image-preview:large","max-video-preview":"max-video-preview:-1"},"canonical":"https:\/\/redenoticiaz.com.br\/ribeiraopreto-regiao\/sp\/2022\/06\/21\/campeonato-de-futebol-amador-2022-entra-na-5a-rodada-da-competicao","og_locale":"pt_BR","og_type":"article","og_title":"Campeonato de Futebol Amador 2022 entra na 5\u00aa rodada da competi\u00e7\u00e3o - Ribeir\u00e3o Preto e Regi\u00e3o","og_description":"Promovido pela\u00a0Prefeitura de Ol\u00edmpia, por meio da\u00a0secretaria de Esporte, Lazer e Juventude, o campeonato entrar\u00e1 na\u00a05\u00aa rodada\u00a0da competi\u00e7\u00e3o.","og_url":"https:\/\/redenoticiaz.com.br\/ribeiraopreto-regiao\/sp\/2022\/06\/21\/campeonato-de-futebol-amador-2022-entra-na-5a-rodada-da-competicao","og_site_name":"Ribeir\u00e3o Preto e Regi\u00e3o","article_publisher":"https:\/\/m.facebook.com\/redenoticiaz.barretos","article_published_time":"2022-06-21T19:21:06+00:00","og_image":[{"width":1514,"height":1080,"url":"https:\/\/redenoticiaz.com.br\/ribeiraopreto-regiao\/wp-content\/uploads\/sites\/4\/2022\/06\/Campeonato-Amador-2022-scaled.jpg","type":"image\/jpeg"}],"twitter_card":"summary_large_image","twitter_creator":"@RN_barretos","twitter_site":"@RN_barretos","twitter_misc":{"Escrito por":"","Est. tempo de leitura":"1 minuto"},"schema":{"@context":"https:\/\/schema.org","@graph":[{"@type":"Article","@id":"https:\/\/redenoticiaz.com.br\/ribeiraopreto-regiao\/sp\/2022\/06\/21\/campeonato-de-futebol-amador-2022-entra-na-5a-rodada-da-competicao#article","isPartOf":{"@id":"https:\/\/redenoticiaz.com.br\/ribeiraopreto-regiao\/sp\/2022\/06\/21\/campeonato-de-futebol-amador-2022-entra-na-5a-rodada-da-competicao"},"author":{"name":"","@id":""},"headline":"Campeonato de Futebol Amador 2022 entra na 5\u00aa rodada da competi\u00e7\u00e3o","datePublished":"2022-06-21T19:21:06+00:00","mainEntityOfPage":{"@id":"https:\/\/redenoticiaz.com.br\/ribeiraopreto-regiao\/sp\/2022\/06\/21\/campeonato-de-futebol-amador-2022-entra-na-5a-rodada-da-competicao"},"wordCount":237,"commentCount":0,"publisher":{"@id":"https:\/\/redenoticiaz.com.br\/ribeiraopreto-regiao\/#organization"},"image":{"@id":"https:\/\/redenoticiaz.com.br\/ribeiraopreto-regiao\/sp\/2022\/06\/21\/campeonato-de-futebol-amador-2022-entra-na-5a-rodada-da-competicao#primaryimage"},"thumbnailUrl":"https:\/\/redenoticiaz.com.br\/ribeiraopreto-regiao\/wp-content\/uploads\/sites\/4\/2022\/06\/Campeonato-Amador-2022-scaled.jpg","keywords":["5 RADADA","CAMPEONATO AMADOR 2022","COMPETI\u00c7\u00c3O","OLIMP\u00cdA","SANTA TEREZINHA","S\u00d3 A NATA"],"articleSection":["Esporte"],"inLanguage":"pt-BR","potentialAction":[{"@type":"CommentAction","name":"Comment","target":["https:\/\/redenoticiaz.com.br\/ribeiraopreto-regiao\/sp\/2022\/06\/21\/campeonato-de-futebol-amador-2022-entra-na-5a-rodada-da-competicao#respond"]}]},{"@type":"WebPage","@id":"https:\/\/redenoticiaz.com.br\/ribeiraopreto-regiao\/sp\/2022\/06\/21\/campeonato-de-futebol-amador-2022-entra-na-5a-rodada-da-competicao","url":"https:\/\/redenoticiaz.com.br\/ribeiraopreto-regiao\/sp\/2022\/06\/21\/campeonato-de-futebol-amador-2022-entra-na-5a-rodada-da-competicao","name":"Campeonato de Futebol Amador 2022 entra na 5\u00aa rodada da competi\u00e7\u00e3o - Ribeir\u00e3o Preto e Regi\u00e3o","isPartOf":{"@id":"https:\/\/redenoticiaz.com.br\/ribeiraopreto-regiao\/#website"},"primaryImageOfPage":{"@id":"https:\/\/redenoticiaz.com.br\/ribeiraopreto-regiao\/sp\/2022\/06\/21\/campeonato-de-futebol-amador-2022-entra-na-5a-rodada-da-competicao#primaryimage"},"image":{"@id":"https:\/\/redenoticiaz.com.br\/ribeiraopreto-regiao\/sp\/2022\/06\/21\/campeonato-de-futebol-amador-2022-entra-na-5a-rodada-da-competicao#primaryimage"},"thumbnailUrl":"https:\/\/redenoticiaz.com.br\/ribeiraopreto-regiao\/wp-content\/uploads\/sites\/4\/2022\/06\/Campeonato-Amador-2022-scaled.jpg","datePublished":"2022-06-21T19:21:06+00:00","description":"Promovido pela\u00a0Prefeitura de Ol\u00edmpia, por meio da\u00a0secretaria de Esporte, Lazer e Juventude, o campeonato entrar\u00e1 na\u00a05\u00aa rodada\u00a0da competi\u00e7\u00e3o.","inLanguage":"pt-BR","potentialAction":[{"@type":"ReadAction","target":["https:\/\/redenoticiaz.com.br\/ribeiraopreto-regiao\/sp\/2022\/06\/21\/campeonato-de-futebol-amador-2022-entra-na-5a-rodada-da-competicao"]}]},{"@type":"ImageObject","inLanguage":"pt-BR","@id":"https:\/\/redenoticiaz.com.br\/ribeiraopreto-regiao\/sp\/2022\/06\/21\/campeonato-de-futebol-amador-2022-entra-na-5a-rodada-da-competicao#primaryimage","url":"https:\/\/redenoticiaz.com.br\/ribeiraopreto-regiao\/wp-content\/uploads\/sites\/4\/2022\/06\/Campeonato-Amador-2022-scaled.jpg","contentUrl":"https:\/\/redenoticiaz.com.br\/ribeiraopreto-regiao\/wp-content\/uploads\/sites\/4\/2022\/06\/Campeonato-Amador-2022-scaled.jpg","width":1514,"height":1080,"caption":"5\u00b0 Rodada do Campeonato Amador 2022. Cr\u00e9dito: Divulga\u00e7\u00e3o"},{"@type":"WebSite","@id":"https:\/\/redenoticiaz.com.br\/ribeiraopreto-regiao\/#website","url":"https:\/\/redenoticiaz.com.br\/ribeiraopreto-regiao\/","name":"Ribeir\u00e3o Preto e Regi\u00e3o","description":"Rede NoticiaZ - Ribeir\u00e3o Preto e regi\u00e3o","publisher":{"@id":"https:\/\/redenoticiaz.com.br\/ribeiraopreto-regiao\/#organization"},"potentialAction":[{"@type":"SearchAction","target":{"@type":"EntryPoint","urlTemplate":"https:\/\/redenoticiaz.com.br\/ribeiraopreto-regiao\/?s={search_term_string}"},"query-input":{"@type":"PropertyValueSpecification","valueRequired":true,"valueName":"search_term_string"}}],"inLanguage":"pt-BR"},{"@type":"Organization","@id":"https:\/\/redenoticiaz.com.br\/ribeiraopreto-regiao\/#organization","name":"Ribeir\u00e3o Preto e Regi\u00e3o","url":"https:\/\/redenoticiaz.com.br\/ribeiraopreto-regiao\/","logo":{"@type":"ImageObject","inLanguage":"pt-BR","@id":"https:\/\/redenoticiaz.com.br\/ribeiraopreto-regiao\/#\/schema\/logo\/image\/","url":"https:\/\/redenoticiaz.com.br\/barretos-regiao\/wp-content\/uploads\/sites\/4\/2022\/02\/logo.jpg","contentUrl":"https:\/\/redenoticiaz.com.br\/barretos-regiao\/wp-content\/uploads\/sites\/4\/2022\/02\/logo.jpg","width":400,"height":250,"caption":"Ribeir\u00e3o Preto e Regi\u00e3o"},"image":{"@id":"https:\/\/redenoticiaz.com.br\/ribeiraopreto-regiao\/#\/schema\/logo\/image\/"},"sameAs":["https:\/\/m.facebook.com\/redenoticiaz.barretos","https:\/\/x.com\/RN_barretos","https:\/\/www.instagram.com\/redenoticiaz.barretos\/?igshid=YmMyMTA2M2Y","https:\/\/www.linkedin.com\/company\/rede-noticiaz-barretos-e-regio\/"]},{"@type":"Person","@id":"","url":"https:\/\/redenoticiaz.com.br\/ribeiraopreto-regiao\/sp\/author"}]}},"_links":{"self":[{"href":"https:\/\/redenoticiaz.com.br\/ribeiraopreto-regiao\/wp-json\/wp\/v2\/posts\/86530","targetHints":{"allow":["GET"]}}],"collection":[{"href":"https:\/\/redenoticiaz.com.br\/ribeiraopreto-regiao\/wp-json\/wp\/v2\/posts"}],"about":[{"href":"https:\/\/redenoticiaz.com.br\/ribeiraopreto-regiao\/wp-json\/wp\/v2\/types\/post"}],"author":[{"embeddable":true,"href":"https:\/\/redenoticiaz.com.br\/ribeiraopreto-regiao\/wp-json\/wp\/v2\/users\/15"}],"replies":[{"embeddable":true,"href":"https:\/\/redenoticiaz.com.br\/ribeiraopreto-regiao\/wp-json\/wp\/v2\/comments?post=86530"}],"version-history":[{"count":1,"href":"https:\/\/redenoticiaz.com.br\/ribeiraopreto-regiao\/wp-json\/wp\/v2\/posts\/86530\/revisions"}],"predecessor-version":[{"id":86532,"href":"https:\/\/redenoticiaz.com.br\/ribeiraopreto-regiao\/wp-json\/wp\/v2\/posts\/86530\/revisions\/86532"}],"wp:featuredmedia":[{"embeddable":true,"href":"https:\/\/redenoticiaz.com.br\/ribeiraopreto-regiao\/wp-json\/wp\/v2\/media\/86531"}],"wp:attachment":[{"href":"https:\/\/redenoticiaz.com.br\/ribeiraopreto-regiao\/wp-json\/wp\/v2\/media?parent=86530"}],"wp:term":[{"taxonomy":"category","embeddable":true,"href":"https:\/\/redenoticiaz.com.br\/ribeiraopreto-regiao\/wp-json\/wp\/v2\/categories?post=86530"},{"taxonomy":"post_tag","embeddable":true,"href":"https:\/\/redenoticiaz.com.br\/ribeiraopreto-regiao\/wp-json\/wp\/v2\/tags?post=86530"}],"curies":[{"name":"wp","href":"https:\/\/api.w.org\/{rel}","templated":true}]}}