{"id":86687,"date":"2022-06-23T17:28:28","date_gmt":"2022-06-23T20:28:28","guid":{"rendered":"https:\/\/redenoticiaz.com.br\/barretos-regiao\/?p=86687"},"modified":"2022-06-23T17:28:28","modified_gmt":"2022-06-23T20:28:28","slug":"olimpia-estima-receber-cerca-de-350-mil-turistas-para-temporada-de-ferias-em-julho","status":"publish","type":"post","link":"https:\/\/redenoticiaz.com.br\/ribeiraopreto-regiao\/sp\/2022\/06\/23\/olimpia-estima-receber-cerca-de-350-mil-turistas-para-temporada-de-ferias-em-julho","title":{"rendered":"Ol\u00edmpia estima receber cerca de 350 mil turistas para temporada de f\u00e9rias em julho"},"content":{"rendered":"<p class=\"v1MsoNormal\"><span style=\"font-family: arial, sans-serif\">Considerado um dos melhores meses de visita\u00e7\u00e3o do destino, a Est\u00e2ncia Tur\u00edstica de Ol\u00edmpia estima receber cerca de 350 mil turistas durante todo o m\u00eas de julho. A expectativa positiva, segundo a secretaria de Turismo e Cultura, se deve ao per\u00edodo de f\u00e9rias escolares.<\/span><\/p>\n<p class=\"v1MsoNormal\"><span style=\"font-family: arial, sans-serif\">De acordo com as pesquisas de ocupa\u00e7\u00e3o realizadas mensalmente, julho \u00e9 historicamente o segundo m\u00eas com maior fluxo de visitantes do ano. Em 2021, a cidade recebeu no decorrer do m\u00eas mais de 340 mil pessoas, n\u00famero que deve ser superado neste ano, tendo em vista que, no mesmo per\u00edodo do ano passado, os atrativos tur\u00edsticos e meios de hospedagem operavam com 60% da capacidade total.<\/span><\/p>\n<p class=\"v1MsoNormal\"><span style=\"font-family: arial, sans-serif\">Ol\u00edmpia tamb\u00e9m costuma ser bem frequentada no referido m\u00eas, considerando que o perfil da grande maioria dos visitantes \u00e9 de fam\u00edlias, composta por casal e filhos, geralmente crian\u00e7as abaixo dos 12 anos, atra\u00eddas pelas op\u00e7\u00f5es de divers\u00e3o dos parques.<\/span><\/p>\n<p class=\"v1MsoNormal\"><span style=\"font-family: arial, sans-serif\">Desta forma, as f\u00e9rias escolares tanto de julho como de dezembro\/janeiro s\u00e3o consideradas os per\u00edodos de alta temporada do munic\u00edpio. A boa ocupa\u00e7\u00e3o do pr\u00f3ximo m\u00eas mostra ainda que, mesmo no inverno, a cidade \u00e9 bastante procurada pelos visitantes, uma vez que as piscinas contam com \u00e1guas termais e aquecidas, com temperatura acima dos 30\u00ba C, o que garante conforto e divers\u00e3o para os turistas mesmo em dias de clima mais ameno.<\/span><\/p>\n<p class=\"v1MsoNormal\"><span style=\"font-family: arial, sans-serif\">Segundo a secretaria de Turismo, de janeiro a maio deste ano, Ol\u00edmpia j\u00e1 recebeu cerca de 1,2 milh\u00e3o de pessoas, o que demonstra a retomada aquecida das atividades do principal setor que movimenta a economia local.<\/span><\/p>\n<p class=\"v1MsoNormal\"><span style=\"font-family: arial, sans-serif\"><em>&#8220;O Turismo foi um dos setores mais impactados pela pandemia e, em Ol\u00edmpia, n\u00e3o foi diferente. A cidade vive sua melhor fase de crescimento e sofreu uma brusca desacelera\u00e7\u00e3o por quase dois anos. Hoje, ainda que inst\u00e1vel devido \u00e0 oscila\u00e7\u00e3o de casos, as pessoas voltaram a viajar e, prova disso, \u00e9 o grande fluxo de turistas que j\u00e1 recebemos nos primeiros cinco meses do ano e a expectativa para o m\u00eas de julho. Ol\u00edmpia \u00e9 um destino de f\u00e1cil acesso, cercado por boas rodovias e aeroportos pr\u00f3ximos, em uma localiza\u00e7\u00e3o privilegiada do Estado de S\u00e3o Paulo, e com ampla infraestrutura hoteleira e de entretenimento, o que influencia na escolha das fam\u00edlias&#8221;<\/em>, analisou o prefeito Fernando Cunha.<\/span><\/p>\n<div><strong>VEJA TAMB\u00c9M:\u00a0<a href=\"https:\/\/redenoticiaz.com.br\/barretos-regiao\/sp\/2022\/04\/08\/barretos-participa-de-evento-que-promove-o-turismo-na-america-latina\">Barretos participa de evento que promove o turismo na Am\u00e9rica Latina<\/a><\/strong><\/div>\n","protected":false},"excerpt":{"rendered":"<p>Considerado um dos melhores meses de visita\u00e7\u00e3o do destino, a Est\u00e2ncia Tur\u00edstica de Ol\u00edmpia estima receber cerca de 350 mil turistas durante todo o m\u00eas de julho. A expectativa positiva, segundo a secretaria de Turismo e Cultura, se deve ao per\u00edodo de f\u00e9rias escolares. De acordo com as pesquisas de ocupa\u00e7\u00e3o realizadas mensalmente, julho \u00e9 &hellip;<\/p>\n","protected":false},"author":15,"featured_media":86688,"comment_status":"open","ping_status":"closed","sticky":false,"template":"","format":"standard","meta":{"footnotes":""},"categories":[330],"tags":[17998,814,18040,18039],"class_list":["post-86687","post","type-post","status-publish","format-standard","has-post-thumbnail","hentry","category-turismo","tag-ferias","tag-olimpia","tag-temporada","tag-turista"],"yoast_head":"<!-- This site is optimized with the Yoast SEO plugin v27.5 - https:\/\/yoast.com\/product\/yoast-seo-wordpress\/ -->\n<title>Ol\u00edmpia estima receber cerca de 350 mil turistas para temporada de f\u00e9rias em julho - Ribeir\u00e3o Preto e Regi\u00e3o<\/title>\n<meta name=\"description\" content=\"Considerado um dos melhores meses de visita\u00e7\u00e3o do destino, a Est\u00e2ncia Tur\u00edstica de Ol\u00edmpia estima receber cerca de 350 mil turistas.\" \/>\n<meta name=\"robots\" content=\"index, follow, max-snippet:-1, max-image-preview:large, max-video-preview:-1\" \/>\n<link rel=\"canonical\" href=\"https:\/\/redenoticiaz.com.br\/ribeiraopreto-regiao\/sp\/2022\/06\/23\/olimpia-estima-receber-cerca-de-350-mil-turistas-para-temporada-de-ferias-em-julho\" \/>\n<meta property=\"og:locale\" content=\"pt_BR\" \/>\n<meta property=\"og:type\" content=\"article\" \/>\n<meta property=\"og:title\" content=\"Ol\u00edmpia estima receber cerca de 350 mil turistas para temporada de f\u00e9rias em julho - Ribeir\u00e3o Preto e Regi\u00e3o\" \/>\n<meta property=\"og:description\" content=\"Considerado um dos melhores meses de visita\u00e7\u00e3o do destino, a Est\u00e2ncia Tur\u00edstica de Ol\u00edmpia estima receber cerca de 350 mil turistas.\" \/>\n<meta property=\"og:url\" content=\"https:\/\/redenoticiaz.com.br\/ribeiraopreto-regiao\/sp\/2022\/06\/23\/olimpia-estima-receber-cerca-de-350-mil-turistas-para-temporada-de-ferias-em-julho\" \/>\n<meta property=\"og:site_name\" content=\"Ribeir\u00e3o Preto e Regi\u00e3o\" \/>\n<meta property=\"article:publisher\" content=\"https:\/\/m.facebook.com\/redenoticiaz.barretos\" \/>\n<meta property=\"article:published_time\" content=\"2022-06-23T20:28:28+00:00\" \/>\n<meta property=\"og:image\" content=\"https:\/\/redenoticiaz.com.br\/ribeiraopreto-regiao\/wp-content\/uploads\/sites\/4\/2022\/06\/Visitacao-Olimpia-scaled.jpg\" \/>\n\t<meta property=\"og:image:width\" content=\"1920\" \/>\n\t<meta property=\"og:image:height\" content=\"1079\" \/>\n\t<meta property=\"og:image:type\" content=\"image\/jpeg\" \/>\n<meta name=\"twitter:card\" content=\"summary_large_image\" \/>\n<meta name=\"twitter:creator\" content=\"@RN_barretos\" \/>\n<meta name=\"twitter:site\" content=\"@RN_barretos\" \/>\n<meta name=\"twitter:label1\" content=\"Escrito por\" \/>\n\t<meta name=\"twitter:data1\" content=\"\" \/>\n\t<meta name=\"twitter:label2\" content=\"Est. tempo de leitura\" \/>\n\t<meta name=\"twitter:data2\" content=\"2 minutos\" \/>\n<script type=\"application\/ld+json\" class=\"yoast-schema-graph\">{\"@context\":\"https:\\\/\\\/schema.org\",\"@graph\":[{\"@type\":\"Article\",\"@id\":\"https:\\\/\\\/redenoticiaz.com.br\\\/ribeiraopreto-regiao\\\/sp\\\/2022\\\/06\\\/23\\\/olimpia-estima-receber-cerca-de-350-mil-turistas-para-temporada-de-ferias-em-julho#article\",\"isPartOf\":{\"@id\":\"https:\\\/\\\/redenoticiaz.com.br\\\/ribeiraopreto-regiao\\\/sp\\\/2022\\\/06\\\/23\\\/olimpia-estima-receber-cerca-de-350-mil-turistas-para-temporada-de-ferias-em-julho\"},\"author\":{\"name\":\"\",\"@id\":\"\"},\"headline\":\"Ol\u00edmpia estima receber cerca de 350 mil turistas para temporada de f\u00e9rias em julho\",\"datePublished\":\"2022-06-23T20:28:28+00:00\",\"mainEntityOfPage\":{\"@id\":\"https:\\\/\\\/redenoticiaz.com.br\\\/ribeiraopreto-regiao\\\/sp\\\/2022\\\/06\\\/23\\\/olimpia-estima-receber-cerca-de-350-mil-turistas-para-temporada-de-ferias-em-julho\"},\"wordCount\":434,\"commentCount\":0,\"publisher\":{\"@id\":\"https:\\\/\\\/redenoticiaz.com.br\\\/ribeiraopreto-regiao\\\/#organization\"},\"image\":{\"@id\":\"https:\\\/\\\/redenoticiaz.com.br\\\/ribeiraopreto-regiao\\\/sp\\\/2022\\\/06\\\/23\\\/olimpia-estima-receber-cerca-de-350-mil-turistas-para-temporada-de-ferias-em-julho#primaryimage\"},\"thumbnailUrl\":\"https:\\\/\\\/redenoticiaz.com.br\\\/ribeiraopreto-regiao\\\/wp-content\\\/uploads\\\/sites\\\/4\\\/2022\\\/06\\\/Visitacao-Olimpia-scaled.jpg\",\"keywords\":[\"F\u00c9RIAS\",\"OLIMP\u00cdA\",\"TEMPORADA\",\"TURISTA\"],\"articleSection\":[\"Turismo\"],\"inLanguage\":\"pt-BR\",\"potentialAction\":[{\"@type\":\"CommentAction\",\"name\":\"Comment\",\"target\":[\"https:\\\/\\\/redenoticiaz.com.br\\\/ribeiraopreto-regiao\\\/sp\\\/2022\\\/06\\\/23\\\/olimpia-estima-receber-cerca-de-350-mil-turistas-para-temporada-de-ferias-em-julho#respond\"]}]},{\"@type\":\"WebPage\",\"@id\":\"https:\\\/\\\/redenoticiaz.com.br\\\/ribeiraopreto-regiao\\\/sp\\\/2022\\\/06\\\/23\\\/olimpia-estima-receber-cerca-de-350-mil-turistas-para-temporada-de-ferias-em-julho\",\"url\":\"https:\\\/\\\/redenoticiaz.com.br\\\/ribeiraopreto-regiao\\\/sp\\\/2022\\\/06\\\/23\\\/olimpia-estima-receber-cerca-de-350-mil-turistas-para-temporada-de-ferias-em-julho\",\"name\":\"Ol\u00edmpia estima receber cerca de 350 mil turistas para temporada de f\u00e9rias em julho - Ribeir\u00e3o Preto e Regi\u00e3o\",\"isPartOf\":{\"@id\":\"https:\\\/\\\/redenoticiaz.com.br\\\/ribeiraopreto-regiao\\\/#website\"},\"primaryImageOfPage\":{\"@id\":\"https:\\\/\\\/redenoticiaz.com.br\\\/ribeiraopreto-regiao\\\/sp\\\/2022\\\/06\\\/23\\\/olimpia-estima-receber-cerca-de-350-mil-turistas-para-temporada-de-ferias-em-julho#primaryimage\"},\"image\":{\"@id\":\"https:\\\/\\\/redenoticiaz.com.br\\\/ribeiraopreto-regiao\\\/sp\\\/2022\\\/06\\\/23\\\/olimpia-estima-receber-cerca-de-350-mil-turistas-para-temporada-de-ferias-em-julho#primaryimage\"},\"thumbnailUrl\":\"https:\\\/\\\/redenoticiaz.com.br\\\/ribeiraopreto-regiao\\\/wp-content\\\/uploads\\\/sites\\\/4\\\/2022\\\/06\\\/Visitacao-Olimpia-scaled.jpg\",\"datePublished\":\"2022-06-23T20:28:28+00:00\",\"description\":\"Considerado um dos melhores meses de visita\u00e7\u00e3o do destino, a Est\u00e2ncia Tur\u00edstica de Ol\u00edmpia estima receber cerca de 350 mil turistas.\",\"inLanguage\":\"pt-BR\",\"potentialAction\":[{\"@type\":\"ReadAction\",\"target\":[\"https:\\\/\\\/redenoticiaz.com.br\\\/ribeiraopreto-regiao\\\/sp\\\/2022\\\/06\\\/23\\\/olimpia-estima-receber-cerca-de-350-mil-turistas-para-temporada-de-ferias-em-julho\"]}]},{\"@type\":\"ImageObject\",\"inLanguage\":\"pt-BR\",\"@id\":\"https:\\\/\\\/redenoticiaz.com.br\\\/ribeiraopreto-regiao\\\/sp\\\/2022\\\/06\\\/23\\\/olimpia-estima-receber-cerca-de-350-mil-turistas-para-temporada-de-ferias-em-julho#primaryimage\",\"url\":\"https:\\\/\\\/redenoticiaz.com.br\\\/ribeiraopreto-regiao\\\/wp-content\\\/uploads\\\/sites\\\/4\\\/2022\\\/06\\\/Visitacao-Olimpia-scaled.jpg\",\"contentUrl\":\"https:\\\/\\\/redenoticiaz.com.br\\\/ribeiraopreto-regiao\\\/wp-content\\\/uploads\\\/sites\\\/4\\\/2022\\\/06\\\/Visitacao-Olimpia-scaled.jpg\",\"width\":1920,\"height\":1079,\"caption\":\"A cidade espera 350 mil turistas. Cr\u00e9dito: Reprodu\u00e7\u00e3o\"},{\"@type\":\"WebSite\",\"@id\":\"https:\\\/\\\/redenoticiaz.com.br\\\/ribeiraopreto-regiao\\\/#website\",\"url\":\"https:\\\/\\\/redenoticiaz.com.br\\\/ribeiraopreto-regiao\\\/\",\"name\":\"Ribeir\u00e3o Preto e Regi\u00e3o\",\"description\":\"Rede NoticiaZ - Ribeir\u00e3o Preto e regi\u00e3o\",\"publisher\":{\"@id\":\"https:\\\/\\\/redenoticiaz.com.br\\\/ribeiraopreto-regiao\\\/#organization\"},\"potentialAction\":[{\"@type\":\"SearchAction\",\"target\":{\"@type\":\"EntryPoint\",\"urlTemplate\":\"https:\\\/\\\/redenoticiaz.com.br\\\/ribeiraopreto-regiao\\\/?s={search_term_string}\"},\"query-input\":{\"@type\":\"PropertyValueSpecification\",\"valueRequired\":true,\"valueName\":\"search_term_string\"}}],\"inLanguage\":\"pt-BR\"},{\"@type\":\"Organization\",\"@id\":\"https:\\\/\\\/redenoticiaz.com.br\\\/ribeiraopreto-regiao\\\/#organization\",\"name\":\"Ribeir\u00e3o Preto e Regi\u00e3o\",\"url\":\"https:\\\/\\\/redenoticiaz.com.br\\\/ribeiraopreto-regiao\\\/\",\"logo\":{\"@type\":\"ImageObject\",\"inLanguage\":\"pt-BR\",\"@id\":\"https:\\\/\\\/redenoticiaz.com.br\\\/ribeiraopreto-regiao\\\/#\\\/schema\\\/logo\\\/image\\\/\",\"url\":\"https:\\\/\\\/redenoticiaz.com.br\\\/barretos-regiao\\\/wp-content\\\/uploads\\\/sites\\\/4\\\/2022\\\/02\\\/logo.jpg\",\"contentUrl\":\"https:\\\/\\\/redenoticiaz.com.br\\\/barretos-regiao\\\/wp-content\\\/uploads\\\/sites\\\/4\\\/2022\\\/02\\\/logo.jpg\",\"width\":400,\"height\":250,\"caption\":\"Ribeir\u00e3o Preto e Regi\u00e3o\"},\"image\":{\"@id\":\"https:\\\/\\\/redenoticiaz.com.br\\\/ribeiraopreto-regiao\\\/#\\\/schema\\\/logo\\\/image\\\/\"},\"sameAs\":[\"https:\\\/\\\/m.facebook.com\\\/redenoticiaz.barretos\",\"https:\\\/\\\/x.com\\\/RN_barretos\",\"https:\\\/\\\/www.instagram.com\\\/redenoticiaz.barretos\\\/?igshid=YmMyMTA2M2Y\",\"https:\\\/\\\/www.linkedin.com\\\/company\\\/rede-noticiaz-barretos-e-regio\\\/\"]},{\"@type\":\"Person\",\"@id\":\"\",\"url\":\"https:\\\/\\\/redenoticiaz.com.br\\\/ribeiraopreto-regiao\\\/sp\\\/author\"}]}<\/script>\n<!-- \/ Yoast SEO plugin. -->","yoast_head_json":{"title":"Ol\u00edmpia estima receber cerca de 350 mil turistas para temporada de f\u00e9rias em julho - Ribeir\u00e3o Preto e Regi\u00e3o","description":"Considerado um dos melhores meses de visita\u00e7\u00e3o do destino, a Est\u00e2ncia Tur\u00edstica de Ol\u00edmpia estima receber cerca de 350 mil turistas.","robots":{"index":"index","follow":"follow","max-snippet":"max-snippet:-1","max-image-preview":"max-image-preview:large","max-video-preview":"max-video-preview:-1"},"canonical":"https:\/\/redenoticiaz.com.br\/ribeiraopreto-regiao\/sp\/2022\/06\/23\/olimpia-estima-receber-cerca-de-350-mil-turistas-para-temporada-de-ferias-em-julho","og_locale":"pt_BR","og_type":"article","og_title":"Ol\u00edmpia estima receber cerca de 350 mil turistas para temporada de f\u00e9rias em julho - Ribeir\u00e3o Preto e Regi\u00e3o","og_description":"Considerado um dos melhores meses de visita\u00e7\u00e3o do destino, a Est\u00e2ncia Tur\u00edstica de Ol\u00edmpia estima receber cerca de 350 mil turistas.","og_url":"https:\/\/redenoticiaz.com.br\/ribeiraopreto-regiao\/sp\/2022\/06\/23\/olimpia-estima-receber-cerca-de-350-mil-turistas-para-temporada-de-ferias-em-julho","og_site_name":"Ribeir\u00e3o Preto e Regi\u00e3o","article_publisher":"https:\/\/m.facebook.com\/redenoticiaz.barretos","article_published_time":"2022-06-23T20:28:28+00:00","og_image":[{"width":1920,"height":1079,"url":"https:\/\/redenoticiaz.com.br\/ribeiraopreto-regiao\/wp-content\/uploads\/sites\/4\/2022\/06\/Visitacao-Olimpia-scaled.jpg","type":"image\/jpeg"}],"twitter_card":"summary_large_image","twitter_creator":"@RN_barretos","twitter_site":"@RN_barretos","twitter_misc":{"Escrito por":"","Est. tempo de leitura":"2 minutos"},"schema":{"@context":"https:\/\/schema.org","@graph":[{"@type":"Article","@id":"https:\/\/redenoticiaz.com.br\/ribeiraopreto-regiao\/sp\/2022\/06\/23\/olimpia-estima-receber-cerca-de-350-mil-turistas-para-temporada-de-ferias-em-julho#article","isPartOf":{"@id":"https:\/\/redenoticiaz.com.br\/ribeiraopreto-regiao\/sp\/2022\/06\/23\/olimpia-estima-receber-cerca-de-350-mil-turistas-para-temporada-de-ferias-em-julho"},"author":{"name":"","@id":""},"headline":"Ol\u00edmpia estima receber cerca de 350 mil turistas para temporada de f\u00e9rias em julho","datePublished":"2022-06-23T20:28:28+00:00","mainEntityOfPage":{"@id":"https:\/\/redenoticiaz.com.br\/ribeiraopreto-regiao\/sp\/2022\/06\/23\/olimpia-estima-receber-cerca-de-350-mil-turistas-para-temporada-de-ferias-em-julho"},"wordCount":434,"commentCount":0,"publisher":{"@id":"https:\/\/redenoticiaz.com.br\/ribeiraopreto-regiao\/#organization"},"image":{"@id":"https:\/\/redenoticiaz.com.br\/ribeiraopreto-regiao\/sp\/2022\/06\/23\/olimpia-estima-receber-cerca-de-350-mil-turistas-para-temporada-de-ferias-em-julho#primaryimage"},"thumbnailUrl":"https:\/\/redenoticiaz.com.br\/ribeiraopreto-regiao\/wp-content\/uploads\/sites\/4\/2022\/06\/Visitacao-Olimpia-scaled.jpg","keywords":["F\u00c9RIAS","OLIMP\u00cdA","TEMPORADA","TURISTA"],"articleSection":["Turismo"],"inLanguage":"pt-BR","potentialAction":[{"@type":"CommentAction","name":"Comment","target":["https:\/\/redenoticiaz.com.br\/ribeiraopreto-regiao\/sp\/2022\/06\/23\/olimpia-estima-receber-cerca-de-350-mil-turistas-para-temporada-de-ferias-em-julho#respond"]}]},{"@type":"WebPage","@id":"https:\/\/redenoticiaz.com.br\/ribeiraopreto-regiao\/sp\/2022\/06\/23\/olimpia-estima-receber-cerca-de-350-mil-turistas-para-temporada-de-ferias-em-julho","url":"https:\/\/redenoticiaz.com.br\/ribeiraopreto-regiao\/sp\/2022\/06\/23\/olimpia-estima-receber-cerca-de-350-mil-turistas-para-temporada-de-ferias-em-julho","name":"Ol\u00edmpia estima receber cerca de 350 mil turistas para temporada de f\u00e9rias em julho - Ribeir\u00e3o Preto e Regi\u00e3o","isPartOf":{"@id":"https:\/\/redenoticiaz.com.br\/ribeiraopreto-regiao\/#website"},"primaryImageOfPage":{"@id":"https:\/\/redenoticiaz.com.br\/ribeiraopreto-regiao\/sp\/2022\/06\/23\/olimpia-estima-receber-cerca-de-350-mil-turistas-para-temporada-de-ferias-em-julho#primaryimage"},"image":{"@id":"https:\/\/redenoticiaz.com.br\/ribeiraopreto-regiao\/sp\/2022\/06\/23\/olimpia-estima-receber-cerca-de-350-mil-turistas-para-temporada-de-ferias-em-julho#primaryimage"},"thumbnailUrl":"https:\/\/redenoticiaz.com.br\/ribeiraopreto-regiao\/wp-content\/uploads\/sites\/4\/2022\/06\/Visitacao-Olimpia-scaled.jpg","datePublished":"2022-06-23T20:28:28+00:00","description":"Considerado um dos melhores meses de visita\u00e7\u00e3o do destino, a Est\u00e2ncia Tur\u00edstica de Ol\u00edmpia estima receber cerca de 350 mil turistas.","inLanguage":"pt-BR","potentialAction":[{"@type":"ReadAction","target":["https:\/\/redenoticiaz.com.br\/ribeiraopreto-regiao\/sp\/2022\/06\/23\/olimpia-estima-receber-cerca-de-350-mil-turistas-para-temporada-de-ferias-em-julho"]}]},{"@type":"ImageObject","inLanguage":"pt-BR","@id":"https:\/\/redenoticiaz.com.br\/ribeiraopreto-regiao\/sp\/2022\/06\/23\/olimpia-estima-receber-cerca-de-350-mil-turistas-para-temporada-de-ferias-em-julho#primaryimage","url":"https:\/\/redenoticiaz.com.br\/ribeiraopreto-regiao\/wp-content\/uploads\/sites\/4\/2022\/06\/Visitacao-Olimpia-scaled.jpg","contentUrl":"https:\/\/redenoticiaz.com.br\/ribeiraopreto-regiao\/wp-content\/uploads\/sites\/4\/2022\/06\/Visitacao-Olimpia-scaled.jpg","width":1920,"height":1079,"caption":"A cidade espera 350 mil turistas. Cr\u00e9dito: Reprodu\u00e7\u00e3o"},{"@type":"WebSite","@id":"https:\/\/redenoticiaz.com.br\/ribeiraopreto-regiao\/#website","url":"https:\/\/redenoticiaz.com.br\/ribeiraopreto-regiao\/","name":"Ribeir\u00e3o Preto e Regi\u00e3o","description":"Rede NoticiaZ - Ribeir\u00e3o Preto e regi\u00e3o","publisher":{"@id":"https:\/\/redenoticiaz.com.br\/ribeiraopreto-regiao\/#organization"},"potentialAction":[{"@type":"SearchAction","target":{"@type":"EntryPoint","urlTemplate":"https:\/\/redenoticiaz.com.br\/ribeiraopreto-regiao\/?s={search_term_string}"},"query-input":{"@type":"PropertyValueSpecification","valueRequired":true,"valueName":"search_term_string"}}],"inLanguage":"pt-BR"},{"@type":"Organization","@id":"https:\/\/redenoticiaz.com.br\/ribeiraopreto-regiao\/#organization","name":"Ribeir\u00e3o Preto e Regi\u00e3o","url":"https:\/\/redenoticiaz.com.br\/ribeiraopreto-regiao\/","logo":{"@type":"ImageObject","inLanguage":"pt-BR","@id":"https:\/\/redenoticiaz.com.br\/ribeiraopreto-regiao\/#\/schema\/logo\/image\/","url":"https:\/\/redenoticiaz.com.br\/barretos-regiao\/wp-content\/uploads\/sites\/4\/2022\/02\/logo.jpg","contentUrl":"https:\/\/redenoticiaz.com.br\/barretos-regiao\/wp-content\/uploads\/sites\/4\/2022\/02\/logo.jpg","width":400,"height":250,"caption":"Ribeir\u00e3o Preto e Regi\u00e3o"},"image":{"@id":"https:\/\/redenoticiaz.com.br\/ribeiraopreto-regiao\/#\/schema\/logo\/image\/"},"sameAs":["https:\/\/m.facebook.com\/redenoticiaz.barretos","https:\/\/x.com\/RN_barretos","https:\/\/www.instagram.com\/redenoticiaz.barretos\/?igshid=YmMyMTA2M2Y","https:\/\/www.linkedin.com\/company\/rede-noticiaz-barretos-e-regio\/"]},{"@type":"Person","@id":"","url":"https:\/\/redenoticiaz.com.br\/ribeiraopreto-regiao\/sp\/author"}]}},"_links":{"self":[{"href":"https:\/\/redenoticiaz.com.br\/ribeiraopreto-regiao\/wp-json\/wp\/v2\/posts\/86687","targetHints":{"allow":["GET"]}}],"collection":[{"href":"https:\/\/redenoticiaz.com.br\/ribeiraopreto-regiao\/wp-json\/wp\/v2\/posts"}],"about":[{"href":"https:\/\/redenoticiaz.com.br\/ribeiraopreto-regiao\/wp-json\/wp\/v2\/types\/post"}],"author":[{"embeddable":true,"href":"https:\/\/redenoticiaz.com.br\/ribeiraopreto-regiao\/wp-json\/wp\/v2\/users\/15"}],"replies":[{"embeddable":true,"href":"https:\/\/redenoticiaz.com.br\/ribeiraopreto-regiao\/wp-json\/wp\/v2\/comments?post=86687"}],"version-history":[{"count":1,"href":"https:\/\/redenoticiaz.com.br\/ribeiraopreto-regiao\/wp-json\/wp\/v2\/posts\/86687\/revisions"}],"predecessor-version":[{"id":86689,"href":"https:\/\/redenoticiaz.com.br\/ribeiraopreto-regiao\/wp-json\/wp\/v2\/posts\/86687\/revisions\/86689"}],"wp:featuredmedia":[{"embeddable":true,"href":"https:\/\/redenoticiaz.com.br\/ribeiraopreto-regiao\/wp-json\/wp\/v2\/media\/86688"}],"wp:attachment":[{"href":"https:\/\/redenoticiaz.com.br\/ribeiraopreto-regiao\/wp-json\/wp\/v2\/media?parent=86687"}],"wp:term":[{"taxonomy":"category","embeddable":true,"href":"https:\/\/redenoticiaz.com.br\/ribeiraopreto-regiao\/wp-json\/wp\/v2\/categories?post=86687"},{"taxonomy":"post_tag","embeddable":true,"href":"https:\/\/redenoticiaz.com.br\/ribeiraopreto-regiao\/wp-json\/wp\/v2\/tags?post=86687"}],"curies":[{"name":"wp","href":"https:\/\/api.w.org\/{rel}","templated":true}]}}