{"id":86906,"date":"2022-06-27T14:58:05","date_gmt":"2022-06-27T17:58:05","guid":{"rendered":"https:\/\/redenoticiaz.com.br\/barretos-regiao\/?p=86906"},"modified":"2022-06-27T14:58:05","modified_gmt":"2022-06-27T17:58:05","slug":"carro-colide-com-poste-tendo-duas-jovens-e-uma-crianca-de-tres-anos","status":"publish","type":"post","link":"https:\/\/redenoticiaz.com.br\/ribeiraopreto-regiao\/sp\/2022\/06\/27\/carro-colide-com-poste-tendo-duas-jovens-e-uma-crianca-de-tres-anos","title":{"rendered":"Carro colide com poste tendo duas jovens e uma crian\u00e7a de tr\u00eas anos"},"content":{"rendered":"<p>Motorista do ve\u00edculo \u00d4nix colidiu neste domingo (26), contra um poste na Avenida do Curupira, pr\u00f3ximo \u00e0 escola Dalva Vieira \u00cdtalo. No carro estavam duas jovens, e uma crian\u00e7a de tr\u00eas anos.<\/p>\n<p><img loading=\"lazy\" decoding=\"async\" class=\"size-medium wp-image-86912 alignleft\" src=\"https:\/\/redenoticiaz.com.br\/barretos-regiao\/wp-content\/uploads\/sites\/4\/2022\/06\/IMG-20220625-WA0179-300x261.jpg\" alt=\"\" width=\"300\" height=\"261\" srcset=\"https:\/\/redenoticiaz.com.br\/ribeiraopreto-regiao\/wp-content\/uploads\/sites\/4\/2022\/06\/IMG-20220625-WA0179-300x261.jpg 300w, https:\/\/redenoticiaz.com.br\/ribeiraopreto-regiao\/wp-content\/uploads\/sites\/4\/2022\/06\/IMG-20220625-WA0179-768x667.jpg 768w, https:\/\/redenoticiaz.com.br\/ribeiraopreto-regiao\/wp-content\/uploads\/sites\/4\/2022\/06\/IMG-20220625-WA0179.jpg 860w\" sizes=\"auto, (max-width: 300px) 100vw, 300px\" \/>N\u00e3o se sabe o motivo, mas de repente, a condutora perdeu o controle e chocou contra o poste de madeira da avenida, que por pouco n\u00e3o caiu sobre do carro. O impacto foi t\u00e3o forte que o poste chegou a ficar balan\u00e7ando no local, tendo que acionar os Bombeiros e da CPFL Energia.<\/p>\n<p>A\u00a0Pol\u00edcia Militar\u00a0foi acionada e atendeu a\u00a0ocorr\u00eancia\u00a0registrando o caso como\u00a0Acidente de Tr\u00e2nsito.<\/p>\n<p>Felizmente nem a crian\u00e7a e nem uma das duas mulheres se feriu gravemente. Por\u00e9m, os danos materiais s\u00e3o grandes, j\u00e1 que o poste foi danificado. O caso pode ser tratado tamb\u00e9m como Dano ao Patrim\u00f4nio P\u00fablico e conforme determina a lei, o conserto deve ficar por conta do propriet\u00e1rio oficial do ve\u00edculo. Fora o concerto do ve\u00edculo.<\/p>\n<p><strong>VEJA TAMB\u00c9M:\u00a0<a href=\"https:\/\/redenoticiaz.com.br\/barretos-regiao\/sp\/2022\/06\/21\/mulher-fica-ferida-apos-colisao-entre-carro-e-moto\">Mulher fica ferida ap\u00f3s colis\u00e3o entre carro e moto<\/a><\/strong><\/p>\n<p>&nbsp;<\/p>\n<p>&nbsp;<\/p>\n","protected":false},"excerpt":{"rendered":"<p>Motorista do ve\u00edculo \u00d4nix colidiu neste domingo (26), contra um poste na Avenida do Curupira, pr\u00f3ximo \u00e0 escola Dalva Vieira \u00cdtalo. No carro estavam duas jovens, e uma crian\u00e7a de tr\u00eas anos. N\u00e3o se sabe o motivo, mas de repente, a condutora perdeu o controle e chocou contra o poste de madeira da avenida, que &hellip;<\/p>\n","protected":false},"author":15,"featured_media":86911,"comment_status":"open","ping_status":"closed","sticky":false,"template":"","format":"standard","meta":{"footnotes":""},"categories":[88],"tags":[2594,3793,3738,5945,18159],"class_list":["post-86906","post","type-post","status-publish","format-standard","has-post-thumbnail","hentry","category-policia","tag-carro","tag-colisao","tag-crianca","tag-jovem","tag-poste"],"yoast_head":"<!-- This site is optimized with the Yoast SEO plugin v28.4 - https:\/\/yoast.com\/product\/yoast-seo-wordpress\/ -->\n<title>Carro colide com poste tendo duas jovens e uma crian\u00e7a de tr\u00eas anos - Ribeir\u00e3o Preto e Regi\u00e3o<\/title>\n<meta name=\"description\" content=\"O acidente foi pr\u00f3ximo \u00e0 escola Dalva Vieira \u00cdtalo. No carro estavam duas jovens, e uma crian\u00e7a de tr\u00eas anos.\" \/>\n<meta name=\"robots\" content=\"index, follow, max-snippet:-1, max-image-preview:large, max-video-preview:-1\" \/>\n<link rel=\"canonical\" href=\"https:\/\/redenoticiaz.com.br\/ribeiraopreto-regiao\/sp\/2022\/06\/27\/carro-colide-com-poste-tendo-duas-jovens-e-uma-crianca-de-tres-anos\" \/>\n<meta property=\"og:locale\" content=\"pt_BR\" \/>\n<meta property=\"og:type\" content=\"article\" \/>\n<meta property=\"og:title\" content=\"Carro colide com poste tendo duas jovens e uma crian\u00e7a de tr\u00eas anos - Ribeir\u00e3o Preto e Regi\u00e3o\" \/>\n<meta property=\"og:description\" content=\"O acidente foi pr\u00f3ximo \u00e0 escola Dalva Vieira \u00cdtalo. No carro estavam duas jovens, e uma crian\u00e7a de tr\u00eas anos.\" \/>\n<meta property=\"og:url\" content=\"https:\/\/redenoticiaz.com.br\/ribeiraopreto-regiao\/sp\/2022\/06\/27\/carro-colide-com-poste-tendo-duas-jovens-e-uma-crianca-de-tres-anos\" \/>\n<meta property=\"og:site_name\" content=\"Ribeir\u00e3o Preto e Regi\u00e3o\" \/>\n<meta property=\"article:publisher\" content=\"https:\/\/m.facebook.com\/redenoticiaz.barretos\" \/>\n<meta property=\"article:published_time\" content=\"2022-06-27T17:58:05+00:00\" \/>\n<meta property=\"og:image\" content=\"https:\/\/redenoticiaz.com.br\/ribeiraopreto-regiao\/wp-content\/uploads\/sites\/4\/2022\/06\/IMG-20220625-WA0172-Copia-1.jpg\" \/>\n\t<meta property=\"og:image:width\" content=\"860\" \/>\n\t<meta property=\"og:image:height\" content=\"483\" \/>\n\t<meta property=\"og:image:type\" content=\"image\/jpeg\" \/>\n<meta name=\"twitter:card\" content=\"summary_large_image\" \/>\n<meta name=\"twitter:creator\" content=\"@RN_barretos\" \/>\n<meta name=\"twitter:site\" content=\"@RN_barretos\" \/>\n<meta name=\"twitter:label1\" content=\"Escrito por\" \/>\n\t<meta name=\"twitter:data1\" content=\"\" \/>\n\t<meta name=\"twitter:label2\" content=\"Est. tempo de leitura\" \/>\n\t<meta name=\"twitter:data2\" content=\"1 minuto\" \/>\n<script type=\"application\/ld+json\" class=\"yoast-schema-graph\">{\"@context\":\"https:\\\/\\\/schema.org\",\"@graph\":[{\"@type\":\"Article\",\"@id\":\"https:\\\/\\\/redenoticiaz.com.br\\\/ribeiraopreto-regiao\\\/sp\\\/2022\\\/06\\\/27\\\/carro-colide-com-poste-tendo-duas-jovens-e-uma-crianca-de-tres-anos#article\",\"isPartOf\":{\"@id\":\"https:\\\/\\\/redenoticiaz.com.br\\\/ribeiraopreto-regiao\\\/sp\\\/2022\\\/06\\\/27\\\/carro-colide-com-poste-tendo-duas-jovens-e-uma-crianca-de-tres-anos\"},\"author\":{\"name\":\"\",\"@id\":\"\"},\"headline\":\"Carro colide com poste tendo duas jovens e uma crian\u00e7a de tr\u00eas anos\",\"datePublished\":\"2022-06-27T17:58:05+00:00\",\"mainEntityOfPage\":{\"@id\":\"https:\\\/\\\/redenoticiaz.com.br\\\/ribeiraopreto-regiao\\\/sp\\\/2022\\\/06\\\/27\\\/carro-colide-com-poste-tendo-duas-jovens-e-uma-crianca-de-tres-anos\"},\"wordCount\":207,\"commentCount\":0,\"publisher\":{\"@id\":\"https:\\\/\\\/redenoticiaz.com.br\\\/ribeiraopreto-regiao\\\/#organization\"},\"image\":{\"@id\":\"https:\\\/\\\/redenoticiaz.com.br\\\/ribeiraopreto-regiao\\\/sp\\\/2022\\\/06\\\/27\\\/carro-colide-com-poste-tendo-duas-jovens-e-uma-crianca-de-tres-anos#primaryimage\"},\"thumbnailUrl\":\"https:\\\/\\\/redenoticiaz.com.br\\\/ribeiraopreto-regiao\\\/wp-content\\\/uploads\\\/sites\\\/4\\\/2022\\\/06\\\/IMG-20220625-WA0172-Copia-1.jpg\",\"keywords\":[\"carro\",\"COLIS\u00c3O\",\"CRIAN\u00c7A\",\"JOVEM\",\"POSTE\"],\"articleSection\":[\"Pol\u00edcia\"],\"inLanguage\":\"pt-BR\",\"potentialAction\":[{\"@type\":\"CommentAction\",\"name\":\"Comment\",\"target\":[\"https:\\\/\\\/redenoticiaz.com.br\\\/ribeiraopreto-regiao\\\/sp\\\/2022\\\/06\\\/27\\\/carro-colide-com-poste-tendo-duas-jovens-e-uma-crianca-de-tres-anos#respond\"]}]},{\"@type\":\"WebPage\",\"@id\":\"https:\\\/\\\/redenoticiaz.com.br\\\/ribeiraopreto-regiao\\\/sp\\\/2022\\\/06\\\/27\\\/carro-colide-com-poste-tendo-duas-jovens-e-uma-crianca-de-tres-anos\",\"url\":\"https:\\\/\\\/redenoticiaz.com.br\\\/ribeiraopreto-regiao\\\/sp\\\/2022\\\/06\\\/27\\\/carro-colide-com-poste-tendo-duas-jovens-e-uma-crianca-de-tres-anos\",\"name\":\"Carro colide com poste tendo duas jovens e uma crian\u00e7a de tr\u00eas anos - Ribeir\u00e3o Preto e Regi\u00e3o\",\"isPartOf\":{\"@id\":\"https:\\\/\\\/redenoticiaz.com.br\\\/ribeiraopreto-regiao\\\/#website\"},\"primaryImageOfPage\":{\"@id\":\"https:\\\/\\\/redenoticiaz.com.br\\\/ribeiraopreto-regiao\\\/sp\\\/2022\\\/06\\\/27\\\/carro-colide-com-poste-tendo-duas-jovens-e-uma-crianca-de-tres-anos#primaryimage\"},\"image\":{\"@id\":\"https:\\\/\\\/redenoticiaz.com.br\\\/ribeiraopreto-regiao\\\/sp\\\/2022\\\/06\\\/27\\\/carro-colide-com-poste-tendo-duas-jovens-e-uma-crianca-de-tres-anos#primaryimage\"},\"thumbnailUrl\":\"https:\\\/\\\/redenoticiaz.com.br\\\/ribeiraopreto-regiao\\\/wp-content\\\/uploads\\\/sites\\\/4\\\/2022\\\/06\\\/IMG-20220625-WA0172-Copia-1.jpg\",\"datePublished\":\"2022-06-27T17:58:05+00:00\",\"description\":\"O acidente foi pr\u00f3ximo \u00e0 escola Dalva Vieira \u00cdtalo. No carro estavam duas jovens, e uma crian\u00e7a de tr\u00eas anos.\",\"inLanguage\":\"pt-BR\",\"potentialAction\":[{\"@type\":\"ReadAction\",\"target\":[\"https:\\\/\\\/redenoticiaz.com.br\\\/ribeiraopreto-regiao\\\/sp\\\/2022\\\/06\\\/27\\\/carro-colide-com-poste-tendo-duas-jovens-e-uma-crianca-de-tres-anos\"]}]},{\"@type\":\"ImageObject\",\"inLanguage\":\"pt-BR\",\"@id\":\"https:\\\/\\\/redenoticiaz.com.br\\\/ribeiraopreto-regiao\\\/sp\\\/2022\\\/06\\\/27\\\/carro-colide-com-poste-tendo-duas-jovens-e-uma-crianca-de-tres-anos#primaryimage\",\"url\":\"https:\\\/\\\/redenoticiaz.com.br\\\/ribeiraopreto-regiao\\\/wp-content\\\/uploads\\\/sites\\\/4\\\/2022\\\/06\\\/IMG-20220625-WA0172-Copia-1.jpg\",\"contentUrl\":\"https:\\\/\\\/redenoticiaz.com.br\\\/ribeiraopreto-regiao\\\/wp-content\\\/uploads\\\/sites\\\/4\\\/2022\\\/06\\\/IMG-20220625-WA0172-Copia-1.jpg\",\"width\":860,\"height\":483,\"caption\":\"Ve\u00edculo colide com poste em Ol\u00edmpia. Cr\u00e9dito: reprodu\u00e7\u00e3o\"},{\"@type\":\"WebSite\",\"@id\":\"https:\\\/\\\/redenoticiaz.com.br\\\/ribeiraopreto-regiao\\\/#website\",\"url\":\"https:\\\/\\\/redenoticiaz.com.br\\\/ribeiraopreto-regiao\\\/\",\"name\":\"Ribeir\u00e3o Preto e Regi\u00e3o\",\"description\":\"Rede NoticiaZ - Ribeir\u00e3o Preto e regi\u00e3o\",\"publisher\":{\"@id\":\"https:\\\/\\\/redenoticiaz.com.br\\\/ribeiraopreto-regiao\\\/#organization\"},\"potentialAction\":[{\"@type\":\"SearchAction\",\"target\":{\"@type\":\"EntryPoint\",\"urlTemplate\":\"https:\\\/\\\/redenoticiaz.com.br\\\/ribeiraopreto-regiao\\\/?s={search_term_string}\"},\"query-input\":{\"@type\":\"PropertyValueSpecification\",\"valueRequired\":true,\"valueName\":\"search_term_string\"}}],\"inLanguage\":\"pt-BR\"},{\"@type\":\"Organization\",\"@id\":\"https:\\\/\\\/redenoticiaz.com.br\\\/ribeiraopreto-regiao\\\/#organization\",\"name\":\"Ribeir\u00e3o Preto e Regi\u00e3o\",\"url\":\"https:\\\/\\\/redenoticiaz.com.br\\\/ribeiraopreto-regiao\\\/\",\"logo\":{\"@type\":\"ImageObject\",\"inLanguage\":\"pt-BR\",\"@id\":\"https:\\\/\\\/redenoticiaz.com.br\\\/ribeiraopreto-regiao\\\/#\\\/schema\\\/logo\\\/image\\\/\",\"url\":\"https:\\\/\\\/redenoticiaz.com.br\\\/barretos-regiao\\\/wp-content\\\/uploads\\\/sites\\\/4\\\/2022\\\/02\\\/logo.jpg\",\"contentUrl\":\"https:\\\/\\\/redenoticiaz.com.br\\\/barretos-regiao\\\/wp-content\\\/uploads\\\/sites\\\/4\\\/2022\\\/02\\\/logo.jpg\",\"width\":400,\"height\":250,\"caption\":\"Ribeir\u00e3o Preto e Regi\u00e3o\"},\"image\":{\"@id\":\"https:\\\/\\\/redenoticiaz.com.br\\\/ribeiraopreto-regiao\\\/#\\\/schema\\\/logo\\\/image\\\/\"},\"sameAs\":[\"https:\\\/\\\/m.facebook.com\\\/redenoticiaz.barretos\",\"https:\\\/\\\/x.com\\\/RN_barretos\",\"https:\\\/\\\/www.instagram.com\\\/redenoticiaz.barretos\\\/?igshid=YmMyMTA2M2Y\",\"https:\\\/\\\/www.linkedin.com\\\/company\\\/rede-noticiaz-barretos-e-regio\\\/\"]},{\"@type\":\"Person\",\"@id\":\"\",\"url\":\"https:\\\/\\\/redenoticiaz.com.br\\\/ribeiraopreto-regiao\\\/sp\\\/author\"}]}<\/script>\n<!-- \/ Yoast SEO plugin. -->","yoast_head_json":{"title":"Carro colide com poste tendo duas jovens e uma crian\u00e7a de tr\u00eas anos - Ribeir\u00e3o Preto e Regi\u00e3o","description":"O acidente foi pr\u00f3ximo \u00e0 escola Dalva Vieira \u00cdtalo. No carro estavam duas jovens, e uma crian\u00e7a de tr\u00eas anos.","robots":{"index":"index","follow":"follow","max-snippet":"max-snippet:-1","max-image-preview":"max-image-preview:large","max-video-preview":"max-video-preview:-1"},"canonical":"https:\/\/redenoticiaz.com.br\/ribeiraopreto-regiao\/sp\/2022\/06\/27\/carro-colide-com-poste-tendo-duas-jovens-e-uma-crianca-de-tres-anos","og_locale":"pt_BR","og_type":"article","og_title":"Carro colide com poste tendo duas jovens e uma crian\u00e7a de tr\u00eas anos - Ribeir\u00e3o Preto e Regi\u00e3o","og_description":"O acidente foi pr\u00f3ximo \u00e0 escola Dalva Vieira \u00cdtalo. No carro estavam duas jovens, e uma crian\u00e7a de tr\u00eas anos.","og_url":"https:\/\/redenoticiaz.com.br\/ribeiraopreto-regiao\/sp\/2022\/06\/27\/carro-colide-com-poste-tendo-duas-jovens-e-uma-crianca-de-tres-anos","og_site_name":"Ribeir\u00e3o Preto e Regi\u00e3o","article_publisher":"https:\/\/m.facebook.com\/redenoticiaz.barretos","article_published_time":"2022-06-27T17:58:05+00:00","og_image":[{"width":860,"height":483,"url":"https:\/\/redenoticiaz.com.br\/ribeiraopreto-regiao\/wp-content\/uploads\/sites\/4\/2022\/06\/IMG-20220625-WA0172-Copia-1.jpg","type":"image\/jpeg"}],"twitter_card":"summary_large_image","twitter_creator":"@RN_barretos","twitter_site":"@RN_barretos","twitter_misc":{"Escrito por":"","Est. tempo de leitura":"1 minuto"},"schema":{"@context":"https:\/\/schema.org","@graph":[{"@type":"Article","@id":"https:\/\/redenoticiaz.com.br\/ribeiraopreto-regiao\/sp\/2022\/06\/27\/carro-colide-com-poste-tendo-duas-jovens-e-uma-crianca-de-tres-anos#article","isPartOf":{"@id":"https:\/\/redenoticiaz.com.br\/ribeiraopreto-regiao\/sp\/2022\/06\/27\/carro-colide-com-poste-tendo-duas-jovens-e-uma-crianca-de-tres-anos"},"author":{"name":"","@id":""},"headline":"Carro colide com poste tendo duas jovens e uma crian\u00e7a de tr\u00eas anos","datePublished":"2022-06-27T17:58:05+00:00","mainEntityOfPage":{"@id":"https:\/\/redenoticiaz.com.br\/ribeiraopreto-regiao\/sp\/2022\/06\/27\/carro-colide-com-poste-tendo-duas-jovens-e-uma-crianca-de-tres-anos"},"wordCount":207,"commentCount":0,"publisher":{"@id":"https:\/\/redenoticiaz.com.br\/ribeiraopreto-regiao\/#organization"},"image":{"@id":"https:\/\/redenoticiaz.com.br\/ribeiraopreto-regiao\/sp\/2022\/06\/27\/carro-colide-com-poste-tendo-duas-jovens-e-uma-crianca-de-tres-anos#primaryimage"},"thumbnailUrl":"https:\/\/redenoticiaz.com.br\/ribeiraopreto-regiao\/wp-content\/uploads\/sites\/4\/2022\/06\/IMG-20220625-WA0172-Copia-1.jpg","keywords":["carro","COLIS\u00c3O","CRIAN\u00c7A","JOVEM","POSTE"],"articleSection":["Pol\u00edcia"],"inLanguage":"pt-BR","potentialAction":[{"@type":"CommentAction","name":"Comment","target":["https:\/\/redenoticiaz.com.br\/ribeiraopreto-regiao\/sp\/2022\/06\/27\/carro-colide-com-poste-tendo-duas-jovens-e-uma-crianca-de-tres-anos#respond"]}]},{"@type":"WebPage","@id":"https:\/\/redenoticiaz.com.br\/ribeiraopreto-regiao\/sp\/2022\/06\/27\/carro-colide-com-poste-tendo-duas-jovens-e-uma-crianca-de-tres-anos","url":"https:\/\/redenoticiaz.com.br\/ribeiraopreto-regiao\/sp\/2022\/06\/27\/carro-colide-com-poste-tendo-duas-jovens-e-uma-crianca-de-tres-anos","name":"Carro colide com poste tendo duas jovens e uma crian\u00e7a de tr\u00eas anos - Ribeir\u00e3o Preto e Regi\u00e3o","isPartOf":{"@id":"https:\/\/redenoticiaz.com.br\/ribeiraopreto-regiao\/#website"},"primaryImageOfPage":{"@id":"https:\/\/redenoticiaz.com.br\/ribeiraopreto-regiao\/sp\/2022\/06\/27\/carro-colide-com-poste-tendo-duas-jovens-e-uma-crianca-de-tres-anos#primaryimage"},"image":{"@id":"https:\/\/redenoticiaz.com.br\/ribeiraopreto-regiao\/sp\/2022\/06\/27\/carro-colide-com-poste-tendo-duas-jovens-e-uma-crianca-de-tres-anos#primaryimage"},"thumbnailUrl":"https:\/\/redenoticiaz.com.br\/ribeiraopreto-regiao\/wp-content\/uploads\/sites\/4\/2022\/06\/IMG-20220625-WA0172-Copia-1.jpg","datePublished":"2022-06-27T17:58:05+00:00","description":"O acidente foi pr\u00f3ximo \u00e0 escola Dalva Vieira \u00cdtalo. No carro estavam duas jovens, e uma crian\u00e7a de tr\u00eas anos.","inLanguage":"pt-BR","potentialAction":[{"@type":"ReadAction","target":["https:\/\/redenoticiaz.com.br\/ribeiraopreto-regiao\/sp\/2022\/06\/27\/carro-colide-com-poste-tendo-duas-jovens-e-uma-crianca-de-tres-anos"]}]},{"@type":"ImageObject","inLanguage":"pt-BR","@id":"https:\/\/redenoticiaz.com.br\/ribeiraopreto-regiao\/sp\/2022\/06\/27\/carro-colide-com-poste-tendo-duas-jovens-e-uma-crianca-de-tres-anos#primaryimage","url":"https:\/\/redenoticiaz.com.br\/ribeiraopreto-regiao\/wp-content\/uploads\/sites\/4\/2022\/06\/IMG-20220625-WA0172-Copia-1.jpg","contentUrl":"https:\/\/redenoticiaz.com.br\/ribeiraopreto-regiao\/wp-content\/uploads\/sites\/4\/2022\/06\/IMG-20220625-WA0172-Copia-1.jpg","width":860,"height":483,"caption":"Ve\u00edculo colide com poste em Ol\u00edmpia. Cr\u00e9dito: reprodu\u00e7\u00e3o"},{"@type":"WebSite","@id":"https:\/\/redenoticiaz.com.br\/ribeiraopreto-regiao\/#website","url":"https:\/\/redenoticiaz.com.br\/ribeiraopreto-regiao\/","name":"Ribeir\u00e3o Preto e Regi\u00e3o","description":"Rede NoticiaZ - Ribeir\u00e3o Preto e regi\u00e3o","publisher":{"@id":"https:\/\/redenoticiaz.com.br\/ribeiraopreto-regiao\/#organization"},"potentialAction":[{"@type":"SearchAction","target":{"@type":"EntryPoint","urlTemplate":"https:\/\/redenoticiaz.com.br\/ribeiraopreto-regiao\/?s={search_term_string}"},"query-input":{"@type":"PropertyValueSpecification","valueRequired":true,"valueName":"search_term_string"}}],"inLanguage":"pt-BR"},{"@type":"Organization","@id":"https:\/\/redenoticiaz.com.br\/ribeiraopreto-regiao\/#organization","name":"Ribeir\u00e3o Preto e Regi\u00e3o","url":"https:\/\/redenoticiaz.com.br\/ribeiraopreto-regiao\/","logo":{"@type":"ImageObject","inLanguage":"pt-BR","@id":"https:\/\/redenoticiaz.com.br\/ribeiraopreto-regiao\/#\/schema\/logo\/image\/","url":"https:\/\/redenoticiaz.com.br\/barretos-regiao\/wp-content\/uploads\/sites\/4\/2022\/02\/logo.jpg","contentUrl":"https:\/\/redenoticiaz.com.br\/barretos-regiao\/wp-content\/uploads\/sites\/4\/2022\/02\/logo.jpg","width":400,"height":250,"caption":"Ribeir\u00e3o Preto e Regi\u00e3o"},"image":{"@id":"https:\/\/redenoticiaz.com.br\/ribeiraopreto-regiao\/#\/schema\/logo\/image\/"},"sameAs":["https:\/\/m.facebook.com\/redenoticiaz.barretos","https:\/\/x.com\/RN_barretos","https:\/\/www.instagram.com\/redenoticiaz.barretos\/?igshid=YmMyMTA2M2Y","https:\/\/www.linkedin.com\/company\/rede-noticiaz-barretos-e-regio\/"]},{"@type":"Person","@id":"","url":"https:\/\/redenoticiaz.com.br\/ribeiraopreto-regiao\/sp\/author"}]}},"_links":{"self":[{"href":"https:\/\/redenoticiaz.com.br\/ribeiraopreto-regiao\/wp-json\/wp\/v2\/posts\/86906","targetHints":{"allow":["GET"]}}],"collection":[{"href":"https:\/\/redenoticiaz.com.br\/ribeiraopreto-regiao\/wp-json\/wp\/v2\/posts"}],"about":[{"href":"https:\/\/redenoticiaz.com.br\/ribeiraopreto-regiao\/wp-json\/wp\/v2\/types\/post"}],"author":[{"embeddable":true,"href":"https:\/\/redenoticiaz.com.br\/ribeiraopreto-regiao\/wp-json\/wp\/v2\/users\/15"}],"replies":[{"embeddable":true,"href":"https:\/\/redenoticiaz.com.br\/ribeiraopreto-regiao\/wp-json\/wp\/v2\/comments?post=86906"}],"version-history":[{"count":1,"href":"https:\/\/redenoticiaz.com.br\/ribeiraopreto-regiao\/wp-json\/wp\/v2\/posts\/86906\/revisions"}],"predecessor-version":[{"id":86913,"href":"https:\/\/redenoticiaz.com.br\/ribeiraopreto-regiao\/wp-json\/wp\/v2\/posts\/86906\/revisions\/86913"}],"wp:featuredmedia":[{"embeddable":true,"href":"https:\/\/redenoticiaz.com.br\/ribeiraopreto-regiao\/wp-json\/wp\/v2\/media\/86911"}],"wp:attachment":[{"href":"https:\/\/redenoticiaz.com.br\/ribeiraopreto-regiao\/wp-json\/wp\/v2\/media?parent=86906"}],"wp:term":[{"taxonomy":"category","embeddable":true,"href":"https:\/\/redenoticiaz.com.br\/ribeiraopreto-regiao\/wp-json\/wp\/v2\/categories?post=86906"},{"taxonomy":"post_tag","embeddable":true,"href":"https:\/\/redenoticiaz.com.br\/ribeiraopreto-regiao\/wp-json\/wp\/v2\/tags?post=86906"}],"curies":[{"name":"wp","href":"https:\/\/api.w.org\/{rel}","templated":true}]}}