{"id":86945,"date":"2022-07-03T10:30:09","date_gmt":"2022-07-03T13:30:09","guid":{"rendered":"https:\/\/redenoticiaz.com.br\/barretos-regiao\/?p=86945"},"modified":"2022-06-27T17:44:46","modified_gmt":"2022-06-27T20:44:46","slug":"devocoes-populares-e-a-nova-mostra-do-museu-de-arte-sacra-e-diversidade-religiosa","status":"publish","type":"post","link":"https:\/\/redenoticiaz.com.br\/ribeiraopreto-regiao\/sp\/2022\/07\/03\/devocoes-populares-e-a-nova-mostra-do-museu-de-arte-sacra-e-diversidade-religiosa","title":{"rendered":"\u201cDevo\u00e7\u00f5es Populares\u201d \u00e9 a nova mostra do Museu de Arte Sacra e Diversidade Religiosa"},"content":{"rendered":"<p class=\"v1MsoNormal\"><span style=\"font-family: arial, sans-serif\">Na \u00faltima sexta-feira (24), dia do Padroeiro da cidade, S\u00e3o Jo\u00e3o Batista, o Museu de Arte Sacra e Diversidade Religiosa da Est\u00e2ncia Tur\u00edstica de Ol\u00edmpia abriu a nova mostra em exposi\u00e7\u00e3o com o tema &#8220;Devo\u00e7\u00f5es Populares: arte sacra, naiff, m\u00edstica e religiosa&#8221;.<\/span><\/p>\n<p class=\"v1MsoNormal\"><span style=\"font-family: arial, sans-serif\">\u00a0<\/span><span style=\"font-family: arial, sans-serif\">O acervo do colecionador Joaquim Pereira Antunes Filho e curadoria de Rafael Schunk, re\u00fane mais de 250 obras de pinturas, esculturas, orat\u00f3rios, azulejos e pe\u00e7as de madeiras do s\u00e9culo XIX com recortes que valorizam a devo\u00e7\u00e3o popular, o sacro e colonial, al\u00e9m dos festejos de f\u00e9 das fases cusquenhas, paulistinhas e campesinas.<\/span><\/p>\n<p class=\"v1MsoNormal\"><span style=\"font-family: arial, sans-serif\">O gosto mesti\u00e7o popular tamb\u00e9m se destaca nas obras de Dito Pituba, Waldomiro de Deus, Agostinho de Freitas, Cid Serra Negra, Carlos Bastos, Heitor dos Prazeres, Jos\u00e9 Ant\u00f4nio da Silva, In\u00e1cio da Nega e outros artistas premiados em sal\u00f5es de arte, que apresentam suas obras neste acervo.<\/span><\/p>\n<p class=\"v1MsoNormal\"><span style=\"font-family: arial, sans-serif\">\u00a0<\/span><span style=\"font-family: arial, sans-serif\">Na cerim\u00f4nia de abertura, estiveram presentes o prefeito Fernando Cunha, o diretor de cultura, Rodrigo Marini, representando a secret\u00e1ria da pasta, Priscila Foresti, o colecionador Joaquim Pereira Antunes Filho e o curador Rafael Schunk que, ao final, conduziu o p\u00fablico para uma visita guiada. O GODAP (Grupo Olimpiense de Dan\u00e7as Parafolcl\u00f3ricas &#8220;Cidade Menina Mo\u00e7a&#8221;) abrilhantou a ocasi\u00e3o com apresenta\u00e7\u00f5es de dan\u00e7as t\u00edpicas como quadrilha, xote e bai\u00e3o.<\/span><\/p>\n<p class=\"v1MsoNormal\"><span style=\"font-family: arial, sans-serif\">\u00a0<\/span><span style=\"font-family: arial, sans-serif\">Para o prefeito, o ato foi um momento de alegria e compromisso com a cultura, que no dia do padroeiro da cidade, ganha mais um presente para a popula\u00e7\u00e3o olimpiense e seus visitantes. &#8220;<em>Um acervo bel\u00edssimo de pe\u00e7as que refor\u00e7am a import\u00e2ncia das devo\u00e7\u00f5es populares em seus diversos contextos hist\u00f3rico e cultural&#8221;<\/em>, declarou.<\/span><\/p>\n<p class=\"v1MsoNormal\"><span style=\"font-family: arial, sans-serif\">\u00a0<\/span><span style=\"font-family: arial, sans-serif\">A nova exposi\u00e7\u00e3o, que permanecer\u00e1 no museu at\u00e9 dezembro, \u00e9 gratuita e aberta ao p\u00fablico e pode ser visitada de ter\u00e7a-feira a domingo, das 15h \u00e0s 21h, no Museu de Arte Sacra e Diversidade Religiosa, localizado na Rua David de Oliveira n\u00ba 420, Centro.<\/span><\/p>\n<p><strong>VEJA TAMB\u00c9M:\u00a0<a href=\"https:\/\/redenoticiaz.com.br\/barretos-regiao\/sp\/2022\/06\/09\/cia-de-reis-de-barretos-e-selecionada-no-edital-revelando-sp\">Cia de Reis de Barretos \u00e9 selecionada no edital Revelando SP<\/a><\/strong><\/p>\n","protected":false},"excerpt":{"rendered":"<p>Na \u00faltima sexta-feira (24), dia do Padroeiro da cidade, S\u00e3o Jo\u00e3o Batista, o Museu de Arte Sacra e Diversidade Religiosa da Est\u00e2ncia Tur\u00edstica de Ol\u00edmpia abriu a nova mostra em exposi\u00e7\u00e3o com o tema &#8220;Devo\u00e7\u00f5es Populares: arte sacra, naiff, m\u00edstica e religiosa&#8221;. \u00a0O acervo do colecionador Joaquim Pereira Antunes Filho e curadoria de Rafael Schunk, &hellip;<\/p>\n","protected":false},"author":15,"featured_media":86946,"comment_status":"open","ping_status":"closed","sticky":false,"template":"","format":"standard","meta":{"footnotes":""},"categories":[469],"tags":[18174,18176,2901,18175],"class_list":["post-86945","post","type-post","status-publish","format-standard","has-post-thumbnail","hentry","category-cultura","tag-arte-sacra","tag-devocoes-populares","tag-exposicao","tag-museu"],"yoast_head":"<!-- This site is optimized with the Yoast SEO plugin v27.4 - https:\/\/yoast.com\/product\/yoast-seo-wordpress\/ -->\n<title>\u201cDevo\u00e7\u00f5es Populares\u201d \u00e9 a nova mostra do Museu de Arte Sacra e Diversidade Religiosa - Ribeir\u00e3o Preto e Regi\u00e3o<\/title>\n<meta name=\"description\" content=\"Museu de Arte Sacra e Diversidade Religiosa da Est\u00e2ncia Tur\u00edstica de Ol\u00edmpia abriu a nova mostra em exposi\u00e7\u00e3o.\" \/>\n<meta name=\"robots\" content=\"index, follow, max-snippet:-1, max-image-preview:large, max-video-preview:-1\" \/>\n<link rel=\"canonical\" href=\"https:\/\/redenoticiaz.com.br\/ribeiraopreto-regiao\/sp\/2022\/07\/03\/devocoes-populares-e-a-nova-mostra-do-museu-de-arte-sacra-e-diversidade-religiosa\" \/>\n<meta property=\"og:locale\" content=\"pt_BR\" \/>\n<meta property=\"og:type\" content=\"article\" \/>\n<meta property=\"og:title\" content=\"\u201cDevo\u00e7\u00f5es Populares\u201d \u00e9 a nova mostra do Museu de Arte Sacra e Diversidade Religiosa - Ribeir\u00e3o Preto e Regi\u00e3o\" \/>\n<meta property=\"og:description\" content=\"Museu de Arte Sacra e Diversidade Religiosa da Est\u00e2ncia Tur\u00edstica de Ol\u00edmpia abriu a nova mostra em exposi\u00e7\u00e3o.\" \/>\n<meta property=\"og:url\" content=\"https:\/\/redenoticiaz.com.br\/ribeiraopreto-regiao\/sp\/2022\/07\/03\/devocoes-populares-e-a-nova-mostra-do-museu-de-arte-sacra-e-diversidade-religiosa\" \/>\n<meta property=\"og:site_name\" content=\"Ribeir\u00e3o Preto e Regi\u00e3o\" \/>\n<meta property=\"article:publisher\" content=\"https:\/\/m.facebook.com\/redenoticiaz.barretos\" \/>\n<meta property=\"article:published_time\" content=\"2022-07-03T13:30:09+00:00\" \/>\n<meta property=\"og:image\" content=\"https:\/\/redenoticiaz.com.br\/ribeiraopreto-regiao\/wp-content\/uploads\/sites\/4\/2022\/06\/Nova-Exposicao-Museu-de-Arte-Sacra-5.jpg\" \/>\n\t<meta property=\"og:image:width\" content=\"1485\" \/>\n\t<meta property=\"og:image:height\" content=\"1080\" \/>\n\t<meta property=\"og:image:type\" content=\"image\/jpeg\" \/>\n<meta name=\"twitter:card\" content=\"summary_large_image\" \/>\n<meta name=\"twitter:creator\" content=\"@RN_barretos\" \/>\n<meta name=\"twitter:site\" content=\"@RN_barretos\" \/>\n<meta name=\"twitter:label1\" content=\"Escrito por\" \/>\n\t<meta name=\"twitter:data1\" content=\"\" \/>\n\t<meta name=\"twitter:label2\" content=\"Est. tempo de leitura\" \/>\n\t<meta name=\"twitter:data2\" content=\"2 minutos\" \/>\n<script type=\"application\/ld+json\" class=\"yoast-schema-graph\">{\"@context\":\"https:\\\/\\\/schema.org\",\"@graph\":[{\"@type\":\"Article\",\"@id\":\"https:\\\/\\\/redenoticiaz.com.br\\\/ribeiraopreto-regiao\\\/sp\\\/2022\\\/07\\\/03\\\/devocoes-populares-e-a-nova-mostra-do-museu-de-arte-sacra-e-diversidade-religiosa#article\",\"isPartOf\":{\"@id\":\"https:\\\/\\\/redenoticiaz.com.br\\\/ribeiraopreto-regiao\\\/sp\\\/2022\\\/07\\\/03\\\/devocoes-populares-e-a-nova-mostra-do-museu-de-arte-sacra-e-diversidade-religiosa\"},\"author\":{\"name\":\"\",\"@id\":\"\"},\"headline\":\"\u201cDevo\u00e7\u00f5es Populares\u201d \u00e9 a nova mostra do Museu de Arte Sacra e Diversidade Religiosa\",\"datePublished\":\"2022-07-03T13:30:09+00:00\",\"mainEntityOfPage\":{\"@id\":\"https:\\\/\\\/redenoticiaz.com.br\\\/ribeiraopreto-regiao\\\/sp\\\/2022\\\/07\\\/03\\\/devocoes-populares-e-a-nova-mostra-do-museu-de-arte-sacra-e-diversidade-religiosa\"},\"wordCount\":368,\"commentCount\":0,\"publisher\":{\"@id\":\"https:\\\/\\\/redenoticiaz.com.br\\\/ribeiraopreto-regiao\\\/#organization\"},\"image\":{\"@id\":\"https:\\\/\\\/redenoticiaz.com.br\\\/ribeiraopreto-regiao\\\/sp\\\/2022\\\/07\\\/03\\\/devocoes-populares-e-a-nova-mostra-do-museu-de-arte-sacra-e-diversidade-religiosa#primaryimage\"},\"thumbnailUrl\":\"https:\\\/\\\/redenoticiaz.com.br\\\/ribeiraopreto-regiao\\\/wp-content\\\/uploads\\\/sites\\\/4\\\/2022\\\/06\\\/Nova-Exposicao-Museu-de-Arte-Sacra-5.jpg\",\"keywords\":[\"ARTE SACRA\",\"DEVO\u00c7\u00d5ES POPULARES\",\"EXPOSI\u00c7\u00c3O\",\"MUSEU\"],\"articleSection\":[\"Cultura\"],\"inLanguage\":\"pt-BR\",\"potentialAction\":[{\"@type\":\"CommentAction\",\"name\":\"Comment\",\"target\":[\"https:\\\/\\\/redenoticiaz.com.br\\\/ribeiraopreto-regiao\\\/sp\\\/2022\\\/07\\\/03\\\/devocoes-populares-e-a-nova-mostra-do-museu-de-arte-sacra-e-diversidade-religiosa#respond\"]}]},{\"@type\":\"WebPage\",\"@id\":\"https:\\\/\\\/redenoticiaz.com.br\\\/ribeiraopreto-regiao\\\/sp\\\/2022\\\/07\\\/03\\\/devocoes-populares-e-a-nova-mostra-do-museu-de-arte-sacra-e-diversidade-religiosa\",\"url\":\"https:\\\/\\\/redenoticiaz.com.br\\\/ribeiraopreto-regiao\\\/sp\\\/2022\\\/07\\\/03\\\/devocoes-populares-e-a-nova-mostra-do-museu-de-arte-sacra-e-diversidade-religiosa\",\"name\":\"\u201cDevo\u00e7\u00f5es Populares\u201d \u00e9 a nova mostra do Museu de Arte Sacra e Diversidade Religiosa - Ribeir\u00e3o Preto e Regi\u00e3o\",\"isPartOf\":{\"@id\":\"https:\\\/\\\/redenoticiaz.com.br\\\/ribeiraopreto-regiao\\\/#website\"},\"primaryImageOfPage\":{\"@id\":\"https:\\\/\\\/redenoticiaz.com.br\\\/ribeiraopreto-regiao\\\/sp\\\/2022\\\/07\\\/03\\\/devocoes-populares-e-a-nova-mostra-do-museu-de-arte-sacra-e-diversidade-religiosa#primaryimage\"},\"image\":{\"@id\":\"https:\\\/\\\/redenoticiaz.com.br\\\/ribeiraopreto-regiao\\\/sp\\\/2022\\\/07\\\/03\\\/devocoes-populares-e-a-nova-mostra-do-museu-de-arte-sacra-e-diversidade-religiosa#primaryimage\"},\"thumbnailUrl\":\"https:\\\/\\\/redenoticiaz.com.br\\\/ribeiraopreto-regiao\\\/wp-content\\\/uploads\\\/sites\\\/4\\\/2022\\\/06\\\/Nova-Exposicao-Museu-de-Arte-Sacra-5.jpg\",\"datePublished\":\"2022-07-03T13:30:09+00:00\",\"description\":\"Museu de Arte Sacra e Diversidade Religiosa da Est\u00e2ncia Tur\u00edstica de Ol\u00edmpia abriu a nova mostra em exposi\u00e7\u00e3o.\",\"inLanguage\":\"pt-BR\",\"potentialAction\":[{\"@type\":\"ReadAction\",\"target\":[\"https:\\\/\\\/redenoticiaz.com.br\\\/ribeiraopreto-regiao\\\/sp\\\/2022\\\/07\\\/03\\\/devocoes-populares-e-a-nova-mostra-do-museu-de-arte-sacra-e-diversidade-religiosa\"]}]},{\"@type\":\"ImageObject\",\"inLanguage\":\"pt-BR\",\"@id\":\"https:\\\/\\\/redenoticiaz.com.br\\\/ribeiraopreto-regiao\\\/sp\\\/2022\\\/07\\\/03\\\/devocoes-populares-e-a-nova-mostra-do-museu-de-arte-sacra-e-diversidade-religiosa#primaryimage\",\"url\":\"https:\\\/\\\/redenoticiaz.com.br\\\/ribeiraopreto-regiao\\\/wp-content\\\/uploads\\\/sites\\\/4\\\/2022\\\/06\\\/Nova-Exposicao-Museu-de-Arte-Sacra-5.jpg\",\"contentUrl\":\"https:\\\/\\\/redenoticiaz.com.br\\\/ribeiraopreto-regiao\\\/wp-content\\\/uploads\\\/sites\\\/4\\\/2022\\\/06\\\/Nova-Exposicao-Museu-de-Arte-Sacra-5.jpg\",\"width\":1485,\"height\":1080,\"caption\":\"Museu da Arte Sacra. Cr\u00e9dito: Divulga\u00e7\u00e3o\"},{\"@type\":\"WebSite\",\"@id\":\"https:\\\/\\\/redenoticiaz.com.br\\\/ribeiraopreto-regiao\\\/#website\",\"url\":\"https:\\\/\\\/redenoticiaz.com.br\\\/ribeiraopreto-regiao\\\/\",\"name\":\"Ribeir\u00e3o Preto e Regi\u00e3o\",\"description\":\"Rede NoticiaZ - Ribeir\u00e3o Preto e regi\u00e3o\",\"publisher\":{\"@id\":\"https:\\\/\\\/redenoticiaz.com.br\\\/ribeiraopreto-regiao\\\/#organization\"},\"potentialAction\":[{\"@type\":\"SearchAction\",\"target\":{\"@type\":\"EntryPoint\",\"urlTemplate\":\"https:\\\/\\\/redenoticiaz.com.br\\\/ribeiraopreto-regiao\\\/?s={search_term_string}\"},\"query-input\":{\"@type\":\"PropertyValueSpecification\",\"valueRequired\":true,\"valueName\":\"search_term_string\"}}],\"inLanguage\":\"pt-BR\"},{\"@type\":\"Organization\",\"@id\":\"https:\\\/\\\/redenoticiaz.com.br\\\/ribeiraopreto-regiao\\\/#organization\",\"name\":\"Ribeir\u00e3o Preto e Regi\u00e3o\",\"url\":\"https:\\\/\\\/redenoticiaz.com.br\\\/ribeiraopreto-regiao\\\/\",\"logo\":{\"@type\":\"ImageObject\",\"inLanguage\":\"pt-BR\",\"@id\":\"https:\\\/\\\/redenoticiaz.com.br\\\/ribeiraopreto-regiao\\\/#\\\/schema\\\/logo\\\/image\\\/\",\"url\":\"https:\\\/\\\/redenoticiaz.com.br\\\/barretos-regiao\\\/wp-content\\\/uploads\\\/sites\\\/4\\\/2022\\\/02\\\/logo.jpg\",\"contentUrl\":\"https:\\\/\\\/redenoticiaz.com.br\\\/barretos-regiao\\\/wp-content\\\/uploads\\\/sites\\\/4\\\/2022\\\/02\\\/logo.jpg\",\"width\":400,\"height\":250,\"caption\":\"Ribeir\u00e3o Preto e Regi\u00e3o\"},\"image\":{\"@id\":\"https:\\\/\\\/redenoticiaz.com.br\\\/ribeiraopreto-regiao\\\/#\\\/schema\\\/logo\\\/image\\\/\"},\"sameAs\":[\"https:\\\/\\\/m.facebook.com\\\/redenoticiaz.barretos\",\"https:\\\/\\\/x.com\\\/RN_barretos\",\"https:\\\/\\\/www.instagram.com\\\/redenoticiaz.barretos\\\/?igshid=YmMyMTA2M2Y\",\"https:\\\/\\\/www.linkedin.com\\\/company\\\/rede-noticiaz-barretos-e-regio\\\/\"]},{\"@type\":\"Person\",\"@id\":\"\",\"url\":\"https:\\\/\\\/redenoticiaz.com.br\\\/ribeiraopreto-regiao\\\/sp\\\/author\"}]}<\/script>\n<!-- \/ Yoast SEO plugin. -->","yoast_head_json":{"title":"\u201cDevo\u00e7\u00f5es Populares\u201d \u00e9 a nova mostra do Museu de Arte Sacra e Diversidade Religiosa - Ribeir\u00e3o Preto e Regi\u00e3o","description":"Museu de Arte Sacra e Diversidade Religiosa da Est\u00e2ncia Tur\u00edstica de Ol\u00edmpia abriu a nova mostra em exposi\u00e7\u00e3o.","robots":{"index":"index","follow":"follow","max-snippet":"max-snippet:-1","max-image-preview":"max-image-preview:large","max-video-preview":"max-video-preview:-1"},"canonical":"https:\/\/redenoticiaz.com.br\/ribeiraopreto-regiao\/sp\/2022\/07\/03\/devocoes-populares-e-a-nova-mostra-do-museu-de-arte-sacra-e-diversidade-religiosa","og_locale":"pt_BR","og_type":"article","og_title":"\u201cDevo\u00e7\u00f5es Populares\u201d \u00e9 a nova mostra do Museu de Arte Sacra e Diversidade Religiosa - Ribeir\u00e3o Preto e Regi\u00e3o","og_description":"Museu de Arte Sacra e Diversidade Religiosa da Est\u00e2ncia Tur\u00edstica de Ol\u00edmpia abriu a nova mostra em exposi\u00e7\u00e3o.","og_url":"https:\/\/redenoticiaz.com.br\/ribeiraopreto-regiao\/sp\/2022\/07\/03\/devocoes-populares-e-a-nova-mostra-do-museu-de-arte-sacra-e-diversidade-religiosa","og_site_name":"Ribeir\u00e3o Preto e Regi\u00e3o","article_publisher":"https:\/\/m.facebook.com\/redenoticiaz.barretos","article_published_time":"2022-07-03T13:30:09+00:00","og_image":[{"width":1485,"height":1080,"url":"https:\/\/redenoticiaz.com.br\/ribeiraopreto-regiao\/wp-content\/uploads\/sites\/4\/2022\/06\/Nova-Exposicao-Museu-de-Arte-Sacra-5.jpg","type":"image\/jpeg"}],"twitter_card":"summary_large_image","twitter_creator":"@RN_barretos","twitter_site":"@RN_barretos","twitter_misc":{"Escrito por":"","Est. tempo de leitura":"2 minutos"},"schema":{"@context":"https:\/\/schema.org","@graph":[{"@type":"Article","@id":"https:\/\/redenoticiaz.com.br\/ribeiraopreto-regiao\/sp\/2022\/07\/03\/devocoes-populares-e-a-nova-mostra-do-museu-de-arte-sacra-e-diversidade-religiosa#article","isPartOf":{"@id":"https:\/\/redenoticiaz.com.br\/ribeiraopreto-regiao\/sp\/2022\/07\/03\/devocoes-populares-e-a-nova-mostra-do-museu-de-arte-sacra-e-diversidade-religiosa"},"author":{"name":"","@id":""},"headline":"\u201cDevo\u00e7\u00f5es Populares\u201d \u00e9 a nova mostra do Museu de Arte Sacra e Diversidade Religiosa","datePublished":"2022-07-03T13:30:09+00:00","mainEntityOfPage":{"@id":"https:\/\/redenoticiaz.com.br\/ribeiraopreto-regiao\/sp\/2022\/07\/03\/devocoes-populares-e-a-nova-mostra-do-museu-de-arte-sacra-e-diversidade-religiosa"},"wordCount":368,"commentCount":0,"publisher":{"@id":"https:\/\/redenoticiaz.com.br\/ribeiraopreto-regiao\/#organization"},"image":{"@id":"https:\/\/redenoticiaz.com.br\/ribeiraopreto-regiao\/sp\/2022\/07\/03\/devocoes-populares-e-a-nova-mostra-do-museu-de-arte-sacra-e-diversidade-religiosa#primaryimage"},"thumbnailUrl":"https:\/\/redenoticiaz.com.br\/ribeiraopreto-regiao\/wp-content\/uploads\/sites\/4\/2022\/06\/Nova-Exposicao-Museu-de-Arte-Sacra-5.jpg","keywords":["ARTE SACRA","DEVO\u00c7\u00d5ES POPULARES","EXPOSI\u00c7\u00c3O","MUSEU"],"articleSection":["Cultura"],"inLanguage":"pt-BR","potentialAction":[{"@type":"CommentAction","name":"Comment","target":["https:\/\/redenoticiaz.com.br\/ribeiraopreto-regiao\/sp\/2022\/07\/03\/devocoes-populares-e-a-nova-mostra-do-museu-de-arte-sacra-e-diversidade-religiosa#respond"]}]},{"@type":"WebPage","@id":"https:\/\/redenoticiaz.com.br\/ribeiraopreto-regiao\/sp\/2022\/07\/03\/devocoes-populares-e-a-nova-mostra-do-museu-de-arte-sacra-e-diversidade-religiosa","url":"https:\/\/redenoticiaz.com.br\/ribeiraopreto-regiao\/sp\/2022\/07\/03\/devocoes-populares-e-a-nova-mostra-do-museu-de-arte-sacra-e-diversidade-religiosa","name":"\u201cDevo\u00e7\u00f5es Populares\u201d \u00e9 a nova mostra do Museu de Arte Sacra e Diversidade Religiosa - Ribeir\u00e3o Preto e Regi\u00e3o","isPartOf":{"@id":"https:\/\/redenoticiaz.com.br\/ribeiraopreto-regiao\/#website"},"primaryImageOfPage":{"@id":"https:\/\/redenoticiaz.com.br\/ribeiraopreto-regiao\/sp\/2022\/07\/03\/devocoes-populares-e-a-nova-mostra-do-museu-de-arte-sacra-e-diversidade-religiosa#primaryimage"},"image":{"@id":"https:\/\/redenoticiaz.com.br\/ribeiraopreto-regiao\/sp\/2022\/07\/03\/devocoes-populares-e-a-nova-mostra-do-museu-de-arte-sacra-e-diversidade-religiosa#primaryimage"},"thumbnailUrl":"https:\/\/redenoticiaz.com.br\/ribeiraopreto-regiao\/wp-content\/uploads\/sites\/4\/2022\/06\/Nova-Exposicao-Museu-de-Arte-Sacra-5.jpg","datePublished":"2022-07-03T13:30:09+00:00","description":"Museu de Arte Sacra e Diversidade Religiosa da Est\u00e2ncia Tur\u00edstica de Ol\u00edmpia abriu a nova mostra em exposi\u00e7\u00e3o.","inLanguage":"pt-BR","potentialAction":[{"@type":"ReadAction","target":["https:\/\/redenoticiaz.com.br\/ribeiraopreto-regiao\/sp\/2022\/07\/03\/devocoes-populares-e-a-nova-mostra-do-museu-de-arte-sacra-e-diversidade-religiosa"]}]},{"@type":"ImageObject","inLanguage":"pt-BR","@id":"https:\/\/redenoticiaz.com.br\/ribeiraopreto-regiao\/sp\/2022\/07\/03\/devocoes-populares-e-a-nova-mostra-do-museu-de-arte-sacra-e-diversidade-religiosa#primaryimage","url":"https:\/\/redenoticiaz.com.br\/ribeiraopreto-regiao\/wp-content\/uploads\/sites\/4\/2022\/06\/Nova-Exposicao-Museu-de-Arte-Sacra-5.jpg","contentUrl":"https:\/\/redenoticiaz.com.br\/ribeiraopreto-regiao\/wp-content\/uploads\/sites\/4\/2022\/06\/Nova-Exposicao-Museu-de-Arte-Sacra-5.jpg","width":1485,"height":1080,"caption":"Museu da Arte Sacra. Cr\u00e9dito: Divulga\u00e7\u00e3o"},{"@type":"WebSite","@id":"https:\/\/redenoticiaz.com.br\/ribeiraopreto-regiao\/#website","url":"https:\/\/redenoticiaz.com.br\/ribeiraopreto-regiao\/","name":"Ribeir\u00e3o Preto e Regi\u00e3o","description":"Rede NoticiaZ - Ribeir\u00e3o Preto e regi\u00e3o","publisher":{"@id":"https:\/\/redenoticiaz.com.br\/ribeiraopreto-regiao\/#organization"},"potentialAction":[{"@type":"SearchAction","target":{"@type":"EntryPoint","urlTemplate":"https:\/\/redenoticiaz.com.br\/ribeiraopreto-regiao\/?s={search_term_string}"},"query-input":{"@type":"PropertyValueSpecification","valueRequired":true,"valueName":"search_term_string"}}],"inLanguage":"pt-BR"},{"@type":"Organization","@id":"https:\/\/redenoticiaz.com.br\/ribeiraopreto-regiao\/#organization","name":"Ribeir\u00e3o Preto e Regi\u00e3o","url":"https:\/\/redenoticiaz.com.br\/ribeiraopreto-regiao\/","logo":{"@type":"ImageObject","inLanguage":"pt-BR","@id":"https:\/\/redenoticiaz.com.br\/ribeiraopreto-regiao\/#\/schema\/logo\/image\/","url":"https:\/\/redenoticiaz.com.br\/barretos-regiao\/wp-content\/uploads\/sites\/4\/2022\/02\/logo.jpg","contentUrl":"https:\/\/redenoticiaz.com.br\/barretos-regiao\/wp-content\/uploads\/sites\/4\/2022\/02\/logo.jpg","width":400,"height":250,"caption":"Ribeir\u00e3o Preto e Regi\u00e3o"},"image":{"@id":"https:\/\/redenoticiaz.com.br\/ribeiraopreto-regiao\/#\/schema\/logo\/image\/"},"sameAs":["https:\/\/m.facebook.com\/redenoticiaz.barretos","https:\/\/x.com\/RN_barretos","https:\/\/www.instagram.com\/redenoticiaz.barretos\/?igshid=YmMyMTA2M2Y","https:\/\/www.linkedin.com\/company\/rede-noticiaz-barretos-e-regio\/"]},{"@type":"Person","@id":"","url":"https:\/\/redenoticiaz.com.br\/ribeiraopreto-regiao\/sp\/author"}]}},"_links":{"self":[{"href":"https:\/\/redenoticiaz.com.br\/ribeiraopreto-regiao\/wp-json\/wp\/v2\/posts\/86945","targetHints":{"allow":["GET"]}}],"collection":[{"href":"https:\/\/redenoticiaz.com.br\/ribeiraopreto-regiao\/wp-json\/wp\/v2\/posts"}],"about":[{"href":"https:\/\/redenoticiaz.com.br\/ribeiraopreto-regiao\/wp-json\/wp\/v2\/types\/post"}],"author":[{"embeddable":true,"href":"https:\/\/redenoticiaz.com.br\/ribeiraopreto-regiao\/wp-json\/wp\/v2\/users\/15"}],"replies":[{"embeddable":true,"href":"https:\/\/redenoticiaz.com.br\/ribeiraopreto-regiao\/wp-json\/wp\/v2\/comments?post=86945"}],"version-history":[{"count":1,"href":"https:\/\/redenoticiaz.com.br\/ribeiraopreto-regiao\/wp-json\/wp\/v2\/posts\/86945\/revisions"}],"predecessor-version":[{"id":86947,"href":"https:\/\/redenoticiaz.com.br\/ribeiraopreto-regiao\/wp-json\/wp\/v2\/posts\/86945\/revisions\/86947"}],"wp:featuredmedia":[{"embeddable":true,"href":"https:\/\/redenoticiaz.com.br\/ribeiraopreto-regiao\/wp-json\/wp\/v2\/media\/86946"}],"wp:attachment":[{"href":"https:\/\/redenoticiaz.com.br\/ribeiraopreto-regiao\/wp-json\/wp\/v2\/media?parent=86945"}],"wp:term":[{"taxonomy":"category","embeddable":true,"href":"https:\/\/redenoticiaz.com.br\/ribeiraopreto-regiao\/wp-json\/wp\/v2\/categories?post=86945"},{"taxonomy":"post_tag","embeddable":true,"href":"https:\/\/redenoticiaz.com.br\/ribeiraopreto-regiao\/wp-json\/wp\/v2\/tags?post=86945"}],"curies":[{"name":"wp","href":"https:\/\/api.w.org\/{rel}","templated":true}]}}