{"id":87014,"date":"2022-06-28T17:18:28","date_gmt":"2022-06-28T20:18:28","guid":{"rendered":"https:\/\/redenoticiaz.com.br\/barretos-regiao\/?p=87014"},"modified":"2022-06-28T17:18:28","modified_gmt":"2022-06-28T20:18:28","slug":"adolescente-morre-ao-ser-esfaqueado-durante-briga-por-causa-de-pipa","status":"publish","type":"post","link":"https:\/\/redenoticiaz.com.br\/ribeiraopreto-regiao\/sp\/2022\/06\/28\/adolescente-morre-ao-ser-esfaqueado-durante-briga-por-causa-de-pipa","title":{"rendered":"Adolescente morre ao ser esfaqueado durante briga por causa de Pipa"},"content":{"rendered":"<p>Em Guaraci, <strong>Cau\u00ea Henrique de Oliveira<\/strong>, 16 anos, foi<strong> esfaqueado<\/strong> durante uma briga que ocorreu pr\u00f3ximo \u00e0 Avenida Jardim\u00a0 It\u00e1lia. A<strong>\u00a0v\u00edtima\u00a0<\/strong>teria sido socorrida e levada ao <strong>Pronto Atendimento da Santa Casa,<\/strong> mas n\u00e3o resistiu.<\/p>\n<p>O\u00a0 autor do crime seria T.G. teria golpeado a v\u00edtima com uma faca. O motivo da briga, segundo populares que estavam no local, seria \u00a0a discuss\u00e3o por uma d\u00edvida por pipa,\u00a0 mas a\u00a0Pol\u00edcia Militar\u00a0apura as informa\u00e7\u00f5es. O\u00a0autor do crime \u00e9 maior e fugiu do local ap\u00f3s esfaquear a v\u00edtima que ficou ca\u00edda no ch\u00e3o.<\/p>\n<p>A\u00a0Pol\u00edcia Militar de Guaraci entrou em contato com a\u00a0dire\u00e7\u00e3o de uma escola pr\u00f3xima ao local do crime,\u00a0informam que\u00a0<em>&#8220;o crime foi na avenida e que os envolvidos n\u00e3o s\u00e3o alunos da escola&#8221;.<\/em><\/p>\n<p><img loading=\"lazy\" decoding=\"async\" class=\"wp-image-87016 alignleft\" src=\"https:\/\/redenoticiaz.com.br\/barretos-regiao\/wp-content\/uploads\/sites\/4\/2022\/06\/IMG-20220628-WA0180.jpg\" alt=\"\" width=\"102\" height=\"88\" \/><\/p>\n<p>O\u00a0corpo da v\u00edtima\u00a0ser\u00e1 levado da\u00a0Santa Casa de Guaraci\u00a0para o\u00a0IML de Barretos, periciado e depois entregue aos\u00a0familiares\u00a0para\u00a0vel\u00f3rio e sepultamento.<\/p>\n<p>&nbsp;<\/p>\n<p><strong>VEJA TAMB\u00c9M:\u00a0<a href=\"https:\/\/redenoticiaz.com.br\/barretos-regiao\/sp\/2022\/06\/28\/homem-e-condenado-ha-26-anos-de-prisao-pelo-crime-de-homicidio\">Homem \u00e9 condenado h\u00e1 26 anos de pris\u00e3o pelo crime de homic\u00eddio<\/a><\/strong><\/p>\n","protected":false},"excerpt":{"rendered":"<p>Em Guaraci, Cau\u00ea Henrique de Oliveira, 16 anos, foi esfaqueado durante uma briga que ocorreu pr\u00f3ximo \u00e0 Avenida Jardim\u00a0 It\u00e1lia. A\u00a0v\u00edtima\u00a0teria sido socorrida e levada ao Pronto Atendimento da Santa Casa, mas n\u00e3o resistiu. O\u00a0 autor do crime seria T.G. teria golpeado a v\u00edtima com uma faca. O motivo da briga, segundo populares que estavam &hellip;<\/p>\n","protected":false},"author":15,"featured_media":87015,"comment_status":"open","ping_status":"closed","sticky":false,"template":"","format":"standard","meta":{"footnotes":""},"categories":[88],"tags":[2017,18221,1017,18203,18220,1027],"class_list":["post-87014","post","type-post","status-publish","format-standard","has-post-thumbnail","hentry","category-policia","tag-briga","tag-esfaqueado","tag-guaraci","tag-morre","tag-pipa","tag-santa-casa"],"yoast_head":"<!-- This site is optimized with the Yoast SEO plugin v27.4 - https:\/\/yoast.com\/product\/yoast-seo-wordpress\/ -->\n<title>Adolescente morre ao ser esfaqueado durante briga por causa de Pipa - Ribeir\u00e3o Preto e Regi\u00e3o<\/title>\n<meta name=\"description\" content=\"Em Guaraci, Cau\u00ea Henrique de Oliveira, 16 anos, foi esfaqueado durante uma briga que ocorreu pr\u00f3ximo \u00e0 Avenida Jardim\u00a0 It\u00e1lia.\" \/>\n<meta name=\"robots\" content=\"index, follow, max-snippet:-1, max-image-preview:large, max-video-preview:-1\" \/>\n<link rel=\"canonical\" href=\"https:\/\/redenoticiaz.com.br\/ribeiraopreto-regiao\/sp\/2022\/06\/28\/adolescente-morre-ao-ser-esfaqueado-durante-briga-por-causa-de-pipa\" \/>\n<meta property=\"og:locale\" content=\"pt_BR\" \/>\n<meta property=\"og:type\" content=\"article\" \/>\n<meta property=\"og:title\" content=\"Adolescente morre ao ser esfaqueado durante briga por causa de Pipa - Ribeir\u00e3o Preto e Regi\u00e3o\" \/>\n<meta property=\"og:description\" content=\"Em Guaraci, Cau\u00ea Henrique de Oliveira, 16 anos, foi esfaqueado durante uma briga que ocorreu pr\u00f3ximo \u00e0 Avenida Jardim\u00a0 It\u00e1lia.\" \/>\n<meta property=\"og:url\" content=\"https:\/\/redenoticiaz.com.br\/ribeiraopreto-regiao\/sp\/2022\/06\/28\/adolescente-morre-ao-ser-esfaqueado-durante-briga-por-causa-de-pipa\" \/>\n<meta property=\"og:site_name\" content=\"Ribeir\u00e3o Preto e Regi\u00e3o\" \/>\n<meta property=\"article:publisher\" content=\"https:\/\/m.facebook.com\/redenoticiaz.barretos\" \/>\n<meta property=\"article:published_time\" content=\"2022-06-28T20:18:28+00:00\" \/>\n<meta property=\"og:image\" content=\"https:\/\/redenoticiaz.com.br\/ribeiraopreto-regiao\/wp-content\/uploads\/sites\/4\/2022\/06\/IMG-20220628-WA0215.jpg\" \/>\n\t<meta property=\"og:image:width\" content=\"860\" \/>\n\t<meta property=\"og:image:height\" content=\"611\" \/>\n\t<meta property=\"og:image:type\" content=\"image\/jpeg\" \/>\n<meta name=\"twitter:card\" content=\"summary_large_image\" \/>\n<meta name=\"twitter:creator\" content=\"@RN_barretos\" \/>\n<meta name=\"twitter:site\" content=\"@RN_barretos\" \/>\n<meta name=\"twitter:label1\" content=\"Escrito por\" \/>\n\t<meta name=\"twitter:data1\" content=\"\" \/>\n\t<meta name=\"twitter:label2\" content=\"Est. tempo de leitura\" \/>\n\t<meta name=\"twitter:data2\" content=\"1 minuto\" \/>\n<script type=\"application\/ld+json\" class=\"yoast-schema-graph\">{\"@context\":\"https:\\\/\\\/schema.org\",\"@graph\":[{\"@type\":\"Article\",\"@id\":\"https:\\\/\\\/redenoticiaz.com.br\\\/ribeiraopreto-regiao\\\/sp\\\/2022\\\/06\\\/28\\\/adolescente-morre-ao-ser-esfaqueado-durante-briga-por-causa-de-pipa#article\",\"isPartOf\":{\"@id\":\"https:\\\/\\\/redenoticiaz.com.br\\\/ribeiraopreto-regiao\\\/sp\\\/2022\\\/06\\\/28\\\/adolescente-morre-ao-ser-esfaqueado-durante-briga-por-causa-de-pipa\"},\"author\":{\"name\":\"\",\"@id\":\"\"},\"headline\":\"Adolescente morre ao ser esfaqueado durante briga por causa de Pipa\",\"datePublished\":\"2022-06-28T20:18:28+00:00\",\"mainEntityOfPage\":{\"@id\":\"https:\\\/\\\/redenoticiaz.com.br\\\/ribeiraopreto-regiao\\\/sp\\\/2022\\\/06\\\/28\\\/adolescente-morre-ao-ser-esfaqueado-durante-briga-por-causa-de-pipa\"},\"wordCount\":199,\"commentCount\":0,\"publisher\":{\"@id\":\"https:\\\/\\\/redenoticiaz.com.br\\\/ribeiraopreto-regiao\\\/#organization\"},\"image\":{\"@id\":\"https:\\\/\\\/redenoticiaz.com.br\\\/ribeiraopreto-regiao\\\/sp\\\/2022\\\/06\\\/28\\\/adolescente-morre-ao-ser-esfaqueado-durante-briga-por-causa-de-pipa#primaryimage\"},\"thumbnailUrl\":\"https:\\\/\\\/redenoticiaz.com.br\\\/ribeiraopreto-regiao\\\/wp-content\\\/uploads\\\/sites\\\/4\\\/2022\\\/06\\\/IMG-20220628-WA0215.jpg\",\"keywords\":[\"BRIGA\",\"ESFAQUEADO\",\"GUARACI\",\"MORRE\",\"PIPA\",\"SANTA CASA\"],\"articleSection\":[\"Pol\u00edcia\"],\"inLanguage\":\"pt-BR\",\"potentialAction\":[{\"@type\":\"CommentAction\",\"name\":\"Comment\",\"target\":[\"https:\\\/\\\/redenoticiaz.com.br\\\/ribeiraopreto-regiao\\\/sp\\\/2022\\\/06\\\/28\\\/adolescente-morre-ao-ser-esfaqueado-durante-briga-por-causa-de-pipa#respond\"]}]},{\"@type\":\"WebPage\",\"@id\":\"https:\\\/\\\/redenoticiaz.com.br\\\/ribeiraopreto-regiao\\\/sp\\\/2022\\\/06\\\/28\\\/adolescente-morre-ao-ser-esfaqueado-durante-briga-por-causa-de-pipa\",\"url\":\"https:\\\/\\\/redenoticiaz.com.br\\\/ribeiraopreto-regiao\\\/sp\\\/2022\\\/06\\\/28\\\/adolescente-morre-ao-ser-esfaqueado-durante-briga-por-causa-de-pipa\",\"name\":\"Adolescente morre ao ser esfaqueado durante briga por causa de Pipa - Ribeir\u00e3o Preto e Regi\u00e3o\",\"isPartOf\":{\"@id\":\"https:\\\/\\\/redenoticiaz.com.br\\\/ribeiraopreto-regiao\\\/#website\"},\"primaryImageOfPage\":{\"@id\":\"https:\\\/\\\/redenoticiaz.com.br\\\/ribeiraopreto-regiao\\\/sp\\\/2022\\\/06\\\/28\\\/adolescente-morre-ao-ser-esfaqueado-durante-briga-por-causa-de-pipa#primaryimage\"},\"image\":{\"@id\":\"https:\\\/\\\/redenoticiaz.com.br\\\/ribeiraopreto-regiao\\\/sp\\\/2022\\\/06\\\/28\\\/adolescente-morre-ao-ser-esfaqueado-durante-briga-por-causa-de-pipa#primaryimage\"},\"thumbnailUrl\":\"https:\\\/\\\/redenoticiaz.com.br\\\/ribeiraopreto-regiao\\\/wp-content\\\/uploads\\\/sites\\\/4\\\/2022\\\/06\\\/IMG-20220628-WA0215.jpg\",\"datePublished\":\"2022-06-28T20:18:28+00:00\",\"description\":\"Em Guaraci, Cau\u00ea Henrique de Oliveira, 16 anos, foi esfaqueado durante uma briga que ocorreu pr\u00f3ximo \u00e0 Avenida Jardim\u00a0 It\u00e1lia.\",\"inLanguage\":\"pt-BR\",\"potentialAction\":[{\"@type\":\"ReadAction\",\"target\":[\"https:\\\/\\\/redenoticiaz.com.br\\\/ribeiraopreto-regiao\\\/sp\\\/2022\\\/06\\\/28\\\/adolescente-morre-ao-ser-esfaqueado-durante-briga-por-causa-de-pipa\"]}]},{\"@type\":\"ImageObject\",\"inLanguage\":\"pt-BR\",\"@id\":\"https:\\\/\\\/redenoticiaz.com.br\\\/ribeiraopreto-regiao\\\/sp\\\/2022\\\/06\\\/28\\\/adolescente-morre-ao-ser-esfaqueado-durante-briga-por-causa-de-pipa#primaryimage\",\"url\":\"https:\\\/\\\/redenoticiaz.com.br\\\/ribeiraopreto-regiao\\\/wp-content\\\/uploads\\\/sites\\\/4\\\/2022\\\/06\\\/IMG-20220628-WA0215.jpg\",\"contentUrl\":\"https:\\\/\\\/redenoticiaz.com.br\\\/ribeiraopreto-regiao\\\/wp-content\\\/uploads\\\/sites\\\/4\\\/2022\\\/06\\\/IMG-20220628-WA0215.jpg\",\"width\":860,\"height\":611,\"caption\":\"Menor morre ao ser esfaqueado durante briga. Cr\u00e9dito: Reprodu\u00e7\u00e3o\"},{\"@type\":\"WebSite\",\"@id\":\"https:\\\/\\\/redenoticiaz.com.br\\\/ribeiraopreto-regiao\\\/#website\",\"url\":\"https:\\\/\\\/redenoticiaz.com.br\\\/ribeiraopreto-regiao\\\/\",\"name\":\"Ribeir\u00e3o Preto e Regi\u00e3o\",\"description\":\"Rede NoticiaZ - Ribeir\u00e3o Preto e regi\u00e3o\",\"publisher\":{\"@id\":\"https:\\\/\\\/redenoticiaz.com.br\\\/ribeiraopreto-regiao\\\/#organization\"},\"potentialAction\":[{\"@type\":\"SearchAction\",\"target\":{\"@type\":\"EntryPoint\",\"urlTemplate\":\"https:\\\/\\\/redenoticiaz.com.br\\\/ribeiraopreto-regiao\\\/?s={search_term_string}\"},\"query-input\":{\"@type\":\"PropertyValueSpecification\",\"valueRequired\":true,\"valueName\":\"search_term_string\"}}],\"inLanguage\":\"pt-BR\"},{\"@type\":\"Organization\",\"@id\":\"https:\\\/\\\/redenoticiaz.com.br\\\/ribeiraopreto-regiao\\\/#organization\",\"name\":\"Ribeir\u00e3o Preto e Regi\u00e3o\",\"url\":\"https:\\\/\\\/redenoticiaz.com.br\\\/ribeiraopreto-regiao\\\/\",\"logo\":{\"@type\":\"ImageObject\",\"inLanguage\":\"pt-BR\",\"@id\":\"https:\\\/\\\/redenoticiaz.com.br\\\/ribeiraopreto-regiao\\\/#\\\/schema\\\/logo\\\/image\\\/\",\"url\":\"https:\\\/\\\/redenoticiaz.com.br\\\/barretos-regiao\\\/wp-content\\\/uploads\\\/sites\\\/4\\\/2022\\\/02\\\/logo.jpg\",\"contentUrl\":\"https:\\\/\\\/redenoticiaz.com.br\\\/barretos-regiao\\\/wp-content\\\/uploads\\\/sites\\\/4\\\/2022\\\/02\\\/logo.jpg\",\"width\":400,\"height\":250,\"caption\":\"Ribeir\u00e3o Preto e Regi\u00e3o\"},\"image\":{\"@id\":\"https:\\\/\\\/redenoticiaz.com.br\\\/ribeiraopreto-regiao\\\/#\\\/schema\\\/logo\\\/image\\\/\"},\"sameAs\":[\"https:\\\/\\\/m.facebook.com\\\/redenoticiaz.barretos\",\"https:\\\/\\\/x.com\\\/RN_barretos\",\"https:\\\/\\\/www.instagram.com\\\/redenoticiaz.barretos\\\/?igshid=YmMyMTA2M2Y\",\"https:\\\/\\\/www.linkedin.com\\\/company\\\/rede-noticiaz-barretos-e-regio\\\/\"]},{\"@type\":\"Person\",\"@id\":\"\",\"url\":\"https:\\\/\\\/redenoticiaz.com.br\\\/ribeiraopreto-regiao\\\/sp\\\/author\"}]}<\/script>\n<!-- \/ Yoast SEO plugin. -->","yoast_head_json":{"title":"Adolescente morre ao ser esfaqueado durante briga por causa de Pipa - Ribeir\u00e3o Preto e Regi\u00e3o","description":"Em Guaraci, Cau\u00ea Henrique de Oliveira, 16 anos, foi esfaqueado durante uma briga que ocorreu pr\u00f3ximo \u00e0 Avenida Jardim\u00a0 It\u00e1lia.","robots":{"index":"index","follow":"follow","max-snippet":"max-snippet:-1","max-image-preview":"max-image-preview:large","max-video-preview":"max-video-preview:-1"},"canonical":"https:\/\/redenoticiaz.com.br\/ribeiraopreto-regiao\/sp\/2022\/06\/28\/adolescente-morre-ao-ser-esfaqueado-durante-briga-por-causa-de-pipa","og_locale":"pt_BR","og_type":"article","og_title":"Adolescente morre ao ser esfaqueado durante briga por causa de Pipa - Ribeir\u00e3o Preto e Regi\u00e3o","og_description":"Em Guaraci, Cau\u00ea Henrique de Oliveira, 16 anos, foi esfaqueado durante uma briga que ocorreu pr\u00f3ximo \u00e0 Avenida Jardim\u00a0 It\u00e1lia.","og_url":"https:\/\/redenoticiaz.com.br\/ribeiraopreto-regiao\/sp\/2022\/06\/28\/adolescente-morre-ao-ser-esfaqueado-durante-briga-por-causa-de-pipa","og_site_name":"Ribeir\u00e3o Preto e Regi\u00e3o","article_publisher":"https:\/\/m.facebook.com\/redenoticiaz.barretos","article_published_time":"2022-06-28T20:18:28+00:00","og_image":[{"width":860,"height":611,"url":"https:\/\/redenoticiaz.com.br\/ribeiraopreto-regiao\/wp-content\/uploads\/sites\/4\/2022\/06\/IMG-20220628-WA0215.jpg","type":"image\/jpeg"}],"twitter_card":"summary_large_image","twitter_creator":"@RN_barretos","twitter_site":"@RN_barretos","twitter_misc":{"Escrito por":"","Est. tempo de leitura":"1 minuto"},"schema":{"@context":"https:\/\/schema.org","@graph":[{"@type":"Article","@id":"https:\/\/redenoticiaz.com.br\/ribeiraopreto-regiao\/sp\/2022\/06\/28\/adolescente-morre-ao-ser-esfaqueado-durante-briga-por-causa-de-pipa#article","isPartOf":{"@id":"https:\/\/redenoticiaz.com.br\/ribeiraopreto-regiao\/sp\/2022\/06\/28\/adolescente-morre-ao-ser-esfaqueado-durante-briga-por-causa-de-pipa"},"author":{"name":"","@id":""},"headline":"Adolescente morre ao ser esfaqueado durante briga por causa de Pipa","datePublished":"2022-06-28T20:18:28+00:00","mainEntityOfPage":{"@id":"https:\/\/redenoticiaz.com.br\/ribeiraopreto-regiao\/sp\/2022\/06\/28\/adolescente-morre-ao-ser-esfaqueado-durante-briga-por-causa-de-pipa"},"wordCount":199,"commentCount":0,"publisher":{"@id":"https:\/\/redenoticiaz.com.br\/ribeiraopreto-regiao\/#organization"},"image":{"@id":"https:\/\/redenoticiaz.com.br\/ribeiraopreto-regiao\/sp\/2022\/06\/28\/adolescente-morre-ao-ser-esfaqueado-durante-briga-por-causa-de-pipa#primaryimage"},"thumbnailUrl":"https:\/\/redenoticiaz.com.br\/ribeiraopreto-regiao\/wp-content\/uploads\/sites\/4\/2022\/06\/IMG-20220628-WA0215.jpg","keywords":["BRIGA","ESFAQUEADO","GUARACI","MORRE","PIPA","SANTA CASA"],"articleSection":["Pol\u00edcia"],"inLanguage":"pt-BR","potentialAction":[{"@type":"CommentAction","name":"Comment","target":["https:\/\/redenoticiaz.com.br\/ribeiraopreto-regiao\/sp\/2022\/06\/28\/adolescente-morre-ao-ser-esfaqueado-durante-briga-por-causa-de-pipa#respond"]}]},{"@type":"WebPage","@id":"https:\/\/redenoticiaz.com.br\/ribeiraopreto-regiao\/sp\/2022\/06\/28\/adolescente-morre-ao-ser-esfaqueado-durante-briga-por-causa-de-pipa","url":"https:\/\/redenoticiaz.com.br\/ribeiraopreto-regiao\/sp\/2022\/06\/28\/adolescente-morre-ao-ser-esfaqueado-durante-briga-por-causa-de-pipa","name":"Adolescente morre ao ser esfaqueado durante briga por causa de Pipa - Ribeir\u00e3o Preto e Regi\u00e3o","isPartOf":{"@id":"https:\/\/redenoticiaz.com.br\/ribeiraopreto-regiao\/#website"},"primaryImageOfPage":{"@id":"https:\/\/redenoticiaz.com.br\/ribeiraopreto-regiao\/sp\/2022\/06\/28\/adolescente-morre-ao-ser-esfaqueado-durante-briga-por-causa-de-pipa#primaryimage"},"image":{"@id":"https:\/\/redenoticiaz.com.br\/ribeiraopreto-regiao\/sp\/2022\/06\/28\/adolescente-morre-ao-ser-esfaqueado-durante-briga-por-causa-de-pipa#primaryimage"},"thumbnailUrl":"https:\/\/redenoticiaz.com.br\/ribeiraopreto-regiao\/wp-content\/uploads\/sites\/4\/2022\/06\/IMG-20220628-WA0215.jpg","datePublished":"2022-06-28T20:18:28+00:00","description":"Em Guaraci, Cau\u00ea Henrique de Oliveira, 16 anos, foi esfaqueado durante uma briga que ocorreu pr\u00f3ximo \u00e0 Avenida Jardim\u00a0 It\u00e1lia.","inLanguage":"pt-BR","potentialAction":[{"@type":"ReadAction","target":["https:\/\/redenoticiaz.com.br\/ribeiraopreto-regiao\/sp\/2022\/06\/28\/adolescente-morre-ao-ser-esfaqueado-durante-briga-por-causa-de-pipa"]}]},{"@type":"ImageObject","inLanguage":"pt-BR","@id":"https:\/\/redenoticiaz.com.br\/ribeiraopreto-regiao\/sp\/2022\/06\/28\/adolescente-morre-ao-ser-esfaqueado-durante-briga-por-causa-de-pipa#primaryimage","url":"https:\/\/redenoticiaz.com.br\/ribeiraopreto-regiao\/wp-content\/uploads\/sites\/4\/2022\/06\/IMG-20220628-WA0215.jpg","contentUrl":"https:\/\/redenoticiaz.com.br\/ribeiraopreto-regiao\/wp-content\/uploads\/sites\/4\/2022\/06\/IMG-20220628-WA0215.jpg","width":860,"height":611,"caption":"Menor morre ao ser esfaqueado durante briga. Cr\u00e9dito: Reprodu\u00e7\u00e3o"},{"@type":"WebSite","@id":"https:\/\/redenoticiaz.com.br\/ribeiraopreto-regiao\/#website","url":"https:\/\/redenoticiaz.com.br\/ribeiraopreto-regiao\/","name":"Ribeir\u00e3o Preto e Regi\u00e3o","description":"Rede NoticiaZ - Ribeir\u00e3o Preto e regi\u00e3o","publisher":{"@id":"https:\/\/redenoticiaz.com.br\/ribeiraopreto-regiao\/#organization"},"potentialAction":[{"@type":"SearchAction","target":{"@type":"EntryPoint","urlTemplate":"https:\/\/redenoticiaz.com.br\/ribeiraopreto-regiao\/?s={search_term_string}"},"query-input":{"@type":"PropertyValueSpecification","valueRequired":true,"valueName":"search_term_string"}}],"inLanguage":"pt-BR"},{"@type":"Organization","@id":"https:\/\/redenoticiaz.com.br\/ribeiraopreto-regiao\/#organization","name":"Ribeir\u00e3o Preto e Regi\u00e3o","url":"https:\/\/redenoticiaz.com.br\/ribeiraopreto-regiao\/","logo":{"@type":"ImageObject","inLanguage":"pt-BR","@id":"https:\/\/redenoticiaz.com.br\/ribeiraopreto-regiao\/#\/schema\/logo\/image\/","url":"https:\/\/redenoticiaz.com.br\/barretos-regiao\/wp-content\/uploads\/sites\/4\/2022\/02\/logo.jpg","contentUrl":"https:\/\/redenoticiaz.com.br\/barretos-regiao\/wp-content\/uploads\/sites\/4\/2022\/02\/logo.jpg","width":400,"height":250,"caption":"Ribeir\u00e3o Preto e Regi\u00e3o"},"image":{"@id":"https:\/\/redenoticiaz.com.br\/ribeiraopreto-regiao\/#\/schema\/logo\/image\/"},"sameAs":["https:\/\/m.facebook.com\/redenoticiaz.barretos","https:\/\/x.com\/RN_barretos","https:\/\/www.instagram.com\/redenoticiaz.barretos\/?igshid=YmMyMTA2M2Y","https:\/\/www.linkedin.com\/company\/rede-noticiaz-barretos-e-regio\/"]},{"@type":"Person","@id":"","url":"https:\/\/redenoticiaz.com.br\/ribeiraopreto-regiao\/sp\/author"}]}},"_links":{"self":[{"href":"https:\/\/redenoticiaz.com.br\/ribeiraopreto-regiao\/wp-json\/wp\/v2\/posts\/87014","targetHints":{"allow":["GET"]}}],"collection":[{"href":"https:\/\/redenoticiaz.com.br\/ribeiraopreto-regiao\/wp-json\/wp\/v2\/posts"}],"about":[{"href":"https:\/\/redenoticiaz.com.br\/ribeiraopreto-regiao\/wp-json\/wp\/v2\/types\/post"}],"author":[{"embeddable":true,"href":"https:\/\/redenoticiaz.com.br\/ribeiraopreto-regiao\/wp-json\/wp\/v2\/users\/15"}],"replies":[{"embeddable":true,"href":"https:\/\/redenoticiaz.com.br\/ribeiraopreto-regiao\/wp-json\/wp\/v2\/comments?post=87014"}],"version-history":[{"count":1,"href":"https:\/\/redenoticiaz.com.br\/ribeiraopreto-regiao\/wp-json\/wp\/v2\/posts\/87014\/revisions"}],"predecessor-version":[{"id":87017,"href":"https:\/\/redenoticiaz.com.br\/ribeiraopreto-regiao\/wp-json\/wp\/v2\/posts\/87014\/revisions\/87017"}],"wp:featuredmedia":[{"embeddable":true,"href":"https:\/\/redenoticiaz.com.br\/ribeiraopreto-regiao\/wp-json\/wp\/v2\/media\/87015"}],"wp:attachment":[{"href":"https:\/\/redenoticiaz.com.br\/ribeiraopreto-regiao\/wp-json\/wp\/v2\/media?parent=87014"}],"wp:term":[{"taxonomy":"category","embeddable":true,"href":"https:\/\/redenoticiaz.com.br\/ribeiraopreto-regiao\/wp-json\/wp\/v2\/categories?post=87014"},{"taxonomy":"post_tag","embeddable":true,"href":"https:\/\/redenoticiaz.com.br\/ribeiraopreto-regiao\/wp-json\/wp\/v2\/tags?post=87014"}],"curies":[{"name":"wp","href":"https:\/\/api.w.org\/{rel}","templated":true}]}}