{"id":87021,"date":"2022-07-03T07:00:15","date_gmt":"2022-07-03T10:00:15","guid":{"rendered":"https:\/\/redenoticiaz.com.br\/barretos-regiao\/?p=87021"},"modified":"2022-06-28T17:54:38","modified_gmt":"2022-06-28T20:54:38","slug":"thor-amor-e-trovao-conheca-os-personagens-do-filme-que-estreia-em-julho","status":"publish","type":"post","link":"https:\/\/redenoticiaz.com.br\/ribeiraopreto-regiao\/sp\/2022\/07\/03\/thor-amor-e-trovao-conheca-os-personagens-do-filme-que-estreia-em-julho","title":{"rendered":"Thor: Amor e Trov\u00e3o conhe\u00e7a os personagens do filme que estreia em julho"},"content":{"rendered":"<p>Dirigido por Taika Waititi, \u201c<b>Thor: Amor e Trov\u00e3o<\/b>\u201d chega exclusivamente aos cinemas no dia 07 de julho. O filme apresenta Thor (Chris Hemsworth) em uma jornada diferente de tudo que ele j\u00e1 enfrentou: a busca pelo autoconhecimento.<\/p>\n<p>Mas sua aposentadoria \u00e9 interrompida por um assassino gal\u00e1ctico conhecido como Gorr, o Carniceiro dos Deuses (Christian Bale), que busca a extin\u00e7\u00e3o dos deuses. Para combater a amea\u00e7a, Thor pede a ajuda do Rei Valqu\u00edria (Tessa Thompson), Korg (Taika Waititi) e da ex-namorada Jane Foster (Natalie Portman), que, para a surpresa dele, inexplicavelmente empunha seu martelo m\u00e1gico, Mjolnir, sendo a Poderosa Thor.<\/p>\n<h4>Assista ao Trailer:<\/h4>\n<p><iframe loading=\"lazy\" title=\"Thor: Amor e Trov\u00e3o | Marvel Studios | Trailer Oficial Dublado\" width=\"500\" height=\"281\" src=\"https:\/\/www.youtube.com\/embed\/1c_W_4cNLn0?feature=oembed\" frameborder=\"0\" allow=\"accelerometer; autoplay; clipboard-write; encrypted-media; gyroscope; picture-in-picture; web-share\" referrerpolicy=\"strict-origin-when-cross-origin\" allowfullscreen><\/iframe><\/p>\n<h4>Confira os personagens:<\/h4>\n<p class=\"v1MsoNormal\"><b>THOR (Chris Hemsworth)<\/b><\/p>\n<p class=\"v1MsoNormal\">Thor j\u00e1 foi um pr\u00edncipe arrogante e impulsivo banido de Asgard por seu pai Odin. Desde ent\u00e3o, ele experimentou um tremendo crescimento e perda \u2013 assombrado pela cren\u00e7a de que qualquer pessoa que ele ama encontrar\u00e1 a morte certa. Ap\u00f3s a Batalha da Terra, ele abandona o trono de Nova Asgard e embarca em uma jornada de autodescoberta. Mas quando um novo inimigo surge com a inten\u00e7\u00e3o de eliminar todos os deuses, o Deus do Trov\u00e3o deve descobrir o mist\u00e9rio da vingan\u00e7a do A\u00e7ougueiro de Deus e det\u00ea-lo.<\/p>\n<p class=\"v1MsoNormal\">O veterano do MCU, Chris Hemsworth, mais uma vez interpreta Thor. \u201cEm \u2018Vingadores: Ultimato\u2019, vemos uma vers\u00e3o bem confusa e perdida de Thor\u201d, diz Hemsworth. \u201cEle certamente est\u00e1 melhor no final do filme do que no come\u00e7o, mas ainda n\u00e3o sabe quem ele \u00e9 ou qual \u00e9 o seu lugar no universo. Ele decide que precisa procurar e tirar algum tempo para si mesmo.\u201d<\/p>\n<p class=\"v1MsoNormal\"><b>JANE FOSTER\/PODEROSA THOR (Natalie Portman)<\/b><\/p>\n<p class=\"v1MsoNormal\">Jane Foster \u00e9 uma astrof\u00edsica de renome mundial que descobriu Thor quando ele caiu na Terra ap\u00f3s seu banimento de Asgard. Atrav\u00e9s da conex\u00e3o ineg\u00e1vel do casal, Thor ganhou humildade, respeito pela humanidade e dignidade necess\u00e1ria para empunhar seu martelo m\u00e1gico, Mjolnir, mais uma vez \u2013 sem mencionar um profundo amor por Jane. O relacionamento do casal acaba por terminar e Jane se perde no \u201cblip\u201d, reaparecendo anos depois com um segredo profundamente perturbador e novos poderes como a Poderosa Thor.<\/p>\n<p class=\"v1MsoNormal\">Natalie Portman \u00e9 quem interpreta duplo papel de Jane Foster e Poderosa Thor. \u201cNos filmes anteriores, Jane era uma cientista que precisa de ajuda para ser salva por Thor, mas neste filme, ela est\u00e1 buscando suas pr\u00f3prias solu\u00e7\u00f5es e fazendo sua pr\u00f3pria jornada\u201d, diz Portman. \u201cEla est\u00e1 lutando ao lado de Thor e eles s\u00e3o uma equipe, mas Jane est\u00e1 abrindo seu pr\u00f3prio caminho, o que tem sido muito emocionante.\u201d<\/p>\n<p class=\"v1MsoNormal\"><b>GORR, O CARNICEIRO DOS DEUSES (Christian Bale)<\/b><\/p>\n<p class=\"v1MsoNormal\">Gorr, o Carniceiro de Deus, era um homem piedoso que orava obedientemente \u00e0s divindades. Mas depois de testemunhar muita morte e destrui\u00e7\u00e3o sem a interven\u00e7\u00e3o dos deuses, Gorr \u00e9 consumido pela raiva e parte em uma busca para livrar o Universo de todos os \u00faltimos imortais. Christian Bale se junta ao MCU como o antagonista aterrorizante.<\/p>\n<p class=\"v1MsoNormal\"><b>VALQU\u00cdRIA\/REI DE NOVA ASGARD (Tessa Thompson)<\/b><\/p>\n<p class=\"v1MsoNormal\">Valqu\u00edria \u00e9 a \u00faltima do grupo de mulheres guerreiras Asgardianas, escapando de seu passado doloroso e tornando-se uma catadora no ca\u00f3tico planeta deserto de Sakaar. Ela relutantemente se juntou a Thor para lutar contra sua irm\u00e3, Hela, que impiedosamente reivindicou Asgard e, finalmente, evacuou seus companheiros asgardianos para uma vila \u00e0 beira-mar apelidada de Nova Asgard. Coroada Rei de Nova Asgard por Thor, Valqu\u00edria levou uma vida tranquila e mon\u00f3tona at\u00e9 que Gorr, o Carniceiro de Deuses, amea\u00e7a a seguran\u00e7a de seu povo. Tessa Thompson retorna ao MCU interpretando a personagem.<\/p>\n<p class=\"v1MsoNormal\">\u201cQuando vimos Valqu\u00edria em \u2018Thor: Ragnarok\u2019, ela estava lutando com muita culpa e dor. Ela realmente n\u00e3o tinha muito pelo que queria viver, al\u00e9m do que estava no fundo de uma garrafa. Acho que, desta vez, voc\u00ea a ver\u00e1 redescobrindo seu senso de prop\u00f3sito\u201d, comenta a atriz.<\/p>\n<p class=\"v1MsoNormal\"><b>ZEUS (Russell Crowe)<\/b><\/p>\n<p class=\"v1MsoNormal\">Interpretado por Russel Crowe, Zeus, o lend\u00e1rio rei dos deuses, preenche seus dias com excessos, desfrutando da f\u00e1cil admira\u00e7\u00e3o dos deuses menores no Grande Pante\u00e3o da Cidade da Onipot\u00eancia. Ele est\u00e1 muito preocupado para notar o crescente n\u00famero de assentos vazios no Pante\u00e3o &#8211; os das v\u00edtimas de Gorr &#8211; e parece n\u00e3o ter motiva\u00e7\u00e3o para rastrear o carniceiro dos deuses.<\/p>\n<p class=\"v1MsoNormal\"><b>KORG (Taika Waititi)<\/b><\/p>\n<p class=\"v1MsoNormal\">Korg \u00e9 um guerreiro Kronan carism\u00e1tico que foi for\u00e7ado a participar do concurso de campe\u00f5es do Gr\u00e3o-Mestre no planeta sucata Sakaar. Ele liderou a rebeli\u00e3o contra o Gr\u00e3o-Mestre, escapou de Sakaar e ajudou Thor a salvar o povo Asgardiano. Korg permaneceu o companheiro leal de Thor em todos os momentos, e agora ele est\u00e1 ao seu lado mais uma vez para ajudar Thor a enfrentar sua maior amea\u00e7a at\u00e9 agora. O diretor Taika Waititi dublou e executou captura de movimento para Korg e comenta: \u201cAcho que o bom de Korg, em rela\u00e7\u00e3o a todos esses outros personagens que est\u00e3o evoluindo e mudando e conquistando trabalhos diferentes, \u00e9 que Korg n\u00e3o mudou nada. Ele \u00e9 uma for\u00e7a muito aterradora.\u201d<\/p>\n<p><strong>VEJA TAMB\u00c9M:\u00a0<a href=\"https:\/\/redenoticiaz.com.br\/barretos-regiao\/sp\/2022\/06\/19\/universo-vibrante-e-tropical-de-maldivas-invade-evento-em-sao-paulo\">Universo vibrante e tropical de Maldivas invade evento em S\u00e3o Paulo<\/a><\/strong><\/p>\n<p class=\"v1MsoNormal\">\n","protected":false},"excerpt":{"rendered":"<p>Dirigido por Taika Waititi, \u201cThor: Amor e Trov\u00e3o\u201d chega exclusivamente aos cinemas no dia 07 de julho. O filme apresenta Thor (Chris Hemsworth) em uma jornada diferente de tudo que ele j\u00e1 enfrentou: a busca pelo autoconhecimento. Mas sua aposentadoria \u00e9 interrompida por um assassino gal\u00e1ctico conhecido como Gorr, o Carniceiro dos Deuses (Christian Bale), &hellip;<\/p>\n","protected":false},"author":15,"featured_media":87024,"comment_status":"open","ping_status":"closed","sticky":false,"template":"","format":"standard","meta":{"footnotes":""},"categories":[134],"tags":[817,15115,10595,16865,11229],"class_list":["post-87021","post","type-post","status-publish","format-standard","has-post-thumbnail","hentry","category-entretenimento","tag-cinema","tag-filme","tag-marvel","tag-personagens","tag-thor"],"yoast_head":"<!-- This site is optimized with the Yoast SEO plugin v27.5 - https:\/\/yoast.com\/product\/yoast-seo-wordpress\/ -->\n<title>Thor: Amor e Trov\u00e3o conhe\u00e7a os personagens do filme que estreia em julho - Ribeir\u00e3o Preto e Regi\u00e3o<\/title>\n<meta name=\"description\" content=\"\u201cThor: Amor e Trov\u00e3o\u201d chega exclusivamente aos cinemas. O filme apresenta Thor (Chris Hemsworth) em uma jornada diferente.\" \/>\n<meta name=\"robots\" content=\"index, follow, max-snippet:-1, max-image-preview:large, max-video-preview:-1\" \/>\n<link rel=\"canonical\" href=\"https:\/\/redenoticiaz.com.br\/ribeiraopreto-regiao\/sp\/2022\/07\/03\/thor-amor-e-trovao-conheca-os-personagens-do-filme-que-estreia-em-julho\" \/>\n<meta property=\"og:locale\" content=\"pt_BR\" \/>\n<meta property=\"og:type\" content=\"article\" \/>\n<meta property=\"og:title\" content=\"Thor: Amor e Trov\u00e3o conhe\u00e7a os personagens do filme que estreia em julho - Ribeir\u00e3o Preto e Regi\u00e3o\" \/>\n<meta property=\"og:description\" content=\"\u201cThor: Amor e Trov\u00e3o\u201d chega exclusivamente aos cinemas. O filme apresenta Thor (Chris Hemsworth) em uma jornada diferente.\" \/>\n<meta property=\"og:url\" content=\"https:\/\/redenoticiaz.com.br\/ribeiraopreto-regiao\/sp\/2022\/07\/03\/thor-amor-e-trovao-conheca-os-personagens-do-filme-que-estreia-em-julho\" \/>\n<meta property=\"og:site_name\" content=\"Ribeir\u00e3o Preto e Regi\u00e3o\" \/>\n<meta property=\"article:publisher\" content=\"https:\/\/m.facebook.com\/redenoticiaz.barretos\" \/>\n<meta property=\"article:published_time\" content=\"2022-07-03T10:00:15+00:00\" \/>\n<meta property=\"og:image\" content=\"https:\/\/redenoticiaz.com.br\/ribeiraopreto-regiao\/wp-content\/uploads\/sites\/4\/2022\/07\/n-1.png\" \/>\n\t<meta property=\"og:image:width\" content=\"300\" \/>\n\t<meta property=\"og:image:height\" content=\"200\" \/>\n\t<meta property=\"og:image:type\" content=\"image\/png\" \/>\n<meta name=\"twitter:card\" content=\"summary_large_image\" \/>\n<meta name=\"twitter:creator\" content=\"@RN_barretos\" \/>\n<meta name=\"twitter:site\" content=\"@RN_barretos\" \/>\n<meta name=\"twitter:label1\" content=\"Escrito por\" \/>\n\t<meta name=\"twitter:data1\" content=\"\" \/>\n\t<meta name=\"twitter:label2\" content=\"Est. tempo de leitura\" \/>\n\t<meta name=\"twitter:data2\" content=\"4 minutos\" \/>\n<script type=\"application\/ld+json\" class=\"yoast-schema-graph\">{\"@context\":\"https:\\\/\\\/schema.org\",\"@graph\":[{\"@type\":\"Article\",\"@id\":\"https:\\\/\\\/redenoticiaz.com.br\\\/ribeiraopreto-regiao\\\/sp\\\/2022\\\/07\\\/03\\\/thor-amor-e-trovao-conheca-os-personagens-do-filme-que-estreia-em-julho#article\",\"isPartOf\":{\"@id\":\"https:\\\/\\\/redenoticiaz.com.br\\\/ribeiraopreto-regiao\\\/sp\\\/2022\\\/07\\\/03\\\/thor-amor-e-trovao-conheca-os-personagens-do-filme-que-estreia-em-julho\"},\"author\":{\"name\":\"\",\"@id\":\"\"},\"headline\":\"Thor: Amor e Trov\u00e3o conhe\u00e7a os personagens do filme que estreia em julho\",\"datePublished\":\"2022-07-03T10:00:15+00:00\",\"mainEntityOfPage\":{\"@id\":\"https:\\\/\\\/redenoticiaz.com.br\\\/ribeiraopreto-regiao\\\/sp\\\/2022\\\/07\\\/03\\\/thor-amor-e-trovao-conheca-os-personagens-do-filme-que-estreia-em-julho\"},\"wordCount\":902,\"commentCount\":0,\"publisher\":{\"@id\":\"https:\\\/\\\/redenoticiaz.com.br\\\/ribeiraopreto-regiao\\\/#organization\"},\"image\":{\"@id\":\"https:\\\/\\\/redenoticiaz.com.br\\\/ribeiraopreto-regiao\\\/sp\\\/2022\\\/07\\\/03\\\/thor-amor-e-trovao-conheca-os-personagens-do-filme-que-estreia-em-julho#primaryimage\"},\"thumbnailUrl\":\"https:\\\/\\\/redenoticiaz.com.br\\\/ribeiraopreto-regiao\\\/wp-content\\\/uploads\\\/sites\\\/4\\\/2022\\\/07\\\/n-1.png\",\"keywords\":[\"CINEMA\",\"FILME\",\"MARVEL\",\"PERSONAGENS\",\"THOR\"],\"articleSection\":[\"Entretenimento\"],\"inLanguage\":\"pt-BR\",\"potentialAction\":[{\"@type\":\"CommentAction\",\"name\":\"Comment\",\"target\":[\"https:\\\/\\\/redenoticiaz.com.br\\\/ribeiraopreto-regiao\\\/sp\\\/2022\\\/07\\\/03\\\/thor-amor-e-trovao-conheca-os-personagens-do-filme-que-estreia-em-julho#respond\"]}]},{\"@type\":\"WebPage\",\"@id\":\"https:\\\/\\\/redenoticiaz.com.br\\\/ribeiraopreto-regiao\\\/sp\\\/2022\\\/07\\\/03\\\/thor-amor-e-trovao-conheca-os-personagens-do-filme-que-estreia-em-julho\",\"url\":\"https:\\\/\\\/redenoticiaz.com.br\\\/ribeiraopreto-regiao\\\/sp\\\/2022\\\/07\\\/03\\\/thor-amor-e-trovao-conheca-os-personagens-do-filme-que-estreia-em-julho\",\"name\":\"Thor: Amor e Trov\u00e3o conhe\u00e7a os personagens do filme que estreia em julho - Ribeir\u00e3o Preto e Regi\u00e3o\",\"isPartOf\":{\"@id\":\"https:\\\/\\\/redenoticiaz.com.br\\\/ribeiraopreto-regiao\\\/#website\"},\"primaryImageOfPage\":{\"@id\":\"https:\\\/\\\/redenoticiaz.com.br\\\/ribeiraopreto-regiao\\\/sp\\\/2022\\\/07\\\/03\\\/thor-amor-e-trovao-conheca-os-personagens-do-filme-que-estreia-em-julho#primaryimage\"},\"image\":{\"@id\":\"https:\\\/\\\/redenoticiaz.com.br\\\/ribeiraopreto-regiao\\\/sp\\\/2022\\\/07\\\/03\\\/thor-amor-e-trovao-conheca-os-personagens-do-filme-que-estreia-em-julho#primaryimage\"},\"thumbnailUrl\":\"https:\\\/\\\/redenoticiaz.com.br\\\/ribeiraopreto-regiao\\\/wp-content\\\/uploads\\\/sites\\\/4\\\/2022\\\/07\\\/n-1.png\",\"datePublished\":\"2022-07-03T10:00:15+00:00\",\"description\":\"\u201cThor: Amor e Trov\u00e3o\u201d chega exclusivamente aos cinemas. O filme apresenta Thor (Chris Hemsworth) em uma jornada diferente.\",\"inLanguage\":\"pt-BR\",\"potentialAction\":[{\"@type\":\"ReadAction\",\"target\":[\"https:\\\/\\\/redenoticiaz.com.br\\\/ribeiraopreto-regiao\\\/sp\\\/2022\\\/07\\\/03\\\/thor-amor-e-trovao-conheca-os-personagens-do-filme-que-estreia-em-julho\"]}]},{\"@type\":\"ImageObject\",\"inLanguage\":\"pt-BR\",\"@id\":\"https:\\\/\\\/redenoticiaz.com.br\\\/ribeiraopreto-regiao\\\/sp\\\/2022\\\/07\\\/03\\\/thor-amor-e-trovao-conheca-os-personagens-do-filme-que-estreia-em-julho#primaryimage\",\"url\":\"https:\\\/\\\/redenoticiaz.com.br\\\/ribeiraopreto-regiao\\\/wp-content\\\/uploads\\\/sites\\\/4\\\/2022\\\/07\\\/n-1.png\",\"contentUrl\":\"https:\\\/\\\/redenoticiaz.com.br\\\/ribeiraopreto-regiao\\\/wp-content\\\/uploads\\\/sites\\\/4\\\/2022\\\/07\\\/n-1.png\",\"width\":300,\"height\":200,\"caption\":\"Thor: Amor e Trov\u00e3o. Cr\u00e9dito: Reprodu\u00e7\u00e3o\"},{\"@type\":\"WebSite\",\"@id\":\"https:\\\/\\\/redenoticiaz.com.br\\\/ribeiraopreto-regiao\\\/#website\",\"url\":\"https:\\\/\\\/redenoticiaz.com.br\\\/ribeiraopreto-regiao\\\/\",\"name\":\"Ribeir\u00e3o Preto e Regi\u00e3o\",\"description\":\"Rede NoticiaZ - Ribeir\u00e3o Preto e regi\u00e3o\",\"publisher\":{\"@id\":\"https:\\\/\\\/redenoticiaz.com.br\\\/ribeiraopreto-regiao\\\/#organization\"},\"potentialAction\":[{\"@type\":\"SearchAction\",\"target\":{\"@type\":\"EntryPoint\",\"urlTemplate\":\"https:\\\/\\\/redenoticiaz.com.br\\\/ribeiraopreto-regiao\\\/?s={search_term_string}\"},\"query-input\":{\"@type\":\"PropertyValueSpecification\",\"valueRequired\":true,\"valueName\":\"search_term_string\"}}],\"inLanguage\":\"pt-BR\"},{\"@type\":\"Organization\",\"@id\":\"https:\\\/\\\/redenoticiaz.com.br\\\/ribeiraopreto-regiao\\\/#organization\",\"name\":\"Ribeir\u00e3o Preto e Regi\u00e3o\",\"url\":\"https:\\\/\\\/redenoticiaz.com.br\\\/ribeiraopreto-regiao\\\/\",\"logo\":{\"@type\":\"ImageObject\",\"inLanguage\":\"pt-BR\",\"@id\":\"https:\\\/\\\/redenoticiaz.com.br\\\/ribeiraopreto-regiao\\\/#\\\/schema\\\/logo\\\/image\\\/\",\"url\":\"https:\\\/\\\/redenoticiaz.com.br\\\/barretos-regiao\\\/wp-content\\\/uploads\\\/sites\\\/4\\\/2022\\\/02\\\/logo.jpg\",\"contentUrl\":\"https:\\\/\\\/redenoticiaz.com.br\\\/barretos-regiao\\\/wp-content\\\/uploads\\\/sites\\\/4\\\/2022\\\/02\\\/logo.jpg\",\"width\":400,\"height\":250,\"caption\":\"Ribeir\u00e3o Preto e Regi\u00e3o\"},\"image\":{\"@id\":\"https:\\\/\\\/redenoticiaz.com.br\\\/ribeiraopreto-regiao\\\/#\\\/schema\\\/logo\\\/image\\\/\"},\"sameAs\":[\"https:\\\/\\\/m.facebook.com\\\/redenoticiaz.barretos\",\"https:\\\/\\\/x.com\\\/RN_barretos\",\"https:\\\/\\\/www.instagram.com\\\/redenoticiaz.barretos\\\/?igshid=YmMyMTA2M2Y\",\"https:\\\/\\\/www.linkedin.com\\\/company\\\/rede-noticiaz-barretos-e-regio\\\/\"]},{\"@type\":\"Person\",\"@id\":\"\",\"url\":\"https:\\\/\\\/redenoticiaz.com.br\\\/ribeiraopreto-regiao\\\/sp\\\/author\"}]}<\/script>\n<!-- \/ Yoast SEO plugin. -->","yoast_head_json":{"title":"Thor: Amor e Trov\u00e3o conhe\u00e7a os personagens do filme que estreia em julho - Ribeir\u00e3o Preto e Regi\u00e3o","description":"\u201cThor: Amor e Trov\u00e3o\u201d chega exclusivamente aos cinemas. O filme apresenta Thor (Chris Hemsworth) em uma jornada diferente.","robots":{"index":"index","follow":"follow","max-snippet":"max-snippet:-1","max-image-preview":"max-image-preview:large","max-video-preview":"max-video-preview:-1"},"canonical":"https:\/\/redenoticiaz.com.br\/ribeiraopreto-regiao\/sp\/2022\/07\/03\/thor-amor-e-trovao-conheca-os-personagens-do-filme-que-estreia-em-julho","og_locale":"pt_BR","og_type":"article","og_title":"Thor: Amor e Trov\u00e3o conhe\u00e7a os personagens do filme que estreia em julho - Ribeir\u00e3o Preto e Regi\u00e3o","og_description":"\u201cThor: Amor e Trov\u00e3o\u201d chega exclusivamente aos cinemas. O filme apresenta Thor (Chris Hemsworth) em uma jornada diferente.","og_url":"https:\/\/redenoticiaz.com.br\/ribeiraopreto-regiao\/sp\/2022\/07\/03\/thor-amor-e-trovao-conheca-os-personagens-do-filme-que-estreia-em-julho","og_site_name":"Ribeir\u00e3o Preto e Regi\u00e3o","article_publisher":"https:\/\/m.facebook.com\/redenoticiaz.barretos","article_published_time":"2022-07-03T10:00:15+00:00","og_image":[{"width":300,"height":200,"url":"https:\/\/redenoticiaz.com.br\/ribeiraopreto-regiao\/wp-content\/uploads\/sites\/4\/2022\/07\/n-1.png","type":"image\/png"}],"twitter_card":"summary_large_image","twitter_creator":"@RN_barretos","twitter_site":"@RN_barretos","twitter_misc":{"Escrito por":"","Est. tempo de leitura":"4 minutos"},"schema":{"@context":"https:\/\/schema.org","@graph":[{"@type":"Article","@id":"https:\/\/redenoticiaz.com.br\/ribeiraopreto-regiao\/sp\/2022\/07\/03\/thor-amor-e-trovao-conheca-os-personagens-do-filme-que-estreia-em-julho#article","isPartOf":{"@id":"https:\/\/redenoticiaz.com.br\/ribeiraopreto-regiao\/sp\/2022\/07\/03\/thor-amor-e-trovao-conheca-os-personagens-do-filme-que-estreia-em-julho"},"author":{"name":"","@id":""},"headline":"Thor: Amor e Trov\u00e3o conhe\u00e7a os personagens do filme que estreia em julho","datePublished":"2022-07-03T10:00:15+00:00","mainEntityOfPage":{"@id":"https:\/\/redenoticiaz.com.br\/ribeiraopreto-regiao\/sp\/2022\/07\/03\/thor-amor-e-trovao-conheca-os-personagens-do-filme-que-estreia-em-julho"},"wordCount":902,"commentCount":0,"publisher":{"@id":"https:\/\/redenoticiaz.com.br\/ribeiraopreto-regiao\/#organization"},"image":{"@id":"https:\/\/redenoticiaz.com.br\/ribeiraopreto-regiao\/sp\/2022\/07\/03\/thor-amor-e-trovao-conheca-os-personagens-do-filme-que-estreia-em-julho#primaryimage"},"thumbnailUrl":"https:\/\/redenoticiaz.com.br\/ribeiraopreto-regiao\/wp-content\/uploads\/sites\/4\/2022\/07\/n-1.png","keywords":["CINEMA","FILME","MARVEL","PERSONAGENS","THOR"],"articleSection":["Entretenimento"],"inLanguage":"pt-BR","potentialAction":[{"@type":"CommentAction","name":"Comment","target":["https:\/\/redenoticiaz.com.br\/ribeiraopreto-regiao\/sp\/2022\/07\/03\/thor-amor-e-trovao-conheca-os-personagens-do-filme-que-estreia-em-julho#respond"]}]},{"@type":"WebPage","@id":"https:\/\/redenoticiaz.com.br\/ribeiraopreto-regiao\/sp\/2022\/07\/03\/thor-amor-e-trovao-conheca-os-personagens-do-filme-que-estreia-em-julho","url":"https:\/\/redenoticiaz.com.br\/ribeiraopreto-regiao\/sp\/2022\/07\/03\/thor-amor-e-trovao-conheca-os-personagens-do-filme-que-estreia-em-julho","name":"Thor: Amor e Trov\u00e3o conhe\u00e7a os personagens do filme que estreia em julho - Ribeir\u00e3o Preto e Regi\u00e3o","isPartOf":{"@id":"https:\/\/redenoticiaz.com.br\/ribeiraopreto-regiao\/#website"},"primaryImageOfPage":{"@id":"https:\/\/redenoticiaz.com.br\/ribeiraopreto-regiao\/sp\/2022\/07\/03\/thor-amor-e-trovao-conheca-os-personagens-do-filme-que-estreia-em-julho#primaryimage"},"image":{"@id":"https:\/\/redenoticiaz.com.br\/ribeiraopreto-regiao\/sp\/2022\/07\/03\/thor-amor-e-trovao-conheca-os-personagens-do-filme-que-estreia-em-julho#primaryimage"},"thumbnailUrl":"https:\/\/redenoticiaz.com.br\/ribeiraopreto-regiao\/wp-content\/uploads\/sites\/4\/2022\/07\/n-1.png","datePublished":"2022-07-03T10:00:15+00:00","description":"\u201cThor: Amor e Trov\u00e3o\u201d chega exclusivamente aos cinemas. O filme apresenta Thor (Chris Hemsworth) em uma jornada diferente.","inLanguage":"pt-BR","potentialAction":[{"@type":"ReadAction","target":["https:\/\/redenoticiaz.com.br\/ribeiraopreto-regiao\/sp\/2022\/07\/03\/thor-amor-e-trovao-conheca-os-personagens-do-filme-que-estreia-em-julho"]}]},{"@type":"ImageObject","inLanguage":"pt-BR","@id":"https:\/\/redenoticiaz.com.br\/ribeiraopreto-regiao\/sp\/2022\/07\/03\/thor-amor-e-trovao-conheca-os-personagens-do-filme-que-estreia-em-julho#primaryimage","url":"https:\/\/redenoticiaz.com.br\/ribeiraopreto-regiao\/wp-content\/uploads\/sites\/4\/2022\/07\/n-1.png","contentUrl":"https:\/\/redenoticiaz.com.br\/ribeiraopreto-regiao\/wp-content\/uploads\/sites\/4\/2022\/07\/n-1.png","width":300,"height":200,"caption":"Thor: Amor e Trov\u00e3o. Cr\u00e9dito: Reprodu\u00e7\u00e3o"},{"@type":"WebSite","@id":"https:\/\/redenoticiaz.com.br\/ribeiraopreto-regiao\/#website","url":"https:\/\/redenoticiaz.com.br\/ribeiraopreto-regiao\/","name":"Ribeir\u00e3o Preto e Regi\u00e3o","description":"Rede NoticiaZ - Ribeir\u00e3o Preto e regi\u00e3o","publisher":{"@id":"https:\/\/redenoticiaz.com.br\/ribeiraopreto-regiao\/#organization"},"potentialAction":[{"@type":"SearchAction","target":{"@type":"EntryPoint","urlTemplate":"https:\/\/redenoticiaz.com.br\/ribeiraopreto-regiao\/?s={search_term_string}"},"query-input":{"@type":"PropertyValueSpecification","valueRequired":true,"valueName":"search_term_string"}}],"inLanguage":"pt-BR"},{"@type":"Organization","@id":"https:\/\/redenoticiaz.com.br\/ribeiraopreto-regiao\/#organization","name":"Ribeir\u00e3o Preto e Regi\u00e3o","url":"https:\/\/redenoticiaz.com.br\/ribeiraopreto-regiao\/","logo":{"@type":"ImageObject","inLanguage":"pt-BR","@id":"https:\/\/redenoticiaz.com.br\/ribeiraopreto-regiao\/#\/schema\/logo\/image\/","url":"https:\/\/redenoticiaz.com.br\/barretos-regiao\/wp-content\/uploads\/sites\/4\/2022\/02\/logo.jpg","contentUrl":"https:\/\/redenoticiaz.com.br\/barretos-regiao\/wp-content\/uploads\/sites\/4\/2022\/02\/logo.jpg","width":400,"height":250,"caption":"Ribeir\u00e3o Preto e Regi\u00e3o"},"image":{"@id":"https:\/\/redenoticiaz.com.br\/ribeiraopreto-regiao\/#\/schema\/logo\/image\/"},"sameAs":["https:\/\/m.facebook.com\/redenoticiaz.barretos","https:\/\/x.com\/RN_barretos","https:\/\/www.instagram.com\/redenoticiaz.barretos\/?igshid=YmMyMTA2M2Y","https:\/\/www.linkedin.com\/company\/rede-noticiaz-barretos-e-regio\/"]},{"@type":"Person","@id":"","url":"https:\/\/redenoticiaz.com.br\/ribeiraopreto-regiao\/sp\/author"}]}},"_links":{"self":[{"href":"https:\/\/redenoticiaz.com.br\/ribeiraopreto-regiao\/wp-json\/wp\/v2\/posts\/87021","targetHints":{"allow":["GET"]}}],"collection":[{"href":"https:\/\/redenoticiaz.com.br\/ribeiraopreto-regiao\/wp-json\/wp\/v2\/posts"}],"about":[{"href":"https:\/\/redenoticiaz.com.br\/ribeiraopreto-regiao\/wp-json\/wp\/v2\/types\/post"}],"author":[{"embeddable":true,"href":"https:\/\/redenoticiaz.com.br\/ribeiraopreto-regiao\/wp-json\/wp\/v2\/users\/15"}],"replies":[{"embeddable":true,"href":"https:\/\/redenoticiaz.com.br\/ribeiraopreto-regiao\/wp-json\/wp\/v2\/comments?post=87021"}],"version-history":[{"count":1,"href":"https:\/\/redenoticiaz.com.br\/ribeiraopreto-regiao\/wp-json\/wp\/v2\/posts\/87021\/revisions"}],"predecessor-version":[{"id":87023,"href":"https:\/\/redenoticiaz.com.br\/ribeiraopreto-regiao\/wp-json\/wp\/v2\/posts\/87021\/revisions\/87023"}],"wp:featuredmedia":[{"embeddable":true,"href":"https:\/\/redenoticiaz.com.br\/ribeiraopreto-regiao\/wp-json\/wp\/v2\/media\/87024"}],"wp:attachment":[{"href":"https:\/\/redenoticiaz.com.br\/ribeiraopreto-regiao\/wp-json\/wp\/v2\/media?parent=87021"}],"wp:term":[{"taxonomy":"category","embeddable":true,"href":"https:\/\/redenoticiaz.com.br\/ribeiraopreto-regiao\/wp-json\/wp\/v2\/categories?post=87021"},{"taxonomy":"post_tag","embeddable":true,"href":"https:\/\/redenoticiaz.com.br\/ribeiraopreto-regiao\/wp-json\/wp\/v2\/tags?post=87021"}],"curies":[{"name":"wp","href":"https:\/\/api.w.org\/{rel}","templated":true}]}}