{"id":87058,"date":"2022-07-03T08:00:24","date_gmt":"2022-07-03T11:00:24","guid":{"rendered":"https:\/\/redenoticiaz.com.br\/barretos-regiao\/?p=87058"},"modified":"2022-06-29T14:49:03","modified_gmt":"2022-06-29T17:49:03","slug":"empresa-lanca-aplicativo-para-melhorar-a-logistica-das-empresas","status":"publish","type":"post","link":"https:\/\/redenoticiaz.com.br\/ribeiraopreto-regiao\/sp\/2022\/07\/03\/empresa-lanca-aplicativo-para-melhorar-a-logistica-das-empresas","title":{"rendered":"Empresa lan\u00e7a aplicativo para melhorar a log\u00edstica das empresas"},"content":{"rendered":"<p>A cada dia que passa, a tecnologia \u00e9 cada vez mais necess\u00e1ria na vida das pessoas e tamb\u00e9m em diversas empresas. Na log\u00edstica, para quem precisa se deslocar de maneira mais breve ao destino final, a tecnologia \u00e9 ainda mais essencial. Por isso, um novo aplicativo para motoristas foi chamado.<\/p>\n<p>A iniciativa \u00e9 da <a href=\"https:\/\/www.pathfind.com.br\/\">Pathfind<\/a>, empresa especializada em otimiza\u00e7\u00e3o e redu\u00e7\u00e3o de custos log\u00edsticos, desenvolveu um produto que une roteirizador din\u00e2mico. Trata-se do aplicativo para motoristas chamado de Paths e torre de controle. O sistema inteligente utiliza algoritmos de machine learning, ou seja, quanto mais \u00e9 usado, mais se atualiza e otimiza as rotas.<\/p>\n<p>Segundo relat\u00f3rio de abril de 2020 do Waze, aplicativo de solu\u00e7\u00e3o em mobilidade, houve diminui\u00e7\u00e3o de 69% no n\u00famero de quil\u00f4metros rodados no app por usu\u00e1rio no Brasil. Em paralelo, ocorreu um aumento significativo na demanda por log\u00edstica, resultado da expans\u00e3o dos e-commerces e das compras online no per\u00edodo.<\/p>\n<p>O especialista em log\u00edstica, Antonio Wrobleski contou \u00e0 <strong><em>Rede Noticiaz<\/em><\/strong> como o novo aplicativo e a tecnologia podem colaborar neste servi\u00e7o. Confira:<\/p>\n<h5>1 \u2013 Quais os maiores desafios da \u00e1rea de log\u00edstica na era da digitaliza\u00e7\u00e3o?<\/h5>\n<p>Os maiores desafios naquilo que chamamos de era digital \u00e9 a pr\u00f3pria digitaliza\u00e7\u00e3o. A digitaliza\u00e7\u00e3o \u00e9 um processo amplo que abrange todas as \u00e1reas da empresa, ela vai do faturamento com as contas a receber e a pagar at\u00e9 a pr\u00f3pria log\u00edstica em si.<\/p>\n<p>Ou seja, recep\u00e7\u00e3o e distribui\u00e7\u00e3o de carga, e assim por diante. Hoje em dia, quando a frota for muito pequena, eu ainda digo que exige uma digitaliza\u00e7\u00e3o para voc\u00ea n\u00e3o ter que ter controle de planilhas em programas como excel ou manuais.<\/p>\n<p>Mas ainda assim, d\u00e1 para se levar, o problema \u00e9 quando a frota \u00e9 acima de duzentos equipamentos, ent\u00e3o se sua empresa n\u00e3o estiver digital, n\u00e3o estiver coletando dados, formando um banco de dados, com certeza isso implicar\u00e1 em maior retrabalho, maior custo de m\u00e3o de obra e maior suscetibilidade a erros.<\/p>\n<h5>2- Quais os impactos que a pandemia trouxe para a \u00e1rea da log\u00edstica?<\/h5>\n<p>A pandemia trouxe impactos em todos os sentidos, no custo dos combust\u00edveis, na quest\u00e3o de prioridades dentro da \u00e1rea da sa\u00fade e a pandemia em seu auge fez com que as pessoas fossem para o trabalho em home-office, com isso, teve que montar uma estrutura para atender esse home-office.<\/p>\n<p>Isso deve perdurar por um bom tempo, mas ser\u00e1 dividido entre o home-office e o presencial, o chamado trabalho h\u00edbrido, isso j\u00e1 est\u00e1 acontecendo e o ano que vem esse modelo ser\u00e1 ainda mais comum. As empresas est\u00e3o e devem analisar o que acontece com os custos delas nesse sentido, nesses formatos de trabalho.<\/p>\n<h5>3 \u2013 Como funciona o aplicativo Paths, como a tecnologia pode auxiliar ainda mais na log\u00edstica?<\/h5>\n<p>O aplicativo Paths basicamente posiciona, ele tem aquilo que chamamos de &#8220;track in trace&#8221; que \u00e9 o segmento do equipamento, est\u00e1 ligado a roteiriza\u00e7\u00e3o, ele melhora, faz a roteiriza\u00e7\u00e3o, faz a entrega, ou seja, quando faz essa entrega, a empresa j\u00e1 d\u00e1 baixa na entrega e faz a coisa mais importante que \u00e9 achar o melhor caminho entre dois pontos, levando em considera\u00e7\u00e3o as particularidades das estradas e das cidades brasileiras.<\/p>\n<h5>4 &#8211; Principalmente buscando superar os gargalos que em \u00e9pocas de maior demanda complicam os movimentos nas estradas e rodovias?<\/h5>\n<p>Isso \u00e9 um formato que as empresas conseguem reduzir custos, pois utiliza menos equipamentos, vai melhorar a utiliza\u00e7\u00e3o volum\u00e9trica dos equipamentos e evidentemente vai diminuir a demanda por mais equipamentos e no fim replica evidentemente em maiores custos.<\/p>\n<p>Ferrovias n\u00e3o entra nesse sentido, mas o Brasil \u00e9 muito rodovi\u00e1rio, somos um pa\u00eds 65% rodovi\u00e1rio e as ferrovias s\u00e3o dedicadas as empresas que rodam e os embarcadores que utilizam de ferrovias, h\u00e1 intermodalidade sim entre ferrovias e rodovias, mas \u00e9 muito incipiente sobre nessa an\u00e1lise.<\/p>\n<p>Finalizando, uma empresa tem que ser digital, comece com os processos mais simples e depois tente abranger toda a empresa, n\u00e3o importando o n\u00famero de equipamentos que a empresa tenha, o mais importante s\u00e3o os clientes, e a empresa vai guardar seus clientes em um banco de dados e evidentemente respeitar a nova Lei Geral de Prote\u00e7\u00e3o de Dados (LGPD), que \u00e9 fundamental para quem quer guardar dados e usa os dados dos clientes.<\/p>\n<p><strong>LEIA TAMB\u00c9M<\/strong><\/p>\n<p><a href=\"https:\/\/redenoticiaz.com.br\/blog\/2022\/06\/27\/reducao-do-icms-e-anunciado-pelo-governo-de-sp-e-valor-da-gasolina-deve-reduzir\">Redu\u00e7\u00e3o do ICMS \u00e9 anunciado pelo Governo de SP e valor da gasolina deve reduzir<\/a><\/p>\n","protected":false},"excerpt":{"rendered":"<p>A cada dia que passa, a tecnologia \u00e9 cada vez mais necess\u00e1ria na vida das pessoas e tamb\u00e9m em diversas empresas. Na log\u00edstica, para quem precisa se deslocar de maneira mais breve ao destino final, a tecnologia \u00e9 ainda mais essencial. Por isso, um novo aplicativo para motoristas foi chamado. A iniciativa \u00e9 da Pathfind, &hellip;<\/p>\n","protected":false},"author":6,"featured_media":87059,"comment_status":"open","ping_status":"closed","sticky":false,"template":"","format":"standard","meta":{"footnotes":""},"categories":[2921],"tags":[1562,5369,6717,12661,18240,18241,935],"class_list":["post-87058","post","type-post","status-publish","format-standard","has-post-thumbnail","hentry","category-transportes","tag-aplicativo","tag-empresas","tag-industrias","tag-logistica","tag-pathfind","tag-porto","tag-tecnologia"],"yoast_head":"<!-- This site is optimized with the Yoast SEO plugin v27.5 - https:\/\/yoast.com\/product\/yoast-seo-wordpress\/ -->\n<title>Empresa lan\u00e7a aplicativo para melhorar a log\u00edstica das empresas - Ribeir\u00e3o Preto e Regi\u00e3o<\/title>\n<meta name=\"description\" content=\"A cada dia que passa, a tecnologia \u00e9 cada vez mais necess\u00e1ria na vida das pessoas e tamb\u00e9m em diversas empresas. Na log\u00edstica\" \/>\n<meta name=\"robots\" content=\"index, follow, max-snippet:-1, max-image-preview:large, max-video-preview:-1\" \/>\n<link rel=\"canonical\" href=\"https:\/\/redenoticiaz.com.br\/ribeiraopreto-regiao\/sp\/2022\/07\/03\/empresa-lanca-aplicativo-para-melhorar-a-logistica-das-empresas\" \/>\n<meta property=\"og:locale\" content=\"pt_BR\" \/>\n<meta property=\"og:type\" content=\"article\" \/>\n<meta property=\"og:title\" content=\"Empresa lan\u00e7a aplicativo para melhorar a log\u00edstica das empresas - Ribeir\u00e3o Preto e Regi\u00e3o\" \/>\n<meta property=\"og:description\" content=\"A cada dia que passa, a tecnologia \u00e9 cada vez mais necess\u00e1ria na vida das pessoas e tamb\u00e9m em diversas empresas. Na log\u00edstica\" \/>\n<meta property=\"og:url\" content=\"https:\/\/redenoticiaz.com.br\/ribeiraopreto-regiao\/sp\/2022\/07\/03\/empresa-lanca-aplicativo-para-melhorar-a-logistica-das-empresas\" \/>\n<meta property=\"og:site_name\" content=\"Ribeir\u00e3o Preto e Regi\u00e3o\" \/>\n<meta property=\"article:publisher\" content=\"https:\/\/m.facebook.com\/redenoticiaz.barretos\" \/>\n<meta property=\"article:published_time\" content=\"2022-07-03T11:00:24+00:00\" \/>\n<meta property=\"og:image\" content=\"https:\/\/redenoticiaz.com.br\/ribeiraopreto-regiao\/wp-content\/uploads\/sites\/4\/2022\/02\/logo.jpg\" \/>\n\t<meta property=\"og:image:width\" content=\"400\" \/>\n\t<meta property=\"og:image:height\" content=\"250\" \/>\n\t<meta property=\"og:image:type\" content=\"image\/jpeg\" \/>\n<meta name=\"author\" content=\"Leonardo Francisco\" \/>\n<meta name=\"twitter:card\" content=\"summary_large_image\" \/>\n<meta name=\"twitter:creator\" content=\"@RN_barretos\" \/>\n<meta name=\"twitter:site\" content=\"@RN_barretos\" \/>\n<meta name=\"twitter:label1\" content=\"Escrito por\" \/>\n\t<meta name=\"twitter:data1\" content=\"Leonardo Francisco\" \/>\n\t<meta name=\"twitter:label2\" content=\"Est. tempo de leitura\" \/>\n\t<meta name=\"twitter:data2\" content=\"4 minutos\" \/>\n<script type=\"application\/ld+json\" class=\"yoast-schema-graph\">{\"@context\":\"https:\\\/\\\/schema.org\",\"@graph\":[{\"@type\":\"Article\",\"@id\":\"https:\\\/\\\/redenoticiaz.com.br\\\/ribeiraopreto-regiao\\\/sp\\\/2022\\\/07\\\/03\\\/empresa-lanca-aplicativo-para-melhorar-a-logistica-das-empresas#article\",\"isPartOf\":{\"@id\":\"https:\\\/\\\/redenoticiaz.com.br\\\/ribeiraopreto-regiao\\\/sp\\\/2022\\\/07\\\/03\\\/empresa-lanca-aplicativo-para-melhorar-a-logistica-das-empresas\"},\"author\":{\"name\":\"Leonardo Francisco\",\"@id\":\"https:\\\/\\\/redenoticiaz.com.br\\\/ribeiraopreto-regiao\\\/#\\\/schema\\\/person\\\/0f0b8a5bdafefe82841e07ae8d81ecb3\"},\"headline\":\"Empresa lan\u00e7a aplicativo para melhorar a log\u00edstica das empresas\",\"datePublished\":\"2022-07-03T11:00:24+00:00\",\"mainEntityOfPage\":{\"@id\":\"https:\\\/\\\/redenoticiaz.com.br\\\/ribeiraopreto-regiao\\\/sp\\\/2022\\\/07\\\/03\\\/empresa-lanca-aplicativo-para-melhorar-a-logistica-das-empresas\"},\"wordCount\":769,\"commentCount\":0,\"publisher\":{\"@id\":\"https:\\\/\\\/redenoticiaz.com.br\\\/ribeiraopreto-regiao\\\/#organization\"},\"image\":{\"@id\":\"https:\\\/\\\/redenoticiaz.com.br\\\/ribeiraopreto-regiao\\\/sp\\\/2022\\\/07\\\/03\\\/empresa-lanca-aplicativo-para-melhorar-a-logistica-das-empresas#primaryimage\"},\"thumbnailUrl\":\"https:\\\/\\\/redenoticiaz.com.br\\\/ribeiraopreto-regiao\\\/wp-content\\\/uploads\\\/sites\\\/4\\\/2022\\\/06\\\/logistica.jpg?v=1656524878\",\"keywords\":[\"APLICATIVO\",\"EMPRESAS\",\"IND\u00daSTRIAS\",\"LOG\u00cdSTICA\",\"PATHFIND\",\"PORTO\",\"tecnologia\"],\"articleSection\":[\"Transportes\"],\"inLanguage\":\"pt-BR\",\"potentialAction\":[{\"@type\":\"CommentAction\",\"name\":\"Comment\",\"target\":[\"https:\\\/\\\/redenoticiaz.com.br\\\/ribeiraopreto-regiao\\\/sp\\\/2022\\\/07\\\/03\\\/empresa-lanca-aplicativo-para-melhorar-a-logistica-das-empresas#respond\"]}]},{\"@type\":\"WebPage\",\"@id\":\"https:\\\/\\\/redenoticiaz.com.br\\\/ribeiraopreto-regiao\\\/sp\\\/2022\\\/07\\\/03\\\/empresa-lanca-aplicativo-para-melhorar-a-logistica-das-empresas\",\"url\":\"https:\\\/\\\/redenoticiaz.com.br\\\/ribeiraopreto-regiao\\\/sp\\\/2022\\\/07\\\/03\\\/empresa-lanca-aplicativo-para-melhorar-a-logistica-das-empresas\",\"name\":\"Empresa lan\u00e7a aplicativo para melhorar a log\u00edstica das empresas - Ribeir\u00e3o Preto e Regi\u00e3o\",\"isPartOf\":{\"@id\":\"https:\\\/\\\/redenoticiaz.com.br\\\/ribeiraopreto-regiao\\\/#website\"},\"primaryImageOfPage\":{\"@id\":\"https:\\\/\\\/redenoticiaz.com.br\\\/ribeiraopreto-regiao\\\/sp\\\/2022\\\/07\\\/03\\\/empresa-lanca-aplicativo-para-melhorar-a-logistica-das-empresas#primaryimage\"},\"image\":{\"@id\":\"https:\\\/\\\/redenoticiaz.com.br\\\/ribeiraopreto-regiao\\\/sp\\\/2022\\\/07\\\/03\\\/empresa-lanca-aplicativo-para-melhorar-a-logistica-das-empresas#primaryimage\"},\"thumbnailUrl\":\"https:\\\/\\\/redenoticiaz.com.br\\\/ribeiraopreto-regiao\\\/wp-content\\\/uploads\\\/sites\\\/4\\\/2022\\\/06\\\/logistica.jpg?v=1656524878\",\"datePublished\":\"2022-07-03T11:00:24+00:00\",\"description\":\"A cada dia que passa, a tecnologia \u00e9 cada vez mais necess\u00e1ria na vida das pessoas e tamb\u00e9m em diversas empresas. Na log\u00edstica\",\"inLanguage\":\"pt-BR\",\"potentialAction\":[{\"@type\":\"ReadAction\",\"target\":[\"https:\\\/\\\/redenoticiaz.com.br\\\/ribeiraopreto-regiao\\\/sp\\\/2022\\\/07\\\/03\\\/empresa-lanca-aplicativo-para-melhorar-a-logistica-das-empresas\"]}]},{\"@type\":\"ImageObject\",\"inLanguage\":\"pt-BR\",\"@id\":\"https:\\\/\\\/redenoticiaz.com.br\\\/ribeiraopreto-regiao\\\/sp\\\/2022\\\/07\\\/03\\\/empresa-lanca-aplicativo-para-melhorar-a-logistica-das-empresas#primaryimage\",\"url\":\"https:\\\/\\\/redenoticiaz.com.br\\\/ribeiraopreto-regiao\\\/wp-content\\\/uploads\\\/sites\\\/4\\\/2022\\\/06\\\/logistica.jpg?v=1656524878\",\"contentUrl\":\"https:\\\/\\\/redenoticiaz.com.br\\\/ribeiraopreto-regiao\\\/wp-content\\\/uploads\\\/sites\\\/4\\\/2022\\\/06\\\/logistica.jpg?v=1656524878\",\"width\":1494,\"height\":697,\"caption\":\"Cr\u00e9ditos: Reprodu\u00e7\u00e3o\"},{\"@type\":\"WebSite\",\"@id\":\"https:\\\/\\\/redenoticiaz.com.br\\\/ribeiraopreto-regiao\\\/#website\",\"url\":\"https:\\\/\\\/redenoticiaz.com.br\\\/ribeiraopreto-regiao\\\/\",\"name\":\"Ribeir\u00e3o Preto e Regi\u00e3o\",\"description\":\"Rede NoticiaZ - Ribeir\u00e3o Preto e regi\u00e3o\",\"publisher\":{\"@id\":\"https:\\\/\\\/redenoticiaz.com.br\\\/ribeiraopreto-regiao\\\/#organization\"},\"potentialAction\":[{\"@type\":\"SearchAction\",\"target\":{\"@type\":\"EntryPoint\",\"urlTemplate\":\"https:\\\/\\\/redenoticiaz.com.br\\\/ribeiraopreto-regiao\\\/?s={search_term_string}\"},\"query-input\":{\"@type\":\"PropertyValueSpecification\",\"valueRequired\":true,\"valueName\":\"search_term_string\"}}],\"inLanguage\":\"pt-BR\"},{\"@type\":\"Organization\",\"@id\":\"https:\\\/\\\/redenoticiaz.com.br\\\/ribeiraopreto-regiao\\\/#organization\",\"name\":\"Ribeir\u00e3o Preto e Regi\u00e3o\",\"url\":\"https:\\\/\\\/redenoticiaz.com.br\\\/ribeiraopreto-regiao\\\/\",\"logo\":{\"@type\":\"ImageObject\",\"inLanguage\":\"pt-BR\",\"@id\":\"https:\\\/\\\/redenoticiaz.com.br\\\/ribeiraopreto-regiao\\\/#\\\/schema\\\/logo\\\/image\\\/\",\"url\":\"https:\\\/\\\/redenoticiaz.com.br\\\/barretos-regiao\\\/wp-content\\\/uploads\\\/sites\\\/4\\\/2022\\\/02\\\/logo.jpg\",\"contentUrl\":\"https:\\\/\\\/redenoticiaz.com.br\\\/barretos-regiao\\\/wp-content\\\/uploads\\\/sites\\\/4\\\/2022\\\/02\\\/logo.jpg\",\"width\":400,\"height\":250,\"caption\":\"Ribeir\u00e3o Preto e Regi\u00e3o\"},\"image\":{\"@id\":\"https:\\\/\\\/redenoticiaz.com.br\\\/ribeiraopreto-regiao\\\/#\\\/schema\\\/logo\\\/image\\\/\"},\"sameAs\":[\"https:\\\/\\\/m.facebook.com\\\/redenoticiaz.barretos\",\"https:\\\/\\\/x.com\\\/RN_barretos\",\"https:\\\/\\\/www.instagram.com\\\/redenoticiaz.barretos\\\/?igshid=YmMyMTA2M2Y\",\"https:\\\/\\\/www.linkedin.com\\\/company\\\/rede-noticiaz-barretos-e-regio\\\/\"]},{\"@type\":\"Person\",\"@id\":\"https:\\\/\\\/redenoticiaz.com.br\\\/ribeiraopreto-regiao\\\/#\\\/schema\\\/person\\\/0f0b8a5bdafefe82841e07ae8d81ecb3\",\"name\":\"Leonardo Francisco\",\"image\":{\"@type\":\"ImageObject\",\"inLanguage\":\"pt-BR\",\"@id\":\"https:\\\/\\\/secure.gravatar.com\\\/avatar\\\/a7358cb406a99b682ec6df1e77e31ae82e63601f6784e8a3df411d72b37864da?s=96&d=mm&r=g\",\"url\":\"https:\\\/\\\/secure.gravatar.com\\\/avatar\\\/a7358cb406a99b682ec6df1e77e31ae82e63601f6784e8a3df411d72b37864da?s=96&d=mm&r=g\",\"contentUrl\":\"https:\\\/\\\/secure.gravatar.com\\\/avatar\\\/a7358cb406a99b682ec6df1e77e31ae82e63601f6784e8a3df411d72b37864da?s=96&d=mm&r=g\",\"caption\":\"Leonardo Francisco\"},\"url\":\"https:\\\/\\\/redenoticiaz.com.br\\\/ribeiraopreto-regiao\\\/sp\\\/author\\\/leonardo-francisco\"}]}<\/script>\n<!-- \/ Yoast SEO plugin. -->","yoast_head_json":{"title":"Empresa lan\u00e7a aplicativo para melhorar a log\u00edstica das empresas - Ribeir\u00e3o Preto e Regi\u00e3o","description":"A cada dia que passa, a tecnologia \u00e9 cada vez mais necess\u00e1ria na vida das pessoas e tamb\u00e9m em diversas empresas. Na log\u00edstica","robots":{"index":"index","follow":"follow","max-snippet":"max-snippet:-1","max-image-preview":"max-image-preview:large","max-video-preview":"max-video-preview:-1"},"canonical":"https:\/\/redenoticiaz.com.br\/ribeiraopreto-regiao\/sp\/2022\/07\/03\/empresa-lanca-aplicativo-para-melhorar-a-logistica-das-empresas","og_locale":"pt_BR","og_type":"article","og_title":"Empresa lan\u00e7a aplicativo para melhorar a log\u00edstica das empresas - Ribeir\u00e3o Preto e Regi\u00e3o","og_description":"A cada dia que passa, a tecnologia \u00e9 cada vez mais necess\u00e1ria na vida das pessoas e tamb\u00e9m em diversas empresas. Na log\u00edstica","og_url":"https:\/\/redenoticiaz.com.br\/ribeiraopreto-regiao\/sp\/2022\/07\/03\/empresa-lanca-aplicativo-para-melhorar-a-logistica-das-empresas","og_site_name":"Ribeir\u00e3o Preto e Regi\u00e3o","article_publisher":"https:\/\/m.facebook.com\/redenoticiaz.barretos","article_published_time":"2022-07-03T11:00:24+00:00","og_image":[{"width":400,"height":250,"url":"https:\/\/redenoticiaz.com.br\/ribeiraopreto-regiao\/wp-content\/uploads\/sites\/4\/2022\/02\/logo.jpg","type":"image\/jpeg"}],"author":"Leonardo Francisco","twitter_card":"summary_large_image","twitter_creator":"@RN_barretos","twitter_site":"@RN_barretos","twitter_misc":{"Escrito por":"Leonardo Francisco","Est. tempo de leitura":"4 minutos"},"schema":{"@context":"https:\/\/schema.org","@graph":[{"@type":"Article","@id":"https:\/\/redenoticiaz.com.br\/ribeiraopreto-regiao\/sp\/2022\/07\/03\/empresa-lanca-aplicativo-para-melhorar-a-logistica-das-empresas#article","isPartOf":{"@id":"https:\/\/redenoticiaz.com.br\/ribeiraopreto-regiao\/sp\/2022\/07\/03\/empresa-lanca-aplicativo-para-melhorar-a-logistica-das-empresas"},"author":{"name":"Leonardo Francisco","@id":"https:\/\/redenoticiaz.com.br\/ribeiraopreto-regiao\/#\/schema\/person\/0f0b8a5bdafefe82841e07ae8d81ecb3"},"headline":"Empresa lan\u00e7a aplicativo para melhorar a log\u00edstica das empresas","datePublished":"2022-07-03T11:00:24+00:00","mainEntityOfPage":{"@id":"https:\/\/redenoticiaz.com.br\/ribeiraopreto-regiao\/sp\/2022\/07\/03\/empresa-lanca-aplicativo-para-melhorar-a-logistica-das-empresas"},"wordCount":769,"commentCount":0,"publisher":{"@id":"https:\/\/redenoticiaz.com.br\/ribeiraopreto-regiao\/#organization"},"image":{"@id":"https:\/\/redenoticiaz.com.br\/ribeiraopreto-regiao\/sp\/2022\/07\/03\/empresa-lanca-aplicativo-para-melhorar-a-logistica-das-empresas#primaryimage"},"thumbnailUrl":"https:\/\/redenoticiaz.com.br\/ribeiraopreto-regiao\/wp-content\/uploads\/sites\/4\/2022\/06\/logistica.jpg?v=1656524878","keywords":["APLICATIVO","EMPRESAS","IND\u00daSTRIAS","LOG\u00cdSTICA","PATHFIND","PORTO","tecnologia"],"articleSection":["Transportes"],"inLanguage":"pt-BR","potentialAction":[{"@type":"CommentAction","name":"Comment","target":["https:\/\/redenoticiaz.com.br\/ribeiraopreto-regiao\/sp\/2022\/07\/03\/empresa-lanca-aplicativo-para-melhorar-a-logistica-das-empresas#respond"]}]},{"@type":"WebPage","@id":"https:\/\/redenoticiaz.com.br\/ribeiraopreto-regiao\/sp\/2022\/07\/03\/empresa-lanca-aplicativo-para-melhorar-a-logistica-das-empresas","url":"https:\/\/redenoticiaz.com.br\/ribeiraopreto-regiao\/sp\/2022\/07\/03\/empresa-lanca-aplicativo-para-melhorar-a-logistica-das-empresas","name":"Empresa lan\u00e7a aplicativo para melhorar a log\u00edstica das empresas - Ribeir\u00e3o Preto e Regi\u00e3o","isPartOf":{"@id":"https:\/\/redenoticiaz.com.br\/ribeiraopreto-regiao\/#website"},"primaryImageOfPage":{"@id":"https:\/\/redenoticiaz.com.br\/ribeiraopreto-regiao\/sp\/2022\/07\/03\/empresa-lanca-aplicativo-para-melhorar-a-logistica-das-empresas#primaryimage"},"image":{"@id":"https:\/\/redenoticiaz.com.br\/ribeiraopreto-regiao\/sp\/2022\/07\/03\/empresa-lanca-aplicativo-para-melhorar-a-logistica-das-empresas#primaryimage"},"thumbnailUrl":"https:\/\/redenoticiaz.com.br\/ribeiraopreto-regiao\/wp-content\/uploads\/sites\/4\/2022\/06\/logistica.jpg?v=1656524878","datePublished":"2022-07-03T11:00:24+00:00","description":"A cada dia que passa, a tecnologia \u00e9 cada vez mais necess\u00e1ria na vida das pessoas e tamb\u00e9m em diversas empresas. Na log\u00edstica","inLanguage":"pt-BR","potentialAction":[{"@type":"ReadAction","target":["https:\/\/redenoticiaz.com.br\/ribeiraopreto-regiao\/sp\/2022\/07\/03\/empresa-lanca-aplicativo-para-melhorar-a-logistica-das-empresas"]}]},{"@type":"ImageObject","inLanguage":"pt-BR","@id":"https:\/\/redenoticiaz.com.br\/ribeiraopreto-regiao\/sp\/2022\/07\/03\/empresa-lanca-aplicativo-para-melhorar-a-logistica-das-empresas#primaryimage","url":"https:\/\/redenoticiaz.com.br\/ribeiraopreto-regiao\/wp-content\/uploads\/sites\/4\/2022\/06\/logistica.jpg?v=1656524878","contentUrl":"https:\/\/redenoticiaz.com.br\/ribeiraopreto-regiao\/wp-content\/uploads\/sites\/4\/2022\/06\/logistica.jpg?v=1656524878","width":1494,"height":697,"caption":"Cr\u00e9ditos: Reprodu\u00e7\u00e3o"},{"@type":"WebSite","@id":"https:\/\/redenoticiaz.com.br\/ribeiraopreto-regiao\/#website","url":"https:\/\/redenoticiaz.com.br\/ribeiraopreto-regiao\/","name":"Ribeir\u00e3o Preto e Regi\u00e3o","description":"Rede NoticiaZ - Ribeir\u00e3o Preto e regi\u00e3o","publisher":{"@id":"https:\/\/redenoticiaz.com.br\/ribeiraopreto-regiao\/#organization"},"potentialAction":[{"@type":"SearchAction","target":{"@type":"EntryPoint","urlTemplate":"https:\/\/redenoticiaz.com.br\/ribeiraopreto-regiao\/?s={search_term_string}"},"query-input":{"@type":"PropertyValueSpecification","valueRequired":true,"valueName":"search_term_string"}}],"inLanguage":"pt-BR"},{"@type":"Organization","@id":"https:\/\/redenoticiaz.com.br\/ribeiraopreto-regiao\/#organization","name":"Ribeir\u00e3o Preto e Regi\u00e3o","url":"https:\/\/redenoticiaz.com.br\/ribeiraopreto-regiao\/","logo":{"@type":"ImageObject","inLanguage":"pt-BR","@id":"https:\/\/redenoticiaz.com.br\/ribeiraopreto-regiao\/#\/schema\/logo\/image\/","url":"https:\/\/redenoticiaz.com.br\/barretos-regiao\/wp-content\/uploads\/sites\/4\/2022\/02\/logo.jpg","contentUrl":"https:\/\/redenoticiaz.com.br\/barretos-regiao\/wp-content\/uploads\/sites\/4\/2022\/02\/logo.jpg","width":400,"height":250,"caption":"Ribeir\u00e3o Preto e Regi\u00e3o"},"image":{"@id":"https:\/\/redenoticiaz.com.br\/ribeiraopreto-regiao\/#\/schema\/logo\/image\/"},"sameAs":["https:\/\/m.facebook.com\/redenoticiaz.barretos","https:\/\/x.com\/RN_barretos","https:\/\/www.instagram.com\/redenoticiaz.barretos\/?igshid=YmMyMTA2M2Y","https:\/\/www.linkedin.com\/company\/rede-noticiaz-barretos-e-regio\/"]},{"@type":"Person","@id":"https:\/\/redenoticiaz.com.br\/ribeiraopreto-regiao\/#\/schema\/person\/0f0b8a5bdafefe82841e07ae8d81ecb3","name":"Leonardo Francisco","image":{"@type":"ImageObject","inLanguage":"pt-BR","@id":"https:\/\/secure.gravatar.com\/avatar\/a7358cb406a99b682ec6df1e77e31ae82e63601f6784e8a3df411d72b37864da?s=96&d=mm&r=g","url":"https:\/\/secure.gravatar.com\/avatar\/a7358cb406a99b682ec6df1e77e31ae82e63601f6784e8a3df411d72b37864da?s=96&d=mm&r=g","contentUrl":"https:\/\/secure.gravatar.com\/avatar\/a7358cb406a99b682ec6df1e77e31ae82e63601f6784e8a3df411d72b37864da?s=96&d=mm&r=g","caption":"Leonardo Francisco"},"url":"https:\/\/redenoticiaz.com.br\/ribeiraopreto-regiao\/sp\/author\/leonardo-francisco"}]}},"_links":{"self":[{"href":"https:\/\/redenoticiaz.com.br\/ribeiraopreto-regiao\/wp-json\/wp\/v2\/posts\/87058","targetHints":{"allow":["GET"]}}],"collection":[{"href":"https:\/\/redenoticiaz.com.br\/ribeiraopreto-regiao\/wp-json\/wp\/v2\/posts"}],"about":[{"href":"https:\/\/redenoticiaz.com.br\/ribeiraopreto-regiao\/wp-json\/wp\/v2\/types\/post"}],"author":[{"embeddable":true,"href":"https:\/\/redenoticiaz.com.br\/ribeiraopreto-regiao\/wp-json\/wp\/v2\/users\/6"}],"replies":[{"embeddable":true,"href":"https:\/\/redenoticiaz.com.br\/ribeiraopreto-regiao\/wp-json\/wp\/v2\/comments?post=87058"}],"version-history":[{"count":0,"href":"https:\/\/redenoticiaz.com.br\/ribeiraopreto-regiao\/wp-json\/wp\/v2\/posts\/87058\/revisions"}],"wp:featuredmedia":[{"embeddable":true,"href":"https:\/\/redenoticiaz.com.br\/ribeiraopreto-regiao\/wp-json\/wp\/v2\/media\/87059"}],"wp:attachment":[{"href":"https:\/\/redenoticiaz.com.br\/ribeiraopreto-regiao\/wp-json\/wp\/v2\/media?parent=87058"}],"wp:term":[{"taxonomy":"category","embeddable":true,"href":"https:\/\/redenoticiaz.com.br\/ribeiraopreto-regiao\/wp-json\/wp\/v2\/categories?post=87058"},{"taxonomy":"post_tag","embeddable":true,"href":"https:\/\/redenoticiaz.com.br\/ribeiraopreto-regiao\/wp-json\/wp\/v2\/tags?post=87058"}],"curies":[{"name":"wp","href":"https:\/\/api.w.org\/{rel}","templated":true}]}}