{"id":87188,"date":"2022-07-01T09:53:08","date_gmt":"2022-07-01T12:53:08","guid":{"rendered":"https:\/\/redenoticiaz.com.br\/barretos-regiao\/sp\/2022\/07\/01\/sao-paulo-goleia-universidad-catolica-no-chile-mesmo-com-tres-jogadores-expulsos"},"modified":"2022-07-01T09:53:08","modified_gmt":"2022-07-01T12:53:08","slug":"sao-paulo-goleia-universidad-catolica-no-chile-mesmo-com-tres-jogadores-expulsos","status":"publish","type":"post","link":"https:\/\/redenoticiaz.com.br\/ribeiraopreto-regiao\/sp\/2022\/07\/01\/sao-paulo-goleia-universidad-catolica-no-chile-mesmo-com-tres-jogadores-expulsos","title":{"rendered":"S\u00e3o Paulo goleia Universidad Cat\u00f3lica no Chile, mesmo com tr\u00eas jogadores expulsos"},"content":{"rendered":"<p>Quando falamos em competi\u00e7\u00f5es sul-americanas, seja a Libertadores ou a <a href=\"https:\/\/www.conmebol.com\/pt-br\/\">Copa Sul-Americana<\/a>, logo \u00e9 associado a jogo aguerrido com atletas que jogam com ra\u00e7a. Em Santiago, no Chile, o <strong>S\u00e3o Paulo<\/strong> viveu todos estes momentos, conseguiu superar o fato de ter tr\u00eas jogadores a menos e goleou a <strong>Universidad Cat\u00f3lica<\/strong> por 4 a 2.<\/p>\n<p>Antes da batalha, o Tricolor teve muita tranquilidade no primeiro tempo e dominou os chilenos. O t\u00e9cnico Rog\u00e9rio Ceni desta vez escalou for\u00e7a m\u00e1xima na Copa Sul-Americana e a vit\u00f3ria foi constru\u00edda ainda na etapa inicial. Aos 15 minutos Reinaldo bateu bem o p\u00eanalti e abriu o placar. O 2 a 0 aconteceu ap\u00f3s pataquada do lateral-direito Isla, que deu a bola para Calleri. Em seguida, tocou para Luciano que fez o segundo gol.<\/p>\n<p>Luciano estava h\u00e1 dois meses sem fazer gols e muito criticado. E nada melhor que conseguir a remiss\u00e3o n\u00e3o fazendo um, mas dois gols. Ele fez o terceiro gol s\u00e3o-paulino ap\u00f3s passar por dois jogadores e balan\u00e7ar as redes do goleiro P\u00e9rez.<\/p>\n<h3>Apuros no segundo tempo<\/h3>\n<p>Se a etapa inicial foi de tranquilidade pura para o S\u00e3o Paulo, o mesmo n\u00e3o pode se dizer do segundo tempo. A Universidad Cat\u00f3lica veio para cima e descontou com Zampedri. Pra piorar, Igor Vinicius foi expulso ap\u00f3s uma trombada. Ele levou o segundo cart\u00e3o amarelo e deixou o Tricolor com um a menos.<\/p>\n<p>No momento mais tenso para o time de Rog\u00e9rio Ceni, Patrick entrou na vaga de Luciano para refor\u00e7ar o meio-campo. Aos poucos, a press\u00e3o da Universidad Cat\u00f3lica foi sendo neutralizada, e Patrick virou pe\u00e7a-chave para devolver o al\u00edvio ao S\u00e3o Paulo. Depois de lan\u00e7amento de Calleri, ele aplicou linda caneta no marcador, rolou para Igor Gomes, e viu o companheiro dar de letra novamente para Calleri, que finalizou, fez o 4 x 1 e freou a rea\u00e7\u00e3o do rival.<\/p>\n<p>No entanto, a expuls\u00e3o de Rodrigo Nestor deixou o Tricolor com dois a menos, e Valencia diminuiu o placar na sequ\u00eancia. No fim, Calleri tamb\u00e9m foi expulso, mas o time conseguiu segurar a press\u00e3o total do rival e manter o 4 x 2.<\/p>\n<h3>E agora?<\/h3>\n<p>S\u00e3o Paulo e Universidad Cat\u00f3lica voltam a se enfrentar na pr\u00f3xima quinta-feira (7), \u00e0s 21h30, no Morumbi. O Tricolor pode perder at\u00e9 por um gol de diferen\u00e7a que mesmo assim avan\u00e7a \u00e0s quartas de final. J\u00e1 os chilenos precisam vencer por tr\u00eas gols para a classifica\u00e7\u00e3o no tempo normal, ou dois para levar a disputa aos p\u00eanaltis.<\/p>\n<p>Antes disso, pelo Campeonato Brasileiro, o S\u00e3o Paulo volta a campo no domingo (3) para enfrentar o Atl\u00e9tico-GO, \u00e0s 16h (de Bras\u00edlia), no Ant\u00f4nio Accioly, pela 15\u00aa rodada do Brasileir\u00e3o.<\/p>\n<p><strong>LEIA TAMB\u00c9M<\/strong><\/p>\n<p><a href=\"https:\/\/redenoticiaz.com.br\/blog\/2022\/06\/30\/artigo-os-20-anos-do-penta-enredo-da-selecao-de-2002-e-similar-ao-de-2022\">Artigo \u2013 Os 20 anos do penta. Enredo da Sele\u00e7\u00e3o de 2002 \u00e9 similar ao de 2022<\/a><\/p>\n","protected":false},"excerpt":{"rendered":"<p>Quando falamos em competi\u00e7\u00f5es sul-americanas, seja a Libertadores ou a Copa Sul-Americana, logo \u00e9 associado a jogo aguerrido com atletas que jogam com ra\u00e7a. Em Santiago, no Chile, o S\u00e3o Paulo viveu todos estes momentos, conseguiu superar o fato de ter tr\u00eas jogadores a menos e goleou a Universidad Cat\u00f3lica por 4 a 2. Antes &hellip;<\/p>\n","protected":false},"author":6,"featured_media":87189,"comment_status":"open","ping_status":"closed","sticky":false,"template":"","format":"standard","meta":{"footnotes":""},"categories":[87],"tags":[2986,6205,18317,17109,18318,671,18319],"class_list":["post-87188","post","type-post","status-publish","format-standard","has-post-thumbnail","hentry","category-esporte","tag-chile","tag-copa-sul-americana","tag-luciano","tag-oitavas-de-final","tag-santiago","tag-sao-paulo-fc","tag-universidad-catolica"],"yoast_head":"<!-- This site is optimized with the Yoast SEO plugin v27.4 - https:\/\/yoast.com\/product\/yoast-seo-wordpress\/ -->\n<title>S\u00e3o Paulo goleia Universidad Cat\u00f3lica no Chile, mesmo com tr\u00eas jogadores expulsos - Ribeir\u00e3o Preto e Regi\u00e3o<\/title>\n<meta name=\"description\" content=\"Chile, o S\u00e3o Paulo viveu todos estes momentos, conseguiu superar o fato de ter tr\u00eas jogadores a menos e goleou a Universidad Cat\u00f3lica por\" \/>\n<meta name=\"robots\" content=\"index, follow, max-snippet:-1, max-image-preview:large, max-video-preview:-1\" \/>\n<link rel=\"canonical\" href=\"https:\/\/redenoticiaz.com.br\/ribeiraopreto-regiao\/sp\/2022\/07\/01\/sao-paulo-goleia-universidad-catolica-no-chile-mesmo-com-tres-jogadores-expulsos\" \/>\n<meta property=\"og:locale\" content=\"pt_BR\" \/>\n<meta property=\"og:type\" content=\"article\" \/>\n<meta property=\"og:title\" content=\"S\u00e3o Paulo goleia Universidad Cat\u00f3lica no Chile, mesmo com tr\u00eas jogadores expulsos - Ribeir\u00e3o Preto e Regi\u00e3o\" \/>\n<meta property=\"og:description\" content=\"Chile, o S\u00e3o Paulo viveu todos estes momentos, conseguiu superar o fato de ter tr\u00eas jogadores a menos e goleou a Universidad Cat\u00f3lica por\" \/>\n<meta property=\"og:url\" content=\"https:\/\/redenoticiaz.com.br\/ribeiraopreto-regiao\/sp\/2022\/07\/01\/sao-paulo-goleia-universidad-catolica-no-chile-mesmo-com-tres-jogadores-expulsos\" \/>\n<meta property=\"og:site_name\" content=\"Ribeir\u00e3o Preto e Regi\u00e3o\" \/>\n<meta property=\"article:publisher\" content=\"https:\/\/m.facebook.com\/redenoticiaz.barretos\" \/>\n<meta property=\"article:published_time\" content=\"2022-07-01T12:53:08+00:00\" \/>\n<meta property=\"og:image\" content=\"https:\/\/redenoticiaz.com.br\/ribeiraopreto-regiao\/wp-content\/uploads\/sites\/4\/2022\/02\/logo.jpg\" \/>\n\t<meta property=\"og:image:width\" content=\"400\" \/>\n\t<meta property=\"og:image:height\" content=\"250\" \/>\n\t<meta property=\"og:image:type\" content=\"image\/jpeg\" \/>\n<meta name=\"author\" content=\"Leonardo Francisco\" \/>\n<meta name=\"twitter:card\" content=\"summary_large_image\" \/>\n<meta name=\"twitter:creator\" content=\"@RN_barretos\" \/>\n<meta name=\"twitter:site\" content=\"@RN_barretos\" \/>\n<meta name=\"twitter:label1\" content=\"Escrito por\" \/>\n\t<meta name=\"twitter:data1\" content=\"Leonardo Francisco\" \/>\n\t<meta name=\"twitter:label2\" content=\"Est. tempo de leitura\" \/>\n\t<meta name=\"twitter:data2\" content=\"3 minutos\" \/>\n<script type=\"application\/ld+json\" class=\"yoast-schema-graph\">{\"@context\":\"https:\\\/\\\/schema.org\",\"@graph\":[{\"@type\":\"Article\",\"@id\":\"https:\\\/\\\/redenoticiaz.com.br\\\/ribeiraopreto-regiao\\\/sp\\\/2022\\\/07\\\/01\\\/sao-paulo-goleia-universidad-catolica-no-chile-mesmo-com-tres-jogadores-expulsos#article\",\"isPartOf\":{\"@id\":\"https:\\\/\\\/redenoticiaz.com.br\\\/ribeiraopreto-regiao\\\/sp\\\/2022\\\/07\\\/01\\\/sao-paulo-goleia-universidad-catolica-no-chile-mesmo-com-tres-jogadores-expulsos\"},\"author\":{\"name\":\"Leonardo Francisco\",\"@id\":\"https:\\\/\\\/redenoticiaz.com.br\\\/ribeiraopreto-regiao\\\/#\\\/schema\\\/person\\\/0f0b8a5bdafefe82841e07ae8d81ecb3\"},\"headline\":\"S\u00e3o Paulo goleia Universidad Cat\u00f3lica no Chile, mesmo com tr\u00eas jogadores expulsos\",\"datePublished\":\"2022-07-01T12:53:08+00:00\",\"mainEntityOfPage\":{\"@id\":\"https:\\\/\\\/redenoticiaz.com.br\\\/ribeiraopreto-regiao\\\/sp\\\/2022\\\/07\\\/01\\\/sao-paulo-goleia-universidad-catolica-no-chile-mesmo-com-tres-jogadores-expulsos\"},\"wordCount\":507,\"commentCount\":0,\"publisher\":{\"@id\":\"https:\\\/\\\/redenoticiaz.com.br\\\/ribeiraopreto-regiao\\\/#organization\"},\"image\":{\"@id\":\"https:\\\/\\\/redenoticiaz.com.br\\\/ribeiraopreto-regiao\\\/sp\\\/2022\\\/07\\\/01\\\/sao-paulo-goleia-universidad-catolica-no-chile-mesmo-com-tres-jogadores-expulsos#primaryimage\"},\"thumbnailUrl\":\"https:\\\/\\\/redenoticiaz.com.br\\\/ribeiraopreto-regiao\\\/wp-content\\\/uploads\\\/sites\\\/4\\\/2022\\\/07\\\/SPFCXCAT-scaled.jpg?v=1656679942\",\"keywords\":[\"CHILE\",\"COPA SUL-AMERICANA\",\"LUCIANO\",\"OITAVAS DE FINAL\",\"SANTIAGO\",\"S\u00c3O PAULO FC\",\"UNIVERSIDAD CAT\u00d3LICA\"],\"articleSection\":[\"Esporte\"],\"inLanguage\":\"pt-BR\",\"potentialAction\":[{\"@type\":\"CommentAction\",\"name\":\"Comment\",\"target\":[\"https:\\\/\\\/redenoticiaz.com.br\\\/ribeiraopreto-regiao\\\/sp\\\/2022\\\/07\\\/01\\\/sao-paulo-goleia-universidad-catolica-no-chile-mesmo-com-tres-jogadores-expulsos#respond\"]}]},{\"@type\":\"WebPage\",\"@id\":\"https:\\\/\\\/redenoticiaz.com.br\\\/ribeiraopreto-regiao\\\/sp\\\/2022\\\/07\\\/01\\\/sao-paulo-goleia-universidad-catolica-no-chile-mesmo-com-tres-jogadores-expulsos\",\"url\":\"https:\\\/\\\/redenoticiaz.com.br\\\/ribeiraopreto-regiao\\\/sp\\\/2022\\\/07\\\/01\\\/sao-paulo-goleia-universidad-catolica-no-chile-mesmo-com-tres-jogadores-expulsos\",\"name\":\"S\u00e3o Paulo goleia Universidad Cat\u00f3lica no Chile, mesmo com tr\u00eas jogadores expulsos - Ribeir\u00e3o Preto e Regi\u00e3o\",\"isPartOf\":{\"@id\":\"https:\\\/\\\/redenoticiaz.com.br\\\/ribeiraopreto-regiao\\\/#website\"},\"primaryImageOfPage\":{\"@id\":\"https:\\\/\\\/redenoticiaz.com.br\\\/ribeiraopreto-regiao\\\/sp\\\/2022\\\/07\\\/01\\\/sao-paulo-goleia-universidad-catolica-no-chile-mesmo-com-tres-jogadores-expulsos#primaryimage\"},\"image\":{\"@id\":\"https:\\\/\\\/redenoticiaz.com.br\\\/ribeiraopreto-regiao\\\/sp\\\/2022\\\/07\\\/01\\\/sao-paulo-goleia-universidad-catolica-no-chile-mesmo-com-tres-jogadores-expulsos#primaryimage\"},\"thumbnailUrl\":\"https:\\\/\\\/redenoticiaz.com.br\\\/ribeiraopreto-regiao\\\/wp-content\\\/uploads\\\/sites\\\/4\\\/2022\\\/07\\\/SPFCXCAT-scaled.jpg?v=1656679942\",\"datePublished\":\"2022-07-01T12:53:08+00:00\",\"description\":\"Chile, o S\u00e3o Paulo viveu todos estes momentos, conseguiu superar o fato de ter tr\u00eas jogadores a menos e goleou a Universidad Cat\u00f3lica por\",\"inLanguage\":\"pt-BR\",\"potentialAction\":[{\"@type\":\"ReadAction\",\"target\":[\"https:\\\/\\\/redenoticiaz.com.br\\\/ribeiraopreto-regiao\\\/sp\\\/2022\\\/07\\\/01\\\/sao-paulo-goleia-universidad-catolica-no-chile-mesmo-com-tres-jogadores-expulsos\"]}]},{\"@type\":\"ImageObject\",\"inLanguage\":\"pt-BR\",\"@id\":\"https:\\\/\\\/redenoticiaz.com.br\\\/ribeiraopreto-regiao\\\/sp\\\/2022\\\/07\\\/01\\\/sao-paulo-goleia-universidad-catolica-no-chile-mesmo-com-tres-jogadores-expulsos#primaryimage\",\"url\":\"https:\\\/\\\/redenoticiaz.com.br\\\/ribeiraopreto-regiao\\\/wp-content\\\/uploads\\\/sites\\\/4\\\/2022\\\/07\\\/SPFCXCAT-scaled.jpg?v=1656679942\",\"contentUrl\":\"https:\\\/\\\/redenoticiaz.com.br\\\/ribeiraopreto-regiao\\\/wp-content\\\/uploads\\\/sites\\\/4\\\/2022\\\/07\\\/SPFCXCAT-scaled.jpg?v=1656679942\",\"width\":1619,\"height\":1080,\"caption\":\"Cr\u00e9ditos: Divulga\u00e7\u00e3o\\\/Conmebol\"},{\"@type\":\"WebSite\",\"@id\":\"https:\\\/\\\/redenoticiaz.com.br\\\/ribeiraopreto-regiao\\\/#website\",\"url\":\"https:\\\/\\\/redenoticiaz.com.br\\\/ribeiraopreto-regiao\\\/\",\"name\":\"Ribeir\u00e3o Preto e Regi\u00e3o\",\"description\":\"Rede NoticiaZ - Ribeir\u00e3o Preto e regi\u00e3o\",\"publisher\":{\"@id\":\"https:\\\/\\\/redenoticiaz.com.br\\\/ribeiraopreto-regiao\\\/#organization\"},\"potentialAction\":[{\"@type\":\"SearchAction\",\"target\":{\"@type\":\"EntryPoint\",\"urlTemplate\":\"https:\\\/\\\/redenoticiaz.com.br\\\/ribeiraopreto-regiao\\\/?s={search_term_string}\"},\"query-input\":{\"@type\":\"PropertyValueSpecification\",\"valueRequired\":true,\"valueName\":\"search_term_string\"}}],\"inLanguage\":\"pt-BR\"},{\"@type\":\"Organization\",\"@id\":\"https:\\\/\\\/redenoticiaz.com.br\\\/ribeiraopreto-regiao\\\/#organization\",\"name\":\"Ribeir\u00e3o Preto e Regi\u00e3o\",\"url\":\"https:\\\/\\\/redenoticiaz.com.br\\\/ribeiraopreto-regiao\\\/\",\"logo\":{\"@type\":\"ImageObject\",\"inLanguage\":\"pt-BR\",\"@id\":\"https:\\\/\\\/redenoticiaz.com.br\\\/ribeiraopreto-regiao\\\/#\\\/schema\\\/logo\\\/image\\\/\",\"url\":\"https:\\\/\\\/redenoticiaz.com.br\\\/barretos-regiao\\\/wp-content\\\/uploads\\\/sites\\\/4\\\/2022\\\/02\\\/logo.jpg\",\"contentUrl\":\"https:\\\/\\\/redenoticiaz.com.br\\\/barretos-regiao\\\/wp-content\\\/uploads\\\/sites\\\/4\\\/2022\\\/02\\\/logo.jpg\",\"width\":400,\"height\":250,\"caption\":\"Ribeir\u00e3o Preto e Regi\u00e3o\"},\"image\":{\"@id\":\"https:\\\/\\\/redenoticiaz.com.br\\\/ribeiraopreto-regiao\\\/#\\\/schema\\\/logo\\\/image\\\/\"},\"sameAs\":[\"https:\\\/\\\/m.facebook.com\\\/redenoticiaz.barretos\",\"https:\\\/\\\/x.com\\\/RN_barretos\",\"https:\\\/\\\/www.instagram.com\\\/redenoticiaz.barretos\\\/?igshid=YmMyMTA2M2Y\",\"https:\\\/\\\/www.linkedin.com\\\/company\\\/rede-noticiaz-barretos-e-regio\\\/\"]},{\"@type\":\"Person\",\"@id\":\"https:\\\/\\\/redenoticiaz.com.br\\\/ribeiraopreto-regiao\\\/#\\\/schema\\\/person\\\/0f0b8a5bdafefe82841e07ae8d81ecb3\",\"name\":\"Leonardo Francisco\",\"image\":{\"@type\":\"ImageObject\",\"inLanguage\":\"pt-BR\",\"@id\":\"https:\\\/\\\/secure.gravatar.com\\\/avatar\\\/a7358cb406a99b682ec6df1e77e31ae82e63601f6784e8a3df411d72b37864da?s=96&d=mm&r=g\",\"url\":\"https:\\\/\\\/secure.gravatar.com\\\/avatar\\\/a7358cb406a99b682ec6df1e77e31ae82e63601f6784e8a3df411d72b37864da?s=96&d=mm&r=g\",\"contentUrl\":\"https:\\\/\\\/secure.gravatar.com\\\/avatar\\\/a7358cb406a99b682ec6df1e77e31ae82e63601f6784e8a3df411d72b37864da?s=96&d=mm&r=g\",\"caption\":\"Leonardo Francisco\"},\"url\":\"https:\\\/\\\/redenoticiaz.com.br\\\/ribeiraopreto-regiao\\\/sp\\\/author\\\/leonardo-francisco\"}]}<\/script>\n<!-- \/ Yoast SEO plugin. -->","yoast_head_json":{"title":"S\u00e3o Paulo goleia Universidad Cat\u00f3lica no Chile, mesmo com tr\u00eas jogadores expulsos - Ribeir\u00e3o Preto e Regi\u00e3o","description":"Chile, o S\u00e3o Paulo viveu todos estes momentos, conseguiu superar o fato de ter tr\u00eas jogadores a menos e goleou a Universidad Cat\u00f3lica por","robots":{"index":"index","follow":"follow","max-snippet":"max-snippet:-1","max-image-preview":"max-image-preview:large","max-video-preview":"max-video-preview:-1"},"canonical":"https:\/\/redenoticiaz.com.br\/ribeiraopreto-regiao\/sp\/2022\/07\/01\/sao-paulo-goleia-universidad-catolica-no-chile-mesmo-com-tres-jogadores-expulsos","og_locale":"pt_BR","og_type":"article","og_title":"S\u00e3o Paulo goleia Universidad Cat\u00f3lica no Chile, mesmo com tr\u00eas jogadores expulsos - Ribeir\u00e3o Preto e Regi\u00e3o","og_description":"Chile, o S\u00e3o Paulo viveu todos estes momentos, conseguiu superar o fato de ter tr\u00eas jogadores a menos e goleou a Universidad Cat\u00f3lica por","og_url":"https:\/\/redenoticiaz.com.br\/ribeiraopreto-regiao\/sp\/2022\/07\/01\/sao-paulo-goleia-universidad-catolica-no-chile-mesmo-com-tres-jogadores-expulsos","og_site_name":"Ribeir\u00e3o Preto e Regi\u00e3o","article_publisher":"https:\/\/m.facebook.com\/redenoticiaz.barretos","article_published_time":"2022-07-01T12:53:08+00:00","og_image":[{"width":400,"height":250,"url":"https:\/\/redenoticiaz.com.br\/ribeiraopreto-regiao\/wp-content\/uploads\/sites\/4\/2022\/02\/logo.jpg","type":"image\/jpeg"}],"author":"Leonardo Francisco","twitter_card":"summary_large_image","twitter_creator":"@RN_barretos","twitter_site":"@RN_barretos","twitter_misc":{"Escrito por":"Leonardo Francisco","Est. tempo de leitura":"3 minutos"},"schema":{"@context":"https:\/\/schema.org","@graph":[{"@type":"Article","@id":"https:\/\/redenoticiaz.com.br\/ribeiraopreto-regiao\/sp\/2022\/07\/01\/sao-paulo-goleia-universidad-catolica-no-chile-mesmo-com-tres-jogadores-expulsos#article","isPartOf":{"@id":"https:\/\/redenoticiaz.com.br\/ribeiraopreto-regiao\/sp\/2022\/07\/01\/sao-paulo-goleia-universidad-catolica-no-chile-mesmo-com-tres-jogadores-expulsos"},"author":{"name":"Leonardo Francisco","@id":"https:\/\/redenoticiaz.com.br\/ribeiraopreto-regiao\/#\/schema\/person\/0f0b8a5bdafefe82841e07ae8d81ecb3"},"headline":"S\u00e3o Paulo goleia Universidad Cat\u00f3lica no Chile, mesmo com tr\u00eas jogadores expulsos","datePublished":"2022-07-01T12:53:08+00:00","mainEntityOfPage":{"@id":"https:\/\/redenoticiaz.com.br\/ribeiraopreto-regiao\/sp\/2022\/07\/01\/sao-paulo-goleia-universidad-catolica-no-chile-mesmo-com-tres-jogadores-expulsos"},"wordCount":507,"commentCount":0,"publisher":{"@id":"https:\/\/redenoticiaz.com.br\/ribeiraopreto-regiao\/#organization"},"image":{"@id":"https:\/\/redenoticiaz.com.br\/ribeiraopreto-regiao\/sp\/2022\/07\/01\/sao-paulo-goleia-universidad-catolica-no-chile-mesmo-com-tres-jogadores-expulsos#primaryimage"},"thumbnailUrl":"https:\/\/redenoticiaz.com.br\/ribeiraopreto-regiao\/wp-content\/uploads\/sites\/4\/2022\/07\/SPFCXCAT-scaled.jpg?v=1656679942","keywords":["CHILE","COPA SUL-AMERICANA","LUCIANO","OITAVAS DE FINAL","SANTIAGO","S\u00c3O PAULO FC","UNIVERSIDAD CAT\u00d3LICA"],"articleSection":["Esporte"],"inLanguage":"pt-BR","potentialAction":[{"@type":"CommentAction","name":"Comment","target":["https:\/\/redenoticiaz.com.br\/ribeiraopreto-regiao\/sp\/2022\/07\/01\/sao-paulo-goleia-universidad-catolica-no-chile-mesmo-com-tres-jogadores-expulsos#respond"]}]},{"@type":"WebPage","@id":"https:\/\/redenoticiaz.com.br\/ribeiraopreto-regiao\/sp\/2022\/07\/01\/sao-paulo-goleia-universidad-catolica-no-chile-mesmo-com-tres-jogadores-expulsos","url":"https:\/\/redenoticiaz.com.br\/ribeiraopreto-regiao\/sp\/2022\/07\/01\/sao-paulo-goleia-universidad-catolica-no-chile-mesmo-com-tres-jogadores-expulsos","name":"S\u00e3o Paulo goleia Universidad Cat\u00f3lica no Chile, mesmo com tr\u00eas jogadores expulsos - Ribeir\u00e3o Preto e Regi\u00e3o","isPartOf":{"@id":"https:\/\/redenoticiaz.com.br\/ribeiraopreto-regiao\/#website"},"primaryImageOfPage":{"@id":"https:\/\/redenoticiaz.com.br\/ribeiraopreto-regiao\/sp\/2022\/07\/01\/sao-paulo-goleia-universidad-catolica-no-chile-mesmo-com-tres-jogadores-expulsos#primaryimage"},"image":{"@id":"https:\/\/redenoticiaz.com.br\/ribeiraopreto-regiao\/sp\/2022\/07\/01\/sao-paulo-goleia-universidad-catolica-no-chile-mesmo-com-tres-jogadores-expulsos#primaryimage"},"thumbnailUrl":"https:\/\/redenoticiaz.com.br\/ribeiraopreto-regiao\/wp-content\/uploads\/sites\/4\/2022\/07\/SPFCXCAT-scaled.jpg?v=1656679942","datePublished":"2022-07-01T12:53:08+00:00","description":"Chile, o S\u00e3o Paulo viveu todos estes momentos, conseguiu superar o fato de ter tr\u00eas jogadores a menos e goleou a Universidad Cat\u00f3lica por","inLanguage":"pt-BR","potentialAction":[{"@type":"ReadAction","target":["https:\/\/redenoticiaz.com.br\/ribeiraopreto-regiao\/sp\/2022\/07\/01\/sao-paulo-goleia-universidad-catolica-no-chile-mesmo-com-tres-jogadores-expulsos"]}]},{"@type":"ImageObject","inLanguage":"pt-BR","@id":"https:\/\/redenoticiaz.com.br\/ribeiraopreto-regiao\/sp\/2022\/07\/01\/sao-paulo-goleia-universidad-catolica-no-chile-mesmo-com-tres-jogadores-expulsos#primaryimage","url":"https:\/\/redenoticiaz.com.br\/ribeiraopreto-regiao\/wp-content\/uploads\/sites\/4\/2022\/07\/SPFCXCAT-scaled.jpg?v=1656679942","contentUrl":"https:\/\/redenoticiaz.com.br\/ribeiraopreto-regiao\/wp-content\/uploads\/sites\/4\/2022\/07\/SPFCXCAT-scaled.jpg?v=1656679942","width":1619,"height":1080,"caption":"Cr\u00e9ditos: Divulga\u00e7\u00e3o\/Conmebol"},{"@type":"WebSite","@id":"https:\/\/redenoticiaz.com.br\/ribeiraopreto-regiao\/#website","url":"https:\/\/redenoticiaz.com.br\/ribeiraopreto-regiao\/","name":"Ribeir\u00e3o Preto e Regi\u00e3o","description":"Rede NoticiaZ - Ribeir\u00e3o Preto e regi\u00e3o","publisher":{"@id":"https:\/\/redenoticiaz.com.br\/ribeiraopreto-regiao\/#organization"},"potentialAction":[{"@type":"SearchAction","target":{"@type":"EntryPoint","urlTemplate":"https:\/\/redenoticiaz.com.br\/ribeiraopreto-regiao\/?s={search_term_string}"},"query-input":{"@type":"PropertyValueSpecification","valueRequired":true,"valueName":"search_term_string"}}],"inLanguage":"pt-BR"},{"@type":"Organization","@id":"https:\/\/redenoticiaz.com.br\/ribeiraopreto-regiao\/#organization","name":"Ribeir\u00e3o Preto e Regi\u00e3o","url":"https:\/\/redenoticiaz.com.br\/ribeiraopreto-regiao\/","logo":{"@type":"ImageObject","inLanguage":"pt-BR","@id":"https:\/\/redenoticiaz.com.br\/ribeiraopreto-regiao\/#\/schema\/logo\/image\/","url":"https:\/\/redenoticiaz.com.br\/barretos-regiao\/wp-content\/uploads\/sites\/4\/2022\/02\/logo.jpg","contentUrl":"https:\/\/redenoticiaz.com.br\/barretos-regiao\/wp-content\/uploads\/sites\/4\/2022\/02\/logo.jpg","width":400,"height":250,"caption":"Ribeir\u00e3o Preto e Regi\u00e3o"},"image":{"@id":"https:\/\/redenoticiaz.com.br\/ribeiraopreto-regiao\/#\/schema\/logo\/image\/"},"sameAs":["https:\/\/m.facebook.com\/redenoticiaz.barretos","https:\/\/x.com\/RN_barretos","https:\/\/www.instagram.com\/redenoticiaz.barretos\/?igshid=YmMyMTA2M2Y","https:\/\/www.linkedin.com\/company\/rede-noticiaz-barretos-e-regio\/"]},{"@type":"Person","@id":"https:\/\/redenoticiaz.com.br\/ribeiraopreto-regiao\/#\/schema\/person\/0f0b8a5bdafefe82841e07ae8d81ecb3","name":"Leonardo Francisco","image":{"@type":"ImageObject","inLanguage":"pt-BR","@id":"https:\/\/secure.gravatar.com\/avatar\/a7358cb406a99b682ec6df1e77e31ae82e63601f6784e8a3df411d72b37864da?s=96&d=mm&r=g","url":"https:\/\/secure.gravatar.com\/avatar\/a7358cb406a99b682ec6df1e77e31ae82e63601f6784e8a3df411d72b37864da?s=96&d=mm&r=g","contentUrl":"https:\/\/secure.gravatar.com\/avatar\/a7358cb406a99b682ec6df1e77e31ae82e63601f6784e8a3df411d72b37864da?s=96&d=mm&r=g","caption":"Leonardo Francisco"},"url":"https:\/\/redenoticiaz.com.br\/ribeiraopreto-regiao\/sp\/author\/leonardo-francisco"}]}},"_links":{"self":[{"href":"https:\/\/redenoticiaz.com.br\/ribeiraopreto-regiao\/wp-json\/wp\/v2\/posts\/87188","targetHints":{"allow":["GET"]}}],"collection":[{"href":"https:\/\/redenoticiaz.com.br\/ribeiraopreto-regiao\/wp-json\/wp\/v2\/posts"}],"about":[{"href":"https:\/\/redenoticiaz.com.br\/ribeiraopreto-regiao\/wp-json\/wp\/v2\/types\/post"}],"author":[{"embeddable":true,"href":"https:\/\/redenoticiaz.com.br\/ribeiraopreto-regiao\/wp-json\/wp\/v2\/users\/6"}],"replies":[{"embeddable":true,"href":"https:\/\/redenoticiaz.com.br\/ribeiraopreto-regiao\/wp-json\/wp\/v2\/comments?post=87188"}],"version-history":[{"count":0,"href":"https:\/\/redenoticiaz.com.br\/ribeiraopreto-regiao\/wp-json\/wp\/v2\/posts\/87188\/revisions"}],"wp:featuredmedia":[{"embeddable":true,"href":"https:\/\/redenoticiaz.com.br\/ribeiraopreto-regiao\/wp-json\/wp\/v2\/media\/87189"}],"wp:attachment":[{"href":"https:\/\/redenoticiaz.com.br\/ribeiraopreto-regiao\/wp-json\/wp\/v2\/media?parent=87188"}],"wp:term":[{"taxonomy":"category","embeddable":true,"href":"https:\/\/redenoticiaz.com.br\/ribeiraopreto-regiao\/wp-json\/wp\/v2\/categories?post=87188"},{"taxonomy":"post_tag","embeddable":true,"href":"https:\/\/redenoticiaz.com.br\/ribeiraopreto-regiao\/wp-json\/wp\/v2\/tags?post=87188"}],"curies":[{"name":"wp","href":"https:\/\/api.w.org\/{rel}","templated":true}]}}