{"id":87331,"date":"2022-07-04T16:45:47","date_gmt":"2022-07-04T19:45:47","guid":{"rendered":"https:\/\/redenoticiaz.com.br\/barretos-regiao\/?p=87331"},"modified":"2022-07-04T16:45:47","modified_gmt":"2022-07-04T19:45:47","slug":"postao-sera-equipado-com-tecnologia-de-ponta","status":"publish","type":"post","link":"https:\/\/redenoticiaz.com.br\/ribeiraopreto-regiao\/sp\/2022\/07\/04\/postao-sera-equipado-com-tecnologia-de-ponta","title":{"rendered":"Post\u00e3o ser\u00e1 equipado com tecnologia de ponta"},"content":{"rendered":"<p>Novos equipamentos ser\u00e3o instalados no Centro M\u00e9dico de Especialidades e de Aten\u00e7\u00e3o \u00e0 Mulher e \u00e0 Crian\u00e7a, o Novo Post\u00e3o, quando a unidade for inaugurada. J\u00e1 foram garantidos R$ 1.899.769,00 em equipamentos para a nova unidade, com repasses de recursos federais para o Fundo Municipal de Sa\u00fade por meio de duas emendas<\/p>\n<p><em>&#8220;As instala\u00e7\u00f5es ser\u00e3o mais amplas e em padr\u00f5es adequados. Neste ambiente, estar\u00e3o os novos equipamentos, que v\u00e3o permitir acolhimento aos pacientes e o atendimento qualificado \u00e0s especialidades&#8221;<\/em>, disse a prefeita Paula Lemos.<\/p>\n<p><em>&#8220;Os consult\u00f3rios contar\u00e3o com recursos novos, viabilizando mais precis\u00e3o nos diagn\u00f3sticos pelos especialistas e resolu\u00e7\u00e3o mais r\u00e1pida e eficaz dos problemas de sa\u00fade apresentados pelos pacientes. \u00c9 mais um importante passo para a qualifica\u00e7\u00e3o da sa\u00fade que estamos buscando&#8221;<\/em>, afirmou o secret\u00e1rio de Sa\u00fade, Kleber Rosa.<\/p>\n<p><em>&#8220;Oftalmologista vai contar com equipamentos novos e com posicionamento de luzes que v\u00e3o permitir melhor trabalho. Ginecologista vai ter uma mesa apropriada para seus atendimentos. Ultrassom, monitor multipar\u00e2metro: os recursos necess\u00e1rios para o atendimento em diferentes especialidades estar\u00e3o dispon\u00edveis<\/em>&#8220;, ressaltou.<\/p>\n<p>Entre os equipamentos adquiridos para a nova unidade est\u00e3o aparelho de Raios X com CPU de alto desempenho e monitor de alta resolu\u00e7\u00e3o, ultrassom, eletroencefal\u00f3grafo, eletroneuromi\u00f3grafo, monitor multipar\u00e2metros, eletrocardi\u00f3grafo, sistema computadorizado para teste ergom\u00e9trico, unidades de foco refletor ambulatorial, cadeira oftalmol\u00f3gica, oftalmosc\u00f3pio, projetor oftalmol\u00f3gico, lens\u00f4metro, retinosc\u00f3pio, ton\u00f4metro, refrator de greens, oftalmosc\u00f3pio binocular indireto, coluna oftalmol\u00f3gica, aspirador de secre\u00e7\u00f5es el\u00e9trico m\u00f3vel, otosc\u00f3pio de sistema aberto, colposc\u00f3pio, balan\u00e7a antropom\u00e9trica, sistema para urodin\u00e2mica, foco cir\u00fargico de teto, bisturi el\u00e9trico, mesa cir\u00fargica mec\u00e2nica, camp\u00edmetro autorefrator, c\u00e2mara para conserva\u00e7\u00e3o de hemoderivados\/ imuno\/ termol\u00e1beis, carro de curativo, carro de emerg\u00eancia e autoclave.<\/p>\n<p>Tamb\u00e9m haver\u00e1 novas cadeiras para esperar o atendimento, computadores, impressoras laser comum e com padr\u00e3o de cor monocrom\u00e1tico, refrigerador, mesa para impressora, mesa ginecol\u00f3gica el\u00e9trica, mesas de exames, cadeiras de rodas adulto e especial para obeso, esfigmoman\u00f4metros adulto e especial para obeso.<br \/>\nAs obras tiveram in\u00edcio na \u00faltima segunda-feira, dia 28 de junho.<\/p>\n<p>O investimento em infraestrutura \u00e9 de\u00a0R$ 6.726.033,22, sendo\u00a0R$ 3 milh\u00f5es em repasse da Secretaria de Desenvolvimento Regional do Estado de S\u00e3o Paulo e, em contrapartida, R$ 3.726.033,22\u00a0de recursos da Prefeitura.<\/p>\n<p><strong>VEJA TAMB\u00c9M:\u00a0<a href=\"https:\/\/redenoticiaz.com.br\/barretos-regiao\/sp\/2022\/07\/01\/arvores-serao-plantadas-para-compensacao-ambiental-na-construcao-do-novo-postao\">\u00c1rvores ser\u00e3o plantadas para compensa\u00e7\u00e3o ambiental na constru\u00e7\u00e3o do novo Post\u00e3o<\/a><\/strong><\/p>\n","protected":false},"excerpt":{"rendered":"<p>Novos equipamentos ser\u00e3o instalados no Centro M\u00e9dico de Especialidades e de Aten\u00e7\u00e3o \u00e0 Mulher e \u00e0 Crian\u00e7a, o Novo Post\u00e3o, quando a unidade for inaugurada. J\u00e1 foram garantidos R$ 1.899.769,00 em equipamentos para a nova unidade, com repasses de recursos federais para o Fundo Municipal de Sa\u00fade por meio de duas emendas &#8220;As instala\u00e7\u00f5es ser\u00e3o &hellip;<\/p>\n","protected":false},"author":15,"featured_media":87334,"comment_status":"open","ping_status":"closed","sticky":false,"template":"","format":"standard","meta":{"footnotes":""},"categories":[2920],"tags":[18399,3121,13186,935],"class_list":["post-87331","post","type-post","status-publish","format-standard","has-post-thumbnail","hentry","category-obras","tag-centro-medico","tag-obras","tag-postao","tag-tecnologia"],"yoast_head":"<!-- This site is optimized with the Yoast SEO plugin v27.4 - https:\/\/yoast.com\/product\/yoast-seo-wordpress\/ -->\n<title>Post\u00e3o ser\u00e1 equipado com tecnologia de ponta - Ribeir\u00e3o Preto e Regi\u00e3o<\/title>\n<meta name=\"description\" content=\"Centro M\u00e9dico de Especialidades e de Aten\u00e7\u00e3o \u00e0 Mulher e \u00e0 Crian\u00e7a, o Novo Post\u00e3o, quando a unidade for inaugurada.\" \/>\n<meta name=\"robots\" content=\"index, follow, max-snippet:-1, max-image-preview:large, max-video-preview:-1\" \/>\n<link rel=\"canonical\" href=\"https:\/\/redenoticiaz.com.br\/ribeiraopreto-regiao\/sp\/2022\/07\/04\/postao-sera-equipado-com-tecnologia-de-ponta\" \/>\n<meta property=\"og:locale\" content=\"pt_BR\" \/>\n<meta property=\"og:type\" content=\"article\" \/>\n<meta property=\"og:title\" content=\"Post\u00e3o ser\u00e1 equipado com tecnologia de ponta - Ribeir\u00e3o Preto e Regi\u00e3o\" \/>\n<meta property=\"og:description\" content=\"Centro M\u00e9dico de Especialidades e de Aten\u00e7\u00e3o \u00e0 Mulher e \u00e0 Crian\u00e7a, o Novo Post\u00e3o, quando a unidade for inaugurada.\" \/>\n<meta property=\"og:url\" content=\"https:\/\/redenoticiaz.com.br\/ribeiraopreto-regiao\/sp\/2022\/07\/04\/postao-sera-equipado-com-tecnologia-de-ponta\" \/>\n<meta property=\"og:site_name\" content=\"Ribeir\u00e3o Preto e Regi\u00e3o\" \/>\n<meta property=\"article:publisher\" content=\"https:\/\/m.facebook.com\/redenoticiaz.barretos\" \/>\n<meta property=\"article:published_time\" content=\"2022-07-04T19:45:47+00:00\" \/>\n<meta property=\"og:image\" content=\"https:\/\/redenoticiaz.com.br\/ribeiraopreto-regiao\/wp-content\/uploads\/sites\/4\/2022\/07\/RENDER__9-Foto-ok.jpg\" \/>\n\t<meta property=\"og:image:width\" content=\"1920\" \/>\n\t<meta property=\"og:image:height\" content=\"1080\" \/>\n\t<meta property=\"og:image:type\" content=\"image\/jpeg\" \/>\n<meta name=\"twitter:card\" content=\"summary_large_image\" \/>\n<meta name=\"twitter:creator\" content=\"@RN_barretos\" \/>\n<meta name=\"twitter:site\" content=\"@RN_barretos\" \/>\n<meta name=\"twitter:label1\" content=\"Escrito por\" \/>\n\t<meta name=\"twitter:data1\" content=\"\" \/>\n\t<meta name=\"twitter:label2\" content=\"Est. tempo de leitura\" \/>\n\t<meta name=\"twitter:data2\" content=\"2 minutos\" \/>\n<script type=\"application\/ld+json\" class=\"yoast-schema-graph\">{\"@context\":\"https:\\\/\\\/schema.org\",\"@graph\":[{\"@type\":\"Article\",\"@id\":\"https:\\\/\\\/redenoticiaz.com.br\\\/ribeiraopreto-regiao\\\/sp\\\/2022\\\/07\\\/04\\\/postao-sera-equipado-com-tecnologia-de-ponta#article\",\"isPartOf\":{\"@id\":\"https:\\\/\\\/redenoticiaz.com.br\\\/ribeiraopreto-regiao\\\/sp\\\/2022\\\/07\\\/04\\\/postao-sera-equipado-com-tecnologia-de-ponta\"},\"author\":{\"name\":\"\",\"@id\":\"\"},\"headline\":\"Post\u00e3o ser\u00e1 equipado com tecnologia de ponta\",\"datePublished\":\"2022-07-04T19:45:47+00:00\",\"mainEntityOfPage\":{\"@id\":\"https:\\\/\\\/redenoticiaz.com.br\\\/ribeiraopreto-regiao\\\/sp\\\/2022\\\/07\\\/04\\\/postao-sera-equipado-com-tecnologia-de-ponta\"},\"wordCount\":437,\"commentCount\":0,\"publisher\":{\"@id\":\"https:\\\/\\\/redenoticiaz.com.br\\\/ribeiraopreto-regiao\\\/#organization\"},\"image\":{\"@id\":\"https:\\\/\\\/redenoticiaz.com.br\\\/ribeiraopreto-regiao\\\/sp\\\/2022\\\/07\\\/04\\\/postao-sera-equipado-com-tecnologia-de-ponta#primaryimage\"},\"thumbnailUrl\":\"https:\\\/\\\/redenoticiaz.com.br\\\/ribeiraopreto-regiao\\\/wp-content\\\/uploads\\\/sites\\\/4\\\/2022\\\/07\\\/RENDER__9-Foto-ok.jpg\",\"keywords\":[\"CENTRO M\u00c9DICO\",\"obras\",\"POST\u00c3O\",\"tecnologia\"],\"articleSection\":[\"Obras\"],\"inLanguage\":\"pt-BR\",\"potentialAction\":[{\"@type\":\"CommentAction\",\"name\":\"Comment\",\"target\":[\"https:\\\/\\\/redenoticiaz.com.br\\\/ribeiraopreto-regiao\\\/sp\\\/2022\\\/07\\\/04\\\/postao-sera-equipado-com-tecnologia-de-ponta#respond\"]}]},{\"@type\":\"WebPage\",\"@id\":\"https:\\\/\\\/redenoticiaz.com.br\\\/ribeiraopreto-regiao\\\/sp\\\/2022\\\/07\\\/04\\\/postao-sera-equipado-com-tecnologia-de-ponta\",\"url\":\"https:\\\/\\\/redenoticiaz.com.br\\\/ribeiraopreto-regiao\\\/sp\\\/2022\\\/07\\\/04\\\/postao-sera-equipado-com-tecnologia-de-ponta\",\"name\":\"Post\u00e3o ser\u00e1 equipado com tecnologia de ponta - Ribeir\u00e3o Preto e Regi\u00e3o\",\"isPartOf\":{\"@id\":\"https:\\\/\\\/redenoticiaz.com.br\\\/ribeiraopreto-regiao\\\/#website\"},\"primaryImageOfPage\":{\"@id\":\"https:\\\/\\\/redenoticiaz.com.br\\\/ribeiraopreto-regiao\\\/sp\\\/2022\\\/07\\\/04\\\/postao-sera-equipado-com-tecnologia-de-ponta#primaryimage\"},\"image\":{\"@id\":\"https:\\\/\\\/redenoticiaz.com.br\\\/ribeiraopreto-regiao\\\/sp\\\/2022\\\/07\\\/04\\\/postao-sera-equipado-com-tecnologia-de-ponta#primaryimage\"},\"thumbnailUrl\":\"https:\\\/\\\/redenoticiaz.com.br\\\/ribeiraopreto-regiao\\\/wp-content\\\/uploads\\\/sites\\\/4\\\/2022\\\/07\\\/RENDER__9-Foto-ok.jpg\",\"datePublished\":\"2022-07-04T19:45:47+00:00\",\"description\":\"Centro M\u00e9dico de Especialidades e de Aten\u00e7\u00e3o \u00e0 Mulher e \u00e0 Crian\u00e7a, o Novo Post\u00e3o, quando a unidade for inaugurada.\",\"inLanguage\":\"pt-BR\",\"potentialAction\":[{\"@type\":\"ReadAction\",\"target\":[\"https:\\\/\\\/redenoticiaz.com.br\\\/ribeiraopreto-regiao\\\/sp\\\/2022\\\/07\\\/04\\\/postao-sera-equipado-com-tecnologia-de-ponta\"]}]},{\"@type\":\"ImageObject\",\"inLanguage\":\"pt-BR\",\"@id\":\"https:\\\/\\\/redenoticiaz.com.br\\\/ribeiraopreto-regiao\\\/sp\\\/2022\\\/07\\\/04\\\/postao-sera-equipado-com-tecnologia-de-ponta#primaryimage\",\"url\":\"https:\\\/\\\/redenoticiaz.com.br\\\/ribeiraopreto-regiao\\\/wp-content\\\/uploads\\\/sites\\\/4\\\/2022\\\/07\\\/RENDER__9-Foto-ok.jpg\",\"contentUrl\":\"https:\\\/\\\/redenoticiaz.com.br\\\/ribeiraopreto-regiao\\\/wp-content\\\/uploads\\\/sites\\\/4\\\/2022\\\/07\\\/RENDER__9-Foto-ok.jpg\",\"width\":1920,\"height\":1080,\"caption\":\"Post\u00e3o. Cr\u00e9dito: Reprodu\u00e7\u00e3o\"},{\"@type\":\"WebSite\",\"@id\":\"https:\\\/\\\/redenoticiaz.com.br\\\/ribeiraopreto-regiao\\\/#website\",\"url\":\"https:\\\/\\\/redenoticiaz.com.br\\\/ribeiraopreto-regiao\\\/\",\"name\":\"Ribeir\u00e3o Preto e Regi\u00e3o\",\"description\":\"Rede NoticiaZ - Ribeir\u00e3o Preto e regi\u00e3o\",\"publisher\":{\"@id\":\"https:\\\/\\\/redenoticiaz.com.br\\\/ribeiraopreto-regiao\\\/#organization\"},\"potentialAction\":[{\"@type\":\"SearchAction\",\"target\":{\"@type\":\"EntryPoint\",\"urlTemplate\":\"https:\\\/\\\/redenoticiaz.com.br\\\/ribeiraopreto-regiao\\\/?s={search_term_string}\"},\"query-input\":{\"@type\":\"PropertyValueSpecification\",\"valueRequired\":true,\"valueName\":\"search_term_string\"}}],\"inLanguage\":\"pt-BR\"},{\"@type\":\"Organization\",\"@id\":\"https:\\\/\\\/redenoticiaz.com.br\\\/ribeiraopreto-regiao\\\/#organization\",\"name\":\"Ribeir\u00e3o Preto e Regi\u00e3o\",\"url\":\"https:\\\/\\\/redenoticiaz.com.br\\\/ribeiraopreto-regiao\\\/\",\"logo\":{\"@type\":\"ImageObject\",\"inLanguage\":\"pt-BR\",\"@id\":\"https:\\\/\\\/redenoticiaz.com.br\\\/ribeiraopreto-regiao\\\/#\\\/schema\\\/logo\\\/image\\\/\",\"url\":\"https:\\\/\\\/redenoticiaz.com.br\\\/barretos-regiao\\\/wp-content\\\/uploads\\\/sites\\\/4\\\/2022\\\/02\\\/logo.jpg\",\"contentUrl\":\"https:\\\/\\\/redenoticiaz.com.br\\\/barretos-regiao\\\/wp-content\\\/uploads\\\/sites\\\/4\\\/2022\\\/02\\\/logo.jpg\",\"width\":400,\"height\":250,\"caption\":\"Ribeir\u00e3o Preto e Regi\u00e3o\"},\"image\":{\"@id\":\"https:\\\/\\\/redenoticiaz.com.br\\\/ribeiraopreto-regiao\\\/#\\\/schema\\\/logo\\\/image\\\/\"},\"sameAs\":[\"https:\\\/\\\/m.facebook.com\\\/redenoticiaz.barretos\",\"https:\\\/\\\/x.com\\\/RN_barretos\",\"https:\\\/\\\/www.instagram.com\\\/redenoticiaz.barretos\\\/?igshid=YmMyMTA2M2Y\",\"https:\\\/\\\/www.linkedin.com\\\/company\\\/rede-noticiaz-barretos-e-regio\\\/\"]},{\"@type\":\"Person\",\"@id\":\"\",\"url\":\"https:\\\/\\\/redenoticiaz.com.br\\\/ribeiraopreto-regiao\\\/sp\\\/author\"}]}<\/script>\n<!-- \/ Yoast SEO plugin. -->","yoast_head_json":{"title":"Post\u00e3o ser\u00e1 equipado com tecnologia de ponta - Ribeir\u00e3o Preto e Regi\u00e3o","description":"Centro M\u00e9dico de Especialidades e de Aten\u00e7\u00e3o \u00e0 Mulher e \u00e0 Crian\u00e7a, o Novo Post\u00e3o, quando a unidade for inaugurada.","robots":{"index":"index","follow":"follow","max-snippet":"max-snippet:-1","max-image-preview":"max-image-preview:large","max-video-preview":"max-video-preview:-1"},"canonical":"https:\/\/redenoticiaz.com.br\/ribeiraopreto-regiao\/sp\/2022\/07\/04\/postao-sera-equipado-com-tecnologia-de-ponta","og_locale":"pt_BR","og_type":"article","og_title":"Post\u00e3o ser\u00e1 equipado com tecnologia de ponta - Ribeir\u00e3o Preto e Regi\u00e3o","og_description":"Centro M\u00e9dico de Especialidades e de Aten\u00e7\u00e3o \u00e0 Mulher e \u00e0 Crian\u00e7a, o Novo Post\u00e3o, quando a unidade for inaugurada.","og_url":"https:\/\/redenoticiaz.com.br\/ribeiraopreto-regiao\/sp\/2022\/07\/04\/postao-sera-equipado-com-tecnologia-de-ponta","og_site_name":"Ribeir\u00e3o Preto e Regi\u00e3o","article_publisher":"https:\/\/m.facebook.com\/redenoticiaz.barretos","article_published_time":"2022-07-04T19:45:47+00:00","og_image":[{"width":1920,"height":1080,"url":"https:\/\/redenoticiaz.com.br\/ribeiraopreto-regiao\/wp-content\/uploads\/sites\/4\/2022\/07\/RENDER__9-Foto-ok.jpg","type":"image\/jpeg"}],"twitter_card":"summary_large_image","twitter_creator":"@RN_barretos","twitter_site":"@RN_barretos","twitter_misc":{"Escrito por":"","Est. tempo de leitura":"2 minutos"},"schema":{"@context":"https:\/\/schema.org","@graph":[{"@type":"Article","@id":"https:\/\/redenoticiaz.com.br\/ribeiraopreto-regiao\/sp\/2022\/07\/04\/postao-sera-equipado-com-tecnologia-de-ponta#article","isPartOf":{"@id":"https:\/\/redenoticiaz.com.br\/ribeiraopreto-regiao\/sp\/2022\/07\/04\/postao-sera-equipado-com-tecnologia-de-ponta"},"author":{"name":"","@id":""},"headline":"Post\u00e3o ser\u00e1 equipado com tecnologia de ponta","datePublished":"2022-07-04T19:45:47+00:00","mainEntityOfPage":{"@id":"https:\/\/redenoticiaz.com.br\/ribeiraopreto-regiao\/sp\/2022\/07\/04\/postao-sera-equipado-com-tecnologia-de-ponta"},"wordCount":437,"commentCount":0,"publisher":{"@id":"https:\/\/redenoticiaz.com.br\/ribeiraopreto-regiao\/#organization"},"image":{"@id":"https:\/\/redenoticiaz.com.br\/ribeiraopreto-regiao\/sp\/2022\/07\/04\/postao-sera-equipado-com-tecnologia-de-ponta#primaryimage"},"thumbnailUrl":"https:\/\/redenoticiaz.com.br\/ribeiraopreto-regiao\/wp-content\/uploads\/sites\/4\/2022\/07\/RENDER__9-Foto-ok.jpg","keywords":["CENTRO M\u00c9DICO","obras","POST\u00c3O","tecnologia"],"articleSection":["Obras"],"inLanguage":"pt-BR","potentialAction":[{"@type":"CommentAction","name":"Comment","target":["https:\/\/redenoticiaz.com.br\/ribeiraopreto-regiao\/sp\/2022\/07\/04\/postao-sera-equipado-com-tecnologia-de-ponta#respond"]}]},{"@type":"WebPage","@id":"https:\/\/redenoticiaz.com.br\/ribeiraopreto-regiao\/sp\/2022\/07\/04\/postao-sera-equipado-com-tecnologia-de-ponta","url":"https:\/\/redenoticiaz.com.br\/ribeiraopreto-regiao\/sp\/2022\/07\/04\/postao-sera-equipado-com-tecnologia-de-ponta","name":"Post\u00e3o ser\u00e1 equipado com tecnologia de ponta - Ribeir\u00e3o Preto e Regi\u00e3o","isPartOf":{"@id":"https:\/\/redenoticiaz.com.br\/ribeiraopreto-regiao\/#website"},"primaryImageOfPage":{"@id":"https:\/\/redenoticiaz.com.br\/ribeiraopreto-regiao\/sp\/2022\/07\/04\/postao-sera-equipado-com-tecnologia-de-ponta#primaryimage"},"image":{"@id":"https:\/\/redenoticiaz.com.br\/ribeiraopreto-regiao\/sp\/2022\/07\/04\/postao-sera-equipado-com-tecnologia-de-ponta#primaryimage"},"thumbnailUrl":"https:\/\/redenoticiaz.com.br\/ribeiraopreto-regiao\/wp-content\/uploads\/sites\/4\/2022\/07\/RENDER__9-Foto-ok.jpg","datePublished":"2022-07-04T19:45:47+00:00","description":"Centro M\u00e9dico de Especialidades e de Aten\u00e7\u00e3o \u00e0 Mulher e \u00e0 Crian\u00e7a, o Novo Post\u00e3o, quando a unidade for inaugurada.","inLanguage":"pt-BR","potentialAction":[{"@type":"ReadAction","target":["https:\/\/redenoticiaz.com.br\/ribeiraopreto-regiao\/sp\/2022\/07\/04\/postao-sera-equipado-com-tecnologia-de-ponta"]}]},{"@type":"ImageObject","inLanguage":"pt-BR","@id":"https:\/\/redenoticiaz.com.br\/ribeiraopreto-regiao\/sp\/2022\/07\/04\/postao-sera-equipado-com-tecnologia-de-ponta#primaryimage","url":"https:\/\/redenoticiaz.com.br\/ribeiraopreto-regiao\/wp-content\/uploads\/sites\/4\/2022\/07\/RENDER__9-Foto-ok.jpg","contentUrl":"https:\/\/redenoticiaz.com.br\/ribeiraopreto-regiao\/wp-content\/uploads\/sites\/4\/2022\/07\/RENDER__9-Foto-ok.jpg","width":1920,"height":1080,"caption":"Post\u00e3o. Cr\u00e9dito: Reprodu\u00e7\u00e3o"},{"@type":"WebSite","@id":"https:\/\/redenoticiaz.com.br\/ribeiraopreto-regiao\/#website","url":"https:\/\/redenoticiaz.com.br\/ribeiraopreto-regiao\/","name":"Ribeir\u00e3o Preto e Regi\u00e3o","description":"Rede NoticiaZ - Ribeir\u00e3o Preto e regi\u00e3o","publisher":{"@id":"https:\/\/redenoticiaz.com.br\/ribeiraopreto-regiao\/#organization"},"potentialAction":[{"@type":"SearchAction","target":{"@type":"EntryPoint","urlTemplate":"https:\/\/redenoticiaz.com.br\/ribeiraopreto-regiao\/?s={search_term_string}"},"query-input":{"@type":"PropertyValueSpecification","valueRequired":true,"valueName":"search_term_string"}}],"inLanguage":"pt-BR"},{"@type":"Organization","@id":"https:\/\/redenoticiaz.com.br\/ribeiraopreto-regiao\/#organization","name":"Ribeir\u00e3o Preto e Regi\u00e3o","url":"https:\/\/redenoticiaz.com.br\/ribeiraopreto-regiao\/","logo":{"@type":"ImageObject","inLanguage":"pt-BR","@id":"https:\/\/redenoticiaz.com.br\/ribeiraopreto-regiao\/#\/schema\/logo\/image\/","url":"https:\/\/redenoticiaz.com.br\/barretos-regiao\/wp-content\/uploads\/sites\/4\/2022\/02\/logo.jpg","contentUrl":"https:\/\/redenoticiaz.com.br\/barretos-regiao\/wp-content\/uploads\/sites\/4\/2022\/02\/logo.jpg","width":400,"height":250,"caption":"Ribeir\u00e3o Preto e Regi\u00e3o"},"image":{"@id":"https:\/\/redenoticiaz.com.br\/ribeiraopreto-regiao\/#\/schema\/logo\/image\/"},"sameAs":["https:\/\/m.facebook.com\/redenoticiaz.barretos","https:\/\/x.com\/RN_barretos","https:\/\/www.instagram.com\/redenoticiaz.barretos\/?igshid=YmMyMTA2M2Y","https:\/\/www.linkedin.com\/company\/rede-noticiaz-barretos-e-regio\/"]},{"@type":"Person","@id":"","url":"https:\/\/redenoticiaz.com.br\/ribeiraopreto-regiao\/sp\/author"}]}},"_links":{"self":[{"href":"https:\/\/redenoticiaz.com.br\/ribeiraopreto-regiao\/wp-json\/wp\/v2\/posts\/87331","targetHints":{"allow":["GET"]}}],"collection":[{"href":"https:\/\/redenoticiaz.com.br\/ribeiraopreto-regiao\/wp-json\/wp\/v2\/posts"}],"about":[{"href":"https:\/\/redenoticiaz.com.br\/ribeiraopreto-regiao\/wp-json\/wp\/v2\/types\/post"}],"author":[{"embeddable":true,"href":"https:\/\/redenoticiaz.com.br\/ribeiraopreto-regiao\/wp-json\/wp\/v2\/users\/15"}],"replies":[{"embeddable":true,"href":"https:\/\/redenoticiaz.com.br\/ribeiraopreto-regiao\/wp-json\/wp\/v2\/comments?post=87331"}],"version-history":[{"count":1,"href":"https:\/\/redenoticiaz.com.br\/ribeiraopreto-regiao\/wp-json\/wp\/v2\/posts\/87331\/revisions"}],"predecessor-version":[{"id":87335,"href":"https:\/\/redenoticiaz.com.br\/ribeiraopreto-regiao\/wp-json\/wp\/v2\/posts\/87331\/revisions\/87335"}],"wp:featuredmedia":[{"embeddable":true,"href":"https:\/\/redenoticiaz.com.br\/ribeiraopreto-regiao\/wp-json\/wp\/v2\/media\/87334"}],"wp:attachment":[{"href":"https:\/\/redenoticiaz.com.br\/ribeiraopreto-regiao\/wp-json\/wp\/v2\/media?parent=87331"}],"wp:term":[{"taxonomy":"category","embeddable":true,"href":"https:\/\/redenoticiaz.com.br\/ribeiraopreto-regiao\/wp-json\/wp\/v2\/categories?post=87331"},{"taxonomy":"post_tag","embeddable":true,"href":"https:\/\/redenoticiaz.com.br\/ribeiraopreto-regiao\/wp-json\/wp\/v2\/tags?post=87331"}],"curies":[{"name":"wp","href":"https:\/\/api.w.org\/{rel}","templated":true}]}}