{"id":87592,"date":"2022-07-08T15:33:55","date_gmt":"2022-07-08T18:33:55","guid":{"rendered":"https:\/\/redenoticiaz.com.br\/barretos-regiao\/sp\/2022\/07\/08\/o-que-fazer-para-garantir-uma-viagem-segura-nas-ferias"},"modified":"2022-07-08T15:35:02","modified_gmt":"2022-07-08T18:35:02","slug":"o-que-fazer-para-garantir-uma-viagem-segura-nas-ferias","status":"publish","type":"post","link":"https:\/\/redenoticiaz.com.br\/ribeiraopreto-regiao\/sp\/2022\/07\/08\/o-que-fazer-para-garantir-uma-viagem-segura-nas-ferias","title":{"rendered":"O que fazer para garantir uma viagem segura nas f\u00e9rias"},"content":{"rendered":"<p>Quando o calend\u00e1rio aponta o m\u00eas de julho, o corpo j\u00e1 pede descanso do primeiro semestre e, para quem tem crian\u00e7a em casa, o per\u00edodo de f\u00e9rias escolares \u00e9 a \u00e9poca ideal para uma boa viagem em fam\u00edlia.<\/p>\n<p>H\u00e1 quem se organize com anteced\u00eancia e h\u00e1 quem encare uma aventura de \u00faltima hora para espairecer e apreciar novos ares.<\/p>\n<p>Em todos os casos, estar atento \u00e0s condi\u00e7\u00f5es do ve\u00edculo \u00e9 fundamental para garantir um percurso tranquilo sem surpresas e gastos indesejados.<\/p>\n<p>Ainda que o ve\u00edculo n\u00e3o apresente problemas ou necessidade de manuten\u00e7\u00e3o, pegar estrada sem uma vistoria pr\u00e9via n\u00e3o \u00e9 uma boa ideia. Na lista b\u00e1sica de inspe\u00e7\u00e3o, \u00e9 importante destacar:<\/p>\n<p>\u2022\u00a0<strong>Planejamento:<\/strong>\u00a0al\u00e9m de levar, por precau\u00e7\u00e3o, uma caixa de ferramentas, estudar o percurso e verificar se h\u00e1 postos de parada e postos de combust\u00edvel \u00e9 prudente.<\/p>\n<p>\u2022\u00a0<strong>Documenta\u00e7\u00e3o:<\/strong>\u00a0portar habilita\u00e7\u00e3o \u00e9 lei e deve ser respeitada. Portanto, deve-se conferir data de vencimento da CNH, bem como as condi\u00e7\u00f5es de uso do seguro automotivo, caso possua.<\/p>\n<p>\u2022\u00a0<strong>Pneus:<\/strong>\u00a0a base do ve\u00edculo n\u00e3o pode ficar de lado pois \u00e9 respons\u00e1vel por manter a ader\u00eancia ao solo. \u00c9 fundamental conferir a calibragem. Ent\u00e3o, nada de pneu careca e estepe inutiliz\u00e1vel. Aten\u00e7\u00e3o as normas de seguran\u00e7a com informa\u00e7\u00f5es sobre o limite de desgaste (que pode ser observado por meio da altura do sulco), para realizar a troca no per\u00edodo indicado, em locais de revenda especializada com profissional habilitado.<\/p>\n<p>\u2022\u00a0<strong>Alinhamento e balanceamento:<\/strong>\u00a0ningu\u00e9m quer desconforto pelo caminho, sendo assim \u00e9 preciso garantir que a dire\u00e7\u00e3o esteja equilibrada, sem vibra\u00e7\u00f5es, o que tamb\u00e9m contribui para a economia do combust\u00edvel. Vale lembrar que o ve\u00edculo perfeitamente alinhado, no momento de frenagem, n\u00e3o perde desvio do percurso.<\/p>\n<p>\u2022\u00a0<strong>Bateria e far\u00f3is:<\/strong>\u00a0\u00e9 poss\u00edvel utilizar um volt\u00edmetro para examinar o estado da bateria. Manter o sistema de ilumina\u00e7\u00e3o em dia pode salvar vidas, j\u00e1 que a falta de luminosidade \u00e9 um dos fatores que gera acidentes nas estradas. Al\u00e9m, \u00e9 claro, de evitar que uma multa seja aplicada por falta de funcionamento das luzes indicativas, em especial nas luzes traseiras, (tanto de sinaliza\u00e7\u00e3o quanto as de freio). Durante a noite, ve\u00edculos sem nenhuma ilumina\u00e7\u00e3o podem provocar risco todos os usu\u00e1rios da rodovia.<\/p>\n<p>\u2022\u00a0<strong>\u00d3leo e flu\u00eddos:<\/strong>\u00a0respons\u00e1vel pela lubrifica\u00e7\u00e3o do motor, o \u00f3leo deve estar na quantidade e espessura indicada, com uma cor clara. Caso contr\u00e1rio, deve ser trocado. Os flu\u00eddos merecem a mesma aten\u00e7\u00e3o, tendo em vista que s\u00e3o respons\u00e1veis por manter a temperatura do motor.<\/p>\n<p>\u2022\u00a0<strong>Freios:\u00a0<\/strong>\u00e9 importante realizar a verifica\u00e7\u00e3o dos freios, nas medidas de espessuras e conserva\u00e7\u00e3o dos discos, assim como do desgaste das lonas e das pastilhas. \u00c9 essencial verificar o n\u00edvel do flu\u00eddo de freio para que n\u00e3o esteja abaixo do m\u00ednimo necess\u00e1rio para o acionamento do circuito hidr\u00e1ulico, respons\u00e1vel pelo perfeito acionamento dos freios.<\/p>\n<p>\u2022\u00a0<strong>Palhetas do limpador de para brisas:\u00a0<\/strong>Mesmo durante o clima seco, com baixa ou inexist\u00eancia de chuvas, \u00e9 preciso analisar as palhetas do limpador, assim como o n\u00edvel da \u00e1gua do reservat\u00f3rio de lavagem do para-brisas, que deve ser observado, pois a pe\u00e7a precisa ser limpa durante todo percurso, mesmo que longo, para uma boa visibilidade da estrada.<\/p>\n<p><strong>Leia mais<\/strong><\/p>\n<p><a href=\"https:\/\/redenoticiaz.com.br\/blog\/2022\/06\/14\/estradas-de-sao-paulo-devem-receber-38-milhoes-de-veiculos-no-feriado\">Estradas de S\u00e3o Paulo devem receber 3,8 milh\u00f5es de ve\u00edculos no feriado<\/a><\/p>\n<p>&nbsp;<\/p>\n","protected":false},"excerpt":{"rendered":"<p>Quando o calend\u00e1rio aponta o m\u00eas de julho, o corpo j\u00e1 pede descanso do primeiro semestre e, para quem tem crian\u00e7a em casa, o per\u00edodo de f\u00e9rias escolares \u00e9 a \u00e9poca ideal para uma boa viagem em fam\u00edlia. H\u00e1 quem se organize com anteced\u00eancia e h\u00e1 quem encare uma aventura de \u00faltima hora para espairecer &hellip;<\/p>\n","protected":false},"author":12,"featured_media":87593,"comment_status":"open","ping_status":"closed","sticky":false,"template":"","format":"standard","meta":{"footnotes":""},"categories":[2921],"tags":[8451,17998,812,18577],"class_list":["post-87592","post","type-post","status-publish","format-standard","has-post-thumbnail","hentry","category-transportes","tag-cuidados","tag-ferias","tag-transporte","tag-vistoria-em-carros"],"yoast_head":"<!-- This site is optimized with the Yoast SEO plugin v27.4 - https:\/\/yoast.com\/product\/yoast-seo-wordpress\/ -->\n<title>O que fazer para garantir uma viagem segura nas f\u00e9rias - Ribeir\u00e3o Preto e Regi\u00e3o<\/title>\n<meta name=\"description\" content=\"Quais a\u00e7\u00f5es preventivas podem garantir um percurso tranquilo sem surpresas e gastos indesejados. Fique ligado nos destaques.\" \/>\n<meta name=\"robots\" content=\"index, follow, max-snippet:-1, max-image-preview:large, max-video-preview:-1\" \/>\n<link rel=\"canonical\" href=\"https:\/\/redenoticiaz.com.br\/ribeiraopreto-regiao\/sp\/2022\/07\/08\/o-que-fazer-para-garantir-uma-viagem-segura-nas-ferias\" \/>\n<meta property=\"og:locale\" content=\"pt_BR\" \/>\n<meta property=\"og:type\" content=\"article\" \/>\n<meta property=\"og:title\" content=\"O que fazer para garantir uma viagem segura nas f\u00e9rias - Ribeir\u00e3o Preto e Regi\u00e3o\" \/>\n<meta property=\"og:description\" content=\"Quais a\u00e7\u00f5es preventivas podem garantir um percurso tranquilo sem surpresas e gastos indesejados. Fique ligado nos destaques.\" \/>\n<meta property=\"og:url\" content=\"https:\/\/redenoticiaz.com.br\/ribeiraopreto-regiao\/sp\/2022\/07\/08\/o-que-fazer-para-garantir-uma-viagem-segura-nas-ferias\" \/>\n<meta property=\"og:site_name\" content=\"Ribeir\u00e3o Preto e Regi\u00e3o\" \/>\n<meta property=\"article:publisher\" content=\"https:\/\/m.facebook.com\/redenoticiaz.barretos\" \/>\n<meta property=\"article:published_time\" content=\"2022-07-08T18:33:55+00:00\" \/>\n<meta property=\"article:modified_time\" content=\"2022-07-08T18:35:02+00:00\" \/>\n<meta property=\"og:image\" content=\"https:\/\/redenoticiaz.com.br\/ribeiraopreto-regiao\/wp-content\/uploads\/sites\/4\/2022\/07\/mail.jpg?v=1657305214\" \/>\n\t<meta property=\"og:image:width\" content=\"800\" \/>\n\t<meta property=\"og:image:height\" content=\"450\" \/>\n\t<meta property=\"og:image:type\" content=\"image\/jpeg\" \/>\n<meta name=\"author\" content=\"Gustavo Silva\" \/>\n<meta name=\"twitter:card\" content=\"summary_large_image\" \/>\n<meta name=\"twitter:creator\" content=\"@RN_barretos\" \/>\n<meta name=\"twitter:site\" content=\"@RN_barretos\" \/>\n<meta name=\"twitter:label1\" content=\"Escrito por\" \/>\n\t<meta name=\"twitter:data1\" content=\"Gustavo Silva\" \/>\n\t<meta name=\"twitter:label2\" content=\"Est. tempo de leitura\" \/>\n\t<meta name=\"twitter:data2\" content=\"3 minutos\" \/>\n<script type=\"application\/ld+json\" class=\"yoast-schema-graph\">{\"@context\":\"https:\\\/\\\/schema.org\",\"@graph\":[{\"@type\":\"Article\",\"@id\":\"https:\\\/\\\/redenoticiaz.com.br\\\/ribeiraopreto-regiao\\\/sp\\\/2022\\\/07\\\/08\\\/o-que-fazer-para-garantir-uma-viagem-segura-nas-ferias#article\",\"isPartOf\":{\"@id\":\"https:\\\/\\\/redenoticiaz.com.br\\\/ribeiraopreto-regiao\\\/sp\\\/2022\\\/07\\\/08\\\/o-que-fazer-para-garantir-uma-viagem-segura-nas-ferias\"},\"author\":{\"name\":\"Gustavo Silva\",\"@id\":\"https:\\\/\\\/redenoticiaz.com.br\\\/ribeiraopreto-regiao\\\/#\\\/schema\\\/person\\\/16057b37a3c0ee6b096d7f887c566e2e\"},\"headline\":\"O que fazer para garantir uma viagem segura nas f\u00e9rias\",\"datePublished\":\"2022-07-08T18:33:55+00:00\",\"dateModified\":\"2022-07-08T18:35:02+00:00\",\"mainEntityOfPage\":{\"@id\":\"https:\\\/\\\/redenoticiaz.com.br\\\/ribeiraopreto-regiao\\\/sp\\\/2022\\\/07\\\/08\\\/o-que-fazer-para-garantir-uma-viagem-segura-nas-ferias\"},\"wordCount\":600,\"commentCount\":0,\"publisher\":{\"@id\":\"https:\\\/\\\/redenoticiaz.com.br\\\/ribeiraopreto-regiao\\\/#organization\"},\"image\":{\"@id\":\"https:\\\/\\\/redenoticiaz.com.br\\\/ribeiraopreto-regiao\\\/sp\\\/2022\\\/07\\\/08\\\/o-que-fazer-para-garantir-uma-viagem-segura-nas-ferias#primaryimage\"},\"thumbnailUrl\":\"https:\\\/\\\/redenoticiaz.com.br\\\/ribeiraopreto-regiao\\\/wp-content\\\/uploads\\\/sites\\\/4\\\/2022\\\/07\\\/mail.jpg?v=1657305214\",\"keywords\":[\"CUIDADOS\",\"F\u00c9RIAS\",\"TRANSPORTE\",\"vistoria em carros\"],\"articleSection\":[\"Transportes\"],\"inLanguage\":\"pt-BR\",\"potentialAction\":[{\"@type\":\"CommentAction\",\"name\":\"Comment\",\"target\":[\"https:\\\/\\\/redenoticiaz.com.br\\\/ribeiraopreto-regiao\\\/sp\\\/2022\\\/07\\\/08\\\/o-que-fazer-para-garantir-uma-viagem-segura-nas-ferias#respond\"]}]},{\"@type\":\"WebPage\",\"@id\":\"https:\\\/\\\/redenoticiaz.com.br\\\/ribeiraopreto-regiao\\\/sp\\\/2022\\\/07\\\/08\\\/o-que-fazer-para-garantir-uma-viagem-segura-nas-ferias\",\"url\":\"https:\\\/\\\/redenoticiaz.com.br\\\/ribeiraopreto-regiao\\\/sp\\\/2022\\\/07\\\/08\\\/o-que-fazer-para-garantir-uma-viagem-segura-nas-ferias\",\"name\":\"O que fazer para garantir uma viagem segura nas f\u00e9rias - Ribeir\u00e3o Preto e Regi\u00e3o\",\"isPartOf\":{\"@id\":\"https:\\\/\\\/redenoticiaz.com.br\\\/ribeiraopreto-regiao\\\/#website\"},\"primaryImageOfPage\":{\"@id\":\"https:\\\/\\\/redenoticiaz.com.br\\\/ribeiraopreto-regiao\\\/sp\\\/2022\\\/07\\\/08\\\/o-que-fazer-para-garantir-uma-viagem-segura-nas-ferias#primaryimage\"},\"image\":{\"@id\":\"https:\\\/\\\/redenoticiaz.com.br\\\/ribeiraopreto-regiao\\\/sp\\\/2022\\\/07\\\/08\\\/o-que-fazer-para-garantir-uma-viagem-segura-nas-ferias#primaryimage\"},\"thumbnailUrl\":\"https:\\\/\\\/redenoticiaz.com.br\\\/ribeiraopreto-regiao\\\/wp-content\\\/uploads\\\/sites\\\/4\\\/2022\\\/07\\\/mail.jpg?v=1657305214\",\"datePublished\":\"2022-07-08T18:33:55+00:00\",\"dateModified\":\"2022-07-08T18:35:02+00:00\",\"description\":\"Quais a\u00e7\u00f5es preventivas podem garantir um percurso tranquilo sem surpresas e gastos indesejados. Fique ligado nos destaques.\",\"inLanguage\":\"pt-BR\",\"potentialAction\":[{\"@type\":\"ReadAction\",\"target\":[\"https:\\\/\\\/redenoticiaz.com.br\\\/ribeiraopreto-regiao\\\/sp\\\/2022\\\/07\\\/08\\\/o-que-fazer-para-garantir-uma-viagem-segura-nas-ferias\"]}]},{\"@type\":\"ImageObject\",\"inLanguage\":\"pt-BR\",\"@id\":\"https:\\\/\\\/redenoticiaz.com.br\\\/ribeiraopreto-regiao\\\/sp\\\/2022\\\/07\\\/08\\\/o-que-fazer-para-garantir-uma-viagem-segura-nas-ferias#primaryimage\",\"url\":\"https:\\\/\\\/redenoticiaz.com.br\\\/ribeiraopreto-regiao\\\/wp-content\\\/uploads\\\/sites\\\/4\\\/2022\\\/07\\\/mail.jpg?v=1657305214\",\"contentUrl\":\"https:\\\/\\\/redenoticiaz.com.br\\\/ribeiraopreto-regiao\\\/wp-content\\\/uploads\\\/sites\\\/4\\\/2022\\\/07\\\/mail.jpg?v=1657305214\",\"width\":800,\"height\":450,\"caption\":\"O que fazer para garantir uma viagem segura nas f\u00e9rias\"},{\"@type\":\"WebSite\",\"@id\":\"https:\\\/\\\/redenoticiaz.com.br\\\/ribeiraopreto-regiao\\\/#website\",\"url\":\"https:\\\/\\\/redenoticiaz.com.br\\\/ribeiraopreto-regiao\\\/\",\"name\":\"Ribeir\u00e3o Preto e Regi\u00e3o\",\"description\":\"Rede NoticiaZ - Ribeir\u00e3o Preto e regi\u00e3o\",\"publisher\":{\"@id\":\"https:\\\/\\\/redenoticiaz.com.br\\\/ribeiraopreto-regiao\\\/#organization\"},\"potentialAction\":[{\"@type\":\"SearchAction\",\"target\":{\"@type\":\"EntryPoint\",\"urlTemplate\":\"https:\\\/\\\/redenoticiaz.com.br\\\/ribeiraopreto-regiao\\\/?s={search_term_string}\"},\"query-input\":{\"@type\":\"PropertyValueSpecification\",\"valueRequired\":true,\"valueName\":\"search_term_string\"}}],\"inLanguage\":\"pt-BR\"},{\"@type\":\"Organization\",\"@id\":\"https:\\\/\\\/redenoticiaz.com.br\\\/ribeiraopreto-regiao\\\/#organization\",\"name\":\"Ribeir\u00e3o Preto e Regi\u00e3o\",\"url\":\"https:\\\/\\\/redenoticiaz.com.br\\\/ribeiraopreto-regiao\\\/\",\"logo\":{\"@type\":\"ImageObject\",\"inLanguage\":\"pt-BR\",\"@id\":\"https:\\\/\\\/redenoticiaz.com.br\\\/ribeiraopreto-regiao\\\/#\\\/schema\\\/logo\\\/image\\\/\",\"url\":\"https:\\\/\\\/redenoticiaz.com.br\\\/barretos-regiao\\\/wp-content\\\/uploads\\\/sites\\\/4\\\/2022\\\/02\\\/logo.jpg\",\"contentUrl\":\"https:\\\/\\\/redenoticiaz.com.br\\\/barretos-regiao\\\/wp-content\\\/uploads\\\/sites\\\/4\\\/2022\\\/02\\\/logo.jpg\",\"width\":400,\"height\":250,\"caption\":\"Ribeir\u00e3o Preto e Regi\u00e3o\"},\"image\":{\"@id\":\"https:\\\/\\\/redenoticiaz.com.br\\\/ribeiraopreto-regiao\\\/#\\\/schema\\\/logo\\\/image\\\/\"},\"sameAs\":[\"https:\\\/\\\/m.facebook.com\\\/redenoticiaz.barretos\",\"https:\\\/\\\/x.com\\\/RN_barretos\",\"https:\\\/\\\/www.instagram.com\\\/redenoticiaz.barretos\\\/?igshid=YmMyMTA2M2Y\",\"https:\\\/\\\/www.linkedin.com\\\/company\\\/rede-noticiaz-barretos-e-regio\\\/\"]},{\"@type\":\"Person\",\"@id\":\"https:\\\/\\\/redenoticiaz.com.br\\\/ribeiraopreto-regiao\\\/#\\\/schema\\\/person\\\/16057b37a3c0ee6b096d7f887c566e2e\",\"name\":\"Gustavo Silva\",\"image\":{\"@type\":\"ImageObject\",\"inLanguage\":\"pt-BR\",\"@id\":\"https:\\\/\\\/secure.gravatar.com\\\/avatar\\\/3ee4e82f93b26de0a7cf4ea5eb7893da637ed6bb0c9170c58065944c56e28a33?s=96&d=mm&r=g\",\"url\":\"https:\\\/\\\/secure.gravatar.com\\\/avatar\\\/3ee4e82f93b26de0a7cf4ea5eb7893da637ed6bb0c9170c58065944c56e28a33?s=96&d=mm&r=g\",\"contentUrl\":\"https:\\\/\\\/secure.gravatar.com\\\/avatar\\\/3ee4e82f93b26de0a7cf4ea5eb7893da637ed6bb0c9170c58065944c56e28a33?s=96&d=mm&r=g\",\"caption\":\"Gustavo Silva\"},\"url\":\"https:\\\/\\\/redenoticiaz.com.br\\\/ribeiraopreto-regiao\\\/sp\\\/author\\\/gustavosilva\"}]}<\/script>\n<!-- \/ Yoast SEO plugin. -->","yoast_head_json":{"title":"O que fazer para garantir uma viagem segura nas f\u00e9rias - Ribeir\u00e3o Preto e Regi\u00e3o","description":"Quais a\u00e7\u00f5es preventivas podem garantir um percurso tranquilo sem surpresas e gastos indesejados. Fique ligado nos destaques.","robots":{"index":"index","follow":"follow","max-snippet":"max-snippet:-1","max-image-preview":"max-image-preview:large","max-video-preview":"max-video-preview:-1"},"canonical":"https:\/\/redenoticiaz.com.br\/ribeiraopreto-regiao\/sp\/2022\/07\/08\/o-que-fazer-para-garantir-uma-viagem-segura-nas-ferias","og_locale":"pt_BR","og_type":"article","og_title":"O que fazer para garantir uma viagem segura nas f\u00e9rias - Ribeir\u00e3o Preto e Regi\u00e3o","og_description":"Quais a\u00e7\u00f5es preventivas podem garantir um percurso tranquilo sem surpresas e gastos indesejados. Fique ligado nos destaques.","og_url":"https:\/\/redenoticiaz.com.br\/ribeiraopreto-regiao\/sp\/2022\/07\/08\/o-que-fazer-para-garantir-uma-viagem-segura-nas-ferias","og_site_name":"Ribeir\u00e3o Preto e Regi\u00e3o","article_publisher":"https:\/\/m.facebook.com\/redenoticiaz.barretos","article_published_time":"2022-07-08T18:33:55+00:00","article_modified_time":"2022-07-08T18:35:02+00:00","og_image":[{"width":800,"height":450,"url":"https:\/\/redenoticiaz.com.br\/ribeiraopreto-regiao\/wp-content\/uploads\/sites\/4\/2022\/07\/mail.jpg?v=1657305214","type":"image\/jpeg"}],"author":"Gustavo Silva","twitter_card":"summary_large_image","twitter_creator":"@RN_barretos","twitter_site":"@RN_barretos","twitter_misc":{"Escrito por":"Gustavo Silva","Est. tempo de leitura":"3 minutos"},"schema":{"@context":"https:\/\/schema.org","@graph":[{"@type":"Article","@id":"https:\/\/redenoticiaz.com.br\/ribeiraopreto-regiao\/sp\/2022\/07\/08\/o-que-fazer-para-garantir-uma-viagem-segura-nas-ferias#article","isPartOf":{"@id":"https:\/\/redenoticiaz.com.br\/ribeiraopreto-regiao\/sp\/2022\/07\/08\/o-que-fazer-para-garantir-uma-viagem-segura-nas-ferias"},"author":{"name":"Gustavo Silva","@id":"https:\/\/redenoticiaz.com.br\/ribeiraopreto-regiao\/#\/schema\/person\/16057b37a3c0ee6b096d7f887c566e2e"},"headline":"O que fazer para garantir uma viagem segura nas f\u00e9rias","datePublished":"2022-07-08T18:33:55+00:00","dateModified":"2022-07-08T18:35:02+00:00","mainEntityOfPage":{"@id":"https:\/\/redenoticiaz.com.br\/ribeiraopreto-regiao\/sp\/2022\/07\/08\/o-que-fazer-para-garantir-uma-viagem-segura-nas-ferias"},"wordCount":600,"commentCount":0,"publisher":{"@id":"https:\/\/redenoticiaz.com.br\/ribeiraopreto-regiao\/#organization"},"image":{"@id":"https:\/\/redenoticiaz.com.br\/ribeiraopreto-regiao\/sp\/2022\/07\/08\/o-que-fazer-para-garantir-uma-viagem-segura-nas-ferias#primaryimage"},"thumbnailUrl":"https:\/\/redenoticiaz.com.br\/ribeiraopreto-regiao\/wp-content\/uploads\/sites\/4\/2022\/07\/mail.jpg?v=1657305214","keywords":["CUIDADOS","F\u00c9RIAS","TRANSPORTE","vistoria em carros"],"articleSection":["Transportes"],"inLanguage":"pt-BR","potentialAction":[{"@type":"CommentAction","name":"Comment","target":["https:\/\/redenoticiaz.com.br\/ribeiraopreto-regiao\/sp\/2022\/07\/08\/o-que-fazer-para-garantir-uma-viagem-segura-nas-ferias#respond"]}]},{"@type":"WebPage","@id":"https:\/\/redenoticiaz.com.br\/ribeiraopreto-regiao\/sp\/2022\/07\/08\/o-que-fazer-para-garantir-uma-viagem-segura-nas-ferias","url":"https:\/\/redenoticiaz.com.br\/ribeiraopreto-regiao\/sp\/2022\/07\/08\/o-que-fazer-para-garantir-uma-viagem-segura-nas-ferias","name":"O que fazer para garantir uma viagem segura nas f\u00e9rias - Ribeir\u00e3o Preto e Regi\u00e3o","isPartOf":{"@id":"https:\/\/redenoticiaz.com.br\/ribeiraopreto-regiao\/#website"},"primaryImageOfPage":{"@id":"https:\/\/redenoticiaz.com.br\/ribeiraopreto-regiao\/sp\/2022\/07\/08\/o-que-fazer-para-garantir-uma-viagem-segura-nas-ferias#primaryimage"},"image":{"@id":"https:\/\/redenoticiaz.com.br\/ribeiraopreto-regiao\/sp\/2022\/07\/08\/o-que-fazer-para-garantir-uma-viagem-segura-nas-ferias#primaryimage"},"thumbnailUrl":"https:\/\/redenoticiaz.com.br\/ribeiraopreto-regiao\/wp-content\/uploads\/sites\/4\/2022\/07\/mail.jpg?v=1657305214","datePublished":"2022-07-08T18:33:55+00:00","dateModified":"2022-07-08T18:35:02+00:00","description":"Quais a\u00e7\u00f5es preventivas podem garantir um percurso tranquilo sem surpresas e gastos indesejados. Fique ligado nos destaques.","inLanguage":"pt-BR","potentialAction":[{"@type":"ReadAction","target":["https:\/\/redenoticiaz.com.br\/ribeiraopreto-regiao\/sp\/2022\/07\/08\/o-que-fazer-para-garantir-uma-viagem-segura-nas-ferias"]}]},{"@type":"ImageObject","inLanguage":"pt-BR","@id":"https:\/\/redenoticiaz.com.br\/ribeiraopreto-regiao\/sp\/2022\/07\/08\/o-que-fazer-para-garantir-uma-viagem-segura-nas-ferias#primaryimage","url":"https:\/\/redenoticiaz.com.br\/ribeiraopreto-regiao\/wp-content\/uploads\/sites\/4\/2022\/07\/mail.jpg?v=1657305214","contentUrl":"https:\/\/redenoticiaz.com.br\/ribeiraopreto-regiao\/wp-content\/uploads\/sites\/4\/2022\/07\/mail.jpg?v=1657305214","width":800,"height":450,"caption":"O que fazer para garantir uma viagem segura nas f\u00e9rias"},{"@type":"WebSite","@id":"https:\/\/redenoticiaz.com.br\/ribeiraopreto-regiao\/#website","url":"https:\/\/redenoticiaz.com.br\/ribeiraopreto-regiao\/","name":"Ribeir\u00e3o Preto e Regi\u00e3o","description":"Rede NoticiaZ - Ribeir\u00e3o Preto e regi\u00e3o","publisher":{"@id":"https:\/\/redenoticiaz.com.br\/ribeiraopreto-regiao\/#organization"},"potentialAction":[{"@type":"SearchAction","target":{"@type":"EntryPoint","urlTemplate":"https:\/\/redenoticiaz.com.br\/ribeiraopreto-regiao\/?s={search_term_string}"},"query-input":{"@type":"PropertyValueSpecification","valueRequired":true,"valueName":"search_term_string"}}],"inLanguage":"pt-BR"},{"@type":"Organization","@id":"https:\/\/redenoticiaz.com.br\/ribeiraopreto-regiao\/#organization","name":"Ribeir\u00e3o Preto e Regi\u00e3o","url":"https:\/\/redenoticiaz.com.br\/ribeiraopreto-regiao\/","logo":{"@type":"ImageObject","inLanguage":"pt-BR","@id":"https:\/\/redenoticiaz.com.br\/ribeiraopreto-regiao\/#\/schema\/logo\/image\/","url":"https:\/\/redenoticiaz.com.br\/barretos-regiao\/wp-content\/uploads\/sites\/4\/2022\/02\/logo.jpg","contentUrl":"https:\/\/redenoticiaz.com.br\/barretos-regiao\/wp-content\/uploads\/sites\/4\/2022\/02\/logo.jpg","width":400,"height":250,"caption":"Ribeir\u00e3o Preto e Regi\u00e3o"},"image":{"@id":"https:\/\/redenoticiaz.com.br\/ribeiraopreto-regiao\/#\/schema\/logo\/image\/"},"sameAs":["https:\/\/m.facebook.com\/redenoticiaz.barretos","https:\/\/x.com\/RN_barretos","https:\/\/www.instagram.com\/redenoticiaz.barretos\/?igshid=YmMyMTA2M2Y","https:\/\/www.linkedin.com\/company\/rede-noticiaz-barretos-e-regio\/"]},{"@type":"Person","@id":"https:\/\/redenoticiaz.com.br\/ribeiraopreto-regiao\/#\/schema\/person\/16057b37a3c0ee6b096d7f887c566e2e","name":"Gustavo Silva","image":{"@type":"ImageObject","inLanguage":"pt-BR","@id":"https:\/\/secure.gravatar.com\/avatar\/3ee4e82f93b26de0a7cf4ea5eb7893da637ed6bb0c9170c58065944c56e28a33?s=96&d=mm&r=g","url":"https:\/\/secure.gravatar.com\/avatar\/3ee4e82f93b26de0a7cf4ea5eb7893da637ed6bb0c9170c58065944c56e28a33?s=96&d=mm&r=g","contentUrl":"https:\/\/secure.gravatar.com\/avatar\/3ee4e82f93b26de0a7cf4ea5eb7893da637ed6bb0c9170c58065944c56e28a33?s=96&d=mm&r=g","caption":"Gustavo Silva"},"url":"https:\/\/redenoticiaz.com.br\/ribeiraopreto-regiao\/sp\/author\/gustavosilva"}]}},"_links":{"self":[{"href":"https:\/\/redenoticiaz.com.br\/ribeiraopreto-regiao\/wp-json\/wp\/v2\/posts\/87592","targetHints":{"allow":["GET"]}}],"collection":[{"href":"https:\/\/redenoticiaz.com.br\/ribeiraopreto-regiao\/wp-json\/wp\/v2\/posts"}],"about":[{"href":"https:\/\/redenoticiaz.com.br\/ribeiraopreto-regiao\/wp-json\/wp\/v2\/types\/post"}],"author":[{"embeddable":true,"href":"https:\/\/redenoticiaz.com.br\/ribeiraopreto-regiao\/wp-json\/wp\/v2\/users\/12"}],"replies":[{"embeddable":true,"href":"https:\/\/redenoticiaz.com.br\/ribeiraopreto-regiao\/wp-json\/wp\/v2\/comments?post=87592"}],"version-history":[{"count":1,"href":"https:\/\/redenoticiaz.com.br\/ribeiraopreto-regiao\/wp-json\/wp\/v2\/posts\/87592\/revisions"}],"predecessor-version":[{"id":87594,"href":"https:\/\/redenoticiaz.com.br\/ribeiraopreto-regiao\/wp-json\/wp\/v2\/posts\/87592\/revisions\/87594"}],"wp:featuredmedia":[{"embeddable":true,"href":"https:\/\/redenoticiaz.com.br\/ribeiraopreto-regiao\/wp-json\/wp\/v2\/media\/87593"}],"wp:attachment":[{"href":"https:\/\/redenoticiaz.com.br\/ribeiraopreto-regiao\/wp-json\/wp\/v2\/media?parent=87592"}],"wp:term":[{"taxonomy":"category","embeddable":true,"href":"https:\/\/redenoticiaz.com.br\/ribeiraopreto-regiao\/wp-json\/wp\/v2\/categories?post=87592"},{"taxonomy":"post_tag","embeddable":true,"href":"https:\/\/redenoticiaz.com.br\/ribeiraopreto-regiao\/wp-json\/wp\/v2\/tags?post=87592"}],"curies":[{"name":"wp","href":"https:\/\/api.w.org\/{rel}","templated":true}]}}