{"id":88050,"date":"2022-07-14T18:03:09","date_gmt":"2022-07-14T21:03:09","guid":{"rendered":"https:\/\/redenoticiaz.com.br\/barretos-regiao\/?p=88050"},"modified":"2022-07-14T18:03:09","modified_gmt":"2022-07-14T21:03:09","slug":"assista-ao-clipe-da-musica-festa-de-um-povo-hino-oficial-do-festival-do-folclore","status":"publish","type":"post","link":"https:\/\/redenoticiaz.com.br\/ribeiraopreto-regiao\/sp\/2022\/07\/14\/assista-ao-clipe-da-musica-festa-de-um-povo-hino-oficial-do-festival-do-folclore","title":{"rendered":"Assista ao clipe da m\u00fasica \u201cFesta de Um Povo\u201d hino oficial do Festival do Folclore"},"content":{"rendered":"<p class=\"v1MsoNormal\"><span style=\"font-family: arial, sans-serif\">O Festival do Folclore da Est\u00e2ncia Tur\u00edstica de Ol\u00edmpia agora conta com um Hino Oficial que retrata a representatividade da festa e da cidade para a preserva\u00e7\u00e3o da cultura popular brasileira.<\/span><\/p>\n<p class=\"v1MsoNormal\"><span style=\"font-family: arial, sans-serif\">Trata-se da m\u00fasica &#8220;Festa de Um Povo&#8221;, de composi\u00e7\u00e3o dos olimpienses\u00a0<i>in memoriam<\/i>\u00a0Edward Marques da Silva (Professor Wad\u00e3o) e D\u00e9cio Luiz Eduardo Pereira (Decinho Pereira), que foi divulgada como m\u00fasica-tema do 53\u00ba FEFOL, em 2017.<\/span><\/p>\n<h4><strong>Assista ao clipe:\u00a0<\/strong><\/h4>\n<p><iframe loading=\"lazy\" title=\"HINO OFICIAL -  FESTIVAL DO FOLCLORE DE OL\u00cdMPIA\" width=\"500\" height=\"281\" src=\"https:\/\/www.youtube.com\/embed\/PjEwm1tITJU?feature=oembed\" frameborder=\"0\" allow=\"accelerometer; autoplay; clipboard-write; encrypted-media; gyroscope; picture-in-picture; web-share\" referrerpolicy=\"strict-origin-when-cross-origin\" allowfullscreen><\/iframe><\/p>\n<p class=\"v1MsoNormal\"><span style=\"font-family: arial, sans-serif\">A transforma\u00e7\u00e3o da can\u00e7\u00e3o em hino foi uma indica\u00e7\u00e3o da Associa\u00e7\u00e3o Ol\u00edmpia Para Todos, direcionada ao prefeito Fernando Cunha que, ciente da import\u00e2ncia cultural da obra e seus compositores, enviou um projeto de lei \u00e0 C\u00e2mara de Vereadores, propondo a institui\u00e7\u00e3o da m\u00fasica como Hino Oficial. A propositura foi aprovada por unanimidade na sess\u00e3o de segunda-feira (11) e a Lei N\u00ba 4.784\/22 foi publicada nesta quarta (13), no Di\u00e1rio Oficial Eletr\u00f4nico.<\/span><\/p>\n<p class=\"v1MsoNormal\"><span style=\"font-family: arial, sans-serif\"><img loading=\"lazy\" decoding=\"async\" class=\"size-medium wp-image-88051 alignleft\" src=\"https:\/\/redenoticiaz.com.br\/barretos-regiao\/wp-content\/uploads\/sites\/4\/2022\/07\/Professor-Wadao-Marques--300x225.jpg\" alt=\"\" width=\"300\" height=\"225\" srcset=\"https:\/\/redenoticiaz.com.br\/ribeiraopreto-regiao\/wp-content\/uploads\/sites\/4\/2022\/07\/Professor-Wadao-Marques--300x225.jpg 300w, https:\/\/redenoticiaz.com.br\/ribeiraopreto-regiao\/wp-content\/uploads\/sites\/4\/2022\/07\/Professor-Wadao-Marques--768x576.jpg 768w, https:\/\/redenoticiaz.com.br\/ribeiraopreto-regiao\/wp-content\/uploads\/sites\/4\/2022\/07\/Professor-Wadao-Marques-.jpg 960w\" sizes=\"auto, (max-width: 300px) 100vw, 300px\" \/>Segundo a indica\u00e7\u00e3o, a m\u00fasica retrata toda a diversidade do folclore brasileiro que \u00e9 mostrada nos festivais de folclore de Ol\u00edmpia. <em>&#8220;\u00c9 uma m\u00fasica que ficou gravada nas mentes e cora\u00e7\u00f5es dos olimpienses e que mostra a riqueza da outra imagem da cidade de Ol\u00edmpia: a Capital Nacional do Folclore&#8221;<\/em>, diz a justificativa do projeto.<\/span><\/p>\n<p class=\"v1MsoNormal\"><span style=\"font-family: arial, sans-serif\">A proposta visa ainda fazer uma homenagem aos artistas compositores que tanto representam a cultura local e deixaram um significativo legado para a cidade e para o Festival do Folclore, eternizando-os na hist\u00f3ria de Ol\u00edmpia.<\/span><\/p>\n<p class=\"v1MsoNormal\"><span style=\"font-family: arial, sans-serif\">Professor Wad\u00e3o, como \u00e9 carinhosamente lembrado, foi m\u00fasico, poeta, escritor, produtor, cantor, compositor e realizou um memor\u00e1vel trabalho junto \u00e0 Educa\u00e7\u00e3o municipal e ao FEFOL. Decinho Pereira foi um de seus in\u00fameros parceiros, que tamb\u00e9m se destacou localmente, sendo o fundador e musicista da escola de samba Sem Compromisso, a mais tradicional de Ol\u00edmpia.<\/span><\/p>\n<p class=\"v1MsoNormal\"><span style=\"font-family: arial, sans-serif\">O material completo, com a grava\u00e7\u00e3o da m\u00fasica, a letra e a cifra, ser\u00e1 disponibilizado pela Prefeitura para ampla divulga\u00e7\u00e3o e utiliza\u00e7\u00e3o, reservados todos os direitos autorais e vedado o uso para fins lucrativos.<\/span><\/p>\n<p class=\"v1MsoNormal\"><span style=\"font-family: arial, sans-serif\"><em>&#8220;A hist\u00f3ria de nossa cidade se cruza com a de grandes artistas, que, ao longo dos anos, valorizaram a identidade local e perpetuaram o nome de Ol\u00edmpia no cen\u00e1rio cultural. Foi assim tamb\u00e9m com nossos queridos e saudosos Professor Wad\u00e3o e Decinho, que sempre ajudaram a cidade a construir seu patrim\u00f4nio hist\u00f3rico, art\u00edstico e cultural. Por isso, em respeito ao legado, de muito trabalho e amor, com a nossa cultura e o Festival do Folclore essa homenagem \u00e9 mais que justa. Uma m\u00fasica que foi escrita h\u00e1 anos e, em 2017, ganhou vida na abertura do 53\u00ba FEFOL e que agora vamos manter ainda mais viva como Hino Oficial da nossa festa maior&#8221;<\/em>, destacou o prefeito Fernando Cunha.<\/span><\/p>\n<p><strong>VEJA TAMB\u00c9M:\u00a0<a href=\"https:\/\/redenoticiaz.com.br\/barretos-regiao\/sp\/2022\/07\/06\/58o-festival-do-folclore-de-olimpia-divulga-preparativos\">58\u00ba Festival do Folclore de Ol\u00edmpia divulga preparativos<\/a><\/strong><\/p>\n","protected":false},"excerpt":{"rendered":"<p>O Festival do Folclore da Est\u00e2ncia Tur\u00edstica de Ol\u00edmpia agora conta com um Hino Oficial que retrata a representatividade da festa e da cidade para a preserva\u00e7\u00e3o da cultura popular brasileira. Trata-se da m\u00fasica &#8220;Festa de Um Povo&#8221;, de composi\u00e7\u00e3o dos olimpienses\u00a0in memoriam\u00a0Edward Marques da Silva (Professor Wad\u00e3o) e D\u00e9cio Luiz Eduardo Pereira (Decinho Pereira), &hellip;<\/p>\n","protected":false},"author":15,"featured_media":88052,"comment_status":"open","ping_status":"closed","sticky":false,"template":"","format":"standard","meta":{"footnotes":""},"categories":[815],"tags":[18282,18824,18823,18488,8442],"class_list":["post-88050","post","type-post","status-publish","format-standard","has-post-thumbnail","hentry","category-cultura-e-musica","tag-artistas","tag-clipe","tag-festa-de-um-povo","tag-festival-do-folclore","tag-musica"],"yoast_head":"<!-- This site is optimized with the Yoast SEO plugin v27.4 - https:\/\/yoast.com\/product\/yoast-seo-wordpress\/ -->\n<title>Assista ao clipe da m\u00fasica \u201cFesta de Um Povo\u201d hino oficial do Festival do Folclore - Ribeir\u00e3o Preto e Regi\u00e3o<\/title>\n<meta name=\"description\" content=\"O Festival do Folclore da Est\u00e2ncia Tur\u00edstica de Ol\u00edmpia agora conta com um Hino Oficial que retrata a representatividade da festa.\" \/>\n<meta name=\"robots\" content=\"index, follow, max-snippet:-1, max-image-preview:large, max-video-preview:-1\" \/>\n<link rel=\"canonical\" href=\"https:\/\/redenoticiaz.com.br\/ribeiraopreto-regiao\/sp\/2022\/07\/14\/assista-ao-clipe-da-musica-festa-de-um-povo-hino-oficial-do-festival-do-folclore\" \/>\n<meta property=\"og:locale\" content=\"pt_BR\" \/>\n<meta property=\"og:type\" content=\"article\" \/>\n<meta property=\"og:title\" content=\"Assista ao clipe da m\u00fasica \u201cFesta de Um Povo\u201d hino oficial do Festival do Folclore - Ribeir\u00e3o Preto e Regi\u00e3o\" \/>\n<meta property=\"og:description\" content=\"O Festival do Folclore da Est\u00e2ncia Tur\u00edstica de Ol\u00edmpia agora conta com um Hino Oficial que retrata a representatividade da festa.\" \/>\n<meta property=\"og:url\" content=\"https:\/\/redenoticiaz.com.br\/ribeiraopreto-regiao\/sp\/2022\/07\/14\/assista-ao-clipe-da-musica-festa-de-um-povo-hino-oficial-do-festival-do-folclore\" \/>\n<meta property=\"og:site_name\" content=\"Ribeir\u00e3o Preto e Regi\u00e3o\" \/>\n<meta property=\"article:publisher\" content=\"https:\/\/m.facebook.com\/redenoticiaz.barretos\" \/>\n<meta property=\"article:published_time\" content=\"2022-07-14T21:03:09+00:00\" \/>\n<meta property=\"og:image\" content=\"https:\/\/redenoticiaz.com.br\/ribeiraopreto-regiao\/wp-content\/uploads\/sites\/4\/2022\/07\/Festival-do-Folclore-de-Olimpia-2019.jpg\" \/>\n\t<meta property=\"og:image:width\" content=\"1503\" \/>\n\t<meta property=\"og:image:height\" content=\"941\" \/>\n\t<meta property=\"og:image:type\" content=\"image\/jpeg\" \/>\n<meta name=\"twitter:card\" content=\"summary_large_image\" \/>\n<meta name=\"twitter:creator\" content=\"@RN_barretos\" \/>\n<meta name=\"twitter:site\" content=\"@RN_barretos\" \/>\n<meta name=\"twitter:label1\" content=\"Escrito por\" \/>\n\t<meta name=\"twitter:data1\" content=\"\" \/>\n\t<meta name=\"twitter:label2\" content=\"Est. tempo de leitura\" \/>\n\t<meta name=\"twitter:data2\" content=\"3 minutos\" \/>\n<script type=\"application\/ld+json\" class=\"yoast-schema-graph\">{\"@context\":\"https:\\\/\\\/schema.org\",\"@graph\":[{\"@type\":\"Article\",\"@id\":\"https:\\\/\\\/redenoticiaz.com.br\\\/ribeiraopreto-regiao\\\/sp\\\/2022\\\/07\\\/14\\\/assista-ao-clipe-da-musica-festa-de-um-povo-hino-oficial-do-festival-do-folclore#article\",\"isPartOf\":{\"@id\":\"https:\\\/\\\/redenoticiaz.com.br\\\/ribeiraopreto-regiao\\\/sp\\\/2022\\\/07\\\/14\\\/assista-ao-clipe-da-musica-festa-de-um-povo-hino-oficial-do-festival-do-folclore\"},\"author\":{\"name\":\"\",\"@id\":\"\"},\"headline\":\"Assista ao clipe da m\u00fasica \u201cFesta de Um Povo\u201d hino oficial do Festival do Folclore\",\"datePublished\":\"2022-07-14T21:03:09+00:00\",\"mainEntityOfPage\":{\"@id\":\"https:\\\/\\\/redenoticiaz.com.br\\\/ribeiraopreto-regiao\\\/sp\\\/2022\\\/07\\\/14\\\/assista-ao-clipe-da-musica-festa-de-um-povo-hino-oficial-do-festival-do-folclore\"},\"wordCount\":510,\"commentCount\":0,\"publisher\":{\"@id\":\"https:\\\/\\\/redenoticiaz.com.br\\\/ribeiraopreto-regiao\\\/#organization\"},\"image\":{\"@id\":\"https:\\\/\\\/redenoticiaz.com.br\\\/ribeiraopreto-regiao\\\/sp\\\/2022\\\/07\\\/14\\\/assista-ao-clipe-da-musica-festa-de-um-povo-hino-oficial-do-festival-do-folclore#primaryimage\"},\"thumbnailUrl\":\"https:\\\/\\\/redenoticiaz.com.br\\\/ribeiraopreto-regiao\\\/wp-content\\\/uploads\\\/sites\\\/4\\\/2022\\\/07\\\/Festival-do-Folclore-de-Olimpia-2019.jpg\",\"keywords\":[\"ARTISTAS\",\"clipe\",\"FESTA DE UM POVO\",\"FESTIVAL DO FOLCLORE\",\"M\u00daSICA\"],\"articleSection\":[\"Cultura e M\u00fasica\"],\"inLanguage\":\"pt-BR\",\"potentialAction\":[{\"@type\":\"CommentAction\",\"name\":\"Comment\",\"target\":[\"https:\\\/\\\/redenoticiaz.com.br\\\/ribeiraopreto-regiao\\\/sp\\\/2022\\\/07\\\/14\\\/assista-ao-clipe-da-musica-festa-de-um-povo-hino-oficial-do-festival-do-folclore#respond\"]}]},{\"@type\":\"WebPage\",\"@id\":\"https:\\\/\\\/redenoticiaz.com.br\\\/ribeiraopreto-regiao\\\/sp\\\/2022\\\/07\\\/14\\\/assista-ao-clipe-da-musica-festa-de-um-povo-hino-oficial-do-festival-do-folclore\",\"url\":\"https:\\\/\\\/redenoticiaz.com.br\\\/ribeiraopreto-regiao\\\/sp\\\/2022\\\/07\\\/14\\\/assista-ao-clipe-da-musica-festa-de-um-povo-hino-oficial-do-festival-do-folclore\",\"name\":\"Assista ao clipe da m\u00fasica \u201cFesta de Um Povo\u201d hino oficial do Festival do Folclore - Ribeir\u00e3o Preto e Regi\u00e3o\",\"isPartOf\":{\"@id\":\"https:\\\/\\\/redenoticiaz.com.br\\\/ribeiraopreto-regiao\\\/#website\"},\"primaryImageOfPage\":{\"@id\":\"https:\\\/\\\/redenoticiaz.com.br\\\/ribeiraopreto-regiao\\\/sp\\\/2022\\\/07\\\/14\\\/assista-ao-clipe-da-musica-festa-de-um-povo-hino-oficial-do-festival-do-folclore#primaryimage\"},\"image\":{\"@id\":\"https:\\\/\\\/redenoticiaz.com.br\\\/ribeiraopreto-regiao\\\/sp\\\/2022\\\/07\\\/14\\\/assista-ao-clipe-da-musica-festa-de-um-povo-hino-oficial-do-festival-do-folclore#primaryimage\"},\"thumbnailUrl\":\"https:\\\/\\\/redenoticiaz.com.br\\\/ribeiraopreto-regiao\\\/wp-content\\\/uploads\\\/sites\\\/4\\\/2022\\\/07\\\/Festival-do-Folclore-de-Olimpia-2019.jpg\",\"datePublished\":\"2022-07-14T21:03:09+00:00\",\"description\":\"O Festival do Folclore da Est\u00e2ncia Tur\u00edstica de Ol\u00edmpia agora conta com um Hino Oficial que retrata a representatividade da festa.\",\"inLanguage\":\"pt-BR\",\"potentialAction\":[{\"@type\":\"ReadAction\",\"target\":[\"https:\\\/\\\/redenoticiaz.com.br\\\/ribeiraopreto-regiao\\\/sp\\\/2022\\\/07\\\/14\\\/assista-ao-clipe-da-musica-festa-de-um-povo-hino-oficial-do-festival-do-folclore\"]}]},{\"@type\":\"ImageObject\",\"inLanguage\":\"pt-BR\",\"@id\":\"https:\\\/\\\/redenoticiaz.com.br\\\/ribeiraopreto-regiao\\\/sp\\\/2022\\\/07\\\/14\\\/assista-ao-clipe-da-musica-festa-de-um-povo-hino-oficial-do-festival-do-folclore#primaryimage\",\"url\":\"https:\\\/\\\/redenoticiaz.com.br\\\/ribeiraopreto-regiao\\\/wp-content\\\/uploads\\\/sites\\\/4\\\/2022\\\/07\\\/Festival-do-Folclore-de-Olimpia-2019.jpg\",\"contentUrl\":\"https:\\\/\\\/redenoticiaz.com.br\\\/ribeiraopreto-regiao\\\/wp-content\\\/uploads\\\/sites\\\/4\\\/2022\\\/07\\\/Festival-do-Folclore-de-Olimpia-2019.jpg\",\"width\":1503,\"height\":941,\"caption\":\"Hino Oficial da Festa do Folclore. Cr\u00e9dito: Divulga\u00e7\u00e3o\"},{\"@type\":\"WebSite\",\"@id\":\"https:\\\/\\\/redenoticiaz.com.br\\\/ribeiraopreto-regiao\\\/#website\",\"url\":\"https:\\\/\\\/redenoticiaz.com.br\\\/ribeiraopreto-regiao\\\/\",\"name\":\"Ribeir\u00e3o Preto e Regi\u00e3o\",\"description\":\"Rede NoticiaZ - Ribeir\u00e3o Preto e regi\u00e3o\",\"publisher\":{\"@id\":\"https:\\\/\\\/redenoticiaz.com.br\\\/ribeiraopreto-regiao\\\/#organization\"},\"potentialAction\":[{\"@type\":\"SearchAction\",\"target\":{\"@type\":\"EntryPoint\",\"urlTemplate\":\"https:\\\/\\\/redenoticiaz.com.br\\\/ribeiraopreto-regiao\\\/?s={search_term_string}\"},\"query-input\":{\"@type\":\"PropertyValueSpecification\",\"valueRequired\":true,\"valueName\":\"search_term_string\"}}],\"inLanguage\":\"pt-BR\"},{\"@type\":\"Organization\",\"@id\":\"https:\\\/\\\/redenoticiaz.com.br\\\/ribeiraopreto-regiao\\\/#organization\",\"name\":\"Ribeir\u00e3o Preto e Regi\u00e3o\",\"url\":\"https:\\\/\\\/redenoticiaz.com.br\\\/ribeiraopreto-regiao\\\/\",\"logo\":{\"@type\":\"ImageObject\",\"inLanguage\":\"pt-BR\",\"@id\":\"https:\\\/\\\/redenoticiaz.com.br\\\/ribeiraopreto-regiao\\\/#\\\/schema\\\/logo\\\/image\\\/\",\"url\":\"https:\\\/\\\/redenoticiaz.com.br\\\/barretos-regiao\\\/wp-content\\\/uploads\\\/sites\\\/4\\\/2022\\\/02\\\/logo.jpg\",\"contentUrl\":\"https:\\\/\\\/redenoticiaz.com.br\\\/barretos-regiao\\\/wp-content\\\/uploads\\\/sites\\\/4\\\/2022\\\/02\\\/logo.jpg\",\"width\":400,\"height\":250,\"caption\":\"Ribeir\u00e3o Preto e Regi\u00e3o\"},\"image\":{\"@id\":\"https:\\\/\\\/redenoticiaz.com.br\\\/ribeiraopreto-regiao\\\/#\\\/schema\\\/logo\\\/image\\\/\"},\"sameAs\":[\"https:\\\/\\\/m.facebook.com\\\/redenoticiaz.barretos\",\"https:\\\/\\\/x.com\\\/RN_barretos\",\"https:\\\/\\\/www.instagram.com\\\/redenoticiaz.barretos\\\/?igshid=YmMyMTA2M2Y\",\"https:\\\/\\\/www.linkedin.com\\\/company\\\/rede-noticiaz-barretos-e-regio\\\/\"]},{\"@type\":\"Person\",\"@id\":\"\",\"url\":\"https:\\\/\\\/redenoticiaz.com.br\\\/ribeiraopreto-regiao\\\/sp\\\/author\"}]}<\/script>\n<!-- \/ Yoast SEO plugin. -->","yoast_head_json":{"title":"Assista ao clipe da m\u00fasica \u201cFesta de Um Povo\u201d hino oficial do Festival do Folclore - Ribeir\u00e3o Preto e Regi\u00e3o","description":"O Festival do Folclore da Est\u00e2ncia Tur\u00edstica de Ol\u00edmpia agora conta com um Hino Oficial que retrata a representatividade da festa.","robots":{"index":"index","follow":"follow","max-snippet":"max-snippet:-1","max-image-preview":"max-image-preview:large","max-video-preview":"max-video-preview:-1"},"canonical":"https:\/\/redenoticiaz.com.br\/ribeiraopreto-regiao\/sp\/2022\/07\/14\/assista-ao-clipe-da-musica-festa-de-um-povo-hino-oficial-do-festival-do-folclore","og_locale":"pt_BR","og_type":"article","og_title":"Assista ao clipe da m\u00fasica \u201cFesta de Um Povo\u201d hino oficial do Festival do Folclore - Ribeir\u00e3o Preto e Regi\u00e3o","og_description":"O Festival do Folclore da Est\u00e2ncia Tur\u00edstica de Ol\u00edmpia agora conta com um Hino Oficial que retrata a representatividade da festa.","og_url":"https:\/\/redenoticiaz.com.br\/ribeiraopreto-regiao\/sp\/2022\/07\/14\/assista-ao-clipe-da-musica-festa-de-um-povo-hino-oficial-do-festival-do-folclore","og_site_name":"Ribeir\u00e3o Preto e Regi\u00e3o","article_publisher":"https:\/\/m.facebook.com\/redenoticiaz.barretos","article_published_time":"2022-07-14T21:03:09+00:00","og_image":[{"width":1503,"height":941,"url":"https:\/\/redenoticiaz.com.br\/ribeiraopreto-regiao\/wp-content\/uploads\/sites\/4\/2022\/07\/Festival-do-Folclore-de-Olimpia-2019.jpg","type":"image\/jpeg"}],"twitter_card":"summary_large_image","twitter_creator":"@RN_barretos","twitter_site":"@RN_barretos","twitter_misc":{"Escrito por":"","Est. tempo de leitura":"3 minutos"},"schema":{"@context":"https:\/\/schema.org","@graph":[{"@type":"Article","@id":"https:\/\/redenoticiaz.com.br\/ribeiraopreto-regiao\/sp\/2022\/07\/14\/assista-ao-clipe-da-musica-festa-de-um-povo-hino-oficial-do-festival-do-folclore#article","isPartOf":{"@id":"https:\/\/redenoticiaz.com.br\/ribeiraopreto-regiao\/sp\/2022\/07\/14\/assista-ao-clipe-da-musica-festa-de-um-povo-hino-oficial-do-festival-do-folclore"},"author":{"name":"","@id":""},"headline":"Assista ao clipe da m\u00fasica \u201cFesta de Um Povo\u201d hino oficial do Festival do Folclore","datePublished":"2022-07-14T21:03:09+00:00","mainEntityOfPage":{"@id":"https:\/\/redenoticiaz.com.br\/ribeiraopreto-regiao\/sp\/2022\/07\/14\/assista-ao-clipe-da-musica-festa-de-um-povo-hino-oficial-do-festival-do-folclore"},"wordCount":510,"commentCount":0,"publisher":{"@id":"https:\/\/redenoticiaz.com.br\/ribeiraopreto-regiao\/#organization"},"image":{"@id":"https:\/\/redenoticiaz.com.br\/ribeiraopreto-regiao\/sp\/2022\/07\/14\/assista-ao-clipe-da-musica-festa-de-um-povo-hino-oficial-do-festival-do-folclore#primaryimage"},"thumbnailUrl":"https:\/\/redenoticiaz.com.br\/ribeiraopreto-regiao\/wp-content\/uploads\/sites\/4\/2022\/07\/Festival-do-Folclore-de-Olimpia-2019.jpg","keywords":["ARTISTAS","clipe","FESTA DE UM POVO","FESTIVAL DO FOLCLORE","M\u00daSICA"],"articleSection":["Cultura e M\u00fasica"],"inLanguage":"pt-BR","potentialAction":[{"@type":"CommentAction","name":"Comment","target":["https:\/\/redenoticiaz.com.br\/ribeiraopreto-regiao\/sp\/2022\/07\/14\/assista-ao-clipe-da-musica-festa-de-um-povo-hino-oficial-do-festival-do-folclore#respond"]}]},{"@type":"WebPage","@id":"https:\/\/redenoticiaz.com.br\/ribeiraopreto-regiao\/sp\/2022\/07\/14\/assista-ao-clipe-da-musica-festa-de-um-povo-hino-oficial-do-festival-do-folclore","url":"https:\/\/redenoticiaz.com.br\/ribeiraopreto-regiao\/sp\/2022\/07\/14\/assista-ao-clipe-da-musica-festa-de-um-povo-hino-oficial-do-festival-do-folclore","name":"Assista ao clipe da m\u00fasica \u201cFesta de Um Povo\u201d hino oficial do Festival do Folclore - Ribeir\u00e3o Preto e Regi\u00e3o","isPartOf":{"@id":"https:\/\/redenoticiaz.com.br\/ribeiraopreto-regiao\/#website"},"primaryImageOfPage":{"@id":"https:\/\/redenoticiaz.com.br\/ribeiraopreto-regiao\/sp\/2022\/07\/14\/assista-ao-clipe-da-musica-festa-de-um-povo-hino-oficial-do-festival-do-folclore#primaryimage"},"image":{"@id":"https:\/\/redenoticiaz.com.br\/ribeiraopreto-regiao\/sp\/2022\/07\/14\/assista-ao-clipe-da-musica-festa-de-um-povo-hino-oficial-do-festival-do-folclore#primaryimage"},"thumbnailUrl":"https:\/\/redenoticiaz.com.br\/ribeiraopreto-regiao\/wp-content\/uploads\/sites\/4\/2022\/07\/Festival-do-Folclore-de-Olimpia-2019.jpg","datePublished":"2022-07-14T21:03:09+00:00","description":"O Festival do Folclore da Est\u00e2ncia Tur\u00edstica de Ol\u00edmpia agora conta com um Hino Oficial que retrata a representatividade da festa.","inLanguage":"pt-BR","potentialAction":[{"@type":"ReadAction","target":["https:\/\/redenoticiaz.com.br\/ribeiraopreto-regiao\/sp\/2022\/07\/14\/assista-ao-clipe-da-musica-festa-de-um-povo-hino-oficial-do-festival-do-folclore"]}]},{"@type":"ImageObject","inLanguage":"pt-BR","@id":"https:\/\/redenoticiaz.com.br\/ribeiraopreto-regiao\/sp\/2022\/07\/14\/assista-ao-clipe-da-musica-festa-de-um-povo-hino-oficial-do-festival-do-folclore#primaryimage","url":"https:\/\/redenoticiaz.com.br\/ribeiraopreto-regiao\/wp-content\/uploads\/sites\/4\/2022\/07\/Festival-do-Folclore-de-Olimpia-2019.jpg","contentUrl":"https:\/\/redenoticiaz.com.br\/ribeiraopreto-regiao\/wp-content\/uploads\/sites\/4\/2022\/07\/Festival-do-Folclore-de-Olimpia-2019.jpg","width":1503,"height":941,"caption":"Hino Oficial da Festa do Folclore. Cr\u00e9dito: Divulga\u00e7\u00e3o"},{"@type":"WebSite","@id":"https:\/\/redenoticiaz.com.br\/ribeiraopreto-regiao\/#website","url":"https:\/\/redenoticiaz.com.br\/ribeiraopreto-regiao\/","name":"Ribeir\u00e3o Preto e Regi\u00e3o","description":"Rede NoticiaZ - Ribeir\u00e3o Preto e regi\u00e3o","publisher":{"@id":"https:\/\/redenoticiaz.com.br\/ribeiraopreto-regiao\/#organization"},"potentialAction":[{"@type":"SearchAction","target":{"@type":"EntryPoint","urlTemplate":"https:\/\/redenoticiaz.com.br\/ribeiraopreto-regiao\/?s={search_term_string}"},"query-input":{"@type":"PropertyValueSpecification","valueRequired":true,"valueName":"search_term_string"}}],"inLanguage":"pt-BR"},{"@type":"Organization","@id":"https:\/\/redenoticiaz.com.br\/ribeiraopreto-regiao\/#organization","name":"Ribeir\u00e3o Preto e Regi\u00e3o","url":"https:\/\/redenoticiaz.com.br\/ribeiraopreto-regiao\/","logo":{"@type":"ImageObject","inLanguage":"pt-BR","@id":"https:\/\/redenoticiaz.com.br\/ribeiraopreto-regiao\/#\/schema\/logo\/image\/","url":"https:\/\/redenoticiaz.com.br\/barretos-regiao\/wp-content\/uploads\/sites\/4\/2022\/02\/logo.jpg","contentUrl":"https:\/\/redenoticiaz.com.br\/barretos-regiao\/wp-content\/uploads\/sites\/4\/2022\/02\/logo.jpg","width":400,"height":250,"caption":"Ribeir\u00e3o Preto e Regi\u00e3o"},"image":{"@id":"https:\/\/redenoticiaz.com.br\/ribeiraopreto-regiao\/#\/schema\/logo\/image\/"},"sameAs":["https:\/\/m.facebook.com\/redenoticiaz.barretos","https:\/\/x.com\/RN_barretos","https:\/\/www.instagram.com\/redenoticiaz.barretos\/?igshid=YmMyMTA2M2Y","https:\/\/www.linkedin.com\/company\/rede-noticiaz-barretos-e-regio\/"]},{"@type":"Person","@id":"","url":"https:\/\/redenoticiaz.com.br\/ribeiraopreto-regiao\/sp\/author"}]}},"_links":{"self":[{"href":"https:\/\/redenoticiaz.com.br\/ribeiraopreto-regiao\/wp-json\/wp\/v2\/posts\/88050","targetHints":{"allow":["GET"]}}],"collection":[{"href":"https:\/\/redenoticiaz.com.br\/ribeiraopreto-regiao\/wp-json\/wp\/v2\/posts"}],"about":[{"href":"https:\/\/redenoticiaz.com.br\/ribeiraopreto-regiao\/wp-json\/wp\/v2\/types\/post"}],"author":[{"embeddable":true,"href":"https:\/\/redenoticiaz.com.br\/ribeiraopreto-regiao\/wp-json\/wp\/v2\/users\/15"}],"replies":[{"embeddable":true,"href":"https:\/\/redenoticiaz.com.br\/ribeiraopreto-regiao\/wp-json\/wp\/v2\/comments?post=88050"}],"version-history":[{"count":2,"href":"https:\/\/redenoticiaz.com.br\/ribeiraopreto-regiao\/wp-json\/wp\/v2\/posts\/88050\/revisions"}],"predecessor-version":[{"id":88062,"href":"https:\/\/redenoticiaz.com.br\/ribeiraopreto-regiao\/wp-json\/wp\/v2\/posts\/88050\/revisions\/88062"}],"wp:featuredmedia":[{"embeddable":true,"href":"https:\/\/redenoticiaz.com.br\/ribeiraopreto-regiao\/wp-json\/wp\/v2\/media\/88052"}],"wp:attachment":[{"href":"https:\/\/redenoticiaz.com.br\/ribeiraopreto-regiao\/wp-json\/wp\/v2\/media?parent=88050"}],"wp:term":[{"taxonomy":"category","embeddable":true,"href":"https:\/\/redenoticiaz.com.br\/ribeiraopreto-regiao\/wp-json\/wp\/v2\/categories?post=88050"},{"taxonomy":"post_tag","embeddable":true,"href":"https:\/\/redenoticiaz.com.br\/ribeiraopreto-regiao\/wp-json\/wp\/v2\/tags?post=88050"}],"curies":[{"name":"wp","href":"https:\/\/api.w.org\/{rel}","templated":true}]}}