{"id":88089,"date":"2022-07-15T07:35:05","date_gmt":"2022-07-15T10:35:05","guid":{"rendered":"https:\/\/redenoticiaz.com.br\/barretos-regiao\/sp\/2022\/07\/15\/sao-paulo-bate-o-palmeiras-nos-penaltis-e-avanca-para-as-quartas-de-final-da-copa-do-brasil"},"modified":"2022-07-15T07:35:05","modified_gmt":"2022-07-15T10:35:05","slug":"sao-paulo-bate-o-palmeiras-nos-penaltis-e-avanca-para-as-quartas-de-final-da-copa-do-brasil","status":"publish","type":"post","link":"https:\/\/redenoticiaz.com.br\/ribeiraopreto-regiao\/sp\/2022\/07\/15\/sao-paulo-bate-o-palmeiras-nos-penaltis-e-avanca-para-as-quartas-de-final-da-copa-do-brasil","title":{"rendered":"S\u00e3o Paulo bate o Palmeiras nos p\u00eanaltis e avan\u00e7a para as quartas de final da Copa do Brasil"},"content":{"rendered":"<p>O sonho do t\u00edtulo in\u00e9dito da <a href=\"https:\/\/www.cbf.com.br\/\">Copa do Brasil<\/a> continua muito vivo para o <strong>S\u00e3o Paulo<\/strong>. Nessa quinta-feira (14), o Tricolor passou pelo <strong>Palmeiras<\/strong> nos p\u00eanaltis ap\u00f3s derrota no tempo normal por 2 a 1 no Allianz Parque. O goleiro <strong>Jandrei<\/strong> foi o cara nas penalidades ao defender duas cobran\u00e7as.<\/p>\n<p>Precisando reverter o 1 a 0 sofrido no jogo de ida, a equipe de Abel Ferreira saiu para o ataque e parecia que o roteiro da final do Campeonato Paulista se repetiria. Na ocasi\u00e3o, o Verd\u00e3o massacrou o S\u00e3o Paulo por 4 a 0, ficando com o t\u00edtulo. Em 12 minutos j\u00e1 estava 2 a 0 para o Palmeiras. O primeiro gol foi aos nove minutos, com Piquerez, ap\u00f3s erro de Welington, passe de Gustavo Scarpa e assist\u00eancia de Veron. J\u00e1 o segundo saiu tr\u00eas minutos depois, em grande jogada de Dudu, passando em diagonal pela marca\u00e7\u00e3o, e finaliza\u00e7\u00e3o precisa de Raphael Veiga.<\/p>\n<p>O S\u00e3o Paulo, desnorteado, levou mais alguns minutos para entender o que acontecia. Mas conseguiu se recuperar a tempo e passou a criar chances de gol. Uma delas com Calleri, que chutou e Weverton fez defesa tranquila. A melhor chance s\u00e3o-paulina aconteceu com Calleri, que aproveitou a sobra e a bola passou perto da trave.<\/p>\n<h3>Tricolor vivo<\/h3>\n<p>Na etapa final, os dois times resolveram sair para o jogo. Enquanto o Palmeiras tentava liquidar a classifica\u00e7\u00e3o, o S\u00e3o Paulo buscava se manter vivo na disputa. Wellington e Luciano arriscaram, mas sem sucesso. Veron teve boa chance e poor pouco n\u00e3o fez 3 a 0. Outra bela chance palmeirense veio aos 16, quando Dudu chutou e a bola foi no bra\u00e7o de Calleri. Por meio do VAR, o p\u00eanalti foi marcado. Raphael Veiga foi para a cobran\u00e7a, gerando esperan\u00e7a de que o gol acontecesse. Mas&#8230; errou.<\/p>\n<p>A\u00ed o castigo aconteceu momentos depois. Calleri caiu na \u00e1rea ao ser derrubado. Novamente o VAR foi acionado e confirmou a penalidade. Luciano, ao contr\u00e1rio de Raphael Veiga, bateu e fez o gol para o Tricolor.<\/p>\n<p>A partida ficou viva, com chances de gol de lado a lado. Calleri bateu colocado, para fora; o Palmeiras respondeu com chutes muito perigosos de Dudu e Scarpa, ambos muito bem defendidos por Jandrei. Com o passar do tempo, as equipes foram perdendo o \u00edmpeto, conscientes de que se aproximavam os p\u00eanaltis. E foi o que aconteceu.<\/p>\n<h3>Jandrei her\u00f3i<\/h3>\n<figure id=\"attachment_88091\" aria-describedby=\"caption-attachment-88091\" style=\"width: 390px\" class=\"wp-caption alignleft\"><img loading=\"lazy\" decoding=\"async\" class=\"size-medium wp-image-88091\" src=\"https:\/\/redenoticiaz.com.br\/barretos-regiao\/wp-content\/uploads\/sites\/4\/2022\/07\/JANDREI-390x195.jpeg\" alt=\"\" width=\"390\" height=\"195\" \/><figcaption id=\"caption-attachment-88091\" class=\"wp-caption-text\">Jandrei foi um dos her\u00f3is tricolores. Cr\u00e9ditos: Divulga\u00e7\u00e3o\/AGIF<\/figcaption><\/figure>\n<p>Raphael Veiga e Luciano erraram as duas primeiras cobran\u00e7as. Ambas foram defendidas pelos goleiros. Na sequ\u00eancia, Gustavo Scarpa fez para o Palmeiras, e Calleri marcou para o S\u00e3o Paulo. Gustavo G\u00f3mez e Nik\u00e3o acertaram as batidas seguintes e mantiveram a disputa empatada.<\/p>\n<p>O mesmo aconteceu com as cobran\u00e7as de Piquerez e Igor Vin\u00edcius. Na s\u00e9rie final, Wesley parou em Jandrei, e Igor Gomes converteu para colocar o S\u00e3o Paulo nas quartas de final.<\/p>\n<p>Jandrei foi o grande nome da noite no Allianz Parque. No tempo normal, fez defesas importantes, como em chutes de Dudu e Gustavo Scarpa. E foi decisivo nas cobran\u00e7as de p\u00eanaltis. Depois de ver a batida de Raphael Veiga passar sobre o travess\u00e3o no tempo normal, fez duas defesas na s\u00e9rie final: do pr\u00f3prio Veiga e de Wesley.<\/p>\n<p><strong>LEIA TAMB\u00c9M<\/strong><\/p>\n<p><a href=\"https:\/\/redenoticiaz.com.br\/blog\/2022\/07\/14\/santos-da-adeus-a-copa-do-brasil-apos-vitoria-sobre-o-corinthians\">Santos d\u00e1 adeus a Copa do Brasil ap\u00f3s vit\u00f3ria sobre o Corinthians<\/a><\/p>\n","protected":false},"excerpt":{"rendered":"<p>O sonho do t\u00edtulo in\u00e9dito da Copa do Brasil continua muito vivo para o S\u00e3o Paulo. Nessa quinta-feira (14), o Tricolor passou pelo Palmeiras nos p\u00eanaltis ap\u00f3s derrota no tempo normal por 2 a 1 no Allianz Parque. O goleiro Jandrei foi o cara nas penalidades ao defender duas cobran\u00e7as. Precisando reverter o 1 a &hellip;<\/p>\n","protected":false},"author":6,"featured_media":88090,"comment_status":"open","ping_status":"closed","sticky":false,"template":"","format":"standard","meta":{"footnotes":""},"categories":[87],"tags":[8098,17940,156,18840,18317,17109,161,671,3085,18841],"class_list":["post-88089","post","type-post","status-publish","format-standard","has-post-thumbnail","hentry","category-esporte","tag-allianz-parque","tag-choque-rei","tag-copa-do-brasil","tag-jandrei","tag-luciano","tag-oitavas-de-final","tag-palmeiras","tag-sao-paulo-fc","tag-tricolor-classificado","tag-verdao-eliminado"],"yoast_head":"<!-- This site is optimized with the Yoast SEO plugin v27.4 - https:\/\/yoast.com\/product\/yoast-seo-wordpress\/ -->\n<title>S\u00e3o Paulo bate o Palmeiras nos p\u00eanaltis e avan\u00e7a para as quartas de final da Copa do Brasil - Ribeir\u00e3o Preto e Regi\u00e3o<\/title>\n<meta name=\"description\" content=\"O sonho do t\u00edtulo in\u00e9dito da Copa do Brasil continua muito vivo para o S\u00e3o Paulo. Nessa quinta-feira (14), o Tricolor passou pelo Palmeiras nos p\u00eanaltis\" \/>\n<meta name=\"robots\" content=\"index, follow, max-snippet:-1, max-image-preview:large, max-video-preview:-1\" \/>\n<link rel=\"canonical\" href=\"https:\/\/redenoticiaz.com.br\/ribeiraopreto-regiao\/sp\/2022\/07\/15\/sao-paulo-bate-o-palmeiras-nos-penaltis-e-avanca-para-as-quartas-de-final-da-copa-do-brasil\" \/>\n<meta property=\"og:locale\" content=\"pt_BR\" \/>\n<meta property=\"og:type\" content=\"article\" \/>\n<meta property=\"og:title\" content=\"S\u00e3o Paulo bate o Palmeiras nos p\u00eanaltis e avan\u00e7a para as quartas de final da Copa do Brasil - Ribeir\u00e3o Preto e Regi\u00e3o\" \/>\n<meta property=\"og:description\" content=\"O sonho do t\u00edtulo in\u00e9dito da Copa do Brasil continua muito vivo para o S\u00e3o Paulo. Nessa quinta-feira (14), o Tricolor passou pelo Palmeiras nos p\u00eanaltis\" \/>\n<meta property=\"og:url\" content=\"https:\/\/redenoticiaz.com.br\/ribeiraopreto-regiao\/sp\/2022\/07\/15\/sao-paulo-bate-o-palmeiras-nos-penaltis-e-avanca-para-as-quartas-de-final-da-copa-do-brasil\" \/>\n<meta property=\"og:site_name\" content=\"Ribeir\u00e3o Preto e Regi\u00e3o\" \/>\n<meta property=\"article:publisher\" content=\"https:\/\/m.facebook.com\/redenoticiaz.barretos\" \/>\n<meta property=\"article:published_time\" content=\"2022-07-15T10:35:05+00:00\" \/>\n<meta property=\"og:image\" content=\"https:\/\/redenoticiaz.com.br\/ribeiraopreto-regiao\/wp-content\/uploads\/sites\/4\/2022\/07\/WhatsApp-Image-2022-07-18-at-18.28.49-1.jpeg\" \/>\n\t<meta property=\"og:image:width\" content=\"1024\" \/>\n\t<meta property=\"og:image:height\" content=\"768\" \/>\n\t<meta property=\"og:image:type\" content=\"image\/jpeg\" \/>\n<meta name=\"author\" content=\"Leonardo Francisco\" \/>\n<meta name=\"twitter:card\" content=\"summary_large_image\" \/>\n<meta name=\"twitter:creator\" content=\"@RN_barretos\" \/>\n<meta name=\"twitter:site\" content=\"@RN_barretos\" \/>\n<meta name=\"twitter:label1\" content=\"Escrito por\" \/>\n\t<meta name=\"twitter:data1\" content=\"Leonardo Francisco\" \/>\n\t<meta name=\"twitter:label2\" content=\"Est. tempo de leitura\" \/>\n\t<meta name=\"twitter:data2\" content=\"4 minutos\" \/>\n<script type=\"application\/ld+json\" class=\"yoast-schema-graph\">{\"@context\":\"https:\\\/\\\/schema.org\",\"@graph\":[{\"@type\":\"Article\",\"@id\":\"https:\\\/\\\/redenoticiaz.com.br\\\/ribeiraopreto-regiao\\\/sp\\\/2022\\\/07\\\/15\\\/sao-paulo-bate-o-palmeiras-nos-penaltis-e-avanca-para-as-quartas-de-final-da-copa-do-brasil#article\",\"isPartOf\":{\"@id\":\"https:\\\/\\\/redenoticiaz.com.br\\\/ribeiraopreto-regiao\\\/sp\\\/2022\\\/07\\\/15\\\/sao-paulo-bate-o-palmeiras-nos-penaltis-e-avanca-para-as-quartas-de-final-da-copa-do-brasil\"},\"author\":{\"name\":\"Leonardo Francisco\",\"@id\":\"https:\\\/\\\/redenoticiaz.com.br\\\/ribeiraopreto-regiao\\\/#\\\/schema\\\/person\\\/0f0b8a5bdafefe82841e07ae8d81ecb3\"},\"headline\":\"S\u00e3o Paulo bate o Palmeiras nos p\u00eanaltis e avan\u00e7a para as quartas de final da Copa do Brasil\",\"datePublished\":\"2022-07-15T10:35:05+00:00\",\"mainEntityOfPage\":{\"@id\":\"https:\\\/\\\/redenoticiaz.com.br\\\/ribeiraopreto-regiao\\\/sp\\\/2022\\\/07\\\/15\\\/sao-paulo-bate-o-palmeiras-nos-penaltis-e-avanca-para-as-quartas-de-final-da-copa-do-brasil\"},\"wordCount\":608,\"commentCount\":0,\"publisher\":{\"@id\":\"https:\\\/\\\/redenoticiaz.com.br\\\/ribeiraopreto-regiao\\\/#organization\"},\"image\":{\"@id\":\"https:\\\/\\\/redenoticiaz.com.br\\\/ribeiraopreto-regiao\\\/sp\\\/2022\\\/07\\\/15\\\/sao-paulo-bate-o-palmeiras-nos-penaltis-e-avanca-para-as-quartas-de-final-da-copa-do-brasil#primaryimage\"},\"thumbnailUrl\":\"https:\\\/\\\/redenoticiaz.com.br\\\/ribeiraopreto-regiao\\\/wp-content\\\/uploads\\\/sites\\\/4\\\/2022\\\/07\\\/LUCIANO-1.jpeg?v=1657881193\",\"keywords\":[\"ALLIANZ PARQUE\",\"CHOQUE-REI\",\"COPA DO BRASIL\",\"JANDREI\",\"LUCIANO\",\"OITAVAS DE FINAL\",\"Palmeiras\",\"S\u00c3O PAULO FC\",\"TRICOLOR CLASSIFICADO\",\"VERD\u00c3O ELIMINADO\"],\"articleSection\":[\"Esporte\"],\"inLanguage\":\"pt-BR\",\"potentialAction\":[{\"@type\":\"CommentAction\",\"name\":\"Comment\",\"target\":[\"https:\\\/\\\/redenoticiaz.com.br\\\/ribeiraopreto-regiao\\\/sp\\\/2022\\\/07\\\/15\\\/sao-paulo-bate-o-palmeiras-nos-penaltis-e-avanca-para-as-quartas-de-final-da-copa-do-brasil#respond\"]}]},{\"@type\":\"WebPage\",\"@id\":\"https:\\\/\\\/redenoticiaz.com.br\\\/ribeiraopreto-regiao\\\/sp\\\/2022\\\/07\\\/15\\\/sao-paulo-bate-o-palmeiras-nos-penaltis-e-avanca-para-as-quartas-de-final-da-copa-do-brasil\",\"url\":\"https:\\\/\\\/redenoticiaz.com.br\\\/ribeiraopreto-regiao\\\/sp\\\/2022\\\/07\\\/15\\\/sao-paulo-bate-o-palmeiras-nos-penaltis-e-avanca-para-as-quartas-de-final-da-copa-do-brasil\",\"name\":\"S\u00e3o Paulo bate o Palmeiras nos p\u00eanaltis e avan\u00e7a para as quartas de final da Copa do Brasil - Ribeir\u00e3o Preto e Regi\u00e3o\",\"isPartOf\":{\"@id\":\"https:\\\/\\\/redenoticiaz.com.br\\\/ribeiraopreto-regiao\\\/#website\"},\"primaryImageOfPage\":{\"@id\":\"https:\\\/\\\/redenoticiaz.com.br\\\/ribeiraopreto-regiao\\\/sp\\\/2022\\\/07\\\/15\\\/sao-paulo-bate-o-palmeiras-nos-penaltis-e-avanca-para-as-quartas-de-final-da-copa-do-brasil#primaryimage\"},\"image\":{\"@id\":\"https:\\\/\\\/redenoticiaz.com.br\\\/ribeiraopreto-regiao\\\/sp\\\/2022\\\/07\\\/15\\\/sao-paulo-bate-o-palmeiras-nos-penaltis-e-avanca-para-as-quartas-de-final-da-copa-do-brasil#primaryimage\"},\"thumbnailUrl\":\"https:\\\/\\\/redenoticiaz.com.br\\\/ribeiraopreto-regiao\\\/wp-content\\\/uploads\\\/sites\\\/4\\\/2022\\\/07\\\/LUCIANO-1.jpeg?v=1657881193\",\"datePublished\":\"2022-07-15T10:35:05+00:00\",\"description\":\"O sonho do t\u00edtulo in\u00e9dito da Copa do Brasil continua muito vivo para o S\u00e3o Paulo. Nessa quinta-feira (14), o Tricolor passou pelo Palmeiras nos p\u00eanaltis\",\"inLanguage\":\"pt-BR\",\"potentialAction\":[{\"@type\":\"ReadAction\",\"target\":[\"https:\\\/\\\/redenoticiaz.com.br\\\/ribeiraopreto-regiao\\\/sp\\\/2022\\\/07\\\/15\\\/sao-paulo-bate-o-palmeiras-nos-penaltis-e-avanca-para-as-quartas-de-final-da-copa-do-brasil\"]}]},{\"@type\":\"ImageObject\",\"inLanguage\":\"pt-BR\",\"@id\":\"https:\\\/\\\/redenoticiaz.com.br\\\/ribeiraopreto-regiao\\\/sp\\\/2022\\\/07\\\/15\\\/sao-paulo-bate-o-palmeiras-nos-penaltis-e-avanca-para-as-quartas-de-final-da-copa-do-brasil#primaryimage\",\"url\":\"https:\\\/\\\/redenoticiaz.com.br\\\/ribeiraopreto-regiao\\\/wp-content\\\/uploads\\\/sites\\\/4\\\/2022\\\/07\\\/LUCIANO-1.jpeg?v=1657881193\",\"contentUrl\":\"https:\\\/\\\/redenoticiaz.com.br\\\/ribeiraopreto-regiao\\\/wp-content\\\/uploads\\\/sites\\\/4\\\/2022\\\/07\\\/LUCIANO-1.jpeg?v=1657881193\",\"width\":910,\"height\":455,\"caption\":\"O advers\u00e1rio ser\u00e1 conhecido por meio do sorteio. Cr\u00e9ditos: Divulga\u00e7\u00e3o\\\/AGIF\"},{\"@type\":\"WebSite\",\"@id\":\"https:\\\/\\\/redenoticiaz.com.br\\\/ribeiraopreto-regiao\\\/#website\",\"url\":\"https:\\\/\\\/redenoticiaz.com.br\\\/ribeiraopreto-regiao\\\/\",\"name\":\"Ribeir\u00e3o Preto e Regi\u00e3o\",\"description\":\"Rede NoticiaZ - Ribeir\u00e3o Preto e regi\u00e3o\",\"publisher\":{\"@id\":\"https:\\\/\\\/redenoticiaz.com.br\\\/ribeiraopreto-regiao\\\/#organization\"},\"potentialAction\":[{\"@type\":\"SearchAction\",\"target\":{\"@type\":\"EntryPoint\",\"urlTemplate\":\"https:\\\/\\\/redenoticiaz.com.br\\\/ribeiraopreto-regiao\\\/?s={search_term_string}\"},\"query-input\":{\"@type\":\"PropertyValueSpecification\",\"valueRequired\":true,\"valueName\":\"search_term_string\"}}],\"inLanguage\":\"pt-BR\"},{\"@type\":\"Organization\",\"@id\":\"https:\\\/\\\/redenoticiaz.com.br\\\/ribeiraopreto-regiao\\\/#organization\",\"name\":\"Ribeir\u00e3o Preto e Regi\u00e3o\",\"url\":\"https:\\\/\\\/redenoticiaz.com.br\\\/ribeiraopreto-regiao\\\/\",\"logo\":{\"@type\":\"ImageObject\",\"inLanguage\":\"pt-BR\",\"@id\":\"https:\\\/\\\/redenoticiaz.com.br\\\/ribeiraopreto-regiao\\\/#\\\/schema\\\/logo\\\/image\\\/\",\"url\":\"https:\\\/\\\/redenoticiaz.com.br\\\/barretos-regiao\\\/wp-content\\\/uploads\\\/sites\\\/4\\\/2022\\\/02\\\/logo.jpg\",\"contentUrl\":\"https:\\\/\\\/redenoticiaz.com.br\\\/barretos-regiao\\\/wp-content\\\/uploads\\\/sites\\\/4\\\/2022\\\/02\\\/logo.jpg\",\"width\":400,\"height\":250,\"caption\":\"Ribeir\u00e3o Preto e Regi\u00e3o\"},\"image\":{\"@id\":\"https:\\\/\\\/redenoticiaz.com.br\\\/ribeiraopreto-regiao\\\/#\\\/schema\\\/logo\\\/image\\\/\"},\"sameAs\":[\"https:\\\/\\\/m.facebook.com\\\/redenoticiaz.barretos\",\"https:\\\/\\\/x.com\\\/RN_barretos\",\"https:\\\/\\\/www.instagram.com\\\/redenoticiaz.barretos\\\/?igshid=YmMyMTA2M2Y\",\"https:\\\/\\\/www.linkedin.com\\\/company\\\/rede-noticiaz-barretos-e-regio\\\/\"]},{\"@type\":\"Person\",\"@id\":\"https:\\\/\\\/redenoticiaz.com.br\\\/ribeiraopreto-regiao\\\/#\\\/schema\\\/person\\\/0f0b8a5bdafefe82841e07ae8d81ecb3\",\"name\":\"Leonardo Francisco\",\"image\":{\"@type\":\"ImageObject\",\"inLanguage\":\"pt-BR\",\"@id\":\"https:\\\/\\\/secure.gravatar.com\\\/avatar\\\/a7358cb406a99b682ec6df1e77e31ae82e63601f6784e8a3df411d72b37864da?s=96&d=mm&r=g\",\"url\":\"https:\\\/\\\/secure.gravatar.com\\\/avatar\\\/a7358cb406a99b682ec6df1e77e31ae82e63601f6784e8a3df411d72b37864da?s=96&d=mm&r=g\",\"contentUrl\":\"https:\\\/\\\/secure.gravatar.com\\\/avatar\\\/a7358cb406a99b682ec6df1e77e31ae82e63601f6784e8a3df411d72b37864da?s=96&d=mm&r=g\",\"caption\":\"Leonardo Francisco\"},\"url\":\"https:\\\/\\\/redenoticiaz.com.br\\\/ribeiraopreto-regiao\\\/sp\\\/author\\\/leonardo-francisco\"}]}<\/script>\n<!-- \/ Yoast SEO plugin. -->","yoast_head_json":{"title":"S\u00e3o Paulo bate o Palmeiras nos p\u00eanaltis e avan\u00e7a para as quartas de final da Copa do Brasil - Ribeir\u00e3o Preto e Regi\u00e3o","description":"O sonho do t\u00edtulo in\u00e9dito da Copa do Brasil continua muito vivo para o S\u00e3o Paulo. Nessa quinta-feira (14), o Tricolor passou pelo Palmeiras nos p\u00eanaltis","robots":{"index":"index","follow":"follow","max-snippet":"max-snippet:-1","max-image-preview":"max-image-preview:large","max-video-preview":"max-video-preview:-1"},"canonical":"https:\/\/redenoticiaz.com.br\/ribeiraopreto-regiao\/sp\/2022\/07\/15\/sao-paulo-bate-o-palmeiras-nos-penaltis-e-avanca-para-as-quartas-de-final-da-copa-do-brasil","og_locale":"pt_BR","og_type":"article","og_title":"S\u00e3o Paulo bate o Palmeiras nos p\u00eanaltis e avan\u00e7a para as quartas de final da Copa do Brasil - Ribeir\u00e3o Preto e Regi\u00e3o","og_description":"O sonho do t\u00edtulo in\u00e9dito da Copa do Brasil continua muito vivo para o S\u00e3o Paulo. Nessa quinta-feira (14), o Tricolor passou pelo Palmeiras nos p\u00eanaltis","og_url":"https:\/\/redenoticiaz.com.br\/ribeiraopreto-regiao\/sp\/2022\/07\/15\/sao-paulo-bate-o-palmeiras-nos-penaltis-e-avanca-para-as-quartas-de-final-da-copa-do-brasil","og_site_name":"Ribeir\u00e3o Preto e Regi\u00e3o","article_publisher":"https:\/\/m.facebook.com\/redenoticiaz.barretos","article_published_time":"2022-07-15T10:35:05+00:00","og_image":[{"width":1024,"height":768,"url":"https:\/\/redenoticiaz.com.br\/ribeiraopreto-regiao\/wp-content\/uploads\/sites\/4\/2022\/07\/WhatsApp-Image-2022-07-18-at-18.28.49-1.jpeg","type":"image\/jpeg"}],"author":"Leonardo Francisco","twitter_card":"summary_large_image","twitter_creator":"@RN_barretos","twitter_site":"@RN_barretos","twitter_misc":{"Escrito por":"Leonardo Francisco","Est. tempo de leitura":"4 minutos"},"schema":{"@context":"https:\/\/schema.org","@graph":[{"@type":"Article","@id":"https:\/\/redenoticiaz.com.br\/ribeiraopreto-regiao\/sp\/2022\/07\/15\/sao-paulo-bate-o-palmeiras-nos-penaltis-e-avanca-para-as-quartas-de-final-da-copa-do-brasil#article","isPartOf":{"@id":"https:\/\/redenoticiaz.com.br\/ribeiraopreto-regiao\/sp\/2022\/07\/15\/sao-paulo-bate-o-palmeiras-nos-penaltis-e-avanca-para-as-quartas-de-final-da-copa-do-brasil"},"author":{"name":"Leonardo Francisco","@id":"https:\/\/redenoticiaz.com.br\/ribeiraopreto-regiao\/#\/schema\/person\/0f0b8a5bdafefe82841e07ae8d81ecb3"},"headline":"S\u00e3o Paulo bate o Palmeiras nos p\u00eanaltis e avan\u00e7a para as quartas de final da Copa do Brasil","datePublished":"2022-07-15T10:35:05+00:00","mainEntityOfPage":{"@id":"https:\/\/redenoticiaz.com.br\/ribeiraopreto-regiao\/sp\/2022\/07\/15\/sao-paulo-bate-o-palmeiras-nos-penaltis-e-avanca-para-as-quartas-de-final-da-copa-do-brasil"},"wordCount":608,"commentCount":0,"publisher":{"@id":"https:\/\/redenoticiaz.com.br\/ribeiraopreto-regiao\/#organization"},"image":{"@id":"https:\/\/redenoticiaz.com.br\/ribeiraopreto-regiao\/sp\/2022\/07\/15\/sao-paulo-bate-o-palmeiras-nos-penaltis-e-avanca-para-as-quartas-de-final-da-copa-do-brasil#primaryimage"},"thumbnailUrl":"https:\/\/redenoticiaz.com.br\/ribeiraopreto-regiao\/wp-content\/uploads\/sites\/4\/2022\/07\/LUCIANO-1.jpeg?v=1657881193","keywords":["ALLIANZ PARQUE","CHOQUE-REI","COPA DO BRASIL","JANDREI","LUCIANO","OITAVAS DE FINAL","Palmeiras","S\u00c3O PAULO FC","TRICOLOR CLASSIFICADO","VERD\u00c3O ELIMINADO"],"articleSection":["Esporte"],"inLanguage":"pt-BR","potentialAction":[{"@type":"CommentAction","name":"Comment","target":["https:\/\/redenoticiaz.com.br\/ribeiraopreto-regiao\/sp\/2022\/07\/15\/sao-paulo-bate-o-palmeiras-nos-penaltis-e-avanca-para-as-quartas-de-final-da-copa-do-brasil#respond"]}]},{"@type":"WebPage","@id":"https:\/\/redenoticiaz.com.br\/ribeiraopreto-regiao\/sp\/2022\/07\/15\/sao-paulo-bate-o-palmeiras-nos-penaltis-e-avanca-para-as-quartas-de-final-da-copa-do-brasil","url":"https:\/\/redenoticiaz.com.br\/ribeiraopreto-regiao\/sp\/2022\/07\/15\/sao-paulo-bate-o-palmeiras-nos-penaltis-e-avanca-para-as-quartas-de-final-da-copa-do-brasil","name":"S\u00e3o Paulo bate o Palmeiras nos p\u00eanaltis e avan\u00e7a para as quartas de final da Copa do Brasil - Ribeir\u00e3o Preto e Regi\u00e3o","isPartOf":{"@id":"https:\/\/redenoticiaz.com.br\/ribeiraopreto-regiao\/#website"},"primaryImageOfPage":{"@id":"https:\/\/redenoticiaz.com.br\/ribeiraopreto-regiao\/sp\/2022\/07\/15\/sao-paulo-bate-o-palmeiras-nos-penaltis-e-avanca-para-as-quartas-de-final-da-copa-do-brasil#primaryimage"},"image":{"@id":"https:\/\/redenoticiaz.com.br\/ribeiraopreto-regiao\/sp\/2022\/07\/15\/sao-paulo-bate-o-palmeiras-nos-penaltis-e-avanca-para-as-quartas-de-final-da-copa-do-brasil#primaryimage"},"thumbnailUrl":"https:\/\/redenoticiaz.com.br\/ribeiraopreto-regiao\/wp-content\/uploads\/sites\/4\/2022\/07\/LUCIANO-1.jpeg?v=1657881193","datePublished":"2022-07-15T10:35:05+00:00","description":"O sonho do t\u00edtulo in\u00e9dito da Copa do Brasil continua muito vivo para o S\u00e3o Paulo. Nessa quinta-feira (14), o Tricolor passou pelo Palmeiras nos p\u00eanaltis","inLanguage":"pt-BR","potentialAction":[{"@type":"ReadAction","target":["https:\/\/redenoticiaz.com.br\/ribeiraopreto-regiao\/sp\/2022\/07\/15\/sao-paulo-bate-o-palmeiras-nos-penaltis-e-avanca-para-as-quartas-de-final-da-copa-do-brasil"]}]},{"@type":"ImageObject","inLanguage":"pt-BR","@id":"https:\/\/redenoticiaz.com.br\/ribeiraopreto-regiao\/sp\/2022\/07\/15\/sao-paulo-bate-o-palmeiras-nos-penaltis-e-avanca-para-as-quartas-de-final-da-copa-do-brasil#primaryimage","url":"https:\/\/redenoticiaz.com.br\/ribeiraopreto-regiao\/wp-content\/uploads\/sites\/4\/2022\/07\/LUCIANO-1.jpeg?v=1657881193","contentUrl":"https:\/\/redenoticiaz.com.br\/ribeiraopreto-regiao\/wp-content\/uploads\/sites\/4\/2022\/07\/LUCIANO-1.jpeg?v=1657881193","width":910,"height":455,"caption":"O advers\u00e1rio ser\u00e1 conhecido por meio do sorteio. Cr\u00e9ditos: Divulga\u00e7\u00e3o\/AGIF"},{"@type":"WebSite","@id":"https:\/\/redenoticiaz.com.br\/ribeiraopreto-regiao\/#website","url":"https:\/\/redenoticiaz.com.br\/ribeiraopreto-regiao\/","name":"Ribeir\u00e3o Preto e Regi\u00e3o","description":"Rede NoticiaZ - Ribeir\u00e3o Preto e regi\u00e3o","publisher":{"@id":"https:\/\/redenoticiaz.com.br\/ribeiraopreto-regiao\/#organization"},"potentialAction":[{"@type":"SearchAction","target":{"@type":"EntryPoint","urlTemplate":"https:\/\/redenoticiaz.com.br\/ribeiraopreto-regiao\/?s={search_term_string}"},"query-input":{"@type":"PropertyValueSpecification","valueRequired":true,"valueName":"search_term_string"}}],"inLanguage":"pt-BR"},{"@type":"Organization","@id":"https:\/\/redenoticiaz.com.br\/ribeiraopreto-regiao\/#organization","name":"Ribeir\u00e3o Preto e Regi\u00e3o","url":"https:\/\/redenoticiaz.com.br\/ribeiraopreto-regiao\/","logo":{"@type":"ImageObject","inLanguage":"pt-BR","@id":"https:\/\/redenoticiaz.com.br\/ribeiraopreto-regiao\/#\/schema\/logo\/image\/","url":"https:\/\/redenoticiaz.com.br\/barretos-regiao\/wp-content\/uploads\/sites\/4\/2022\/02\/logo.jpg","contentUrl":"https:\/\/redenoticiaz.com.br\/barretos-regiao\/wp-content\/uploads\/sites\/4\/2022\/02\/logo.jpg","width":400,"height":250,"caption":"Ribeir\u00e3o Preto e Regi\u00e3o"},"image":{"@id":"https:\/\/redenoticiaz.com.br\/ribeiraopreto-regiao\/#\/schema\/logo\/image\/"},"sameAs":["https:\/\/m.facebook.com\/redenoticiaz.barretos","https:\/\/x.com\/RN_barretos","https:\/\/www.instagram.com\/redenoticiaz.barretos\/?igshid=YmMyMTA2M2Y","https:\/\/www.linkedin.com\/company\/rede-noticiaz-barretos-e-regio\/"]},{"@type":"Person","@id":"https:\/\/redenoticiaz.com.br\/ribeiraopreto-regiao\/#\/schema\/person\/0f0b8a5bdafefe82841e07ae8d81ecb3","name":"Leonardo Francisco","image":{"@type":"ImageObject","inLanguage":"pt-BR","@id":"https:\/\/secure.gravatar.com\/avatar\/a7358cb406a99b682ec6df1e77e31ae82e63601f6784e8a3df411d72b37864da?s=96&d=mm&r=g","url":"https:\/\/secure.gravatar.com\/avatar\/a7358cb406a99b682ec6df1e77e31ae82e63601f6784e8a3df411d72b37864da?s=96&d=mm&r=g","contentUrl":"https:\/\/secure.gravatar.com\/avatar\/a7358cb406a99b682ec6df1e77e31ae82e63601f6784e8a3df411d72b37864da?s=96&d=mm&r=g","caption":"Leonardo Francisco"},"url":"https:\/\/redenoticiaz.com.br\/ribeiraopreto-regiao\/sp\/author\/leonardo-francisco"}]}},"_links":{"self":[{"href":"https:\/\/redenoticiaz.com.br\/ribeiraopreto-regiao\/wp-json\/wp\/v2\/posts\/88089","targetHints":{"allow":["GET"]}}],"collection":[{"href":"https:\/\/redenoticiaz.com.br\/ribeiraopreto-regiao\/wp-json\/wp\/v2\/posts"}],"about":[{"href":"https:\/\/redenoticiaz.com.br\/ribeiraopreto-regiao\/wp-json\/wp\/v2\/types\/post"}],"author":[{"embeddable":true,"href":"https:\/\/redenoticiaz.com.br\/ribeiraopreto-regiao\/wp-json\/wp\/v2\/users\/6"}],"replies":[{"embeddable":true,"href":"https:\/\/redenoticiaz.com.br\/ribeiraopreto-regiao\/wp-json\/wp\/v2\/comments?post=88089"}],"version-history":[{"count":1,"href":"https:\/\/redenoticiaz.com.br\/ribeiraopreto-regiao\/wp-json\/wp\/v2\/posts\/88089\/revisions"}],"predecessor-version":[{"id":88092,"href":"https:\/\/redenoticiaz.com.br\/ribeiraopreto-regiao\/wp-json\/wp\/v2\/posts\/88089\/revisions\/88092"}],"wp:featuredmedia":[{"embeddable":true,"href":"https:\/\/redenoticiaz.com.br\/ribeiraopreto-regiao\/wp-json\/wp\/v2\/media\/88090"}],"wp:attachment":[{"href":"https:\/\/redenoticiaz.com.br\/ribeiraopreto-regiao\/wp-json\/wp\/v2\/media?parent=88089"}],"wp:term":[{"taxonomy":"category","embeddable":true,"href":"https:\/\/redenoticiaz.com.br\/ribeiraopreto-regiao\/wp-json\/wp\/v2\/categories?post=88089"},{"taxonomy":"post_tag","embeddable":true,"href":"https:\/\/redenoticiaz.com.br\/ribeiraopreto-regiao\/wp-json\/wp\/v2\/tags?post=88089"}],"curies":[{"name":"wp","href":"https:\/\/api.w.org\/{rel}","templated":true}]}}