{"id":88146,"date":"2022-07-15T17:00:47","date_gmt":"2022-07-15T20:00:47","guid":{"rendered":"https:\/\/redenoticiaz.com.br\/barretos-regiao\/sp\/2022\/07\/15\/cidades-paulistas-ganham-ludotecas-para-assistencia-de-vitimas-de-violencia"},"modified":"2022-07-15T17:01:19","modified_gmt":"2022-07-15T20:01:19","slug":"cidades-paulistas-ganham-ludotecas-para-assistencia-de-vitimas-de-violencia","status":"publish","type":"post","link":"https:\/\/redenoticiaz.com.br\/ribeiraopreto-regiao\/sp\/2022\/07\/15\/cidades-paulistas-ganham-ludotecas-para-assistencia-de-vitimas-de-violencia","title":{"rendered":"Cidades paulistas ganham Ludotecas para assist\u00eancia de v\u00edtimas de viol\u00eancia"},"content":{"rendered":"<p>O Instituto Sabin, bra\u00e7o social do Grupo Sabin, anunciou a doa\u00e7\u00e3o de dois novos espa\u00e7o Ludoteca em S\u00e3o Paulo.<\/p>\n<p>Osasco e Franca receberam os ambientes dedicados \u00e0s v\u00edtimas de algum tipo de viol\u00eancia.<\/p>\n<p>Em Osasco, o espa\u00e7o foi criado dentro do Centro de Apoio Psicossocial Infantil de Osasco, o Caps &#8220;Liliane Alves Dias&#8221;, resultado da parceria do Instituto com a Prefeitura Municipal de Osasco e a Secretaria de Sa\u00fade de Osasco.<\/p>\n<p>Em Franca, unidade foi est\u00e1 instalada na Cl\u00ednica de Psicologia, do Centro Universit\u00e1rio Municipal de Franca (uniFacef). No estado de S\u00e3o Paulo j\u00e1 s\u00e3o 12 espa\u00e7os Ludotecas. Em todo o Brasil s\u00e3o 117 ambientes.<\/p>\n<p>Criado em 2008, o projeto consiste em firmar parcerias pelo Brasil para a fubda\u00e7\u00e3o de espa\u00e7os onde s\u00e3o distribu\u00eddos conte\u00fados e materiais pedag\u00f3gicos.<\/p>\n<p>Brinquedos, jogos, livros e recursos l\u00fadicos, far\u00e3o parte do projeto dentro de um ambiente seguro com privacidade adequada para a escuta, oitiva ou acompanhamento terap\u00eautico de crian\u00e7as, adolescentes e fam\u00edlias v\u00edtimas de viol\u00eancia.<\/p>\n<p>Leia mais<\/p>\n<p><a href=\"https:\/\/redenoticiaz.com.br\/blog\/2022\/06\/13\/acoes-de-conscientizacao-sobre-violencia-contra-idosos-serao-realizadas-em-jundiai\">A\u00e7\u00f5es de conscientiza\u00e7\u00e3o sobre viol\u00eancia contra idosos ser\u00e3o realizadas em Jundia\u00ed<\/a><\/p>\n<p>&nbsp;<\/p>\n","protected":false},"excerpt":{"rendered":"<p>O Instituto Sabin, bra\u00e7o social do Grupo Sabin, anunciou a doa\u00e7\u00e3o de dois novos espa\u00e7o Ludoteca em S\u00e3o Paulo. Osasco e Franca receberam os ambientes dedicados \u00e0s v\u00edtimas de algum tipo de viol\u00eancia. Em Osasco, o espa\u00e7o foi criado dentro do Centro de Apoio Psicossocial Infantil de Osasco, o Caps &#8220;Liliane Alves Dias&#8221;, resultado da &hellip;<\/p>\n","protected":false},"author":12,"featured_media":88147,"comment_status":"open","ping_status":"closed","sticky":false,"template":"","format":"standard","meta":{"footnotes":""},"categories":[1],"tags":[488,18868,157],"class_list":["post-88146","post","type-post","status-publish","format-standard","has-post-thumbnail","hentry","category-cidades","tag-estado-de-sao-paulo","tag-ludotecas","tag-sao-paulo"],"yoast_head":"<!-- This site is optimized with the Yoast SEO plugin v27.4 - https:\/\/yoast.com\/product\/yoast-seo-wordpress\/ -->\n<title>Cidades paulistas ganham Ludotecas para assist\u00eancia de v\u00edtimas de viol\u00eancia - Ribeir\u00e3o Preto e Regi\u00e3o<\/title>\n<meta name=\"description\" content=\"Franca e Osasco receberam do Instiuto Sabin, bra\u00e7o social do Grupo Sabin, espa\u00e7os Ludoteca desenolvidos para escuta e oitiva a crian\u00e7as e adolescentes em situa\u00e7\u00e3o de viol\u00eancia\" \/>\n<meta name=\"robots\" content=\"index, follow, max-snippet:-1, max-image-preview:large, max-video-preview:-1\" \/>\n<link rel=\"canonical\" href=\"https:\/\/redenoticiaz.com.br\/ribeiraopreto-regiao\/sp\/2022\/07\/15\/cidades-paulistas-ganham-ludotecas-para-assistencia-de-vitimas-de-violencia\" \/>\n<meta property=\"og:locale\" content=\"pt_BR\" \/>\n<meta property=\"og:type\" content=\"article\" \/>\n<meta property=\"og:title\" content=\"Cidades paulistas ganham Ludotecas para assist\u00eancia de v\u00edtimas de viol\u00eancia - Ribeir\u00e3o Preto e Regi\u00e3o\" \/>\n<meta property=\"og:description\" content=\"Franca e Osasco receberam do Instiuto Sabin, bra\u00e7o social do Grupo Sabin, espa\u00e7os Ludoteca desenolvidos para escuta e oitiva a crian\u00e7as e adolescentes em situa\u00e7\u00e3o de viol\u00eancia\" \/>\n<meta property=\"og:url\" content=\"https:\/\/redenoticiaz.com.br\/ribeiraopreto-regiao\/sp\/2022\/07\/15\/cidades-paulistas-ganham-ludotecas-para-assistencia-de-vitimas-de-violencia\" \/>\n<meta property=\"og:site_name\" content=\"Ribeir\u00e3o Preto e Regi\u00e3o\" \/>\n<meta property=\"article:publisher\" content=\"https:\/\/m.facebook.com\/redenoticiaz.barretos\" \/>\n<meta property=\"article:published_time\" content=\"2022-07-15T20:00:47+00:00\" \/>\n<meta property=\"article:modified_time\" content=\"2022-07-15T20:01:19+00:00\" \/>\n<meta property=\"og:image\" content=\"https:\/\/redenoticiaz.com.br\/ribeiraopreto-regiao\/wp-content\/uploads\/sites\/4\/2022\/07\/83A95344-B59B-428D-8744-103E1320AD53.jpeg?v=1657915171\" \/>\n\t<meta property=\"og:image:width\" content=\"1000\" \/>\n\t<meta property=\"og:image:height\" content=\"563\" \/>\n\t<meta property=\"og:image:type\" content=\"image\/jpeg\" \/>\n<meta name=\"author\" content=\"Gustavo Silva\" \/>\n<meta name=\"twitter:card\" content=\"summary_large_image\" \/>\n<meta name=\"twitter:creator\" content=\"@RN_barretos\" \/>\n<meta name=\"twitter:site\" content=\"@RN_barretos\" \/>\n<meta name=\"twitter:label1\" content=\"Escrito por\" \/>\n\t<meta name=\"twitter:data1\" content=\"Gustavo Silva\" \/>\n\t<meta name=\"twitter:label2\" content=\"Est. tempo de leitura\" \/>\n\t<meta name=\"twitter:data2\" content=\"1 minuto\" \/>\n<script type=\"application\/ld+json\" class=\"yoast-schema-graph\">{\"@context\":\"https:\\\/\\\/schema.org\",\"@graph\":[{\"@type\":\"Article\",\"@id\":\"https:\\\/\\\/redenoticiaz.com.br\\\/ribeiraopreto-regiao\\\/sp\\\/2022\\\/07\\\/15\\\/cidades-paulistas-ganham-ludotecas-para-assistencia-de-vitimas-de-violencia#article\",\"isPartOf\":{\"@id\":\"https:\\\/\\\/redenoticiaz.com.br\\\/ribeiraopreto-regiao\\\/sp\\\/2022\\\/07\\\/15\\\/cidades-paulistas-ganham-ludotecas-para-assistencia-de-vitimas-de-violencia\"},\"author\":{\"name\":\"Gustavo Silva\",\"@id\":\"https:\\\/\\\/redenoticiaz.com.br\\\/ribeiraopreto-regiao\\\/#\\\/schema\\\/person\\\/16057b37a3c0ee6b096d7f887c566e2e\"},\"headline\":\"Cidades paulistas ganham Ludotecas para assist\u00eancia de v\u00edtimas de viol\u00eancia\",\"datePublished\":\"2022-07-15T20:00:47+00:00\",\"dateModified\":\"2022-07-15T20:01:19+00:00\",\"mainEntityOfPage\":{\"@id\":\"https:\\\/\\\/redenoticiaz.com.br\\\/ribeiraopreto-regiao\\\/sp\\\/2022\\\/07\\\/15\\\/cidades-paulistas-ganham-ludotecas-para-assistencia-de-vitimas-de-violencia\"},\"wordCount\":216,\"commentCount\":0,\"publisher\":{\"@id\":\"https:\\\/\\\/redenoticiaz.com.br\\\/ribeiraopreto-regiao\\\/#organization\"},\"image\":{\"@id\":\"https:\\\/\\\/redenoticiaz.com.br\\\/ribeiraopreto-regiao\\\/sp\\\/2022\\\/07\\\/15\\\/cidades-paulistas-ganham-ludotecas-para-assistencia-de-vitimas-de-violencia#primaryimage\"},\"thumbnailUrl\":\"https:\\\/\\\/redenoticiaz.com.br\\\/ribeiraopreto-regiao\\\/wp-content\\\/uploads\\\/sites\\\/4\\\/2022\\\/07\\\/83A95344-B59B-428D-8744-103E1320AD53.jpeg?v=1657915171\",\"keywords\":[\"estado de s\u00e3o paulo\",\"Ludotecas\",\"S\u00e3o Paulo\"],\"articleSection\":[\"Cidades\"],\"inLanguage\":\"pt-BR\",\"potentialAction\":[{\"@type\":\"CommentAction\",\"name\":\"Comment\",\"target\":[\"https:\\\/\\\/redenoticiaz.com.br\\\/ribeiraopreto-regiao\\\/sp\\\/2022\\\/07\\\/15\\\/cidades-paulistas-ganham-ludotecas-para-assistencia-de-vitimas-de-violencia#respond\"]}]},{\"@type\":\"WebPage\",\"@id\":\"https:\\\/\\\/redenoticiaz.com.br\\\/ribeiraopreto-regiao\\\/sp\\\/2022\\\/07\\\/15\\\/cidades-paulistas-ganham-ludotecas-para-assistencia-de-vitimas-de-violencia\",\"url\":\"https:\\\/\\\/redenoticiaz.com.br\\\/ribeiraopreto-regiao\\\/sp\\\/2022\\\/07\\\/15\\\/cidades-paulistas-ganham-ludotecas-para-assistencia-de-vitimas-de-violencia\",\"name\":\"Cidades paulistas ganham Ludotecas para assist\u00eancia de v\u00edtimas de viol\u00eancia - Ribeir\u00e3o Preto e Regi\u00e3o\",\"isPartOf\":{\"@id\":\"https:\\\/\\\/redenoticiaz.com.br\\\/ribeiraopreto-regiao\\\/#website\"},\"primaryImageOfPage\":{\"@id\":\"https:\\\/\\\/redenoticiaz.com.br\\\/ribeiraopreto-regiao\\\/sp\\\/2022\\\/07\\\/15\\\/cidades-paulistas-ganham-ludotecas-para-assistencia-de-vitimas-de-violencia#primaryimage\"},\"image\":{\"@id\":\"https:\\\/\\\/redenoticiaz.com.br\\\/ribeiraopreto-regiao\\\/sp\\\/2022\\\/07\\\/15\\\/cidades-paulistas-ganham-ludotecas-para-assistencia-de-vitimas-de-violencia#primaryimage\"},\"thumbnailUrl\":\"https:\\\/\\\/redenoticiaz.com.br\\\/ribeiraopreto-regiao\\\/wp-content\\\/uploads\\\/sites\\\/4\\\/2022\\\/07\\\/83A95344-B59B-428D-8744-103E1320AD53.jpeg?v=1657915171\",\"datePublished\":\"2022-07-15T20:00:47+00:00\",\"dateModified\":\"2022-07-15T20:01:19+00:00\",\"description\":\"Franca e Osasco receberam do Instiuto Sabin, bra\u00e7o social do Grupo Sabin, espa\u00e7os Ludoteca desenolvidos para escuta e oitiva a crian\u00e7as e adolescentes em situa\u00e7\u00e3o de viol\u00eancia\",\"inLanguage\":\"pt-BR\",\"potentialAction\":[{\"@type\":\"ReadAction\",\"target\":[\"https:\\\/\\\/redenoticiaz.com.br\\\/ribeiraopreto-regiao\\\/sp\\\/2022\\\/07\\\/15\\\/cidades-paulistas-ganham-ludotecas-para-assistencia-de-vitimas-de-violencia\"]}]},{\"@type\":\"ImageObject\",\"inLanguage\":\"pt-BR\",\"@id\":\"https:\\\/\\\/redenoticiaz.com.br\\\/ribeiraopreto-regiao\\\/sp\\\/2022\\\/07\\\/15\\\/cidades-paulistas-ganham-ludotecas-para-assistencia-de-vitimas-de-violencia#primaryimage\",\"url\":\"https:\\\/\\\/redenoticiaz.com.br\\\/ribeiraopreto-regiao\\\/wp-content\\\/uploads\\\/sites\\\/4\\\/2022\\\/07\\\/83A95344-B59B-428D-8744-103E1320AD53.jpeg?v=1657915171\",\"contentUrl\":\"https:\\\/\\\/redenoticiaz.com.br\\\/ribeiraopreto-regiao\\\/wp-content\\\/uploads\\\/sites\\\/4\\\/2022\\\/07\\\/83A95344-B59B-428D-8744-103E1320AD53.jpeg?v=1657915171\",\"width\":1000,\"height\":563},{\"@type\":\"WebSite\",\"@id\":\"https:\\\/\\\/redenoticiaz.com.br\\\/ribeiraopreto-regiao\\\/#website\",\"url\":\"https:\\\/\\\/redenoticiaz.com.br\\\/ribeiraopreto-regiao\\\/\",\"name\":\"Ribeir\u00e3o Preto e Regi\u00e3o\",\"description\":\"Rede NoticiaZ - Ribeir\u00e3o Preto e regi\u00e3o\",\"publisher\":{\"@id\":\"https:\\\/\\\/redenoticiaz.com.br\\\/ribeiraopreto-regiao\\\/#organization\"},\"potentialAction\":[{\"@type\":\"SearchAction\",\"target\":{\"@type\":\"EntryPoint\",\"urlTemplate\":\"https:\\\/\\\/redenoticiaz.com.br\\\/ribeiraopreto-regiao\\\/?s={search_term_string}\"},\"query-input\":{\"@type\":\"PropertyValueSpecification\",\"valueRequired\":true,\"valueName\":\"search_term_string\"}}],\"inLanguage\":\"pt-BR\"},{\"@type\":\"Organization\",\"@id\":\"https:\\\/\\\/redenoticiaz.com.br\\\/ribeiraopreto-regiao\\\/#organization\",\"name\":\"Ribeir\u00e3o Preto e Regi\u00e3o\",\"url\":\"https:\\\/\\\/redenoticiaz.com.br\\\/ribeiraopreto-regiao\\\/\",\"logo\":{\"@type\":\"ImageObject\",\"inLanguage\":\"pt-BR\",\"@id\":\"https:\\\/\\\/redenoticiaz.com.br\\\/ribeiraopreto-regiao\\\/#\\\/schema\\\/logo\\\/image\\\/\",\"url\":\"https:\\\/\\\/redenoticiaz.com.br\\\/barretos-regiao\\\/wp-content\\\/uploads\\\/sites\\\/4\\\/2022\\\/02\\\/logo.jpg\",\"contentUrl\":\"https:\\\/\\\/redenoticiaz.com.br\\\/barretos-regiao\\\/wp-content\\\/uploads\\\/sites\\\/4\\\/2022\\\/02\\\/logo.jpg\",\"width\":400,\"height\":250,\"caption\":\"Ribeir\u00e3o Preto e Regi\u00e3o\"},\"image\":{\"@id\":\"https:\\\/\\\/redenoticiaz.com.br\\\/ribeiraopreto-regiao\\\/#\\\/schema\\\/logo\\\/image\\\/\"},\"sameAs\":[\"https:\\\/\\\/m.facebook.com\\\/redenoticiaz.barretos\",\"https:\\\/\\\/x.com\\\/RN_barretos\",\"https:\\\/\\\/www.instagram.com\\\/redenoticiaz.barretos\\\/?igshid=YmMyMTA2M2Y\",\"https:\\\/\\\/www.linkedin.com\\\/company\\\/rede-noticiaz-barretos-e-regio\\\/\"]},{\"@type\":\"Person\",\"@id\":\"https:\\\/\\\/redenoticiaz.com.br\\\/ribeiraopreto-regiao\\\/#\\\/schema\\\/person\\\/16057b37a3c0ee6b096d7f887c566e2e\",\"name\":\"Gustavo Silva\",\"image\":{\"@type\":\"ImageObject\",\"inLanguage\":\"pt-BR\",\"@id\":\"https:\\\/\\\/secure.gravatar.com\\\/avatar\\\/3ee4e82f93b26de0a7cf4ea5eb7893da637ed6bb0c9170c58065944c56e28a33?s=96&d=mm&r=g\",\"url\":\"https:\\\/\\\/secure.gravatar.com\\\/avatar\\\/3ee4e82f93b26de0a7cf4ea5eb7893da637ed6bb0c9170c58065944c56e28a33?s=96&d=mm&r=g\",\"contentUrl\":\"https:\\\/\\\/secure.gravatar.com\\\/avatar\\\/3ee4e82f93b26de0a7cf4ea5eb7893da637ed6bb0c9170c58065944c56e28a33?s=96&d=mm&r=g\",\"caption\":\"Gustavo Silva\"},\"url\":\"https:\\\/\\\/redenoticiaz.com.br\\\/ribeiraopreto-regiao\\\/sp\\\/author\\\/gustavosilva\"}]}<\/script>\n<!-- \/ Yoast SEO plugin. -->","yoast_head_json":{"title":"Cidades paulistas ganham Ludotecas para assist\u00eancia de v\u00edtimas de viol\u00eancia - Ribeir\u00e3o Preto e Regi\u00e3o","description":"Franca e Osasco receberam do Instiuto Sabin, bra\u00e7o social do Grupo Sabin, espa\u00e7os Ludoteca desenolvidos para escuta e oitiva a crian\u00e7as e adolescentes em situa\u00e7\u00e3o de viol\u00eancia","robots":{"index":"index","follow":"follow","max-snippet":"max-snippet:-1","max-image-preview":"max-image-preview:large","max-video-preview":"max-video-preview:-1"},"canonical":"https:\/\/redenoticiaz.com.br\/ribeiraopreto-regiao\/sp\/2022\/07\/15\/cidades-paulistas-ganham-ludotecas-para-assistencia-de-vitimas-de-violencia","og_locale":"pt_BR","og_type":"article","og_title":"Cidades paulistas ganham Ludotecas para assist\u00eancia de v\u00edtimas de viol\u00eancia - Ribeir\u00e3o Preto e Regi\u00e3o","og_description":"Franca e Osasco receberam do Instiuto Sabin, bra\u00e7o social do Grupo Sabin, espa\u00e7os Ludoteca desenolvidos para escuta e oitiva a crian\u00e7as e adolescentes em situa\u00e7\u00e3o de viol\u00eancia","og_url":"https:\/\/redenoticiaz.com.br\/ribeiraopreto-regiao\/sp\/2022\/07\/15\/cidades-paulistas-ganham-ludotecas-para-assistencia-de-vitimas-de-violencia","og_site_name":"Ribeir\u00e3o Preto e Regi\u00e3o","article_publisher":"https:\/\/m.facebook.com\/redenoticiaz.barretos","article_published_time":"2022-07-15T20:00:47+00:00","article_modified_time":"2022-07-15T20:01:19+00:00","og_image":[{"width":1000,"height":563,"url":"https:\/\/redenoticiaz.com.br\/ribeiraopreto-regiao\/wp-content\/uploads\/sites\/4\/2022\/07\/83A95344-B59B-428D-8744-103E1320AD53.jpeg?v=1657915171","type":"image\/jpeg"}],"author":"Gustavo Silva","twitter_card":"summary_large_image","twitter_creator":"@RN_barretos","twitter_site":"@RN_barretos","twitter_misc":{"Escrito por":"Gustavo Silva","Est. tempo de leitura":"1 minuto"},"schema":{"@context":"https:\/\/schema.org","@graph":[{"@type":"Article","@id":"https:\/\/redenoticiaz.com.br\/ribeiraopreto-regiao\/sp\/2022\/07\/15\/cidades-paulistas-ganham-ludotecas-para-assistencia-de-vitimas-de-violencia#article","isPartOf":{"@id":"https:\/\/redenoticiaz.com.br\/ribeiraopreto-regiao\/sp\/2022\/07\/15\/cidades-paulistas-ganham-ludotecas-para-assistencia-de-vitimas-de-violencia"},"author":{"name":"Gustavo Silva","@id":"https:\/\/redenoticiaz.com.br\/ribeiraopreto-regiao\/#\/schema\/person\/16057b37a3c0ee6b096d7f887c566e2e"},"headline":"Cidades paulistas ganham Ludotecas para assist\u00eancia de v\u00edtimas de viol\u00eancia","datePublished":"2022-07-15T20:00:47+00:00","dateModified":"2022-07-15T20:01:19+00:00","mainEntityOfPage":{"@id":"https:\/\/redenoticiaz.com.br\/ribeiraopreto-regiao\/sp\/2022\/07\/15\/cidades-paulistas-ganham-ludotecas-para-assistencia-de-vitimas-de-violencia"},"wordCount":216,"commentCount":0,"publisher":{"@id":"https:\/\/redenoticiaz.com.br\/ribeiraopreto-regiao\/#organization"},"image":{"@id":"https:\/\/redenoticiaz.com.br\/ribeiraopreto-regiao\/sp\/2022\/07\/15\/cidades-paulistas-ganham-ludotecas-para-assistencia-de-vitimas-de-violencia#primaryimage"},"thumbnailUrl":"https:\/\/redenoticiaz.com.br\/ribeiraopreto-regiao\/wp-content\/uploads\/sites\/4\/2022\/07\/83A95344-B59B-428D-8744-103E1320AD53.jpeg?v=1657915171","keywords":["estado de s\u00e3o paulo","Ludotecas","S\u00e3o Paulo"],"articleSection":["Cidades"],"inLanguage":"pt-BR","potentialAction":[{"@type":"CommentAction","name":"Comment","target":["https:\/\/redenoticiaz.com.br\/ribeiraopreto-regiao\/sp\/2022\/07\/15\/cidades-paulistas-ganham-ludotecas-para-assistencia-de-vitimas-de-violencia#respond"]}]},{"@type":"WebPage","@id":"https:\/\/redenoticiaz.com.br\/ribeiraopreto-regiao\/sp\/2022\/07\/15\/cidades-paulistas-ganham-ludotecas-para-assistencia-de-vitimas-de-violencia","url":"https:\/\/redenoticiaz.com.br\/ribeiraopreto-regiao\/sp\/2022\/07\/15\/cidades-paulistas-ganham-ludotecas-para-assistencia-de-vitimas-de-violencia","name":"Cidades paulistas ganham Ludotecas para assist\u00eancia de v\u00edtimas de viol\u00eancia - Ribeir\u00e3o Preto e Regi\u00e3o","isPartOf":{"@id":"https:\/\/redenoticiaz.com.br\/ribeiraopreto-regiao\/#website"},"primaryImageOfPage":{"@id":"https:\/\/redenoticiaz.com.br\/ribeiraopreto-regiao\/sp\/2022\/07\/15\/cidades-paulistas-ganham-ludotecas-para-assistencia-de-vitimas-de-violencia#primaryimage"},"image":{"@id":"https:\/\/redenoticiaz.com.br\/ribeiraopreto-regiao\/sp\/2022\/07\/15\/cidades-paulistas-ganham-ludotecas-para-assistencia-de-vitimas-de-violencia#primaryimage"},"thumbnailUrl":"https:\/\/redenoticiaz.com.br\/ribeiraopreto-regiao\/wp-content\/uploads\/sites\/4\/2022\/07\/83A95344-B59B-428D-8744-103E1320AD53.jpeg?v=1657915171","datePublished":"2022-07-15T20:00:47+00:00","dateModified":"2022-07-15T20:01:19+00:00","description":"Franca e Osasco receberam do Instiuto Sabin, bra\u00e7o social do Grupo Sabin, espa\u00e7os Ludoteca desenolvidos para escuta e oitiva a crian\u00e7as e adolescentes em situa\u00e7\u00e3o de viol\u00eancia","inLanguage":"pt-BR","potentialAction":[{"@type":"ReadAction","target":["https:\/\/redenoticiaz.com.br\/ribeiraopreto-regiao\/sp\/2022\/07\/15\/cidades-paulistas-ganham-ludotecas-para-assistencia-de-vitimas-de-violencia"]}]},{"@type":"ImageObject","inLanguage":"pt-BR","@id":"https:\/\/redenoticiaz.com.br\/ribeiraopreto-regiao\/sp\/2022\/07\/15\/cidades-paulistas-ganham-ludotecas-para-assistencia-de-vitimas-de-violencia#primaryimage","url":"https:\/\/redenoticiaz.com.br\/ribeiraopreto-regiao\/wp-content\/uploads\/sites\/4\/2022\/07\/83A95344-B59B-428D-8744-103E1320AD53.jpeg?v=1657915171","contentUrl":"https:\/\/redenoticiaz.com.br\/ribeiraopreto-regiao\/wp-content\/uploads\/sites\/4\/2022\/07\/83A95344-B59B-428D-8744-103E1320AD53.jpeg?v=1657915171","width":1000,"height":563},{"@type":"WebSite","@id":"https:\/\/redenoticiaz.com.br\/ribeiraopreto-regiao\/#website","url":"https:\/\/redenoticiaz.com.br\/ribeiraopreto-regiao\/","name":"Ribeir\u00e3o Preto e Regi\u00e3o","description":"Rede NoticiaZ - Ribeir\u00e3o Preto e regi\u00e3o","publisher":{"@id":"https:\/\/redenoticiaz.com.br\/ribeiraopreto-regiao\/#organization"},"potentialAction":[{"@type":"SearchAction","target":{"@type":"EntryPoint","urlTemplate":"https:\/\/redenoticiaz.com.br\/ribeiraopreto-regiao\/?s={search_term_string}"},"query-input":{"@type":"PropertyValueSpecification","valueRequired":true,"valueName":"search_term_string"}}],"inLanguage":"pt-BR"},{"@type":"Organization","@id":"https:\/\/redenoticiaz.com.br\/ribeiraopreto-regiao\/#organization","name":"Ribeir\u00e3o Preto e Regi\u00e3o","url":"https:\/\/redenoticiaz.com.br\/ribeiraopreto-regiao\/","logo":{"@type":"ImageObject","inLanguage":"pt-BR","@id":"https:\/\/redenoticiaz.com.br\/ribeiraopreto-regiao\/#\/schema\/logo\/image\/","url":"https:\/\/redenoticiaz.com.br\/barretos-regiao\/wp-content\/uploads\/sites\/4\/2022\/02\/logo.jpg","contentUrl":"https:\/\/redenoticiaz.com.br\/barretos-regiao\/wp-content\/uploads\/sites\/4\/2022\/02\/logo.jpg","width":400,"height":250,"caption":"Ribeir\u00e3o Preto e Regi\u00e3o"},"image":{"@id":"https:\/\/redenoticiaz.com.br\/ribeiraopreto-regiao\/#\/schema\/logo\/image\/"},"sameAs":["https:\/\/m.facebook.com\/redenoticiaz.barretos","https:\/\/x.com\/RN_barretos","https:\/\/www.instagram.com\/redenoticiaz.barretos\/?igshid=YmMyMTA2M2Y","https:\/\/www.linkedin.com\/company\/rede-noticiaz-barretos-e-regio\/"]},{"@type":"Person","@id":"https:\/\/redenoticiaz.com.br\/ribeiraopreto-regiao\/#\/schema\/person\/16057b37a3c0ee6b096d7f887c566e2e","name":"Gustavo Silva","image":{"@type":"ImageObject","inLanguage":"pt-BR","@id":"https:\/\/secure.gravatar.com\/avatar\/3ee4e82f93b26de0a7cf4ea5eb7893da637ed6bb0c9170c58065944c56e28a33?s=96&d=mm&r=g","url":"https:\/\/secure.gravatar.com\/avatar\/3ee4e82f93b26de0a7cf4ea5eb7893da637ed6bb0c9170c58065944c56e28a33?s=96&d=mm&r=g","contentUrl":"https:\/\/secure.gravatar.com\/avatar\/3ee4e82f93b26de0a7cf4ea5eb7893da637ed6bb0c9170c58065944c56e28a33?s=96&d=mm&r=g","caption":"Gustavo Silva"},"url":"https:\/\/redenoticiaz.com.br\/ribeiraopreto-regiao\/sp\/author\/gustavosilva"}]}},"_links":{"self":[{"href":"https:\/\/redenoticiaz.com.br\/ribeiraopreto-regiao\/wp-json\/wp\/v2\/posts\/88146","targetHints":{"allow":["GET"]}}],"collection":[{"href":"https:\/\/redenoticiaz.com.br\/ribeiraopreto-regiao\/wp-json\/wp\/v2\/posts"}],"about":[{"href":"https:\/\/redenoticiaz.com.br\/ribeiraopreto-regiao\/wp-json\/wp\/v2\/types\/post"}],"author":[{"embeddable":true,"href":"https:\/\/redenoticiaz.com.br\/ribeiraopreto-regiao\/wp-json\/wp\/v2\/users\/12"}],"replies":[{"embeddable":true,"href":"https:\/\/redenoticiaz.com.br\/ribeiraopreto-regiao\/wp-json\/wp\/v2\/comments?post=88146"}],"version-history":[{"count":0,"href":"https:\/\/redenoticiaz.com.br\/ribeiraopreto-regiao\/wp-json\/wp\/v2\/posts\/88146\/revisions"}],"wp:featuredmedia":[{"embeddable":true,"href":"https:\/\/redenoticiaz.com.br\/ribeiraopreto-regiao\/wp-json\/wp\/v2\/media\/88147"}],"wp:attachment":[{"href":"https:\/\/redenoticiaz.com.br\/ribeiraopreto-regiao\/wp-json\/wp\/v2\/media?parent=88146"}],"wp:term":[{"taxonomy":"category","embeddable":true,"href":"https:\/\/redenoticiaz.com.br\/ribeiraopreto-regiao\/wp-json\/wp\/v2\/categories?post=88146"},{"taxonomy":"post_tag","embeddable":true,"href":"https:\/\/redenoticiaz.com.br\/ribeiraopreto-regiao\/wp-json\/wp\/v2\/tags?post=88146"}],"curies":[{"name":"wp","href":"https:\/\/api.w.org\/{rel}","templated":true}]}}