{"id":88314,"date":"2022-07-19T17:27:00","date_gmt":"2022-07-19T20:27:00","guid":{"rendered":"https:\/\/redenoticiaz.com.br\/barretos-regiao\/?p=88314"},"modified":"2022-07-19T17:27:00","modified_gmt":"2022-07-19T20:27:00","slug":"prefeito-em-exercicio-dr-gustavo-sasdelli-visita-obras-antienchentes","status":"publish","type":"post","link":"https:\/\/redenoticiaz.com.br\/ribeiraopreto-regiao\/sp\/2022\/07\/19\/prefeito-em-exercicio-dr-gustavo-sasdelli-visita-obras-antienchentes","title":{"rendered":"Prefeito em exerc\u00edcio Gustavo Sasdelli, visita obras antienchentes"},"content":{"rendered":"<p>O prefeito em exerc\u00edcio da Est\u00e2ncia Tur\u00edstica de Barretos, Dr. Gustavo Sasdelli, acompanhou as obras antienchentes que est\u00e3o em andamento pela cidade.<\/p>\n<p><em>&#8220;Essa obra est\u00e1 sendo feita com muito planejamento e responsabilidade, para acabar com os problemas dessa regi\u00e3o&#8221;,<\/em> disse Sasdelli ao visitar a Avenida Fraternidade Paulista, entre os bairros Christiano Carvalho e Barretos II, que recebe trabalhos de reconstru\u00e7\u00e3o da ponte destru\u00edda pela chuva, al\u00e9m de drenagem e preven\u00e7\u00e3o de enchentes na via.<\/p>\n<p>O secret\u00e1rio municipal de Obras e Servi\u00e7os Urbanos, Raul Paganelli,\u00a0acompanhou a visita.<\/p>\n<p><strong>VEJA TAMB\u00c9M:\u00a0<a href=\"https:\/\/redenoticiaz.com.br\/barretos-regiao\/sp\/2022\/07\/02\/recinto-ganha-novo-palco-recebe-melhorias-estruturais-e-inicia-obras-do-museu-do-folclore\">Recinto ganha novo palco, recebe melhorias estruturais e inicia obras do Museu do Folclore<\/a><\/strong><\/p>\n","protected":false},"excerpt":{"rendered":"<p>O prefeito em exerc\u00edcio da Est\u00e2ncia Tur\u00edstica de Barretos, Dr. Gustavo Sasdelli, acompanhou as obras antienchentes que est\u00e3o em andamento pela cidade. &#8220;Essa obra est\u00e1 sendo feita com muito planejamento e responsabilidade, para acabar com os problemas dessa regi\u00e3o&#8221;, disse Sasdelli ao visitar a Avenida Fraternidade Paulista, entre os bairros Christiano Carvalho e Barretos II, &hellip;<\/p>\n","protected":false},"author":15,"featured_media":88315,"comment_status":"open","ping_status":"closed","sticky":false,"template":"","format":"standard","meta":{"footnotes":""},"categories":[2920],"tags":[18957,3121,18873,18923],"class_list":["post-88314","post","type-post","status-publish","format-standard","has-post-thumbnail","hentry","category-obras","tag-antienchente","tag-obras","tag-prefeito","tag-visita"],"yoast_head":"<!-- This site is optimized with the Yoast SEO plugin v27.4 - https:\/\/yoast.com\/product\/yoast-seo-wordpress\/ -->\n<title>Prefeito em exerc\u00edcio Gustavo Sasdelli, visita obras antienchentes - Ribeir\u00e3o Preto e Regi\u00e3o<\/title>\n<meta name=\"description\" content=\"O prefeito em exerc\u00edcio de Barretos, Dr. Gustavo Sasdelli, acompanhou as obras antienchentes que est\u00e3o em andamento pela cidade.\" \/>\n<meta name=\"robots\" content=\"index, follow, max-snippet:-1, max-image-preview:large, max-video-preview:-1\" \/>\n<link rel=\"canonical\" href=\"https:\/\/redenoticiaz.com.br\/ribeiraopreto-regiao\/sp\/2022\/07\/19\/prefeito-em-exercicio-dr-gustavo-sasdelli-visita-obras-antienchentes\" \/>\n<meta property=\"og:locale\" content=\"pt_BR\" \/>\n<meta property=\"og:type\" content=\"article\" \/>\n<meta property=\"og:title\" content=\"Prefeito em exerc\u00edcio Gustavo Sasdelli, visita obras antienchentes - Ribeir\u00e3o Preto e Regi\u00e3o\" \/>\n<meta property=\"og:description\" content=\"O prefeito em exerc\u00edcio de Barretos, Dr. Gustavo Sasdelli, acompanhou as obras antienchentes que est\u00e3o em andamento pela cidade.\" \/>\n<meta property=\"og:url\" content=\"https:\/\/redenoticiaz.com.br\/ribeiraopreto-regiao\/sp\/2022\/07\/19\/prefeito-em-exercicio-dr-gustavo-sasdelli-visita-obras-antienchentes\" \/>\n<meta property=\"og:site_name\" content=\"Ribeir\u00e3o Preto e Regi\u00e3o\" \/>\n<meta property=\"article:publisher\" content=\"https:\/\/m.facebook.com\/redenoticiaz.barretos\" \/>\n<meta property=\"article:published_time\" content=\"2022-07-19T20:27:00+00:00\" \/>\n<meta property=\"og:image\" content=\"https:\/\/redenoticiaz.com.br\/ribeiraopreto-regiao\/wp-content\/uploads\/sites\/4\/2022\/07\/dr.-gustavo-obras-tin-jr-1.jpeg\" \/>\n\t<meta property=\"og:image:width\" content=\"1280\" \/>\n\t<meta property=\"og:image:height\" content=\"853\" \/>\n\t<meta property=\"og:image:type\" content=\"image\/jpeg\" \/>\n<meta name=\"twitter:card\" content=\"summary_large_image\" \/>\n<meta name=\"twitter:creator\" content=\"@RN_barretos\" \/>\n<meta name=\"twitter:site\" content=\"@RN_barretos\" \/>\n<meta name=\"twitter:label1\" content=\"Escrito por\" \/>\n\t<meta name=\"twitter:data1\" content=\"\" \/>\n\t<meta name=\"twitter:label2\" content=\"Est. tempo de leitura\" \/>\n\t<meta name=\"twitter:data2\" content=\"1 minuto\" \/>\n<script type=\"application\/ld+json\" class=\"yoast-schema-graph\">{\"@context\":\"https:\\\/\\\/schema.org\",\"@graph\":[{\"@type\":\"Article\",\"@id\":\"https:\\\/\\\/redenoticiaz.com.br\\\/ribeiraopreto-regiao\\\/sp\\\/2022\\\/07\\\/19\\\/prefeito-em-exercicio-dr-gustavo-sasdelli-visita-obras-antienchentes#article\",\"isPartOf\":{\"@id\":\"https:\\\/\\\/redenoticiaz.com.br\\\/ribeiraopreto-regiao\\\/sp\\\/2022\\\/07\\\/19\\\/prefeito-em-exercicio-dr-gustavo-sasdelli-visita-obras-antienchentes\"},\"author\":{\"name\":\"\",\"@id\":\"\"},\"headline\":\"Prefeito em exerc\u00edcio Gustavo Sasdelli, visita obras antienchentes\",\"datePublished\":\"2022-07-19T20:27:00+00:00\",\"mainEntityOfPage\":{\"@id\":\"https:\\\/\\\/redenoticiaz.com.br\\\/ribeiraopreto-regiao\\\/sp\\\/2022\\\/07\\\/19\\\/prefeito-em-exercicio-dr-gustavo-sasdelli-visita-obras-antienchentes\"},\"wordCount\":124,\"commentCount\":0,\"publisher\":{\"@id\":\"https:\\\/\\\/redenoticiaz.com.br\\\/ribeiraopreto-regiao\\\/#organization\"},\"image\":{\"@id\":\"https:\\\/\\\/redenoticiaz.com.br\\\/ribeiraopreto-regiao\\\/sp\\\/2022\\\/07\\\/19\\\/prefeito-em-exercicio-dr-gustavo-sasdelli-visita-obras-antienchentes#primaryimage\"},\"thumbnailUrl\":\"https:\\\/\\\/redenoticiaz.com.br\\\/ribeiraopreto-regiao\\\/wp-content\\\/uploads\\\/sites\\\/4\\\/2022\\\/07\\\/dr.-gustavo-obras-tin-jr-1.jpeg\",\"keywords\":[\"ANTIENCHENTE\",\"obras\",\"prefeito\",\"VISITA\"],\"articleSection\":[\"Obras\"],\"inLanguage\":\"pt-BR\",\"potentialAction\":[{\"@type\":\"CommentAction\",\"name\":\"Comment\",\"target\":[\"https:\\\/\\\/redenoticiaz.com.br\\\/ribeiraopreto-regiao\\\/sp\\\/2022\\\/07\\\/19\\\/prefeito-em-exercicio-dr-gustavo-sasdelli-visita-obras-antienchentes#respond\"]}]},{\"@type\":\"WebPage\",\"@id\":\"https:\\\/\\\/redenoticiaz.com.br\\\/ribeiraopreto-regiao\\\/sp\\\/2022\\\/07\\\/19\\\/prefeito-em-exercicio-dr-gustavo-sasdelli-visita-obras-antienchentes\",\"url\":\"https:\\\/\\\/redenoticiaz.com.br\\\/ribeiraopreto-regiao\\\/sp\\\/2022\\\/07\\\/19\\\/prefeito-em-exercicio-dr-gustavo-sasdelli-visita-obras-antienchentes\",\"name\":\"Prefeito em exerc\u00edcio Gustavo Sasdelli, visita obras antienchentes - Ribeir\u00e3o Preto e Regi\u00e3o\",\"isPartOf\":{\"@id\":\"https:\\\/\\\/redenoticiaz.com.br\\\/ribeiraopreto-regiao\\\/#website\"},\"primaryImageOfPage\":{\"@id\":\"https:\\\/\\\/redenoticiaz.com.br\\\/ribeiraopreto-regiao\\\/sp\\\/2022\\\/07\\\/19\\\/prefeito-em-exercicio-dr-gustavo-sasdelli-visita-obras-antienchentes#primaryimage\"},\"image\":{\"@id\":\"https:\\\/\\\/redenoticiaz.com.br\\\/ribeiraopreto-regiao\\\/sp\\\/2022\\\/07\\\/19\\\/prefeito-em-exercicio-dr-gustavo-sasdelli-visita-obras-antienchentes#primaryimage\"},\"thumbnailUrl\":\"https:\\\/\\\/redenoticiaz.com.br\\\/ribeiraopreto-regiao\\\/wp-content\\\/uploads\\\/sites\\\/4\\\/2022\\\/07\\\/dr.-gustavo-obras-tin-jr-1.jpeg\",\"datePublished\":\"2022-07-19T20:27:00+00:00\",\"description\":\"O prefeito em exerc\u00edcio de Barretos, Dr. Gustavo Sasdelli, acompanhou as obras antienchentes que est\u00e3o em andamento pela cidade.\",\"inLanguage\":\"pt-BR\",\"potentialAction\":[{\"@type\":\"ReadAction\",\"target\":[\"https:\\\/\\\/redenoticiaz.com.br\\\/ribeiraopreto-regiao\\\/sp\\\/2022\\\/07\\\/19\\\/prefeito-em-exercicio-dr-gustavo-sasdelli-visita-obras-antienchentes\"]}]},{\"@type\":\"ImageObject\",\"inLanguage\":\"pt-BR\",\"@id\":\"https:\\\/\\\/redenoticiaz.com.br\\\/ribeiraopreto-regiao\\\/sp\\\/2022\\\/07\\\/19\\\/prefeito-em-exercicio-dr-gustavo-sasdelli-visita-obras-antienchentes#primaryimage\",\"url\":\"https:\\\/\\\/redenoticiaz.com.br\\\/ribeiraopreto-regiao\\\/wp-content\\\/uploads\\\/sites\\\/4\\\/2022\\\/07\\\/dr.-gustavo-obras-tin-jr-1.jpeg\",\"contentUrl\":\"https:\\\/\\\/redenoticiaz.com.br\\\/ribeiraopreto-regiao\\\/wp-content\\\/uploads\\\/sites\\\/4\\\/2022\\\/07\\\/dr.-gustavo-obras-tin-jr-1.jpeg\",\"width\":1280,\"height\":853,\"caption\":\"Dr. Gustavo Sasdelli, visita obras antienchentes. Cr\u00e9dito: Reprodu\u00e7\u00e3o\"},{\"@type\":\"WebSite\",\"@id\":\"https:\\\/\\\/redenoticiaz.com.br\\\/ribeiraopreto-regiao\\\/#website\",\"url\":\"https:\\\/\\\/redenoticiaz.com.br\\\/ribeiraopreto-regiao\\\/\",\"name\":\"Ribeir\u00e3o Preto e Regi\u00e3o\",\"description\":\"Rede NoticiaZ - Ribeir\u00e3o Preto e regi\u00e3o\",\"publisher\":{\"@id\":\"https:\\\/\\\/redenoticiaz.com.br\\\/ribeiraopreto-regiao\\\/#organization\"},\"potentialAction\":[{\"@type\":\"SearchAction\",\"target\":{\"@type\":\"EntryPoint\",\"urlTemplate\":\"https:\\\/\\\/redenoticiaz.com.br\\\/ribeiraopreto-regiao\\\/?s={search_term_string}\"},\"query-input\":{\"@type\":\"PropertyValueSpecification\",\"valueRequired\":true,\"valueName\":\"search_term_string\"}}],\"inLanguage\":\"pt-BR\"},{\"@type\":\"Organization\",\"@id\":\"https:\\\/\\\/redenoticiaz.com.br\\\/ribeiraopreto-regiao\\\/#organization\",\"name\":\"Ribeir\u00e3o Preto e Regi\u00e3o\",\"url\":\"https:\\\/\\\/redenoticiaz.com.br\\\/ribeiraopreto-regiao\\\/\",\"logo\":{\"@type\":\"ImageObject\",\"inLanguage\":\"pt-BR\",\"@id\":\"https:\\\/\\\/redenoticiaz.com.br\\\/ribeiraopreto-regiao\\\/#\\\/schema\\\/logo\\\/image\\\/\",\"url\":\"https:\\\/\\\/redenoticiaz.com.br\\\/barretos-regiao\\\/wp-content\\\/uploads\\\/sites\\\/4\\\/2022\\\/02\\\/logo.jpg\",\"contentUrl\":\"https:\\\/\\\/redenoticiaz.com.br\\\/barretos-regiao\\\/wp-content\\\/uploads\\\/sites\\\/4\\\/2022\\\/02\\\/logo.jpg\",\"width\":400,\"height\":250,\"caption\":\"Ribeir\u00e3o Preto e Regi\u00e3o\"},\"image\":{\"@id\":\"https:\\\/\\\/redenoticiaz.com.br\\\/ribeiraopreto-regiao\\\/#\\\/schema\\\/logo\\\/image\\\/\"},\"sameAs\":[\"https:\\\/\\\/m.facebook.com\\\/redenoticiaz.barretos\",\"https:\\\/\\\/x.com\\\/RN_barretos\",\"https:\\\/\\\/www.instagram.com\\\/redenoticiaz.barretos\\\/?igshid=YmMyMTA2M2Y\",\"https:\\\/\\\/www.linkedin.com\\\/company\\\/rede-noticiaz-barretos-e-regio\\\/\"]},{\"@type\":\"Person\",\"@id\":\"\",\"url\":\"https:\\\/\\\/redenoticiaz.com.br\\\/ribeiraopreto-regiao\\\/sp\\\/author\"}]}<\/script>\n<!-- \/ Yoast SEO plugin. -->","yoast_head_json":{"title":"Prefeito em exerc\u00edcio Gustavo Sasdelli, visita obras antienchentes - Ribeir\u00e3o Preto e Regi\u00e3o","description":"O prefeito em exerc\u00edcio de Barretos, Dr. Gustavo Sasdelli, acompanhou as obras antienchentes que est\u00e3o em andamento pela cidade.","robots":{"index":"index","follow":"follow","max-snippet":"max-snippet:-1","max-image-preview":"max-image-preview:large","max-video-preview":"max-video-preview:-1"},"canonical":"https:\/\/redenoticiaz.com.br\/ribeiraopreto-regiao\/sp\/2022\/07\/19\/prefeito-em-exercicio-dr-gustavo-sasdelli-visita-obras-antienchentes","og_locale":"pt_BR","og_type":"article","og_title":"Prefeito em exerc\u00edcio Gustavo Sasdelli, visita obras antienchentes - Ribeir\u00e3o Preto e Regi\u00e3o","og_description":"O prefeito em exerc\u00edcio de Barretos, Dr. Gustavo Sasdelli, acompanhou as obras antienchentes que est\u00e3o em andamento pela cidade.","og_url":"https:\/\/redenoticiaz.com.br\/ribeiraopreto-regiao\/sp\/2022\/07\/19\/prefeito-em-exercicio-dr-gustavo-sasdelli-visita-obras-antienchentes","og_site_name":"Ribeir\u00e3o Preto e Regi\u00e3o","article_publisher":"https:\/\/m.facebook.com\/redenoticiaz.barretos","article_published_time":"2022-07-19T20:27:00+00:00","og_image":[{"width":1280,"height":853,"url":"https:\/\/redenoticiaz.com.br\/ribeiraopreto-regiao\/wp-content\/uploads\/sites\/4\/2022\/07\/dr.-gustavo-obras-tin-jr-1.jpeg","type":"image\/jpeg"}],"twitter_card":"summary_large_image","twitter_creator":"@RN_barretos","twitter_site":"@RN_barretos","twitter_misc":{"Escrito por":"","Est. tempo de leitura":"1 minuto"},"schema":{"@context":"https:\/\/schema.org","@graph":[{"@type":"Article","@id":"https:\/\/redenoticiaz.com.br\/ribeiraopreto-regiao\/sp\/2022\/07\/19\/prefeito-em-exercicio-dr-gustavo-sasdelli-visita-obras-antienchentes#article","isPartOf":{"@id":"https:\/\/redenoticiaz.com.br\/ribeiraopreto-regiao\/sp\/2022\/07\/19\/prefeito-em-exercicio-dr-gustavo-sasdelli-visita-obras-antienchentes"},"author":{"name":"","@id":""},"headline":"Prefeito em exerc\u00edcio Gustavo Sasdelli, visita obras antienchentes","datePublished":"2022-07-19T20:27:00+00:00","mainEntityOfPage":{"@id":"https:\/\/redenoticiaz.com.br\/ribeiraopreto-regiao\/sp\/2022\/07\/19\/prefeito-em-exercicio-dr-gustavo-sasdelli-visita-obras-antienchentes"},"wordCount":124,"commentCount":0,"publisher":{"@id":"https:\/\/redenoticiaz.com.br\/ribeiraopreto-regiao\/#organization"},"image":{"@id":"https:\/\/redenoticiaz.com.br\/ribeiraopreto-regiao\/sp\/2022\/07\/19\/prefeito-em-exercicio-dr-gustavo-sasdelli-visita-obras-antienchentes#primaryimage"},"thumbnailUrl":"https:\/\/redenoticiaz.com.br\/ribeiraopreto-regiao\/wp-content\/uploads\/sites\/4\/2022\/07\/dr.-gustavo-obras-tin-jr-1.jpeg","keywords":["ANTIENCHENTE","obras","prefeito","VISITA"],"articleSection":["Obras"],"inLanguage":"pt-BR","potentialAction":[{"@type":"CommentAction","name":"Comment","target":["https:\/\/redenoticiaz.com.br\/ribeiraopreto-regiao\/sp\/2022\/07\/19\/prefeito-em-exercicio-dr-gustavo-sasdelli-visita-obras-antienchentes#respond"]}]},{"@type":"WebPage","@id":"https:\/\/redenoticiaz.com.br\/ribeiraopreto-regiao\/sp\/2022\/07\/19\/prefeito-em-exercicio-dr-gustavo-sasdelli-visita-obras-antienchentes","url":"https:\/\/redenoticiaz.com.br\/ribeiraopreto-regiao\/sp\/2022\/07\/19\/prefeito-em-exercicio-dr-gustavo-sasdelli-visita-obras-antienchentes","name":"Prefeito em exerc\u00edcio Gustavo Sasdelli, visita obras antienchentes - Ribeir\u00e3o Preto e Regi\u00e3o","isPartOf":{"@id":"https:\/\/redenoticiaz.com.br\/ribeiraopreto-regiao\/#website"},"primaryImageOfPage":{"@id":"https:\/\/redenoticiaz.com.br\/ribeiraopreto-regiao\/sp\/2022\/07\/19\/prefeito-em-exercicio-dr-gustavo-sasdelli-visita-obras-antienchentes#primaryimage"},"image":{"@id":"https:\/\/redenoticiaz.com.br\/ribeiraopreto-regiao\/sp\/2022\/07\/19\/prefeito-em-exercicio-dr-gustavo-sasdelli-visita-obras-antienchentes#primaryimage"},"thumbnailUrl":"https:\/\/redenoticiaz.com.br\/ribeiraopreto-regiao\/wp-content\/uploads\/sites\/4\/2022\/07\/dr.-gustavo-obras-tin-jr-1.jpeg","datePublished":"2022-07-19T20:27:00+00:00","description":"O prefeito em exerc\u00edcio de Barretos, Dr. Gustavo Sasdelli, acompanhou as obras antienchentes que est\u00e3o em andamento pela cidade.","inLanguage":"pt-BR","potentialAction":[{"@type":"ReadAction","target":["https:\/\/redenoticiaz.com.br\/ribeiraopreto-regiao\/sp\/2022\/07\/19\/prefeito-em-exercicio-dr-gustavo-sasdelli-visita-obras-antienchentes"]}]},{"@type":"ImageObject","inLanguage":"pt-BR","@id":"https:\/\/redenoticiaz.com.br\/ribeiraopreto-regiao\/sp\/2022\/07\/19\/prefeito-em-exercicio-dr-gustavo-sasdelli-visita-obras-antienchentes#primaryimage","url":"https:\/\/redenoticiaz.com.br\/ribeiraopreto-regiao\/wp-content\/uploads\/sites\/4\/2022\/07\/dr.-gustavo-obras-tin-jr-1.jpeg","contentUrl":"https:\/\/redenoticiaz.com.br\/ribeiraopreto-regiao\/wp-content\/uploads\/sites\/4\/2022\/07\/dr.-gustavo-obras-tin-jr-1.jpeg","width":1280,"height":853,"caption":"Dr. Gustavo Sasdelli, visita obras antienchentes. Cr\u00e9dito: Reprodu\u00e7\u00e3o"},{"@type":"WebSite","@id":"https:\/\/redenoticiaz.com.br\/ribeiraopreto-regiao\/#website","url":"https:\/\/redenoticiaz.com.br\/ribeiraopreto-regiao\/","name":"Ribeir\u00e3o Preto e Regi\u00e3o","description":"Rede NoticiaZ - Ribeir\u00e3o Preto e regi\u00e3o","publisher":{"@id":"https:\/\/redenoticiaz.com.br\/ribeiraopreto-regiao\/#organization"},"potentialAction":[{"@type":"SearchAction","target":{"@type":"EntryPoint","urlTemplate":"https:\/\/redenoticiaz.com.br\/ribeiraopreto-regiao\/?s={search_term_string}"},"query-input":{"@type":"PropertyValueSpecification","valueRequired":true,"valueName":"search_term_string"}}],"inLanguage":"pt-BR"},{"@type":"Organization","@id":"https:\/\/redenoticiaz.com.br\/ribeiraopreto-regiao\/#organization","name":"Ribeir\u00e3o Preto e Regi\u00e3o","url":"https:\/\/redenoticiaz.com.br\/ribeiraopreto-regiao\/","logo":{"@type":"ImageObject","inLanguage":"pt-BR","@id":"https:\/\/redenoticiaz.com.br\/ribeiraopreto-regiao\/#\/schema\/logo\/image\/","url":"https:\/\/redenoticiaz.com.br\/barretos-regiao\/wp-content\/uploads\/sites\/4\/2022\/02\/logo.jpg","contentUrl":"https:\/\/redenoticiaz.com.br\/barretos-regiao\/wp-content\/uploads\/sites\/4\/2022\/02\/logo.jpg","width":400,"height":250,"caption":"Ribeir\u00e3o Preto e Regi\u00e3o"},"image":{"@id":"https:\/\/redenoticiaz.com.br\/ribeiraopreto-regiao\/#\/schema\/logo\/image\/"},"sameAs":["https:\/\/m.facebook.com\/redenoticiaz.barretos","https:\/\/x.com\/RN_barretos","https:\/\/www.instagram.com\/redenoticiaz.barretos\/?igshid=YmMyMTA2M2Y","https:\/\/www.linkedin.com\/company\/rede-noticiaz-barretos-e-regio\/"]},{"@type":"Person","@id":"","url":"https:\/\/redenoticiaz.com.br\/ribeiraopreto-regiao\/sp\/author"}]}},"_links":{"self":[{"href":"https:\/\/redenoticiaz.com.br\/ribeiraopreto-regiao\/wp-json\/wp\/v2\/posts\/88314","targetHints":{"allow":["GET"]}}],"collection":[{"href":"https:\/\/redenoticiaz.com.br\/ribeiraopreto-regiao\/wp-json\/wp\/v2\/posts"}],"about":[{"href":"https:\/\/redenoticiaz.com.br\/ribeiraopreto-regiao\/wp-json\/wp\/v2\/types\/post"}],"author":[{"embeddable":true,"href":"https:\/\/redenoticiaz.com.br\/ribeiraopreto-regiao\/wp-json\/wp\/v2\/users\/15"}],"replies":[{"embeddable":true,"href":"https:\/\/redenoticiaz.com.br\/ribeiraopreto-regiao\/wp-json\/wp\/v2\/comments?post=88314"}],"version-history":[{"count":1,"href":"https:\/\/redenoticiaz.com.br\/ribeiraopreto-regiao\/wp-json\/wp\/v2\/posts\/88314\/revisions"}],"predecessor-version":[{"id":88316,"href":"https:\/\/redenoticiaz.com.br\/ribeiraopreto-regiao\/wp-json\/wp\/v2\/posts\/88314\/revisions\/88316"}],"wp:featuredmedia":[{"embeddable":true,"href":"https:\/\/redenoticiaz.com.br\/ribeiraopreto-regiao\/wp-json\/wp\/v2\/media\/88315"}],"wp:attachment":[{"href":"https:\/\/redenoticiaz.com.br\/ribeiraopreto-regiao\/wp-json\/wp\/v2\/media?parent=88314"}],"wp:term":[{"taxonomy":"category","embeddable":true,"href":"https:\/\/redenoticiaz.com.br\/ribeiraopreto-regiao\/wp-json\/wp\/v2\/categories?post=88314"},{"taxonomy":"post_tag","embeddable":true,"href":"https:\/\/redenoticiaz.com.br\/ribeiraopreto-regiao\/wp-json\/wp\/v2\/tags?post=88314"}],"curies":[{"name":"wp","href":"https:\/\/api.w.org\/{rel}","templated":true}]}}