{"id":88408,"date":"2022-07-20T16:33:25","date_gmt":"2022-07-20T19:33:25","guid":{"rendered":"https:\/\/redenoticiaz.com.br\/barretos-regiao\/sp\/2022\/07\/20\/auxilio-brasil-de-r-600-comeca-a-ser-pago-em-agosto"},"modified":"2022-07-20T16:33:33","modified_gmt":"2022-07-20T19:33:33","slug":"auxilio-brasil-de-r-600-comeca-a-ser-pago-em-agosto","status":"publish","type":"post","link":"https:\/\/redenoticiaz.com.br\/ribeiraopreto-regiao\/sp\/2022\/07\/20\/auxilio-brasil-de-r-600-comeca-a-ser-pago-em-agosto","title":{"rendered":"Aux\u00edlio Brasil de R$ 600 come\u00e7a a ser pago em agosto"},"content":{"rendered":"<p>A partir de agosto, as fam\u00edlias participantes do Programa Aux\u00edlio Brasil receber\u00e3o o benef\u00edcio complementar de R$ 200, elevando para R$ 600 o valor \u00a0at\u00e9 dezembro.<img decoding=\"async\" src=\"https:\/\/agenciabrasil.ebc.com.br\/ebc.png?id=1471710&amp;o=node\" \/><img decoding=\"async\" src=\"https:\/\/agenciabrasil.ebc.com.br\/ebc.gif?id=1471710&amp;o=node\" \/><\/p>\n<p>\u00c9 o prev\u00ea a Portaria n\u00ba 797, publicada pelo Minist\u00e9rio da Cidadania no\u00a0<a href=\"http:\/\/in.gov.br\/en\/web\/dou\/-\/portaria-mc-n-797-de-18-de-julho-de-2022-416499147\" target=\"_blank\" rel=\"noopener\"><em>Di\u00e1rio Oficial da Uni\u00e3o<\/em><\/a>\u00a0de hoje (20).<\/p>\n<h2>Vale-g\u00e1s<\/h2>\n<p>Al\u00e9m de garantir o valor adicional para o Aux\u00edlio Brasil, a portaria descreve o c\u00e1lculo do valor de outro benef\u00edcio: o vale-g\u00e1s.<\/p>\n<p>O valor corresponder\u00e1 a um valor complementar na ordem de 50% da m\u00e9dia do pre\u00e7o nacional de refer\u00eancia do botij\u00e3o de 13 quilogramas de G\u00e1s Liquefeito de Petr\u00f3leo (GLP) nos \u00faltimos seis meses.<\/p>\n<p>A portaria, no entanto, estabelece um \u201cadicional extraordin\u00e1rio\u201d de igual valor. \u201cCom isso, o Aux\u00edlio G\u00e1s, pago a cada dois meses, ter\u00e1 o valor de 100% de um botij\u00e3o de g\u00e1s para o p\u00fablico benefici\u00e1rio e ser\u00e1 repassado nos meses de agosto, outubro e dezembro\u201d, informou o Minist\u00e9rio da Cidadania.<\/p>\n<p><strong>Leia mais<\/strong><\/p>\n<p><a href=\"https:\/\/redenoticiaz.com.br\/blog\/2022\/04\/15\/criancas-e-mulheres-de-campo-limpo-dependentes-do-auxilio-brasil-terao-de-atualizar-informacoes-de-saude\">Crian\u00e7as e mulheres de Campo Limpo dependentes do Aux\u00edlio Brasil ter\u00e3o de atualizar informa\u00e7\u00f5es de sa\u00fade<\/a><\/p>\n","protected":false},"excerpt":{"rendered":"<p>A partir de agosto, as fam\u00edlias participantes do Programa Aux\u00edlio Brasil receber\u00e3o o benef\u00edcio complementar de R$ 200, elevando para R$ 600 o valor \u00a0at\u00e9 dezembro. \u00c9 o prev\u00ea a Portaria n\u00ba 797, publicada pelo Minist\u00e9rio da Cidadania no\u00a0Di\u00e1rio Oficial da Uni\u00e3o\u00a0de hoje (20). Vale-g\u00e1s Al\u00e9m de garantir o valor adicional para o Aux\u00edlio Brasil, &hellip;<\/p>\n","protected":false},"author":12,"featured_media":88409,"comment_status":"open","ping_status":"closed","sticky":false,"template":"","format":"standard","meta":{"footnotes":""},"categories":[252,18753],"tags":[19017,19018,19019,2333],"class_list":["post-88408","post","type-post","status-publish","format-standard","has-post-thumbnail","hentry","category-acao-social","category-cidadania","tag-auxilio","tag-auxilio-emergencial","tag-bolsa-gas","tag-governo-federal"],"yoast_head":"<!-- This site is optimized with the Yoast SEO plugin v27.4 - https:\/\/yoast.com\/product\/yoast-seo-wordpress\/ -->\n<title>Aux\u00edlio Brasil de R$ 600 come\u00e7a a ser pago em agosto - Ribeir\u00e3o Preto e Regi\u00e3o<\/title>\n<meta name=\"description\" content=\"A partir de agosto, as fam\u00edlias participantes do Programa Aux\u00edlio Brasil receber\u00e3o o benef\u00edcio complementar de R$ 200, elevando para R$ 600.\" \/>\n<meta name=\"robots\" content=\"index, follow, max-snippet:-1, max-image-preview:large, max-video-preview:-1\" \/>\n<link rel=\"canonical\" href=\"https:\/\/redenoticiaz.com.br\/ribeiraopreto-regiao\/sp\/2022\/07\/20\/auxilio-brasil-de-r-600-comeca-a-ser-pago-em-agosto\" \/>\n<meta property=\"og:locale\" content=\"pt_BR\" \/>\n<meta property=\"og:type\" content=\"article\" \/>\n<meta property=\"og:title\" content=\"Aux\u00edlio Brasil de R$ 600 come\u00e7a a ser pago em agosto - Ribeir\u00e3o Preto e Regi\u00e3o\" \/>\n<meta property=\"og:description\" content=\"A partir de agosto, as fam\u00edlias participantes do Programa Aux\u00edlio Brasil receber\u00e3o o benef\u00edcio complementar de R$ 200, elevando para R$ 600.\" \/>\n<meta property=\"og:url\" content=\"https:\/\/redenoticiaz.com.br\/ribeiraopreto-regiao\/sp\/2022\/07\/20\/auxilio-brasil-de-r-600-comeca-a-ser-pago-em-agosto\" \/>\n<meta property=\"og:site_name\" content=\"Ribeir\u00e3o Preto e Regi\u00e3o\" \/>\n<meta property=\"article:publisher\" content=\"https:\/\/m.facebook.com\/redenoticiaz.barretos\" \/>\n<meta property=\"article:published_time\" content=\"2022-07-20T19:33:25+00:00\" \/>\n<meta property=\"article:modified_time\" content=\"2022-07-20T19:33:33+00:00\" \/>\n<meta property=\"og:image\" content=\"https:\/\/redenoticiaz.com.br\/ribeiraopreto-regiao\/wp-content\/uploads\/sites\/4\/2022\/07\/7tmq2vzw0gjzp789ykuxps4tb.jpg?v=1658345590\" \/>\n\t<meta property=\"og:image:width\" content=\"906\" \/>\n\t<meta property=\"og:image:height\" content=\"509\" \/>\n\t<meta property=\"og:image:type\" content=\"image\/jpeg\" \/>\n<meta name=\"author\" content=\"Gustavo Silva\" \/>\n<meta name=\"twitter:card\" content=\"summary_large_image\" \/>\n<meta name=\"twitter:creator\" content=\"@RN_barretos\" \/>\n<meta name=\"twitter:site\" content=\"@RN_barretos\" \/>\n<meta name=\"twitter:label1\" content=\"Escrito por\" \/>\n\t<meta name=\"twitter:data1\" content=\"Gustavo Silva\" \/>\n\t<meta name=\"twitter:label2\" content=\"Est. tempo de leitura\" \/>\n\t<meta name=\"twitter:data2\" content=\"2 minutos\" \/>\n<script type=\"application\/ld+json\" class=\"yoast-schema-graph\">{\"@context\":\"https:\\\/\\\/schema.org\",\"@graph\":[{\"@type\":\"Article\",\"@id\":\"https:\\\/\\\/redenoticiaz.com.br\\\/ribeiraopreto-regiao\\\/sp\\\/2022\\\/07\\\/20\\\/auxilio-brasil-de-r-600-comeca-a-ser-pago-em-agosto#article\",\"isPartOf\":{\"@id\":\"https:\\\/\\\/redenoticiaz.com.br\\\/ribeiraopreto-regiao\\\/sp\\\/2022\\\/07\\\/20\\\/auxilio-brasil-de-r-600-comeca-a-ser-pago-em-agosto\"},\"author\":{\"name\":\"Gustavo Silva\",\"@id\":\"https:\\\/\\\/redenoticiaz.com.br\\\/ribeiraopreto-regiao\\\/#\\\/schema\\\/person\\\/16057b37a3c0ee6b096d7f887c566e2e\"},\"headline\":\"Aux\u00edlio Brasil de R$ 600 come\u00e7a a ser pago em agosto\",\"datePublished\":\"2022-07-20T19:33:25+00:00\",\"dateModified\":\"2022-07-20T19:33:33+00:00\",\"mainEntityOfPage\":{\"@id\":\"https:\\\/\\\/redenoticiaz.com.br\\\/ribeiraopreto-regiao\\\/sp\\\/2022\\\/07\\\/20\\\/auxilio-brasil-de-r-600-comeca-a-ser-pago-em-agosto\"},\"wordCount\":206,\"commentCount\":0,\"publisher\":{\"@id\":\"https:\\\/\\\/redenoticiaz.com.br\\\/ribeiraopreto-regiao\\\/#organization\"},\"image\":{\"@id\":\"https:\\\/\\\/redenoticiaz.com.br\\\/ribeiraopreto-regiao\\\/sp\\\/2022\\\/07\\\/20\\\/auxilio-brasil-de-r-600-comeca-a-ser-pago-em-agosto#primaryimage\"},\"thumbnailUrl\":\"https:\\\/\\\/redenoticiaz.com.br\\\/ribeiraopreto-regiao\\\/wp-content\\\/uploads\\\/sites\\\/4\\\/2022\\\/07\\\/7tmq2vzw0gjzp789ykuxps4tb.jpg?v=1658345590\",\"keywords\":[\"AUX\u00cdLIO\",\"auxilio emergencial\",\"bolsa g\u00e1s\",\"GOVERNO FEDERAL\"],\"articleSection\":[\"A\u00e7\u00e3o Social\",\"Cidadania\"],\"inLanguage\":\"pt-BR\",\"potentialAction\":[{\"@type\":\"CommentAction\",\"name\":\"Comment\",\"target\":[\"https:\\\/\\\/redenoticiaz.com.br\\\/ribeiraopreto-regiao\\\/sp\\\/2022\\\/07\\\/20\\\/auxilio-brasil-de-r-600-comeca-a-ser-pago-em-agosto#respond\"]}]},{\"@type\":\"WebPage\",\"@id\":\"https:\\\/\\\/redenoticiaz.com.br\\\/ribeiraopreto-regiao\\\/sp\\\/2022\\\/07\\\/20\\\/auxilio-brasil-de-r-600-comeca-a-ser-pago-em-agosto\",\"url\":\"https:\\\/\\\/redenoticiaz.com.br\\\/ribeiraopreto-regiao\\\/sp\\\/2022\\\/07\\\/20\\\/auxilio-brasil-de-r-600-comeca-a-ser-pago-em-agosto\",\"name\":\"Aux\u00edlio Brasil de R$ 600 come\u00e7a a ser pago em agosto - Ribeir\u00e3o Preto e Regi\u00e3o\",\"isPartOf\":{\"@id\":\"https:\\\/\\\/redenoticiaz.com.br\\\/ribeiraopreto-regiao\\\/#website\"},\"primaryImageOfPage\":{\"@id\":\"https:\\\/\\\/redenoticiaz.com.br\\\/ribeiraopreto-regiao\\\/sp\\\/2022\\\/07\\\/20\\\/auxilio-brasil-de-r-600-comeca-a-ser-pago-em-agosto#primaryimage\"},\"image\":{\"@id\":\"https:\\\/\\\/redenoticiaz.com.br\\\/ribeiraopreto-regiao\\\/sp\\\/2022\\\/07\\\/20\\\/auxilio-brasil-de-r-600-comeca-a-ser-pago-em-agosto#primaryimage\"},\"thumbnailUrl\":\"https:\\\/\\\/redenoticiaz.com.br\\\/ribeiraopreto-regiao\\\/wp-content\\\/uploads\\\/sites\\\/4\\\/2022\\\/07\\\/7tmq2vzw0gjzp789ykuxps4tb.jpg?v=1658345590\",\"datePublished\":\"2022-07-20T19:33:25+00:00\",\"dateModified\":\"2022-07-20T19:33:33+00:00\",\"description\":\"A partir de agosto, as fam\u00edlias participantes do Programa Aux\u00edlio Brasil receber\u00e3o o benef\u00edcio complementar de R$ 200, elevando para R$ 600.\",\"inLanguage\":\"pt-BR\",\"potentialAction\":[{\"@type\":\"ReadAction\",\"target\":[\"https:\\\/\\\/redenoticiaz.com.br\\\/ribeiraopreto-regiao\\\/sp\\\/2022\\\/07\\\/20\\\/auxilio-brasil-de-r-600-comeca-a-ser-pago-em-agosto\"]}]},{\"@type\":\"ImageObject\",\"inLanguage\":\"pt-BR\",\"@id\":\"https:\\\/\\\/redenoticiaz.com.br\\\/ribeiraopreto-regiao\\\/sp\\\/2022\\\/07\\\/20\\\/auxilio-brasil-de-r-600-comeca-a-ser-pago-em-agosto#primaryimage\",\"url\":\"https:\\\/\\\/redenoticiaz.com.br\\\/ribeiraopreto-regiao\\\/wp-content\\\/uploads\\\/sites\\\/4\\\/2022\\\/07\\\/7tmq2vzw0gjzp789ykuxps4tb.jpg?v=1658345590\",\"contentUrl\":\"https:\\\/\\\/redenoticiaz.com.br\\\/ribeiraopreto-regiao\\\/wp-content\\\/uploads\\\/sites\\\/4\\\/2022\\\/07\\\/7tmq2vzw0gjzp789ykuxps4tb.jpg?v=1658345590\",\"width\":906,\"height\":509,\"caption\":\"Aux\u00edlio Brasil de R$ 600 come\u00e7a a ser pago em agosto\"},{\"@type\":\"WebSite\",\"@id\":\"https:\\\/\\\/redenoticiaz.com.br\\\/ribeiraopreto-regiao\\\/#website\",\"url\":\"https:\\\/\\\/redenoticiaz.com.br\\\/ribeiraopreto-regiao\\\/\",\"name\":\"Ribeir\u00e3o Preto e Regi\u00e3o\",\"description\":\"Rede NoticiaZ - Ribeir\u00e3o Preto e regi\u00e3o\",\"publisher\":{\"@id\":\"https:\\\/\\\/redenoticiaz.com.br\\\/ribeiraopreto-regiao\\\/#organization\"},\"potentialAction\":[{\"@type\":\"SearchAction\",\"target\":{\"@type\":\"EntryPoint\",\"urlTemplate\":\"https:\\\/\\\/redenoticiaz.com.br\\\/ribeiraopreto-regiao\\\/?s={search_term_string}\"},\"query-input\":{\"@type\":\"PropertyValueSpecification\",\"valueRequired\":true,\"valueName\":\"search_term_string\"}}],\"inLanguage\":\"pt-BR\"},{\"@type\":\"Organization\",\"@id\":\"https:\\\/\\\/redenoticiaz.com.br\\\/ribeiraopreto-regiao\\\/#organization\",\"name\":\"Ribeir\u00e3o Preto e Regi\u00e3o\",\"url\":\"https:\\\/\\\/redenoticiaz.com.br\\\/ribeiraopreto-regiao\\\/\",\"logo\":{\"@type\":\"ImageObject\",\"inLanguage\":\"pt-BR\",\"@id\":\"https:\\\/\\\/redenoticiaz.com.br\\\/ribeiraopreto-regiao\\\/#\\\/schema\\\/logo\\\/image\\\/\",\"url\":\"https:\\\/\\\/redenoticiaz.com.br\\\/barretos-regiao\\\/wp-content\\\/uploads\\\/sites\\\/4\\\/2022\\\/02\\\/logo.jpg\",\"contentUrl\":\"https:\\\/\\\/redenoticiaz.com.br\\\/barretos-regiao\\\/wp-content\\\/uploads\\\/sites\\\/4\\\/2022\\\/02\\\/logo.jpg\",\"width\":400,\"height\":250,\"caption\":\"Ribeir\u00e3o Preto e Regi\u00e3o\"},\"image\":{\"@id\":\"https:\\\/\\\/redenoticiaz.com.br\\\/ribeiraopreto-regiao\\\/#\\\/schema\\\/logo\\\/image\\\/\"},\"sameAs\":[\"https:\\\/\\\/m.facebook.com\\\/redenoticiaz.barretos\",\"https:\\\/\\\/x.com\\\/RN_barretos\",\"https:\\\/\\\/www.instagram.com\\\/redenoticiaz.barretos\\\/?igshid=YmMyMTA2M2Y\",\"https:\\\/\\\/www.linkedin.com\\\/company\\\/rede-noticiaz-barretos-e-regio\\\/\"]},{\"@type\":\"Person\",\"@id\":\"https:\\\/\\\/redenoticiaz.com.br\\\/ribeiraopreto-regiao\\\/#\\\/schema\\\/person\\\/16057b37a3c0ee6b096d7f887c566e2e\",\"name\":\"Gustavo Silva\",\"image\":{\"@type\":\"ImageObject\",\"inLanguage\":\"pt-BR\",\"@id\":\"https:\\\/\\\/secure.gravatar.com\\\/avatar\\\/3ee4e82f93b26de0a7cf4ea5eb7893da637ed6bb0c9170c58065944c56e28a33?s=96&d=mm&r=g\",\"url\":\"https:\\\/\\\/secure.gravatar.com\\\/avatar\\\/3ee4e82f93b26de0a7cf4ea5eb7893da637ed6bb0c9170c58065944c56e28a33?s=96&d=mm&r=g\",\"contentUrl\":\"https:\\\/\\\/secure.gravatar.com\\\/avatar\\\/3ee4e82f93b26de0a7cf4ea5eb7893da637ed6bb0c9170c58065944c56e28a33?s=96&d=mm&r=g\",\"caption\":\"Gustavo Silva\"},\"url\":\"https:\\\/\\\/redenoticiaz.com.br\\\/ribeiraopreto-regiao\\\/sp\\\/author\\\/gustavosilva\"}]}<\/script>\n<!-- \/ Yoast SEO plugin. -->","yoast_head_json":{"title":"Aux\u00edlio Brasil de R$ 600 come\u00e7a a ser pago em agosto - Ribeir\u00e3o Preto e Regi\u00e3o","description":"A partir de agosto, as fam\u00edlias participantes do Programa Aux\u00edlio Brasil receber\u00e3o o benef\u00edcio complementar de R$ 200, elevando para R$ 600.","robots":{"index":"index","follow":"follow","max-snippet":"max-snippet:-1","max-image-preview":"max-image-preview:large","max-video-preview":"max-video-preview:-1"},"canonical":"https:\/\/redenoticiaz.com.br\/ribeiraopreto-regiao\/sp\/2022\/07\/20\/auxilio-brasil-de-r-600-comeca-a-ser-pago-em-agosto","og_locale":"pt_BR","og_type":"article","og_title":"Aux\u00edlio Brasil de R$ 600 come\u00e7a a ser pago em agosto - Ribeir\u00e3o Preto e Regi\u00e3o","og_description":"A partir de agosto, as fam\u00edlias participantes do Programa Aux\u00edlio Brasil receber\u00e3o o benef\u00edcio complementar de R$ 200, elevando para R$ 600.","og_url":"https:\/\/redenoticiaz.com.br\/ribeiraopreto-regiao\/sp\/2022\/07\/20\/auxilio-brasil-de-r-600-comeca-a-ser-pago-em-agosto","og_site_name":"Ribeir\u00e3o Preto e Regi\u00e3o","article_publisher":"https:\/\/m.facebook.com\/redenoticiaz.barretos","article_published_time":"2022-07-20T19:33:25+00:00","article_modified_time":"2022-07-20T19:33:33+00:00","og_image":[{"width":906,"height":509,"url":"https:\/\/redenoticiaz.com.br\/ribeiraopreto-regiao\/wp-content\/uploads\/sites\/4\/2022\/07\/7tmq2vzw0gjzp789ykuxps4tb.jpg?v=1658345590","type":"image\/jpeg"}],"author":"Gustavo Silva","twitter_card":"summary_large_image","twitter_creator":"@RN_barretos","twitter_site":"@RN_barretos","twitter_misc":{"Escrito por":"Gustavo Silva","Est. tempo de leitura":"2 minutos"},"schema":{"@context":"https:\/\/schema.org","@graph":[{"@type":"Article","@id":"https:\/\/redenoticiaz.com.br\/ribeiraopreto-regiao\/sp\/2022\/07\/20\/auxilio-brasil-de-r-600-comeca-a-ser-pago-em-agosto#article","isPartOf":{"@id":"https:\/\/redenoticiaz.com.br\/ribeiraopreto-regiao\/sp\/2022\/07\/20\/auxilio-brasil-de-r-600-comeca-a-ser-pago-em-agosto"},"author":{"name":"Gustavo Silva","@id":"https:\/\/redenoticiaz.com.br\/ribeiraopreto-regiao\/#\/schema\/person\/16057b37a3c0ee6b096d7f887c566e2e"},"headline":"Aux\u00edlio Brasil de R$ 600 come\u00e7a a ser pago em agosto","datePublished":"2022-07-20T19:33:25+00:00","dateModified":"2022-07-20T19:33:33+00:00","mainEntityOfPage":{"@id":"https:\/\/redenoticiaz.com.br\/ribeiraopreto-regiao\/sp\/2022\/07\/20\/auxilio-brasil-de-r-600-comeca-a-ser-pago-em-agosto"},"wordCount":206,"commentCount":0,"publisher":{"@id":"https:\/\/redenoticiaz.com.br\/ribeiraopreto-regiao\/#organization"},"image":{"@id":"https:\/\/redenoticiaz.com.br\/ribeiraopreto-regiao\/sp\/2022\/07\/20\/auxilio-brasil-de-r-600-comeca-a-ser-pago-em-agosto#primaryimage"},"thumbnailUrl":"https:\/\/redenoticiaz.com.br\/ribeiraopreto-regiao\/wp-content\/uploads\/sites\/4\/2022\/07\/7tmq2vzw0gjzp789ykuxps4tb.jpg?v=1658345590","keywords":["AUX\u00cdLIO","auxilio emergencial","bolsa g\u00e1s","GOVERNO FEDERAL"],"articleSection":["A\u00e7\u00e3o Social","Cidadania"],"inLanguage":"pt-BR","potentialAction":[{"@type":"CommentAction","name":"Comment","target":["https:\/\/redenoticiaz.com.br\/ribeiraopreto-regiao\/sp\/2022\/07\/20\/auxilio-brasil-de-r-600-comeca-a-ser-pago-em-agosto#respond"]}]},{"@type":"WebPage","@id":"https:\/\/redenoticiaz.com.br\/ribeiraopreto-regiao\/sp\/2022\/07\/20\/auxilio-brasil-de-r-600-comeca-a-ser-pago-em-agosto","url":"https:\/\/redenoticiaz.com.br\/ribeiraopreto-regiao\/sp\/2022\/07\/20\/auxilio-brasil-de-r-600-comeca-a-ser-pago-em-agosto","name":"Aux\u00edlio Brasil de R$ 600 come\u00e7a a ser pago em agosto - Ribeir\u00e3o Preto e Regi\u00e3o","isPartOf":{"@id":"https:\/\/redenoticiaz.com.br\/ribeiraopreto-regiao\/#website"},"primaryImageOfPage":{"@id":"https:\/\/redenoticiaz.com.br\/ribeiraopreto-regiao\/sp\/2022\/07\/20\/auxilio-brasil-de-r-600-comeca-a-ser-pago-em-agosto#primaryimage"},"image":{"@id":"https:\/\/redenoticiaz.com.br\/ribeiraopreto-regiao\/sp\/2022\/07\/20\/auxilio-brasil-de-r-600-comeca-a-ser-pago-em-agosto#primaryimage"},"thumbnailUrl":"https:\/\/redenoticiaz.com.br\/ribeiraopreto-regiao\/wp-content\/uploads\/sites\/4\/2022\/07\/7tmq2vzw0gjzp789ykuxps4tb.jpg?v=1658345590","datePublished":"2022-07-20T19:33:25+00:00","dateModified":"2022-07-20T19:33:33+00:00","description":"A partir de agosto, as fam\u00edlias participantes do Programa Aux\u00edlio Brasil receber\u00e3o o benef\u00edcio complementar de R$ 200, elevando para R$ 600.","inLanguage":"pt-BR","potentialAction":[{"@type":"ReadAction","target":["https:\/\/redenoticiaz.com.br\/ribeiraopreto-regiao\/sp\/2022\/07\/20\/auxilio-brasil-de-r-600-comeca-a-ser-pago-em-agosto"]}]},{"@type":"ImageObject","inLanguage":"pt-BR","@id":"https:\/\/redenoticiaz.com.br\/ribeiraopreto-regiao\/sp\/2022\/07\/20\/auxilio-brasil-de-r-600-comeca-a-ser-pago-em-agosto#primaryimage","url":"https:\/\/redenoticiaz.com.br\/ribeiraopreto-regiao\/wp-content\/uploads\/sites\/4\/2022\/07\/7tmq2vzw0gjzp789ykuxps4tb.jpg?v=1658345590","contentUrl":"https:\/\/redenoticiaz.com.br\/ribeiraopreto-regiao\/wp-content\/uploads\/sites\/4\/2022\/07\/7tmq2vzw0gjzp789ykuxps4tb.jpg?v=1658345590","width":906,"height":509,"caption":"Aux\u00edlio Brasil de R$ 600 come\u00e7a a ser pago em agosto"},{"@type":"WebSite","@id":"https:\/\/redenoticiaz.com.br\/ribeiraopreto-regiao\/#website","url":"https:\/\/redenoticiaz.com.br\/ribeiraopreto-regiao\/","name":"Ribeir\u00e3o Preto e Regi\u00e3o","description":"Rede NoticiaZ - Ribeir\u00e3o Preto e regi\u00e3o","publisher":{"@id":"https:\/\/redenoticiaz.com.br\/ribeiraopreto-regiao\/#organization"},"potentialAction":[{"@type":"SearchAction","target":{"@type":"EntryPoint","urlTemplate":"https:\/\/redenoticiaz.com.br\/ribeiraopreto-regiao\/?s={search_term_string}"},"query-input":{"@type":"PropertyValueSpecification","valueRequired":true,"valueName":"search_term_string"}}],"inLanguage":"pt-BR"},{"@type":"Organization","@id":"https:\/\/redenoticiaz.com.br\/ribeiraopreto-regiao\/#organization","name":"Ribeir\u00e3o Preto e Regi\u00e3o","url":"https:\/\/redenoticiaz.com.br\/ribeiraopreto-regiao\/","logo":{"@type":"ImageObject","inLanguage":"pt-BR","@id":"https:\/\/redenoticiaz.com.br\/ribeiraopreto-regiao\/#\/schema\/logo\/image\/","url":"https:\/\/redenoticiaz.com.br\/barretos-regiao\/wp-content\/uploads\/sites\/4\/2022\/02\/logo.jpg","contentUrl":"https:\/\/redenoticiaz.com.br\/barretos-regiao\/wp-content\/uploads\/sites\/4\/2022\/02\/logo.jpg","width":400,"height":250,"caption":"Ribeir\u00e3o Preto e Regi\u00e3o"},"image":{"@id":"https:\/\/redenoticiaz.com.br\/ribeiraopreto-regiao\/#\/schema\/logo\/image\/"},"sameAs":["https:\/\/m.facebook.com\/redenoticiaz.barretos","https:\/\/x.com\/RN_barretos","https:\/\/www.instagram.com\/redenoticiaz.barretos\/?igshid=YmMyMTA2M2Y","https:\/\/www.linkedin.com\/company\/rede-noticiaz-barretos-e-regio\/"]},{"@type":"Person","@id":"https:\/\/redenoticiaz.com.br\/ribeiraopreto-regiao\/#\/schema\/person\/16057b37a3c0ee6b096d7f887c566e2e","name":"Gustavo Silva","image":{"@type":"ImageObject","inLanguage":"pt-BR","@id":"https:\/\/secure.gravatar.com\/avatar\/3ee4e82f93b26de0a7cf4ea5eb7893da637ed6bb0c9170c58065944c56e28a33?s=96&d=mm&r=g","url":"https:\/\/secure.gravatar.com\/avatar\/3ee4e82f93b26de0a7cf4ea5eb7893da637ed6bb0c9170c58065944c56e28a33?s=96&d=mm&r=g","contentUrl":"https:\/\/secure.gravatar.com\/avatar\/3ee4e82f93b26de0a7cf4ea5eb7893da637ed6bb0c9170c58065944c56e28a33?s=96&d=mm&r=g","caption":"Gustavo Silva"},"url":"https:\/\/redenoticiaz.com.br\/ribeiraopreto-regiao\/sp\/author\/gustavosilva"}]}},"_links":{"self":[{"href":"https:\/\/redenoticiaz.com.br\/ribeiraopreto-regiao\/wp-json\/wp\/v2\/posts\/88408","targetHints":{"allow":["GET"]}}],"collection":[{"href":"https:\/\/redenoticiaz.com.br\/ribeiraopreto-regiao\/wp-json\/wp\/v2\/posts"}],"about":[{"href":"https:\/\/redenoticiaz.com.br\/ribeiraopreto-regiao\/wp-json\/wp\/v2\/types\/post"}],"author":[{"embeddable":true,"href":"https:\/\/redenoticiaz.com.br\/ribeiraopreto-regiao\/wp-json\/wp\/v2\/users\/12"}],"replies":[{"embeddable":true,"href":"https:\/\/redenoticiaz.com.br\/ribeiraopreto-regiao\/wp-json\/wp\/v2\/comments?post=88408"}],"version-history":[{"count":0,"href":"https:\/\/redenoticiaz.com.br\/ribeiraopreto-regiao\/wp-json\/wp\/v2\/posts\/88408\/revisions"}],"wp:featuredmedia":[{"embeddable":true,"href":"https:\/\/redenoticiaz.com.br\/ribeiraopreto-regiao\/wp-json\/wp\/v2\/media\/88409"}],"wp:attachment":[{"href":"https:\/\/redenoticiaz.com.br\/ribeiraopreto-regiao\/wp-json\/wp\/v2\/media?parent=88408"}],"wp:term":[{"taxonomy":"category","embeddable":true,"href":"https:\/\/redenoticiaz.com.br\/ribeiraopreto-regiao\/wp-json\/wp\/v2\/categories?post=88408"},{"taxonomy":"post_tag","embeddable":true,"href":"https:\/\/redenoticiaz.com.br\/ribeiraopreto-regiao\/wp-json\/wp\/v2\/tags?post=88408"}],"curies":[{"name":"wp","href":"https:\/\/api.w.org\/{rel}","templated":true}]}}