{"id":88413,"date":"2022-07-20T16:56:20","date_gmt":"2022-07-20T19:56:20","guid":{"rendered":"https:\/\/redenoticiaz.com.br\/barretos-regiao\/sp\/2022\/07\/20\/alison-dos-santos-faz-historia-e-garante-titulo-mundial-no-atletismo"},"modified":"2022-07-20T16:56:20","modified_gmt":"2022-07-20T19:56:20","slug":"alison-dos-santos-faz-historia-e-garante-titulo-mundial-no-atletismo","status":"publish","type":"post","link":"https:\/\/redenoticiaz.com.br\/ribeiraopreto-regiao\/sp\/2022\/07\/20\/alison-dos-santos-faz-historia-e-garante-titulo-mundial-no-atletismo","title":{"rendered":"Alison dos Santos faz hist\u00f3ria e garante t\u00edtulo mundial no atletismo"},"content":{"rendered":"<p>O Brasil teve uma conquista hist\u00f3rica nessa ter\u00e7a-feira (19) no <a href=\"https:\/\/worldathletics.org\/\">Mundial de Atletismo<\/a>. <strong>Alison dos Santos se tornou campe\u00e3o mundial no atletismo<\/strong> ao vencer a prova dos 400m com barreiras, em Oregon, nos Estados Unidos. Ele obteve o tempo de 46s29, garantindo o terceiro melhor tempo da prova. J\u00e1 os norte-americanos Rai Benjamin e Trevor Bassitt completaram o p\u00f3dio.<\/p>\n<p>O feito de Alison foi t\u00e3o impressionante que at\u00e9 mesmo o campe\u00e3o ol\u00edmpico e atual recordista mundial da prova, Karsten Warholm foi superado e ficou na s\u00e9tima posi\u00e7\u00e3o.<\/p>\n<p>Com a vit\u00f3ria, Alison dos Santos estabeleceu o recorde da prova no Campeonato Mundial de atletismo. \u00c9, tamb\u00e9m, a melhor marca da temporada, seis d\u00e9cimos \u00e0 frente do segundo colocado. Benjamin, prata, fechou a prova com 46s89, com Bassit um pouco atr\u00e1s (47s39).<\/p>\n<div class=\"mc-column content-text active-extra-styles \" data-block-type=\"unstyled\" data-block-weight=\"48\" data-block-id=\"10\">\n<p class=\"content-text__container \" data-track-category=\"Link no Texto\" data-track-links=\"\">Piu, como \u00e9 conhecido o novo campe\u00e3o mundial, j\u00e1 fazia uma excelente temporada antes da noite de ter\u00e7a. Em 2022, ganhou todas as quatro etapas da Diamond League que disputou e chegou em Eugene como l\u00edder do ranking mundial na prova, em que o Brasil nunca teve tradi\u00e7\u00e3o.<\/p>\n<\/div>\n<div class=\"mc-column content-text active-extra-styles \" data-block-type=\"unstyled\" data-block-weight=\"30\" data-block-id=\"11\">\n<p class=\"content-text__container \" data-track-category=\"Link no Texto\" data-track-links=\"\">A World Athletics, organiza\u00e7\u00e3o que gere o atletismo, usou as redes sociais para brincar com o resultado de Piu na decis\u00e3o, colocando o rosto dele no lugar do Cristo Redentor.<\/p>\n<h3 data-track-category=\"Link no Texto\">Fa\u00e7anha<\/h3>\n<div class=\"mc-column content-text active-extra-styles \" data-block-type=\"unstyled\" data-block-weight=\"55\" data-block-id=\"17\">\n<p class=\"content-text__container \" data-track-category=\"Link no Texto\" data-track-links=\"\">Em 2021, Alison j\u00e1 fez hist\u00f3ria ao conquistar o bronze nos Jogos Ol\u00edmpicos de T\u00f3quio com o tempo de 46s72, apenas 0s02 acima do recorde mundial at\u00e9 aquele dia. O azar do brasileiro \u00e9 que tanto Warholm quanto Benjamin correram tempos abaixo da melhor marca da hist\u00f3ria, estabelecida um m\u00eas antes pelo pr\u00f3prio noruegu\u00eas.<\/p>\n<\/div>\n<div class=\"mc-column content-text active-extra-styles \" data-block-type=\"unstyled\" data-block-weight=\"51\" data-block-id=\"18\">\n<p class=\"content-text__container \" data-track-category=\"Link no Texto\" data-track-links=\"\">Foi a primeira vez que um brasileiro conquistou medalha em uma grande competi\u00e7\u00e3o internacional na prova dos 400m com barreiras. Aos 22 anos, Alison dos Santos j\u00e1 foi campe\u00e3o pan-americano em 2019, em Lima, no Peru. Al\u00e9m do bronze ol\u00edmpico, conquistou tamb\u00e9m o terceiro lugar no mundial sub20, em 2018.<\/p>\n<p data-track-category=\"Link no Texto\" data-track-links=\"\">Alison passou por um longo per\u00edodo de treinos nos Estados Unidos neste ano, em Chula Vista, na Calif\u00f3rnia, com o objetivo de aprimorar os primeiros 200m da prova, o que era a principal defici\u00eancia do brasileiro.<\/p>\n<\/div>\n<\/div>\n","protected":false},"excerpt":{"rendered":"<p>O Brasil teve uma conquista hist\u00f3rica nessa ter\u00e7a-feira (19) no Mundial de Atletismo. Alison dos Santos se tornou campe\u00e3o mundial no atletismo ao vencer a prova dos 400m com barreiras, em Oregon, nos Estados Unidos. Ele obteve o tempo de 46s29, garantindo o terceiro melhor tempo da prova. J\u00e1 os norte-americanos Rai Benjamin e Trevor &hellip;<\/p>\n","protected":false},"author":6,"featured_media":88414,"comment_status":"open","ping_status":"closed","sticky":false,"template":"","format":"standard","meta":{"footnotes":""},"categories":[87],"tags":[19022,19023,19024,18544,70,193,19025,19026,19027],"class_list":["post-88413","post","type-post","status-publish","format-standard","has-post-thumbnail","hentry","category-esporte","tag-400m-com-barreiras","tag-alison-campeao-mundial","tag-alison-dos-santos","tag-atletismo","tag-brasil","tag-estados-unidos","tag-mundial-de-atletismo","tag-oregon","tag-pio"],"yoast_head":"<!-- This site is optimized with the Yoast SEO plugin v28.3 - https:\/\/yoast.com\/product\/yoast-seo-wordpress\/ -->\n<title>Alison dos Santos faz hist\u00f3ria e garante t\u00edtulo mundial no atletismo - Ribeir\u00e3o Preto e Regi\u00e3o<\/title>\n<meta name=\"description\" content=\"uma conquista hist\u00f3rica nessa ter\u00e7a-feira (19) no Mundial de Atletismo. Alison dos Santos se tornou campe\u00e3o mundial no atletismo ao vencer\" \/>\n<meta name=\"robots\" content=\"index, follow, max-snippet:-1, max-image-preview:large, max-video-preview:-1\" \/>\n<link rel=\"canonical\" href=\"https:\/\/redenoticiaz.com.br\/ribeiraopreto-regiao\/sp\/2022\/07\/20\/alison-dos-santos-faz-historia-e-garante-titulo-mundial-no-atletismo\" \/>\n<meta property=\"og:locale\" content=\"pt_BR\" \/>\n<meta property=\"og:type\" content=\"article\" \/>\n<meta property=\"og:title\" content=\"Alison dos Santos faz hist\u00f3ria e garante t\u00edtulo mundial no atletismo - Ribeir\u00e3o Preto e Regi\u00e3o\" \/>\n<meta property=\"og:description\" content=\"uma conquista hist\u00f3rica nessa ter\u00e7a-feira (19) no Mundial de Atletismo. Alison dos Santos se tornou campe\u00e3o mundial no atletismo ao vencer\" \/>\n<meta property=\"og:url\" content=\"https:\/\/redenoticiaz.com.br\/ribeiraopreto-regiao\/sp\/2022\/07\/20\/alison-dos-santos-faz-historia-e-garante-titulo-mundial-no-atletismo\" \/>\n<meta property=\"og:site_name\" content=\"Ribeir\u00e3o Preto e Regi\u00e3o\" \/>\n<meta property=\"article:publisher\" content=\"https:\/\/m.facebook.com\/redenoticiaz.barretos\" \/>\n<meta property=\"article:published_time\" content=\"2022-07-20T19:56:20+00:00\" \/>\n<meta property=\"og:image\" content=\"https:\/\/redenoticiaz.com.br\/ribeiraopreto-regiao\/wp-content\/uploads\/sites\/4\/2022\/02\/logo.jpg\" \/>\n\t<meta property=\"og:image:width\" content=\"400\" \/>\n\t<meta property=\"og:image:height\" content=\"250\" \/>\n\t<meta property=\"og:image:type\" content=\"image\/jpeg\" \/>\n<meta name=\"author\" content=\"Leonardo Francisco\" \/>\n<meta name=\"twitter:card\" content=\"summary_large_image\" \/>\n<meta name=\"twitter:creator\" content=\"@RN_barretos\" \/>\n<meta name=\"twitter:site\" content=\"@RN_barretos\" \/>\n<meta name=\"twitter:label1\" content=\"Escrito por\" \/>\n\t<meta name=\"twitter:data1\" content=\"Leonardo Francisco\" \/>\n\t<meta name=\"twitter:label2\" content=\"Est. tempo de leitura\" \/>\n\t<meta name=\"twitter:data2\" content=\"2 minutos\" \/>\n<script type=\"application\/ld+json\" class=\"yoast-schema-graph\">{\"@context\":\"https:\\\/\\\/schema.org\",\"@graph\":[{\"@type\":\"Article\",\"@id\":\"https:\\\/\\\/redenoticiaz.com.br\\\/ribeiraopreto-regiao\\\/sp\\\/2022\\\/07\\\/20\\\/alison-dos-santos-faz-historia-e-garante-titulo-mundial-no-atletismo#article\",\"isPartOf\":{\"@id\":\"https:\\\/\\\/redenoticiaz.com.br\\\/ribeiraopreto-regiao\\\/sp\\\/2022\\\/07\\\/20\\\/alison-dos-santos-faz-historia-e-garante-titulo-mundial-no-atletismo\"},\"author\":{\"name\":\"Leonardo Francisco\",\"@id\":\"https:\\\/\\\/redenoticiaz.com.br\\\/ribeiraopreto-regiao\\\/#\\\/schema\\\/person\\\/0f0b8a5bdafefe82841e07ae8d81ecb3\"},\"headline\":\"Alison dos Santos faz hist\u00f3ria e garante t\u00edtulo mundial no atletismo\",\"datePublished\":\"2022-07-20T19:56:20+00:00\",\"mainEntityOfPage\":{\"@id\":\"https:\\\/\\\/redenoticiaz.com.br\\\/ribeiraopreto-regiao\\\/sp\\\/2022\\\/07\\\/20\\\/alison-dos-santos-faz-historia-e-garante-titulo-mundial-no-atletismo\"},\"wordCount\":387,\"commentCount\":0,\"publisher\":{\"@id\":\"https:\\\/\\\/redenoticiaz.com.br\\\/ribeiraopreto-regiao\\\/#organization\"},\"image\":{\"@id\":\"https:\\\/\\\/redenoticiaz.com.br\\\/ribeiraopreto-regiao\\\/sp\\\/2022\\\/07\\\/20\\\/alison-dos-santos-faz-historia-e-garante-titulo-mundial-no-atletismo#primaryimage\"},\"thumbnailUrl\":\"https:\\\/\\\/redenoticiaz.com.br\\\/ribeiraopreto-regiao\\\/wp-content\\\/uploads\\\/sites\\\/4\\\/2022\\\/07\\\/alison_dos_santos_campea_mundial_400m_c_barreiras.jpg?v=1658346885\",\"keywords\":[\"400M COM BARREIRAS\",\"ALISON CAMPE\u00c3O MUNDIAL\",\"ALISON DOS SANTOS\",\"ATLETISMO\",\"Brasil\",\"Estados Unidos\",\"MUNDIAL DE ATLETISMO\",\"OREGON\",\"PIO\"],\"articleSection\":[\"Esporte\"],\"inLanguage\":\"pt-BR\",\"potentialAction\":[{\"@type\":\"CommentAction\",\"name\":\"Comment\",\"target\":[\"https:\\\/\\\/redenoticiaz.com.br\\\/ribeiraopreto-regiao\\\/sp\\\/2022\\\/07\\\/20\\\/alison-dos-santos-faz-historia-e-garante-titulo-mundial-no-atletismo#respond\"]}]},{\"@type\":\"WebPage\",\"@id\":\"https:\\\/\\\/redenoticiaz.com.br\\\/ribeiraopreto-regiao\\\/sp\\\/2022\\\/07\\\/20\\\/alison-dos-santos-faz-historia-e-garante-titulo-mundial-no-atletismo\",\"url\":\"https:\\\/\\\/redenoticiaz.com.br\\\/ribeiraopreto-regiao\\\/sp\\\/2022\\\/07\\\/20\\\/alison-dos-santos-faz-historia-e-garante-titulo-mundial-no-atletismo\",\"name\":\"Alison dos Santos faz hist\u00f3ria e garante t\u00edtulo mundial no atletismo - Ribeir\u00e3o Preto e Regi\u00e3o\",\"isPartOf\":{\"@id\":\"https:\\\/\\\/redenoticiaz.com.br\\\/ribeiraopreto-regiao\\\/#website\"},\"primaryImageOfPage\":{\"@id\":\"https:\\\/\\\/redenoticiaz.com.br\\\/ribeiraopreto-regiao\\\/sp\\\/2022\\\/07\\\/20\\\/alison-dos-santos-faz-historia-e-garante-titulo-mundial-no-atletismo#primaryimage\"},\"image\":{\"@id\":\"https:\\\/\\\/redenoticiaz.com.br\\\/ribeiraopreto-regiao\\\/sp\\\/2022\\\/07\\\/20\\\/alison-dos-santos-faz-historia-e-garante-titulo-mundial-no-atletismo#primaryimage\"},\"thumbnailUrl\":\"https:\\\/\\\/redenoticiaz.com.br\\\/ribeiraopreto-regiao\\\/wp-content\\\/uploads\\\/sites\\\/4\\\/2022\\\/07\\\/alison_dos_santos_campea_mundial_400m_c_barreiras.jpg?v=1658346885\",\"datePublished\":\"2022-07-20T19:56:20+00:00\",\"description\":\"uma conquista hist\u00f3rica nessa ter\u00e7a-feira (19) no Mundial de Atletismo. Alison dos Santos se tornou campe\u00e3o mundial no atletismo ao vencer\",\"inLanguage\":\"pt-BR\",\"potentialAction\":[{\"@type\":\"ReadAction\",\"target\":[\"https:\\\/\\\/redenoticiaz.com.br\\\/ribeiraopreto-regiao\\\/sp\\\/2022\\\/07\\\/20\\\/alison-dos-santos-faz-historia-e-garante-titulo-mundial-no-atletismo\"]}]},{\"@type\":\"ImageObject\",\"inLanguage\":\"pt-BR\",\"@id\":\"https:\\\/\\\/redenoticiaz.com.br\\\/ribeiraopreto-regiao\\\/sp\\\/2022\\\/07\\\/20\\\/alison-dos-santos-faz-historia-e-garante-titulo-mundial-no-atletismo#primaryimage\",\"url\":\"https:\\\/\\\/redenoticiaz.com.br\\\/ribeiraopreto-regiao\\\/wp-content\\\/uploads\\\/sites\\\/4\\\/2022\\\/07\\\/alison_dos_santos_campea_mundial_400m_c_barreiras.jpg?v=1658346885\",\"contentUrl\":\"https:\\\/\\\/redenoticiaz.com.br\\\/ribeiraopreto-regiao\\\/wp-content\\\/uploads\\\/sites\\\/4\\\/2022\\\/07\\\/alison_dos_santos_campea_mundial_400m_c_barreiras.jpg?v=1658346885\",\"width\":1170,\"height\":700,\"caption\":\"Cr\u00e9ditos: Reuters\"},{\"@type\":\"WebSite\",\"@id\":\"https:\\\/\\\/redenoticiaz.com.br\\\/ribeiraopreto-regiao\\\/#website\",\"url\":\"https:\\\/\\\/redenoticiaz.com.br\\\/ribeiraopreto-regiao\\\/\",\"name\":\"Ribeir\u00e3o Preto e Regi\u00e3o\",\"description\":\"Rede NoticiaZ - Ribeir\u00e3o Preto e regi\u00e3o\",\"publisher\":{\"@id\":\"https:\\\/\\\/redenoticiaz.com.br\\\/ribeiraopreto-regiao\\\/#organization\"},\"potentialAction\":[{\"@type\":\"SearchAction\",\"target\":{\"@type\":\"EntryPoint\",\"urlTemplate\":\"https:\\\/\\\/redenoticiaz.com.br\\\/ribeiraopreto-regiao\\\/?s={search_term_string}\"},\"query-input\":{\"@type\":\"PropertyValueSpecification\",\"valueRequired\":true,\"valueName\":\"search_term_string\"}}],\"inLanguage\":\"pt-BR\"},{\"@type\":\"Organization\",\"@id\":\"https:\\\/\\\/redenoticiaz.com.br\\\/ribeiraopreto-regiao\\\/#organization\",\"name\":\"Ribeir\u00e3o Preto e Regi\u00e3o\",\"url\":\"https:\\\/\\\/redenoticiaz.com.br\\\/ribeiraopreto-regiao\\\/\",\"logo\":{\"@type\":\"ImageObject\",\"inLanguage\":\"pt-BR\",\"@id\":\"https:\\\/\\\/redenoticiaz.com.br\\\/ribeiraopreto-regiao\\\/#\\\/schema\\\/logo\\\/image\\\/\",\"url\":\"https:\\\/\\\/redenoticiaz.com.br\\\/barretos-regiao\\\/wp-content\\\/uploads\\\/sites\\\/4\\\/2022\\\/02\\\/logo.jpg\",\"contentUrl\":\"https:\\\/\\\/redenoticiaz.com.br\\\/barretos-regiao\\\/wp-content\\\/uploads\\\/sites\\\/4\\\/2022\\\/02\\\/logo.jpg\",\"width\":400,\"height\":250,\"caption\":\"Ribeir\u00e3o Preto e Regi\u00e3o\"},\"image\":{\"@id\":\"https:\\\/\\\/redenoticiaz.com.br\\\/ribeiraopreto-regiao\\\/#\\\/schema\\\/logo\\\/image\\\/\"},\"sameAs\":[\"https:\\\/\\\/m.facebook.com\\\/redenoticiaz.barretos\",\"https:\\\/\\\/x.com\\\/RN_barretos\",\"https:\\\/\\\/www.instagram.com\\\/redenoticiaz.barretos\\\/?igshid=YmMyMTA2M2Y\",\"https:\\\/\\\/www.linkedin.com\\\/company\\\/rede-noticiaz-barretos-e-regio\\\/\"]},{\"@type\":\"Person\",\"@id\":\"https:\\\/\\\/redenoticiaz.com.br\\\/ribeiraopreto-regiao\\\/#\\\/schema\\\/person\\\/0f0b8a5bdafefe82841e07ae8d81ecb3\",\"name\":\"Leonardo Francisco\",\"image\":{\"@type\":\"ImageObject\",\"inLanguage\":\"pt-BR\",\"@id\":\"https:\\\/\\\/secure.gravatar.com\\\/avatar\\\/a7358cb406a99b682ec6df1e77e31ae82e63601f6784e8a3df411d72b37864da?s=96&d=mm&r=g\",\"url\":\"https:\\\/\\\/secure.gravatar.com\\\/avatar\\\/a7358cb406a99b682ec6df1e77e31ae82e63601f6784e8a3df411d72b37864da?s=96&d=mm&r=g\",\"contentUrl\":\"https:\\\/\\\/secure.gravatar.com\\\/avatar\\\/a7358cb406a99b682ec6df1e77e31ae82e63601f6784e8a3df411d72b37864da?s=96&d=mm&r=g\",\"caption\":\"Leonardo Francisco\"},\"url\":\"https:\\\/\\\/redenoticiaz.com.br\\\/ribeiraopreto-regiao\\\/sp\\\/author\\\/leonardo-francisco\"}]}<\/script>\n<!-- \/ Yoast SEO plugin. -->","yoast_head_json":{"title":"Alison dos Santos faz hist\u00f3ria e garante t\u00edtulo mundial no atletismo - Ribeir\u00e3o Preto e Regi\u00e3o","description":"uma conquista hist\u00f3rica nessa ter\u00e7a-feira (19) no Mundial de Atletismo. Alison dos Santos se tornou campe\u00e3o mundial no atletismo ao vencer","robots":{"index":"index","follow":"follow","max-snippet":"max-snippet:-1","max-image-preview":"max-image-preview:large","max-video-preview":"max-video-preview:-1"},"canonical":"https:\/\/redenoticiaz.com.br\/ribeiraopreto-regiao\/sp\/2022\/07\/20\/alison-dos-santos-faz-historia-e-garante-titulo-mundial-no-atletismo","og_locale":"pt_BR","og_type":"article","og_title":"Alison dos Santos faz hist\u00f3ria e garante t\u00edtulo mundial no atletismo - Ribeir\u00e3o Preto e Regi\u00e3o","og_description":"uma conquista hist\u00f3rica nessa ter\u00e7a-feira (19) no Mundial de Atletismo. Alison dos Santos se tornou campe\u00e3o mundial no atletismo ao vencer","og_url":"https:\/\/redenoticiaz.com.br\/ribeiraopreto-regiao\/sp\/2022\/07\/20\/alison-dos-santos-faz-historia-e-garante-titulo-mundial-no-atletismo","og_site_name":"Ribeir\u00e3o Preto e Regi\u00e3o","article_publisher":"https:\/\/m.facebook.com\/redenoticiaz.barretos","article_published_time":"2022-07-20T19:56:20+00:00","og_image":[{"width":400,"height":250,"url":"https:\/\/redenoticiaz.com.br\/ribeiraopreto-regiao\/wp-content\/uploads\/sites\/4\/2022\/02\/logo.jpg","type":"image\/jpeg"}],"author":"Leonardo Francisco","twitter_card":"summary_large_image","twitter_creator":"@RN_barretos","twitter_site":"@RN_barretos","twitter_misc":{"Escrito por":"Leonardo Francisco","Est. tempo de leitura":"2 minutos"},"schema":{"@context":"https:\/\/schema.org","@graph":[{"@type":"Article","@id":"https:\/\/redenoticiaz.com.br\/ribeiraopreto-regiao\/sp\/2022\/07\/20\/alison-dos-santos-faz-historia-e-garante-titulo-mundial-no-atletismo#article","isPartOf":{"@id":"https:\/\/redenoticiaz.com.br\/ribeiraopreto-regiao\/sp\/2022\/07\/20\/alison-dos-santos-faz-historia-e-garante-titulo-mundial-no-atletismo"},"author":{"name":"Leonardo Francisco","@id":"https:\/\/redenoticiaz.com.br\/ribeiraopreto-regiao\/#\/schema\/person\/0f0b8a5bdafefe82841e07ae8d81ecb3"},"headline":"Alison dos Santos faz hist\u00f3ria e garante t\u00edtulo mundial no atletismo","datePublished":"2022-07-20T19:56:20+00:00","mainEntityOfPage":{"@id":"https:\/\/redenoticiaz.com.br\/ribeiraopreto-regiao\/sp\/2022\/07\/20\/alison-dos-santos-faz-historia-e-garante-titulo-mundial-no-atletismo"},"wordCount":387,"commentCount":0,"publisher":{"@id":"https:\/\/redenoticiaz.com.br\/ribeiraopreto-regiao\/#organization"},"image":{"@id":"https:\/\/redenoticiaz.com.br\/ribeiraopreto-regiao\/sp\/2022\/07\/20\/alison-dos-santos-faz-historia-e-garante-titulo-mundial-no-atletismo#primaryimage"},"thumbnailUrl":"https:\/\/redenoticiaz.com.br\/ribeiraopreto-regiao\/wp-content\/uploads\/sites\/4\/2022\/07\/alison_dos_santos_campea_mundial_400m_c_barreiras.jpg?v=1658346885","keywords":["400M COM BARREIRAS","ALISON CAMPE\u00c3O MUNDIAL","ALISON DOS SANTOS","ATLETISMO","Brasil","Estados Unidos","MUNDIAL DE ATLETISMO","OREGON","PIO"],"articleSection":["Esporte"],"inLanguage":"pt-BR","potentialAction":[{"@type":"CommentAction","name":"Comment","target":["https:\/\/redenoticiaz.com.br\/ribeiraopreto-regiao\/sp\/2022\/07\/20\/alison-dos-santos-faz-historia-e-garante-titulo-mundial-no-atletismo#respond"]}]},{"@type":"WebPage","@id":"https:\/\/redenoticiaz.com.br\/ribeiraopreto-regiao\/sp\/2022\/07\/20\/alison-dos-santos-faz-historia-e-garante-titulo-mundial-no-atletismo","url":"https:\/\/redenoticiaz.com.br\/ribeiraopreto-regiao\/sp\/2022\/07\/20\/alison-dos-santos-faz-historia-e-garante-titulo-mundial-no-atletismo","name":"Alison dos Santos faz hist\u00f3ria e garante t\u00edtulo mundial no atletismo - Ribeir\u00e3o Preto e Regi\u00e3o","isPartOf":{"@id":"https:\/\/redenoticiaz.com.br\/ribeiraopreto-regiao\/#website"},"primaryImageOfPage":{"@id":"https:\/\/redenoticiaz.com.br\/ribeiraopreto-regiao\/sp\/2022\/07\/20\/alison-dos-santos-faz-historia-e-garante-titulo-mundial-no-atletismo#primaryimage"},"image":{"@id":"https:\/\/redenoticiaz.com.br\/ribeiraopreto-regiao\/sp\/2022\/07\/20\/alison-dos-santos-faz-historia-e-garante-titulo-mundial-no-atletismo#primaryimage"},"thumbnailUrl":"https:\/\/redenoticiaz.com.br\/ribeiraopreto-regiao\/wp-content\/uploads\/sites\/4\/2022\/07\/alison_dos_santos_campea_mundial_400m_c_barreiras.jpg?v=1658346885","datePublished":"2022-07-20T19:56:20+00:00","description":"uma conquista hist\u00f3rica nessa ter\u00e7a-feira (19) no Mundial de Atletismo. Alison dos Santos se tornou campe\u00e3o mundial no atletismo ao vencer","inLanguage":"pt-BR","potentialAction":[{"@type":"ReadAction","target":["https:\/\/redenoticiaz.com.br\/ribeiraopreto-regiao\/sp\/2022\/07\/20\/alison-dos-santos-faz-historia-e-garante-titulo-mundial-no-atletismo"]}]},{"@type":"ImageObject","inLanguage":"pt-BR","@id":"https:\/\/redenoticiaz.com.br\/ribeiraopreto-regiao\/sp\/2022\/07\/20\/alison-dos-santos-faz-historia-e-garante-titulo-mundial-no-atletismo#primaryimage","url":"https:\/\/redenoticiaz.com.br\/ribeiraopreto-regiao\/wp-content\/uploads\/sites\/4\/2022\/07\/alison_dos_santos_campea_mundial_400m_c_barreiras.jpg?v=1658346885","contentUrl":"https:\/\/redenoticiaz.com.br\/ribeiraopreto-regiao\/wp-content\/uploads\/sites\/4\/2022\/07\/alison_dos_santos_campea_mundial_400m_c_barreiras.jpg?v=1658346885","width":1170,"height":700,"caption":"Cr\u00e9ditos: Reuters"},{"@type":"WebSite","@id":"https:\/\/redenoticiaz.com.br\/ribeiraopreto-regiao\/#website","url":"https:\/\/redenoticiaz.com.br\/ribeiraopreto-regiao\/","name":"Ribeir\u00e3o Preto e Regi\u00e3o","description":"Rede NoticiaZ - Ribeir\u00e3o Preto e regi\u00e3o","publisher":{"@id":"https:\/\/redenoticiaz.com.br\/ribeiraopreto-regiao\/#organization"},"potentialAction":[{"@type":"SearchAction","target":{"@type":"EntryPoint","urlTemplate":"https:\/\/redenoticiaz.com.br\/ribeiraopreto-regiao\/?s={search_term_string}"},"query-input":{"@type":"PropertyValueSpecification","valueRequired":true,"valueName":"search_term_string"}}],"inLanguage":"pt-BR"},{"@type":"Organization","@id":"https:\/\/redenoticiaz.com.br\/ribeiraopreto-regiao\/#organization","name":"Ribeir\u00e3o Preto e Regi\u00e3o","url":"https:\/\/redenoticiaz.com.br\/ribeiraopreto-regiao\/","logo":{"@type":"ImageObject","inLanguage":"pt-BR","@id":"https:\/\/redenoticiaz.com.br\/ribeiraopreto-regiao\/#\/schema\/logo\/image\/","url":"https:\/\/redenoticiaz.com.br\/barretos-regiao\/wp-content\/uploads\/sites\/4\/2022\/02\/logo.jpg","contentUrl":"https:\/\/redenoticiaz.com.br\/barretos-regiao\/wp-content\/uploads\/sites\/4\/2022\/02\/logo.jpg","width":400,"height":250,"caption":"Ribeir\u00e3o Preto e Regi\u00e3o"},"image":{"@id":"https:\/\/redenoticiaz.com.br\/ribeiraopreto-regiao\/#\/schema\/logo\/image\/"},"sameAs":["https:\/\/m.facebook.com\/redenoticiaz.barretos","https:\/\/x.com\/RN_barretos","https:\/\/www.instagram.com\/redenoticiaz.barretos\/?igshid=YmMyMTA2M2Y","https:\/\/www.linkedin.com\/company\/rede-noticiaz-barretos-e-regio\/"]},{"@type":"Person","@id":"https:\/\/redenoticiaz.com.br\/ribeiraopreto-regiao\/#\/schema\/person\/0f0b8a5bdafefe82841e07ae8d81ecb3","name":"Leonardo Francisco","image":{"@type":"ImageObject","inLanguage":"pt-BR","@id":"https:\/\/secure.gravatar.com\/avatar\/a7358cb406a99b682ec6df1e77e31ae82e63601f6784e8a3df411d72b37864da?s=96&d=mm&r=g","url":"https:\/\/secure.gravatar.com\/avatar\/a7358cb406a99b682ec6df1e77e31ae82e63601f6784e8a3df411d72b37864da?s=96&d=mm&r=g","contentUrl":"https:\/\/secure.gravatar.com\/avatar\/a7358cb406a99b682ec6df1e77e31ae82e63601f6784e8a3df411d72b37864da?s=96&d=mm&r=g","caption":"Leonardo Francisco"},"url":"https:\/\/redenoticiaz.com.br\/ribeiraopreto-regiao\/sp\/author\/leonardo-francisco"}]}},"_links":{"self":[{"href":"https:\/\/redenoticiaz.com.br\/ribeiraopreto-regiao\/wp-json\/wp\/v2\/posts\/88413","targetHints":{"allow":["GET"]}}],"collection":[{"href":"https:\/\/redenoticiaz.com.br\/ribeiraopreto-regiao\/wp-json\/wp\/v2\/posts"}],"about":[{"href":"https:\/\/redenoticiaz.com.br\/ribeiraopreto-regiao\/wp-json\/wp\/v2\/types\/post"}],"author":[{"embeddable":true,"href":"https:\/\/redenoticiaz.com.br\/ribeiraopreto-regiao\/wp-json\/wp\/v2\/users\/6"}],"replies":[{"embeddable":true,"href":"https:\/\/redenoticiaz.com.br\/ribeiraopreto-regiao\/wp-json\/wp\/v2\/comments?post=88413"}],"version-history":[{"count":0,"href":"https:\/\/redenoticiaz.com.br\/ribeiraopreto-regiao\/wp-json\/wp\/v2\/posts\/88413\/revisions"}],"wp:featuredmedia":[{"embeddable":true,"href":"https:\/\/redenoticiaz.com.br\/ribeiraopreto-regiao\/wp-json\/wp\/v2\/media\/88414"}],"wp:attachment":[{"href":"https:\/\/redenoticiaz.com.br\/ribeiraopreto-regiao\/wp-json\/wp\/v2\/media?parent=88413"}],"wp:term":[{"taxonomy":"category","embeddable":true,"href":"https:\/\/redenoticiaz.com.br\/ribeiraopreto-regiao\/wp-json\/wp\/v2\/categories?post=88413"},{"taxonomy":"post_tag","embeddable":true,"href":"https:\/\/redenoticiaz.com.br\/ribeiraopreto-regiao\/wp-json\/wp\/v2\/tags?post=88413"}],"curies":[{"name":"wp","href":"https:\/\/api.w.org\/{rel}","templated":true}]}}