{"id":88457,"date":"2022-07-21T10:49:25","date_gmt":"2022-07-21T13:49:25","guid":{"rendered":"https:\/\/redenoticiaz.com.br\/barretos-regiao\/sp\/2022\/07\/21\/primeiro-ministro-da-italia-renuncia-o-cargo"},"modified":"2022-07-21T10:49:25","modified_gmt":"2022-07-21T13:49:25","slug":"primeiro-ministro-da-italia-renuncia-o-cargo","status":"publish","type":"post","link":"https:\/\/redenoticiaz.com.br\/ribeiraopreto-regiao\/sp\/2022\/07\/21\/primeiro-ministro-da-italia-renuncia-o-cargo","title":{"rendered":"Primeiro-ministro da It\u00e1lia renuncia o cargo"},"content":{"rendered":"<p>Bomba na pol\u00edtica italiana. Nesta quinta-feira (21), o primeiro-ministro da <a href=\"https:\/\/www.governo.it\/\">It\u00e1lia<\/a>, Mario Draghi, <strong>renunciou<\/strong> ap\u00f3s a queda de seu governo de unidade nacional. Desta forma, colocou o pa\u00eds no rumo de uma elei\u00e7\u00e3o antecipada e atingindo os mercados financeiros.<img decoding=\"async\" src=\"https:\/\/agenciabrasil.ebc.com.br\/ebc.png?id=1471853&amp;o=node\" \/><img decoding=\"async\" src=\"https:\/\/agenciabrasil.ebc.com.br\/ebc.gif?id=1471853&amp;o=node\" \/><\/p>\n<p>Draghi, ex-presidente do Banco Central Europeu (BCE), que n\u00e3o foi eleito para o cargo de premi\u00ea e liderou uma ampla coaliz\u00e3o durante 18 meses. Ele apresentou sua demiss\u00e3o em uma reuni\u00e3o com o presidente da It\u00e1lia, Sergio Mattarella.<\/p>\n<p>O gabinete de Mattarella disse que o chefe de Estado &#8220;tomou nota&#8221; da ren\u00fancia e pediu a Draghi que permanecesse na fun\u00e7\u00e3o interinamente.<\/p>\n<p>Mattarella planeja reunir-se com os presidentes de ambas as casas do Parlamento hoje \u00e0 tarde. Fontes pol\u00edticas disseram, no in\u00edcio desta semana, que ele provavelmente dissolver\u00e1 o Parlamento e convocar\u00e1 uma elei\u00e7\u00e3o antecipada em outubro.<\/p>\n<p>Um bloco de partidos conservadores, liderado pelo Irm\u00e3os de It\u00e1lia, de extrema direita, provavelmente ganhar\u00e1 uma clara maioria nas pr\u00f3ximas elei\u00e7\u00f5es, segundo indica pesquisa de opini\u00e3o.<\/p>\n<p>A coaliz\u00e3o de Draghi desmoronou na quarta-feira (20), quando tr\u00eas de seus principais parceiros se recusaram a participar de um voto de confian\u00e7a ao governo que ele havia convocado para tentar acabar com as divis\u00f5es e renovar sua alian\u00e7a.<\/p>\n<h3>Fim da estabilidade pol\u00edtica<\/h3>\n<p>A crise pol\u00edtica acabou com os meses de estabilidade na It\u00e1lia, durante os quais Draghi ajudou a moldar a dura resposta da Europa \u00e0 invas\u00e3o russa da Ucr\u00e2nia e impulsionou a posi\u00e7\u00e3o do pa\u00eds nos mercados financeiros.<\/p>\n<p>Draghi recebeu aplausos calorosos dos legisladores quando fez uma breve apari\u00e7\u00e3o na C\u00e2mara dos Deputados na quinta-feira.\u00a0&#8220;At\u00e9 mesmo os banqueiros centrais t\u00eam seus cora\u00e7\u00f5es tocados \u00e0s vezes&#8221;, brincou ele ao receber a ova\u00e7\u00e3o.<\/p>\n<p>Os mercados financeiros reagiram mal \u00e0 ren\u00fancia de Draghi em um momento em que j\u00e1 se preparam para o primeiro aumento das taxas de juros do Banco Central Europeu desde 2011.<\/p>\n<p>&#8220;\u00c9 um grande golpe para a capacidade da It\u00e1lia de entregar pol\u00edticas e reformas a curto prazo&#8221;, disse Lorenzo Codogno, chefe da LC Macro Advisers e ex-funcion\u00e1rio s\u00eanior do Tesouro italiano. &#8220;Haver\u00e1 atrasos e interrup\u00e7\u00f5es com as elei\u00e7\u00f5es antecipadas, e muito provavelmente nenhum or\u00e7amento at\u00e9 o final do ano&#8221;, afirmou.<\/p>\n<h3>Marcas da crise<\/h3>\n<p>Draghi j\u00e1 havia apresentado sua ren\u00fancia na semana passada depois que um de seus parceiros de coaliz\u00e3o, o populista Movimento 5 Estrelas, n\u00e3o o apoiou em uma vota\u00e7\u00e3o de confian\u00e7a sobre medidas para enfrentar o alto custo de vida.<\/p>\n<p>Na ocasi\u00e3o, Mattarella rejeitou a demiss\u00e3o e disse a Draghi para ir ao Parlamento para ver se ele poderia manter a ampla coaliz\u00e3o at\u00e9 o final planejado da legislatura no in\u00edcio de 2023.<\/p>\n<p>Em um discurso no Senado, o agora ex-primeiro-ministro da It\u00e1lia fez um apelo \u00e0 unidade e exp\u00f4s uma s\u00e9rie de quest\u00f5es que a It\u00e1lia enfrenta, desde a guerra na Ucr\u00e2nia at\u00e9 a desigualdade social e o aumento dos pre\u00e7os.<\/p>\n<p>Mas o 5 Estrelas mais uma vez decidiu n\u00e3o apoi\u00e1-lo, dizendo que ele n\u00e3o havia tratado de suas preocupa\u00e7\u00f5es centrais. Al\u00e9m disso, os direitistas Forza Italia e Liga decidiram n\u00e3o participar da vota\u00e7\u00e3o, defendendo que o governo seguisse sem o 5 Estrelas.<\/p>\n<p>Em sinal das tens\u00f5es trazidas \u00e0 tona pelo fim do governo Draghi, dois ministros do Forza Italia anunciaram que deixariam o partido.\u00a0O ministro da Administra\u00e7\u00e3o P\u00fablica, Renato Brunetta, e Mariastella Gelmini, ministra dos Assuntos Regionais, deixaram o partido liderado pelo ex-primeiro-ministro Silvio Berlusconi.<\/p>\n<p><strong>LEIA TAMB\u00c9M<\/strong><\/p>\n<p><a href=\"https:\/\/redenoticiaz.com.br\/blog\/2022\/07\/20\/auxilio-brasil-de-r-600-comeca-a-ser-pago-em-agosto\">Aux\u00edlio Brasil de R$ 600 come\u00e7a a ser pago em agosto<\/a><\/p>\n","protected":false},"excerpt":{"rendered":"<p>Bomba na pol\u00edtica italiana. Nesta quinta-feira (21), o primeiro-ministro da It\u00e1lia, Mario Draghi, renunciou ap\u00f3s a queda de seu governo de unidade nacional. Desta forma, colocou o pa\u00eds no rumo de uma elei\u00e7\u00e3o antecipada e atingindo os mercados financeiros. Draghi, ex-presidente do Banco Central Europeu (BCE), que n\u00e3o foi eleito para o cargo de premi\u00ea &hellip;<\/p>\n","protected":false},"author":6,"featured_media":88458,"comment_status":"open","ping_status":"closed","sticky":false,"template":"","format":"standard","meta":{"footnotes":""},"categories":[68,186],"tags":[19044,17890,19045,18502,19046],"class_list":["post-88457","post","type-post","status-publish","format-standard","has-post-thumbnail","hentry","category-mundo","category-politica","tag-crise-politica","tag-italia","tag-mario-draghi","tag-primeiro-ministro","tag-renuncia-do-cargo"],"yoast_head":"<!-- This site is optimized with the Yoast SEO plugin v27.4 - https:\/\/yoast.com\/product\/yoast-seo-wordpress\/ -->\n<title>Primeiro-ministro da It\u00e1lia renuncia o cargo - Ribeir\u00e3o Preto e Regi\u00e3o<\/title>\n<meta name=\"description\" content=\"Bomba na pol\u00edtica italiana. Nesta quinta-feira (21), o primeiro-ministro da It\u00e1lia, Mario Draghi, renunciou ap\u00f3s a queda de seu governo\" \/>\n<meta name=\"robots\" content=\"index, follow, max-snippet:-1, max-image-preview:large, max-video-preview:-1\" \/>\n<link rel=\"canonical\" href=\"https:\/\/redenoticiaz.com.br\/ribeiraopreto-regiao\/sp\/2022\/07\/21\/primeiro-ministro-da-italia-renuncia-o-cargo\" \/>\n<meta property=\"og:locale\" content=\"pt_BR\" \/>\n<meta property=\"og:type\" content=\"article\" \/>\n<meta property=\"og:title\" content=\"Primeiro-ministro da It\u00e1lia renuncia o cargo - Ribeir\u00e3o Preto e Regi\u00e3o\" \/>\n<meta property=\"og:description\" content=\"Bomba na pol\u00edtica italiana. Nesta quinta-feira (21), o primeiro-ministro da It\u00e1lia, Mario Draghi, renunciou ap\u00f3s a queda de seu governo\" \/>\n<meta property=\"og:url\" content=\"https:\/\/redenoticiaz.com.br\/ribeiraopreto-regiao\/sp\/2022\/07\/21\/primeiro-ministro-da-italia-renuncia-o-cargo\" \/>\n<meta property=\"og:site_name\" content=\"Ribeir\u00e3o Preto e Regi\u00e3o\" \/>\n<meta property=\"article:publisher\" content=\"https:\/\/m.facebook.com\/redenoticiaz.barretos\" \/>\n<meta property=\"article:published_time\" content=\"2022-07-21T13:49:25+00:00\" \/>\n<meta property=\"og:image\" content=\"https:\/\/redenoticiaz.com.br\/ribeiraopreto-regiao\/wp-content\/uploads\/sites\/4\/2022\/02\/logo.jpg\" \/>\n\t<meta property=\"og:image:width\" content=\"400\" \/>\n\t<meta property=\"og:image:height\" content=\"250\" \/>\n\t<meta property=\"og:image:type\" content=\"image\/jpeg\" \/>\n<meta name=\"author\" content=\"Leonardo Francisco\" \/>\n<meta name=\"twitter:card\" content=\"summary_large_image\" \/>\n<meta name=\"twitter:creator\" content=\"@RN_barretos\" \/>\n<meta name=\"twitter:site\" content=\"@RN_barretos\" \/>\n<meta name=\"twitter:label1\" content=\"Escrito por\" \/>\n\t<meta name=\"twitter:data1\" content=\"Leonardo Francisco\" \/>\n\t<meta name=\"twitter:label2\" content=\"Est. tempo de leitura\" \/>\n\t<meta name=\"twitter:data2\" content=\"4 minutos\" \/>\n<script type=\"application\/ld+json\" class=\"yoast-schema-graph\">{\"@context\":\"https:\\\/\\\/schema.org\",\"@graph\":[{\"@type\":\"Article\",\"@id\":\"https:\\\/\\\/redenoticiaz.com.br\\\/ribeiraopreto-regiao\\\/sp\\\/2022\\\/07\\\/21\\\/primeiro-ministro-da-italia-renuncia-o-cargo#article\",\"isPartOf\":{\"@id\":\"https:\\\/\\\/redenoticiaz.com.br\\\/ribeiraopreto-regiao\\\/sp\\\/2022\\\/07\\\/21\\\/primeiro-ministro-da-italia-renuncia-o-cargo\"},\"author\":{\"name\":\"Leonardo Francisco\",\"@id\":\"https:\\\/\\\/redenoticiaz.com.br\\\/ribeiraopreto-regiao\\\/#\\\/schema\\\/person\\\/0f0b8a5bdafefe82841e07ae8d81ecb3\"},\"headline\":\"Primeiro-ministro da It\u00e1lia renuncia o cargo\",\"datePublished\":\"2022-07-21T13:49:25+00:00\",\"mainEntityOfPage\":{\"@id\":\"https:\\\/\\\/redenoticiaz.com.br\\\/ribeiraopreto-regiao\\\/sp\\\/2022\\\/07\\\/21\\\/primeiro-ministro-da-italia-renuncia-o-cargo\"},\"wordCount\":635,\"commentCount\":0,\"publisher\":{\"@id\":\"https:\\\/\\\/redenoticiaz.com.br\\\/ribeiraopreto-regiao\\\/#organization\"},\"image\":{\"@id\":\"https:\\\/\\\/redenoticiaz.com.br\\\/ribeiraopreto-regiao\\\/sp\\\/2022\\\/07\\\/21\\\/primeiro-ministro-da-italia-renuncia-o-cargo#primaryimage\"},\"thumbnailUrl\":\"https:\\\/\\\/redenoticiaz.com.br\\\/ribeiraopreto-regiao\\\/wp-content\\\/uploads\\\/sites\\\/4\\\/2022\\\/07\\\/primeiro-ministro.jpg?v=1658411310\",\"keywords\":[\"CRISE POL\u00cdTICA\",\"It\u00e1lia\",\"MARIO DRAGHI\",\"PRIMEIRO-MINISTRO\",\"REN\u00daNCIA DO CARGO\"],\"articleSection\":[\"Mundo\",\"Pol\u00edtica\"],\"inLanguage\":\"pt-BR\",\"potentialAction\":[{\"@type\":\"CommentAction\",\"name\":\"Comment\",\"target\":[\"https:\\\/\\\/redenoticiaz.com.br\\\/ribeiraopreto-regiao\\\/sp\\\/2022\\\/07\\\/21\\\/primeiro-ministro-da-italia-renuncia-o-cargo#respond\"]}]},{\"@type\":\"WebPage\",\"@id\":\"https:\\\/\\\/redenoticiaz.com.br\\\/ribeiraopreto-regiao\\\/sp\\\/2022\\\/07\\\/21\\\/primeiro-ministro-da-italia-renuncia-o-cargo\",\"url\":\"https:\\\/\\\/redenoticiaz.com.br\\\/ribeiraopreto-regiao\\\/sp\\\/2022\\\/07\\\/21\\\/primeiro-ministro-da-italia-renuncia-o-cargo\",\"name\":\"Primeiro-ministro da It\u00e1lia renuncia o cargo - Ribeir\u00e3o Preto e Regi\u00e3o\",\"isPartOf\":{\"@id\":\"https:\\\/\\\/redenoticiaz.com.br\\\/ribeiraopreto-regiao\\\/#website\"},\"primaryImageOfPage\":{\"@id\":\"https:\\\/\\\/redenoticiaz.com.br\\\/ribeiraopreto-regiao\\\/sp\\\/2022\\\/07\\\/21\\\/primeiro-ministro-da-italia-renuncia-o-cargo#primaryimage\"},\"image\":{\"@id\":\"https:\\\/\\\/redenoticiaz.com.br\\\/ribeiraopreto-regiao\\\/sp\\\/2022\\\/07\\\/21\\\/primeiro-ministro-da-italia-renuncia-o-cargo#primaryimage\"},\"thumbnailUrl\":\"https:\\\/\\\/redenoticiaz.com.br\\\/ribeiraopreto-regiao\\\/wp-content\\\/uploads\\\/sites\\\/4\\\/2022\\\/07\\\/primeiro-ministro.jpg?v=1658411310\",\"datePublished\":\"2022-07-21T13:49:25+00:00\",\"description\":\"Bomba na pol\u00edtica italiana. Nesta quinta-feira (21), o primeiro-ministro da It\u00e1lia, Mario Draghi, renunciou ap\u00f3s a queda de seu governo\",\"inLanguage\":\"pt-BR\",\"potentialAction\":[{\"@type\":\"ReadAction\",\"target\":[\"https:\\\/\\\/redenoticiaz.com.br\\\/ribeiraopreto-regiao\\\/sp\\\/2022\\\/07\\\/21\\\/primeiro-ministro-da-italia-renuncia-o-cargo\"]}]},{\"@type\":\"ImageObject\",\"inLanguage\":\"pt-BR\",\"@id\":\"https:\\\/\\\/redenoticiaz.com.br\\\/ribeiraopreto-regiao\\\/sp\\\/2022\\\/07\\\/21\\\/primeiro-ministro-da-italia-renuncia-o-cargo#primaryimage\",\"url\":\"https:\\\/\\\/redenoticiaz.com.br\\\/ribeiraopreto-regiao\\\/wp-content\\\/uploads\\\/sites\\\/4\\\/2022\\\/07\\\/primeiro-ministro.jpg?v=1658411310\",\"contentUrl\":\"https:\\\/\\\/redenoticiaz.com.br\\\/ribeiraopreto-regiao\\\/wp-content\\\/uploads\\\/sites\\\/4\\\/2022\\\/07\\\/primeiro-ministro.jpg?v=1658411310\",\"width\":1170,\"height\":700,\"caption\":\"Cr\u00e9ditos: Reprodu\u00e7\u00e3o\\\/Reuters (Ag\u00eancia Brasil)\"},{\"@type\":\"WebSite\",\"@id\":\"https:\\\/\\\/redenoticiaz.com.br\\\/ribeiraopreto-regiao\\\/#website\",\"url\":\"https:\\\/\\\/redenoticiaz.com.br\\\/ribeiraopreto-regiao\\\/\",\"name\":\"Ribeir\u00e3o Preto e Regi\u00e3o\",\"description\":\"Rede NoticiaZ - Ribeir\u00e3o Preto e regi\u00e3o\",\"publisher\":{\"@id\":\"https:\\\/\\\/redenoticiaz.com.br\\\/ribeiraopreto-regiao\\\/#organization\"},\"potentialAction\":[{\"@type\":\"SearchAction\",\"target\":{\"@type\":\"EntryPoint\",\"urlTemplate\":\"https:\\\/\\\/redenoticiaz.com.br\\\/ribeiraopreto-regiao\\\/?s={search_term_string}\"},\"query-input\":{\"@type\":\"PropertyValueSpecification\",\"valueRequired\":true,\"valueName\":\"search_term_string\"}}],\"inLanguage\":\"pt-BR\"},{\"@type\":\"Organization\",\"@id\":\"https:\\\/\\\/redenoticiaz.com.br\\\/ribeiraopreto-regiao\\\/#organization\",\"name\":\"Ribeir\u00e3o Preto e Regi\u00e3o\",\"url\":\"https:\\\/\\\/redenoticiaz.com.br\\\/ribeiraopreto-regiao\\\/\",\"logo\":{\"@type\":\"ImageObject\",\"inLanguage\":\"pt-BR\",\"@id\":\"https:\\\/\\\/redenoticiaz.com.br\\\/ribeiraopreto-regiao\\\/#\\\/schema\\\/logo\\\/image\\\/\",\"url\":\"https:\\\/\\\/redenoticiaz.com.br\\\/barretos-regiao\\\/wp-content\\\/uploads\\\/sites\\\/4\\\/2022\\\/02\\\/logo.jpg\",\"contentUrl\":\"https:\\\/\\\/redenoticiaz.com.br\\\/barretos-regiao\\\/wp-content\\\/uploads\\\/sites\\\/4\\\/2022\\\/02\\\/logo.jpg\",\"width\":400,\"height\":250,\"caption\":\"Ribeir\u00e3o Preto e Regi\u00e3o\"},\"image\":{\"@id\":\"https:\\\/\\\/redenoticiaz.com.br\\\/ribeiraopreto-regiao\\\/#\\\/schema\\\/logo\\\/image\\\/\"},\"sameAs\":[\"https:\\\/\\\/m.facebook.com\\\/redenoticiaz.barretos\",\"https:\\\/\\\/x.com\\\/RN_barretos\",\"https:\\\/\\\/www.instagram.com\\\/redenoticiaz.barretos\\\/?igshid=YmMyMTA2M2Y\",\"https:\\\/\\\/www.linkedin.com\\\/company\\\/rede-noticiaz-barretos-e-regio\\\/\"]},{\"@type\":\"Person\",\"@id\":\"https:\\\/\\\/redenoticiaz.com.br\\\/ribeiraopreto-regiao\\\/#\\\/schema\\\/person\\\/0f0b8a5bdafefe82841e07ae8d81ecb3\",\"name\":\"Leonardo Francisco\",\"image\":{\"@type\":\"ImageObject\",\"inLanguage\":\"pt-BR\",\"@id\":\"https:\\\/\\\/secure.gravatar.com\\\/avatar\\\/a7358cb406a99b682ec6df1e77e31ae82e63601f6784e8a3df411d72b37864da?s=96&d=mm&r=g\",\"url\":\"https:\\\/\\\/secure.gravatar.com\\\/avatar\\\/a7358cb406a99b682ec6df1e77e31ae82e63601f6784e8a3df411d72b37864da?s=96&d=mm&r=g\",\"contentUrl\":\"https:\\\/\\\/secure.gravatar.com\\\/avatar\\\/a7358cb406a99b682ec6df1e77e31ae82e63601f6784e8a3df411d72b37864da?s=96&d=mm&r=g\",\"caption\":\"Leonardo Francisco\"},\"url\":\"https:\\\/\\\/redenoticiaz.com.br\\\/ribeiraopreto-regiao\\\/sp\\\/author\\\/leonardo-francisco\"}]}<\/script>\n<!-- \/ Yoast SEO plugin. -->","yoast_head_json":{"title":"Primeiro-ministro da It\u00e1lia renuncia o cargo - Ribeir\u00e3o Preto e Regi\u00e3o","description":"Bomba na pol\u00edtica italiana. Nesta quinta-feira (21), o primeiro-ministro da It\u00e1lia, Mario Draghi, renunciou ap\u00f3s a queda de seu governo","robots":{"index":"index","follow":"follow","max-snippet":"max-snippet:-1","max-image-preview":"max-image-preview:large","max-video-preview":"max-video-preview:-1"},"canonical":"https:\/\/redenoticiaz.com.br\/ribeiraopreto-regiao\/sp\/2022\/07\/21\/primeiro-ministro-da-italia-renuncia-o-cargo","og_locale":"pt_BR","og_type":"article","og_title":"Primeiro-ministro da It\u00e1lia renuncia o cargo - Ribeir\u00e3o Preto e Regi\u00e3o","og_description":"Bomba na pol\u00edtica italiana. Nesta quinta-feira (21), o primeiro-ministro da It\u00e1lia, Mario Draghi, renunciou ap\u00f3s a queda de seu governo","og_url":"https:\/\/redenoticiaz.com.br\/ribeiraopreto-regiao\/sp\/2022\/07\/21\/primeiro-ministro-da-italia-renuncia-o-cargo","og_site_name":"Ribeir\u00e3o Preto e Regi\u00e3o","article_publisher":"https:\/\/m.facebook.com\/redenoticiaz.barretos","article_published_time":"2022-07-21T13:49:25+00:00","og_image":[{"width":400,"height":250,"url":"https:\/\/redenoticiaz.com.br\/ribeiraopreto-regiao\/wp-content\/uploads\/sites\/4\/2022\/02\/logo.jpg","type":"image\/jpeg"}],"author":"Leonardo Francisco","twitter_card":"summary_large_image","twitter_creator":"@RN_barretos","twitter_site":"@RN_barretos","twitter_misc":{"Escrito por":"Leonardo Francisco","Est. tempo de leitura":"4 minutos"},"schema":{"@context":"https:\/\/schema.org","@graph":[{"@type":"Article","@id":"https:\/\/redenoticiaz.com.br\/ribeiraopreto-regiao\/sp\/2022\/07\/21\/primeiro-ministro-da-italia-renuncia-o-cargo#article","isPartOf":{"@id":"https:\/\/redenoticiaz.com.br\/ribeiraopreto-regiao\/sp\/2022\/07\/21\/primeiro-ministro-da-italia-renuncia-o-cargo"},"author":{"name":"Leonardo Francisco","@id":"https:\/\/redenoticiaz.com.br\/ribeiraopreto-regiao\/#\/schema\/person\/0f0b8a5bdafefe82841e07ae8d81ecb3"},"headline":"Primeiro-ministro da It\u00e1lia renuncia o cargo","datePublished":"2022-07-21T13:49:25+00:00","mainEntityOfPage":{"@id":"https:\/\/redenoticiaz.com.br\/ribeiraopreto-regiao\/sp\/2022\/07\/21\/primeiro-ministro-da-italia-renuncia-o-cargo"},"wordCount":635,"commentCount":0,"publisher":{"@id":"https:\/\/redenoticiaz.com.br\/ribeiraopreto-regiao\/#organization"},"image":{"@id":"https:\/\/redenoticiaz.com.br\/ribeiraopreto-regiao\/sp\/2022\/07\/21\/primeiro-ministro-da-italia-renuncia-o-cargo#primaryimage"},"thumbnailUrl":"https:\/\/redenoticiaz.com.br\/ribeiraopreto-regiao\/wp-content\/uploads\/sites\/4\/2022\/07\/primeiro-ministro.jpg?v=1658411310","keywords":["CRISE POL\u00cdTICA","It\u00e1lia","MARIO DRAGHI","PRIMEIRO-MINISTRO","REN\u00daNCIA DO CARGO"],"articleSection":["Mundo","Pol\u00edtica"],"inLanguage":"pt-BR","potentialAction":[{"@type":"CommentAction","name":"Comment","target":["https:\/\/redenoticiaz.com.br\/ribeiraopreto-regiao\/sp\/2022\/07\/21\/primeiro-ministro-da-italia-renuncia-o-cargo#respond"]}]},{"@type":"WebPage","@id":"https:\/\/redenoticiaz.com.br\/ribeiraopreto-regiao\/sp\/2022\/07\/21\/primeiro-ministro-da-italia-renuncia-o-cargo","url":"https:\/\/redenoticiaz.com.br\/ribeiraopreto-regiao\/sp\/2022\/07\/21\/primeiro-ministro-da-italia-renuncia-o-cargo","name":"Primeiro-ministro da It\u00e1lia renuncia o cargo - Ribeir\u00e3o Preto e Regi\u00e3o","isPartOf":{"@id":"https:\/\/redenoticiaz.com.br\/ribeiraopreto-regiao\/#website"},"primaryImageOfPage":{"@id":"https:\/\/redenoticiaz.com.br\/ribeiraopreto-regiao\/sp\/2022\/07\/21\/primeiro-ministro-da-italia-renuncia-o-cargo#primaryimage"},"image":{"@id":"https:\/\/redenoticiaz.com.br\/ribeiraopreto-regiao\/sp\/2022\/07\/21\/primeiro-ministro-da-italia-renuncia-o-cargo#primaryimage"},"thumbnailUrl":"https:\/\/redenoticiaz.com.br\/ribeiraopreto-regiao\/wp-content\/uploads\/sites\/4\/2022\/07\/primeiro-ministro.jpg?v=1658411310","datePublished":"2022-07-21T13:49:25+00:00","description":"Bomba na pol\u00edtica italiana. Nesta quinta-feira (21), o primeiro-ministro da It\u00e1lia, Mario Draghi, renunciou ap\u00f3s a queda de seu governo","inLanguage":"pt-BR","potentialAction":[{"@type":"ReadAction","target":["https:\/\/redenoticiaz.com.br\/ribeiraopreto-regiao\/sp\/2022\/07\/21\/primeiro-ministro-da-italia-renuncia-o-cargo"]}]},{"@type":"ImageObject","inLanguage":"pt-BR","@id":"https:\/\/redenoticiaz.com.br\/ribeiraopreto-regiao\/sp\/2022\/07\/21\/primeiro-ministro-da-italia-renuncia-o-cargo#primaryimage","url":"https:\/\/redenoticiaz.com.br\/ribeiraopreto-regiao\/wp-content\/uploads\/sites\/4\/2022\/07\/primeiro-ministro.jpg?v=1658411310","contentUrl":"https:\/\/redenoticiaz.com.br\/ribeiraopreto-regiao\/wp-content\/uploads\/sites\/4\/2022\/07\/primeiro-ministro.jpg?v=1658411310","width":1170,"height":700,"caption":"Cr\u00e9ditos: Reprodu\u00e7\u00e3o\/Reuters (Ag\u00eancia Brasil)"},{"@type":"WebSite","@id":"https:\/\/redenoticiaz.com.br\/ribeiraopreto-regiao\/#website","url":"https:\/\/redenoticiaz.com.br\/ribeiraopreto-regiao\/","name":"Ribeir\u00e3o Preto e Regi\u00e3o","description":"Rede NoticiaZ - Ribeir\u00e3o Preto e regi\u00e3o","publisher":{"@id":"https:\/\/redenoticiaz.com.br\/ribeiraopreto-regiao\/#organization"},"potentialAction":[{"@type":"SearchAction","target":{"@type":"EntryPoint","urlTemplate":"https:\/\/redenoticiaz.com.br\/ribeiraopreto-regiao\/?s={search_term_string}"},"query-input":{"@type":"PropertyValueSpecification","valueRequired":true,"valueName":"search_term_string"}}],"inLanguage":"pt-BR"},{"@type":"Organization","@id":"https:\/\/redenoticiaz.com.br\/ribeiraopreto-regiao\/#organization","name":"Ribeir\u00e3o Preto e Regi\u00e3o","url":"https:\/\/redenoticiaz.com.br\/ribeiraopreto-regiao\/","logo":{"@type":"ImageObject","inLanguage":"pt-BR","@id":"https:\/\/redenoticiaz.com.br\/ribeiraopreto-regiao\/#\/schema\/logo\/image\/","url":"https:\/\/redenoticiaz.com.br\/barretos-regiao\/wp-content\/uploads\/sites\/4\/2022\/02\/logo.jpg","contentUrl":"https:\/\/redenoticiaz.com.br\/barretos-regiao\/wp-content\/uploads\/sites\/4\/2022\/02\/logo.jpg","width":400,"height":250,"caption":"Ribeir\u00e3o Preto e Regi\u00e3o"},"image":{"@id":"https:\/\/redenoticiaz.com.br\/ribeiraopreto-regiao\/#\/schema\/logo\/image\/"},"sameAs":["https:\/\/m.facebook.com\/redenoticiaz.barretos","https:\/\/x.com\/RN_barretos","https:\/\/www.instagram.com\/redenoticiaz.barretos\/?igshid=YmMyMTA2M2Y","https:\/\/www.linkedin.com\/company\/rede-noticiaz-barretos-e-regio\/"]},{"@type":"Person","@id":"https:\/\/redenoticiaz.com.br\/ribeiraopreto-regiao\/#\/schema\/person\/0f0b8a5bdafefe82841e07ae8d81ecb3","name":"Leonardo Francisco","image":{"@type":"ImageObject","inLanguage":"pt-BR","@id":"https:\/\/secure.gravatar.com\/avatar\/a7358cb406a99b682ec6df1e77e31ae82e63601f6784e8a3df411d72b37864da?s=96&d=mm&r=g","url":"https:\/\/secure.gravatar.com\/avatar\/a7358cb406a99b682ec6df1e77e31ae82e63601f6784e8a3df411d72b37864da?s=96&d=mm&r=g","contentUrl":"https:\/\/secure.gravatar.com\/avatar\/a7358cb406a99b682ec6df1e77e31ae82e63601f6784e8a3df411d72b37864da?s=96&d=mm&r=g","caption":"Leonardo Francisco"},"url":"https:\/\/redenoticiaz.com.br\/ribeiraopreto-regiao\/sp\/author\/leonardo-francisco"}]}},"_links":{"self":[{"href":"https:\/\/redenoticiaz.com.br\/ribeiraopreto-regiao\/wp-json\/wp\/v2\/posts\/88457","targetHints":{"allow":["GET"]}}],"collection":[{"href":"https:\/\/redenoticiaz.com.br\/ribeiraopreto-regiao\/wp-json\/wp\/v2\/posts"}],"about":[{"href":"https:\/\/redenoticiaz.com.br\/ribeiraopreto-regiao\/wp-json\/wp\/v2\/types\/post"}],"author":[{"embeddable":true,"href":"https:\/\/redenoticiaz.com.br\/ribeiraopreto-regiao\/wp-json\/wp\/v2\/users\/6"}],"replies":[{"embeddable":true,"href":"https:\/\/redenoticiaz.com.br\/ribeiraopreto-regiao\/wp-json\/wp\/v2\/comments?post=88457"}],"version-history":[{"count":0,"href":"https:\/\/redenoticiaz.com.br\/ribeiraopreto-regiao\/wp-json\/wp\/v2\/posts\/88457\/revisions"}],"wp:featuredmedia":[{"embeddable":true,"href":"https:\/\/redenoticiaz.com.br\/ribeiraopreto-regiao\/wp-json\/wp\/v2\/media\/88458"}],"wp:attachment":[{"href":"https:\/\/redenoticiaz.com.br\/ribeiraopreto-regiao\/wp-json\/wp\/v2\/media?parent=88457"}],"wp:term":[{"taxonomy":"category","embeddable":true,"href":"https:\/\/redenoticiaz.com.br\/ribeiraopreto-regiao\/wp-json\/wp\/v2\/categories?post=88457"},{"taxonomy":"post_tag","embeddable":true,"href":"https:\/\/redenoticiaz.com.br\/ribeiraopreto-regiao\/wp-json\/wp\/v2\/tags?post=88457"}],"curies":[{"name":"wp","href":"https:\/\/api.w.org\/{rel}","templated":true}]}}