{"id":88625,"date":"2022-07-22T16:58:32","date_gmt":"2022-07-22T19:58:32","guid":{"rendered":"https:\/\/redenoticiaz.com.br\/barretos-regiao\/?p=88625"},"modified":"2022-07-22T16:59:53","modified_gmt":"2022-07-22T19:59:53","slug":"polo-barretos-da-uab-se-destaca-como-preferencia-no-ensino-a-distancia","status":"publish","type":"post","link":"https:\/\/redenoticiaz.com.br\/ribeiraopreto-regiao\/sp\/2022\/07\/22\/polo-barretos-da-uab-se-destaca-como-preferencia-no-ensino-a-distancia","title":{"rendered":"Polo Barretos da UAB se destaca como prefer\u00eancia no ensino \u00e0 dist\u00e2ncia"},"content":{"rendered":"<p>O <a href=\"http:\/\/uabpolobarretos.blogspot.com\/\">Polo Barretos da Universidade Aberta do Brasil<\/a> (UAB) recebeu o pr\u00eamio de consagra\u00e7\u00e3o p\u00fablica da Associa\u00e7\u00e3o Comercial e Industrial de Barretos (Acib), pelo 1\u00ba lugar na pesquisa de prefer\u00eancia e popularidade no segmento &#8220;Ensino \u00e0 dist\u00e2ncia&#8221;.<\/p>\n<p><em>&#8220;Investir em melhorias no nosso Polo UAB \u00e9 mais uma marca do compromisso da atual gest\u00e3o com a educa\u00e7\u00e3o p\u00fablica de qualidade. O Polo amplia as oportunidades de acesso e forma\u00e7\u00e3o no ensino superior aos nossos jovens. Parab\u00e9ns a toda equipe de profissionais que atuam frente ao Polo, esse reconhecimento social fortalece a jornada e nos motiva a novas conquistas e melhorias. \u00c9 mais uma conquista importante para nossa cidade&#8221;,<\/em> disse a secret\u00e1ria municipal de Educa\u00e7\u00e3o, J\u00e9ssica Maria dos Santos.<\/p>\n<p>O Polo da Universidade Aberta do Brasil oferta gratuitamente cursos de excel\u00eancia na modalidade \u00e0 dist\u00e2ncia (EAD) de diversas institui\u00e7\u00f5es de ensino superior p\u00fablicas.<\/p>\n<p>A cerim\u00f4nia de entrega dos trof\u00e9us aconteceu no s\u00e1bado, 16\/07, no Parque do Pe\u00e3o.<\/p>\n<h4><b>Estrutura f\u00edsica<\/b><\/h4>\n<p>Somente no ano de 2022, por meio da Secretaria Municipal de Educa\u00e7\u00e3o, a prefeitura \u2013 que disponibiliza o espa\u00e7o, os equipamentos e os funcion\u00e1rios \u00e0 UAB \u2013 renovou os computadores dos laborat\u00f3rios de inform\u00e1tica do Polo, oferecendo aos alunos equipamentos de ponta com objetivo de aperfei\u00e7oar, potencializar e valorizar os estudos.<\/p>\n<p><em>&#8220;A alegria da coordena\u00e7\u00e3o pelo reconhecimento da popularidade e fun\u00e7\u00e3o social do Polo \u00e9 grande. Ficamos satisfeitos em saber que, cada vez mais, mun\u00edcipes conhecem o Polo e as possibilidades de cursarem cursos superiores de forma gratuita. Essa premia\u00e7\u00e3o refor\u00e7a isso&#8221;<\/em>, afirmou a coordenadora do Polo UAB, Marcia Orosco de Oliveira Camargo. Marcia recebeu o trof\u00e9u junto do Orientador da UNIVESP, Uelton Gomes Martins e da ex-coordenadora do Polo, Dinelaine Sarti Dini de Freitas.<\/p>\n<p>O Polo UAB de apoio presencial est\u00e1 localizado \u00e0 Rua 21 de Abril, n\u00famero 240, Bairro Derby Clube.<\/p>\n<p><strong>VEJA TAMB\u00c9M:\u00a0<a href=\"https:\/\/redenoticiaz.com.br\/barretos-regiao\/sp\/2022\/07\/18\/educacao-prepara-retomada-do-espetaculo-presencial-de-abertura-do-58o-fefol\">Educa\u00e7\u00e3o prepara retomada do espet\u00e1culo presencial de abertura do 58\u00ba FEFOL<\/a><\/strong><\/p>\n","protected":false},"excerpt":{"rendered":"<p>O Polo Barretos da Universidade Aberta do Brasil (UAB) recebeu o pr\u00eamio de consagra\u00e7\u00e3o p\u00fablica da Associa\u00e7\u00e3o Comercial e Industrial de Barretos (Acib), pelo 1\u00ba lugar na pesquisa de prefer\u00eancia e popularidade no segmento &#8220;Ensino \u00e0 dist\u00e2ncia&#8221;. &#8220;Investir em melhorias no nosso Polo UAB \u00e9 mais uma marca do compromisso da atual gest\u00e3o com a &hellip;<\/p>\n","protected":false},"author":15,"featured_media":88626,"comment_status":"open","ping_status":"closed","sticky":false,"template":"","format":"standard","meta":{"footnotes":""},"categories":[820],"tags":[19112,19115,4801,19114,19113,7861],"class_list":["post-88625","post","type-post","status-publish","format-standard","has-post-thumbnail","hentry","category-educacao","tag-associacao-comercial-e-industrial","tag-ensino-a-distancia","tag-pesquisa","tag-popularidade","tag-preferencia","tag-premio"],"yoast_head":"<!-- This site is optimized with the Yoast SEO plugin v27.4 - https:\/\/yoast.com\/product\/yoast-seo-wordpress\/ -->\n<title>Polo Barretos da UAB se destaca como prefer\u00eancia no ensino \u00e0 dist\u00e2ncia - Ribeir\u00e3o Preto e Regi\u00e3o<\/title>\n<meta name=\"description\" content=\"O Polo Barretos da Universidade Aberta do Brasil, recebeu o pr\u00eamio de consagra\u00e7\u00e3o p\u00fablica da Associa\u00e7\u00e3o Comercial e Industrial de Barretos.\" \/>\n<meta name=\"robots\" content=\"index, follow, max-snippet:-1, max-image-preview:large, max-video-preview:-1\" \/>\n<link rel=\"canonical\" href=\"https:\/\/redenoticiaz.com.br\/ribeiraopreto-regiao\/sp\/2022\/07\/22\/polo-barretos-da-uab-se-destaca-como-preferencia-no-ensino-a-distancia\" \/>\n<meta property=\"og:locale\" content=\"pt_BR\" \/>\n<meta property=\"og:type\" content=\"article\" \/>\n<meta property=\"og:title\" content=\"Polo Barretos da UAB se destaca como prefer\u00eancia no ensino \u00e0 dist\u00e2ncia - Ribeir\u00e3o Preto e Regi\u00e3o\" \/>\n<meta property=\"og:description\" content=\"O Polo Barretos da Universidade Aberta do Brasil, recebeu o pr\u00eamio de consagra\u00e7\u00e3o p\u00fablica da Associa\u00e7\u00e3o Comercial e Industrial de Barretos.\" \/>\n<meta property=\"og:url\" content=\"https:\/\/redenoticiaz.com.br\/ribeiraopreto-regiao\/sp\/2022\/07\/22\/polo-barretos-da-uab-se-destaca-como-preferencia-no-ensino-a-distancia\" \/>\n<meta property=\"og:site_name\" content=\"Ribeir\u00e3o Preto e Regi\u00e3o\" \/>\n<meta property=\"article:publisher\" content=\"https:\/\/m.facebook.com\/redenoticiaz.barretos\" \/>\n<meta property=\"article:published_time\" content=\"2022-07-22T19:58:32+00:00\" \/>\n<meta property=\"article:modified_time\" content=\"2022-07-22T19:59:53+00:00\" \/>\n<meta property=\"og:image\" content=\"https:\/\/redenoticiaz.com.br\/ribeiraopreto-regiao\/wp-content\/uploads\/sites\/4\/2022\/07\/polo-uab-2.jpeg\" \/>\n\t<meta property=\"og:image:width\" content=\"1600\" \/>\n\t<meta property=\"og:image:height\" content=\"900\" \/>\n\t<meta property=\"og:image:type\" content=\"image\/jpeg\" \/>\n<meta name=\"twitter:card\" content=\"summary_large_image\" \/>\n<meta name=\"twitter:creator\" content=\"@RN_barretos\" \/>\n<meta name=\"twitter:site\" content=\"@RN_barretos\" \/>\n<meta name=\"twitter:label1\" content=\"Escrito por\" \/>\n\t<meta name=\"twitter:data1\" content=\"\" \/>\n\t<meta name=\"twitter:label2\" content=\"Est. tempo de leitura\" \/>\n\t<meta name=\"twitter:data2\" content=\"2 minutos\" \/>\n<script type=\"application\/ld+json\" class=\"yoast-schema-graph\">{\"@context\":\"https:\\\/\\\/schema.org\",\"@graph\":[{\"@type\":\"Article\",\"@id\":\"https:\\\/\\\/redenoticiaz.com.br\\\/ribeiraopreto-regiao\\\/sp\\\/2022\\\/07\\\/22\\\/polo-barretos-da-uab-se-destaca-como-preferencia-no-ensino-a-distancia#article\",\"isPartOf\":{\"@id\":\"https:\\\/\\\/redenoticiaz.com.br\\\/ribeiraopreto-regiao\\\/sp\\\/2022\\\/07\\\/22\\\/polo-barretos-da-uab-se-destaca-como-preferencia-no-ensino-a-distancia\"},\"author\":{\"name\":\"\",\"@id\":\"\"},\"headline\":\"Polo Barretos da UAB se destaca como prefer\u00eancia no ensino \u00e0 dist\u00e2ncia\",\"datePublished\":\"2022-07-22T19:58:32+00:00\",\"dateModified\":\"2022-07-22T19:59:53+00:00\",\"mainEntityOfPage\":{\"@id\":\"https:\\\/\\\/redenoticiaz.com.br\\\/ribeiraopreto-regiao\\\/sp\\\/2022\\\/07\\\/22\\\/polo-barretos-da-uab-se-destaca-como-preferencia-no-ensino-a-distancia\"},\"wordCount\":350,\"commentCount\":0,\"publisher\":{\"@id\":\"https:\\\/\\\/redenoticiaz.com.br\\\/ribeiraopreto-regiao\\\/#organization\"},\"image\":{\"@id\":\"https:\\\/\\\/redenoticiaz.com.br\\\/ribeiraopreto-regiao\\\/sp\\\/2022\\\/07\\\/22\\\/polo-barretos-da-uab-se-destaca-como-preferencia-no-ensino-a-distancia#primaryimage\"},\"thumbnailUrl\":\"https:\\\/\\\/redenoticiaz.com.br\\\/ribeiraopreto-regiao\\\/wp-content\\\/uploads\\\/sites\\\/4\\\/2022\\\/07\\\/polo-uab-2.jpeg\",\"keywords\":[\"ASSOCIA\u00c7\u00c3O COMERCIAL E INDUSTRIAL\",\"ENSINO A DIST\u00c2NCIA\",\"pesquisa\",\"POPULARIDADE\",\"PREFER\u00caNCIA\",\"PR\u00caMIO\"],\"articleSection\":[\"Educa\u00e7\u00e3o\"],\"inLanguage\":\"pt-BR\",\"potentialAction\":[{\"@type\":\"CommentAction\",\"name\":\"Comment\",\"target\":[\"https:\\\/\\\/redenoticiaz.com.br\\\/ribeiraopreto-regiao\\\/sp\\\/2022\\\/07\\\/22\\\/polo-barretos-da-uab-se-destaca-como-preferencia-no-ensino-a-distancia#respond\"]}]},{\"@type\":\"WebPage\",\"@id\":\"https:\\\/\\\/redenoticiaz.com.br\\\/ribeiraopreto-regiao\\\/sp\\\/2022\\\/07\\\/22\\\/polo-barretos-da-uab-se-destaca-como-preferencia-no-ensino-a-distancia\",\"url\":\"https:\\\/\\\/redenoticiaz.com.br\\\/ribeiraopreto-regiao\\\/sp\\\/2022\\\/07\\\/22\\\/polo-barretos-da-uab-se-destaca-como-preferencia-no-ensino-a-distancia\",\"name\":\"Polo Barretos da UAB se destaca como prefer\u00eancia no ensino \u00e0 dist\u00e2ncia - Ribeir\u00e3o Preto e Regi\u00e3o\",\"isPartOf\":{\"@id\":\"https:\\\/\\\/redenoticiaz.com.br\\\/ribeiraopreto-regiao\\\/#website\"},\"primaryImageOfPage\":{\"@id\":\"https:\\\/\\\/redenoticiaz.com.br\\\/ribeiraopreto-regiao\\\/sp\\\/2022\\\/07\\\/22\\\/polo-barretos-da-uab-se-destaca-como-preferencia-no-ensino-a-distancia#primaryimage\"},\"image\":{\"@id\":\"https:\\\/\\\/redenoticiaz.com.br\\\/ribeiraopreto-regiao\\\/sp\\\/2022\\\/07\\\/22\\\/polo-barretos-da-uab-se-destaca-como-preferencia-no-ensino-a-distancia#primaryimage\"},\"thumbnailUrl\":\"https:\\\/\\\/redenoticiaz.com.br\\\/ribeiraopreto-regiao\\\/wp-content\\\/uploads\\\/sites\\\/4\\\/2022\\\/07\\\/polo-uab-2.jpeg\",\"datePublished\":\"2022-07-22T19:58:32+00:00\",\"dateModified\":\"2022-07-22T19:59:53+00:00\",\"description\":\"O Polo Barretos da Universidade Aberta do Brasil, recebeu o pr\u00eamio de consagra\u00e7\u00e3o p\u00fablica da Associa\u00e7\u00e3o Comercial e Industrial de Barretos.\",\"inLanguage\":\"pt-BR\",\"potentialAction\":[{\"@type\":\"ReadAction\",\"target\":[\"https:\\\/\\\/redenoticiaz.com.br\\\/ribeiraopreto-regiao\\\/sp\\\/2022\\\/07\\\/22\\\/polo-barretos-da-uab-se-destaca-como-preferencia-no-ensino-a-distancia\"]}]},{\"@type\":\"ImageObject\",\"inLanguage\":\"pt-BR\",\"@id\":\"https:\\\/\\\/redenoticiaz.com.br\\\/ribeiraopreto-regiao\\\/sp\\\/2022\\\/07\\\/22\\\/polo-barretos-da-uab-se-destaca-como-preferencia-no-ensino-a-distancia#primaryimage\",\"url\":\"https:\\\/\\\/redenoticiaz.com.br\\\/ribeiraopreto-regiao\\\/wp-content\\\/uploads\\\/sites\\\/4\\\/2022\\\/07\\\/polo-uab-2.jpeg\",\"contentUrl\":\"https:\\\/\\\/redenoticiaz.com.br\\\/ribeiraopreto-regiao\\\/wp-content\\\/uploads\\\/sites\\\/4\\\/2022\\\/07\\\/polo-uab-2.jpeg\",\"width\":1600,\"height\":900,\"caption\":\"Prefer\u00eancia no ensino \u00e0 dist\u00e2ncia. Cr\u00e9dito: Divulga\u00e7\u00e3o\"},{\"@type\":\"WebSite\",\"@id\":\"https:\\\/\\\/redenoticiaz.com.br\\\/ribeiraopreto-regiao\\\/#website\",\"url\":\"https:\\\/\\\/redenoticiaz.com.br\\\/ribeiraopreto-regiao\\\/\",\"name\":\"Ribeir\u00e3o Preto e Regi\u00e3o\",\"description\":\"Rede NoticiaZ - Ribeir\u00e3o Preto e regi\u00e3o\",\"publisher\":{\"@id\":\"https:\\\/\\\/redenoticiaz.com.br\\\/ribeiraopreto-regiao\\\/#organization\"},\"potentialAction\":[{\"@type\":\"SearchAction\",\"target\":{\"@type\":\"EntryPoint\",\"urlTemplate\":\"https:\\\/\\\/redenoticiaz.com.br\\\/ribeiraopreto-regiao\\\/?s={search_term_string}\"},\"query-input\":{\"@type\":\"PropertyValueSpecification\",\"valueRequired\":true,\"valueName\":\"search_term_string\"}}],\"inLanguage\":\"pt-BR\"},{\"@type\":\"Organization\",\"@id\":\"https:\\\/\\\/redenoticiaz.com.br\\\/ribeiraopreto-regiao\\\/#organization\",\"name\":\"Ribeir\u00e3o Preto e Regi\u00e3o\",\"url\":\"https:\\\/\\\/redenoticiaz.com.br\\\/ribeiraopreto-regiao\\\/\",\"logo\":{\"@type\":\"ImageObject\",\"inLanguage\":\"pt-BR\",\"@id\":\"https:\\\/\\\/redenoticiaz.com.br\\\/ribeiraopreto-regiao\\\/#\\\/schema\\\/logo\\\/image\\\/\",\"url\":\"https:\\\/\\\/redenoticiaz.com.br\\\/barretos-regiao\\\/wp-content\\\/uploads\\\/sites\\\/4\\\/2022\\\/02\\\/logo.jpg\",\"contentUrl\":\"https:\\\/\\\/redenoticiaz.com.br\\\/barretos-regiao\\\/wp-content\\\/uploads\\\/sites\\\/4\\\/2022\\\/02\\\/logo.jpg\",\"width\":400,\"height\":250,\"caption\":\"Ribeir\u00e3o Preto e Regi\u00e3o\"},\"image\":{\"@id\":\"https:\\\/\\\/redenoticiaz.com.br\\\/ribeiraopreto-regiao\\\/#\\\/schema\\\/logo\\\/image\\\/\"},\"sameAs\":[\"https:\\\/\\\/m.facebook.com\\\/redenoticiaz.barretos\",\"https:\\\/\\\/x.com\\\/RN_barretos\",\"https:\\\/\\\/www.instagram.com\\\/redenoticiaz.barretos\\\/?igshid=YmMyMTA2M2Y\",\"https:\\\/\\\/www.linkedin.com\\\/company\\\/rede-noticiaz-barretos-e-regio\\\/\"]},{\"@type\":\"Person\",\"@id\":\"\",\"url\":\"https:\\\/\\\/redenoticiaz.com.br\\\/ribeiraopreto-regiao\\\/sp\\\/author\"}]}<\/script>\n<!-- \/ Yoast SEO plugin. -->","yoast_head_json":{"title":"Polo Barretos da UAB se destaca como prefer\u00eancia no ensino \u00e0 dist\u00e2ncia - Ribeir\u00e3o Preto e Regi\u00e3o","description":"O Polo Barretos da Universidade Aberta do Brasil, recebeu o pr\u00eamio de consagra\u00e7\u00e3o p\u00fablica da Associa\u00e7\u00e3o Comercial e Industrial de Barretos.","robots":{"index":"index","follow":"follow","max-snippet":"max-snippet:-1","max-image-preview":"max-image-preview:large","max-video-preview":"max-video-preview:-1"},"canonical":"https:\/\/redenoticiaz.com.br\/ribeiraopreto-regiao\/sp\/2022\/07\/22\/polo-barretos-da-uab-se-destaca-como-preferencia-no-ensino-a-distancia","og_locale":"pt_BR","og_type":"article","og_title":"Polo Barretos da UAB se destaca como prefer\u00eancia no ensino \u00e0 dist\u00e2ncia - Ribeir\u00e3o Preto e Regi\u00e3o","og_description":"O Polo Barretos da Universidade Aberta do Brasil, recebeu o pr\u00eamio de consagra\u00e7\u00e3o p\u00fablica da Associa\u00e7\u00e3o Comercial e Industrial de Barretos.","og_url":"https:\/\/redenoticiaz.com.br\/ribeiraopreto-regiao\/sp\/2022\/07\/22\/polo-barretos-da-uab-se-destaca-como-preferencia-no-ensino-a-distancia","og_site_name":"Ribeir\u00e3o Preto e Regi\u00e3o","article_publisher":"https:\/\/m.facebook.com\/redenoticiaz.barretos","article_published_time":"2022-07-22T19:58:32+00:00","article_modified_time":"2022-07-22T19:59:53+00:00","og_image":[{"width":1600,"height":900,"url":"https:\/\/redenoticiaz.com.br\/ribeiraopreto-regiao\/wp-content\/uploads\/sites\/4\/2022\/07\/polo-uab-2.jpeg","type":"image\/jpeg"}],"twitter_card":"summary_large_image","twitter_creator":"@RN_barretos","twitter_site":"@RN_barretos","twitter_misc":{"Escrito por":"","Est. tempo de leitura":"2 minutos"},"schema":{"@context":"https:\/\/schema.org","@graph":[{"@type":"Article","@id":"https:\/\/redenoticiaz.com.br\/ribeiraopreto-regiao\/sp\/2022\/07\/22\/polo-barretos-da-uab-se-destaca-como-preferencia-no-ensino-a-distancia#article","isPartOf":{"@id":"https:\/\/redenoticiaz.com.br\/ribeiraopreto-regiao\/sp\/2022\/07\/22\/polo-barretos-da-uab-se-destaca-como-preferencia-no-ensino-a-distancia"},"author":{"name":"","@id":""},"headline":"Polo Barretos da UAB se destaca como prefer\u00eancia no ensino \u00e0 dist\u00e2ncia","datePublished":"2022-07-22T19:58:32+00:00","dateModified":"2022-07-22T19:59:53+00:00","mainEntityOfPage":{"@id":"https:\/\/redenoticiaz.com.br\/ribeiraopreto-regiao\/sp\/2022\/07\/22\/polo-barretos-da-uab-se-destaca-como-preferencia-no-ensino-a-distancia"},"wordCount":350,"commentCount":0,"publisher":{"@id":"https:\/\/redenoticiaz.com.br\/ribeiraopreto-regiao\/#organization"},"image":{"@id":"https:\/\/redenoticiaz.com.br\/ribeiraopreto-regiao\/sp\/2022\/07\/22\/polo-barretos-da-uab-se-destaca-como-preferencia-no-ensino-a-distancia#primaryimage"},"thumbnailUrl":"https:\/\/redenoticiaz.com.br\/ribeiraopreto-regiao\/wp-content\/uploads\/sites\/4\/2022\/07\/polo-uab-2.jpeg","keywords":["ASSOCIA\u00c7\u00c3O COMERCIAL E INDUSTRIAL","ENSINO A DIST\u00c2NCIA","pesquisa","POPULARIDADE","PREFER\u00caNCIA","PR\u00caMIO"],"articleSection":["Educa\u00e7\u00e3o"],"inLanguage":"pt-BR","potentialAction":[{"@type":"CommentAction","name":"Comment","target":["https:\/\/redenoticiaz.com.br\/ribeiraopreto-regiao\/sp\/2022\/07\/22\/polo-barretos-da-uab-se-destaca-como-preferencia-no-ensino-a-distancia#respond"]}]},{"@type":"WebPage","@id":"https:\/\/redenoticiaz.com.br\/ribeiraopreto-regiao\/sp\/2022\/07\/22\/polo-barretos-da-uab-se-destaca-como-preferencia-no-ensino-a-distancia","url":"https:\/\/redenoticiaz.com.br\/ribeiraopreto-regiao\/sp\/2022\/07\/22\/polo-barretos-da-uab-se-destaca-como-preferencia-no-ensino-a-distancia","name":"Polo Barretos da UAB se destaca como prefer\u00eancia no ensino \u00e0 dist\u00e2ncia - Ribeir\u00e3o Preto e Regi\u00e3o","isPartOf":{"@id":"https:\/\/redenoticiaz.com.br\/ribeiraopreto-regiao\/#website"},"primaryImageOfPage":{"@id":"https:\/\/redenoticiaz.com.br\/ribeiraopreto-regiao\/sp\/2022\/07\/22\/polo-barretos-da-uab-se-destaca-como-preferencia-no-ensino-a-distancia#primaryimage"},"image":{"@id":"https:\/\/redenoticiaz.com.br\/ribeiraopreto-regiao\/sp\/2022\/07\/22\/polo-barretos-da-uab-se-destaca-como-preferencia-no-ensino-a-distancia#primaryimage"},"thumbnailUrl":"https:\/\/redenoticiaz.com.br\/ribeiraopreto-regiao\/wp-content\/uploads\/sites\/4\/2022\/07\/polo-uab-2.jpeg","datePublished":"2022-07-22T19:58:32+00:00","dateModified":"2022-07-22T19:59:53+00:00","description":"O Polo Barretos da Universidade Aberta do Brasil, recebeu o pr\u00eamio de consagra\u00e7\u00e3o p\u00fablica da Associa\u00e7\u00e3o Comercial e Industrial de Barretos.","inLanguage":"pt-BR","potentialAction":[{"@type":"ReadAction","target":["https:\/\/redenoticiaz.com.br\/ribeiraopreto-regiao\/sp\/2022\/07\/22\/polo-barretos-da-uab-se-destaca-como-preferencia-no-ensino-a-distancia"]}]},{"@type":"ImageObject","inLanguage":"pt-BR","@id":"https:\/\/redenoticiaz.com.br\/ribeiraopreto-regiao\/sp\/2022\/07\/22\/polo-barretos-da-uab-se-destaca-como-preferencia-no-ensino-a-distancia#primaryimage","url":"https:\/\/redenoticiaz.com.br\/ribeiraopreto-regiao\/wp-content\/uploads\/sites\/4\/2022\/07\/polo-uab-2.jpeg","contentUrl":"https:\/\/redenoticiaz.com.br\/ribeiraopreto-regiao\/wp-content\/uploads\/sites\/4\/2022\/07\/polo-uab-2.jpeg","width":1600,"height":900,"caption":"Prefer\u00eancia no ensino \u00e0 dist\u00e2ncia. Cr\u00e9dito: Divulga\u00e7\u00e3o"},{"@type":"WebSite","@id":"https:\/\/redenoticiaz.com.br\/ribeiraopreto-regiao\/#website","url":"https:\/\/redenoticiaz.com.br\/ribeiraopreto-regiao\/","name":"Ribeir\u00e3o Preto e Regi\u00e3o","description":"Rede NoticiaZ - Ribeir\u00e3o Preto e regi\u00e3o","publisher":{"@id":"https:\/\/redenoticiaz.com.br\/ribeiraopreto-regiao\/#organization"},"potentialAction":[{"@type":"SearchAction","target":{"@type":"EntryPoint","urlTemplate":"https:\/\/redenoticiaz.com.br\/ribeiraopreto-regiao\/?s={search_term_string}"},"query-input":{"@type":"PropertyValueSpecification","valueRequired":true,"valueName":"search_term_string"}}],"inLanguage":"pt-BR"},{"@type":"Organization","@id":"https:\/\/redenoticiaz.com.br\/ribeiraopreto-regiao\/#organization","name":"Ribeir\u00e3o Preto e Regi\u00e3o","url":"https:\/\/redenoticiaz.com.br\/ribeiraopreto-regiao\/","logo":{"@type":"ImageObject","inLanguage":"pt-BR","@id":"https:\/\/redenoticiaz.com.br\/ribeiraopreto-regiao\/#\/schema\/logo\/image\/","url":"https:\/\/redenoticiaz.com.br\/barretos-regiao\/wp-content\/uploads\/sites\/4\/2022\/02\/logo.jpg","contentUrl":"https:\/\/redenoticiaz.com.br\/barretos-regiao\/wp-content\/uploads\/sites\/4\/2022\/02\/logo.jpg","width":400,"height":250,"caption":"Ribeir\u00e3o Preto e Regi\u00e3o"},"image":{"@id":"https:\/\/redenoticiaz.com.br\/ribeiraopreto-regiao\/#\/schema\/logo\/image\/"},"sameAs":["https:\/\/m.facebook.com\/redenoticiaz.barretos","https:\/\/x.com\/RN_barretos","https:\/\/www.instagram.com\/redenoticiaz.barretos\/?igshid=YmMyMTA2M2Y","https:\/\/www.linkedin.com\/company\/rede-noticiaz-barretos-e-regio\/"]},{"@type":"Person","@id":"","url":"https:\/\/redenoticiaz.com.br\/ribeiraopreto-regiao\/sp\/author"}]}},"_links":{"self":[{"href":"https:\/\/redenoticiaz.com.br\/ribeiraopreto-regiao\/wp-json\/wp\/v2\/posts\/88625","targetHints":{"allow":["GET"]}}],"collection":[{"href":"https:\/\/redenoticiaz.com.br\/ribeiraopreto-regiao\/wp-json\/wp\/v2\/posts"}],"about":[{"href":"https:\/\/redenoticiaz.com.br\/ribeiraopreto-regiao\/wp-json\/wp\/v2\/types\/post"}],"author":[{"embeddable":true,"href":"https:\/\/redenoticiaz.com.br\/ribeiraopreto-regiao\/wp-json\/wp\/v2\/users\/15"}],"replies":[{"embeddable":true,"href":"https:\/\/redenoticiaz.com.br\/ribeiraopreto-regiao\/wp-json\/wp\/v2\/comments?post=88625"}],"version-history":[{"count":2,"href":"https:\/\/redenoticiaz.com.br\/ribeiraopreto-regiao\/wp-json\/wp\/v2\/posts\/88625\/revisions"}],"predecessor-version":[{"id":88628,"href":"https:\/\/redenoticiaz.com.br\/ribeiraopreto-regiao\/wp-json\/wp\/v2\/posts\/88625\/revisions\/88628"}],"wp:featuredmedia":[{"embeddable":true,"href":"https:\/\/redenoticiaz.com.br\/ribeiraopreto-regiao\/wp-json\/wp\/v2\/media\/88626"}],"wp:attachment":[{"href":"https:\/\/redenoticiaz.com.br\/ribeiraopreto-regiao\/wp-json\/wp\/v2\/media?parent=88625"}],"wp:term":[{"taxonomy":"category","embeddable":true,"href":"https:\/\/redenoticiaz.com.br\/ribeiraopreto-regiao\/wp-json\/wp\/v2\/categories?post=88625"},{"taxonomy":"post_tag","embeddable":true,"href":"https:\/\/redenoticiaz.com.br\/ribeiraopreto-regiao\/wp-json\/wp\/v2\/tags?post=88625"}],"curies":[{"name":"wp","href":"https:\/\/api.w.org\/{rel}","templated":true}]}}